{"id":17757,"date":"2022-11-08T16:28:22","date_gmt":"2022-11-08T15:28:22","guid":{"rendered":"https:\/\/www.werbewoche.ch\/?p=189583"},"modified":"2024-11-20T11:08:17","modified_gmt":"2024-11-20T10:08:17","slug":"emmi-vermarktet-neu-sbrinz","status":"publish","type":"post","link":"https:\/\/www.organisator.ch\/de\/marketing\/2022-11-08\/emmi-vermarktet-neu-sbrinz\/","title":{"rendered":"Emmi vermarktet neu Sbrinz"},"content":{"rendered":"<figure id=\"attachment_189585\" class=\"wp-caption aligncenter\" style=\"width: 1200px\" aria-describedby=\"caption-attachment-189585\"><img class=\"aligncenter wp-image-189585 size-full\" src=\"https:\/\/www.werbewoche.ch\/wp-content\/uploads\/2022\/11\/Sbrinz-_-St.-Karli-Keller-Luzern-2-22-screenshot.jpg\" alt=\"Sbrinz Emmi Kooperation\" width=\"1200\" height=\"675\" \/>\r\n<figcaption id=\"caption-attachment-189585\" class=\"wp-caption-text\">(Screenshot: Youtube.com \/ Sbrinz AOP)<\/figcaption>\r\n<\/figure>\r\n<p>Die ausserordentliche Gesellschafterversammlung, die zu je einem Drittel aus Vertretern der H\u00e4ndler, der K\u00e4ser und der Milchproduzenten besteht, stimmte am Montag einstimmig und ohne Enthaltungen der Vereinbarung zu, wie Sbrinz am Dienstag mitteilte. Es w\u00fcrden somit alle Beteiligten am selben Strick ziehen, erkl\u00e4rte Stefan Heller, Gesch\u00e4ftsf\u00fchrer der Sortenorganisation, gegen\u00fcber der Nachrichtenagentur Keystone-SDA.<\/p>\r\n<p>Ziel der Zusammenarbeit mit Emmi sei es, der Sorte Sbrinz AOP auf dem K\u00e4semarkt Geh\u00f6r zu verschaffen, sagte Heller. Erreicht werden solle dies mit einem einheitlichen Erscheinungsbild, das die Wiedererkennbarkeit st\u00e4rke.<\/p>\r\n<p>Die Sortenorganisation hat bislang zwar das Marketing f\u00fcr Sbrinz gemacht, selbst aber keinen K\u00e4se verkauft, ein Konstrukt, das gem\u00e4ss Heller nicht optimal ist. Mit der Abgabe des Marketing und der Kommunikation an Emmi r\u00fccken die Marktbearbeitung und der Verkauf zusammen.<\/p>\r\n<h3>Mehr Sbrinz produzieren und verkaufen<\/h3>\r\n<p>Mit der Zusammenarbeit mit Emmi strebt die Sortenorganisation an, dass mehr Sbrinz AOP produziert und verkauft werden kann. Die heutige j\u00e4hrliche Produktion von 1600 Tonnen solle innerhalb von zehn Jahren um 500 Tonnen erh\u00f6ht werden. Dann seien die 25 Sbrinzk\u00e4sereien gut ausgelastet, sagte Heller.<\/p>\r\n<p>Obwohl Sbrinz AOP eine der bekanntesten Schweizer K\u00e4sesorten ist, liegt ihr Anteil an der einheimischen K\u00e4seproduktion bei unter 1 Prozent. Zudem wird der Sbrinz stark von italienischem \u00abPasta-K\u00e4se\u00bb konkurrenziert, wie Heller weiter ausf\u00fchrte. Von diesem wird ein Mehrfaches der Sbrinz-Produktion von Italien in die Schweiz eingef\u00fchrt.<\/p>\r\n<p>Emmi war bereits bislang ein wichtiger Partner von Sbrinz AOP. Rund vier von f\u00fcnf Laibe werden \u00fcber den Luzerner Milchverarbeiter gehandelt. Die beiden anderen Sbrinz-H\u00e4ndler, der Affineur und Exporteur Lustenberger &amp; D\u00fcrst aus Cham ZG und Intercheese aus Berom\u00fcnster LU, werden durch die Zusammenarbeit von Sbrinz und Emmi gem\u00e4ss Heller aber nicht benachteiligt. Sie k\u00f6nnten ebenfalls auf die Marketingmittel zugreifen, sagte er.<\/p>\r\n<p>Das neue Vermarktungsregime f\u00fcr Sbrinz tritt am 1. Januar 2023 in Kraft. Die Sortenorganisation Sbrinz agiere weiterhin als Eigent\u00fcmerin der Marke Sbrinz AOP und bleibe zust\u00e4ndig f\u00fcr die administrative Fortsetzung der Gesch\u00e4ftsstelle in Sursee LU, hiess es in der Mitteilung. <em>(SDA)<\/em><\/p>","protected":false},"excerpt":{"rendered":"<p>Die ausserordentliche Gesellschafterversammlung, die zu je einem Drittel aus Vertretern der H\u00e4ndler, der K\u00e4ser und der Milchproduzenten besteht, stimmte am Montag einstimmig und ohne Enthaltungen der Vereinbarung zu, wie Sbrinz am Dienstag mitteilte. Es w\u00fcrden somit alle Beteiligten am selben Strick ziehen, erkl\u00e4rte Stefan Heller, Gesch\u00e4ftsf\u00fchrer der Sortenorganisation, gegen\u00fcber der Nachrichtenagentur Keystone-SDA. Ziel der Zusammenarbeit [\u2026]<\/p>\n","protected":false},"author":8,"featured_media":0,"comment_status":"closed","ping_status":"closed","sticky":false,"template":"","format":"standard","meta":{"_acf_changed":false,"_yoast_wpseo_focuskw":"Sbrinz Emmi Kooperation","_yoast_wpseo_metadesc":"Sbrinz AOP kooperiert mit Emmi zur St\u00e4rkung der Marke. Ziel: Mehr Produktion und Verkauf von Sbrinz-K\u00e4se.","articlekey":"","footnotes":""},"categories":[29],"tags":[3498,3499],"class_list":["post-17757","post","type-post","status-publish","format-standard","hentry","category-marketing","tag-emmi","tag-kaese"],"acf":[],"yoast_head":"<!-- This site is optimized with the Yoast SEO plugin v27.5 - https:\/\/yoast.com\/product\/yoast-seo-wordpress\/ -->\n<title>Emmi vermarktet neu Sbrinz - Organisator<\/title>\n<meta name=\"description\" content=\"Sbrinz AOP kooperiert mit Emmi zur St\u00e4rkung der Marke. Ziel: Mehr Produktion und Verkauf von Sbrinz-K\u00e4se.\" \/>\n<meta name=\"robots\" content=\"index, follow, max-snippet:-1, max-image-preview:large, max-video-preview:-1\" \/>\n<link rel=\"canonical\" href=\"https:\/\/www.organisator.ch\/de\/marketing\/2022-11-08\/emmi-vermarktet-neu-sbrinz\/\" \/>\n<meta property=\"og:locale\" content=\"de_DE\" \/>\n<meta property=\"og:type\" content=\"article\" \/>\n<meta property=\"og:title\" content=\"Emmi vermarktet neu Sbrinz - Organisator\" \/>\n<meta property=\"og:description\" content=\"Sbrinz AOP kooperiert mit Emmi zur St\u00e4rkung der Marke. Ziel: Mehr Produktion und Verkauf von Sbrinz-K\u00e4se.\" \/>\n<meta property=\"og:url\" content=\"https:\/\/www.organisator.ch\/de\/marketing\/2022-11-08\/emmi-vermarktet-neu-sbrinz\/\" \/>\n<meta property=\"og:site_name\" content=\"Organisator\" \/>\n<meta property=\"article:publisher\" content=\"https:\/\/www.facebook.com\/OrganisatorFachmagazin\" \/>\n<meta property=\"article:published_time\" content=\"2022-11-08T15:28:22+00:00\" \/>\n<meta property=\"article:modified_time\" content=\"2024-11-20T10:08:17+00:00\" \/>\n<meta name=\"author\" content=\"galledia\" \/>\n<meta name=\"twitter:card\" content=\"summary_large_image\" \/>\n<meta name=\"twitter:creator\" content=\"@admin\" \/>\n<script type=\"application\/ld+json\" class=\"yoast-schema-graph\">{\"@context\":\"https:\\\/\\\/schema.org\",\"@graph\":[{\"@type\":\"Article\",\"@id\":\"https:\\\/\\\/www.organisator.ch\\\/marketing\\\/2022-11-08\\\/emmi-vermarktet-neu-sbrinz\\\/#article\",\"isPartOf\":{\"@id\":\"https:\\\/\\\/www.organisator.ch\\\/marketing\\\/2022-11-08\\\/emmi-vermarktet-neu-sbrinz\\\/\"},\"author\":{\"name\":\"galledia\",\"@id\":\"https:\\\/\\\/www.organisator.ch\\\/#\\\/schema\\\/person\\\/4e51799071cd2dd1232ac003643ef5f0\"},\"headline\":\"Emmi vermarktet neu Sbrinz\",\"datePublished\":\"2022-11-08T15:28:22+00:00\",\"dateModified\":\"2024-11-20T10:08:17+00:00\",\"mainEntityOfPage\":{\"@id\":\"https:\\\/\\\/www.organisator.ch\\\/marketing\\\/2022-11-08\\\/emmi-vermarktet-neu-sbrinz\\\/\"},\"wordCount\":357,\"publisher\":{\"@id\":\"https:\\\/\\\/www.organisator.ch\\\/#organization\"},\"image\":{\"@id\":\"https:\\\/\\\/www.organisator.ch\\\/marketing\\\/2022-11-08\\\/emmi-vermarktet-neu-sbrinz\\\/#primaryimage\"},\"thumbnailUrl\":\"https:\\\/\\\/www.werbewoche.ch\\\/wp-content\\\/uploads\\\/2022\\\/11\\\/Sbrinz-_-St.-Karli-Keller-Luzern-2-22-screenshot.jpg\",\"keywords\":[\"Emmi\",\"K\u00e4se\"],\"articleSection\":[\"MARKETING\"],\"inLanguage\":\"de\"},{\"@type\":\"WebPage\",\"@id\":\"https:\\\/\\\/www.organisator.ch\\\/marketing\\\/2022-11-08\\\/emmi-vermarktet-neu-sbrinz\\\/\",\"url\":\"https:\\\/\\\/www.organisator.ch\\\/marketing\\\/2022-11-08\\\/emmi-vermarktet-neu-sbrinz\\\/\",\"name\":\"Emmi vermarktet neu Sbrinz - Organisator\",\"isPartOf\":{\"@id\":\"https:\\\/\\\/www.organisator.ch\\\/#website\"},\"primaryImageOfPage\":{\"@id\":\"https:\\\/\\\/www.organisator.ch\\\/marketing\\\/2022-11-08\\\/emmi-vermarktet-neu-sbrinz\\\/#primaryimage\"},\"image\":{\"@id\":\"https:\\\/\\\/www.organisator.ch\\\/marketing\\\/2022-11-08\\\/emmi-vermarktet-neu-sbrinz\\\/#primaryimage\"},\"thumbnailUrl\":\"https:\\\/\\\/www.werbewoche.ch\\\/wp-content\\\/uploads\\\/2022\\\/11\\\/Sbrinz-_-St.-Karli-Keller-Luzern-2-22-screenshot.jpg\",\"datePublished\":\"2022-11-08T15:28:22+00:00\",\"dateModified\":\"2024-11-20T10:08:17+00:00\",\"description\":\"Sbrinz AOP kooperiert mit Emmi zur St\u00e4rkung der Marke. Ziel: Mehr Produktion und Verkauf von Sbrinz-K\u00e4se.\",\"breadcrumb\":{\"@id\":\"https:\\\/\\\/www.organisator.ch\\\/marketing\\\/2022-11-08\\\/emmi-vermarktet-neu-sbrinz\\\/#breadcrumb\"},\"inLanguage\":\"de\",\"potentialAction\":[{\"@type\":\"ReadAction\",\"target\":[\"https:\\\/\\\/www.organisator.ch\\\/marketing\\\/2022-11-08\\\/emmi-vermarktet-neu-sbrinz\\\/\"]}]},{\"@type\":\"ImageObject\",\"inLanguage\":\"de\",\"@id\":\"https:\\\/\\\/www.organisator.ch\\\/marketing\\\/2022-11-08\\\/emmi-vermarktet-neu-sbrinz\\\/#primaryimage\",\"url\":\"https:\\\/\\\/www.werbewoche.ch\\\/wp-content\\\/uploads\\\/2022\\\/11\\\/Sbrinz-_-St.-Karli-Keller-Luzern-2-22-screenshot.jpg\",\"contentUrl\":\"https:\\\/\\\/www.werbewoche.ch\\\/wp-content\\\/uploads\\\/2022\\\/11\\\/Sbrinz-_-St.-Karli-Keller-Luzern-2-22-screenshot.jpg\"},{\"@type\":\"BreadcrumbList\",\"@id\":\"https:\\\/\\\/www.organisator.ch\\\/marketing\\\/2022-11-08\\\/emmi-vermarktet-neu-sbrinz\\\/#breadcrumb\",\"itemListElement\":[{\"@type\":\"ListItem\",\"position\":1,\"name\":\"Home\",\"item\":\"https:\\\/\\\/www.organisator.ch\\\/\"},{\"@type\":\"ListItem\",\"position\":2,\"name\":\"Emmi vermarktet neu Sbrinz\"}]},{\"@type\":\"WebSite\",\"@id\":\"https:\\\/\\\/www.organisator.ch\\\/#website\",\"url\":\"https:\\\/\\\/www.organisator.ch\\\/\",\"name\":\"Organisator\",\"description\":\"Kompetent. Praxisnah. Der ORGANISATOR bereitet in 10 Ausgaben pro Jahr die wesentlichen Themen f\u00fcr F\u00fchrungskr\u00e4fte von KMU auf.\",\"publisher\":{\"@id\":\"https:\\\/\\\/www.organisator.ch\\\/#organization\"},\"potentialAction\":[{\"@type\":\"SearchAction\",\"target\":{\"@type\":\"EntryPoint\",\"urlTemplate\":\"https:\\\/\\\/www.organisator.ch\\\/?s={search_term_string}\"},\"query-input\":{\"@type\":\"PropertyValueSpecification\",\"valueRequired\":true,\"valueName\":\"search_term_string\"}}],\"inLanguage\":\"de\"},{\"@type\":\"Organization\",\"@id\":\"https:\\\/\\\/www.organisator.ch\\\/#organization\",\"name\":\"Organisator\",\"url\":\"https:\\\/\\\/www.organisator.ch\\\/\",\"logo\":{\"@type\":\"ImageObject\",\"inLanguage\":\"de\",\"@id\":\"https:\\\/\\\/www.organisator.ch\\\/#\\\/schema\\\/logo\\\/image\\\/\",\"url\":\"https:\\\/\\\/www.organisator.ch\\\/wp-content\\\/uploads\\\/2022\\\/01\\\/Logo_Organisator_Website.png\",\"contentUrl\":\"https:\\\/\\\/www.organisator.ch\\\/wp-content\\\/uploads\\\/2022\\\/01\\\/Logo_Organisator_Website.png\",\"width\":800,\"height\":77,\"caption\":\"Organisator\"},\"image\":{\"@id\":\"https:\\\/\\\/www.organisator.ch\\\/#\\\/schema\\\/logo\\\/image\\\/\"},\"sameAs\":[\"https:\\\/\\\/www.facebook.com\\\/OrganisatorFachmagazin\",\"https:\\\/\\\/www.linkedin.com\\\/showcase\\\/organisator-das-magazin-fr-kmu\",\"https:\\\/\\\/www.xing.com\\\/news\\\/pages\\\/organisator-ch-695\",\"https:\\\/\\\/www.youtube.com\\\/channel\\\/UCGP2Sq0iWaZwT3BdIAQFYpw\"]},{\"@type\":\"Person\",\"@id\":\"https:\\\/\\\/www.organisator.ch\\\/#\\\/schema\\\/person\\\/4e51799071cd2dd1232ac003643ef5f0\",\"name\":\"galledia\",\"image\":{\"@type\":\"ImageObject\",\"inLanguage\":\"de\",\"@id\":\"https:\\\/\\\/secure.gravatar.com\\\/avatar\\\/78a7f90c01fc2bfc875782a0d4922b37cde2cf184ce347b91316d23cd7f69a36?s=96&d=mm&r=g\",\"url\":\"https:\\\/\\\/secure.gravatar.com\\\/avatar\\\/78a7f90c01fc2bfc875782a0d4922b37cde2cf184ce347b91316d23cd7f69a36?s=96&d=mm&r=g\",\"contentUrl\":\"https:\\\/\\\/secure.gravatar.com\\\/avatar\\\/78a7f90c01fc2bfc875782a0d4922b37cde2cf184ce347b91316d23cd7f69a36?s=96&d=mm&r=g\",\"caption\":\"galledia\"},\"sameAs\":[\"https:\\\/\\\/x.com\\\/admin\"],\"url\":\"https:\\\/\\\/www.organisator.ch\\\/de\\\/author\\\/galledia\\\/\"}]}<\/script>\n<!-- \/ Yoast SEO plugin. -->","yoast_head_json":{"title":"Emmi vermarktet neu Sbrinz - Organisator","description":"Sbrinz AOP kooperiert mit Emmi zur St\u00e4rkung der Marke. Ziel: Mehr Produktion und Verkauf von Sbrinz-K\u00e4se.","robots":{"index":"index","follow":"follow","max-snippet":"max-snippet:-1","max-image-preview":"max-image-preview:large","max-video-preview":"max-video-preview:-1"},"canonical":"https:\/\/www.organisator.ch\/de\/marketing\/2022-11-08\/emmi-vermarktet-neu-sbrinz\/","og_locale":"de_DE","og_type":"article","og_title":"Emmi vermarktet neu Sbrinz - Organisator","og_description":"Sbrinz AOP kooperiert mit Emmi zur St\u00e4rkung der Marke. Ziel: Mehr Produktion und Verkauf von Sbrinz-K\u00e4se.","og_url":"https:\/\/www.organisator.ch\/de\/marketing\/2022-11-08\/emmi-vermarktet-neu-sbrinz\/","og_site_name":"Organisator","article_publisher":"https:\/\/www.facebook.com\/OrganisatorFachmagazin","article_published_time":"2022-11-08T15:28:22+00:00","article_modified_time":"2024-11-20T10:08:17+00:00","author":"galledia","twitter_card":"summary_large_image","twitter_creator":"@admin","schema":{"@context":"https:\/\/schema.org","@graph":[{"@type":"Article","@id":"https:\/\/www.organisator.ch\/marketing\/2022-11-08\/emmi-vermarktet-neu-sbrinz\/#article","isPartOf":{"@id":"https:\/\/www.organisator.ch\/marketing\/2022-11-08\/emmi-vermarktet-neu-sbrinz\/"},"author":{"name":"galledia","@id":"https:\/\/www.organisator.ch\/#\/schema\/person\/4e51799071cd2dd1232ac003643ef5f0"},"headline":"Emmi vermarktet neu Sbrinz","datePublished":"2022-11-08T15:28:22+00:00","dateModified":"2024-11-20T10:08:17+00:00","mainEntityOfPage":{"@id":"https:\/\/www.organisator.ch\/marketing\/2022-11-08\/emmi-vermarktet-neu-sbrinz\/"},"wordCount":357,"publisher":{"@id":"https:\/\/www.organisator.ch\/#organization"},"image":{"@id":"https:\/\/www.organisator.ch\/marketing\/2022-11-08\/emmi-vermarktet-neu-sbrinz\/#primaryimage"},"thumbnailUrl":"https:\/\/www.werbewoche.ch\/wp-content\/uploads\/2022\/11\/Sbrinz-_-St.-Karli-Keller-Luzern-2-22-screenshot.jpg","keywords":["Emmi","K\u00e4se"],"articleSection":["MARKETING"],"inLanguage":"de"},{"@type":"WebPage","@id":"https:\/\/www.organisator.ch\/marketing\/2022-11-08\/emmi-vermarktet-neu-sbrinz\/","url":"https:\/\/www.organisator.ch\/marketing\/2022-11-08\/emmi-vermarktet-neu-sbrinz\/","name":"Emmi vermarktet neu Sbrinz - Organisator","isPartOf":{"@id":"https:\/\/www.organisator.ch\/#website"},"primaryImageOfPage":{"@id":"https:\/\/www.organisator.ch\/marketing\/2022-11-08\/emmi-vermarktet-neu-sbrinz\/#primaryimage"},"image":{"@id":"https:\/\/www.organisator.ch\/marketing\/2022-11-08\/emmi-vermarktet-neu-sbrinz\/#primaryimage"},"thumbnailUrl":"https:\/\/www.werbewoche.ch\/wp-content\/uploads\/2022\/11\/Sbrinz-_-St.-Karli-Keller-Luzern-2-22-screenshot.jpg","datePublished":"2022-11-08T15:28:22+00:00","dateModified":"2024-11-20T10:08:17+00:00","description":"Sbrinz AOP kooperiert mit Emmi zur St\u00e4rkung der Marke. Ziel: Mehr Produktion und Verkauf von Sbrinz-K\u00e4se.","breadcrumb":{"@id":"https:\/\/www.organisator.ch\/marketing\/2022-11-08\/emmi-vermarktet-neu-sbrinz\/#breadcrumb"},"inLanguage":"de","potentialAction":[{"@type":"ReadAction","target":["https:\/\/www.organisator.ch\/marketing\/2022-11-08\/emmi-vermarktet-neu-sbrinz\/"]}]},{"@type":"ImageObject","inLanguage":"de","@id":"https:\/\/www.organisator.ch\/marketing\/2022-11-08\/emmi-vermarktet-neu-sbrinz\/#primaryimage","url":"https:\/\/www.werbewoche.ch\/wp-content\/uploads\/2022\/11\/Sbrinz-_-St.-Karli-Keller-Luzern-2-22-screenshot.jpg","contentUrl":"https:\/\/www.werbewoche.ch\/wp-content\/uploads\/2022\/11\/Sbrinz-_-St.-Karli-Keller-Luzern-2-22-screenshot.jpg"},{"@type":"BreadcrumbList","@id":"https:\/\/www.organisator.ch\/marketing\/2022-11-08\/emmi-vermarktet-neu-sbrinz\/#breadcrumb","itemListElement":[{"@type":"ListItem","position":1,"name":"Home","item":"https:\/\/www.organisator.ch\/"},{"@type":"ListItem","position":2,"name":"Emmi vermarktet neu Sbrinz"}]},{"@type":"WebSite","@id":"https:\/\/www.organisator.ch\/#website","url":"https:\/\/www.organisator.ch\/","name":"Organisator","description":"Kompetent. Praxisnah. Der ORGANISATOR bereitet in 10 Ausgaben pro Jahr die wesentlichen Themen f\u00fcr F\u00fchrungskr\u00e4fte von KMU auf.","publisher":{"@id":"https:\/\/www.organisator.ch\/#organization"},"potentialAction":[{"@type":"SearchAction","target":{"@type":"EntryPoint","urlTemplate":"https:\/\/www.organisator.ch\/?s={search_term_string}"},"query-input":{"@type":"PropertyValueSpecification","valueRequired":true,"valueName":"search_term_string"}}],"inLanguage":"de"},{"@type":"Organization","@id":"https:\/\/www.organisator.ch\/#organization","name":"Organisator","url":"https:\/\/www.organisator.ch\/","logo":{"@type":"ImageObject","inLanguage":"de","@id":"https:\/\/www.organisator.ch\/#\/schema\/logo\/image\/","url":"https:\/\/www.organisator.ch\/wp-content\/uploads\/2022\/01\/Logo_Organisator_Website.png","contentUrl":"https:\/\/www.organisator.ch\/wp-content\/uploads\/2022\/01\/Logo_Organisator_Website.png","width":800,"height":77,"caption":"Organisator"},"image":{"@id":"https:\/\/www.organisator.ch\/#\/schema\/logo\/image\/"},"sameAs":["https:\/\/www.facebook.com\/OrganisatorFachmagazin","https:\/\/www.linkedin.com\/showcase\/organisator-das-magazin-fr-kmu","https:\/\/www.xing.com\/news\/pages\/organisator-ch-695","https:\/\/www.youtube.com\/channel\/UCGP2Sq0iWaZwT3BdIAQFYpw"]},{"@type":"Person","@id":"https:\/\/www.organisator.ch\/#\/schema\/person\/4e51799071cd2dd1232ac003643ef5f0","name":"galledia","image":{"@type":"ImageObject","inLanguage":"de","@id":"https:\/\/secure.gravatar.com\/avatar\/78a7f90c01fc2bfc875782a0d4922b37cde2cf184ce347b91316d23cd7f69a36?s=96&d=mm&r=g","url":"https:\/\/secure.gravatar.com\/avatar\/78a7f90c01fc2bfc875782a0d4922b37cde2cf184ce347b91316d23cd7f69a36?s=96&d=mm&r=g","contentUrl":"https:\/\/secure.gravatar.com\/avatar\/78a7f90c01fc2bfc875782a0d4922b37cde2cf184ce347b91316d23cd7f69a36?s=96&d=mm&r=g","caption":"galledia"},"sameAs":["https:\/\/x.com\/admin"],"url":"https:\/\/www.organisator.ch\/de\/author\/galledia\/"}]}},"_links":{"self":[{"href":"https:\/\/www.organisator.ch\/de\/wp-json\/wp\/v2\/posts\/17757","targetHints":{"allow":["GET"]}}],"collection":[{"href":"https:\/\/www.organisator.ch\/de\/wp-json\/wp\/v2\/posts"}],"about":[{"href":"https:\/\/www.organisator.ch\/de\/wp-json\/wp\/v2\/types\/post"}],"author":[{"embeddable":true,"href":"https:\/\/www.organisator.ch\/de\/wp-json\/wp\/v2\/users\/8"}],"replies":[{"embeddable":true,"href":"https:\/\/www.organisator.ch\/de\/wp-json\/wp\/v2\/comments?post=17757"}],"version-history":[{"count":3,"href":"https:\/\/www.organisator.ch\/de\/wp-json\/wp\/v2\/posts\/17757\/revisions"}],"predecessor-version":[{"id":33648,"href":"https:\/\/www.organisator.ch\/de\/wp-json\/wp\/v2\/posts\/17757\/revisions\/33648"}],"wp:attachment":[{"href":"https:\/\/www.organisator.ch\/de\/wp-json\/wp\/v2\/media?parent=17757"}],"wp:term":[{"taxonomy":"category","embeddable":true,"href":"https:\/\/www.organisator.ch\/de\/wp-json\/wp\/v2\/categories?post=17757"},{"taxonomy":"post_tag","embeddable":true,"href":"https:\/\/www.organisator.ch\/de\/wp-json\/wp\/v2\/tags?post=17757"}],"curies":[{"name":"wp","href":"https:\/\/api.w.org\/{rel}","templated":true}]}}