{"id":17775,"date":"2022-11-10T08:20:00","date_gmt":"2022-11-10T07:20:00","guid":{"rendered":"https:\/\/www.organisator.ch\/?p=17775"},"modified":"2022-11-18T09:29:09","modified_gmt":"2022-11-18T08:29:09","slug":"ausnahmezustand-im-schweizer-aussenhandel","status":"publish","type":"post","link":"https:\/\/www.organisator.ch\/de\/management\/2022-11-10\/ausnahmezustand-im-schweizer-aussenhandel\/","title":{"rendered":"Ausnahmezustand im Schweizer Aussenhandel"},"content":{"rendered":"<figure id=\"attachment_17776\" aria-describedby=\"caption-attachment-17776\" style=\"width: 680px\" class=\"wp-caption alignnone\"><img loading=\"lazy\" decoding=\"async\" class=\"size-full wp-image-17776\" src=\"https:\/\/www.organisator.ch\/wp-content\/uploads\/2022\/11\/Ausnahmezustand-im-Schweizer-Aussenhandel-1_Organisator.jpg\" alt=\"\" width=\"680\" height=\"377\" srcset=\"https:\/\/www.organisator.ch\/wp-content\/uploads\/2022\/11\/Ausnahmezustand-im-Schweizer-Aussenhandel-1_Organisator.jpg 680w, https:\/\/www.organisator.ch\/wp-content\/uploads\/2022\/11\/Ausnahmezustand-im-Schweizer-Aussenhandel-1_Organisator-18x10.jpg 18w, https:\/\/www.organisator.ch\/wp-content\/uploads\/2022\/11\/Ausnahmezustand-im-Schweizer-Aussenhandel-1_Organisator-316x175.jpg 316w, https:\/\/www.organisator.ch\/wp-content\/uploads\/2022\/11\/Ausnahmezustand-im-Schweizer-Aussenhandel-1_Organisator-631x350.jpg 631w, https:\/\/www.organisator.ch\/wp-content\/uploads\/2022\/11\/Ausnahmezustand-im-Schweizer-Aussenhandel-1_Organisator-300x166.jpg 300w\" sizes=\"auto, (max-width: 680px) 100vw, 680px\" \/><figcaption id=\"caption-attachment-17776\" class=\"wp-caption-text\">Der Schweizer Aussenhandel befindet sich quasi in einem dauernden Ausnahmezustand. Doch viele Handelsunternehmen sind dank Agilit\u00e4t erfolgreich unterwegs. (Symbolbild; Pixabay.com)<\/figcaption><\/figure>\n<p>Schweizer H\u00e4ndler sind im Krisensog: So in etwa lassen sich die Ergebnisse einer aktuellen Umfrage des Dachverbands Handel Schweiz unter seinen 33 Mitgliedsverb\u00e4nden zusammenfassen. In der Tat stehe der weltweite Handel auf dem Pr\u00fcfstand, heisst es dazu in einer Mitteilung des Verbands:\u00a0Ukraine-Krieg, Covid-Strategie der Chinesen, Sanktionen im russischen Wirtschaftsraum, die Bestrebungen der USA, die technologische Abh\u00e4ngigkeit von China zu reduzieren, die geplante weitere Digitalisierung der chinesischen Wirtschaft und Gesellschaft sowie der Aufbau neuer Energie-Infrastrukturen in Europa \u2013 all diese Entwicklungen w\u00fcrden parallel die Transformation des globalen Handels vorantreiben. Rudolf O. Schmid, seit Juni 2022 Pr\u00e4sident von Handel Schweiz, betonte am Mediengespr\u00e4ch des Dachverbands des Schweizer Handels: \u00abDie Schweiz und ihre H\u00e4ndler sind aufgefordert, sich in den ver\u00e4nderten Handelsstrukturen zu bewegen und anzupassen. Als kleines Land profitiert die Schweiz vom grossen Vorteil, den Abschottungen nur teilweise zu unterliegen.\u00bb Das zeigen auch die aktuellen Zahlen. F\u00fcr das dritte Quartal 2022 stiegen die Exporte insgesamt um 1,3 Prozent. So wurden 4,9 Prozent mehr Uhren exportiert. W\u00e4hrend im Export nach Europa ein Minus von 4,4 Prozent verzeichnet wurde, stieg jener nach China um 19,3 Prozent. Auch die Prognosen lassen die Schweizer H\u00e4ndler hoffen. Die Konjunkturforschungsstelle der ETH Z\u00fcrich erwartet f\u00fcr das Jahr 2022 eine Steigerung des BIP um 2,3 Prozent sowie eine sinkende Inflation ab Mitte 2023; diese sollte bis zum Jahresende 2023 nur noch bei 2 Prozent liegen. Kaspar Engeli, Direktor von Handel Schweiz, erkl\u00e4rte die trotz \u00abAusnahmezustand\u00bb relativ stabile Lage im Schweizer Aussenhandel: \u00abDer Krisenmodus ist f\u00fcr viele im globalen Handel t\u00e4tigen Firmen bis zu einem gewissen Grad der Normalfall.\u00bb<\/p>\n<h3><strong>Umfrage unter 33 Mitgliederverb\u00e4nden im Handel<\/strong><\/h3>\n<p>Die Umfrageergebnisse zeigen, dass in den vergangenen Monaten die H\u00e4lfte der Handelsbranchen den Umsatz im Aussenhandel um bis zu 50 Prozent erh\u00f6hen konnte. Knapp ein Drittel beklagt einen Einbruch von bis zu 20 Prozent. Die durch den Ukraine-Krieg, steigende Rohstoffpreise und m\u00f6gliche Energieengp\u00e4sse ausgel\u00f6sten Krisen wirkten sich unterschiedlich stark auf den Aussenhandel aus. 93 Prozent der Handelsbranchen waren mit den Auswirkungen der h\u00f6heren Rohstoffpreise konfrontiert. Der Ukraine-Krieg und die zuk\u00fcnftigen Energieengp\u00e4sse ver\u00e4ndern den Aussenhandel jeweils in 77 Prozent der Firmen. Knapp ein Drittel der H\u00e4ndler spart bereits Energie ein oder baut alternative Energiel\u00f6sungen auf. Die drei Krisenbereiche f\u00fchren vor allem zu Mehraufwand in den Handelsfirmen und zu Problemen auf den Lieferketten. Dem wirken die H\u00e4ndler nach wie vor mit gr\u00f6sseren Lagern entgegen, was den Liquidit\u00e4tsbedarf in der ohnehin kapitalintensiven Handelsbranche weiter erh\u00f6ht.<\/p>\n<figure id=\"attachment_17777\" aria-describedby=\"caption-attachment-17777\" style=\"width: 680px\" class=\"wp-caption alignnone\"><img loading=\"lazy\" decoding=\"async\" class=\"size-full wp-image-17777\" src=\"https:\/\/www.organisator.ch\/wp-content\/uploads\/2022\/11\/Ausnahmezustand-im-Schweizer-Aussenhandel-2_Organisator.jpg\" alt=\"\" width=\"680\" height=\"238\" srcset=\"https:\/\/www.organisator.ch\/wp-content\/uploads\/2022\/11\/Ausnahmezustand-im-Schweizer-Aussenhandel-2_Organisator.jpg 680w, https:\/\/www.organisator.ch\/wp-content\/uploads\/2022\/11\/Ausnahmezustand-im-Schweizer-Aussenhandel-2_Organisator-18x6.jpg 18w, https:\/\/www.organisator.ch\/wp-content\/uploads\/2022\/11\/Ausnahmezustand-im-Schweizer-Aussenhandel-2_Organisator-375x131.jpg 375w, https:\/\/www.organisator.ch\/wp-content\/uploads\/2022\/11\/Ausnahmezustand-im-Schweizer-Aussenhandel-2_Organisator-300x105.jpg 300w\" sizes=\"auto, (max-width: 680px) 100vw, 680px\" \/><figcaption id=\"caption-attachment-17777\" class=\"wp-caption-text\">Trotz Ausnahmezustand im weltweiten Handel sind Schweizer Handelsunternehmen recht gut unterwegs. (Grafik: Handel Schweiz)<\/figcaption><\/figure>\n<figure id=\"attachment_17778\" aria-describedby=\"caption-attachment-17778\" style=\"width: 680px\" class=\"wp-caption alignnone\"><img loading=\"lazy\" decoding=\"async\" class=\"size-full wp-image-17778\" src=\"https:\/\/www.organisator.ch\/wp-content\/uploads\/2022\/11\/Ausnahmezustand-im-Schweizer-Aussenhandel-3_Organisator.jpg\" alt=\"\" width=\"680\" height=\"425\" srcset=\"https:\/\/www.organisator.ch\/wp-content\/uploads\/2022\/11\/Ausnahmezustand-im-Schweizer-Aussenhandel-3_Organisator.jpg 680w, https:\/\/www.organisator.ch\/wp-content\/uploads\/2022\/11\/Ausnahmezustand-im-Schweizer-Aussenhandel-3_Organisator-18x12.jpg 18w, https:\/\/www.organisator.ch\/wp-content\/uploads\/2022\/11\/Ausnahmezustand-im-Schweizer-Aussenhandel-3_Organisator-280x175.jpg 280w, https:\/\/www.organisator.ch\/wp-content\/uploads\/2022\/11\/Ausnahmezustand-im-Schweizer-Aussenhandel-3_Organisator-560x350.jpg 560w, https:\/\/www.organisator.ch\/wp-content\/uploads\/2022\/11\/Ausnahmezustand-im-Schweizer-Aussenhandel-3_Organisator-300x188.jpg 300w\" sizes=\"auto, (max-width: 680px) 100vw, 680px\" \/><figcaption id=\"caption-attachment-17778\" class=\"wp-caption-text\">Als weitere Herausforderung kommt die Energieknappheit hinzu. (Grafik: Handel Schweiz)<\/figcaption><\/figure>\n<h3><strong>Mehrere Rollen im weltweiten Handel<\/strong><\/h3>\n<p>Der dauernde Ausnahmezustand zwingt H\u00e4ndler zu Agilit\u00e4t. Dies weiss auch Hans Christian von der Crone. Der Inhaber und CEO der 10-k\u00f6pfigen Nimex AG in Adliswil ist ein Vollbluth\u00e4ndler mit globalem Netzwerk. Er erkl\u00e4rt die Robustheit des krisenerprobten Schweizer Handels auch mit den eingespielten Strukturen: \u00abIm Handel sind sehr viele inhabergef\u00fchrte Familienunternehmen unterwegs. Sie geben die Erfahrungen von Generation zu Generation weiter. Langj\u00e4hrige Kontakte zu Handelspartnern in aller Welt sind ein zweiter Erfolgsfaktor, der auch in unsicheren Zeiten zu mehr Resilienz verhilft. Nimex tauscht sich st\u00e4ndig global aus. So finden wir neue Produkte und landen immer wieder echte Verkaufshits. Was gleich bleibt, ist eine gewisse Vorsicht. Schweizer H\u00e4ndler k\u00f6nnen im Ausland nicht mit Gr\u00f6sse trumpfen. Aber wir sind bekannt daf\u00fcr, dass wir uns in die Mentalit\u00e4t des anderen hineinf\u00fchlen k\u00f6nnen und einen respektvollen Umgang pflegen.\u00bb Zu den Kerngesch\u00e4ften von Nimex z\u00e4hlen Uhren und Schmuck sowie Spielzeug. In den beiden Kerngesch\u00e4ften ist Nimex insgesamt weltweit mit \u00fcber 100 Partnern in Kontakt. Die Modeuhren sowie der Schmuck werden an mehreren Orten produziert wie in Thailand, Taiwan oder China. Traditionelle Spielzeuge wie Autos, Puppen und Zubeh\u00f6r, Sammelartikel und Pl\u00fcsch machen rund 70 Prozent des Spielwaren-Sortiments aus. Hier kommen rund 70 Prozent der Waren aus China. Nimex stellt auch selbst Produkte her bzw. l\u00e4sst sie produzieren; sei es in Europa wie zum Beispiel in Portugal oder in Fernost. So lanciert das Unternehmen seit Jahren Swiss Made-Uhren mit lokalen Produzenten. Die Swiss Made-Uhren werden dann zu 95 Prozent weltweit verkauft. Die Preise liegen im Bereich von CHF 150 bis 500. Der Inhaber von Nimex erkl\u00e4rt: \u00abUnsere Uhren stehen, wenn Swiss Made, f\u00fcr Schweizer Qualit\u00e4t, doch sind sie trotzdem \u2018Massenprodukte\u2019. Sehr viele Menschen in zahlreichen L\u00e4ndern sind stolz, sie sich leisten zu k\u00f6nnen.\u00bb Zudem besitzt Nimex Lizenzen f\u00fcr Merchandising-Produkte. Eines der prominentesten ist die inzwischen 90-j\u00e4hrige Marke Globi. Globi oder zum Beispiel die Disney-Prinzessinnenpuppe sind Dauerbrenner, die seit Jahren gut verkauft werden. Angesichts des Wechsels in den M\u00e4rkten, den knappen Rohstoffen und der Energiekrise plant Nimex heute noch vorausschauender. Bestellt wird fr\u00fcher. Die geopolitischen Ver\u00e4nderungen haben bei Nimex zu keinen Umsatzeinbussen gef\u00fchrt. Die h\u00f6heren Transportkosten vor allem bei den gr\u00f6sseren Produkten wie Trampoline schlagen zu Buche. Beim Schmuck sind die Mehrkosten unerheblich. Bei z.B. 10&#8217;000 Pl\u00fcschtieren in 20 Containern k\u00f6nnen die Mehrkosten mit minimen bis gar keinen Preiserh\u00f6hungen aufgefangen werden.<\/p>\n<h3><strong>Sitz in Hongkong, Produktion in China, Europalager in Grossbritannien<\/strong><\/h3>\n<p>Einer der langj\u00e4hrigen Handelspartner von Nimex ist Herald Holdings mit Sitz in Hongkong. Das Unternehmen wurde Mitte der 1950er Jahre durch die Familie des heutigen Verwaltungsratspr\u00e4sidenten Robert Dorfman und einer zweiten Familie aus Hongkong-China gegr\u00fcndet. Dorfman war am Online-Mediengespr\u00e4ch aus Hongkong zugeschaltet, Er erl\u00e4uterte das Zusammenspiel der beiden Familien: \u00abWir bringen westliche Management- und Marketingtechniken mit, und sie ein grosses Wissen \u00fcber China und die Produktionsbasis.\u00bb F\u00fcr den gr\u00f6ssten Kunden, den US-amerikanischen Spielwarenhersteller Hasbro werden Actionfiguren wie Star Wars und Avengers produziert. W\u00e4hrend Herald zu Beginn in Hongkong produzierte, wurde in den 1980er Jahren die Herstellung in das kosteng\u00fcnstigere China verlagert, zun\u00e4chst \u00fcber Subunternehmen, sp\u00e4ter in eigene Fabriken. Obwohl China l\u00e4ngst nicht mehr das g\u00fcnstigste Land ist, kommt f\u00fcr Herald die Abwanderung nach Indonesien, Indien oder Vietnam nicht in Frage, wie Robert Dorfman erl\u00e4uterte: \u00abDie N\u00e4he zu Hongkong sowie die kulturelle und sprachliche N\u00e4he machen es m\u00f6glich, Fabriken in China einigermassen gut zu betreiben. Ein fast unbegrenztes Angebot an Arbeitskr\u00e4ften, leicht verf\u00fcgbares Land und die vielleicht beste Infrastruktur aller Produktionsl\u00e4nder der Welt verschafft China einen grossen Vorteil. Herald hat die Verlagerung der Produktion gepr\u00fcft, doch sich f\u00fcr den Verbleib in China und die m\u00f6glichst grosse Automatisierung des Herstellungsprozesses entschieden.\u00bb Der Handel mit europ\u00e4ischen Partnern l\u00e4uft \u00fcber eine Tochtergesellschaft in Grossbritannien, die auch ein grosses Lager unterh\u00e4lt. So kann zum Beispiel Nimex AG kurzfristig Waren liefern lassen.<\/p>\n<p>Die Herausforderungen von Herald \u00e4hneln jenen der Schweizer H\u00e4ndler: gest\u00f6rte Lieferketten, steigende Kosten f\u00fcr Rohstoffe und der Mangel an Chips. Entspannung zeigt sich beim Strommangel. Zudem hat Herald das Lager an Rohstoffen und Waren ausgebaut, was dank der gesunden Finanzlage m\u00f6glich ist, trotz der nun l\u00e4ngeren Zahlungsfristen. Der Verwaltungsratspr\u00e4sident der Herald Holdings stellt fest: \u00abDie Welt ist im Moment einfach ein Chaos; Beziehungen sind \u00fcberall br\u00fcchig. Auch wenn das politische Geschrei zwischen den L\u00e4ndern immer lauter wird, geht der Handel weiter. Der Handel ist eine Notwendigkeit.\u00bb Nachhaltigkeit ist der Unternehmensgruppe wichtig. Man setzt auf recycelbare Rohstoffe, sei es Kunststoff oder Metall. Viel Arbeit wurde in umweltfreundliche Verpackungen investiert. Robert Dorfman betont: \u00abWir sind ein verantwortungsvoller Hersteller und sorgen f\u00fcr faire Arbeitsbedingungen, was zum Beispiel Bel\u00fcftung, Unterk\u00fcnfte und Essen angeht. W\u00e4ren wir nicht diese Art von Unternehmen, k\u00f6nnten wir einfach nicht mehr im Gesch\u00e4ft sein.\u00bb<\/p>\n<h3><strong>80 Prozent der Neukunden kennen sich mit Freihandelsabkommen nicht aus<\/strong><\/h3>\n<p>In der Nord-Transport AG aus Arlesheim k\u00fcmmern \u00a0sich 35 Mitarbeitende um Transporte innerhalb von Europa und nach \u00dcbersee sowie um Zoll und Logistik. Pro Jahr werden bis zu 25\u2019000 Auftr\u00e4ge abgewickelt. Dabei geht es zum Beispiel um Spielwaren, Sportartikel wie Trampoline oder Tretroller, aber auch um Steine, Marmor f\u00fcr Bankengeb\u00e4ude, Holzplatten f\u00fcr Tische \u2013 das ganze Spektrum an Handelswaren. Mit Nimex AG arbeitet Nord-Transport AG seit bald 30 Jahren zusammen. Pascal Felten ist Gesch\u00e4ftsleitungsmitglied von Nord-Transport und erkl\u00e4rt: \u00abNimex ist f\u00fcr mich ein Beispiel f\u00fcr einen Kunden, der mittel- und langfristig plant und vorausschauend zusammenarbeitet.\u00bb<\/p>\n<p>Freihandelsabkommen sind f\u00fcr Handelsunternehmen ein \u00ababsoluter Enabler\u00bb, weiss Pascal Felten aus t\u00e4glicher Erfahrung. F\u00fcr Nord-Transport sind sie ein administrativer Vorteil, denn die Zollprozesse werden vereinfacht. Zudem sind sie ein Marketing-Instrument. Pascal Felten: \u00abAnhand der Seco-Statistiken sehen wir, dass immer noch bis zu CHF 400 Mio. f\u00fcr Z\u00f6lle auf Waren aus L\u00e4ndern mit Freihandelsabkommen erhoben wurden. Das liegt zum Teil an den komplizierten und st\u00e4ndig wechselnden Bestimmungen. Unsere Fachkr\u00e4fte sind speziell aus- und weitergebildet. Trotzdem brauchen sie eine gewisse Zeit, um sich in die formalen Anforderungen der Freihandelsabkommen einzuarbeiten. 80 Prozent unserer Neukunden \u2013 meistens KMU \u2013 kennen sich in den Freihandelsabkommen nicht aus. Hier k\u00f6nnen wir wertvolle Unterst\u00fctzung bieten.\u00bb F\u00fcr Nord-Transport bestimmen Probleme auf den Lieferketten den Alltag. Pascal Felten gibt Beispiele: \u00abDie Verz\u00f6gerungn werden durch Servicest\u00f6rungen in den Reederei-Liniendiensten ausgel\u00f6st. Bis Juni dieses Jahres ist nur eines von zehn Schiffen p\u00fcnktlich angekommen; die restlichen 90 Prozent hatten mindestens drei Tage Verz\u00f6gerung. Ein weiteres Problem sind die hohen Seefrachtraten, die sich zeitweise verzehnfacht hatten.\u00bb Beim Diesel oder anderen \u00f6lbasierten Betriebsmitteln betrifft die Energiekrise Nord-Transport direkt. Wenn immer m\u00f6glich, setzt die Firma auf erneuerbare Energien sowie langfristige Kooperationen mit Subunternehmen und sucht nicht nur den g\u00fcnstigsten Preis. Pascal Felten: \u00abWir arbeiten nach M\u00f6glichkeit mit Partnern zusammen, die auch alternative Treibstoffe bzw. Elektroantriebe und Wasserstoffantriebe einsetzen. Auf der Seite der Reedereien bevorzugen wir Partner, die ihre Flotte nachhaltig betreiben und zukunftsorientiert planen.\u00bb<\/p>\n<h3><strong>Weltweiter Handel mit Medizinaltechnik <\/strong><\/h3>\n<p>Jil Bachmann hat in diesem Jahr als beste Lernende bei 7S Medical International eine verk\u00fcrzte Lehre KV-Branche Handel abgeschlossen. F\u00fcr die Lehre hat sie sich nach dem Bachelor in Politikwissenschaften und Geographie entschieden, da sie sich nicht nur theoretisch, sondern auch praktisch mit dem Aussenhandel auseinandersetzen wollte. 7S Medical International ist ein Subunternehmen der St\u00f6ckli Group. und ein Medizinaltechnik-Unternehmen, welches sich auf die Orthop\u00e4die spezialisiert hat. Weltweit wird mit Implantaten wie Platten, Schrauben, N\u00e4geln und Knochenersatzprodukten gehandelt. Diese werden zusammen mit dem passenden Instrumentenset bei der Versorgung von Frakturen eingesetzt. Ein typisches Produkt ist Herakles \u2013 ein Oberschenkelhals-Nagel, der vom Lieferanten ausschlie\u00dflich f\u00fcr 7S produziert wird. Oberschenkelhalsfrakturen geh\u00f6ren weltweit zu den h\u00e4ufigsten Indikationen. Die von 7S vertriebenen Produkte werden unter anderem in China und Portugal hergestellt. Vom Standort der Hersteller gelangen sie in das zentrale Lager in Belgien. Die Bestellungen bei den Lieferanten und die Auslieferungen an die Kunden werden von der Schweiz aus in Oberkirch koordiniert. Jil Bachmann erkl\u00e4rt, warum das Lager in Belgien angesiedelt ist: \u00abEiner der Gr\u00fcnde ist, dass in Belgien weitaus weniger Medizinprodukte patentiert sind als in anderen Staaten der EU. Von Belgien aus liefern wir unsere Produkte zum Beispiel nach Ungarn, Serbien, Slowenien, Kroatien, Malaysia, Panama oder auch Saudi-Arabien.\u00bb In den vergangenen Jahren haben die stockenden oder zusammengebrochenen Lieferketten 7S immer wieder stark besch\u00e4ftigt. So brachte beispielsweise Stromknappheit in den Produktionsst\u00e4tten in China ganze Abl\u00e4ufe durcheinander. Kunden hatten f\u00fcr Auslieferungsverz\u00f6gerungen wenig bis kein Verst\u00e4ndnis. Denn die Spit\u00e4ler hatten Operationen geplant und waren auf die entsprechenden Produkte angewiesen. In den vergangenen Monaten kam es zudem zu Preiserh\u00f6hungen, die ab 2023 an die Kundschaft weitergegeben werden. Mit allen Distributoren hat 7S das direkte Gespr\u00e4ch gesucht und eine Vereinbarung treffen k\u00f6nnen.<\/p>\n<h3><strong>Produktion in der Schweiz, Export nach China<\/strong><\/h3>\n<p>Der 18-j\u00e4hrige Thomas Stjelja hat ebenfalls als einer der besten diesj\u00e4hrigen Lernenden die KV Lehre Branche Handel abgeschlossen. Sein Arbeitgeber ist die SFS Group in Heerbrugg, ein weltweit f\u00fchrender Anbieter von Pr\u00e4zisionsformteilen, mechanischen Befestigungssystemen, Qualit\u00e4tswerkzeugen sowie Logistiksystemen. Die Produkte erf\u00fcllen oft unsichtbar erfolgskritische Funktionen in technischen Ger\u00e4ten wie Autos, Smartphones oder Flugzeugen. W\u00e4hrend der Lehre gewann der angehende Betriebswirtschaftler auch einen Einblick in den Aussenhandel. So hat er im Export pers\u00f6nlich miterlebt, was unterbrochene Lieferketten im Alltag bedeuten. Er erkl\u00e4rt: \u00abWir exportieren von unseren Schweizer Produktionsstandorten aus rund 70 Prozent in europ\u00e4ische L\u00e4nder. Nach China liefern wir zum Beispiel die weltweit kleinsten gewindefurchenden Miniaturschrauben f\u00fcr H\u00f6rger\u00e4te mit einem Durchmesser von 0,5 mm. W\u00e4hrend der Covid-Pandemie kamen wegen des geschlossenen Hafens in Shanghai und diversen Lockdowns in China unsere Schrauben nicht rechtzeitig an und konnten nicht ausgeliefert werden. Beim chinesischen Produzenten wurde die Produktion stark verz\u00f6gert, was zu versp\u00e4teten Auslieferungen an die Endverbraucher f\u00fchrte. Zeitweise standen die Maschinen still; dies bei mehreren Kunden.\u00bb<\/p>\n<p><em>Quelle: <a href=\"http:\/\/www.handel-schweiz.com\">Handel Schweiz<\/a><\/em><\/p>\n","protected":false},"excerpt":{"rendered":"<p>Schweizer H\u00e4ndler sind im Krisensog: So in etwa lassen sich die Ergebnisse einer aktuellen Umfrage des Dachverbands Handel Schweiz unter seinen 33 Mitgliedsverb\u00e4nden zusammenfassen. In der Tat stehe der weltweite Handel auf dem Pr\u00fcfstand, heisst es dazu in einer Mitteilung des Verbands:\u00a0Ukraine-Krieg, Covid-Strategie der Chinesen, Sanktionen im russischen Wirtschaftsraum, die Bestrebungen der USA, die technologische [&hellip;]<\/p>\n","protected":false},"author":4,"featured_media":17776,"comment_status":"closed","ping_status":"closed","sticky":false,"template":"","format":"standard","meta":{"_acf_changed":false,"_yoast_wpseo_focuskw":"Ausnahmezustand","_yoast_wpseo_metadesc":"Ukraine-Krieg, steigende Rohstoffpreise und m\u00f6gliche Energieengp\u00e4sse \u2013 der Schweizer Aussenhandel befindet sich im Ausnahmezustand.","articlekey":"","footnotes":""},"categories":[28],"tags":[2722,503,531],"class_list":["post-17775","post","type-post","status-publish","format-standard","has-post-thumbnail","hentry","category-management","tag-aussenhandel","tag-verbaende","tag-wirtschaftspolitik"],"acf":[],"yoast_head":"<!-- This site is optimized with the Yoast SEO plugin v27.4 - https:\/\/yoast.com\/product\/yoast-seo-wordpress\/ -->\n<title>Ausnahmezustand im Schweizer Aussenhandel - Organisator<\/title>\n<meta name=\"description\" content=\"Ukraine-Krieg, steigende Rohstoffpreise und m\u00f6gliche Energieengp\u00e4sse \u2013 der Schweizer Aussenhandel befindet sich im Ausnahmezustand.\" \/>\n<meta name=\"robots\" content=\"index, follow, max-snippet:-1, max-image-preview:large, max-video-preview:-1\" \/>\n<link rel=\"canonical\" href=\"https:\/\/www.organisator.ch\/de\/management\/2022-11-10\/ausnahmezustand-im-schweizer-aussenhandel\/\" \/>\n<meta property=\"og:locale\" content=\"de_DE\" \/>\n<meta property=\"og:type\" content=\"article\" \/>\n<meta property=\"og:title\" content=\"Ausnahmezustand im Schweizer Aussenhandel\" \/>\n<meta property=\"og:description\" content=\"Ukraine-Krieg, steigende Rohstoffpreise und m\u00f6gliche Energieengp\u00e4sse \u2013 der Schweizer Aussenhandel befindet sich im Ausnahmezustand.\" \/>\n<meta property=\"og:url\" content=\"https:\/\/www.organisator.ch\/de\/management\/2022-11-10\/ausnahmezustand-im-schweizer-aussenhandel\/\" \/>\n<meta property=\"og:site_name\" content=\"Organisator\" \/>\n<meta property=\"article:publisher\" content=\"https:\/\/www.facebook.com\/OrganisatorFachmagazin\" \/>\n<meta property=\"article:published_time\" content=\"2022-11-10T07:20:00+00:00\" \/>\n<meta property=\"article:modified_time\" content=\"2022-11-18T08:29:09+00:00\" \/>\n<meta property=\"og:image\" content=\"https:\/\/www.organisator.ch\/wp-content\/uploads\/2022\/11\/Ausnahmezustand-im-Schweizer-Aussenhandel-1_Organisator.jpg\" \/>\n\t<meta property=\"og:image:width\" content=\"680\" \/>\n\t<meta property=\"og:image:height\" content=\"377\" \/>\n\t<meta property=\"og:image:type\" content=\"image\/jpeg\" \/>\n<meta name=\"author\" content=\"thomas.berner\" \/>\n<meta name=\"twitter:card\" content=\"summary_large_image\" \/>\n<meta name=\"twitter:title\" content=\"#Ausnahmezustand im Schweizer #Aussenhandel\" \/>\n<meta name=\"twitter:description\" content=\"#Ukraine-Krieg, steigende #Rohstoffpreise und m\u00f6gliche #Energieengp\u00e4sse \u2013 der Schweizer #Aussenhandel befindet sich im #Ausnahmezustand.\" \/>\n<meta name=\"twitter:image\" content=\"https:\/\/www.organisator.ch\/wp-content\/uploads\/2022\/11\/Ausnahmezustand-im-Schweizer-Aussenhandel-1_Organisator.jpg\" \/>\n<script type=\"application\/ld+json\" class=\"yoast-schema-graph\">{\"@context\":\"https:\\\/\\\/schema.org\",\"@graph\":[{\"@type\":\"Article\",\"@id\":\"https:\\\/\\\/www.organisator.ch\\\/management\\\/2022-11-10\\\/ausnahmezustand-im-schweizer-aussenhandel\\\/#article\",\"isPartOf\":{\"@id\":\"https:\\\/\\\/www.organisator.ch\\\/management\\\/2022-11-10\\\/ausnahmezustand-im-schweizer-aussenhandel\\\/\"},\"author\":{\"name\":\"thomas.berner\",\"@id\":\"https:\\\/\\\/www.organisator.ch\\\/#\\\/schema\\\/person\\\/6f650f90b2842cd4c0cc334b4e36f67e\"},\"headline\":\"Ausnahmezustand im Schweizer Aussenhandel\",\"datePublished\":\"2022-11-10T07:20:00+00:00\",\"dateModified\":\"2022-11-18T08:29:09+00:00\",\"mainEntityOfPage\":{\"@id\":\"https:\\\/\\\/www.organisator.ch\\\/management\\\/2022-11-10\\\/ausnahmezustand-im-schweizer-aussenhandel\\\/\"},\"wordCount\":2170,\"publisher\":{\"@id\":\"https:\\\/\\\/www.organisator.ch\\\/#organization\"},\"image\":{\"@id\":\"https:\\\/\\\/www.organisator.ch\\\/management\\\/2022-11-10\\\/ausnahmezustand-im-schweizer-aussenhandel\\\/#primaryimage\"},\"thumbnailUrl\":\"https:\\\/\\\/www.organisator.ch\\\/wp-content\\\/uploads\\\/2022\\\/11\\\/Ausnahmezustand-im-Schweizer-Aussenhandel-1_Organisator.jpg\",\"keywords\":[\"Aussenhandel\",\"Verb\u00e4nde\",\"Wirtschaftspolitik\"],\"articleSection\":[\"MANAGEMENT\"],\"inLanguage\":\"de\"},{\"@type\":\"WebPage\",\"@id\":\"https:\\\/\\\/www.organisator.ch\\\/management\\\/2022-11-10\\\/ausnahmezustand-im-schweizer-aussenhandel\\\/\",\"url\":\"https:\\\/\\\/www.organisator.ch\\\/management\\\/2022-11-10\\\/ausnahmezustand-im-schweizer-aussenhandel\\\/\",\"name\":\"Ausnahmezustand im Schweizer Aussenhandel - Organisator\",\"isPartOf\":{\"@id\":\"https:\\\/\\\/www.organisator.ch\\\/#website\"},\"primaryImageOfPage\":{\"@id\":\"https:\\\/\\\/www.organisator.ch\\\/management\\\/2022-11-10\\\/ausnahmezustand-im-schweizer-aussenhandel\\\/#primaryimage\"},\"image\":{\"@id\":\"https:\\\/\\\/www.organisator.ch\\\/management\\\/2022-11-10\\\/ausnahmezustand-im-schweizer-aussenhandel\\\/#primaryimage\"},\"thumbnailUrl\":\"https:\\\/\\\/www.organisator.ch\\\/wp-content\\\/uploads\\\/2022\\\/11\\\/Ausnahmezustand-im-Schweizer-Aussenhandel-1_Organisator.jpg\",\"datePublished\":\"2022-11-10T07:20:00+00:00\",\"dateModified\":\"2022-11-18T08:29:09+00:00\",\"description\":\"Ukraine-Krieg, steigende Rohstoffpreise und m\u00f6gliche Energieengp\u00e4sse \u2013 der Schweizer Aussenhandel befindet sich im Ausnahmezustand.\",\"breadcrumb\":{\"@id\":\"https:\\\/\\\/www.organisator.ch\\\/management\\\/2022-11-10\\\/ausnahmezustand-im-schweizer-aussenhandel\\\/#breadcrumb\"},\"inLanguage\":\"de\",\"potentialAction\":[{\"@type\":\"ReadAction\",\"target\":[\"https:\\\/\\\/www.organisator.ch\\\/management\\\/2022-11-10\\\/ausnahmezustand-im-schweizer-aussenhandel\\\/\"]}]},{\"@type\":\"ImageObject\",\"inLanguage\":\"de\",\"@id\":\"https:\\\/\\\/www.organisator.ch\\\/management\\\/2022-11-10\\\/ausnahmezustand-im-schweizer-aussenhandel\\\/#primaryimage\",\"url\":\"https:\\\/\\\/www.organisator.ch\\\/wp-content\\\/uploads\\\/2022\\\/11\\\/Ausnahmezustand-im-Schweizer-Aussenhandel-1_Organisator.jpg\",\"contentUrl\":\"https:\\\/\\\/www.organisator.ch\\\/wp-content\\\/uploads\\\/2022\\\/11\\\/Ausnahmezustand-im-Schweizer-Aussenhandel-1_Organisator.jpg\",\"width\":680,\"height\":377,\"caption\":\"Der Schweizer Aussenhandel befindet sich quasi in einem dauernden Ausnahmezustand. Doch viele Handelsunternehmen sind dank Agilit\u00e4t erfolgreich unterwegs. (Symbolbild; Pixabay.com)\"},{\"@type\":\"BreadcrumbList\",\"@id\":\"https:\\\/\\\/www.organisator.ch\\\/management\\\/2022-11-10\\\/ausnahmezustand-im-schweizer-aussenhandel\\\/#breadcrumb\",\"itemListElement\":[{\"@type\":\"ListItem\",\"position\":1,\"name\":\"Home\",\"item\":\"https:\\\/\\\/www.organisator.ch\\\/\"},{\"@type\":\"ListItem\",\"position\":2,\"name\":\"Ausnahmezustand im Schweizer Aussenhandel\"}]},{\"@type\":\"WebSite\",\"@id\":\"https:\\\/\\\/www.organisator.ch\\\/#website\",\"url\":\"https:\\\/\\\/www.organisator.ch\\\/\",\"name\":\"Organisator\",\"description\":\"Kompetent. Praxisnah. Der ORGANISATOR bereitet in 10 Ausgaben pro Jahr die wesentlichen Themen f\u00fcr F\u00fchrungskr\u00e4fte von KMU auf.\",\"publisher\":{\"@id\":\"https:\\\/\\\/www.organisator.ch\\\/#organization\"},\"potentialAction\":[{\"@type\":\"SearchAction\",\"target\":{\"@type\":\"EntryPoint\",\"urlTemplate\":\"https:\\\/\\\/www.organisator.ch\\\/?s={search_term_string}\"},\"query-input\":{\"@type\":\"PropertyValueSpecification\",\"valueRequired\":true,\"valueName\":\"search_term_string\"}}],\"inLanguage\":\"de\"},{\"@type\":\"Organization\",\"@id\":\"https:\\\/\\\/www.organisator.ch\\\/#organization\",\"name\":\"Organisator\",\"url\":\"https:\\\/\\\/www.organisator.ch\\\/\",\"logo\":{\"@type\":\"ImageObject\",\"inLanguage\":\"de\",\"@id\":\"https:\\\/\\\/www.organisator.ch\\\/#\\\/schema\\\/logo\\\/image\\\/\",\"url\":\"https:\\\/\\\/www.organisator.ch\\\/wp-content\\\/uploads\\\/2022\\\/01\\\/Logo_Organisator_Website.png\",\"contentUrl\":\"https:\\\/\\\/www.organisator.ch\\\/wp-content\\\/uploads\\\/2022\\\/01\\\/Logo_Organisator_Website.png\",\"width\":800,\"height\":77,\"caption\":\"Organisator\"},\"image\":{\"@id\":\"https:\\\/\\\/www.organisator.ch\\\/#\\\/schema\\\/logo\\\/image\\\/\"},\"sameAs\":[\"https:\\\/\\\/www.facebook.com\\\/OrganisatorFachmagazin\",\"https:\\\/\\\/www.linkedin.com\\\/showcase\\\/organisator-das-magazin-fr-kmu\",\"https:\\\/\\\/www.xing.com\\\/news\\\/pages\\\/organisator-ch-695\",\"https:\\\/\\\/www.youtube.com\\\/channel\\\/UCGP2Sq0iWaZwT3BdIAQFYpw\"]},{\"@type\":\"Person\",\"@id\":\"https:\\\/\\\/www.organisator.ch\\\/#\\\/schema\\\/person\\\/6f650f90b2842cd4c0cc334b4e36f67e\",\"name\":\"thomas.berner\",\"image\":{\"@type\":\"ImageObject\",\"inLanguage\":\"de\",\"@id\":\"https:\\\/\\\/secure.gravatar.com\\\/avatar\\\/ac5001d2a36cb6c6cd3e50789007ffca834b477b74a2144564522e944eabff61?s=96&d=mm&r=g\",\"url\":\"https:\\\/\\\/secure.gravatar.com\\\/avatar\\\/ac5001d2a36cb6c6cd3e50789007ffca834b477b74a2144564522e944eabff61?s=96&d=mm&r=g\",\"contentUrl\":\"https:\\\/\\\/secure.gravatar.com\\\/avatar\\\/ac5001d2a36cb6c6cd3e50789007ffca834b477b74a2144564522e944eabff61?s=96&d=mm&r=g\",\"caption\":\"thomas.berner\"},\"url\":\"https:\\\/\\\/www.organisator.ch\\\/de\\\/author\\\/thomas-berner\\\/\"}]}<\/script>\n<!-- \/ Yoast SEO plugin. -->","yoast_head_json":{"title":"Ausnahmezustand im Schweizer Aussenhandel - Organisator","description":"Ukraine-Krieg, steigende Rohstoffpreise und m\u00f6gliche Energieengp\u00e4sse \u2013 der Schweizer Aussenhandel befindet sich im Ausnahmezustand.","robots":{"index":"index","follow":"follow","max-snippet":"max-snippet:-1","max-image-preview":"max-image-preview:large","max-video-preview":"max-video-preview:-1"},"canonical":"https:\/\/www.organisator.ch\/de\/management\/2022-11-10\/ausnahmezustand-im-schweizer-aussenhandel\/","og_locale":"de_DE","og_type":"article","og_title":"Ausnahmezustand im Schweizer Aussenhandel","og_description":"Ukraine-Krieg, steigende Rohstoffpreise und m\u00f6gliche Energieengp\u00e4sse \u2013 der Schweizer Aussenhandel befindet sich im Ausnahmezustand.","og_url":"https:\/\/www.organisator.ch\/de\/management\/2022-11-10\/ausnahmezustand-im-schweizer-aussenhandel\/","og_site_name":"Organisator","article_publisher":"https:\/\/www.facebook.com\/OrganisatorFachmagazin","article_published_time":"2022-11-10T07:20:00+00:00","article_modified_time":"2022-11-18T08:29:09+00:00","og_image":[{"width":680,"height":377,"url":"https:\/\/www.organisator.ch\/wp-content\/uploads\/2022\/11\/Ausnahmezustand-im-Schweizer-Aussenhandel-1_Organisator.jpg","type":"image\/jpeg"}],"author":"thomas.berner","twitter_card":"summary_large_image","twitter_title":"#Ausnahmezustand im Schweizer #Aussenhandel","twitter_description":"#Ukraine-Krieg, steigende #Rohstoffpreise und m\u00f6gliche #Energieengp\u00e4sse \u2013 der Schweizer #Aussenhandel befindet sich im #Ausnahmezustand.","twitter_image":"https:\/\/www.organisator.ch\/wp-content\/uploads\/2022\/11\/Ausnahmezustand-im-Schweizer-Aussenhandel-1_Organisator.jpg","schema":{"@context":"https:\/\/schema.org","@graph":[{"@type":"Article","@id":"https:\/\/www.organisator.ch\/management\/2022-11-10\/ausnahmezustand-im-schweizer-aussenhandel\/#article","isPartOf":{"@id":"https:\/\/www.organisator.ch\/management\/2022-11-10\/ausnahmezustand-im-schweizer-aussenhandel\/"},"author":{"name":"thomas.berner","@id":"https:\/\/www.organisator.ch\/#\/schema\/person\/6f650f90b2842cd4c0cc334b4e36f67e"},"headline":"Ausnahmezustand im Schweizer Aussenhandel","datePublished":"2022-11-10T07:20:00+00:00","dateModified":"2022-11-18T08:29:09+00:00","mainEntityOfPage":{"@id":"https:\/\/www.organisator.ch\/management\/2022-11-10\/ausnahmezustand-im-schweizer-aussenhandel\/"},"wordCount":2170,"publisher":{"@id":"https:\/\/www.organisator.ch\/#organization"},"image":{"@id":"https:\/\/www.organisator.ch\/management\/2022-11-10\/ausnahmezustand-im-schweizer-aussenhandel\/#primaryimage"},"thumbnailUrl":"https:\/\/www.organisator.ch\/wp-content\/uploads\/2022\/11\/Ausnahmezustand-im-Schweizer-Aussenhandel-1_Organisator.jpg","keywords":["Aussenhandel","Verb\u00e4nde","Wirtschaftspolitik"],"articleSection":["MANAGEMENT"],"inLanguage":"de"},{"@type":"WebPage","@id":"https:\/\/www.organisator.ch\/management\/2022-11-10\/ausnahmezustand-im-schweizer-aussenhandel\/","url":"https:\/\/www.organisator.ch\/management\/2022-11-10\/ausnahmezustand-im-schweizer-aussenhandel\/","name":"Ausnahmezustand im Schweizer Aussenhandel - Organisator","isPartOf":{"@id":"https:\/\/www.organisator.ch\/#website"},"primaryImageOfPage":{"@id":"https:\/\/www.organisator.ch\/management\/2022-11-10\/ausnahmezustand-im-schweizer-aussenhandel\/#primaryimage"},"image":{"@id":"https:\/\/www.organisator.ch\/management\/2022-11-10\/ausnahmezustand-im-schweizer-aussenhandel\/#primaryimage"},"thumbnailUrl":"https:\/\/www.organisator.ch\/wp-content\/uploads\/2022\/11\/Ausnahmezustand-im-Schweizer-Aussenhandel-1_Organisator.jpg","datePublished":"2022-11-10T07:20:00+00:00","dateModified":"2022-11-18T08:29:09+00:00","description":"Ukraine-Krieg, steigende Rohstoffpreise und m\u00f6gliche Energieengp\u00e4sse \u2013 der Schweizer Aussenhandel befindet sich im Ausnahmezustand.","breadcrumb":{"@id":"https:\/\/www.organisator.ch\/management\/2022-11-10\/ausnahmezustand-im-schweizer-aussenhandel\/#breadcrumb"},"inLanguage":"de","potentialAction":[{"@type":"ReadAction","target":["https:\/\/www.organisator.ch\/management\/2022-11-10\/ausnahmezustand-im-schweizer-aussenhandel\/"]}]},{"@type":"ImageObject","inLanguage":"de","@id":"https:\/\/www.organisator.ch\/management\/2022-11-10\/ausnahmezustand-im-schweizer-aussenhandel\/#primaryimage","url":"https:\/\/www.organisator.ch\/wp-content\/uploads\/2022\/11\/Ausnahmezustand-im-Schweizer-Aussenhandel-1_Organisator.jpg","contentUrl":"https:\/\/www.organisator.ch\/wp-content\/uploads\/2022\/11\/Ausnahmezustand-im-Schweizer-Aussenhandel-1_Organisator.jpg","width":680,"height":377,"caption":"Der Schweizer Aussenhandel befindet sich quasi in einem dauernden Ausnahmezustand. Doch viele Handelsunternehmen sind dank Agilit\u00e4t erfolgreich unterwegs. (Symbolbild; Pixabay.com)"},{"@type":"BreadcrumbList","@id":"https:\/\/www.organisator.ch\/management\/2022-11-10\/ausnahmezustand-im-schweizer-aussenhandel\/#breadcrumb","itemListElement":[{"@type":"ListItem","position":1,"name":"Home","item":"https:\/\/www.organisator.ch\/"},{"@type":"ListItem","position":2,"name":"Ausnahmezustand im Schweizer Aussenhandel"}]},{"@type":"WebSite","@id":"https:\/\/www.organisator.ch\/#website","url":"https:\/\/www.organisator.ch\/","name":"Organisator","description":"Kompetent. Praxisnah. Der ORGANISATOR bereitet in 10 Ausgaben pro Jahr die wesentlichen Themen f\u00fcr F\u00fchrungskr\u00e4fte von KMU auf.","publisher":{"@id":"https:\/\/www.organisator.ch\/#organization"},"potentialAction":[{"@type":"SearchAction","target":{"@type":"EntryPoint","urlTemplate":"https:\/\/www.organisator.ch\/?s={search_term_string}"},"query-input":{"@type":"PropertyValueSpecification","valueRequired":true,"valueName":"search_term_string"}}],"inLanguage":"de"},{"@type":"Organization","@id":"https:\/\/www.organisator.ch\/#organization","name":"Organisator","url":"https:\/\/www.organisator.ch\/","logo":{"@type":"ImageObject","inLanguage":"de","@id":"https:\/\/www.organisator.ch\/#\/schema\/logo\/image\/","url":"https:\/\/www.organisator.ch\/wp-content\/uploads\/2022\/01\/Logo_Organisator_Website.png","contentUrl":"https:\/\/www.organisator.ch\/wp-content\/uploads\/2022\/01\/Logo_Organisator_Website.png","width":800,"height":77,"caption":"Organisator"},"image":{"@id":"https:\/\/www.organisator.ch\/#\/schema\/logo\/image\/"},"sameAs":["https:\/\/www.facebook.com\/OrganisatorFachmagazin","https:\/\/www.linkedin.com\/showcase\/organisator-das-magazin-fr-kmu","https:\/\/www.xing.com\/news\/pages\/organisator-ch-695","https:\/\/www.youtube.com\/channel\/UCGP2Sq0iWaZwT3BdIAQFYpw"]},{"@type":"Person","@id":"https:\/\/www.organisator.ch\/#\/schema\/person\/6f650f90b2842cd4c0cc334b4e36f67e","name":"thomas.berner","image":{"@type":"ImageObject","inLanguage":"de","@id":"https:\/\/secure.gravatar.com\/avatar\/ac5001d2a36cb6c6cd3e50789007ffca834b477b74a2144564522e944eabff61?s=96&d=mm&r=g","url":"https:\/\/secure.gravatar.com\/avatar\/ac5001d2a36cb6c6cd3e50789007ffca834b477b74a2144564522e944eabff61?s=96&d=mm&r=g","contentUrl":"https:\/\/secure.gravatar.com\/avatar\/ac5001d2a36cb6c6cd3e50789007ffca834b477b74a2144564522e944eabff61?s=96&d=mm&r=g","caption":"thomas.berner"},"url":"https:\/\/www.organisator.ch\/de\/author\/thomas-berner\/"}]}},"_links":{"self":[{"href":"https:\/\/www.organisator.ch\/de\/wp-json\/wp\/v2\/posts\/17775","targetHints":{"allow":["GET"]}}],"collection":[{"href":"https:\/\/www.organisator.ch\/de\/wp-json\/wp\/v2\/posts"}],"about":[{"href":"https:\/\/www.organisator.ch\/de\/wp-json\/wp\/v2\/types\/post"}],"author":[{"embeddable":true,"href":"https:\/\/www.organisator.ch\/de\/wp-json\/wp\/v2\/users\/4"}],"replies":[{"embeddable":true,"href":"https:\/\/www.organisator.ch\/de\/wp-json\/wp\/v2\/comments?post=17775"}],"version-history":[{"count":1,"href":"https:\/\/www.organisator.ch\/de\/wp-json\/wp\/v2\/posts\/17775\/revisions"}],"predecessor-version":[{"id":17779,"href":"https:\/\/www.organisator.ch\/de\/wp-json\/wp\/v2\/posts\/17775\/revisions\/17779"}],"wp:featuredmedia":[{"embeddable":true,"href":"https:\/\/www.organisator.ch\/de\/wp-json\/wp\/v2\/media\/17776"}],"wp:attachment":[{"href":"https:\/\/www.organisator.ch\/de\/wp-json\/wp\/v2\/media?parent=17775"}],"wp:term":[{"taxonomy":"category","embeddable":true,"href":"https:\/\/www.organisator.ch\/de\/wp-json\/wp\/v2\/categories?post=17775"},{"taxonomy":"post_tag","embeddable":true,"href":"https:\/\/www.organisator.ch\/de\/wp-json\/wp\/v2\/tags?post=17775"}],"curies":[{"name":"wp","href":"https:\/\/api.w.org\/{rel}","templated":true}]}}