{"id":1778,"date":"2018-07-09T12:40:14","date_gmt":"2018-07-09T10:40:14","guid":{"rendered":"https:\/\/www.umweltperspektiven.ch\/?p=1778"},"modified":"2022-02-09T11:05:36","modified_gmt":"2022-02-09T10:05:36","slug":"129000-tonnen-elektroschrott-im-2017-gesammelt","status":"publish","type":"post","link":"https:\/\/www.organisator.ch\/de\/sustainability\/2018-07-09\/129000-tonnen-elektroschrott-im-2017-gesammelt\/","title":{"rendered":"129\u2018000 Tonnen Elektroschrott im 2017 gesammelt"},"content":{"rendered":"<figure id=\"attachment_1779\" aria-describedby=\"caption-attachment-1779\" style=\"width: 680px\" class=\"wp-caption alignnone\"><img loading=\"lazy\" decoding=\"async\" class=\"size-medium wp-image-1779\" src=\"\/\/www.umweltperspektiven.ch\/wp-content\/uploads\/2018\/07\/radon2.jpg\" alt=\"\" width=\"680\" height=\"467\" \/><figcaption id=\"caption-attachment-1779\" class=\"wp-caption-text\">Nicht nur in Garagen von Konsumenten stehen immer weniger R\u00f6hrenger\u00e4te herum. (Bild: depositphotos)<\/figcaption><\/figure>\n<p>Es ist nicht alles Elektroschrott, was in der Schweiz an Elektro- und Elektronik-Ger\u00e4te zur\u00fcck gebracht wird. Einersseits steckt noch ein vorgezogener Recyclingbeitrag (VRB), der beim Kauf eines neuen Produkts anf\u00e4llt, im Altger\u00e4t. Andererseits finden sich in den vielen recycelbaren Elektronikger\u00e4ten wertvolle Komponenten.<\/p>\n<p>Organisiert und verwaltet wird das Elektronik-Recycling durch die beiden R\u00fccknahmesysteme Swico Recycling und SENS eRecycling. Im Jahr 2017 sind insgesamt 129&#8217;218 Tonnen Elektroschrott angefallen (Vorjahr 137\u2019808). Das entspricht 15 kg pro Einwohner. Im Bezug auf das Gesamtgewicht fallen 62 Prozent auf Haushaltger\u00e4te und Leuchtmittel (SENS eRecycling), 38 Prozent sind Altger\u00e4te aus Informatik, Telekommunikation und Unterhaltungselektronik (Swico Recycling).<\/p>\n<p><strong>TV-Delle weiterhin sp\u00fcrbar<\/strong><br \/>\nDer Trend zu leistungsf\u00e4higeren und gleichzeitig leichteren ICT-Produkten hielt auch 2017 an. Insgesamt wurden 48\u2018525 Tonnen Ger\u00e4te aus Informatik, Unterhaltungselektronik und Telekommunikation zur\u00fcckgebracht (Vorjahr 52\u2018362 Tonnen). Damit stiegen die St\u00fcckzahlen weiter an, das Gesamtgewicht der durch Swico Recycling zur\u00fcckgenommenen Mengen sank jedoch um rund 7,3 Prozent. Der Haupttreiber bleibt der Technologiewechsel bei den TV-Ger\u00e4ten, die einen Grossteil der Swico-Tonnagen ausmachen: W\u00e4hrend fr\u00fcher Bildr\u00f6hren-Ger\u00e4te zur\u00fcckgebracht wurden, sind es heute vermehrt leichtere Flachbildschirme. Die Zahl an zur\u00fcckgebrachten CRT-PC-Monitoren ist um 26 Prozent gesunken, bei den CRT-Fernsehern sind es minus 24 Prozent.<\/p>\n<p><strong>Immer mehr machen mit<\/strong><\/p>\n<p>Das freiwillige R\u00fccknahmesystem Swico Recycling erfreut sich auch grosser Beliebtheit bei den Herstellern und Importeuren von ICT, Unterhaltungselektronik &amp; B\u00fcrotechnologie. Die Anzahl Konventionsunterzeichner, also der Unternehmen die am System teilnehmen und den vorgezogenen Recyclingbeitrag auf ihre Ger\u00e4te aufschlagen, ist im letzten Jahr um 42 neue Partner auf 568 Unternehmen gewachsen (+8 Prozent). Es ist erfreulich, dass es in der Schweiz im Bereich ICT- und Unterhaltungselektronik keine Trittbrettfahrer gibt, welche die Solidarit\u00e4t gef\u00e4hrden. Weitere Zahlen und Informationen finden Sie im <a href=\"\/\/swico.us7.list-manage.com\/track\/click?u=04612cfcc7c2a1d40b4229878&amp;id=8308413c7f&amp;e=b74ab90633\">Swico Jahresbericht 2017<\/a>.<\/p>\n<p><strong>Fondsrechnung bei SENS eRecycling ausgeglichen<\/strong><br \/>\nSENS eRecycling hat das freiwillige R\u00fccknamesystem im letzten Jahr \u00fcberarbeitet und noch schlanker und effizienter gestaltet. Dank diesem proaktiven Systemupdate und den guten Rohstoffpreisen darf die SENS im Gesch\u00e4ftsjahr 2017 auf ein erfreuliches Ergebnis blicken und kann so die aus dem Auslandeinkauf und dem ausl\u00e4ndischen Onlinehandel entstandenen Einnahmel\u00fccken im Fonds ausgleichen. Das R\u00fccknahmesystem ist mit 722 angeschlossenen Herstellern und Importeuren schweizweit sehr gut aufgestellt und breit abgest\u00fctzt. Mehr Informationen zu den Zahlen und Highlights im 2017 finden Sie im <a href=\"\/\/swico.us7.list-manage.com\/track\/click?u=04612cfcc7c2a1d40b4229878&amp;id=88c71d6f87&amp;e=b74ab90633\">Gesch\u00e4ftsbericht 2017<\/a>.<\/p>\n<p><strong>R\u00fccknahmemengen bei Haushaltsger\u00e4ten \u00e4hnlich wie im Vorjahr<\/strong><br \/>\nIm SENS System wurden 80\u2019000 Tonnen Elektro- und Elektronikger\u00e4te zur\u00fcckgenommen und verarbeitet. Die R\u00fccknahmemenge ist gegen\u00fcber dem Vorjahr in fast allen Kategorien gleichgeblieben oder sogar leicht zur\u00fcckgegangen. Spannend ist die Entwicklung in der Photovoltaik \u2013 seit anfangs 2015 werden die Module in allen SENS-Sammelstellen zur\u00fcckgenommen. Die Photovoltaik-Anlagen der ersten Generation werden nun kontinuierlich abgebaut und durch moderne, effiziente Anlagen ersetzt. Dieser Trend zeigt sich sehr klar in den R\u00fccknahmequoten: Wurden 2015 noch je rund 70 Tonnen PV-Module mit SENS recycelt, waren es im Jahr 2017 bereits rund 337 Tonnen. Dies sind jedoch nach wie vor sehr geringe Mengen.<\/p>\n<p>Detaillierte Informationen zu den einzelnen Ger\u00e4tekategorien finden Sie im Fachbericht auf unseren jeweiligen Websites: <a href=\"\/\/swico.us7.list-manage.com\/track\/click?u=04612cfcc7c2a1d40b4229878&amp;id=0456f966cf&amp;e=b74ab90633\">swico.ch<\/a> und <a href=\"\/\/swico.us7.list-manage.com\/track\/click?u=04612cfcc7c2a1d40b4229878&amp;id=3a6c691b23&amp;e=b74ab90633\">eRecycling.ch<\/a><\/p>\n","protected":false},"excerpt":{"rendered":"<p>Es ist nicht alles Elektroschrott, was in der Schweiz an Elektro- und Elektronik-Ger\u00e4te zur\u00fcck gebracht wird. Einersseits steckt noch ein vorgezogener Recyclingbeitrag (VRB), der beim Kauf eines neuen Produkts anf\u00e4llt, im Altger\u00e4t. Andererseits finden sich in den vielen recycelbaren Elektronikger\u00e4ten wertvolle Komponenten. Organisiert und verwaltet wird das Elektronik-Recycling durch die beiden R\u00fccknahmesysteme Swico Recycling und [&hellip;]<\/p>\n","protected":false},"author":5,"featured_media":9558,"comment_status":"open","ping_status":"open","sticky":false,"template":"","format":"standard","meta":{"_acf_changed":false,"_yoast_wpseo_focuskw":"Elektroschrott","_yoast_wpseo_metadesc":"Elektroschrott l\u00e4sst gr\u00fcssen: Die Schweizer Bev\u00f6lkerung hat im Jahr 2017 etwas \u00fcber 129\u2019000 Tonnen Elektro- und Elektronik-Altger\u00e4te entsorgt.","articlekey":"","footnotes":""},"categories":[580],"tags":[1007,1033,1987,424],"class_list":["post-1778","post","type-post","status-publish","format-standard","has-post-thumbnail","hentry","category-sustainability","tag-e-recycling","tag-elektro-schrott","tag-recycling","tag-schweiz"],"acf":[],"yoast_head":"<!-- This site is optimized with the Yoast SEO plugin v27.5 - https:\/\/yoast.com\/product\/yoast-seo-wordpress\/ -->\n<title>129\u2018000 Tonnen Elektroschrott im 2017 gesammelt - Organisator<\/title>\n<meta name=\"description\" content=\"Elektroschrott l\u00e4sst gr\u00fcssen: Die Schweizer Bev\u00f6lkerung hat im Jahr 2017 etwas \u00fcber 129\u2019000 Tonnen Elektro- und Elektronik-Altger\u00e4te entsorgt.\" \/>\n<meta name=\"robots\" content=\"index, follow, max-snippet:-1, max-image-preview:large, max-video-preview:-1\" \/>\n<link rel=\"canonical\" href=\"https:\/\/www.organisator.ch\/de\/sustainability\/2018-07-09\/129000-tonnen-elektroschrott-im-2017-gesammelt\/\" \/>\n<meta property=\"og:locale\" content=\"de_DE\" \/>\n<meta property=\"og:type\" content=\"article\" \/>\n<meta property=\"og:title\" content=\"129\u2018000 Tonnen Elektroschrott im 2017 gesammelt - Organisator\" \/>\n<meta property=\"og:description\" content=\"Elektroschrott l\u00e4sst gr\u00fcssen: Die Schweizer Bev\u00f6lkerung hat im Jahr 2017 etwas \u00fcber 129\u2019000 Tonnen Elektro- und Elektronik-Altger\u00e4te entsorgt.\" \/>\n<meta property=\"og:url\" content=\"https:\/\/www.organisator.ch\/de\/sustainability\/2018-07-09\/129000-tonnen-elektroschrott-im-2017-gesammelt\/\" \/>\n<meta property=\"og:site_name\" content=\"Organisator\" \/>\n<meta property=\"article:publisher\" content=\"https:\/\/www.facebook.com\/OrganisatorFachmagazin\" \/>\n<meta property=\"article:published_time\" content=\"2018-07-09T10:40:14+00:00\" \/>\n<meta property=\"article:modified_time\" content=\"2022-02-09T10:05:36+00:00\" \/>\n<meta property=\"og:image\" content=\"https:\/\/www.organisator.ch\/wp-content\/uploads\/2018\/07\/radon2.jpg\" \/>\n\t<meta property=\"og:image:width\" content=\"1497\" \/>\n\t<meta property=\"og:image:height\" content=\"1028\" \/>\n\t<meta property=\"og:image:type\" content=\"image\/jpeg\" \/>\n<meta name=\"author\" content=\"michael.merz\" \/>\n<meta name=\"twitter:card\" content=\"summary_large_image\" \/>\n<script type=\"application\/ld+json\" class=\"yoast-schema-graph\">{\"@context\":\"https:\\\/\\\/schema.org\",\"@graph\":[{\"@type\":\"Article\",\"@id\":\"https:\\\/\\\/www.organisator.ch\\\/sustainability\\\/2018-07-09\\\/129000-tonnen-elektroschrott-im-2017-gesammelt\\\/#article\",\"isPartOf\":{\"@id\":\"https:\\\/\\\/www.organisator.ch\\\/sustainability\\\/2018-07-09\\\/129000-tonnen-elektroschrott-im-2017-gesammelt\\\/\"},\"author\":{\"name\":\"michael.merz\",\"@id\":\"https:\\\/\\\/www.organisator.ch\\\/#\\\/schema\\\/person\\\/134708ca9321c57b0362cceb7948ffbd\"},\"headline\":\"129\u2018000 Tonnen Elektroschrott im 2017 gesammelt\",\"datePublished\":\"2018-07-09T10:40:14+00:00\",\"dateModified\":\"2022-02-09T10:05:36+00:00\",\"mainEntityOfPage\":{\"@id\":\"https:\\\/\\\/www.organisator.ch\\\/sustainability\\\/2018-07-09\\\/129000-tonnen-elektroschrott-im-2017-gesammelt\\\/\"},\"wordCount\":529,\"commentCount\":0,\"publisher\":{\"@id\":\"https:\\\/\\\/www.organisator.ch\\\/#organization\"},\"image\":{\"@id\":\"https:\\\/\\\/www.organisator.ch\\\/sustainability\\\/2018-07-09\\\/129000-tonnen-elektroschrott-im-2017-gesammelt\\\/#primaryimage\"},\"thumbnailUrl\":\"https:\\\/\\\/www.organisator.ch\\\/wp-content\\\/uploads\\\/2018\\\/07\\\/radon2.jpg\",\"keywords\":[\"E-Recycling\",\"Elektro-Schrott\",\"Recycling\",\"Schweiz\"],\"articleSection\":[\"SUSTAINABILITY\"],\"inLanguage\":\"de\"},{\"@type\":\"WebPage\",\"@id\":\"https:\\\/\\\/www.organisator.ch\\\/sustainability\\\/2018-07-09\\\/129000-tonnen-elektroschrott-im-2017-gesammelt\\\/\",\"url\":\"https:\\\/\\\/www.organisator.ch\\\/sustainability\\\/2018-07-09\\\/129000-tonnen-elektroschrott-im-2017-gesammelt\\\/\",\"name\":\"129\u2018000 Tonnen Elektroschrott im 2017 gesammelt - Organisator\",\"isPartOf\":{\"@id\":\"https:\\\/\\\/www.organisator.ch\\\/#website\"},\"primaryImageOfPage\":{\"@id\":\"https:\\\/\\\/www.organisator.ch\\\/sustainability\\\/2018-07-09\\\/129000-tonnen-elektroschrott-im-2017-gesammelt\\\/#primaryimage\"},\"image\":{\"@id\":\"https:\\\/\\\/www.organisator.ch\\\/sustainability\\\/2018-07-09\\\/129000-tonnen-elektroschrott-im-2017-gesammelt\\\/#primaryimage\"},\"thumbnailUrl\":\"https:\\\/\\\/www.organisator.ch\\\/wp-content\\\/uploads\\\/2018\\\/07\\\/radon2.jpg\",\"datePublished\":\"2018-07-09T10:40:14+00:00\",\"dateModified\":\"2022-02-09T10:05:36+00:00\",\"description\":\"Elektroschrott l\u00e4sst gr\u00fcssen: Die Schweizer Bev\u00f6lkerung hat im Jahr 2017 etwas \u00fcber 129\u2019000 Tonnen Elektro- und Elektronik-Altger\u00e4te entsorgt.\",\"breadcrumb\":{\"@id\":\"https:\\\/\\\/www.organisator.ch\\\/sustainability\\\/2018-07-09\\\/129000-tonnen-elektroschrott-im-2017-gesammelt\\\/#breadcrumb\"},\"inLanguage\":\"de\",\"potentialAction\":[{\"@type\":\"ReadAction\",\"target\":[\"https:\\\/\\\/www.organisator.ch\\\/sustainability\\\/2018-07-09\\\/129000-tonnen-elektroschrott-im-2017-gesammelt\\\/\"]}]},{\"@type\":\"ImageObject\",\"inLanguage\":\"de\",\"@id\":\"https:\\\/\\\/www.organisator.ch\\\/sustainability\\\/2018-07-09\\\/129000-tonnen-elektroschrott-im-2017-gesammelt\\\/#primaryimage\",\"url\":\"https:\\\/\\\/www.organisator.ch\\\/wp-content\\\/uploads\\\/2018\\\/07\\\/radon2.jpg\",\"contentUrl\":\"https:\\\/\\\/www.organisator.ch\\\/wp-content\\\/uploads\\\/2018\\\/07\\\/radon2.jpg\",\"width\":1497,\"height\":1028,\"caption\":\"Nicht nur in Garagen von Konsumenten stehen immer weniger R\u00f6hrenger\u00e4te herum. (Bild: depositphotos)\"},{\"@type\":\"BreadcrumbList\",\"@id\":\"https:\\\/\\\/www.organisator.ch\\\/sustainability\\\/2018-07-09\\\/129000-tonnen-elektroschrott-im-2017-gesammelt\\\/#breadcrumb\",\"itemListElement\":[{\"@type\":\"ListItem\",\"position\":1,\"name\":\"Home\",\"item\":\"https:\\\/\\\/www.organisator.ch\\\/\"},{\"@type\":\"ListItem\",\"position\":2,\"name\":\"129\u2018000 Tonnen Elektroschrott im 2017 gesammelt\"}]},{\"@type\":\"WebSite\",\"@id\":\"https:\\\/\\\/www.organisator.ch\\\/#website\",\"url\":\"https:\\\/\\\/www.organisator.ch\\\/\",\"name\":\"Organisator\",\"description\":\"Kompetent. Praxisnah. Der ORGANISATOR bereitet in 10 Ausgaben pro Jahr die wesentlichen Themen f\u00fcr F\u00fchrungskr\u00e4fte von KMU auf.\",\"publisher\":{\"@id\":\"https:\\\/\\\/www.organisator.ch\\\/#organization\"},\"potentialAction\":[{\"@type\":\"SearchAction\",\"target\":{\"@type\":\"EntryPoint\",\"urlTemplate\":\"https:\\\/\\\/www.organisator.ch\\\/?s={search_term_string}\"},\"query-input\":{\"@type\":\"PropertyValueSpecification\",\"valueRequired\":true,\"valueName\":\"search_term_string\"}}],\"inLanguage\":\"de\"},{\"@type\":\"Organization\",\"@id\":\"https:\\\/\\\/www.organisator.ch\\\/#organization\",\"name\":\"Organisator\",\"url\":\"https:\\\/\\\/www.organisator.ch\\\/\",\"logo\":{\"@type\":\"ImageObject\",\"inLanguage\":\"de\",\"@id\":\"https:\\\/\\\/www.organisator.ch\\\/#\\\/schema\\\/logo\\\/image\\\/\",\"url\":\"https:\\\/\\\/www.organisator.ch\\\/wp-content\\\/uploads\\\/2022\\\/01\\\/Logo_Organisator_Website.png\",\"contentUrl\":\"https:\\\/\\\/www.organisator.ch\\\/wp-content\\\/uploads\\\/2022\\\/01\\\/Logo_Organisator_Website.png\",\"width\":800,\"height\":77,\"caption\":\"Organisator\"},\"image\":{\"@id\":\"https:\\\/\\\/www.organisator.ch\\\/#\\\/schema\\\/logo\\\/image\\\/\"},\"sameAs\":[\"https:\\\/\\\/www.facebook.com\\\/OrganisatorFachmagazin\",\"https:\\\/\\\/www.linkedin.com\\\/showcase\\\/organisator-das-magazin-fr-kmu\",\"https:\\\/\\\/www.xing.com\\\/news\\\/pages\\\/organisator-ch-695\",\"https:\\\/\\\/www.youtube.com\\\/channel\\\/UCGP2Sq0iWaZwT3BdIAQFYpw\"]},{\"@type\":\"Person\",\"@id\":\"https:\\\/\\\/www.organisator.ch\\\/#\\\/schema\\\/person\\\/134708ca9321c57b0362cceb7948ffbd\",\"name\":\"michael.merz\",\"image\":{\"@type\":\"ImageObject\",\"inLanguage\":\"de\",\"@id\":\"https:\\\/\\\/secure.gravatar.com\\\/avatar\\\/?s=96&d=mm&r=g\",\"url\":\"https:\\\/\\\/secure.gravatar.com\\\/avatar\\\/?s=96&d=mm&r=g\",\"contentUrl\":\"https:\\\/\\\/secure.gravatar.com\\\/avatar\\\/?s=96&d=mm&r=g\",\"caption\":\"michael.merz\"},\"url\":\"https:\\\/\\\/www.organisator.ch\\\/de\\\/author\\\/michael-merz\\\/\"}]}<\/script>\n<!-- \/ Yoast SEO plugin. -->","yoast_head_json":{"title":"129\u2018000 Tonnen Elektroschrott im 2017 gesammelt - Organisator","description":"Elektroschrott l\u00e4sst gr\u00fcssen: Die Schweizer Bev\u00f6lkerung hat im Jahr 2017 etwas \u00fcber 129\u2019000 Tonnen Elektro- und Elektronik-Altger\u00e4te entsorgt.","robots":{"index":"index","follow":"follow","max-snippet":"max-snippet:-1","max-image-preview":"max-image-preview:large","max-video-preview":"max-video-preview:-1"},"canonical":"https:\/\/www.organisator.ch\/de\/sustainability\/2018-07-09\/129000-tonnen-elektroschrott-im-2017-gesammelt\/","og_locale":"de_DE","og_type":"article","og_title":"129\u2018000 Tonnen Elektroschrott im 2017 gesammelt - Organisator","og_description":"Elektroschrott l\u00e4sst gr\u00fcssen: Die Schweizer Bev\u00f6lkerung hat im Jahr 2017 etwas \u00fcber 129\u2019000 Tonnen Elektro- und Elektronik-Altger\u00e4te entsorgt.","og_url":"https:\/\/www.organisator.ch\/de\/sustainability\/2018-07-09\/129000-tonnen-elektroschrott-im-2017-gesammelt\/","og_site_name":"Organisator","article_publisher":"https:\/\/www.facebook.com\/OrganisatorFachmagazin","article_published_time":"2018-07-09T10:40:14+00:00","article_modified_time":"2022-02-09T10:05:36+00:00","og_image":[{"width":1497,"height":1028,"url":"https:\/\/www.organisator.ch\/wp-content\/uploads\/2018\/07\/radon2.jpg","type":"image\/jpeg"}],"author":"michael.merz","twitter_card":"summary_large_image","schema":{"@context":"https:\/\/schema.org","@graph":[{"@type":"Article","@id":"https:\/\/www.organisator.ch\/sustainability\/2018-07-09\/129000-tonnen-elektroschrott-im-2017-gesammelt\/#article","isPartOf":{"@id":"https:\/\/www.organisator.ch\/sustainability\/2018-07-09\/129000-tonnen-elektroschrott-im-2017-gesammelt\/"},"author":{"name":"michael.merz","@id":"https:\/\/www.organisator.ch\/#\/schema\/person\/134708ca9321c57b0362cceb7948ffbd"},"headline":"129\u2018000 Tonnen Elektroschrott im 2017 gesammelt","datePublished":"2018-07-09T10:40:14+00:00","dateModified":"2022-02-09T10:05:36+00:00","mainEntityOfPage":{"@id":"https:\/\/www.organisator.ch\/sustainability\/2018-07-09\/129000-tonnen-elektroschrott-im-2017-gesammelt\/"},"wordCount":529,"commentCount":0,"publisher":{"@id":"https:\/\/www.organisator.ch\/#organization"},"image":{"@id":"https:\/\/www.organisator.ch\/sustainability\/2018-07-09\/129000-tonnen-elektroschrott-im-2017-gesammelt\/#primaryimage"},"thumbnailUrl":"https:\/\/www.organisator.ch\/wp-content\/uploads\/2018\/07\/radon2.jpg","keywords":["E-Recycling","Elektro-Schrott","Recycling","Schweiz"],"articleSection":["SUSTAINABILITY"],"inLanguage":"de"},{"@type":"WebPage","@id":"https:\/\/www.organisator.ch\/sustainability\/2018-07-09\/129000-tonnen-elektroschrott-im-2017-gesammelt\/","url":"https:\/\/www.organisator.ch\/sustainability\/2018-07-09\/129000-tonnen-elektroschrott-im-2017-gesammelt\/","name":"129\u2018000 Tonnen Elektroschrott im 2017 gesammelt - Organisator","isPartOf":{"@id":"https:\/\/www.organisator.ch\/#website"},"primaryImageOfPage":{"@id":"https:\/\/www.organisator.ch\/sustainability\/2018-07-09\/129000-tonnen-elektroschrott-im-2017-gesammelt\/#primaryimage"},"image":{"@id":"https:\/\/www.organisator.ch\/sustainability\/2018-07-09\/129000-tonnen-elektroschrott-im-2017-gesammelt\/#primaryimage"},"thumbnailUrl":"https:\/\/www.organisator.ch\/wp-content\/uploads\/2018\/07\/radon2.jpg","datePublished":"2018-07-09T10:40:14+00:00","dateModified":"2022-02-09T10:05:36+00:00","description":"Elektroschrott l\u00e4sst gr\u00fcssen: Die Schweizer Bev\u00f6lkerung hat im Jahr 2017 etwas \u00fcber 129\u2019000 Tonnen Elektro- und Elektronik-Altger\u00e4te entsorgt.","breadcrumb":{"@id":"https:\/\/www.organisator.ch\/sustainability\/2018-07-09\/129000-tonnen-elektroschrott-im-2017-gesammelt\/#breadcrumb"},"inLanguage":"de","potentialAction":[{"@type":"ReadAction","target":["https:\/\/www.organisator.ch\/sustainability\/2018-07-09\/129000-tonnen-elektroschrott-im-2017-gesammelt\/"]}]},{"@type":"ImageObject","inLanguage":"de","@id":"https:\/\/www.organisator.ch\/sustainability\/2018-07-09\/129000-tonnen-elektroschrott-im-2017-gesammelt\/#primaryimage","url":"https:\/\/www.organisator.ch\/wp-content\/uploads\/2018\/07\/radon2.jpg","contentUrl":"https:\/\/www.organisator.ch\/wp-content\/uploads\/2018\/07\/radon2.jpg","width":1497,"height":1028,"caption":"Nicht nur in Garagen von Konsumenten stehen immer weniger R\u00f6hrenger\u00e4te herum. (Bild: depositphotos)"},{"@type":"BreadcrumbList","@id":"https:\/\/www.organisator.ch\/sustainability\/2018-07-09\/129000-tonnen-elektroschrott-im-2017-gesammelt\/#breadcrumb","itemListElement":[{"@type":"ListItem","position":1,"name":"Home","item":"https:\/\/www.organisator.ch\/"},{"@type":"ListItem","position":2,"name":"129\u2018000 Tonnen Elektroschrott im 2017 gesammelt"}]},{"@type":"WebSite","@id":"https:\/\/www.organisator.ch\/#website","url":"https:\/\/www.organisator.ch\/","name":"Organisator","description":"Kompetent. Praxisnah. Der ORGANISATOR bereitet in 10 Ausgaben pro Jahr die wesentlichen Themen f\u00fcr F\u00fchrungskr\u00e4fte von KMU auf.","publisher":{"@id":"https:\/\/www.organisator.ch\/#organization"},"potentialAction":[{"@type":"SearchAction","target":{"@type":"EntryPoint","urlTemplate":"https:\/\/www.organisator.ch\/?s={search_term_string}"},"query-input":{"@type":"PropertyValueSpecification","valueRequired":true,"valueName":"search_term_string"}}],"inLanguage":"de"},{"@type":"Organization","@id":"https:\/\/www.organisator.ch\/#organization","name":"Organisator","url":"https:\/\/www.organisator.ch\/","logo":{"@type":"ImageObject","inLanguage":"de","@id":"https:\/\/www.organisator.ch\/#\/schema\/logo\/image\/","url":"https:\/\/www.organisator.ch\/wp-content\/uploads\/2022\/01\/Logo_Organisator_Website.png","contentUrl":"https:\/\/www.organisator.ch\/wp-content\/uploads\/2022\/01\/Logo_Organisator_Website.png","width":800,"height":77,"caption":"Organisator"},"image":{"@id":"https:\/\/www.organisator.ch\/#\/schema\/logo\/image\/"},"sameAs":["https:\/\/www.facebook.com\/OrganisatorFachmagazin","https:\/\/www.linkedin.com\/showcase\/organisator-das-magazin-fr-kmu","https:\/\/www.xing.com\/news\/pages\/organisator-ch-695","https:\/\/www.youtube.com\/channel\/UCGP2Sq0iWaZwT3BdIAQFYpw"]},{"@type":"Person","@id":"https:\/\/www.organisator.ch\/#\/schema\/person\/134708ca9321c57b0362cceb7948ffbd","name":"michael.merz","image":{"@type":"ImageObject","inLanguage":"de","@id":"https:\/\/secure.gravatar.com\/avatar\/?s=96&d=mm&r=g","url":"https:\/\/secure.gravatar.com\/avatar\/?s=96&d=mm&r=g","contentUrl":"https:\/\/secure.gravatar.com\/avatar\/?s=96&d=mm&r=g","caption":"michael.merz"},"url":"https:\/\/www.organisator.ch\/de\/author\/michael-merz\/"}]}},"_links":{"self":[{"href":"https:\/\/www.organisator.ch\/de\/wp-json\/wp\/v2\/posts\/1778","targetHints":{"allow":["GET"]}}],"collection":[{"href":"https:\/\/www.organisator.ch\/de\/wp-json\/wp\/v2\/posts"}],"about":[{"href":"https:\/\/www.organisator.ch\/de\/wp-json\/wp\/v2\/types\/post"}],"author":[{"embeddable":true,"href":"https:\/\/www.organisator.ch\/de\/wp-json\/wp\/v2\/users\/5"}],"replies":[{"embeddable":true,"href":"https:\/\/www.organisator.ch\/de\/wp-json\/wp\/v2\/comments?post=1778"}],"version-history":[{"count":1,"href":"https:\/\/www.organisator.ch\/de\/wp-json\/wp\/v2\/posts\/1778\/revisions"}],"predecessor-version":[{"id":10416,"href":"https:\/\/www.organisator.ch\/de\/wp-json\/wp\/v2\/posts\/1778\/revisions\/10416"}],"wp:featuredmedia":[{"embeddable":true,"href":"https:\/\/www.organisator.ch\/de\/wp-json\/wp\/v2\/media\/9558"}],"wp:attachment":[{"href":"https:\/\/www.organisator.ch\/de\/wp-json\/wp\/v2\/media?parent=1778"}],"wp:term":[{"taxonomy":"category","embeddable":true,"href":"https:\/\/www.organisator.ch\/de\/wp-json\/wp\/v2\/categories?post=1778"},{"taxonomy":"post_tag","embeddable":true,"href":"https:\/\/www.organisator.ch\/de\/wp-json\/wp\/v2\/tags?post=1778"}],"curies":[{"name":"wp","href":"https:\/\/api.w.org\/{rel}","templated":true}]}}