{"id":17783,"date":"2022-11-11T07:39:05","date_gmt":"2022-11-11T06:39:05","guid":{"rendered":"https:\/\/www.organisator.ch\/?p=17783"},"modified":"2022-11-11T07:39:05","modified_gmt":"2022-11-11T06:39:05","slug":"it-fuehrungskraefte-tempo-des-digitalen-wandels-verschaerft-fachkraeftemangel","status":"publish","type":"post","link":"https:\/\/www.organisator.ch\/de\/human-resources\/2022-11-11\/it-fuehrungskraefte-tempo-des-digitalen-wandels-verschaerft-fachkraeftemangel\/","title":{"rendered":"IT-F\u00fchrungskr\u00e4fte: Tempo des digitalen Wandels versch\u00e4rft Fachkr\u00e4ftemangel"},"content":{"rendered":"<figure id=\"attachment_17784\" aria-describedby=\"caption-attachment-17784\" style=\"width: 680px\" class=\"wp-caption alignnone\"><img loading=\"lazy\" decoding=\"async\" class=\"size-full wp-image-17784\" src=\"https:\/\/www.organisator.ch\/wp-content\/uploads\/2022\/11\/IT-Fuehrungskraefte-Tempo-des-digitalen-Wandels-verschaerft-Fachkraeftemangel-1_Organisator.jpg\" alt=\"\" width=\"680\" height=\"383\" srcset=\"https:\/\/www.organisator.ch\/wp-content\/uploads\/2022\/11\/IT-Fuehrungskraefte-Tempo-des-digitalen-Wandels-verschaerft-Fachkraeftemangel-1_Organisator.jpg 680w, https:\/\/www.organisator.ch\/wp-content\/uploads\/2022\/11\/IT-Fuehrungskraefte-Tempo-des-digitalen-Wandels-verschaerft-Fachkraeftemangel-1_Organisator-18x10.jpg 18w, https:\/\/www.organisator.ch\/wp-content\/uploads\/2022\/11\/IT-Fuehrungskraefte-Tempo-des-digitalen-Wandels-verschaerft-Fachkraeftemangel-1_Organisator-311x175.jpg 311w, https:\/\/www.organisator.ch\/wp-content\/uploads\/2022\/11\/IT-Fuehrungskraefte-Tempo-des-digitalen-Wandels-verschaerft-Fachkraeftemangel-1_Organisator-621x350.jpg 621w, https:\/\/www.organisator.ch\/wp-content\/uploads\/2022\/11\/IT-Fuehrungskraefte-Tempo-des-digitalen-Wandels-verschaerft-Fachkraeftemangel-1_Organisator-300x169.jpg 300w\" sizes=\"auto, (max-width: 680px) 100vw, 680px\" \/><figcaption id=\"caption-attachment-17784\" class=\"wp-caption-text\">IT-F\u00fchrungskr\u00e4fte stellen fest: Die schnell fortschreitende digitale Transformation versch\u00e4rft den Fachkr\u00e4ftemangel weiter. Umschulungsprogramme sollen L\u00fccken schliessen. (Bild: Equinix)<\/figcaption><\/figure>\n<p>Eine von Equinix, einem globalen Unternehmen f\u00fcr digitale Infrastruktur, in Auftrag gegebene Umfrage hat ergeben, dass sich IT-F\u00fchrungskr\u00e4fte weltweit ernsthafte Sorgen um die Bindung und Einstellung von Mitarbeitenden machen. Laut der Equinix 2022 Global Tech Trends Survey sehen 62 % der IT-Entscheidungstr\u00e4ger weltweit (54 % in der Schweiz) den Mangel an IT-Fachkr\u00e4ften als eine der gr\u00f6ssten Bedrohungen f\u00fcr ihr Unternehmen an. Organisationen \u2013 darunter auch Equinix \u2013 versuchen, den Talentpool zu erweitern und durch alternative Rekrutierungsmassnahmen eine gr\u00f6ssere Vielfalt an Kandidaten zu gewinnen. Die 2\u2019900 Befragten \u2013 darunter 100 aus der Schweiz \u2013 r\u00e4umten ein, dass die Geschwindigkeit, mit der sich die Technologiebranche wandelt, die Unternehmen vor die Schwierigkeit stellt, Mitarbeitende mit den richtigen Qualifikationen zu finden, um aktuelle und zuk\u00fcnftige Herausforderungen zu meistern.<\/p>\n<h3>Viele Bewerber mit falschen Qualifikationen<\/h3>\n<p>Die h\u00e4ufigsten Bedenken waren, dass sich Kandidaten mit falschen Qualifikationen auf Stellen bewerben (44 % weltweit und in der Schweiz) und dass die derzeitigen Talente gehalten werden m\u00fcssen (44 % weltweit und 47 % in der Schweiz). Dabei sind IT-Fachleute (27 % global \/ 25 % in der Schweiz), Cloud-Computing-Spezialisten (26 % global \/ 17 % in der Schweiz) sowie KI- und Machine-Learning-Fachkr\u00e4fte (26 % weltweit und in der Schweiz) die am meisten gefragten Fachkr\u00e4fte. Weiterer Mangel besteht in den Bereichen Datenanalyse (21 % global \/ 17 % lokal), Datenschutz (21 % global \/ 19 % lokal), Entwicklung von Sicherheitssoftware (19 % global \/ 9 % in der Schweiz) sowie Sicherheitsanalyse (18 % global \/ 21 % lokal). IT-F\u00fchrungskr\u00e4fte gehen davon aus, dass die L\u00fccken bei den technischen F\u00e4higkeiten in Zukunft \u00e4hnlich bleiben werden, wobei KI und maschinelles Lernen noch st\u00e4rker in den Vordergrund r\u00fccken wird.<\/p>\n<p>Keri Gilder, CEO Colt Technology Services, erl\u00e4utert: \u00abDie Suche nach den richtigen Qualifikationen ist ein echtes Problem in der Technologiebranche, insbesondere im Softwarebereich. Die Realit\u00e4t ist, dass mit der Softwarization von Dienstleistungen alle Branchen die gleichen Fachkr\u00e4fte suchen. Eine der Herausforderungen ist das mangelnde Bewusstsein junger Talente f\u00fcr die M\u00f6glichkeiten, die der Technologiesektor bietet. Konnektivit\u00e4ts-Anbieter kommen in vielen Anwendungsf\u00e4llen nicht vor \u2013 auch nicht auf Universit\u00e4tsebene \u2013, obwohl in Bereichen wie Unterwasser-, Satelliten- und Glasfasertechnik viel getan wird. Wir m\u00fcssen gemeinsam \u00fcber Talente nachdenken und als Branche daran arbeiten, all jene, die auf eine Chance warten, auch einzubeziehen.\u00bb<\/p>\n<h3>Mit Umschulungen gegen den Fachkr\u00e4ftemangel<\/h3>\n<p>Als Reaktion auf den Fachkr\u00e4ftemangel bem\u00fchen sich viele Unternehmen intensiv um die Umschulung von Mitarbeitenden aus anderen Bereichen. So gaben 62 % (39 % in der Schweiz) an, dass sie Arbeitnehmende aus \u00e4hnlichen Branchen umschulen, w\u00e4hrend 34 % (21 % lokal) versuchen, ihre Belegschaft mit Mitarbeitenden aus branchenfremden Bereichen aufzustocken. In Anbetracht j\u00fcngster Entlassungen und Freistellungen, die Arbeitnehmende dazu veranlassen k\u00f6nnen, nach M\u00f6glichkeiten zu suchen, ihre F\u00e4higkeiten oder ihre Karriere zu verbessern, k\u00f6nnten Technologieunternehmen, die Schulungs- und Entwicklungsm\u00f6glichkeiten anbieten, besser positioniert sein, um Talente anzuziehen.<\/p>\n<p>Die h\u00e4ufigsten Quellen f\u00fcr umgeschulte Arbeitskr\u00e4fte sind Verwaltung und Unternehmensunterst\u00fctzung (36 % global \/ 21 % in der Schweiz), Finanz- und Versicherungswesen (33 % global \/ 25 % lokal) sowie Personen, die nach einer Abwesenheit in den Beruf zur\u00fcckkehren (30 % global \/ 13 % lokal). Diese umgeschulten Arbeitskr\u00e4fte k\u00f6nnen Unternehmen helfen, L\u00fccken im technischen Bereich zu schliessen, indem sie als IT-Fachleute (51 % global \/ 48 % lokal), im Bereich Cloud Computing (36 % global \/ 30 % lokal) und in der Datenanalyse (35 % global \/ 24 % lokal) arbeiten. Auch der Studien-Auftraggeber Equinix bietet im Rahmen seines Career-Pathways-Portfolios eine Reihe von Programmen f\u00fcr den beruflichen \u00dcbergang oder Karrierewechsel an.<\/p>\n<h3>IT-F\u00fchrungskr\u00e4fte: &#8222;Investitionen in Talente zahlen sich aus&#8220;<\/h3>\n<p>Unternehmen versuchen auch, \u00fcber Hochschul- und Ausbildungsprogramme neue Mitarbeitende zu gewinnen. IT-F\u00fchrungskr\u00e4fte auf der ganzen Welt gaben an, dass ihre Unternehmen bei der Zusammenarbeit mit Hochschuleinrichtungen vor allem Praktika f\u00fcr Studenten anbieten (42 % \/ 38 % in der Schweiz), gemeinsame Schulungsprogramme mit Hochschuleinrichtungen durchf\u00fchren (41 % global \/ 25 % lokal), an Karrieremessen von Hochschulen teilnehmen (37 % \/ 24 % lokal) und Partnerschaften f\u00fcr Ausbildungsprogramme eingehen (34 % \/ 26 % lokal).<\/p>\n<figure id=\"attachment_17785\" aria-describedby=\"caption-attachment-17785\" style=\"width: 680px\" class=\"wp-caption alignnone\"><img loading=\"lazy\" decoding=\"async\" class=\"size-full wp-image-17785\" src=\"https:\/\/www.organisator.ch\/wp-content\/uploads\/2022\/11\/IT-Fuehrungskraefte-Tempo-des-digitalen-Wandels-verschaerft-Fachkraeftemangel-2_Organisator.jpg\" alt=\"\" width=\"680\" height=\"475\" srcset=\"https:\/\/www.organisator.ch\/wp-content\/uploads\/2022\/11\/IT-Fuehrungskraefte-Tempo-des-digitalen-Wandels-verschaerft-Fachkraeftemangel-2_Organisator.jpg 680w, https:\/\/www.organisator.ch\/wp-content\/uploads\/2022\/11\/IT-Fuehrungskraefte-Tempo-des-digitalen-Wandels-verschaerft-Fachkraeftemangel-2_Organisator-18x12.jpg 18w, https:\/\/www.organisator.ch\/wp-content\/uploads\/2022\/11\/IT-Fuehrungskraefte-Tempo-des-digitalen-Wandels-verschaerft-Fachkraeftemangel-2_Organisator-251x175.jpg 251w, https:\/\/www.organisator.ch\/wp-content\/uploads\/2022\/11\/IT-Fuehrungskraefte-Tempo-des-digitalen-Wandels-verschaerft-Fachkraeftemangel-2_Organisator-501x350.jpg 501w, https:\/\/www.organisator.ch\/wp-content\/uploads\/2022\/11\/IT-Fuehrungskraefte-Tempo-des-digitalen-Wandels-verschaerft-Fachkraeftemangel-2_Organisator-300x210.jpg 300w\" sizes=\"auto, (max-width: 680px) 100vw, 680px\" \/><figcaption id=\"caption-attachment-17785\" class=\"wp-caption-text\">Roger Semprini von Equinix Schweiz ist \u00fcberzeugt, dass Investitionen in Talente sich auszahlen. (Bild: Equinix)<\/figcaption><\/figure>\n<p>Roger Semprini, Managing Director, Equinix, Schweiz: \u00abIn Menschen und Talente zu investieren, zahlt sich immer aus, besonders in ungewissen Zeiten. Jetzt, wo sich wirtschaftliche Unsicherheiten abzeichnen, ist der erste Instinkt mancher Unternehmensleiter, an Dingen zu sparen, die nicht \u2039\u00fcberlebenswichtig\u203a sind, wie die Einstellung neuer Mitarbeitenden oder Investitionen in ihre berufliche Entwicklung. Aus unserer Sicht ist diese Mentalit\u00e4t kurzsichtig. Wir investieren in grossem Umfang in Talente.\u00bb Brandi Galvin Morandi, Chief Legal and HR Officer bei Equinix: \u00abDie Umfrage zeigt, dass unangepasste Qualifikationen die Talentakquise in technologieorientierten Teams weltweit behindern. Es besteht ein allgemeiner Mangel an Verst\u00e4ndnis f\u00fcr die spezifischen F\u00e4higkeiten, die f\u00fcr bestimmte Rollen erforderlich sind, und potenzielle Kandidaten ben\u00f6tigen eine bessere Anleitung in Bezug auf Ausbildung, Vorbereitung und Besch\u00e4ftigungsm\u00f6glichkeiten. Diese Herausforderung gibt unserer Branche die M\u00f6glichkeit, Talente auf andere Art und Weise zu rekrutieren und zu entwickeln, und das ist etwas, an dem wir in den letzten Jahren gearbeitet haben. Wir sind der Meinung, dass Unternehmen einen progressiven Talententwicklungsplan f\u00fcr Positionen im technischen Bereich f\u00f6rdern sollten, der sowohl unerfahrene als auch ausgebildete Kandidaten anspricht.\u00bb<\/p>\n<p><em>Quelle: <a href=\"https:\/\/de.equinix.ch\/\">Equinix<\/a><\/em><\/p>\n","protected":false},"excerpt":{"rendered":"<p>Eine von Equinix, einem globalen Unternehmen f\u00fcr digitale Infrastruktur, in Auftrag gegebene Umfrage hat ergeben, dass sich IT-F\u00fchrungskr\u00e4fte weltweit ernsthafte Sorgen um die Bindung und Einstellung von Mitarbeitenden machen. Laut der Equinix 2022 Global Tech Trends Survey sehen 62 % der IT-Entscheidungstr\u00e4ger weltweit (54 % in der Schweiz) den Mangel an IT-Fachkr\u00e4ften als eine der [&hellip;]<\/p>\n","protected":false},"author":4,"featured_media":17784,"comment_status":"closed","ping_status":"closed","sticky":false,"template":"","format":"standard","meta":{"_acf_changed":false,"_yoast_wpseo_focuskw":"IT-F\u00fchrungskr\u00e4fte","_yoast_wpseo_metadesc":"Die digitalen Anforderungen steigen weiter. IT-F\u00fchrungskr\u00e4fte m\u00fcssen Fachkr\u00e4fte vermehrt in alternativen Talentpools suchen.","articlekey":"","footnotes":""},"categories":[579],"tags":[194,286,487],"class_list":["post-17783","post","type-post","status-publish","format-standard","has-post-thumbnail","hentry","category-human-resources","tag-fachkraeftemangel","tag-it","tag-umfrage"],"acf":[],"yoast_head":"<!-- This site is optimized with the Yoast SEO plugin v27.4 - https:\/\/yoast.com\/product\/yoast-seo-wordpress\/ -->\n<title>IT-F\u00fchrungskr\u00e4fte: Tempo des digitalen Wandels versch\u00e4rft Fachkr\u00e4ftemangel - Organisator<\/title>\n<meta name=\"description\" content=\"Die digitalen Anforderungen steigen weiter. IT-F\u00fchrungskr\u00e4fte m\u00fcssen Fachkr\u00e4fte vermehrt in alternativen Talentpools suchen.\" \/>\n<meta name=\"robots\" content=\"index, follow, max-snippet:-1, max-image-preview:large, max-video-preview:-1\" \/>\n<link rel=\"canonical\" href=\"https:\/\/www.organisator.ch\/de\/human-resources\/2022-11-11\/it-fuehrungskraefte-tempo-des-digitalen-wandels-verschaerft-fachkraeftemangel\/\" \/>\n<meta property=\"og:locale\" content=\"de_DE\" \/>\n<meta property=\"og:type\" content=\"article\" \/>\n<meta property=\"og:title\" content=\"IT-F\u00fchrungskr\u00e4fte: Tempo des digitalen Wandels versch\u00e4rft Fachkr\u00e4ftemangel\" \/>\n<meta property=\"og:description\" content=\"Die digitalen Anforderungen steigen weiter. IT-F\u00fchrungskr\u00e4fte m\u00fcssen Fachkr\u00e4fte vermehrt in alternativen Talentpools suchen.\" \/>\n<meta property=\"og:url\" content=\"https:\/\/www.organisator.ch\/de\/human-resources\/2022-11-11\/it-fuehrungskraefte-tempo-des-digitalen-wandels-verschaerft-fachkraeftemangel\/\" \/>\n<meta property=\"og:site_name\" content=\"Organisator\" \/>\n<meta property=\"article:publisher\" content=\"https:\/\/www.facebook.com\/OrganisatorFachmagazin\" \/>\n<meta property=\"article:published_time\" content=\"2022-11-11T06:39:05+00:00\" \/>\n<meta property=\"og:image\" content=\"https:\/\/www.organisator.ch\/wp-content\/uploads\/2022\/11\/IT-Fuehrungskraefte-Tempo-des-digitalen-Wandels-verschaerft-Fachkraeftemangel-1_Organisator.jpg\" \/>\n\t<meta property=\"og:image:width\" content=\"680\" \/>\n\t<meta property=\"og:image:height\" content=\"383\" \/>\n\t<meta property=\"og:image:type\" content=\"image\/jpeg\" \/>\n<meta name=\"author\" content=\"thomas.berner\" \/>\n<meta name=\"twitter:card\" content=\"summary_large_image\" \/>\n<meta name=\"twitter:title\" content=\"#IT-F\u00fchrungskr\u00e4fte: Tempo des digitalen Wandels versch\u00e4rft #Fachkr\u00e4ftemangel\" \/>\n<meta name=\"twitter:description\" content=\"Die digitalen Anforderungen steigen weiter. #IT-F\u00fchrungskr\u00e4fte m\u00fcssen Fachkr\u00e4fte vermehrt in alternativen #Talentpools suchen.\" \/>\n<meta name=\"twitter:image\" content=\"https:\/\/www.organisator.ch\/wp-content\/uploads\/2022\/11\/IT-Fuehrungskraefte-Tempo-des-digitalen-Wandels-verschaerft-Fachkraeftemangel-1_Organisator.jpg\" \/>\n<script type=\"application\/ld+json\" class=\"yoast-schema-graph\">{\"@context\":\"https:\\\/\\\/schema.org\",\"@graph\":[{\"@type\":\"Article\",\"@id\":\"https:\\\/\\\/www.organisator.ch\\\/human-resources\\\/2022-11-11\\\/it-fuehrungskraefte-tempo-des-digitalen-wandels-verschaerft-fachkraeftemangel\\\/#article\",\"isPartOf\":{\"@id\":\"https:\\\/\\\/www.organisator.ch\\\/human-resources\\\/2022-11-11\\\/it-fuehrungskraefte-tempo-des-digitalen-wandels-verschaerft-fachkraeftemangel\\\/\"},\"author\":{\"name\":\"thomas.berner\",\"@id\":\"https:\\\/\\\/www.organisator.ch\\\/#\\\/schema\\\/person\\\/6f650f90b2842cd4c0cc334b4e36f67e\"},\"headline\":\"IT-F\u00fchrungskr\u00e4fte: Tempo des digitalen Wandels versch\u00e4rft Fachkr\u00e4ftemangel\",\"datePublished\":\"2022-11-11T06:39:05+00:00\",\"mainEntityOfPage\":{\"@id\":\"https:\\\/\\\/www.organisator.ch\\\/human-resources\\\/2022-11-11\\\/it-fuehrungskraefte-tempo-des-digitalen-wandels-verschaerft-fachkraeftemangel\\\/\"},\"wordCount\":852,\"publisher\":{\"@id\":\"https:\\\/\\\/www.organisator.ch\\\/#organization\"},\"image\":{\"@id\":\"https:\\\/\\\/www.organisator.ch\\\/human-resources\\\/2022-11-11\\\/it-fuehrungskraefte-tempo-des-digitalen-wandels-verschaerft-fachkraeftemangel\\\/#primaryimage\"},\"thumbnailUrl\":\"https:\\\/\\\/www.organisator.ch\\\/wp-content\\\/uploads\\\/2022\\\/11\\\/IT-Fuehrungskraefte-Tempo-des-digitalen-Wandels-verschaerft-Fachkraeftemangel-1_Organisator.jpg\",\"keywords\":[\"Fachkr\u00e4ftemangel\",\"IT\",\"Umfrage\"],\"articleSection\":[\"HUMAN RESOURCES\"],\"inLanguage\":\"de\"},{\"@type\":\"WebPage\",\"@id\":\"https:\\\/\\\/www.organisator.ch\\\/human-resources\\\/2022-11-11\\\/it-fuehrungskraefte-tempo-des-digitalen-wandels-verschaerft-fachkraeftemangel\\\/\",\"url\":\"https:\\\/\\\/www.organisator.ch\\\/human-resources\\\/2022-11-11\\\/it-fuehrungskraefte-tempo-des-digitalen-wandels-verschaerft-fachkraeftemangel\\\/\",\"name\":\"IT-F\u00fchrungskr\u00e4fte: Tempo des digitalen Wandels versch\u00e4rft Fachkr\u00e4ftemangel - Organisator\",\"isPartOf\":{\"@id\":\"https:\\\/\\\/www.organisator.ch\\\/#website\"},\"primaryImageOfPage\":{\"@id\":\"https:\\\/\\\/www.organisator.ch\\\/human-resources\\\/2022-11-11\\\/it-fuehrungskraefte-tempo-des-digitalen-wandels-verschaerft-fachkraeftemangel\\\/#primaryimage\"},\"image\":{\"@id\":\"https:\\\/\\\/www.organisator.ch\\\/human-resources\\\/2022-11-11\\\/it-fuehrungskraefte-tempo-des-digitalen-wandels-verschaerft-fachkraeftemangel\\\/#primaryimage\"},\"thumbnailUrl\":\"https:\\\/\\\/www.organisator.ch\\\/wp-content\\\/uploads\\\/2022\\\/11\\\/IT-Fuehrungskraefte-Tempo-des-digitalen-Wandels-verschaerft-Fachkraeftemangel-1_Organisator.jpg\",\"datePublished\":\"2022-11-11T06:39:05+00:00\",\"description\":\"Die digitalen Anforderungen steigen weiter. IT-F\u00fchrungskr\u00e4fte m\u00fcssen Fachkr\u00e4fte vermehrt in alternativen Talentpools suchen.\",\"breadcrumb\":{\"@id\":\"https:\\\/\\\/www.organisator.ch\\\/human-resources\\\/2022-11-11\\\/it-fuehrungskraefte-tempo-des-digitalen-wandels-verschaerft-fachkraeftemangel\\\/#breadcrumb\"},\"inLanguage\":\"de\",\"potentialAction\":[{\"@type\":\"ReadAction\",\"target\":[\"https:\\\/\\\/www.organisator.ch\\\/human-resources\\\/2022-11-11\\\/it-fuehrungskraefte-tempo-des-digitalen-wandels-verschaerft-fachkraeftemangel\\\/\"]}]},{\"@type\":\"ImageObject\",\"inLanguage\":\"de\",\"@id\":\"https:\\\/\\\/www.organisator.ch\\\/human-resources\\\/2022-11-11\\\/it-fuehrungskraefte-tempo-des-digitalen-wandels-verschaerft-fachkraeftemangel\\\/#primaryimage\",\"url\":\"https:\\\/\\\/www.organisator.ch\\\/wp-content\\\/uploads\\\/2022\\\/11\\\/IT-Fuehrungskraefte-Tempo-des-digitalen-Wandels-verschaerft-Fachkraeftemangel-1_Organisator.jpg\",\"contentUrl\":\"https:\\\/\\\/www.organisator.ch\\\/wp-content\\\/uploads\\\/2022\\\/11\\\/IT-Fuehrungskraefte-Tempo-des-digitalen-Wandels-verschaerft-Fachkraeftemangel-1_Organisator.jpg\",\"width\":680,\"height\":383,\"caption\":\"Die schnell fortschreitende digitale Transformation versch\u00e4rft den Fachkr\u00e4ftemangel weiter. Umschulungsprogramme sollen L\u00fccken schliessen. (Bild: Equinix)\"},{\"@type\":\"BreadcrumbList\",\"@id\":\"https:\\\/\\\/www.organisator.ch\\\/human-resources\\\/2022-11-11\\\/it-fuehrungskraefte-tempo-des-digitalen-wandels-verschaerft-fachkraeftemangel\\\/#breadcrumb\",\"itemListElement\":[{\"@type\":\"ListItem\",\"position\":1,\"name\":\"Home\",\"item\":\"https:\\\/\\\/www.organisator.ch\\\/\"},{\"@type\":\"ListItem\",\"position\":2,\"name\":\"IT-F\u00fchrungskr\u00e4fte: Tempo des digitalen Wandels versch\u00e4rft Fachkr\u00e4ftemangel\"}]},{\"@type\":\"WebSite\",\"@id\":\"https:\\\/\\\/www.organisator.ch\\\/#website\",\"url\":\"https:\\\/\\\/www.organisator.ch\\\/\",\"name\":\"Organisator\",\"description\":\"Kompetent. Praxisnah. Der ORGANISATOR bereitet in 10 Ausgaben pro Jahr die wesentlichen Themen f\u00fcr F\u00fchrungskr\u00e4fte von KMU auf.\",\"publisher\":{\"@id\":\"https:\\\/\\\/www.organisator.ch\\\/#organization\"},\"potentialAction\":[{\"@type\":\"SearchAction\",\"target\":{\"@type\":\"EntryPoint\",\"urlTemplate\":\"https:\\\/\\\/www.organisator.ch\\\/?s={search_term_string}\"},\"query-input\":{\"@type\":\"PropertyValueSpecification\",\"valueRequired\":true,\"valueName\":\"search_term_string\"}}],\"inLanguage\":\"de\"},{\"@type\":\"Organization\",\"@id\":\"https:\\\/\\\/www.organisator.ch\\\/#organization\",\"name\":\"Organisator\",\"url\":\"https:\\\/\\\/www.organisator.ch\\\/\",\"logo\":{\"@type\":\"ImageObject\",\"inLanguage\":\"de\",\"@id\":\"https:\\\/\\\/www.organisator.ch\\\/#\\\/schema\\\/logo\\\/image\\\/\",\"url\":\"https:\\\/\\\/www.organisator.ch\\\/wp-content\\\/uploads\\\/2022\\\/01\\\/Logo_Organisator_Website.png\",\"contentUrl\":\"https:\\\/\\\/www.organisator.ch\\\/wp-content\\\/uploads\\\/2022\\\/01\\\/Logo_Organisator_Website.png\",\"width\":800,\"height\":77,\"caption\":\"Organisator\"},\"image\":{\"@id\":\"https:\\\/\\\/www.organisator.ch\\\/#\\\/schema\\\/logo\\\/image\\\/\"},\"sameAs\":[\"https:\\\/\\\/www.facebook.com\\\/OrganisatorFachmagazin\",\"https:\\\/\\\/www.linkedin.com\\\/showcase\\\/organisator-das-magazin-fr-kmu\",\"https:\\\/\\\/www.xing.com\\\/news\\\/pages\\\/organisator-ch-695\",\"https:\\\/\\\/www.youtube.com\\\/channel\\\/UCGP2Sq0iWaZwT3BdIAQFYpw\"]},{\"@type\":\"Person\",\"@id\":\"https:\\\/\\\/www.organisator.ch\\\/#\\\/schema\\\/person\\\/6f650f90b2842cd4c0cc334b4e36f67e\",\"name\":\"thomas.berner\",\"image\":{\"@type\":\"ImageObject\",\"inLanguage\":\"de\",\"@id\":\"https:\\\/\\\/secure.gravatar.com\\\/avatar\\\/ac5001d2a36cb6c6cd3e50789007ffca834b477b74a2144564522e944eabff61?s=96&d=mm&r=g\",\"url\":\"https:\\\/\\\/secure.gravatar.com\\\/avatar\\\/ac5001d2a36cb6c6cd3e50789007ffca834b477b74a2144564522e944eabff61?s=96&d=mm&r=g\",\"contentUrl\":\"https:\\\/\\\/secure.gravatar.com\\\/avatar\\\/ac5001d2a36cb6c6cd3e50789007ffca834b477b74a2144564522e944eabff61?s=96&d=mm&r=g\",\"caption\":\"thomas.berner\"},\"url\":\"https:\\\/\\\/www.organisator.ch\\\/de\\\/author\\\/thomas-berner\\\/\"}]}<\/script>\n<!-- \/ Yoast SEO plugin. -->","yoast_head_json":{"title":"IT-F\u00fchrungskr\u00e4fte: Tempo des digitalen Wandels versch\u00e4rft Fachkr\u00e4ftemangel - Organisator","description":"Die digitalen Anforderungen steigen weiter. IT-F\u00fchrungskr\u00e4fte m\u00fcssen Fachkr\u00e4fte vermehrt in alternativen Talentpools suchen.","robots":{"index":"index","follow":"follow","max-snippet":"max-snippet:-1","max-image-preview":"max-image-preview:large","max-video-preview":"max-video-preview:-1"},"canonical":"https:\/\/www.organisator.ch\/de\/human-resources\/2022-11-11\/it-fuehrungskraefte-tempo-des-digitalen-wandels-verschaerft-fachkraeftemangel\/","og_locale":"de_DE","og_type":"article","og_title":"IT-F\u00fchrungskr\u00e4fte: Tempo des digitalen Wandels versch\u00e4rft Fachkr\u00e4ftemangel","og_description":"Die digitalen Anforderungen steigen weiter. IT-F\u00fchrungskr\u00e4fte m\u00fcssen Fachkr\u00e4fte vermehrt in alternativen Talentpools suchen.","og_url":"https:\/\/www.organisator.ch\/de\/human-resources\/2022-11-11\/it-fuehrungskraefte-tempo-des-digitalen-wandels-verschaerft-fachkraeftemangel\/","og_site_name":"Organisator","article_publisher":"https:\/\/www.facebook.com\/OrganisatorFachmagazin","article_published_time":"2022-11-11T06:39:05+00:00","og_image":[{"width":680,"height":383,"url":"https:\/\/www.organisator.ch\/wp-content\/uploads\/2022\/11\/IT-Fuehrungskraefte-Tempo-des-digitalen-Wandels-verschaerft-Fachkraeftemangel-1_Organisator.jpg","type":"image\/jpeg"}],"author":"thomas.berner","twitter_card":"summary_large_image","twitter_title":"#IT-F\u00fchrungskr\u00e4fte: Tempo des digitalen Wandels versch\u00e4rft #Fachkr\u00e4ftemangel","twitter_description":"Die digitalen Anforderungen steigen weiter. #IT-F\u00fchrungskr\u00e4fte m\u00fcssen Fachkr\u00e4fte vermehrt in alternativen #Talentpools suchen.","twitter_image":"https:\/\/www.organisator.ch\/wp-content\/uploads\/2022\/11\/IT-Fuehrungskraefte-Tempo-des-digitalen-Wandels-verschaerft-Fachkraeftemangel-1_Organisator.jpg","schema":{"@context":"https:\/\/schema.org","@graph":[{"@type":"Article","@id":"https:\/\/www.organisator.ch\/human-resources\/2022-11-11\/it-fuehrungskraefte-tempo-des-digitalen-wandels-verschaerft-fachkraeftemangel\/#article","isPartOf":{"@id":"https:\/\/www.organisator.ch\/human-resources\/2022-11-11\/it-fuehrungskraefte-tempo-des-digitalen-wandels-verschaerft-fachkraeftemangel\/"},"author":{"name":"thomas.berner","@id":"https:\/\/www.organisator.ch\/#\/schema\/person\/6f650f90b2842cd4c0cc334b4e36f67e"},"headline":"IT-F\u00fchrungskr\u00e4fte: Tempo des digitalen Wandels versch\u00e4rft Fachkr\u00e4ftemangel","datePublished":"2022-11-11T06:39:05+00:00","mainEntityOfPage":{"@id":"https:\/\/www.organisator.ch\/human-resources\/2022-11-11\/it-fuehrungskraefte-tempo-des-digitalen-wandels-verschaerft-fachkraeftemangel\/"},"wordCount":852,"publisher":{"@id":"https:\/\/www.organisator.ch\/#organization"},"image":{"@id":"https:\/\/www.organisator.ch\/human-resources\/2022-11-11\/it-fuehrungskraefte-tempo-des-digitalen-wandels-verschaerft-fachkraeftemangel\/#primaryimage"},"thumbnailUrl":"https:\/\/www.organisator.ch\/wp-content\/uploads\/2022\/11\/IT-Fuehrungskraefte-Tempo-des-digitalen-Wandels-verschaerft-Fachkraeftemangel-1_Organisator.jpg","keywords":["Fachkr\u00e4ftemangel","IT","Umfrage"],"articleSection":["HUMAN RESOURCES"],"inLanguage":"de"},{"@type":"WebPage","@id":"https:\/\/www.organisator.ch\/human-resources\/2022-11-11\/it-fuehrungskraefte-tempo-des-digitalen-wandels-verschaerft-fachkraeftemangel\/","url":"https:\/\/www.organisator.ch\/human-resources\/2022-11-11\/it-fuehrungskraefte-tempo-des-digitalen-wandels-verschaerft-fachkraeftemangel\/","name":"IT-F\u00fchrungskr\u00e4fte: Tempo des digitalen Wandels versch\u00e4rft Fachkr\u00e4ftemangel - Organisator","isPartOf":{"@id":"https:\/\/www.organisator.ch\/#website"},"primaryImageOfPage":{"@id":"https:\/\/www.organisator.ch\/human-resources\/2022-11-11\/it-fuehrungskraefte-tempo-des-digitalen-wandels-verschaerft-fachkraeftemangel\/#primaryimage"},"image":{"@id":"https:\/\/www.organisator.ch\/human-resources\/2022-11-11\/it-fuehrungskraefte-tempo-des-digitalen-wandels-verschaerft-fachkraeftemangel\/#primaryimage"},"thumbnailUrl":"https:\/\/www.organisator.ch\/wp-content\/uploads\/2022\/11\/IT-Fuehrungskraefte-Tempo-des-digitalen-Wandels-verschaerft-Fachkraeftemangel-1_Organisator.jpg","datePublished":"2022-11-11T06:39:05+00:00","description":"Die digitalen Anforderungen steigen weiter. IT-F\u00fchrungskr\u00e4fte m\u00fcssen Fachkr\u00e4fte vermehrt in alternativen Talentpools suchen.","breadcrumb":{"@id":"https:\/\/www.organisator.ch\/human-resources\/2022-11-11\/it-fuehrungskraefte-tempo-des-digitalen-wandels-verschaerft-fachkraeftemangel\/#breadcrumb"},"inLanguage":"de","potentialAction":[{"@type":"ReadAction","target":["https:\/\/www.organisator.ch\/human-resources\/2022-11-11\/it-fuehrungskraefte-tempo-des-digitalen-wandels-verschaerft-fachkraeftemangel\/"]}]},{"@type":"ImageObject","inLanguage":"de","@id":"https:\/\/www.organisator.ch\/human-resources\/2022-11-11\/it-fuehrungskraefte-tempo-des-digitalen-wandels-verschaerft-fachkraeftemangel\/#primaryimage","url":"https:\/\/www.organisator.ch\/wp-content\/uploads\/2022\/11\/IT-Fuehrungskraefte-Tempo-des-digitalen-Wandels-verschaerft-Fachkraeftemangel-1_Organisator.jpg","contentUrl":"https:\/\/www.organisator.ch\/wp-content\/uploads\/2022\/11\/IT-Fuehrungskraefte-Tempo-des-digitalen-Wandels-verschaerft-Fachkraeftemangel-1_Organisator.jpg","width":680,"height":383,"caption":"Die schnell fortschreitende digitale Transformation versch\u00e4rft den Fachkr\u00e4ftemangel weiter. Umschulungsprogramme sollen L\u00fccken schliessen. (Bild: Equinix)"},{"@type":"BreadcrumbList","@id":"https:\/\/www.organisator.ch\/human-resources\/2022-11-11\/it-fuehrungskraefte-tempo-des-digitalen-wandels-verschaerft-fachkraeftemangel\/#breadcrumb","itemListElement":[{"@type":"ListItem","position":1,"name":"Home","item":"https:\/\/www.organisator.ch\/"},{"@type":"ListItem","position":2,"name":"IT-F\u00fchrungskr\u00e4fte: Tempo des digitalen Wandels versch\u00e4rft Fachkr\u00e4ftemangel"}]},{"@type":"WebSite","@id":"https:\/\/www.organisator.ch\/#website","url":"https:\/\/www.organisator.ch\/","name":"Organisator","description":"Kompetent. Praxisnah. Der ORGANISATOR bereitet in 10 Ausgaben pro Jahr die wesentlichen Themen f\u00fcr F\u00fchrungskr\u00e4fte von KMU auf.","publisher":{"@id":"https:\/\/www.organisator.ch\/#organization"},"potentialAction":[{"@type":"SearchAction","target":{"@type":"EntryPoint","urlTemplate":"https:\/\/www.organisator.ch\/?s={search_term_string}"},"query-input":{"@type":"PropertyValueSpecification","valueRequired":true,"valueName":"search_term_string"}}],"inLanguage":"de"},{"@type":"Organization","@id":"https:\/\/www.organisator.ch\/#organization","name":"Organisator","url":"https:\/\/www.organisator.ch\/","logo":{"@type":"ImageObject","inLanguage":"de","@id":"https:\/\/www.organisator.ch\/#\/schema\/logo\/image\/","url":"https:\/\/www.organisator.ch\/wp-content\/uploads\/2022\/01\/Logo_Organisator_Website.png","contentUrl":"https:\/\/www.organisator.ch\/wp-content\/uploads\/2022\/01\/Logo_Organisator_Website.png","width":800,"height":77,"caption":"Organisator"},"image":{"@id":"https:\/\/www.organisator.ch\/#\/schema\/logo\/image\/"},"sameAs":["https:\/\/www.facebook.com\/OrganisatorFachmagazin","https:\/\/www.linkedin.com\/showcase\/organisator-das-magazin-fr-kmu","https:\/\/www.xing.com\/news\/pages\/organisator-ch-695","https:\/\/www.youtube.com\/channel\/UCGP2Sq0iWaZwT3BdIAQFYpw"]},{"@type":"Person","@id":"https:\/\/www.organisator.ch\/#\/schema\/person\/6f650f90b2842cd4c0cc334b4e36f67e","name":"thomas.berner","image":{"@type":"ImageObject","inLanguage":"de","@id":"https:\/\/secure.gravatar.com\/avatar\/ac5001d2a36cb6c6cd3e50789007ffca834b477b74a2144564522e944eabff61?s=96&d=mm&r=g","url":"https:\/\/secure.gravatar.com\/avatar\/ac5001d2a36cb6c6cd3e50789007ffca834b477b74a2144564522e944eabff61?s=96&d=mm&r=g","contentUrl":"https:\/\/secure.gravatar.com\/avatar\/ac5001d2a36cb6c6cd3e50789007ffca834b477b74a2144564522e944eabff61?s=96&d=mm&r=g","caption":"thomas.berner"},"url":"https:\/\/www.organisator.ch\/de\/author\/thomas-berner\/"}]}},"_links":{"self":[{"href":"https:\/\/www.organisator.ch\/de\/wp-json\/wp\/v2\/posts\/17783","targetHints":{"allow":["GET"]}}],"collection":[{"href":"https:\/\/www.organisator.ch\/de\/wp-json\/wp\/v2\/posts"}],"about":[{"href":"https:\/\/www.organisator.ch\/de\/wp-json\/wp\/v2\/types\/post"}],"author":[{"embeddable":true,"href":"https:\/\/www.organisator.ch\/de\/wp-json\/wp\/v2\/users\/4"}],"replies":[{"embeddable":true,"href":"https:\/\/www.organisator.ch\/de\/wp-json\/wp\/v2\/comments?post=17783"}],"version-history":[{"count":1,"href":"https:\/\/www.organisator.ch\/de\/wp-json\/wp\/v2\/posts\/17783\/revisions"}],"predecessor-version":[{"id":17786,"href":"https:\/\/www.organisator.ch\/de\/wp-json\/wp\/v2\/posts\/17783\/revisions\/17786"}],"wp:featuredmedia":[{"embeddable":true,"href":"https:\/\/www.organisator.ch\/de\/wp-json\/wp\/v2\/media\/17784"}],"wp:attachment":[{"href":"https:\/\/www.organisator.ch\/de\/wp-json\/wp\/v2\/media?parent=17783"}],"wp:term":[{"taxonomy":"category","embeddable":true,"href":"https:\/\/www.organisator.ch\/de\/wp-json\/wp\/v2\/categories?post=17783"},{"taxonomy":"post_tag","embeddable":true,"href":"https:\/\/www.organisator.ch\/de\/wp-json\/wp\/v2\/tags?post=17783"}],"curies":[{"name":"wp","href":"https:\/\/api.w.org\/{rel}","templated":true}]}}