{"id":1779,"date":"2017-04-10T12:08:33","date_gmt":"2017-04-10T10:08:33","guid":{"rendered":"https:\/\/www.organisator.ch\/?p=1779"},"modified":"2017-04-10T12:08:33","modified_gmt":"2017-04-10T10:08:33","slug":"10-jahre-prix-perspectives-bewerbungen-willkommen","status":"publish","type":"post","link":"https:\/\/www.organisator.ch\/de\/allgemein\/2017-04-10\/10-jahre-prix-perspectives-bewerbungen-willkommen\/","title":{"rendered":"10 Jahre &#8222;Prix Perspectives&#8220; \u2013 Bewerbungen willkommen"},"content":{"rendered":"<figure id=\"attachment_1780\" aria-describedby=\"caption-attachment-1780\" style=\"width: 680px\" class=\"wp-caption alignnone\"><img loading=\"lazy\" decoding=\"async\" class=\"size-medium wp-image-1780\" src=\"https:\/\/www.organisator.ch\/wp-content\/uploads\/2017\/04\/10-Jahre-Prix-Perspectives-\u2013Bewerbungen-willkommen-org-organisator.jpg\" alt=\"\" width=\"680\" height=\"454\" srcset=\"https:\/\/www.organisator.ch\/wp-content\/uploads\/2017\/04\/10-Jahre-Prix-Perspectives-\u2013Bewerbungen-willkommen-org-organisator.jpg 999w, https:\/\/www.organisator.ch\/wp-content\/uploads\/2017\/04\/10-Jahre-Prix-Perspectives-\u2013Bewerbungen-willkommen-org-organisator-680x454.jpg 680w, https:\/\/www.organisator.ch\/wp-content\/uploads\/2017\/04\/10-Jahre-Prix-Perspectives-\u2013Bewerbungen-willkommen-org-organisator-768x513.jpg 768w, https:\/\/www.organisator.ch\/wp-content\/uploads\/2017\/04\/10-Jahre-Prix-Perspectives-\u2013Bewerbungen-willkommen-org-organisator-16x12.jpg 16w, https:\/\/www.organisator.ch\/wp-content\/uploads\/2017\/04\/10-Jahre-Prix-Perspectives-\u2013Bewerbungen-willkommen-org-organisator-262x175.jpg 262w, https:\/\/www.organisator.ch\/wp-content\/uploads\/2017\/04\/10-Jahre-Prix-Perspectives-\u2013Bewerbungen-willkommen-org-organisator-524x350.jpg 524w, https:\/\/www.organisator.ch\/wp-content\/uploads\/2017\/04\/10-Jahre-Prix-Perspectives-\u2013Bewerbungen-willkommen-org-organisator-920x614.jpg 920w, https:\/\/www.organisator.ch\/wp-content\/uploads\/2017\/04\/10-Jahre-Prix-Perspectives-\u2013Bewerbungen-willkommen-org-organisator-300x200.jpg 300w\" sizes=\"auto, (max-width: 680px) 100vw, 680px\" \/><figcaption id=\"caption-attachment-1780\" class=\"wp-caption-text\">Der zehnte &#8222;Prix Perspectives&#8220; wird 2017 in Bern durchgef\u00fchrt. (depositphotos_ SashaKhala)<\/figcaption><\/figure>\n<p>Seit 10 Jahren ber\u00fccksichtigt der &#8222;Prix Perspectives&#8220; Projekte, die besonders innovativ und nachhaltig Engagements im Bereich psychischer Erkrankungen f\u00f6rdern. Psychische Erkrankungen sind ein zunehmendes Problem. F\u00fcr viele Menschen ist nach wie vor nicht greifbar, was sich hinter den verschiedenen Auspr\u00e4gungen im Bereich psychischer Erkrankungen verbirgt.<\/p>\n<p>Diese Unwissenheit f\u00fchrt zu Vorurteilen. Entsprechend schwer f\u00e4llt der Gesellschaft der Umgang mit psychisch Kranken, was Betroffenen das Leben noch weiter erschwert. Aus diesem Grund rief Janssen 2006 erstmals den &#8222;Prix Perspectives&#8220; ins Leben \u2013 ein F\u00f6rderpreis, der private oder institutionelle Hilfsprojekte in diesem Bereich mit insgesamt 25&#8217;000 CHF auszeichnet.<\/p>\n<p><strong>Wertsch\u00e4tzung und F\u00f6rderung <\/strong><\/p>\n<p>Janssen-Cilag AG ermutigt gemeinsam mit der Fachjury engagierte Menschen dazu, ihre Projekte und Aktivit\u00e4ten einzureichen. Bewerben k\u00f6nnen sich sowohl Privatpersonen, als auch organisierte Gruppen und Kliniken, die Projekte wie Selbsthilfegruppen, Betreuungsangebote und Kontaktstellen \u00a0(Hilfswerke) f\u00fcr Angeh\u00f6rige durchf\u00fchren.<\/p>\n<p>Im Vordergrund dieser Projekte sollte stehen, Betroffenen sowie Angeh\u00f6rigen zu helfen, besser mit der Krankheit umzugehen.<\/p>\n<p>Neben der Chance auf das F\u00f6rdergeld haben alle Teilnehmer die M\u00f6glichkeit, ihr Projekt beim Jahreskongress der SGPP am 15. September 2017 in Bern einem breiten Fachpublikum vorzustellen und sich untereinander auszutauschen. So unterst\u00fctzt der &#8222;Prix Perspectives&#8220; nicht nur finanziell, sondern hilft dabei, mehr Menschen auf psychische Erkrankungen und die bestehenden Hilfsangebote aufmerksam zu machen und wertvollen Helfer in ihrem Engagement zu best\u00e4rken. Denn sie leisten einen essentiellen Beitrag in diesem Bereich.<\/p>\n<p><strong>Die Gewinner 2015 <\/strong><\/p>\n<p>Wie auch in den letzten Jahren w\u00e4hlt eine Experten-Jury die Gewinnerprojekte aus. Beim Prix Perspectives im Jahr 2015 kam es zu einem Doppelsieg: Das Preisgeld wurde auf zwei ausgezeichnete Projekte aufgeteilt. Die H\u00e4lfte des Preisgeldes erhielt &#8222;Radio loco motivo&#8220;, eine Radiosendung von Menschen mit Psychiatrieerfahrung zur F\u00f6rderung von neuen Entwicklungen in der Psychiatrie. Radio loco motivo etablierte eine umfassende &#8222;Anti-Stigma-Kampagne&#8220; von der Rehabilitierung f\u00fcr Betroffene, \u00fcber den Austausch mit Angeh\u00f6rigen bis hin zur gesellschaftlichen Sensibilisierung f\u00fcr psychiatrische Themen insgesamt.<\/p>\n<p>Der zweite Gewinner war ein in Z\u00fcrich entstandener mobiler Dienst zur Wohnversorgung. Einerseits unterst\u00fctzt er betreute Wohneinrichtungen bei der Flexibilisierung ihres Angebots und der Verbesserung der Tragf\u00e4higkeit. Andererseits hilft er bei der Einrichtung neuer Angebote f\u00fcr psychisch Erkrankte, die eine eigenen Wohnung finden und halten m\u00f6chten.<\/p>\n<p><strong>Jetzt f\u00fcr den &#8222;Prix Perspectives&#8220; bewerben:<\/strong><\/p>\n<p>Der Bewerbungszeitraum erstreckt sich bis einschliesslich 1. Juni 2017. Die Preisverleihung findet am Jahreskongress der Schweizerischen Gesellschaft f\u00fcr Psychiatrie und Psychotherapie (SGPP) am 15. September 2017 in Bern statt. Weitere Informationen sowie das Bewerbungsformular und das Reglement finden Sie auf <a href=\"http:\/\/www.prixperspectives.ch\">www.prixperspectives.ch<\/a><\/p>\n<p>&nbsp;<\/p>\n<p>&nbsp;<\/p>\n","protected":false},"excerpt":{"rendered":"<p>Seit 10 Jahren ber\u00fccksichtigt der &#8222;Prix Perspectives&#8220; Projekte, die besonders innovativ und nachhaltig Engagements im Bereich psychischer Erkrankungen f\u00f6rdern. Psychische Erkrankungen sind ein zunehmendes Problem. F\u00fcr viele Menschen ist nach wie vor nicht greifbar, was sich hinter den verschiedenen Auspr\u00e4gungen im Bereich psychischer Erkrankungen verbirgt. Diese Unwissenheit f\u00fchrt zu Vorurteilen. Entsprechend schwer f\u00e4llt der Gesellschaft [&hellip;]<\/p>\n","protected":false},"author":5,"featured_media":1780,"comment_status":"open","ping_status":"open","sticky":false,"template":"","format":"standard","meta":{"_acf_changed":false,"_yoast_wpseo_focuskw":"Prix Perspectives","_yoast_wpseo_metadesc":"Bereits seit 2006 f\u00f6rdert die Janssen-Cilag AG durch die Verleihung des \"Prix Perspectives\" Projekte, die besonders innovativ und nachhaltig sind.","articlekey":"","footnotes":""},"categories":[1],"tags":[389,396],"class_list":["post-1779","post","type-post","status-publish","format-standard","has-post-thumbnail","hentry","category-allgemein","tag-prix-perspectives","tag-projektentwicklung"],"acf":[],"yoast_head":"<!-- This site is optimized with the Yoast SEO plugin v27.4 - https:\/\/yoast.com\/product\/yoast-seo-wordpress\/ -->\n<title>10 Jahre &quot;Prix Perspectives&quot; \u2013 Bewerbungen willkommen - Organisator<\/title>\n<meta name=\"description\" content=\"Bereits seit 2006 f\u00f6rdert die Janssen-Cilag AG durch die Verleihung des &quot;Prix Perspectives&quot; Projekte, die besonders innovativ und nachhaltig sind.\" \/>\n<meta name=\"robots\" content=\"index, follow, max-snippet:-1, max-image-preview:large, max-video-preview:-1\" \/>\n<link rel=\"canonical\" href=\"https:\/\/www.organisator.ch\/de\/allgemein\/2017-04-10\/10-jahre-prix-perspectives-bewerbungen-willkommen\/\" \/>\n<meta property=\"og:locale\" content=\"de_DE\" \/>\n<meta property=\"og:type\" content=\"article\" \/>\n<meta property=\"og:title\" content=\"10 Jahre &quot;Prix Perspectives&quot; \u2013 Bewerbungen willkommen - Organisator\" \/>\n<meta property=\"og:description\" content=\"Bereits seit 2006 f\u00f6rdert die Janssen-Cilag AG durch die Verleihung des &quot;Prix Perspectives&quot; Projekte, die besonders innovativ und nachhaltig sind.\" \/>\n<meta property=\"og:url\" content=\"https:\/\/www.organisator.ch\/de\/allgemein\/2017-04-10\/10-jahre-prix-perspectives-bewerbungen-willkommen\/\" \/>\n<meta property=\"og:site_name\" content=\"Organisator\" \/>\n<meta property=\"article:publisher\" content=\"https:\/\/www.facebook.com\/OrganisatorFachmagazin\" \/>\n<meta property=\"article:published_time\" content=\"2017-04-10T10:08:33+00:00\" \/>\n<meta property=\"og:image\" content=\"https:\/\/www.organisator.ch\/wp-content\/uploads\/2017\/04\/10-Jahre-Prix-Perspectives-\u2013Bewerbungen-willkommen-org-organisator.jpg\" \/>\n\t<meta property=\"og:image:width\" content=\"999\" \/>\n\t<meta property=\"og:image:height\" content=\"667\" \/>\n\t<meta property=\"og:image:type\" content=\"image\/jpeg\" \/>\n<meta name=\"author\" content=\"michael.merz\" \/>\n<meta name=\"twitter:card\" content=\"summary_large_image\" \/>\n<script type=\"application\/ld+json\" class=\"yoast-schema-graph\">{\"@context\":\"https:\\\/\\\/schema.org\",\"@graph\":[{\"@type\":\"Article\",\"@id\":\"https:\\\/\\\/www.organisator.ch\\\/it\\\/generale\\\/2017-04-10\\\/10-jahre-prix-perspectives-bewerbungen-willkommen\\\/#article\",\"isPartOf\":{\"@id\":\"https:\\\/\\\/www.organisator.ch\\\/it\\\/generale\\\/2017-04-10\\\/10-jahre-prix-perspectives-bewerbungen-willkommen\\\/\"},\"author\":{\"name\":\"michael.merz\",\"@id\":\"https:\\\/\\\/www.organisator.ch\\\/#\\\/schema\\\/person\\\/134708ca9321c57b0362cceb7948ffbd\"},\"headline\":\"10 Jahre &#8222;Prix Perspectives&#8220; \u2013 Bewerbungen willkommen\",\"datePublished\":\"2017-04-10T10:08:33+00:00\",\"mainEntityOfPage\":{\"@id\":\"https:\\\/\\\/www.organisator.ch\\\/it\\\/generale\\\/2017-04-10\\\/10-jahre-prix-perspectives-bewerbungen-willkommen\\\/\"},\"wordCount\":444,\"commentCount\":0,\"publisher\":{\"@id\":\"https:\\\/\\\/www.organisator.ch\\\/#organization\"},\"image\":{\"@id\":\"https:\\\/\\\/www.organisator.ch\\\/it\\\/generale\\\/2017-04-10\\\/10-jahre-prix-perspectives-bewerbungen-willkommen\\\/#primaryimage\"},\"thumbnailUrl\":\"https:\\\/\\\/www.organisator.ch\\\/wp-content\\\/uploads\\\/2017\\\/04\\\/10-Jahre-Prix-Perspectives-\u2013Bewerbungen-willkommen-org-organisator.jpg\",\"keywords\":[\"Prix Perspectives\",\"Projektentwicklung\"],\"inLanguage\":\"de\"},{\"@type\":\"WebPage\",\"@id\":\"https:\\\/\\\/www.organisator.ch\\\/it\\\/generale\\\/2017-04-10\\\/10-jahre-prix-perspectives-bewerbungen-willkommen\\\/\",\"url\":\"https:\\\/\\\/www.organisator.ch\\\/it\\\/generale\\\/2017-04-10\\\/10-jahre-prix-perspectives-bewerbungen-willkommen\\\/\",\"name\":\"10 Jahre \\\"Prix Perspectives\\\" \u2013 Bewerbungen willkommen - Organisator\",\"isPartOf\":{\"@id\":\"https:\\\/\\\/www.organisator.ch\\\/#website\"},\"primaryImageOfPage\":{\"@id\":\"https:\\\/\\\/www.organisator.ch\\\/it\\\/generale\\\/2017-04-10\\\/10-jahre-prix-perspectives-bewerbungen-willkommen\\\/#primaryimage\"},\"image\":{\"@id\":\"https:\\\/\\\/www.organisator.ch\\\/it\\\/generale\\\/2017-04-10\\\/10-jahre-prix-perspectives-bewerbungen-willkommen\\\/#primaryimage\"},\"thumbnailUrl\":\"https:\\\/\\\/www.organisator.ch\\\/wp-content\\\/uploads\\\/2017\\\/04\\\/10-Jahre-Prix-Perspectives-\u2013Bewerbungen-willkommen-org-organisator.jpg\",\"datePublished\":\"2017-04-10T10:08:33+00:00\",\"description\":\"Bereits seit 2006 f\u00f6rdert die Janssen-Cilag AG durch die Verleihung des \\\"Prix Perspectives\\\" Projekte, die besonders innovativ und nachhaltig sind.\",\"breadcrumb\":{\"@id\":\"https:\\\/\\\/www.organisator.ch\\\/it\\\/generale\\\/2017-04-10\\\/10-jahre-prix-perspectives-bewerbungen-willkommen\\\/#breadcrumb\"},\"inLanguage\":\"de\",\"potentialAction\":[{\"@type\":\"ReadAction\",\"target\":[\"https:\\\/\\\/www.organisator.ch\\\/it\\\/generale\\\/2017-04-10\\\/10-jahre-prix-perspectives-bewerbungen-willkommen\\\/\"]}]},{\"@type\":\"ImageObject\",\"inLanguage\":\"de\",\"@id\":\"https:\\\/\\\/www.organisator.ch\\\/it\\\/generale\\\/2017-04-10\\\/10-jahre-prix-perspectives-bewerbungen-willkommen\\\/#primaryimage\",\"url\":\"https:\\\/\\\/www.organisator.ch\\\/wp-content\\\/uploads\\\/2017\\\/04\\\/10-Jahre-Prix-Perspectives-\u2013Bewerbungen-willkommen-org-organisator.jpg\",\"contentUrl\":\"https:\\\/\\\/www.organisator.ch\\\/wp-content\\\/uploads\\\/2017\\\/04\\\/10-Jahre-Prix-Perspectives-\u2013Bewerbungen-willkommen-org-organisator.jpg\",\"width\":999,\"height\":667,\"caption\":\"Der zehnte \\\"Prix Perspectives\\\" wird 2017 zum zehnten Mal in Bern durchgef\u00fchrt. (Bild: depositphotos_ SashaKhala)\"},{\"@type\":\"BreadcrumbList\",\"@id\":\"https:\\\/\\\/www.organisator.ch\\\/it\\\/generale\\\/2017-04-10\\\/10-jahre-prix-perspectives-bewerbungen-willkommen\\\/#breadcrumb\",\"itemListElement\":[{\"@type\":\"ListItem\",\"position\":1,\"name\":\"Home\",\"item\":\"https:\\\/\\\/www.organisator.ch\\\/\"},{\"@type\":\"ListItem\",\"position\":2,\"name\":\"10 Jahre &#8222;Prix Perspectives&#8220; \u2013 Bewerbungen willkommen\"}]},{\"@type\":\"WebSite\",\"@id\":\"https:\\\/\\\/www.organisator.ch\\\/#website\",\"url\":\"https:\\\/\\\/www.organisator.ch\\\/\",\"name\":\"Organisator\",\"description\":\"Kompetent. Praxisnah. Der ORGANISATOR bereitet in 10 Ausgaben pro Jahr die wesentlichen Themen f\u00fcr F\u00fchrungskr\u00e4fte von KMU auf.\",\"publisher\":{\"@id\":\"https:\\\/\\\/www.organisator.ch\\\/#organization\"},\"potentialAction\":[{\"@type\":\"SearchAction\",\"target\":{\"@type\":\"EntryPoint\",\"urlTemplate\":\"https:\\\/\\\/www.organisator.ch\\\/?s={search_term_string}\"},\"query-input\":{\"@type\":\"PropertyValueSpecification\",\"valueRequired\":true,\"valueName\":\"search_term_string\"}}],\"inLanguage\":\"de\"},{\"@type\":\"Organization\",\"@id\":\"https:\\\/\\\/www.organisator.ch\\\/#organization\",\"name\":\"Organisator\",\"url\":\"https:\\\/\\\/www.organisator.ch\\\/\",\"logo\":{\"@type\":\"ImageObject\",\"inLanguage\":\"de\",\"@id\":\"https:\\\/\\\/www.organisator.ch\\\/#\\\/schema\\\/logo\\\/image\\\/\",\"url\":\"https:\\\/\\\/www.organisator.ch\\\/wp-content\\\/uploads\\\/2022\\\/01\\\/Logo_Organisator_Website.png\",\"contentUrl\":\"https:\\\/\\\/www.organisator.ch\\\/wp-content\\\/uploads\\\/2022\\\/01\\\/Logo_Organisator_Website.png\",\"width\":800,\"height\":77,\"caption\":\"Organisator\"},\"image\":{\"@id\":\"https:\\\/\\\/www.organisator.ch\\\/#\\\/schema\\\/logo\\\/image\\\/\"},\"sameAs\":[\"https:\\\/\\\/www.facebook.com\\\/OrganisatorFachmagazin\",\"https:\\\/\\\/www.linkedin.com\\\/showcase\\\/organisator-das-magazin-fr-kmu\",\"https:\\\/\\\/www.xing.com\\\/news\\\/pages\\\/organisator-ch-695\",\"https:\\\/\\\/www.youtube.com\\\/channel\\\/UCGP2Sq0iWaZwT3BdIAQFYpw\"]},{\"@type\":\"Person\",\"@id\":\"https:\\\/\\\/www.organisator.ch\\\/#\\\/schema\\\/person\\\/134708ca9321c57b0362cceb7948ffbd\",\"name\":\"michael.merz\",\"image\":{\"@type\":\"ImageObject\",\"inLanguage\":\"de\",\"@id\":\"https:\\\/\\\/secure.gravatar.com\\\/avatar\\\/?s=96&d=mm&r=g\",\"url\":\"https:\\\/\\\/secure.gravatar.com\\\/avatar\\\/?s=96&d=mm&r=g\",\"contentUrl\":\"https:\\\/\\\/secure.gravatar.com\\\/avatar\\\/?s=96&d=mm&r=g\",\"caption\":\"michael.merz\"},\"url\":\"https:\\\/\\\/www.organisator.ch\\\/de\\\/author\\\/michael-merz\\\/\"}]}<\/script>\n<!-- \/ Yoast SEO plugin. -->","yoast_head_json":{"title":"10 Jahre \"Prix Perspectives\" \u2013 Bewerbungen willkommen - Organisator","description":"Bereits seit 2006 f\u00f6rdert die Janssen-Cilag AG durch die Verleihung des \"Prix Perspectives\" Projekte, die besonders innovativ und nachhaltig sind.","robots":{"index":"index","follow":"follow","max-snippet":"max-snippet:-1","max-image-preview":"max-image-preview:large","max-video-preview":"max-video-preview:-1"},"canonical":"https:\/\/www.organisator.ch\/de\/allgemein\/2017-04-10\/10-jahre-prix-perspectives-bewerbungen-willkommen\/","og_locale":"de_DE","og_type":"article","og_title":"10 Jahre \"Prix Perspectives\" \u2013 Bewerbungen willkommen - Organisator","og_description":"Bereits seit 2006 f\u00f6rdert die Janssen-Cilag AG durch die Verleihung des \"Prix Perspectives\" Projekte, die besonders innovativ und nachhaltig sind.","og_url":"https:\/\/www.organisator.ch\/de\/allgemein\/2017-04-10\/10-jahre-prix-perspectives-bewerbungen-willkommen\/","og_site_name":"Organisator","article_publisher":"https:\/\/www.facebook.com\/OrganisatorFachmagazin","article_published_time":"2017-04-10T10:08:33+00:00","og_image":[{"width":999,"height":667,"url":"https:\/\/www.organisator.ch\/wp-content\/uploads\/2017\/04\/10-Jahre-Prix-Perspectives-\u2013Bewerbungen-willkommen-org-organisator.jpg","type":"image\/jpeg"}],"author":"michael.merz","twitter_card":"summary_large_image","schema":{"@context":"https:\/\/schema.org","@graph":[{"@type":"Article","@id":"https:\/\/www.organisator.ch\/it\/generale\/2017-04-10\/10-jahre-prix-perspectives-bewerbungen-willkommen\/#article","isPartOf":{"@id":"https:\/\/www.organisator.ch\/it\/generale\/2017-04-10\/10-jahre-prix-perspectives-bewerbungen-willkommen\/"},"author":{"name":"michael.merz","@id":"https:\/\/www.organisator.ch\/#\/schema\/person\/134708ca9321c57b0362cceb7948ffbd"},"headline":"10 Jahre &#8222;Prix Perspectives&#8220; \u2013 Bewerbungen willkommen","datePublished":"2017-04-10T10:08:33+00:00","mainEntityOfPage":{"@id":"https:\/\/www.organisator.ch\/it\/generale\/2017-04-10\/10-jahre-prix-perspectives-bewerbungen-willkommen\/"},"wordCount":444,"commentCount":0,"publisher":{"@id":"https:\/\/www.organisator.ch\/#organization"},"image":{"@id":"https:\/\/www.organisator.ch\/it\/generale\/2017-04-10\/10-jahre-prix-perspectives-bewerbungen-willkommen\/#primaryimage"},"thumbnailUrl":"https:\/\/www.organisator.ch\/wp-content\/uploads\/2017\/04\/10-Jahre-Prix-Perspectives-\u2013Bewerbungen-willkommen-org-organisator.jpg","keywords":["Prix Perspectives","Projektentwicklung"],"inLanguage":"de"},{"@type":"WebPage","@id":"https:\/\/www.organisator.ch\/it\/generale\/2017-04-10\/10-jahre-prix-perspectives-bewerbungen-willkommen\/","url":"https:\/\/www.organisator.ch\/it\/generale\/2017-04-10\/10-jahre-prix-perspectives-bewerbungen-willkommen\/","name":"10 Jahre \"Prix Perspectives\" \u2013 Bewerbungen willkommen - Organisator","isPartOf":{"@id":"https:\/\/www.organisator.ch\/#website"},"primaryImageOfPage":{"@id":"https:\/\/www.organisator.ch\/it\/generale\/2017-04-10\/10-jahre-prix-perspectives-bewerbungen-willkommen\/#primaryimage"},"image":{"@id":"https:\/\/www.organisator.ch\/it\/generale\/2017-04-10\/10-jahre-prix-perspectives-bewerbungen-willkommen\/#primaryimage"},"thumbnailUrl":"https:\/\/www.organisator.ch\/wp-content\/uploads\/2017\/04\/10-Jahre-Prix-Perspectives-\u2013Bewerbungen-willkommen-org-organisator.jpg","datePublished":"2017-04-10T10:08:33+00:00","description":"Bereits seit 2006 f\u00f6rdert die Janssen-Cilag AG durch die Verleihung des \"Prix Perspectives\" Projekte, die besonders innovativ und nachhaltig sind.","breadcrumb":{"@id":"https:\/\/www.organisator.ch\/it\/generale\/2017-04-10\/10-jahre-prix-perspectives-bewerbungen-willkommen\/#breadcrumb"},"inLanguage":"de","potentialAction":[{"@type":"ReadAction","target":["https:\/\/www.organisator.ch\/it\/generale\/2017-04-10\/10-jahre-prix-perspectives-bewerbungen-willkommen\/"]}]},{"@type":"ImageObject","inLanguage":"de","@id":"https:\/\/www.organisator.ch\/it\/generale\/2017-04-10\/10-jahre-prix-perspectives-bewerbungen-willkommen\/#primaryimage","url":"https:\/\/www.organisator.ch\/wp-content\/uploads\/2017\/04\/10-Jahre-Prix-Perspectives-\u2013Bewerbungen-willkommen-org-organisator.jpg","contentUrl":"https:\/\/www.organisator.ch\/wp-content\/uploads\/2017\/04\/10-Jahre-Prix-Perspectives-\u2013Bewerbungen-willkommen-org-organisator.jpg","width":999,"height":667,"caption":"Der zehnte \"Prix Perspectives\" wird 2017 zum zehnten Mal in Bern durchgef\u00fchrt. (Bild: depositphotos_ SashaKhala)"},{"@type":"BreadcrumbList","@id":"https:\/\/www.organisator.ch\/it\/generale\/2017-04-10\/10-jahre-prix-perspectives-bewerbungen-willkommen\/#breadcrumb","itemListElement":[{"@type":"ListItem","position":1,"name":"Home","item":"https:\/\/www.organisator.ch\/"},{"@type":"ListItem","position":2,"name":"10 Jahre &#8222;Prix Perspectives&#8220; \u2013 Bewerbungen willkommen"}]},{"@type":"WebSite","@id":"https:\/\/www.organisator.ch\/#website","url":"https:\/\/www.organisator.ch\/","name":"Organisator","description":"Kompetent. Praxisnah. Der ORGANISATOR bereitet in 10 Ausgaben pro Jahr die wesentlichen Themen f\u00fcr F\u00fchrungskr\u00e4fte von KMU auf.","publisher":{"@id":"https:\/\/www.organisator.ch\/#organization"},"potentialAction":[{"@type":"SearchAction","target":{"@type":"EntryPoint","urlTemplate":"https:\/\/www.organisator.ch\/?s={search_term_string}"},"query-input":{"@type":"PropertyValueSpecification","valueRequired":true,"valueName":"search_term_string"}}],"inLanguage":"de"},{"@type":"Organization","@id":"https:\/\/www.organisator.ch\/#organization","name":"Organisator","url":"https:\/\/www.organisator.ch\/","logo":{"@type":"ImageObject","inLanguage":"de","@id":"https:\/\/www.organisator.ch\/#\/schema\/logo\/image\/","url":"https:\/\/www.organisator.ch\/wp-content\/uploads\/2022\/01\/Logo_Organisator_Website.png","contentUrl":"https:\/\/www.organisator.ch\/wp-content\/uploads\/2022\/01\/Logo_Organisator_Website.png","width":800,"height":77,"caption":"Organisator"},"image":{"@id":"https:\/\/www.organisator.ch\/#\/schema\/logo\/image\/"},"sameAs":["https:\/\/www.facebook.com\/OrganisatorFachmagazin","https:\/\/www.linkedin.com\/showcase\/organisator-das-magazin-fr-kmu","https:\/\/www.xing.com\/news\/pages\/organisator-ch-695","https:\/\/www.youtube.com\/channel\/UCGP2Sq0iWaZwT3BdIAQFYpw"]},{"@type":"Person","@id":"https:\/\/www.organisator.ch\/#\/schema\/person\/134708ca9321c57b0362cceb7948ffbd","name":"michael.merz","image":{"@type":"ImageObject","inLanguage":"de","@id":"https:\/\/secure.gravatar.com\/avatar\/?s=96&d=mm&r=g","url":"https:\/\/secure.gravatar.com\/avatar\/?s=96&d=mm&r=g","contentUrl":"https:\/\/secure.gravatar.com\/avatar\/?s=96&d=mm&r=g","caption":"michael.merz"},"url":"https:\/\/www.organisator.ch\/de\/author\/michael-merz\/"}]}},"_links":{"self":[{"href":"https:\/\/www.organisator.ch\/de\/wp-json\/wp\/v2\/posts\/1779","targetHints":{"allow":["GET"]}}],"collection":[{"href":"https:\/\/www.organisator.ch\/de\/wp-json\/wp\/v2\/posts"}],"about":[{"href":"https:\/\/www.organisator.ch\/de\/wp-json\/wp\/v2\/types\/post"}],"author":[{"embeddable":true,"href":"https:\/\/www.organisator.ch\/de\/wp-json\/wp\/v2\/users\/5"}],"replies":[{"embeddable":true,"href":"https:\/\/www.organisator.ch\/de\/wp-json\/wp\/v2\/comments?post=1779"}],"version-history":[{"count":0,"href":"https:\/\/www.organisator.ch\/de\/wp-json\/wp\/v2\/posts\/1779\/revisions"}],"wp:featuredmedia":[{"embeddable":true,"href":"https:\/\/www.organisator.ch\/de\/wp-json\/wp\/v2\/media\/1780"}],"wp:attachment":[{"href":"https:\/\/www.organisator.ch\/de\/wp-json\/wp\/v2\/media?parent=1779"}],"wp:term":[{"taxonomy":"category","embeddable":true,"href":"https:\/\/www.organisator.ch\/de\/wp-json\/wp\/v2\/categories?post=1779"},{"taxonomy":"post_tag","embeddable":true,"href":"https:\/\/www.organisator.ch\/de\/wp-json\/wp\/v2\/tags?post=1779"}],"curies":[{"name":"wp","href":"https:\/\/api.w.org\/{rel}","templated":true}]}}