{"id":17812,"date":"2022-11-14T08:25:33","date_gmt":"2022-11-14T07:25:33","guid":{"rendered":"https:\/\/www.m-q.ch\/?p=17163"},"modified":"2024-11-20T10:49:48","modified_gmt":"2024-11-20T09:49:48","slug":"klimawandel-laut-axa-studie-groesste-bedrohung","status":"publish","type":"post","link":"https:\/\/www.organisator.ch\/de\/operational-excellence\/2022-11-14\/klimawandel-laut-axa-studie-groesste-bedrohung\/","title":{"rendered":"Klimawandel laut AXA-Studie gr\u00f6sste Bedrohung"},"content":{"rendered":"<figure id=\"attachment_17164\" class=\"wp-caption alignnone\" style=\"width: 680px\" aria-describedby=\"caption-attachment-17164\"><img class=\"alignnone wp-image-17164 size-full\" src=\"https:\/\/www.m-q.ch\/wp-content\/uploads\/2022\/11\/Klimawandel-laut-AXA-Studie-groesste-Bedrohung_MQ.jpg\" alt=\"Future Risk Report\" width=\"680\" height=\"536\" \/>\r\n<figcaption id=\"caption-attachment-17164\" class=\"wp-caption-text\">Der Klimawandel wird erstmals als gr\u00f6sste Bedrohung wahrgenommen. (Bild: Depositphotos.com)<\/figcaption>\r\n<\/figure>\r\n<p>Wiederum hat die AXA f\u00fcr den Future Risk Report weltweit \u00fcber 23\u2019000 Teilnehmende, bestehend aus Risikomanagement-Expertinnen und -Experten sowie Personen aus der Bev\u00f6lkerung, zu ihrer Wahrnehmung k\u00fcnftiger Risiken befragt. Erstmals in der neunj\u00e4hrigen Geschichte der Studie wurde dabei der Klimawandel als gr\u00f6sstes Risiko eingestuft. Im letzten Jahr waren es in den Vereinigten Staaten noch die Cyber-Risiken, in Asien bereiteten den Experten Pandemien und Infektionskrankheiten die gr\u00f6sste Sorge. W\u00e4hrend Gesundheitsrisiken nach wie vor in Asien und auch Afrika zu den gr\u00f6ssten Bedrohungen z\u00e4hlen, wurde das Pandemierisiko in Europa und Amerika in diesem Jahr von wirtschaftlichen und geopolitischen Risiken nach unten verdr\u00e4ngt.<\/p>\r\n<h3>Klimawandel global gr\u00f6sste Bedrohung<\/h3>\r\n<p>In der Schweiz sind 76 Prozent der Experten besorgt \u00fcber die Risiken und Auswirkungen des Klimawandels (11 Prozent mehr als im Vorjahr). Wie bereits vor einem Jahr sch\u00e4tzten sie den Klimawandel somit erneut als gr\u00f6sste Bedrohung ein. Zum ersten Mal seit Durchf\u00fchrung der Studie sind nun auch die Experten aller Regionen dieser Meinung \u2013 im letzten Jahr belegte der Klimawandel im regionalen Vergleich lediglich in Europa den ersten Platz. Bemerkenswert ist zudem der Umstand, dass dem Klimawandel neu auch von den befragten Personen aus der US-Bev\u00f6lkerung das gr\u00f6sste Bedrohungspotenzial zugeschrieben wurde. Die einzigen regionalen Ausnahmen bilden die befragten Personen aus den Bev\u00f6lkerungen in Afrika und Asien \u2013 aus ihrer Sicht werden in den kommenden Jahren nach wie vor Gesundheitsrisiken das gr\u00f6sste Gefahrenpotenzial bilden.<\/p>\r\n<p>Das Vertrauen in die \u00f6ffentlichen Institutionen, gegen den Klimawandel anzuk\u00e4mpfen, hat gegen\u00fcber dem Vorjahr abgenommen: Lediglich 14 Prozent der globalen Expertinnen und 27 Prozent der Personen aus der Bev\u00f6lkerung gaben an, die Beh\u00f6rden seien auf die kommenden Risiken vorbereitet. Bei der Durchf\u00fchrung vor einem Jahr waren es beidseits noch 5 Prozent mehr.<\/p>\r\n<h3>Wirtschaftliche Risiken steigen<\/h3>\r\n<p>Zus\u00e4tzlich befeuert wird die aktuelle Bedrohungslage vom Ukrainekrieg und den damit verbundenen geo- und wirtschaftspolitischen Problemen. Erstmals finden sich drei wirtschaftliche Risiken in den Top 10 der globalen Rangliste (Finanzstabilit\u00e4t, makro\u00f6konomische Risiken, Risiken der Geld- und Fiskalpolitik). Sie materialisieren sich in steigenden Energie- und Nahrungsmittelpreisen sowie Inflationsraten, und bergen gem\u00e4ss Expertinnen ein zunehmendes Potenzial sozialer Unruhen und Bewegungen. Auch in der Schweiz wirkten sich die Umst\u00e4nde des Krieges auf die Prognosen der Experten aus: Energieversorgung (Rang 4) und makro\u00f6konomische Bedrohungen (Rang 9) finden sich neu unter den zehn gr\u00f6ssten Risiken.<\/p>\r\n<p>Gleichzeitig wurden auch geopolitische Spannungen von 64 Prozent der Schweizer Experten zu den Top-Risiken gez\u00e4hlt \u2013 20 Prozent mehr als noch im Vorjahr.<\/p>\r\n<h3>Schweiz sieht sich beim Klimawandel weniger gef\u00e4hrdet<\/h3>\r\n<p>Die befragten Risikomanagement-Expertinnen und -Experten sch\u00e4tzten die globale Bev\u00f6lkerung als zunehmend gef\u00e4hrdeter ein. 89 Prozent \u2013 und somit f\u00fcnf Prozent mehr als im Vorjahr \u2013 waren der Meinung, sie sei heute vulnerabler als noch w\u00e4hrend der letzten f\u00fcnf Jahre. Obwohl auch die Schweizer Experten die globale Bev\u00f6lkerung (86 Prozent), die Bev\u00f6lkerung ihres Kontinents (84 Prozent) sowie ihre eigene Landesbev\u00f6lkerung (56 Prozent) als mehrheitlich gef\u00e4hrdeter wahrnehmen, erachten sie ihre Stadtbev\u00f6lkerung (42 Prozent) als einzige Experten im globalen Vergleich als mehrheitlich resistenter oder zumindest gleich resistent gegen\u00fcber Risiken als noch w\u00e4hrend der letzten f\u00fcnf Jahre.<\/p>\r\n<p>Auch wenn der Klimawandel als grosse Bedrohung gesehen wird, scheinen <a href=\"https:\/\/www.m-q.ch\/de\/klimarisiken-als-langfristige-herausforderung-fuer-unternehmen\/\">Klimarisiken in Unternehmen immer noch unterbewertet zu sein, wie k\u00fcrzlich eine andere Studie herausfand<\/a>.<\/p>\r\n<p><em>Quelle: <a href=\"https:\/\/www.axa.ch\/de\/privatkunden.html\">Axa<\/a><\/em><\/p>\r\n<blockquote>\r\n<h3>Risikowahrnehmung der Schweizer Bev\u00f6lkerung<\/h3>\r\n<p>Die Studie macht auch deutlich, dass Risiken von der Bev\u00f6lkerung nicht immer gleich eingesch\u00e4tzt werden wie von den Experten. Folgende zehn Risiken stellen aus Sicht der Schweizerinnen und Schweizer die gr\u00f6ssten k\u00fcnftigen Bedrohungen dar:<\/p>\r\n<ol>\r\n\t<li>Klimawandel<\/li>\r\n\t<li>Pandemien und Infektionskrankheiten<\/li>\r\n\t<li>Umweltverschmutzung<\/li>\r\n\t<li>Energieversorgung<\/li>\r\n\t<li>Cyber-Risiken<\/li>\r\n\t<li>Geopolitische Instabilit\u00e4t<\/li>\r\n\t<li>Soziale Spannungen und Bewegungen<\/li>\r\n\t<li>Neue Sicherheitsbedrohungen und Terrorismus<\/li>\r\n\t<li>Nat\u00fcrliche Ressourcen und Biodiversit\u00e4t<\/li>\r\n\t<li>Finanzstabilit\u00e4t<\/li>\r\n<\/ol>\r\n<p>Zwischen Mai und Juni 2022 nahmen knapp 4\u2019500 Risikomanagement-Expertinnen und -Experten aus 58 L\u00e4ndern sowie 19\u2019000 Personen aus der Bev\u00f6lkerung 15 verschiedener L\u00e4nder an der Befragung zum Future Risk Report 2022 teil. Sie wurden dazu befragt, welchen Risiken sich die Gesellschaft k\u00fcnftig am st\u00e4rksten ausgesetzt sehen wird.\u00a0<\/p>\r\n<\/blockquote>\n<p class=\"syndicated-attribution\">Dieser Beitrag erschien urspr\u00fcnglich auf m-q.ch - <a href=\"https:\/\/www.m-q.ch\/de\/klimawandel-laut-axa-studie-groesste-bedrohung\/\" target=\"_blank\">https:\/\/www.m-q.ch\/de\/klimawandel-laut-axa-studie-groesste-bedrohung\/<\/a><\/p>","protected":false},"excerpt":{"rendered":"<p>Wiederum hat die AXA f\u00fcr den Future Risk Report weltweit \u00fcber 23\u2019000 Teilnehmende, bestehend aus Risikomanagement-Expertinnen und -Experten sowie Personen aus der Bev\u00f6lkerung, zu ihrer Wahrnehmung k\u00fcnftiger Risiken befragt. Erstmals in der neunj\u00e4hrigen Geschichte der Studie wurde dabei der Klimawandel als gr\u00f6sstes Risiko eingestuft. Im letzten Jahr waren es in den Vereinigten Staaten noch die [\u2026]<\/p>\n","protected":false},"author":8,"featured_media":0,"comment_status":"closed","ping_status":"closed","sticky":false,"template":"","format":"standard","meta":{"_acf_changed":false,"_yoast_wpseo_focuskw":"Future Risk Report","_yoast_wpseo_metadesc":"Future Risk Report 2022: Klimawandel erstmals als gr\u00f6sste Bedrohung wahrgenommen. Experten sind besorgt.","articlekey":"","footnotes":""},"categories":[582],"tags":[],"class_list":["post-17812","post","type-post","status-publish","format-standard","hentry","category-operational-excellence"],"acf":[],"yoast_head":"<!-- This site is optimized with the Yoast SEO plugin v27.5 - https:\/\/yoast.com\/product\/yoast-seo-wordpress\/ -->\n<title>Klimawandel laut AXA-Studie gr\u00f6sste Bedrohung - Organisator<\/title>\n<meta name=\"description\" content=\"Future Risk Report 2022: Klimawandel erstmals als gr\u00f6sste Bedrohung wahrgenommen. Experten sind besorgt.\" \/>\n<meta name=\"robots\" content=\"index, follow, max-snippet:-1, max-image-preview:large, max-video-preview:-1\" \/>\n<link rel=\"canonical\" href=\"https:\/\/www.organisator.ch\/de\/operational-excellence\/2022-11-14\/klimawandel-laut-axa-studie-groesste-bedrohung\/\" \/>\n<meta property=\"og:locale\" content=\"de_DE\" \/>\n<meta property=\"og:type\" content=\"article\" \/>\n<meta property=\"og:title\" content=\"Klimawandel laut AXA-Studie gr\u00f6sste Bedrohung - Organisator\" \/>\n<meta property=\"og:description\" content=\"Future Risk Report 2022: Klimawandel erstmals als gr\u00f6sste Bedrohung wahrgenommen. Experten sind besorgt.\" \/>\n<meta property=\"og:url\" content=\"https:\/\/www.organisator.ch\/de\/operational-excellence\/2022-11-14\/klimawandel-laut-axa-studie-groesste-bedrohung\/\" \/>\n<meta property=\"og:site_name\" content=\"Organisator\" \/>\n<meta property=\"article:publisher\" content=\"https:\/\/www.facebook.com\/OrganisatorFachmagazin\" \/>\n<meta property=\"article:published_time\" content=\"2022-11-14T07:25:33+00:00\" \/>\n<meta property=\"article:modified_time\" content=\"2024-11-20T09:49:48+00:00\" \/>\n<meta property=\"og:image\" content=\"https:\/\/www.organisator.ch\/wp-content\/uploads\/2022\/10\/Lehrstellen-Angebot-im-Jahr-2023-moeglicherweise-kleiner_Organisator.jpg\" \/>\n\t<meta property=\"og:image:width\" content=\"680\" \/>\n\t<meta property=\"og:image:height\" content=\"453\" \/>\n\t<meta property=\"og:image:type\" content=\"image\/jpeg\" \/>\n<meta name=\"author\" content=\"galledia\" \/>\n<meta name=\"twitter:card\" content=\"summary_large_image\" \/>\n<meta name=\"twitter:creator\" content=\"@admin\" \/>\n<script type=\"application\/ld+json\" class=\"yoast-schema-graph\">{\"@context\":\"https:\\\/\\\/schema.org\",\"@graph\":[{\"@type\":\"Article\",\"@id\":\"https:\\\/\\\/www.organisator.ch\\\/operational-excellence\\\/2022-11-14\\\/klimawandel-laut-axa-studie-groesste-bedrohung\\\/#article\",\"isPartOf\":{\"@id\":\"https:\\\/\\\/www.organisator.ch\\\/operational-excellence\\\/2022-11-14\\\/klimawandel-laut-axa-studie-groesste-bedrohung\\\/\"},\"author\":{\"name\":\"galledia\",\"@id\":\"https:\\\/\\\/www.organisator.ch\\\/#\\\/schema\\\/person\\\/4e51799071cd2dd1232ac003643ef5f0\"},\"headline\":\"Klimawandel laut AXA-Studie gr\u00f6sste Bedrohung\",\"datePublished\":\"2022-11-14T07:25:33+00:00\",\"dateModified\":\"2024-11-20T09:49:48+00:00\",\"mainEntityOfPage\":{\"@id\":\"https:\\\/\\\/www.organisator.ch\\\/operational-excellence\\\/2022-11-14\\\/klimawandel-laut-axa-studie-groesste-bedrohung\\\/\"},\"wordCount\":680,\"publisher\":{\"@id\":\"https:\\\/\\\/www.organisator.ch\\\/#organization\"},\"image\":{\"@id\":\"https:\\\/\\\/www.organisator.ch\\\/operational-excellence\\\/2022-11-14\\\/klimawandel-laut-axa-studie-groesste-bedrohung\\\/#primaryimage\"},\"thumbnailUrl\":\"https:\\\/\\\/www.m-q.ch\\\/wp-content\\\/uploads\\\/2022\\\/11\\\/Klimawandel-laut-AXA-Studie-groesste-Bedrohung_MQ.jpg\",\"articleSection\":[\"OPERATIONAL EXCELLENCE\"],\"inLanguage\":\"de\"},{\"@type\":\"WebPage\",\"@id\":\"https:\\\/\\\/www.organisator.ch\\\/operational-excellence\\\/2022-11-14\\\/klimawandel-laut-axa-studie-groesste-bedrohung\\\/\",\"url\":\"https:\\\/\\\/www.organisator.ch\\\/operational-excellence\\\/2022-11-14\\\/klimawandel-laut-axa-studie-groesste-bedrohung\\\/\",\"name\":\"Klimawandel laut AXA-Studie gr\u00f6sste Bedrohung - Organisator\",\"isPartOf\":{\"@id\":\"https:\\\/\\\/www.organisator.ch\\\/#website\"},\"primaryImageOfPage\":{\"@id\":\"https:\\\/\\\/www.organisator.ch\\\/operational-excellence\\\/2022-11-14\\\/klimawandel-laut-axa-studie-groesste-bedrohung\\\/#primaryimage\"},\"image\":{\"@id\":\"https:\\\/\\\/www.organisator.ch\\\/operational-excellence\\\/2022-11-14\\\/klimawandel-laut-axa-studie-groesste-bedrohung\\\/#primaryimage\"},\"thumbnailUrl\":\"https:\\\/\\\/www.m-q.ch\\\/wp-content\\\/uploads\\\/2022\\\/11\\\/Klimawandel-laut-AXA-Studie-groesste-Bedrohung_MQ.jpg\",\"datePublished\":\"2022-11-14T07:25:33+00:00\",\"dateModified\":\"2024-11-20T09:49:48+00:00\",\"description\":\"Future Risk Report 2022: Klimawandel erstmals als gr\u00f6sste Bedrohung wahrgenommen. Experten sind besorgt.\",\"breadcrumb\":{\"@id\":\"https:\\\/\\\/www.organisator.ch\\\/operational-excellence\\\/2022-11-14\\\/klimawandel-laut-axa-studie-groesste-bedrohung\\\/#breadcrumb\"},\"inLanguage\":\"de\",\"potentialAction\":[{\"@type\":\"ReadAction\",\"target\":[\"https:\\\/\\\/www.organisator.ch\\\/operational-excellence\\\/2022-11-14\\\/klimawandel-laut-axa-studie-groesste-bedrohung\\\/\"]}]},{\"@type\":\"ImageObject\",\"inLanguage\":\"de\",\"@id\":\"https:\\\/\\\/www.organisator.ch\\\/operational-excellence\\\/2022-11-14\\\/klimawandel-laut-axa-studie-groesste-bedrohung\\\/#primaryimage\",\"url\":\"https:\\\/\\\/www.m-q.ch\\\/wp-content\\\/uploads\\\/2022\\\/11\\\/Klimawandel-laut-AXA-Studie-groesste-Bedrohung_MQ.jpg\",\"contentUrl\":\"https:\\\/\\\/www.m-q.ch\\\/wp-content\\\/uploads\\\/2022\\\/11\\\/Klimawandel-laut-AXA-Studie-groesste-Bedrohung_MQ.jpg\"},{\"@type\":\"BreadcrumbList\",\"@id\":\"https:\\\/\\\/www.organisator.ch\\\/operational-excellence\\\/2022-11-14\\\/klimawandel-laut-axa-studie-groesste-bedrohung\\\/#breadcrumb\",\"itemListElement\":[{\"@type\":\"ListItem\",\"position\":1,\"name\":\"Home\",\"item\":\"https:\\\/\\\/www.organisator.ch\\\/\"},{\"@type\":\"ListItem\",\"position\":2,\"name\":\"Klimawandel laut AXA-Studie gr\u00f6sste Bedrohung\"}]},{\"@type\":\"WebSite\",\"@id\":\"https:\\\/\\\/www.organisator.ch\\\/#website\",\"url\":\"https:\\\/\\\/www.organisator.ch\\\/\",\"name\":\"Organisator\",\"description\":\"Kompetent. Praxisnah. Der ORGANISATOR bereitet in 10 Ausgaben pro Jahr die wesentlichen Themen f\u00fcr F\u00fchrungskr\u00e4fte von KMU auf.\",\"publisher\":{\"@id\":\"https:\\\/\\\/www.organisator.ch\\\/#organization\"},\"potentialAction\":[{\"@type\":\"SearchAction\",\"target\":{\"@type\":\"EntryPoint\",\"urlTemplate\":\"https:\\\/\\\/www.organisator.ch\\\/?s={search_term_string}\"},\"query-input\":{\"@type\":\"PropertyValueSpecification\",\"valueRequired\":true,\"valueName\":\"search_term_string\"}}],\"inLanguage\":\"de\"},{\"@type\":\"Organization\",\"@id\":\"https:\\\/\\\/www.organisator.ch\\\/#organization\",\"name\":\"Organisator\",\"url\":\"https:\\\/\\\/www.organisator.ch\\\/\",\"logo\":{\"@type\":\"ImageObject\",\"inLanguage\":\"de\",\"@id\":\"https:\\\/\\\/www.organisator.ch\\\/#\\\/schema\\\/logo\\\/image\\\/\",\"url\":\"https:\\\/\\\/www.organisator.ch\\\/wp-content\\\/uploads\\\/2022\\\/01\\\/Logo_Organisator_Website.png\",\"contentUrl\":\"https:\\\/\\\/www.organisator.ch\\\/wp-content\\\/uploads\\\/2022\\\/01\\\/Logo_Organisator_Website.png\",\"width\":800,\"height\":77,\"caption\":\"Organisator\"},\"image\":{\"@id\":\"https:\\\/\\\/www.organisator.ch\\\/#\\\/schema\\\/logo\\\/image\\\/\"},\"sameAs\":[\"https:\\\/\\\/www.facebook.com\\\/OrganisatorFachmagazin\",\"https:\\\/\\\/www.linkedin.com\\\/showcase\\\/organisator-das-magazin-fr-kmu\",\"https:\\\/\\\/www.xing.com\\\/news\\\/pages\\\/organisator-ch-695\",\"https:\\\/\\\/www.youtube.com\\\/channel\\\/UCGP2Sq0iWaZwT3BdIAQFYpw\"]},{\"@type\":\"Person\",\"@id\":\"https:\\\/\\\/www.organisator.ch\\\/#\\\/schema\\\/person\\\/4e51799071cd2dd1232ac003643ef5f0\",\"name\":\"galledia\",\"image\":{\"@type\":\"ImageObject\",\"inLanguage\":\"de\",\"@id\":\"https:\\\/\\\/secure.gravatar.com\\\/avatar\\\/78a7f90c01fc2bfc875782a0d4922b37cde2cf184ce347b91316d23cd7f69a36?s=96&d=mm&r=g\",\"url\":\"https:\\\/\\\/secure.gravatar.com\\\/avatar\\\/78a7f90c01fc2bfc875782a0d4922b37cde2cf184ce347b91316d23cd7f69a36?s=96&d=mm&r=g\",\"contentUrl\":\"https:\\\/\\\/secure.gravatar.com\\\/avatar\\\/78a7f90c01fc2bfc875782a0d4922b37cde2cf184ce347b91316d23cd7f69a36?s=96&d=mm&r=g\",\"caption\":\"galledia\"},\"sameAs\":[\"https:\\\/\\\/x.com\\\/admin\"],\"url\":\"https:\\\/\\\/www.organisator.ch\\\/de\\\/author\\\/galledia\\\/\"}]}<\/script>\n<!-- \/ Yoast SEO plugin. -->","yoast_head_json":{"title":"Klimawandel laut AXA-Studie gr\u00f6sste Bedrohung - Organisator","description":"Future Risk Report 2022: Klimawandel erstmals als gr\u00f6sste Bedrohung wahrgenommen. Experten sind besorgt.","robots":{"index":"index","follow":"follow","max-snippet":"max-snippet:-1","max-image-preview":"max-image-preview:large","max-video-preview":"max-video-preview:-1"},"canonical":"https:\/\/www.organisator.ch\/de\/operational-excellence\/2022-11-14\/klimawandel-laut-axa-studie-groesste-bedrohung\/","og_locale":"de_DE","og_type":"article","og_title":"Klimawandel laut AXA-Studie gr\u00f6sste Bedrohung - Organisator","og_description":"Future Risk Report 2022: Klimawandel erstmals als gr\u00f6sste Bedrohung wahrgenommen. Experten sind besorgt.","og_url":"https:\/\/www.organisator.ch\/de\/operational-excellence\/2022-11-14\/klimawandel-laut-axa-studie-groesste-bedrohung\/","og_site_name":"Organisator","article_publisher":"https:\/\/www.facebook.com\/OrganisatorFachmagazin","article_published_time":"2022-11-14T07:25:33+00:00","article_modified_time":"2024-11-20T09:49:48+00:00","og_image":[{"width":680,"height":453,"url":"https:\/\/www.organisator.ch\/wp-content\/uploads\/2022\/10\/Lehrstellen-Angebot-im-Jahr-2023-moeglicherweise-kleiner_Organisator.jpg","type":"image\/jpeg"}],"author":"galledia","twitter_card":"summary_large_image","twitter_creator":"@admin","schema":{"@context":"https:\/\/schema.org","@graph":[{"@type":"Article","@id":"https:\/\/www.organisator.ch\/operational-excellence\/2022-11-14\/klimawandel-laut-axa-studie-groesste-bedrohung\/#article","isPartOf":{"@id":"https:\/\/www.organisator.ch\/operational-excellence\/2022-11-14\/klimawandel-laut-axa-studie-groesste-bedrohung\/"},"author":{"name":"galledia","@id":"https:\/\/www.organisator.ch\/#\/schema\/person\/4e51799071cd2dd1232ac003643ef5f0"},"headline":"Klimawandel laut AXA-Studie gr\u00f6sste Bedrohung","datePublished":"2022-11-14T07:25:33+00:00","dateModified":"2024-11-20T09:49:48+00:00","mainEntityOfPage":{"@id":"https:\/\/www.organisator.ch\/operational-excellence\/2022-11-14\/klimawandel-laut-axa-studie-groesste-bedrohung\/"},"wordCount":680,"publisher":{"@id":"https:\/\/www.organisator.ch\/#organization"},"image":{"@id":"https:\/\/www.organisator.ch\/operational-excellence\/2022-11-14\/klimawandel-laut-axa-studie-groesste-bedrohung\/#primaryimage"},"thumbnailUrl":"https:\/\/www.m-q.ch\/wp-content\/uploads\/2022\/11\/Klimawandel-laut-AXA-Studie-groesste-Bedrohung_MQ.jpg","articleSection":["OPERATIONAL EXCELLENCE"],"inLanguage":"de"},{"@type":"WebPage","@id":"https:\/\/www.organisator.ch\/operational-excellence\/2022-11-14\/klimawandel-laut-axa-studie-groesste-bedrohung\/","url":"https:\/\/www.organisator.ch\/operational-excellence\/2022-11-14\/klimawandel-laut-axa-studie-groesste-bedrohung\/","name":"Klimawandel laut AXA-Studie gr\u00f6sste Bedrohung - Organisator","isPartOf":{"@id":"https:\/\/www.organisator.ch\/#website"},"primaryImageOfPage":{"@id":"https:\/\/www.organisator.ch\/operational-excellence\/2022-11-14\/klimawandel-laut-axa-studie-groesste-bedrohung\/#primaryimage"},"image":{"@id":"https:\/\/www.organisator.ch\/operational-excellence\/2022-11-14\/klimawandel-laut-axa-studie-groesste-bedrohung\/#primaryimage"},"thumbnailUrl":"https:\/\/www.m-q.ch\/wp-content\/uploads\/2022\/11\/Klimawandel-laut-AXA-Studie-groesste-Bedrohung_MQ.jpg","datePublished":"2022-11-14T07:25:33+00:00","dateModified":"2024-11-20T09:49:48+00:00","description":"Future Risk Report 2022: Klimawandel erstmals als gr\u00f6sste Bedrohung wahrgenommen. Experten sind besorgt.","breadcrumb":{"@id":"https:\/\/www.organisator.ch\/operational-excellence\/2022-11-14\/klimawandel-laut-axa-studie-groesste-bedrohung\/#breadcrumb"},"inLanguage":"de","potentialAction":[{"@type":"ReadAction","target":["https:\/\/www.organisator.ch\/operational-excellence\/2022-11-14\/klimawandel-laut-axa-studie-groesste-bedrohung\/"]}]},{"@type":"ImageObject","inLanguage":"de","@id":"https:\/\/www.organisator.ch\/operational-excellence\/2022-11-14\/klimawandel-laut-axa-studie-groesste-bedrohung\/#primaryimage","url":"https:\/\/www.m-q.ch\/wp-content\/uploads\/2022\/11\/Klimawandel-laut-AXA-Studie-groesste-Bedrohung_MQ.jpg","contentUrl":"https:\/\/www.m-q.ch\/wp-content\/uploads\/2022\/11\/Klimawandel-laut-AXA-Studie-groesste-Bedrohung_MQ.jpg"},{"@type":"BreadcrumbList","@id":"https:\/\/www.organisator.ch\/operational-excellence\/2022-11-14\/klimawandel-laut-axa-studie-groesste-bedrohung\/#breadcrumb","itemListElement":[{"@type":"ListItem","position":1,"name":"Home","item":"https:\/\/www.organisator.ch\/"},{"@type":"ListItem","position":2,"name":"Klimawandel laut AXA-Studie gr\u00f6sste Bedrohung"}]},{"@type":"WebSite","@id":"https:\/\/www.organisator.ch\/#website","url":"https:\/\/www.organisator.ch\/","name":"Organisator","description":"Kompetent. Praxisnah. Der ORGANISATOR bereitet in 10 Ausgaben pro Jahr die wesentlichen Themen f\u00fcr F\u00fchrungskr\u00e4fte von KMU auf.","publisher":{"@id":"https:\/\/www.organisator.ch\/#organization"},"potentialAction":[{"@type":"SearchAction","target":{"@type":"EntryPoint","urlTemplate":"https:\/\/www.organisator.ch\/?s={search_term_string}"},"query-input":{"@type":"PropertyValueSpecification","valueRequired":true,"valueName":"search_term_string"}}],"inLanguage":"de"},{"@type":"Organization","@id":"https:\/\/www.organisator.ch\/#organization","name":"Organisator","url":"https:\/\/www.organisator.ch\/","logo":{"@type":"ImageObject","inLanguage":"de","@id":"https:\/\/www.organisator.ch\/#\/schema\/logo\/image\/","url":"https:\/\/www.organisator.ch\/wp-content\/uploads\/2022\/01\/Logo_Organisator_Website.png","contentUrl":"https:\/\/www.organisator.ch\/wp-content\/uploads\/2022\/01\/Logo_Organisator_Website.png","width":800,"height":77,"caption":"Organisator"},"image":{"@id":"https:\/\/www.organisator.ch\/#\/schema\/logo\/image\/"},"sameAs":["https:\/\/www.facebook.com\/OrganisatorFachmagazin","https:\/\/www.linkedin.com\/showcase\/organisator-das-magazin-fr-kmu","https:\/\/www.xing.com\/news\/pages\/organisator-ch-695","https:\/\/www.youtube.com\/channel\/UCGP2Sq0iWaZwT3BdIAQFYpw"]},{"@type":"Person","@id":"https:\/\/www.organisator.ch\/#\/schema\/person\/4e51799071cd2dd1232ac003643ef5f0","name":"galledia","image":{"@type":"ImageObject","inLanguage":"de","@id":"https:\/\/secure.gravatar.com\/avatar\/78a7f90c01fc2bfc875782a0d4922b37cde2cf184ce347b91316d23cd7f69a36?s=96&d=mm&r=g","url":"https:\/\/secure.gravatar.com\/avatar\/78a7f90c01fc2bfc875782a0d4922b37cde2cf184ce347b91316d23cd7f69a36?s=96&d=mm&r=g","contentUrl":"https:\/\/secure.gravatar.com\/avatar\/78a7f90c01fc2bfc875782a0d4922b37cde2cf184ce347b91316d23cd7f69a36?s=96&d=mm&r=g","caption":"galledia"},"sameAs":["https:\/\/x.com\/admin"],"url":"https:\/\/www.organisator.ch\/de\/author\/galledia\/"}]}},"_links":{"self":[{"href":"https:\/\/www.organisator.ch\/de\/wp-json\/wp\/v2\/posts\/17812","targetHints":{"allow":["GET"]}}],"collection":[{"href":"https:\/\/www.organisator.ch\/de\/wp-json\/wp\/v2\/posts"}],"about":[{"href":"https:\/\/www.organisator.ch\/de\/wp-json\/wp\/v2\/types\/post"}],"author":[{"embeddable":true,"href":"https:\/\/www.organisator.ch\/de\/wp-json\/wp\/v2\/users\/8"}],"replies":[{"embeddable":true,"href":"https:\/\/www.organisator.ch\/de\/wp-json\/wp\/v2\/comments?post=17812"}],"version-history":[{"count":4,"href":"https:\/\/www.organisator.ch\/de\/wp-json\/wp\/v2\/posts\/17812\/revisions"}],"predecessor-version":[{"id":33638,"href":"https:\/\/www.organisator.ch\/de\/wp-json\/wp\/v2\/posts\/17812\/revisions\/33638"}],"wp:attachment":[{"href":"https:\/\/www.organisator.ch\/de\/wp-json\/wp\/v2\/media?parent=17812"}],"wp:term":[{"taxonomy":"category","embeddable":true,"href":"https:\/\/www.organisator.ch\/de\/wp-json\/wp\/v2\/categories?post=17812"},{"taxonomy":"post_tag","embeddable":true,"href":"https:\/\/www.organisator.ch\/de\/wp-json\/wp\/v2\/tags?post=17812"}],"curies":[{"name":"wp","href":"https:\/\/api.w.org\/{rel}","templated":true}]}}