{"id":17837,"date":"2022-11-16T11:04:05","date_gmt":"2022-11-16T10:04:05","guid":{"rendered":"https:\/\/www.organisator.ch\/?p=17837"},"modified":"2022-11-16T11:04:05","modified_gmt":"2022-11-16T10:04:05","slug":"abacus-stellt-weichen-fuer-die-weitere-zukunft","status":"publish","type":"post","link":"https:\/\/www.organisator.ch\/de\/management\/2022-11-16\/abacus-stellt-weichen-fuer-die-weitere-zukunft\/","title":{"rendered":"Abacus stellt Weichen f\u00fcr die weitere Zukunft"},"content":{"rendered":"<figure id=\"attachment_17838\" aria-describedby=\"caption-attachment-17838\" style=\"width: 680px\" class=\"wp-caption alignnone\"><img loading=\"lazy\" decoding=\"async\" class=\"size-full wp-image-17838\" src=\"https:\/\/www.organisator.ch\/wp-content\/uploads\/2022\/11\/Abacus-stellt-Weichen-fuer-die-weitere-Zukunft_Organisator.jpg\" alt=\"\" width=\"680\" height=\"473\" srcset=\"https:\/\/www.organisator.ch\/wp-content\/uploads\/2022\/11\/Abacus-stellt-Weichen-fuer-die-weitere-Zukunft_Organisator.jpg 680w, https:\/\/www.organisator.ch\/wp-content\/uploads\/2022\/11\/Abacus-stellt-Weichen-fuer-die-weitere-Zukunft_Organisator-18x12.jpg 18w, https:\/\/www.organisator.ch\/wp-content\/uploads\/2022\/11\/Abacus-stellt-Weichen-fuer-die-weitere-Zukunft_Organisator-375x261.jpg 375w, https:\/\/www.organisator.ch\/wp-content\/uploads\/2022\/11\/Abacus-stellt-Weichen-fuer-die-weitere-Zukunft_Organisator-503x350.jpg 503w\" sizes=\"auto, (max-width: 680px) 100vw, 680px\" \/><figcaption id=\"caption-attachment-17838\" class=\"wp-caption-text\">Die Gesch\u00e4ftsleitung der Abacus Research AG in neuer Zusammensetzung. (Bild: zVg \/ Abacus)<\/figcaption><\/figure>\n<p>An der 28. Abacus Partner Conference, die vergangene Woche stattfand, standen strategische Weiterentwicklungen und zentrale Neuerungen in der Abacus Business Software im Zentrum. Claudio Hintermann, CEO der Abacus Research AG, legte dabei den Fokus auf die neuen Deep-Technologien. Mit diesen Technologien werden Prozesse weitgehend digitalisiert, was eine vollst\u00e4ndig papierlose Buchhaltung erm\u00f6glicht. Dazu Claudio Hintermann: \u00abWir haben eine universelle, webbasierte Plattform geschaffen, \u00fcber die sich der Dokumentenaustausch global abwickeln und in einen Gesamtprozess einbinden l\u00e4sst.\u00bb<\/p>\n<h3>Neue Kommunikationsplattform f\u00fcr Unternehmen<\/h3>\n<p>Auf grosses Interesse stiessen bei den \u00fcber 800 Teilnehmenden der Konferenz diverse Neuerungen der Standardsoftware, so auch im Bereich Human Resources. Eine neu entwickelte Unternehmens-Kommunikationsplattform erm\u00f6glicht die unmittelbare Vermittlung von Neuigkeiten an die Mitarbeitenden oder den Informationsaustausch zwischen Mitarbeitenden selbst, was die Unternehmenskultur f\u00f6rdert.<\/p>\n<h3>Bew\u00e4hrte Kr\u00e4fte erg\u00e4nzen die Abacus-Gesch\u00e4ftsleitung<\/h3>\n<p>Auch innerhalb des Unternehmens werden die Weichen gestellt f\u00fcr die Zukunft. Dabei wird gezielt auf Kontinuit\u00e4t gesetzt. Ab dem 1. Juni 2023 teilen sich Claudio Hintermann und Christian Huber die Aufgabe als CEO. Christian Huber bleibt dabei weiterhin auch CFO (Chief Financial Officer), Claudio Hintermann \u00fcbernimmt zus\u00e4tzlich die Funktion des CRO (Chief Research Officer). Die Gesch\u00e4ftsleitung wird ausserdem mit langj\u00e4hrigen Abacus-Mitarbeitenden erg\u00e4nzt und pr\u00e4sentiert sich ab 2023 wie folgt: Claudio Hintermann (Co-CEO, CRO), Christian Huber (Co-CEO, CFO), Alexander Vetter (CTO, Chief Technology Officer), Raffaelle Grillo (COO, Chief Operating Officer) und Yvonne Seitz (CHRO, Chief HR Officer). Ein Wechsel zeichnet sich auch im Verwaltungsrat ab: Daniel Senn, heute COO, soll Nachfolger von Rainer Kaczmarczyk werden, welcher als Verwaltungsratspr\u00e4sident per 24. Mai 2023 zur\u00fccktritt.<\/p>\n<p><em><a href=\"https:\/\/www.abacus.ch\/\">Quelle und weitere Informationen<\/a><\/em><\/p>\n","protected":false},"excerpt":{"rendered":"<p>An der 28. Abacus Partner Conference, die vergangene Woche stattfand, standen strategische Weiterentwicklungen und zentrale Neuerungen in der Abacus Business Software im Zentrum. Claudio Hintermann, CEO der Abacus Research AG, legte dabei den Fokus auf die neuen Deep-Technologien. Mit diesen Technologien werden Prozesse weitgehend digitalisiert, was eine vollst\u00e4ndig papierlose Buchhaltung erm\u00f6glicht. Dazu Claudio Hintermann: \u00abWir [&hellip;]<\/p>\n","protected":false},"author":4,"featured_media":17838,"comment_status":"closed","ping_status":"closed","sticky":false,"template":"","format":"standard","meta":{"_acf_changed":false,"_yoast_wpseo_focuskw":"Abacus","_yoast_wpseo_metadesc":"Die Abacus Research AG pr\u00e4sentiert strategische Weiterentwicklungen sowie zentrale Neuerungen in der Abacus Business Software.","articlekey":"","footnotes":""},"categories":[28],"tags":[286,335,381],"class_list":["post-17837","post","type-post","status-publish","format-standard","has-post-thumbnail","hentry","category-management","tag-it","tag-management-und-unternehmensfuehrung","tag-personalia"],"acf":[],"yoast_head":"<!-- This site is optimized with the Yoast SEO plugin v27.5 - https:\/\/yoast.com\/product\/yoast-seo-wordpress\/ -->\n<title>Abacus stellt Weichen f\u00fcr die weitere Zukunft - Organisator<\/title>\n<meta name=\"description\" content=\"Die Abacus Research AG pr\u00e4sentiert strategische Weiterentwicklungen sowie zentrale Neuerungen in der Abacus Business Software.\" \/>\n<meta name=\"robots\" content=\"index, follow, max-snippet:-1, max-image-preview:large, max-video-preview:-1\" \/>\n<link rel=\"canonical\" href=\"https:\/\/www.organisator.ch\/de\/management\/2022-11-16\/abacus-stellt-weichen-fuer-die-weitere-zukunft\/\" \/>\n<meta property=\"og:locale\" content=\"de_DE\" \/>\n<meta property=\"og:type\" content=\"article\" \/>\n<meta property=\"og:title\" content=\"Abacus stellt Weichen f\u00fcr die weitere Zukunft\" \/>\n<meta property=\"og:description\" content=\"Die Abacus Research AG pr\u00e4sentiert strategische Weiterentwicklungen sowie zentrale Neuerungen in der Abacus Business Software.\" \/>\n<meta property=\"og:url\" content=\"https:\/\/www.organisator.ch\/de\/management\/2022-11-16\/abacus-stellt-weichen-fuer-die-weitere-zukunft\/\" \/>\n<meta property=\"og:site_name\" content=\"Organisator\" \/>\n<meta property=\"article:publisher\" content=\"https:\/\/www.facebook.com\/OrganisatorFachmagazin\" \/>\n<meta property=\"article:published_time\" content=\"2022-11-16T10:04:05+00:00\" \/>\n<meta property=\"og:image\" content=\"https:\/\/www.organisator.ch\/wp-content\/uploads\/2022\/11\/Abacus-stellt-Weichen-fuer-die-weitere-Zukunft_Organisator.jpg\" \/>\n\t<meta property=\"og:image:width\" content=\"680\" \/>\n\t<meta property=\"og:image:height\" content=\"473\" \/>\n\t<meta property=\"og:image:type\" content=\"image\/jpeg\" \/>\n<meta name=\"author\" content=\"thomas.berner\" \/>\n<meta name=\"twitter:card\" content=\"summary_large_image\" \/>\n<meta name=\"twitter:title\" content=\"#Abacus stellt Weichen f\u00fcr die weitere #Zukunft\" \/>\n<meta name=\"twitter:description\" content=\"Die #Abacus Research AG pr\u00e4sentiert strategische Weiterentwicklungen sowie zentrale Neuerungen in der Abacus Business Software.\" \/>\n<meta name=\"twitter:image\" content=\"https:\/\/www.organisator.ch\/wp-content\/uploads\/2022\/11\/Abacus-stellt-Weichen-fuer-die-weitere-Zukunft_Organisator.jpg\" \/>\n<script type=\"application\/ld+json\" class=\"yoast-schema-graph\">{\"@context\":\"https:\\\/\\\/schema.org\",\"@graph\":[{\"@type\":\"Article\",\"@id\":\"https:\\\/\\\/www.organisator.ch\\\/management\\\/2022-11-16\\\/abacus-stellt-weichen-fuer-die-weitere-zukunft\\\/#article\",\"isPartOf\":{\"@id\":\"https:\\\/\\\/www.organisator.ch\\\/management\\\/2022-11-16\\\/abacus-stellt-weichen-fuer-die-weitere-zukunft\\\/\"},\"author\":{\"name\":\"thomas.berner\",\"@id\":\"https:\\\/\\\/www.organisator.ch\\\/#\\\/schema\\\/person\\\/6f650f90b2842cd4c0cc334b4e36f67e\"},\"headline\":\"Abacus stellt Weichen f\u00fcr die weitere Zukunft\",\"datePublished\":\"2022-11-16T10:04:05+00:00\",\"mainEntityOfPage\":{\"@id\":\"https:\\\/\\\/www.organisator.ch\\\/management\\\/2022-11-16\\\/abacus-stellt-weichen-fuer-die-weitere-zukunft\\\/\"},\"wordCount\":293,\"publisher\":{\"@id\":\"https:\\\/\\\/www.organisator.ch\\\/#organization\"},\"image\":{\"@id\":\"https:\\\/\\\/www.organisator.ch\\\/management\\\/2022-11-16\\\/abacus-stellt-weichen-fuer-die-weitere-zukunft\\\/#primaryimage\"},\"thumbnailUrl\":\"https:\\\/\\\/www.organisator.ch\\\/wp-content\\\/uploads\\\/2022\\\/11\\\/Abacus-stellt-Weichen-fuer-die-weitere-Zukunft_Organisator.jpg\",\"keywords\":[\"IT\",\"Management und Unternehmensf\u00fchrung\",\"Personalia\"],\"articleSection\":[\"MANAGEMENT\"],\"inLanguage\":\"de\"},{\"@type\":\"WebPage\",\"@id\":\"https:\\\/\\\/www.organisator.ch\\\/management\\\/2022-11-16\\\/abacus-stellt-weichen-fuer-die-weitere-zukunft\\\/\",\"url\":\"https:\\\/\\\/www.organisator.ch\\\/management\\\/2022-11-16\\\/abacus-stellt-weichen-fuer-die-weitere-zukunft\\\/\",\"name\":\"Abacus stellt Weichen f\u00fcr die weitere Zukunft - Organisator\",\"isPartOf\":{\"@id\":\"https:\\\/\\\/www.organisator.ch\\\/#website\"},\"primaryImageOfPage\":{\"@id\":\"https:\\\/\\\/www.organisator.ch\\\/management\\\/2022-11-16\\\/abacus-stellt-weichen-fuer-die-weitere-zukunft\\\/#primaryimage\"},\"image\":{\"@id\":\"https:\\\/\\\/www.organisator.ch\\\/management\\\/2022-11-16\\\/abacus-stellt-weichen-fuer-die-weitere-zukunft\\\/#primaryimage\"},\"thumbnailUrl\":\"https:\\\/\\\/www.organisator.ch\\\/wp-content\\\/uploads\\\/2022\\\/11\\\/Abacus-stellt-Weichen-fuer-die-weitere-Zukunft_Organisator.jpg\",\"datePublished\":\"2022-11-16T10:04:05+00:00\",\"description\":\"Die Abacus Research AG pr\u00e4sentiert strategische Weiterentwicklungen sowie zentrale Neuerungen in der Abacus Business Software.\",\"breadcrumb\":{\"@id\":\"https:\\\/\\\/www.organisator.ch\\\/management\\\/2022-11-16\\\/abacus-stellt-weichen-fuer-die-weitere-zukunft\\\/#breadcrumb\"},\"inLanguage\":\"de\",\"potentialAction\":[{\"@type\":\"ReadAction\",\"target\":[\"https:\\\/\\\/www.organisator.ch\\\/management\\\/2022-11-16\\\/abacus-stellt-weichen-fuer-die-weitere-zukunft\\\/\"]}]},{\"@type\":\"ImageObject\",\"inLanguage\":\"de\",\"@id\":\"https:\\\/\\\/www.organisator.ch\\\/management\\\/2022-11-16\\\/abacus-stellt-weichen-fuer-die-weitere-zukunft\\\/#primaryimage\",\"url\":\"https:\\\/\\\/www.organisator.ch\\\/wp-content\\\/uploads\\\/2022\\\/11\\\/Abacus-stellt-Weichen-fuer-die-weitere-Zukunft_Organisator.jpg\",\"contentUrl\":\"https:\\\/\\\/www.organisator.ch\\\/wp-content\\\/uploads\\\/2022\\\/11\\\/Abacus-stellt-Weichen-fuer-die-weitere-Zukunft_Organisator.jpg\",\"width\":680,\"height\":473,\"caption\":\"Die Gesch\u00e4ftsleitung der Abacus Research AG in neuer Zusammensetzung. (Bild: zVg \\\/ Abacus)\"},{\"@type\":\"BreadcrumbList\",\"@id\":\"https:\\\/\\\/www.organisator.ch\\\/management\\\/2022-11-16\\\/abacus-stellt-weichen-fuer-die-weitere-zukunft\\\/#breadcrumb\",\"itemListElement\":[{\"@type\":\"ListItem\",\"position\":1,\"name\":\"Home\",\"item\":\"https:\\\/\\\/www.organisator.ch\\\/\"},{\"@type\":\"ListItem\",\"position\":2,\"name\":\"Abacus stellt Weichen f\u00fcr die weitere Zukunft\"}]},{\"@type\":\"WebSite\",\"@id\":\"https:\\\/\\\/www.organisator.ch\\\/#website\",\"url\":\"https:\\\/\\\/www.organisator.ch\\\/\",\"name\":\"Organisator\",\"description\":\"Kompetent. Praxisnah. Der ORGANISATOR bereitet in 10 Ausgaben pro Jahr die wesentlichen Themen f\u00fcr F\u00fchrungskr\u00e4fte von KMU auf.\",\"publisher\":{\"@id\":\"https:\\\/\\\/www.organisator.ch\\\/#organization\"},\"potentialAction\":[{\"@type\":\"SearchAction\",\"target\":{\"@type\":\"EntryPoint\",\"urlTemplate\":\"https:\\\/\\\/www.organisator.ch\\\/?s={search_term_string}\"},\"query-input\":{\"@type\":\"PropertyValueSpecification\",\"valueRequired\":true,\"valueName\":\"search_term_string\"}}],\"inLanguage\":\"de\"},{\"@type\":\"Organization\",\"@id\":\"https:\\\/\\\/www.organisator.ch\\\/#organization\",\"name\":\"Organisator\",\"url\":\"https:\\\/\\\/www.organisator.ch\\\/\",\"logo\":{\"@type\":\"ImageObject\",\"inLanguage\":\"de\",\"@id\":\"https:\\\/\\\/www.organisator.ch\\\/#\\\/schema\\\/logo\\\/image\\\/\",\"url\":\"https:\\\/\\\/www.organisator.ch\\\/wp-content\\\/uploads\\\/2022\\\/01\\\/Logo_Organisator_Website.png\",\"contentUrl\":\"https:\\\/\\\/www.organisator.ch\\\/wp-content\\\/uploads\\\/2022\\\/01\\\/Logo_Organisator_Website.png\",\"width\":800,\"height\":77,\"caption\":\"Organisator\"},\"image\":{\"@id\":\"https:\\\/\\\/www.organisator.ch\\\/#\\\/schema\\\/logo\\\/image\\\/\"},\"sameAs\":[\"https:\\\/\\\/www.facebook.com\\\/OrganisatorFachmagazin\",\"https:\\\/\\\/www.linkedin.com\\\/showcase\\\/organisator-das-magazin-fr-kmu\",\"https:\\\/\\\/www.xing.com\\\/news\\\/pages\\\/organisator-ch-695\",\"https:\\\/\\\/www.youtube.com\\\/channel\\\/UCGP2Sq0iWaZwT3BdIAQFYpw\"]},{\"@type\":\"Person\",\"@id\":\"https:\\\/\\\/www.organisator.ch\\\/#\\\/schema\\\/person\\\/6f650f90b2842cd4c0cc334b4e36f67e\",\"name\":\"thomas.berner\",\"image\":{\"@type\":\"ImageObject\",\"inLanguage\":\"de\",\"@id\":\"https:\\\/\\\/secure.gravatar.com\\\/avatar\\\/ac5001d2a36cb6c6cd3e50789007ffca834b477b74a2144564522e944eabff61?s=96&d=mm&r=g\",\"url\":\"https:\\\/\\\/secure.gravatar.com\\\/avatar\\\/ac5001d2a36cb6c6cd3e50789007ffca834b477b74a2144564522e944eabff61?s=96&d=mm&r=g\",\"contentUrl\":\"https:\\\/\\\/secure.gravatar.com\\\/avatar\\\/ac5001d2a36cb6c6cd3e50789007ffca834b477b74a2144564522e944eabff61?s=96&d=mm&r=g\",\"caption\":\"thomas.berner\"},\"url\":\"https:\\\/\\\/www.organisator.ch\\\/de\\\/author\\\/thomas-berner\\\/\"}]}<\/script>\n<!-- \/ Yoast SEO plugin. -->","yoast_head_json":{"title":"Abacus stellt Weichen f\u00fcr die weitere Zukunft - Organisator","description":"Die Abacus Research AG pr\u00e4sentiert strategische Weiterentwicklungen sowie zentrale Neuerungen in der Abacus Business Software.","robots":{"index":"index","follow":"follow","max-snippet":"max-snippet:-1","max-image-preview":"max-image-preview:large","max-video-preview":"max-video-preview:-1"},"canonical":"https:\/\/www.organisator.ch\/de\/management\/2022-11-16\/abacus-stellt-weichen-fuer-die-weitere-zukunft\/","og_locale":"de_DE","og_type":"article","og_title":"Abacus stellt Weichen f\u00fcr die weitere Zukunft","og_description":"Die Abacus Research AG pr\u00e4sentiert strategische Weiterentwicklungen sowie zentrale Neuerungen in der Abacus Business Software.","og_url":"https:\/\/www.organisator.ch\/de\/management\/2022-11-16\/abacus-stellt-weichen-fuer-die-weitere-zukunft\/","og_site_name":"Organisator","article_publisher":"https:\/\/www.facebook.com\/OrganisatorFachmagazin","article_published_time":"2022-11-16T10:04:05+00:00","og_image":[{"width":680,"height":473,"url":"https:\/\/www.organisator.ch\/wp-content\/uploads\/2022\/11\/Abacus-stellt-Weichen-fuer-die-weitere-Zukunft_Organisator.jpg","type":"image\/jpeg"}],"author":"thomas.berner","twitter_card":"summary_large_image","twitter_title":"#Abacus stellt Weichen f\u00fcr die weitere #Zukunft","twitter_description":"Die #Abacus Research AG pr\u00e4sentiert strategische Weiterentwicklungen sowie zentrale Neuerungen in der Abacus Business Software.","twitter_image":"https:\/\/www.organisator.ch\/wp-content\/uploads\/2022\/11\/Abacus-stellt-Weichen-fuer-die-weitere-Zukunft_Organisator.jpg","schema":{"@context":"https:\/\/schema.org","@graph":[{"@type":"Article","@id":"https:\/\/www.organisator.ch\/management\/2022-11-16\/abacus-stellt-weichen-fuer-die-weitere-zukunft\/#article","isPartOf":{"@id":"https:\/\/www.organisator.ch\/management\/2022-11-16\/abacus-stellt-weichen-fuer-die-weitere-zukunft\/"},"author":{"name":"thomas.berner","@id":"https:\/\/www.organisator.ch\/#\/schema\/person\/6f650f90b2842cd4c0cc334b4e36f67e"},"headline":"Abacus stellt Weichen f\u00fcr die weitere Zukunft","datePublished":"2022-11-16T10:04:05+00:00","mainEntityOfPage":{"@id":"https:\/\/www.organisator.ch\/management\/2022-11-16\/abacus-stellt-weichen-fuer-die-weitere-zukunft\/"},"wordCount":293,"publisher":{"@id":"https:\/\/www.organisator.ch\/#organization"},"image":{"@id":"https:\/\/www.organisator.ch\/management\/2022-11-16\/abacus-stellt-weichen-fuer-die-weitere-zukunft\/#primaryimage"},"thumbnailUrl":"https:\/\/www.organisator.ch\/wp-content\/uploads\/2022\/11\/Abacus-stellt-Weichen-fuer-die-weitere-Zukunft_Organisator.jpg","keywords":["IT","Management und Unternehmensf\u00fchrung","Personalia"],"articleSection":["MANAGEMENT"],"inLanguage":"de"},{"@type":"WebPage","@id":"https:\/\/www.organisator.ch\/management\/2022-11-16\/abacus-stellt-weichen-fuer-die-weitere-zukunft\/","url":"https:\/\/www.organisator.ch\/management\/2022-11-16\/abacus-stellt-weichen-fuer-die-weitere-zukunft\/","name":"Abacus stellt Weichen f\u00fcr die weitere Zukunft - Organisator","isPartOf":{"@id":"https:\/\/www.organisator.ch\/#website"},"primaryImageOfPage":{"@id":"https:\/\/www.organisator.ch\/management\/2022-11-16\/abacus-stellt-weichen-fuer-die-weitere-zukunft\/#primaryimage"},"image":{"@id":"https:\/\/www.organisator.ch\/management\/2022-11-16\/abacus-stellt-weichen-fuer-die-weitere-zukunft\/#primaryimage"},"thumbnailUrl":"https:\/\/www.organisator.ch\/wp-content\/uploads\/2022\/11\/Abacus-stellt-Weichen-fuer-die-weitere-Zukunft_Organisator.jpg","datePublished":"2022-11-16T10:04:05+00:00","description":"Die Abacus Research AG pr\u00e4sentiert strategische Weiterentwicklungen sowie zentrale Neuerungen in der Abacus Business Software.","breadcrumb":{"@id":"https:\/\/www.organisator.ch\/management\/2022-11-16\/abacus-stellt-weichen-fuer-die-weitere-zukunft\/#breadcrumb"},"inLanguage":"de","potentialAction":[{"@type":"ReadAction","target":["https:\/\/www.organisator.ch\/management\/2022-11-16\/abacus-stellt-weichen-fuer-die-weitere-zukunft\/"]}]},{"@type":"ImageObject","inLanguage":"de","@id":"https:\/\/www.organisator.ch\/management\/2022-11-16\/abacus-stellt-weichen-fuer-die-weitere-zukunft\/#primaryimage","url":"https:\/\/www.organisator.ch\/wp-content\/uploads\/2022\/11\/Abacus-stellt-Weichen-fuer-die-weitere-Zukunft_Organisator.jpg","contentUrl":"https:\/\/www.organisator.ch\/wp-content\/uploads\/2022\/11\/Abacus-stellt-Weichen-fuer-die-weitere-Zukunft_Organisator.jpg","width":680,"height":473,"caption":"Die Gesch\u00e4ftsleitung der Abacus Research AG in neuer Zusammensetzung. (Bild: zVg \/ Abacus)"},{"@type":"BreadcrumbList","@id":"https:\/\/www.organisator.ch\/management\/2022-11-16\/abacus-stellt-weichen-fuer-die-weitere-zukunft\/#breadcrumb","itemListElement":[{"@type":"ListItem","position":1,"name":"Home","item":"https:\/\/www.organisator.ch\/"},{"@type":"ListItem","position":2,"name":"Abacus stellt Weichen f\u00fcr die weitere Zukunft"}]},{"@type":"WebSite","@id":"https:\/\/www.organisator.ch\/#website","url":"https:\/\/www.organisator.ch\/","name":"Organisator","description":"Kompetent. Praxisnah. Der ORGANISATOR bereitet in 10 Ausgaben pro Jahr die wesentlichen Themen f\u00fcr F\u00fchrungskr\u00e4fte von KMU auf.","publisher":{"@id":"https:\/\/www.organisator.ch\/#organization"},"potentialAction":[{"@type":"SearchAction","target":{"@type":"EntryPoint","urlTemplate":"https:\/\/www.organisator.ch\/?s={search_term_string}"},"query-input":{"@type":"PropertyValueSpecification","valueRequired":true,"valueName":"search_term_string"}}],"inLanguage":"de"},{"@type":"Organization","@id":"https:\/\/www.organisator.ch\/#organization","name":"Organisator","url":"https:\/\/www.organisator.ch\/","logo":{"@type":"ImageObject","inLanguage":"de","@id":"https:\/\/www.organisator.ch\/#\/schema\/logo\/image\/","url":"https:\/\/www.organisator.ch\/wp-content\/uploads\/2022\/01\/Logo_Organisator_Website.png","contentUrl":"https:\/\/www.organisator.ch\/wp-content\/uploads\/2022\/01\/Logo_Organisator_Website.png","width":800,"height":77,"caption":"Organisator"},"image":{"@id":"https:\/\/www.organisator.ch\/#\/schema\/logo\/image\/"},"sameAs":["https:\/\/www.facebook.com\/OrganisatorFachmagazin","https:\/\/www.linkedin.com\/showcase\/organisator-das-magazin-fr-kmu","https:\/\/www.xing.com\/news\/pages\/organisator-ch-695","https:\/\/www.youtube.com\/channel\/UCGP2Sq0iWaZwT3BdIAQFYpw"]},{"@type":"Person","@id":"https:\/\/www.organisator.ch\/#\/schema\/person\/6f650f90b2842cd4c0cc334b4e36f67e","name":"thomas.berner","image":{"@type":"ImageObject","inLanguage":"de","@id":"https:\/\/secure.gravatar.com\/avatar\/ac5001d2a36cb6c6cd3e50789007ffca834b477b74a2144564522e944eabff61?s=96&d=mm&r=g","url":"https:\/\/secure.gravatar.com\/avatar\/ac5001d2a36cb6c6cd3e50789007ffca834b477b74a2144564522e944eabff61?s=96&d=mm&r=g","contentUrl":"https:\/\/secure.gravatar.com\/avatar\/ac5001d2a36cb6c6cd3e50789007ffca834b477b74a2144564522e944eabff61?s=96&d=mm&r=g","caption":"thomas.berner"},"url":"https:\/\/www.organisator.ch\/de\/author\/thomas-berner\/"}]}},"_links":{"self":[{"href":"https:\/\/www.organisator.ch\/de\/wp-json\/wp\/v2\/posts\/17837","targetHints":{"allow":["GET"]}}],"collection":[{"href":"https:\/\/www.organisator.ch\/de\/wp-json\/wp\/v2\/posts"}],"about":[{"href":"https:\/\/www.organisator.ch\/de\/wp-json\/wp\/v2\/types\/post"}],"author":[{"embeddable":true,"href":"https:\/\/www.organisator.ch\/de\/wp-json\/wp\/v2\/users\/4"}],"replies":[{"embeddable":true,"href":"https:\/\/www.organisator.ch\/de\/wp-json\/wp\/v2\/comments?post=17837"}],"version-history":[{"count":1,"href":"https:\/\/www.organisator.ch\/de\/wp-json\/wp\/v2\/posts\/17837\/revisions"}],"predecessor-version":[{"id":17839,"href":"https:\/\/www.organisator.ch\/de\/wp-json\/wp\/v2\/posts\/17837\/revisions\/17839"}],"wp:featuredmedia":[{"embeddable":true,"href":"https:\/\/www.organisator.ch\/de\/wp-json\/wp\/v2\/media\/17838"}],"wp:attachment":[{"href":"https:\/\/www.organisator.ch\/de\/wp-json\/wp\/v2\/media?parent=17837"}],"wp:term":[{"taxonomy":"category","embeddable":true,"href":"https:\/\/www.organisator.ch\/de\/wp-json\/wp\/v2\/categories?post=17837"},{"taxonomy":"post_tag","embeddable":true,"href":"https:\/\/www.organisator.ch\/de\/wp-json\/wp\/v2\/tags?post=17837"}],"curies":[{"name":"wp","href":"https:\/\/api.w.org\/{rel}","templated":true}]}}