{"id":17854,"date":"2022-11-17T08:33:29","date_gmt":"2022-11-17T07:33:29","guid":{"rendered":"https:\/\/www.m-q.ch\/?p=17170"},"modified":"2024-11-20T10:17:19","modified_gmt":"2024-11-20T09:17:19","slug":"studie-warnt-fachkraeftemangel-wird-sich-weiter-verschaerfen","status":"publish","type":"post","link":"https:\/\/www.organisator.ch\/de\/human-resources\/2022-11-17\/studie-warnt-fachkraeftemangel-wird-sich-weiter-verschaerfen\/","title":{"rendered":"Studie warnt: Fachkr\u00e4ftemangel wird sich weiter versch\u00e4rfen"},"content":{"rendered":"<figure id=\"attachment_17172\" class=\"wp-caption alignnone\" style=\"width: 680px\" aria-describedby=\"caption-attachment-17172\"><img class=\"alignnone wp-image-17172 size-full\" src=\"https:\/\/www.m-q.ch\/wp-content\/uploads\/2022\/11\/Studie-warnt-Fachkraeftemangel-wird-sich-weiter-verschaerfen_MQ.jpg\" alt=\"Fachkr\u00e4ftemangel DACH\" width=\"680\" height=\"439\" \/>\r\n<figcaption id=\"caption-attachment-17172\" class=\"wp-caption-text\">Traumjobs gibt es viele, doch wo sind die Fachkr\u00e4fte? (Bild: Pixabay.com)<\/figcaption>\r\n<\/figure>\r\n<p>Es mangelt an qualifizierten Fachkr\u00e4ften. Das best\u00e4tigen auch 73 Prozent von 250 befragten Unternehmen unterschiedlichster Branchen in der DACH-Region: Der Mangel wird sich weiter versch\u00e4rfen, so die Zahlen des \u201eIndustriereport Fachkr\u00e4ftemangel 2022\u201c, die Skilltree, ein europ\u00e4ischer Hersteller von HR-Software, erhoben hat. 72 Prozent der Firmen schaffen deswegen nur eine begrenzte Zahl an Projekten \u2013 und m\u00fcssen alles dar\u00fcber hinaus ablehnen. \u201eViele Arbeitgeber haben sich dazu verleiten lassen, \u00fcber die Jagd nach externen Fachkr\u00e4ften die internen Mitarbeiterressourcen zu \u00fcbersehen. Statt die einzelnen Skills zu kennen und auch gezielt f\u00fcr Inhouse-Fortbildungen zu nutzen, konzentrieren sich die HR-Abteilungen nur nach aussen\u201c, erkl\u00e4rt Studien-Herausgeber Markus Skergeth und Gesch\u00e4ftsf\u00fchrer von Skilltree. Sein Unternehmen setzt an diesem Problem an und hilft Arbeitgebern und Arbeitnehmern, Skills kennenzulernen und mit Aufgaben und Projekten zu matchen. So l\u00e4sst sich der Fachkr\u00e4ftemangel schnell lindern \u2013 denn bis zu 30 Prozent der fehlenden Skills sind bereits im Unternehmen vorhanden, ohne das es bei den Entscheidern bekannt ist.<\/p>\r\n<h3>Fr\u00fchere Jobs: Unbekannt<\/h3>\r\n<p>So kennen bei den aktuellen Arbeitgebern nur 18 Prozent den kompletten Karriere-Background ihrer Mitarbeitenden \u2013 knapp 50 Prozent hingegen nicht oder nicht bei jedem Mitarbeiter. \u201eW\u00e4hrend in der Bewerbungsphase die Berufserfahrung noch wichtig ist, beginnt sie ab dem Start zu verschwimmen \u2013 neue Mitarbeitende werden im Onboarding eher \u201aeingenordet\u2018, anstatt die in vorigen Jobs gelernten Skills sinnvoll zu nutzen\u201c, analysiert Markus Skergeth weiter. Eine durch Software gest\u00fctzte Skill-Analyse erlaubt hingegen ein optimales Management der Ressourcen \u2013 und erschlie\u00dft oft Potential bei Mitarbeitenden, das den Teamleitern und F\u00fchrungskr\u00e4ften bisher verborgen blieb. \u201eUnsere L\u00f6sung schliesst eine wesentliche L\u00fccke, die wir in zahlreichen Projekten in Unternehmen gesehen haben. Human Resources existieren nicht nur auf dem Arbeitsmarkt \u2013 sondern vor allem im eigenen Unternehmen\u201c, erl\u00e4utert der Skilltree-Chef. Dabei nutzen \u00fcber 50 Prozent der 250 befragten Studienteilnehmer keine Datenbank, um Mitarbeiterkenntnisse zu erfassen \u2013 30 Prozent zumindest sporadisch, weniger als zehn Prozent nutzen eine vollumf\u00e4ngliche L\u00f6sung zum Skill Management.<\/p>\r\n<h3>Besondere Talente bleiben ungenutzt<\/h3>\r\n<p>Noch drastischer f\u00e4llt die Ignoranz mancher Arbeitgeber bei besonderen Kenntnissen und Fertigkeiten wie bspw. Fremdsprachen auf: Weniger als 20 Prozent der Unternehmen motivieren ihre Mitarbeitenden dazu, solche Leistungen und Talente einzubringen \u2013 45 Prozent hingegen kaum bis \u00fcberhaupt nicht. \u201eUnser Skill-Matching motiviert Mitarbeitende und sorgt f\u00fcr mehr Zufriedenheit durch mehr Sichtbarkeit. Damit l\u00f6st sich ein Teil des Fachkr\u00e4ftemangels bereits auf\u201c, erg\u00e4nzt Markus Skergeth. Dem Bedarf an einer L\u00f6sung zum Skill Management stimmen die 250 befragten Unternehmensvertreter aus den F\u00fchrungsetagen daher nachdr\u00fccklich zu: 69 Prozent sehen im Aufbau einer F\u00e4higkeits- und Kompetenzdatenbank eine Chance, den Mangel an Fachkr\u00e4ften durch interne Kr\u00e4fte mildern zu k\u00f6nnen. Damit verbunden sind laut \u201eIndustriereport Fachkr\u00e4ftemangel 2022\u201c drastische Einsparungen bei der Personalbeschaffung: 30 Prozent der Befragten h\u00e4lt Einsparungen bis zu 25 Prozent f\u00fcr m\u00f6glich, weitere 27 Prozent sogar zwischen 25 und 50 Prozent.<\/p>\r\n<p><em>Quelle: <a href=\"http:\/\/www.skilltree.at\/\">Skilltree<\/a><\/em><\/p>\n<p class=\"syndicated-attribution\">Dieser Beitrag erschien urspr\u00fcnglich auf m-q.ch - <a href=\"https:\/\/www.m-q.ch\/de\/studie-warnt-fachkraeftemangel-wird-sich-weiter-verschaerfen\/\" target=\"_blank\">https:\/\/www.m-q.ch\/de\/studie-warnt-fachkraeftemangel-wird-sich-weiter-verschaerfen\/<\/a><\/p>","protected":false},"excerpt":{"rendered":"<p>Es mangelt an qualifizierten Fachkr\u00e4ften. Das best\u00e4tigen auch 73 Prozent von 250 befragten Unternehmen unterschiedlichster Branchen in der DACH-Region: Der Mangel wird sich weiter versch\u00e4rfen, so die Zahlen des \u201eIndustriereport Fachkr\u00e4ftemangel 2022\u201c, die Skilltree, ein europ\u00e4ischer Hersteller von HR-Software, erhoben hat. 72 Prozent der Firmen schaffen deswegen nur eine begrenzte Zahl an Projekten \u2013 und [\u2026]<\/p>\n","protected":false},"author":8,"featured_media":0,"comment_status":"closed","ping_status":"closed","sticky":false,"template":"","format":"standard","meta":{"_acf_changed":false,"_yoast_wpseo_focuskw":"Fachkr\u00e4ftemangel DACH","_yoast_wpseo_metadesc":"Skilltree-Studie 2022: Fachkr\u00e4ftemangel in DACH. Interne Ressourcen und Skill-Matching als L\u00f6sungen.","articlekey":"","footnotes":""},"categories":[579],"tags":[194,3506,459],"class_list":["post-17854","post","type-post","status-publish","format-standard","hentry","category-human-resources","tag-fachkraeftemangel","tag-human-resources","tag-studie"],"acf":[],"yoast_head":"<!-- This site is optimized with the Yoast SEO plugin v27.5 - https:\/\/yoast.com\/product\/yoast-seo-wordpress\/ -->\n<title>Studie warnt: Fachkr\u00e4ftemangel wird sich weiter versch\u00e4rfen - Organisator<\/title>\n<meta name=\"description\" content=\"Skilltree-Studie 2022: Fachkr\u00e4ftemangel in DACH. Interne Ressourcen und Skill-Matching als L\u00f6sungen.\" \/>\n<meta name=\"robots\" content=\"index, follow, max-snippet:-1, max-image-preview:large, max-video-preview:-1\" \/>\n<link rel=\"canonical\" href=\"https:\/\/www.organisator.ch\/de\/human-resources\/2022-11-17\/studie-warnt-fachkraeftemangel-wird-sich-weiter-verschaerfen\/\" \/>\n<meta property=\"og:locale\" content=\"de_DE\" \/>\n<meta property=\"og:type\" content=\"article\" \/>\n<meta property=\"og:title\" content=\"Studie warnt: Fachkr\u00e4ftemangel wird sich weiter versch\u00e4rfen - Organisator\" \/>\n<meta property=\"og:description\" content=\"Skilltree-Studie 2022: Fachkr\u00e4ftemangel in DACH. Interne Ressourcen und Skill-Matching als L\u00f6sungen.\" \/>\n<meta property=\"og:url\" content=\"https:\/\/www.organisator.ch\/de\/human-resources\/2022-11-17\/studie-warnt-fachkraeftemangel-wird-sich-weiter-verschaerfen\/\" \/>\n<meta property=\"og:site_name\" content=\"Organisator\" \/>\n<meta property=\"article:publisher\" content=\"https:\/\/www.facebook.com\/OrganisatorFachmagazin\" \/>\n<meta property=\"article:published_time\" content=\"2022-11-17T07:33:29+00:00\" \/>\n<meta property=\"article:modified_time\" content=\"2024-11-20T09:17:19+00:00\" \/>\n<meta name=\"author\" content=\"galledia\" \/>\n<meta name=\"twitter:card\" content=\"summary_large_image\" \/>\n<meta name=\"twitter:creator\" content=\"@admin\" \/>\n<script type=\"application\/ld+json\" class=\"yoast-schema-graph\">{\"@context\":\"https:\\\/\\\/schema.org\",\"@graph\":[{\"@type\":\"Article\",\"@id\":\"https:\\\/\\\/www.organisator.ch\\\/human-resources\\\/2022-11-17\\\/studie-warnt-fachkraeftemangel-wird-sich-weiter-verschaerfen\\\/#article\",\"isPartOf\":{\"@id\":\"https:\\\/\\\/www.organisator.ch\\\/human-resources\\\/2022-11-17\\\/studie-warnt-fachkraeftemangel-wird-sich-weiter-verschaerfen\\\/\"},\"author\":{\"name\":\"galledia\",\"@id\":\"https:\\\/\\\/www.organisator.ch\\\/#\\\/schema\\\/person\\\/4e51799071cd2dd1232ac003643ef5f0\"},\"headline\":\"Studie warnt: Fachkr\u00e4ftemangel wird sich weiter versch\u00e4rfen\",\"datePublished\":\"2022-11-17T07:33:29+00:00\",\"dateModified\":\"2024-11-20T09:17:19+00:00\",\"mainEntityOfPage\":{\"@id\":\"https:\\\/\\\/www.organisator.ch\\\/human-resources\\\/2022-11-17\\\/studie-warnt-fachkraeftemangel-wird-sich-weiter-verschaerfen\\\/\"},\"wordCount\":490,\"publisher\":{\"@id\":\"https:\\\/\\\/www.organisator.ch\\\/#organization\"},\"image\":{\"@id\":\"https:\\\/\\\/www.organisator.ch\\\/human-resources\\\/2022-11-17\\\/studie-warnt-fachkraeftemangel-wird-sich-weiter-verschaerfen\\\/#primaryimage\"},\"thumbnailUrl\":\"https:\\\/\\\/www.m-q.ch\\\/wp-content\\\/uploads\\\/2022\\\/11\\\/Studie-warnt-Fachkraeftemangel-wird-sich-weiter-verschaerfen_MQ.jpg\",\"keywords\":[\"Fachkr\u00e4ftemangel\",\"Human Resources\",\"Studie\"],\"articleSection\":[\"HUMAN RESOURCES\"],\"inLanguage\":\"de\"},{\"@type\":\"WebPage\",\"@id\":\"https:\\\/\\\/www.organisator.ch\\\/human-resources\\\/2022-11-17\\\/studie-warnt-fachkraeftemangel-wird-sich-weiter-verschaerfen\\\/\",\"url\":\"https:\\\/\\\/www.organisator.ch\\\/human-resources\\\/2022-11-17\\\/studie-warnt-fachkraeftemangel-wird-sich-weiter-verschaerfen\\\/\",\"name\":\"Studie warnt: Fachkr\u00e4ftemangel wird sich weiter versch\u00e4rfen - Organisator\",\"isPartOf\":{\"@id\":\"https:\\\/\\\/www.organisator.ch\\\/#website\"},\"primaryImageOfPage\":{\"@id\":\"https:\\\/\\\/www.organisator.ch\\\/human-resources\\\/2022-11-17\\\/studie-warnt-fachkraeftemangel-wird-sich-weiter-verschaerfen\\\/#primaryimage\"},\"image\":{\"@id\":\"https:\\\/\\\/www.organisator.ch\\\/human-resources\\\/2022-11-17\\\/studie-warnt-fachkraeftemangel-wird-sich-weiter-verschaerfen\\\/#primaryimage\"},\"thumbnailUrl\":\"https:\\\/\\\/www.m-q.ch\\\/wp-content\\\/uploads\\\/2022\\\/11\\\/Studie-warnt-Fachkraeftemangel-wird-sich-weiter-verschaerfen_MQ.jpg\",\"datePublished\":\"2022-11-17T07:33:29+00:00\",\"dateModified\":\"2024-11-20T09:17:19+00:00\",\"description\":\"Skilltree-Studie 2022: Fachkr\u00e4ftemangel in DACH. Interne Ressourcen und Skill-Matching als L\u00f6sungen.\",\"breadcrumb\":{\"@id\":\"https:\\\/\\\/www.organisator.ch\\\/human-resources\\\/2022-11-17\\\/studie-warnt-fachkraeftemangel-wird-sich-weiter-verschaerfen\\\/#breadcrumb\"},\"inLanguage\":\"de\",\"potentialAction\":[{\"@type\":\"ReadAction\",\"target\":[\"https:\\\/\\\/www.organisator.ch\\\/human-resources\\\/2022-11-17\\\/studie-warnt-fachkraeftemangel-wird-sich-weiter-verschaerfen\\\/\"]}]},{\"@type\":\"ImageObject\",\"inLanguage\":\"de\",\"@id\":\"https:\\\/\\\/www.organisator.ch\\\/human-resources\\\/2022-11-17\\\/studie-warnt-fachkraeftemangel-wird-sich-weiter-verschaerfen\\\/#primaryimage\",\"url\":\"https:\\\/\\\/www.m-q.ch\\\/wp-content\\\/uploads\\\/2022\\\/11\\\/Studie-warnt-Fachkraeftemangel-wird-sich-weiter-verschaerfen_MQ.jpg\",\"contentUrl\":\"https:\\\/\\\/www.m-q.ch\\\/wp-content\\\/uploads\\\/2022\\\/11\\\/Studie-warnt-Fachkraeftemangel-wird-sich-weiter-verschaerfen_MQ.jpg\"},{\"@type\":\"BreadcrumbList\",\"@id\":\"https:\\\/\\\/www.organisator.ch\\\/human-resources\\\/2022-11-17\\\/studie-warnt-fachkraeftemangel-wird-sich-weiter-verschaerfen\\\/#breadcrumb\",\"itemListElement\":[{\"@type\":\"ListItem\",\"position\":1,\"name\":\"Home\",\"item\":\"https:\\\/\\\/www.organisator.ch\\\/\"},{\"@type\":\"ListItem\",\"position\":2,\"name\":\"Studie warnt: Fachkr\u00e4ftemangel wird sich weiter versch\u00e4rfen\"}]},{\"@type\":\"WebSite\",\"@id\":\"https:\\\/\\\/www.organisator.ch\\\/#website\",\"url\":\"https:\\\/\\\/www.organisator.ch\\\/\",\"name\":\"Organisator\",\"description\":\"Kompetent. Praxisnah. Der ORGANISATOR bereitet in 10 Ausgaben pro Jahr die wesentlichen Themen f\u00fcr F\u00fchrungskr\u00e4fte von KMU auf.\",\"publisher\":{\"@id\":\"https:\\\/\\\/www.organisator.ch\\\/#organization\"},\"potentialAction\":[{\"@type\":\"SearchAction\",\"target\":{\"@type\":\"EntryPoint\",\"urlTemplate\":\"https:\\\/\\\/www.organisator.ch\\\/?s={search_term_string}\"},\"query-input\":{\"@type\":\"PropertyValueSpecification\",\"valueRequired\":true,\"valueName\":\"search_term_string\"}}],\"inLanguage\":\"de\"},{\"@type\":\"Organization\",\"@id\":\"https:\\\/\\\/www.organisator.ch\\\/#organization\",\"name\":\"Organisator\",\"url\":\"https:\\\/\\\/www.organisator.ch\\\/\",\"logo\":{\"@type\":\"ImageObject\",\"inLanguage\":\"de\",\"@id\":\"https:\\\/\\\/www.organisator.ch\\\/#\\\/schema\\\/logo\\\/image\\\/\",\"url\":\"https:\\\/\\\/www.organisator.ch\\\/wp-content\\\/uploads\\\/2022\\\/01\\\/Logo_Organisator_Website.png\",\"contentUrl\":\"https:\\\/\\\/www.organisator.ch\\\/wp-content\\\/uploads\\\/2022\\\/01\\\/Logo_Organisator_Website.png\",\"width\":800,\"height\":77,\"caption\":\"Organisator\"},\"image\":{\"@id\":\"https:\\\/\\\/www.organisator.ch\\\/#\\\/schema\\\/logo\\\/image\\\/\"},\"sameAs\":[\"https:\\\/\\\/www.facebook.com\\\/OrganisatorFachmagazin\",\"https:\\\/\\\/www.linkedin.com\\\/showcase\\\/organisator-das-magazin-fr-kmu\",\"https:\\\/\\\/www.xing.com\\\/news\\\/pages\\\/organisator-ch-695\",\"https:\\\/\\\/www.youtube.com\\\/channel\\\/UCGP2Sq0iWaZwT3BdIAQFYpw\"]},{\"@type\":\"Person\",\"@id\":\"https:\\\/\\\/www.organisator.ch\\\/#\\\/schema\\\/person\\\/4e51799071cd2dd1232ac003643ef5f0\",\"name\":\"galledia\",\"image\":{\"@type\":\"ImageObject\",\"inLanguage\":\"de\",\"@id\":\"https:\\\/\\\/secure.gravatar.com\\\/avatar\\\/78a7f90c01fc2bfc875782a0d4922b37cde2cf184ce347b91316d23cd7f69a36?s=96&d=mm&r=g\",\"url\":\"https:\\\/\\\/secure.gravatar.com\\\/avatar\\\/78a7f90c01fc2bfc875782a0d4922b37cde2cf184ce347b91316d23cd7f69a36?s=96&d=mm&r=g\",\"contentUrl\":\"https:\\\/\\\/secure.gravatar.com\\\/avatar\\\/78a7f90c01fc2bfc875782a0d4922b37cde2cf184ce347b91316d23cd7f69a36?s=96&d=mm&r=g\",\"caption\":\"galledia\"},\"sameAs\":[\"https:\\\/\\\/x.com\\\/admin\"],\"url\":\"https:\\\/\\\/www.organisator.ch\\\/de\\\/author\\\/galledia\\\/\"}]}<\/script>\n<!-- \/ Yoast SEO plugin. -->","yoast_head_json":{"title":"Studie warnt: Fachkr\u00e4ftemangel wird sich weiter versch\u00e4rfen - Organisator","description":"Skilltree-Studie 2022: Fachkr\u00e4ftemangel in DACH. Interne Ressourcen und Skill-Matching als L\u00f6sungen.","robots":{"index":"index","follow":"follow","max-snippet":"max-snippet:-1","max-image-preview":"max-image-preview:large","max-video-preview":"max-video-preview:-1"},"canonical":"https:\/\/www.organisator.ch\/de\/human-resources\/2022-11-17\/studie-warnt-fachkraeftemangel-wird-sich-weiter-verschaerfen\/","og_locale":"de_DE","og_type":"article","og_title":"Studie warnt: Fachkr\u00e4ftemangel wird sich weiter versch\u00e4rfen - Organisator","og_description":"Skilltree-Studie 2022: Fachkr\u00e4ftemangel in DACH. Interne Ressourcen und Skill-Matching als L\u00f6sungen.","og_url":"https:\/\/www.organisator.ch\/de\/human-resources\/2022-11-17\/studie-warnt-fachkraeftemangel-wird-sich-weiter-verschaerfen\/","og_site_name":"Organisator","article_publisher":"https:\/\/www.facebook.com\/OrganisatorFachmagazin","article_published_time":"2022-11-17T07:33:29+00:00","article_modified_time":"2024-11-20T09:17:19+00:00","author":"galledia","twitter_card":"summary_large_image","twitter_creator":"@admin","schema":{"@context":"https:\/\/schema.org","@graph":[{"@type":"Article","@id":"https:\/\/www.organisator.ch\/human-resources\/2022-11-17\/studie-warnt-fachkraeftemangel-wird-sich-weiter-verschaerfen\/#article","isPartOf":{"@id":"https:\/\/www.organisator.ch\/human-resources\/2022-11-17\/studie-warnt-fachkraeftemangel-wird-sich-weiter-verschaerfen\/"},"author":{"name":"galledia","@id":"https:\/\/www.organisator.ch\/#\/schema\/person\/4e51799071cd2dd1232ac003643ef5f0"},"headline":"Studie warnt: Fachkr\u00e4ftemangel wird sich weiter versch\u00e4rfen","datePublished":"2022-11-17T07:33:29+00:00","dateModified":"2024-11-20T09:17:19+00:00","mainEntityOfPage":{"@id":"https:\/\/www.organisator.ch\/human-resources\/2022-11-17\/studie-warnt-fachkraeftemangel-wird-sich-weiter-verschaerfen\/"},"wordCount":490,"publisher":{"@id":"https:\/\/www.organisator.ch\/#organization"},"image":{"@id":"https:\/\/www.organisator.ch\/human-resources\/2022-11-17\/studie-warnt-fachkraeftemangel-wird-sich-weiter-verschaerfen\/#primaryimage"},"thumbnailUrl":"https:\/\/www.m-q.ch\/wp-content\/uploads\/2022\/11\/Studie-warnt-Fachkraeftemangel-wird-sich-weiter-verschaerfen_MQ.jpg","keywords":["Fachkr\u00e4ftemangel","Human Resources","Studie"],"articleSection":["HUMAN RESOURCES"],"inLanguage":"de"},{"@type":"WebPage","@id":"https:\/\/www.organisator.ch\/human-resources\/2022-11-17\/studie-warnt-fachkraeftemangel-wird-sich-weiter-verschaerfen\/","url":"https:\/\/www.organisator.ch\/human-resources\/2022-11-17\/studie-warnt-fachkraeftemangel-wird-sich-weiter-verschaerfen\/","name":"Studie warnt: Fachkr\u00e4ftemangel wird sich weiter versch\u00e4rfen - Organisator","isPartOf":{"@id":"https:\/\/www.organisator.ch\/#website"},"primaryImageOfPage":{"@id":"https:\/\/www.organisator.ch\/human-resources\/2022-11-17\/studie-warnt-fachkraeftemangel-wird-sich-weiter-verschaerfen\/#primaryimage"},"image":{"@id":"https:\/\/www.organisator.ch\/human-resources\/2022-11-17\/studie-warnt-fachkraeftemangel-wird-sich-weiter-verschaerfen\/#primaryimage"},"thumbnailUrl":"https:\/\/www.m-q.ch\/wp-content\/uploads\/2022\/11\/Studie-warnt-Fachkraeftemangel-wird-sich-weiter-verschaerfen_MQ.jpg","datePublished":"2022-11-17T07:33:29+00:00","dateModified":"2024-11-20T09:17:19+00:00","description":"Skilltree-Studie 2022: Fachkr\u00e4ftemangel in DACH. Interne Ressourcen und Skill-Matching als L\u00f6sungen.","breadcrumb":{"@id":"https:\/\/www.organisator.ch\/human-resources\/2022-11-17\/studie-warnt-fachkraeftemangel-wird-sich-weiter-verschaerfen\/#breadcrumb"},"inLanguage":"de","potentialAction":[{"@type":"ReadAction","target":["https:\/\/www.organisator.ch\/human-resources\/2022-11-17\/studie-warnt-fachkraeftemangel-wird-sich-weiter-verschaerfen\/"]}]},{"@type":"ImageObject","inLanguage":"de","@id":"https:\/\/www.organisator.ch\/human-resources\/2022-11-17\/studie-warnt-fachkraeftemangel-wird-sich-weiter-verschaerfen\/#primaryimage","url":"https:\/\/www.m-q.ch\/wp-content\/uploads\/2022\/11\/Studie-warnt-Fachkraeftemangel-wird-sich-weiter-verschaerfen_MQ.jpg","contentUrl":"https:\/\/www.m-q.ch\/wp-content\/uploads\/2022\/11\/Studie-warnt-Fachkraeftemangel-wird-sich-weiter-verschaerfen_MQ.jpg"},{"@type":"BreadcrumbList","@id":"https:\/\/www.organisator.ch\/human-resources\/2022-11-17\/studie-warnt-fachkraeftemangel-wird-sich-weiter-verschaerfen\/#breadcrumb","itemListElement":[{"@type":"ListItem","position":1,"name":"Home","item":"https:\/\/www.organisator.ch\/"},{"@type":"ListItem","position":2,"name":"Studie warnt: Fachkr\u00e4ftemangel wird sich weiter versch\u00e4rfen"}]},{"@type":"WebSite","@id":"https:\/\/www.organisator.ch\/#website","url":"https:\/\/www.organisator.ch\/","name":"Organisator","description":"Kompetent. Praxisnah. Der ORGANISATOR bereitet in 10 Ausgaben pro Jahr die wesentlichen Themen f\u00fcr F\u00fchrungskr\u00e4fte von KMU auf.","publisher":{"@id":"https:\/\/www.organisator.ch\/#organization"},"potentialAction":[{"@type":"SearchAction","target":{"@type":"EntryPoint","urlTemplate":"https:\/\/www.organisator.ch\/?s={search_term_string}"},"query-input":{"@type":"PropertyValueSpecification","valueRequired":true,"valueName":"search_term_string"}}],"inLanguage":"de"},{"@type":"Organization","@id":"https:\/\/www.organisator.ch\/#organization","name":"Organisator","url":"https:\/\/www.organisator.ch\/","logo":{"@type":"ImageObject","inLanguage":"de","@id":"https:\/\/www.organisator.ch\/#\/schema\/logo\/image\/","url":"https:\/\/www.organisator.ch\/wp-content\/uploads\/2022\/01\/Logo_Organisator_Website.png","contentUrl":"https:\/\/www.organisator.ch\/wp-content\/uploads\/2022\/01\/Logo_Organisator_Website.png","width":800,"height":77,"caption":"Organisator"},"image":{"@id":"https:\/\/www.organisator.ch\/#\/schema\/logo\/image\/"},"sameAs":["https:\/\/www.facebook.com\/OrganisatorFachmagazin","https:\/\/www.linkedin.com\/showcase\/organisator-das-magazin-fr-kmu","https:\/\/www.xing.com\/news\/pages\/organisator-ch-695","https:\/\/www.youtube.com\/channel\/UCGP2Sq0iWaZwT3BdIAQFYpw"]},{"@type":"Person","@id":"https:\/\/www.organisator.ch\/#\/schema\/person\/4e51799071cd2dd1232ac003643ef5f0","name":"galledia","image":{"@type":"ImageObject","inLanguage":"de","@id":"https:\/\/secure.gravatar.com\/avatar\/78a7f90c01fc2bfc875782a0d4922b37cde2cf184ce347b91316d23cd7f69a36?s=96&d=mm&r=g","url":"https:\/\/secure.gravatar.com\/avatar\/78a7f90c01fc2bfc875782a0d4922b37cde2cf184ce347b91316d23cd7f69a36?s=96&d=mm&r=g","contentUrl":"https:\/\/secure.gravatar.com\/avatar\/78a7f90c01fc2bfc875782a0d4922b37cde2cf184ce347b91316d23cd7f69a36?s=96&d=mm&r=g","caption":"galledia"},"sameAs":["https:\/\/x.com\/admin"],"url":"https:\/\/www.organisator.ch\/de\/author\/galledia\/"}]}},"_links":{"self":[{"href":"https:\/\/www.organisator.ch\/de\/wp-json\/wp\/v2\/posts\/17854","targetHints":{"allow":["GET"]}}],"collection":[{"href":"https:\/\/www.organisator.ch\/de\/wp-json\/wp\/v2\/posts"}],"about":[{"href":"https:\/\/www.organisator.ch\/de\/wp-json\/wp\/v2\/types\/post"}],"author":[{"embeddable":true,"href":"https:\/\/www.organisator.ch\/de\/wp-json\/wp\/v2\/users\/8"}],"replies":[{"embeddable":true,"href":"https:\/\/www.organisator.ch\/de\/wp-json\/wp\/v2\/comments?post=17854"}],"version-history":[{"count":4,"href":"https:\/\/www.organisator.ch\/de\/wp-json\/wp\/v2\/posts\/17854\/revisions"}],"predecessor-version":[{"id":33629,"href":"https:\/\/www.organisator.ch\/de\/wp-json\/wp\/v2\/posts\/17854\/revisions\/33629"}],"wp:attachment":[{"href":"https:\/\/www.organisator.ch\/de\/wp-json\/wp\/v2\/media?parent=17854"}],"wp:term":[{"taxonomy":"category","embeddable":true,"href":"https:\/\/www.organisator.ch\/de\/wp-json\/wp\/v2\/categories?post=17854"},{"taxonomy":"post_tag","embeddable":true,"href":"https:\/\/www.organisator.ch\/de\/wp-json\/wp\/v2\/tags?post=17854"}],"curies":[{"name":"wp","href":"https:\/\/api.w.org\/{rel}","templated":true}]}}