{"id":17870,"date":"2022-11-18T14:24:24","date_gmt":"2022-11-18T13:24:24","guid":{"rendered":"https:\/\/www.werbewoche.ch\/?p=190110"},"modified":"2024-11-20T10:10:23","modified_gmt":"2024-11-20T09:10:23","slug":"odlo-fuer-weitere-vier-jahre-hauptsponsor-des-engadin-skimarathon","status":"publish","type":"post","link":"https:\/\/www.organisator.ch\/de\/marketing\/2022-11-18\/odlo-fuer-weitere-vier-jahre-hauptsponsor-des-engadin-skimarathon\/","title":{"rendered":"Odlo f\u00fcr weitere vier Jahre Hauptsponsor des Engadin Skimarathon"},"content":{"rendered":"<figure id=\"attachment_190111\" class=\"wp-caption aligncenter\" style=\"width: 1200px\" aria-describedby=\"caption-attachment-190111\"><img class=\"aligncenter wp-image-190111 size-full\" src=\"https:\/\/www.werbewoche.ch\/wp-content\/uploads\/2022\/11\/ESM-photo-credit-Sportograf.jpg\" alt=\"Odlo Engadin\" width=\"1200\" height=\"900\" \/>\r\n<figcaption id=\"caption-attachment-190111\" class=\"wp-caption-text\">14\u2019000 Langlauf-Fans str\u00f6men mittlerweile an den j\u00e4hrlich stattfindenden Engadin Skimarathon. (Bild: Sportograf)<\/figcaption>\r\n<\/figure>\r\n<p>Die Marke Odlo hat am Freitag bekanntgegeben, dass sie den Engadin Skimarathon, dessen 53. Auflage am 12. M\u00e4rz 2023 stattfindet, weiterhin sponsern wird. Mittlerweile lockt das im Jahr 1969 lancierte Langlauf-Grossereignis Jahr f\u00fcr Jahr \u00fcber 14\u2019000 Langlauf-Fans aus \u00fcber 60 Nationen an.<\/p>\r\n<p>\u00abDer Engadin Skimarathon ist seit \u00fcber 50 Jahren das zweitgr\u00f6sste Langlaufrennen der Welt\u00bb, erkl\u00e4rt Menduri Kasper, CEO des Engadin Skimarathon. \u00abUm diesen Anlass weiterhin auf hohem Niveau zu organisieren, brauchen wir Partner an unserer Seite, die diesen Sport ebenso leidenschaftlich betreiben wie wir selbst.\u00bb<\/p>\r\n<p>Nachdem Odlo bereits die letzten sieben Engadin Marathons gesponsert hat, verl\u00e4ngert die Marke nun die Partnerschaft mit der Veranstaltung um weitere vier Jahre. \u00abSkilanglauf ist ein wichtiger Teil der Odlo-DNA, die bis in die 1940-er Jahre zur\u00fcckreicht\u00bb, sagt Knut Are H\u00f8gberg, CEO von Odlo.<\/p>\r\n<p>Im Rahmen der Partnerschaft stattet Odlo das Organisationskomitee und die \u00fcber 1\u2019200 engagierten Freiwilligen aus und ist auch mit einem Pop-up-Store im Marathondorf vertreten. Dar\u00fcber hinaus bietet Odlo w\u00e4hrend der ganzen Marathonwoche spezielle Event-Aktivit\u00e4ten an.<\/p>\r\n<h3>Odlo @ The Engadiner<\/h3>\r\n<p>Dieses Jahr lanciert die Marke zudem \u00abOdlo @ the Engadiner\u00bb \u2013 eine neue Community von Alltagssportler:innen, die auf dem Weg zum Engadin Skimarathon ihre Geschichten erz\u00e4hlen, die Sch\u00f6nheit des Langlaufsports feiern und andere zum Mitmachen motivieren m\u00f6chten. Die Personen verraten, wo sie trainieren, welche Tipps und Tricks es gibt und was n\u00f6tig ist, um sich auf 42 Kilometer aussergew\u00f6hnlichen Skilanglauf vorzubereiten.<\/p>\r\n<p>Die Bewerbungsphase f\u00fcr die <a href=\"https:\/\/www.engadin-skimarathon.ch\/aktuelles-services\/odlo-the-engadiner\" rel=\"noopener\">\u00abOdlo @ the Engadiner\u00bb<\/a>-Community hat soeben begonnen. Die ausgew\u00e4hlten Community-Mitglieder k\u00f6nnen Performance-Kleidung im Wert von 700 Euro gewinnen.<\/p>","protected":false},"excerpt":{"rendered":"<p>Die Marke Odlo hat am Freitag bekanntgegeben, dass sie den Engadin Skimarathon, dessen 53. Auflage am 12. M\u00e4rz 2023 stattfindet, weiterhin sponsern wird. Mittlerweile lockt das im Jahr 1969 lancierte Langlauf-Grossereignis Jahr f\u00fcr Jahr \u00fcber 14\u2019000 Langlauf-Fans aus \u00fcber 60 Nationen an. \u00abDer Engadin Skimarathon ist seit \u00fcber 50 Jahren das zweitgr\u00f6sste Langlaufrennen der Welt\u00bb, [\u2026]<\/p>\n","protected":false},"author":8,"featured_media":0,"comment_status":"closed","ping_status":"closed","sticky":false,"template":"","format":"standard","meta":{"_acf_changed":false,"_yoast_wpseo_focuskw":"Odlo Engadin","_yoast_wpseo_metadesc":"Odlo verl\u00e4ngert Sponsoring des Engadin Skimarathons. 14'000 Langlauf-Fans erwartet. Neuer Community-Launch: \"Odlo @ the Engadiner\".","articlekey":"","footnotes":""},"categories":[29],"tags":[3507,3508,3509],"class_list":["post-17870","post","type-post","status-publish","format-standard","hentry","category-marketing","tag-engadin-skimarathon","tag-odlo","tag-wintersport"],"acf":[],"yoast_head":"<!-- This site is optimized with the Yoast SEO plugin v27.5 - https:\/\/yoast.com\/product\/yoast-seo-wordpress\/ -->\n<title>Odlo f\u00fcr weitere vier Jahre Hauptsponsor des Engadin Skimarathon - Organisator<\/title>\n<meta name=\"description\" content=\"Odlo verl\u00e4ngert Sponsoring des Engadin Skimarathons. 14&#039;000 Langlauf-Fans erwartet. Neuer Community-Launch: &quot;Odlo @ the Engadiner&quot;.\" \/>\n<meta name=\"robots\" content=\"index, follow, max-snippet:-1, max-image-preview:large, max-video-preview:-1\" \/>\n<link rel=\"canonical\" href=\"https:\/\/www.organisator.ch\/de\/marketing\/2022-11-18\/odlo-fuer-weitere-vier-jahre-hauptsponsor-des-engadin-skimarathon\/\" \/>\n<meta property=\"og:locale\" content=\"de_DE\" \/>\n<meta property=\"og:type\" content=\"article\" \/>\n<meta property=\"og:title\" content=\"Odlo f\u00fcr weitere vier Jahre Hauptsponsor des Engadin Skimarathon - Organisator\" \/>\n<meta property=\"og:description\" content=\"Odlo verl\u00e4ngert Sponsoring des Engadin Skimarathons. 14&#039;000 Langlauf-Fans erwartet. Neuer Community-Launch: &quot;Odlo @ the Engadiner&quot;.\" \/>\n<meta property=\"og:url\" content=\"https:\/\/www.organisator.ch\/de\/marketing\/2022-11-18\/odlo-fuer-weitere-vier-jahre-hauptsponsor-des-engadin-skimarathon\/\" \/>\n<meta property=\"og:site_name\" content=\"Organisator\" \/>\n<meta property=\"article:publisher\" content=\"https:\/\/www.facebook.com\/OrganisatorFachmagazin\" \/>\n<meta property=\"article:published_time\" content=\"2022-11-18T13:24:24+00:00\" \/>\n<meta property=\"article:modified_time\" content=\"2024-11-20T09:10:23+00:00\" \/>\n<meta name=\"author\" content=\"galledia\" \/>\n<meta name=\"twitter:card\" content=\"summary_large_image\" \/>\n<meta name=\"twitter:creator\" content=\"@admin\" \/>\n<script type=\"application\/ld+json\" class=\"yoast-schema-graph\">{\"@context\":\"https:\\\/\\\/schema.org\",\"@graph\":[{\"@type\":\"Article\",\"@id\":\"https:\\\/\\\/www.organisator.ch\\\/marketing\\\/2022-11-18\\\/odlo-fuer-weitere-vier-jahre-hauptsponsor-des-engadin-skimarathon\\\/#article\",\"isPartOf\":{\"@id\":\"https:\\\/\\\/www.organisator.ch\\\/marketing\\\/2022-11-18\\\/odlo-fuer-weitere-vier-jahre-hauptsponsor-des-engadin-skimarathon\\\/\"},\"author\":{\"name\":\"galledia\",\"@id\":\"https:\\\/\\\/www.organisator.ch\\\/#\\\/schema\\\/person\\\/4e51799071cd2dd1232ac003643ef5f0\"},\"headline\":\"Odlo f\u00fcr weitere vier Jahre Hauptsponsor des Engadin Skimarathon\",\"datePublished\":\"2022-11-18T13:24:24+00:00\",\"dateModified\":\"2024-11-20T09:10:23+00:00\",\"mainEntityOfPage\":{\"@id\":\"https:\\\/\\\/www.organisator.ch\\\/marketing\\\/2022-11-18\\\/odlo-fuer-weitere-vier-jahre-hauptsponsor-des-engadin-skimarathon\\\/\"},\"wordCount\":281,\"publisher\":{\"@id\":\"https:\\\/\\\/www.organisator.ch\\\/#organization\"},\"image\":{\"@id\":\"https:\\\/\\\/www.organisator.ch\\\/marketing\\\/2022-11-18\\\/odlo-fuer-weitere-vier-jahre-hauptsponsor-des-engadin-skimarathon\\\/#primaryimage\"},\"thumbnailUrl\":\"https:\\\/\\\/www.werbewoche.ch\\\/wp-content\\\/uploads\\\/2022\\\/11\\\/ESM-photo-credit-Sportograf.jpg\",\"keywords\":[\"Engadin Skimarathon\",\"Odlo\",\"Wintersport\"],\"articleSection\":[\"MARKETING\"],\"inLanguage\":\"de\"},{\"@type\":\"WebPage\",\"@id\":\"https:\\\/\\\/www.organisator.ch\\\/marketing\\\/2022-11-18\\\/odlo-fuer-weitere-vier-jahre-hauptsponsor-des-engadin-skimarathon\\\/\",\"url\":\"https:\\\/\\\/www.organisator.ch\\\/marketing\\\/2022-11-18\\\/odlo-fuer-weitere-vier-jahre-hauptsponsor-des-engadin-skimarathon\\\/\",\"name\":\"Odlo f\u00fcr weitere vier Jahre Hauptsponsor des Engadin Skimarathon - Organisator\",\"isPartOf\":{\"@id\":\"https:\\\/\\\/www.organisator.ch\\\/#website\"},\"primaryImageOfPage\":{\"@id\":\"https:\\\/\\\/www.organisator.ch\\\/marketing\\\/2022-11-18\\\/odlo-fuer-weitere-vier-jahre-hauptsponsor-des-engadin-skimarathon\\\/#primaryimage\"},\"image\":{\"@id\":\"https:\\\/\\\/www.organisator.ch\\\/marketing\\\/2022-11-18\\\/odlo-fuer-weitere-vier-jahre-hauptsponsor-des-engadin-skimarathon\\\/#primaryimage\"},\"thumbnailUrl\":\"https:\\\/\\\/www.werbewoche.ch\\\/wp-content\\\/uploads\\\/2022\\\/11\\\/ESM-photo-credit-Sportograf.jpg\",\"datePublished\":\"2022-11-18T13:24:24+00:00\",\"dateModified\":\"2024-11-20T09:10:23+00:00\",\"description\":\"Odlo verl\u00e4ngert Sponsoring des Engadin Skimarathons. 14'000 Langlauf-Fans erwartet. Neuer Community-Launch: \\\"Odlo @ the Engadiner\\\".\",\"breadcrumb\":{\"@id\":\"https:\\\/\\\/www.organisator.ch\\\/marketing\\\/2022-11-18\\\/odlo-fuer-weitere-vier-jahre-hauptsponsor-des-engadin-skimarathon\\\/#breadcrumb\"},\"inLanguage\":\"de\",\"potentialAction\":[{\"@type\":\"ReadAction\",\"target\":[\"https:\\\/\\\/www.organisator.ch\\\/marketing\\\/2022-11-18\\\/odlo-fuer-weitere-vier-jahre-hauptsponsor-des-engadin-skimarathon\\\/\"]}]},{\"@type\":\"ImageObject\",\"inLanguage\":\"de\",\"@id\":\"https:\\\/\\\/www.organisator.ch\\\/marketing\\\/2022-11-18\\\/odlo-fuer-weitere-vier-jahre-hauptsponsor-des-engadin-skimarathon\\\/#primaryimage\",\"url\":\"https:\\\/\\\/www.werbewoche.ch\\\/wp-content\\\/uploads\\\/2022\\\/11\\\/ESM-photo-credit-Sportograf.jpg\",\"contentUrl\":\"https:\\\/\\\/www.werbewoche.ch\\\/wp-content\\\/uploads\\\/2022\\\/11\\\/ESM-photo-credit-Sportograf.jpg\"},{\"@type\":\"BreadcrumbList\",\"@id\":\"https:\\\/\\\/www.organisator.ch\\\/marketing\\\/2022-11-18\\\/odlo-fuer-weitere-vier-jahre-hauptsponsor-des-engadin-skimarathon\\\/#breadcrumb\",\"itemListElement\":[{\"@type\":\"ListItem\",\"position\":1,\"name\":\"Home\",\"item\":\"https:\\\/\\\/www.organisator.ch\\\/\"},{\"@type\":\"ListItem\",\"position\":2,\"name\":\"Odlo f\u00fcr weitere vier Jahre Hauptsponsor des Engadin Skimarathon\"}]},{\"@type\":\"WebSite\",\"@id\":\"https:\\\/\\\/www.organisator.ch\\\/#website\",\"url\":\"https:\\\/\\\/www.organisator.ch\\\/\",\"name\":\"Organisator\",\"description\":\"Kompetent. Praxisnah. Der ORGANISATOR bereitet in 10 Ausgaben pro Jahr die wesentlichen Themen f\u00fcr F\u00fchrungskr\u00e4fte von KMU auf.\",\"publisher\":{\"@id\":\"https:\\\/\\\/www.organisator.ch\\\/#organization\"},\"potentialAction\":[{\"@type\":\"SearchAction\",\"target\":{\"@type\":\"EntryPoint\",\"urlTemplate\":\"https:\\\/\\\/www.organisator.ch\\\/?s={search_term_string}\"},\"query-input\":{\"@type\":\"PropertyValueSpecification\",\"valueRequired\":true,\"valueName\":\"search_term_string\"}}],\"inLanguage\":\"de\"},{\"@type\":\"Organization\",\"@id\":\"https:\\\/\\\/www.organisator.ch\\\/#organization\",\"name\":\"Organisator\",\"url\":\"https:\\\/\\\/www.organisator.ch\\\/\",\"logo\":{\"@type\":\"ImageObject\",\"inLanguage\":\"de\",\"@id\":\"https:\\\/\\\/www.organisator.ch\\\/#\\\/schema\\\/logo\\\/image\\\/\",\"url\":\"https:\\\/\\\/www.organisator.ch\\\/wp-content\\\/uploads\\\/2022\\\/01\\\/Logo_Organisator_Website.png\",\"contentUrl\":\"https:\\\/\\\/www.organisator.ch\\\/wp-content\\\/uploads\\\/2022\\\/01\\\/Logo_Organisator_Website.png\",\"width\":800,\"height\":77,\"caption\":\"Organisator\"},\"image\":{\"@id\":\"https:\\\/\\\/www.organisator.ch\\\/#\\\/schema\\\/logo\\\/image\\\/\"},\"sameAs\":[\"https:\\\/\\\/www.facebook.com\\\/OrganisatorFachmagazin\",\"https:\\\/\\\/www.linkedin.com\\\/showcase\\\/organisator-das-magazin-fr-kmu\",\"https:\\\/\\\/www.xing.com\\\/news\\\/pages\\\/organisator-ch-695\",\"https:\\\/\\\/www.youtube.com\\\/channel\\\/UCGP2Sq0iWaZwT3BdIAQFYpw\"]},{\"@type\":\"Person\",\"@id\":\"https:\\\/\\\/www.organisator.ch\\\/#\\\/schema\\\/person\\\/4e51799071cd2dd1232ac003643ef5f0\",\"name\":\"galledia\",\"image\":{\"@type\":\"ImageObject\",\"inLanguage\":\"de\",\"@id\":\"https:\\\/\\\/secure.gravatar.com\\\/avatar\\\/78a7f90c01fc2bfc875782a0d4922b37cde2cf184ce347b91316d23cd7f69a36?s=96&d=mm&r=g\",\"url\":\"https:\\\/\\\/secure.gravatar.com\\\/avatar\\\/78a7f90c01fc2bfc875782a0d4922b37cde2cf184ce347b91316d23cd7f69a36?s=96&d=mm&r=g\",\"contentUrl\":\"https:\\\/\\\/secure.gravatar.com\\\/avatar\\\/78a7f90c01fc2bfc875782a0d4922b37cde2cf184ce347b91316d23cd7f69a36?s=96&d=mm&r=g\",\"caption\":\"galledia\"},\"sameAs\":[\"https:\\\/\\\/x.com\\\/admin\"],\"url\":\"https:\\\/\\\/www.organisator.ch\\\/de\\\/author\\\/galledia\\\/\"}]}<\/script>\n<!-- \/ Yoast SEO plugin. -->","yoast_head_json":{"title":"Odlo f\u00fcr weitere vier Jahre Hauptsponsor des Engadin Skimarathon - Organisator","description":"Odlo verl\u00e4ngert Sponsoring des Engadin Skimarathons. 14'000 Langlauf-Fans erwartet. Neuer Community-Launch: \"Odlo @ the Engadiner\".","robots":{"index":"index","follow":"follow","max-snippet":"max-snippet:-1","max-image-preview":"max-image-preview:large","max-video-preview":"max-video-preview:-1"},"canonical":"https:\/\/www.organisator.ch\/de\/marketing\/2022-11-18\/odlo-fuer-weitere-vier-jahre-hauptsponsor-des-engadin-skimarathon\/","og_locale":"de_DE","og_type":"article","og_title":"Odlo f\u00fcr weitere vier Jahre Hauptsponsor des Engadin Skimarathon - Organisator","og_description":"Odlo verl\u00e4ngert Sponsoring des Engadin Skimarathons. 14'000 Langlauf-Fans erwartet. Neuer Community-Launch: \"Odlo @ the Engadiner\".","og_url":"https:\/\/www.organisator.ch\/de\/marketing\/2022-11-18\/odlo-fuer-weitere-vier-jahre-hauptsponsor-des-engadin-skimarathon\/","og_site_name":"Organisator","article_publisher":"https:\/\/www.facebook.com\/OrganisatorFachmagazin","article_published_time":"2022-11-18T13:24:24+00:00","article_modified_time":"2024-11-20T09:10:23+00:00","author":"galledia","twitter_card":"summary_large_image","twitter_creator":"@admin","schema":{"@context":"https:\/\/schema.org","@graph":[{"@type":"Article","@id":"https:\/\/www.organisator.ch\/marketing\/2022-11-18\/odlo-fuer-weitere-vier-jahre-hauptsponsor-des-engadin-skimarathon\/#article","isPartOf":{"@id":"https:\/\/www.organisator.ch\/marketing\/2022-11-18\/odlo-fuer-weitere-vier-jahre-hauptsponsor-des-engadin-skimarathon\/"},"author":{"name":"galledia","@id":"https:\/\/www.organisator.ch\/#\/schema\/person\/4e51799071cd2dd1232ac003643ef5f0"},"headline":"Odlo f\u00fcr weitere vier Jahre Hauptsponsor des Engadin Skimarathon","datePublished":"2022-11-18T13:24:24+00:00","dateModified":"2024-11-20T09:10:23+00:00","mainEntityOfPage":{"@id":"https:\/\/www.organisator.ch\/marketing\/2022-11-18\/odlo-fuer-weitere-vier-jahre-hauptsponsor-des-engadin-skimarathon\/"},"wordCount":281,"publisher":{"@id":"https:\/\/www.organisator.ch\/#organization"},"image":{"@id":"https:\/\/www.organisator.ch\/marketing\/2022-11-18\/odlo-fuer-weitere-vier-jahre-hauptsponsor-des-engadin-skimarathon\/#primaryimage"},"thumbnailUrl":"https:\/\/www.werbewoche.ch\/wp-content\/uploads\/2022\/11\/ESM-photo-credit-Sportograf.jpg","keywords":["Engadin Skimarathon","Odlo","Wintersport"],"articleSection":["MARKETING"],"inLanguage":"de"},{"@type":"WebPage","@id":"https:\/\/www.organisator.ch\/marketing\/2022-11-18\/odlo-fuer-weitere-vier-jahre-hauptsponsor-des-engadin-skimarathon\/","url":"https:\/\/www.organisator.ch\/marketing\/2022-11-18\/odlo-fuer-weitere-vier-jahre-hauptsponsor-des-engadin-skimarathon\/","name":"Odlo f\u00fcr weitere vier Jahre Hauptsponsor des Engadin Skimarathon - Organisator","isPartOf":{"@id":"https:\/\/www.organisator.ch\/#website"},"primaryImageOfPage":{"@id":"https:\/\/www.organisator.ch\/marketing\/2022-11-18\/odlo-fuer-weitere-vier-jahre-hauptsponsor-des-engadin-skimarathon\/#primaryimage"},"image":{"@id":"https:\/\/www.organisator.ch\/marketing\/2022-11-18\/odlo-fuer-weitere-vier-jahre-hauptsponsor-des-engadin-skimarathon\/#primaryimage"},"thumbnailUrl":"https:\/\/www.werbewoche.ch\/wp-content\/uploads\/2022\/11\/ESM-photo-credit-Sportograf.jpg","datePublished":"2022-11-18T13:24:24+00:00","dateModified":"2024-11-20T09:10:23+00:00","description":"Odlo verl\u00e4ngert Sponsoring des Engadin Skimarathons. 14'000 Langlauf-Fans erwartet. Neuer Community-Launch: \"Odlo @ the Engadiner\".","breadcrumb":{"@id":"https:\/\/www.organisator.ch\/marketing\/2022-11-18\/odlo-fuer-weitere-vier-jahre-hauptsponsor-des-engadin-skimarathon\/#breadcrumb"},"inLanguage":"de","potentialAction":[{"@type":"ReadAction","target":["https:\/\/www.organisator.ch\/marketing\/2022-11-18\/odlo-fuer-weitere-vier-jahre-hauptsponsor-des-engadin-skimarathon\/"]}]},{"@type":"ImageObject","inLanguage":"de","@id":"https:\/\/www.organisator.ch\/marketing\/2022-11-18\/odlo-fuer-weitere-vier-jahre-hauptsponsor-des-engadin-skimarathon\/#primaryimage","url":"https:\/\/www.werbewoche.ch\/wp-content\/uploads\/2022\/11\/ESM-photo-credit-Sportograf.jpg","contentUrl":"https:\/\/www.werbewoche.ch\/wp-content\/uploads\/2022\/11\/ESM-photo-credit-Sportograf.jpg"},{"@type":"BreadcrumbList","@id":"https:\/\/www.organisator.ch\/marketing\/2022-11-18\/odlo-fuer-weitere-vier-jahre-hauptsponsor-des-engadin-skimarathon\/#breadcrumb","itemListElement":[{"@type":"ListItem","position":1,"name":"Home","item":"https:\/\/www.organisator.ch\/"},{"@type":"ListItem","position":2,"name":"Odlo f\u00fcr weitere vier Jahre Hauptsponsor des Engadin Skimarathon"}]},{"@type":"WebSite","@id":"https:\/\/www.organisator.ch\/#website","url":"https:\/\/www.organisator.ch\/","name":"Organisator","description":"Kompetent. Praxisnah. Der ORGANISATOR bereitet in 10 Ausgaben pro Jahr die wesentlichen Themen f\u00fcr F\u00fchrungskr\u00e4fte von KMU auf.","publisher":{"@id":"https:\/\/www.organisator.ch\/#organization"},"potentialAction":[{"@type":"SearchAction","target":{"@type":"EntryPoint","urlTemplate":"https:\/\/www.organisator.ch\/?s={search_term_string}"},"query-input":{"@type":"PropertyValueSpecification","valueRequired":true,"valueName":"search_term_string"}}],"inLanguage":"de"},{"@type":"Organization","@id":"https:\/\/www.organisator.ch\/#organization","name":"Organisator","url":"https:\/\/www.organisator.ch\/","logo":{"@type":"ImageObject","inLanguage":"de","@id":"https:\/\/www.organisator.ch\/#\/schema\/logo\/image\/","url":"https:\/\/www.organisator.ch\/wp-content\/uploads\/2022\/01\/Logo_Organisator_Website.png","contentUrl":"https:\/\/www.organisator.ch\/wp-content\/uploads\/2022\/01\/Logo_Organisator_Website.png","width":800,"height":77,"caption":"Organisator"},"image":{"@id":"https:\/\/www.organisator.ch\/#\/schema\/logo\/image\/"},"sameAs":["https:\/\/www.facebook.com\/OrganisatorFachmagazin","https:\/\/www.linkedin.com\/showcase\/organisator-das-magazin-fr-kmu","https:\/\/www.xing.com\/news\/pages\/organisator-ch-695","https:\/\/www.youtube.com\/channel\/UCGP2Sq0iWaZwT3BdIAQFYpw"]},{"@type":"Person","@id":"https:\/\/www.organisator.ch\/#\/schema\/person\/4e51799071cd2dd1232ac003643ef5f0","name":"galledia","image":{"@type":"ImageObject","inLanguage":"de","@id":"https:\/\/secure.gravatar.com\/avatar\/78a7f90c01fc2bfc875782a0d4922b37cde2cf184ce347b91316d23cd7f69a36?s=96&d=mm&r=g","url":"https:\/\/secure.gravatar.com\/avatar\/78a7f90c01fc2bfc875782a0d4922b37cde2cf184ce347b91316d23cd7f69a36?s=96&d=mm&r=g","contentUrl":"https:\/\/secure.gravatar.com\/avatar\/78a7f90c01fc2bfc875782a0d4922b37cde2cf184ce347b91316d23cd7f69a36?s=96&d=mm&r=g","caption":"galledia"},"sameAs":["https:\/\/x.com\/admin"],"url":"https:\/\/www.organisator.ch\/de\/author\/galledia\/"}]}},"_links":{"self":[{"href":"https:\/\/www.organisator.ch\/de\/wp-json\/wp\/v2\/posts\/17870","targetHints":{"allow":["GET"]}}],"collection":[{"href":"https:\/\/www.organisator.ch\/de\/wp-json\/wp\/v2\/posts"}],"about":[{"href":"https:\/\/www.organisator.ch\/de\/wp-json\/wp\/v2\/types\/post"}],"author":[{"embeddable":true,"href":"https:\/\/www.organisator.ch\/de\/wp-json\/wp\/v2\/users\/8"}],"replies":[{"embeddable":true,"href":"https:\/\/www.organisator.ch\/de\/wp-json\/wp\/v2\/comments?post=17870"}],"version-history":[{"count":3,"href":"https:\/\/www.organisator.ch\/de\/wp-json\/wp\/v2\/posts\/17870\/revisions"}],"predecessor-version":[{"id":33625,"href":"https:\/\/www.organisator.ch\/de\/wp-json\/wp\/v2\/posts\/17870\/revisions\/33625"}],"wp:attachment":[{"href":"https:\/\/www.organisator.ch\/de\/wp-json\/wp\/v2\/media?parent=17870"}],"wp:term":[{"taxonomy":"category","embeddable":true,"href":"https:\/\/www.organisator.ch\/de\/wp-json\/wp\/v2\/categories?post=17870"},{"taxonomy":"post_tag","embeddable":true,"href":"https:\/\/www.organisator.ch\/de\/wp-json\/wp\/v2\/tags?post=17870"}],"curies":[{"name":"wp","href":"https:\/\/api.w.org\/{rel}","templated":true}]}}