{"id":179,"date":"2016-01-18T14:14:26","date_gmt":"2016-01-18T13:14:26","guid":{"rendered":"https:\/\/dev.umweltperspektiven.ch\/?p=179"},"modified":"2022-02-09T11:10:15","modified_gmt":"2022-02-09T10:10:15","slug":"label-nachhaltiges-bauen-schweiz-offiziell-veroeffentlicht","status":"publish","type":"post","link":"https:\/\/www.organisator.ch\/de\/sustainability\/2016-01-18\/label-nachhaltiges-bauen-schweiz-offiziell-veroeffentlicht\/","title":{"rendered":"Label Nachhaltiges Bauen Schweiz offiziell ver\u00f6ffentlicht"},"content":{"rendered":"<figure id=\"attachment_180\" aria-describedby=\"caption-attachment-180\" style=\"width: 680px\" class=\"wp-caption alignnone\"><a href=\"\/\/dev.umweltperspektiven.ch\/wp-content\/uploads\/2016\/12\/Label-Nachhaltiges-Bauen-Schweiz-offiziell-ver\u00f6ffentlicht-umweltperspektiven.jpg\"><img loading=\"lazy\" decoding=\"async\" class=\"size-medium wp-image-180\" src=\"\/\/dev.umweltperspektiven.ch\/wp-content\/uploads\/2016\/12\/Label-Nachhaltiges-Bauen-Schweiz-offiziell-ver\u00f6ffentlicht-umweltperspektiven.jpg\" alt=\"Das neue Label will das Thema Nachhaltiges Bauen m\u00f6glichst umfassend betrachten.\" width=\"680\" height=\"387\" \/><\/a><figcaption id=\"caption-attachment-180\" class=\"wp-caption-text\">Das neue Label will das Thema Nachhaltiges Bauen m\u00f6glichst umfassend betrachten.<\/figcaption><\/figure>\n<p>Das neue Label Nachhaltiges Bauen Schweiz ist am 16. Januar 2016 an der Swissbau offiziell vorgestellt worden. Es basiert auf dem &#8222;<a href=\"http:\/\/www.nnbs.ch\/standard-snbs\/\" target=\"_blank\" data-cke-saved-href=\"\/\/www.nnbs.ch\/standard-snbs\/\" rel=\"noopener\">Standard Nachhaltiges Bauen Schweiz<\/a>&#8220; (SNBS), das 2014 als Gemeinschaftswerk der \u00f6ffentlichen Hand und der Bauindustrie lanciert wurde.<\/p>\n<p>Unterst\u00fctzt\u00a0wurde der SNBS\u00a0durch das Programm EnergieSchweiz im Rahmen der Energiestrategie 2050 des Bundesrates. Das Bundesamt f\u00fcr Energie wird sp\u00e4testens Ende 2018 alle Rechte am Standard an das <a href=\"http:\/\/www.nnbs.ch\/\" target=\"_blank\" data-cke-saved-href=\"\/\/www.nnbs.ch\/\" rel=\"noopener\">Netzwerk Nachhaltiges Bauen Schweiz<\/a> abtreten. In diesem Netzwerk haben sich die wichtigsten Vertreter der Bauindustrie und der \u00f6ffentlichen Hand organisiert.<\/p>\n<p>Ziel des Labels ist, alle Aspekte der Nachhaltigkeit und der Schweizer Baukultur abzudecken, um so mitzuhelfen, die Ziele der Energiestrategie 2050 zu erreichen. Laut BFE ber\u00fccksichtigt das Label unter anderem Kontextfaktoren &#8211; es fliessen also auch der Grundst\u00fcckentscheid und die Nutzungen wie\u00a0Wohnangebote, Raum f\u00fcr Unternehmen, Erdgeschossnutzungen in die Beurteilung mit ein. Damit bewertet das Label ebenfalls den Einfluss eines Bauwerks auf die Siedlungsentwicklung und Raumangebote in der Schweiz.<\/p>\n<p>Hinter dem Label steckt die <a href=\"http:\/\/www.sgs.ch\/\" target=\"_blank\" data-cke-saved-href=\"\/\/www.sgs.ch\/\" rel=\"noopener\">Soci\u00e9t\u00e9 G\u00e9n\u00e9rale de Surveillance<\/a> (SGS); ein Schweizer Konzern mit 80&#8217;000 Mitarbeitern in 140 Niederlassungen. Die SGS ist die weltweit gr\u00f6sste Inspektions- und Zertifizierungsgesellschaft,\u00a0spezialisiert auf Labels und hat viele Green-Buildings-Projekte durchgef\u00fchrt.<\/p>\n<p>Zun\u00e4chst einmal wird das Label nun aber getestet; gem\u00e4ss BFE sollen erste Zertifizierungen ab Sommer 2016 m\u00f6glich sein.<\/p>\n","protected":false},"excerpt":{"rendered":"<p>Das neue Label Nachhaltiges Bauen Schweiz ist am 16. Januar 2016 an der Swissbau offiziell vorgestellt worden. Es basiert auf dem &#8222;Standard Nachhaltiges Bauen Schweiz&#8220; (SNBS), das 2014 als Gemeinschaftswerk der \u00f6ffentlichen Hand und der Bauindustrie lanciert wurde. Unterst\u00fctzt\u00a0wurde der SNBS\u00a0durch das Programm EnergieSchweiz im Rahmen der Energiestrategie 2050 des Bundesrates. Das Bundesamt f\u00fcr Energie [&hellip;]<\/p>\n","protected":false},"author":1,"featured_media":180,"comment_status":"open","ping_status":"open","sticky":false,"template":"","format":"standard","meta":{"_acf_changed":false,"_yoast_wpseo_focuskw":"Nachhaltiges Bauen","_yoast_wpseo_metadesc":"Am 16. Januar wurde das Label Nachhaltiges Bauen Schweiz lanciert. Erste Zertifizierungen sollen ab Sommer 2016 m\u00f6glich sein.","articlekey":"","footnotes":""},"categories":[580],"tags":[807,1082,1583,1778,2134],"class_list":["post-179","post","type-post","status-publish","format-standard","has-post-thumbnail","hentry","category-sustainability","tag-bfe","tag-energieschweiz","tag-label","tag-nachhaltiges-bauen-schweiz","tag-snbs"],"acf":[],"yoast_head":"<!-- This site is optimized with the Yoast SEO plugin v27.4 - https:\/\/yoast.com\/product\/yoast-seo-wordpress\/ -->\n<title>Label Nachhaltiges Bauen Schweiz offiziell ver\u00f6ffentlicht - Organisator<\/title>\n<meta name=\"description\" content=\"Am 16. Januar wurde das Label Nachhaltiges Bauen Schweiz lanciert. Erste Zertifizierungen sollen ab Sommer 2016 m\u00f6glich sein.\" \/>\n<meta name=\"robots\" content=\"index, follow, max-snippet:-1, max-image-preview:large, max-video-preview:-1\" \/>\n<link rel=\"canonical\" href=\"https:\/\/www.organisator.ch\/de\/sustainability\/2016-01-18\/label-nachhaltiges-bauen-schweiz-offiziell-veroeffentlicht\/\" \/>\n<meta property=\"og:locale\" content=\"de_DE\" \/>\n<meta property=\"og:type\" content=\"article\" \/>\n<meta property=\"og:title\" content=\"Label Nachhaltiges Bauen Schweiz offiziell ver\u00f6ffentlicht - Organisator\" \/>\n<meta property=\"og:description\" content=\"Am 16. Januar wurde das Label Nachhaltiges Bauen Schweiz lanciert. Erste Zertifizierungen sollen ab Sommer 2016 m\u00f6glich sein.\" \/>\n<meta property=\"og:url\" content=\"https:\/\/www.organisator.ch\/de\/sustainability\/2016-01-18\/label-nachhaltiges-bauen-schweiz-offiziell-veroeffentlicht\/\" \/>\n<meta property=\"og:site_name\" content=\"Organisator\" \/>\n<meta property=\"article:publisher\" content=\"https:\/\/www.facebook.com\/OrganisatorFachmagazin\" \/>\n<meta property=\"article:published_time\" content=\"2016-01-18T13:14:26+00:00\" \/>\n<meta property=\"article:modified_time\" content=\"2022-02-09T10:10:15+00:00\" \/>\n<meta property=\"og:image\" content=\"https:\/\/www.organisator.ch\/wp-content\/uploads\/2016\/12\/Label-Nachhaltiges-Bauen-Schweiz-offiziell-veroeffentlicht-umweltperspektiven.jpg\" \/>\n\t<meta property=\"og:image:width\" content=\"2207\" \/>\n\t<meta property=\"og:image:height\" content=\"1255\" \/>\n\t<meta property=\"og:image:type\" content=\"image\/jpeg\" \/>\n<meta name=\"author\" content=\"admin\" \/>\n<meta name=\"twitter:card\" content=\"summary_large_image\" \/>\n<script type=\"application\/ld+json\" class=\"yoast-schema-graph\">{\"@context\":\"https:\\\/\\\/schema.org\",\"@graph\":[{\"@type\":\"Article\",\"@id\":\"https:\\\/\\\/www.organisator.ch\\\/sustainability\\\/2016-01-18\\\/label-nachhaltiges-bauen-schweiz-offiziell-veroeffentlicht\\\/#article\",\"isPartOf\":{\"@id\":\"https:\\\/\\\/www.organisator.ch\\\/sustainability\\\/2016-01-18\\\/label-nachhaltiges-bauen-schweiz-offiziell-veroeffentlicht\\\/\"},\"author\":{\"name\":\"admin\",\"@id\":\"https:\\\/\\\/www.organisator.ch\\\/#\\\/schema\\\/person\\\/aa2bace6c5c5aad60102004a50c4eb1c\"},\"headline\":\"Label Nachhaltiges Bauen Schweiz offiziell ver\u00f6ffentlicht\",\"datePublished\":\"2016-01-18T13:14:26+00:00\",\"dateModified\":\"2022-02-09T10:10:15+00:00\",\"mainEntityOfPage\":{\"@id\":\"https:\\\/\\\/www.organisator.ch\\\/sustainability\\\/2016-01-18\\\/label-nachhaltiges-bauen-schweiz-offiziell-veroeffentlicht\\\/\"},\"wordCount\":241,\"commentCount\":0,\"publisher\":{\"@id\":\"https:\\\/\\\/www.organisator.ch\\\/#organization\"},\"image\":{\"@id\":\"https:\\\/\\\/www.organisator.ch\\\/sustainability\\\/2016-01-18\\\/label-nachhaltiges-bauen-schweiz-offiziell-veroeffentlicht\\\/#primaryimage\"},\"thumbnailUrl\":\"https:\\\/\\\/www.organisator.ch\\\/wp-content\\\/uploads\\\/2016\\\/12\\\/Label-Nachhaltiges-Bauen-Schweiz-offiziell-veroeffentlicht-umweltperspektiven.jpg\",\"keywords\":[\"BFE\",\"EnergieSchweiz\",\"Label\",\"Nachhaltiges Bauen Schweiz\",\"SNBS\"],\"articleSection\":[\"SUSTAINABILITY\"],\"inLanguage\":\"de\"},{\"@type\":\"WebPage\",\"@id\":\"https:\\\/\\\/www.organisator.ch\\\/sustainability\\\/2016-01-18\\\/label-nachhaltiges-bauen-schweiz-offiziell-veroeffentlicht\\\/\",\"url\":\"https:\\\/\\\/www.organisator.ch\\\/sustainability\\\/2016-01-18\\\/label-nachhaltiges-bauen-schweiz-offiziell-veroeffentlicht\\\/\",\"name\":\"Label Nachhaltiges Bauen Schweiz offiziell ver\u00f6ffentlicht - Organisator\",\"isPartOf\":{\"@id\":\"https:\\\/\\\/www.organisator.ch\\\/#website\"},\"primaryImageOfPage\":{\"@id\":\"https:\\\/\\\/www.organisator.ch\\\/sustainability\\\/2016-01-18\\\/label-nachhaltiges-bauen-schweiz-offiziell-veroeffentlicht\\\/#primaryimage\"},\"image\":{\"@id\":\"https:\\\/\\\/www.organisator.ch\\\/sustainability\\\/2016-01-18\\\/label-nachhaltiges-bauen-schweiz-offiziell-veroeffentlicht\\\/#primaryimage\"},\"thumbnailUrl\":\"https:\\\/\\\/www.organisator.ch\\\/wp-content\\\/uploads\\\/2016\\\/12\\\/Label-Nachhaltiges-Bauen-Schweiz-offiziell-veroeffentlicht-umweltperspektiven.jpg\",\"datePublished\":\"2016-01-18T13:14:26+00:00\",\"dateModified\":\"2022-02-09T10:10:15+00:00\",\"description\":\"Am 16. Januar wurde das Label Nachhaltiges Bauen Schweiz lanciert. Erste Zertifizierungen sollen ab Sommer 2016 m\u00f6glich sein.\",\"breadcrumb\":{\"@id\":\"https:\\\/\\\/www.organisator.ch\\\/sustainability\\\/2016-01-18\\\/label-nachhaltiges-bauen-schweiz-offiziell-veroeffentlicht\\\/#breadcrumb\"},\"inLanguage\":\"de\",\"potentialAction\":[{\"@type\":\"ReadAction\",\"target\":[\"https:\\\/\\\/www.organisator.ch\\\/sustainability\\\/2016-01-18\\\/label-nachhaltiges-bauen-schweiz-offiziell-veroeffentlicht\\\/\"]}]},{\"@type\":\"ImageObject\",\"inLanguage\":\"de\",\"@id\":\"https:\\\/\\\/www.organisator.ch\\\/sustainability\\\/2016-01-18\\\/label-nachhaltiges-bauen-schweiz-offiziell-veroeffentlicht\\\/#primaryimage\",\"url\":\"https:\\\/\\\/www.organisator.ch\\\/wp-content\\\/uploads\\\/2016\\\/12\\\/Label-Nachhaltiges-Bauen-Schweiz-offiziell-veroeffentlicht-umweltperspektiven.jpg\",\"contentUrl\":\"https:\\\/\\\/www.organisator.ch\\\/wp-content\\\/uploads\\\/2016\\\/12\\\/Label-Nachhaltiges-Bauen-Schweiz-offiziell-veroeffentlicht-umweltperspektiven.jpg\",\"width\":2207,\"height\":1255,\"caption\":\"Das neue Label will das Thema Nachhaltiges Bauen m\u00f6glichst umfassend betrachten.\"},{\"@type\":\"BreadcrumbList\",\"@id\":\"https:\\\/\\\/www.organisator.ch\\\/sustainability\\\/2016-01-18\\\/label-nachhaltiges-bauen-schweiz-offiziell-veroeffentlicht\\\/#breadcrumb\",\"itemListElement\":[{\"@type\":\"ListItem\",\"position\":1,\"name\":\"Home\",\"item\":\"https:\\\/\\\/www.organisator.ch\\\/\"},{\"@type\":\"ListItem\",\"position\":2,\"name\":\"Label Nachhaltiges Bauen Schweiz offiziell ver\u00f6ffentlicht\"}]},{\"@type\":\"WebSite\",\"@id\":\"https:\\\/\\\/www.organisator.ch\\\/#website\",\"url\":\"https:\\\/\\\/www.organisator.ch\\\/\",\"name\":\"Organisator\",\"description\":\"Kompetent. Praxisnah. Der ORGANISATOR bereitet in 10 Ausgaben pro Jahr die wesentlichen Themen f\u00fcr F\u00fchrungskr\u00e4fte von KMU auf.\",\"publisher\":{\"@id\":\"https:\\\/\\\/www.organisator.ch\\\/#organization\"},\"potentialAction\":[{\"@type\":\"SearchAction\",\"target\":{\"@type\":\"EntryPoint\",\"urlTemplate\":\"https:\\\/\\\/www.organisator.ch\\\/?s={search_term_string}\"},\"query-input\":{\"@type\":\"PropertyValueSpecification\",\"valueRequired\":true,\"valueName\":\"search_term_string\"}}],\"inLanguage\":\"de\"},{\"@type\":\"Organization\",\"@id\":\"https:\\\/\\\/www.organisator.ch\\\/#organization\",\"name\":\"Organisator\",\"url\":\"https:\\\/\\\/www.organisator.ch\\\/\",\"logo\":{\"@type\":\"ImageObject\",\"inLanguage\":\"de\",\"@id\":\"https:\\\/\\\/www.organisator.ch\\\/#\\\/schema\\\/logo\\\/image\\\/\",\"url\":\"https:\\\/\\\/www.organisator.ch\\\/wp-content\\\/uploads\\\/2022\\\/01\\\/Logo_Organisator_Website.png\",\"contentUrl\":\"https:\\\/\\\/www.organisator.ch\\\/wp-content\\\/uploads\\\/2022\\\/01\\\/Logo_Organisator_Website.png\",\"width\":800,\"height\":77,\"caption\":\"Organisator\"},\"image\":{\"@id\":\"https:\\\/\\\/www.organisator.ch\\\/#\\\/schema\\\/logo\\\/image\\\/\"},\"sameAs\":[\"https:\\\/\\\/www.facebook.com\\\/OrganisatorFachmagazin\",\"https:\\\/\\\/www.linkedin.com\\\/showcase\\\/organisator-das-magazin-fr-kmu\",\"https:\\\/\\\/www.xing.com\\\/news\\\/pages\\\/organisator-ch-695\",\"https:\\\/\\\/www.youtube.com\\\/channel\\\/UCGP2Sq0iWaZwT3BdIAQFYpw\"]},{\"@type\":\"Person\",\"@id\":\"https:\\\/\\\/www.organisator.ch\\\/#\\\/schema\\\/person\\\/aa2bace6c5c5aad60102004a50c4eb1c\",\"name\":\"admin\",\"image\":{\"@type\":\"ImageObject\",\"inLanguage\":\"de\",\"@id\":\"https:\\\/\\\/secure.gravatar.com\\\/avatar\\\/ae2f4d718e6c49043e314ce431e7e645d646302a24a5ef5a8bc8e3f5a032e319?s=96&d=mm&r=g\",\"url\":\"https:\\\/\\\/secure.gravatar.com\\\/avatar\\\/ae2f4d718e6c49043e314ce431e7e645d646302a24a5ef5a8bc8e3f5a032e319?s=96&d=mm&r=g\",\"contentUrl\":\"https:\\\/\\\/secure.gravatar.com\\\/avatar\\\/ae2f4d718e6c49043e314ce431e7e645d646302a24a5ef5a8bc8e3f5a032e319?s=96&d=mm&r=g\",\"caption\":\"admin\"},\"sameAs\":[\"https:\\\/\\\/www.organisator.ch\"],\"url\":\"https:\\\/\\\/www.organisator.ch\\\/de\\\/author\\\/admin\\\/\"}]}<\/script>\n<!-- \/ Yoast SEO plugin. -->","yoast_head_json":{"title":"Label Nachhaltiges Bauen Schweiz offiziell ver\u00f6ffentlicht - Organisator","description":"Am 16. Januar wurde das Label Nachhaltiges Bauen Schweiz lanciert. Erste Zertifizierungen sollen ab Sommer 2016 m\u00f6glich sein.","robots":{"index":"index","follow":"follow","max-snippet":"max-snippet:-1","max-image-preview":"max-image-preview:large","max-video-preview":"max-video-preview:-1"},"canonical":"https:\/\/www.organisator.ch\/de\/sustainability\/2016-01-18\/label-nachhaltiges-bauen-schweiz-offiziell-veroeffentlicht\/","og_locale":"de_DE","og_type":"article","og_title":"Label Nachhaltiges Bauen Schweiz offiziell ver\u00f6ffentlicht - Organisator","og_description":"Am 16. Januar wurde das Label Nachhaltiges Bauen Schweiz lanciert. Erste Zertifizierungen sollen ab Sommer 2016 m\u00f6glich sein.","og_url":"https:\/\/www.organisator.ch\/de\/sustainability\/2016-01-18\/label-nachhaltiges-bauen-schweiz-offiziell-veroeffentlicht\/","og_site_name":"Organisator","article_publisher":"https:\/\/www.facebook.com\/OrganisatorFachmagazin","article_published_time":"2016-01-18T13:14:26+00:00","article_modified_time":"2022-02-09T10:10:15+00:00","og_image":[{"width":2207,"height":1255,"url":"https:\/\/www.organisator.ch\/wp-content\/uploads\/2016\/12\/Label-Nachhaltiges-Bauen-Schweiz-offiziell-veroeffentlicht-umweltperspektiven.jpg","type":"image\/jpeg"}],"author":"admin","twitter_card":"summary_large_image","schema":{"@context":"https:\/\/schema.org","@graph":[{"@type":"Article","@id":"https:\/\/www.organisator.ch\/sustainability\/2016-01-18\/label-nachhaltiges-bauen-schweiz-offiziell-veroeffentlicht\/#article","isPartOf":{"@id":"https:\/\/www.organisator.ch\/sustainability\/2016-01-18\/label-nachhaltiges-bauen-schweiz-offiziell-veroeffentlicht\/"},"author":{"name":"admin","@id":"https:\/\/www.organisator.ch\/#\/schema\/person\/aa2bace6c5c5aad60102004a50c4eb1c"},"headline":"Label Nachhaltiges Bauen Schweiz offiziell ver\u00f6ffentlicht","datePublished":"2016-01-18T13:14:26+00:00","dateModified":"2022-02-09T10:10:15+00:00","mainEntityOfPage":{"@id":"https:\/\/www.organisator.ch\/sustainability\/2016-01-18\/label-nachhaltiges-bauen-schweiz-offiziell-veroeffentlicht\/"},"wordCount":241,"commentCount":0,"publisher":{"@id":"https:\/\/www.organisator.ch\/#organization"},"image":{"@id":"https:\/\/www.organisator.ch\/sustainability\/2016-01-18\/label-nachhaltiges-bauen-schweiz-offiziell-veroeffentlicht\/#primaryimage"},"thumbnailUrl":"https:\/\/www.organisator.ch\/wp-content\/uploads\/2016\/12\/Label-Nachhaltiges-Bauen-Schweiz-offiziell-veroeffentlicht-umweltperspektiven.jpg","keywords":["BFE","EnergieSchweiz","Label","Nachhaltiges Bauen Schweiz","SNBS"],"articleSection":["SUSTAINABILITY"],"inLanguage":"de"},{"@type":"WebPage","@id":"https:\/\/www.organisator.ch\/sustainability\/2016-01-18\/label-nachhaltiges-bauen-schweiz-offiziell-veroeffentlicht\/","url":"https:\/\/www.organisator.ch\/sustainability\/2016-01-18\/label-nachhaltiges-bauen-schweiz-offiziell-veroeffentlicht\/","name":"Label Nachhaltiges Bauen Schweiz offiziell ver\u00f6ffentlicht - Organisator","isPartOf":{"@id":"https:\/\/www.organisator.ch\/#website"},"primaryImageOfPage":{"@id":"https:\/\/www.organisator.ch\/sustainability\/2016-01-18\/label-nachhaltiges-bauen-schweiz-offiziell-veroeffentlicht\/#primaryimage"},"image":{"@id":"https:\/\/www.organisator.ch\/sustainability\/2016-01-18\/label-nachhaltiges-bauen-schweiz-offiziell-veroeffentlicht\/#primaryimage"},"thumbnailUrl":"https:\/\/www.organisator.ch\/wp-content\/uploads\/2016\/12\/Label-Nachhaltiges-Bauen-Schweiz-offiziell-veroeffentlicht-umweltperspektiven.jpg","datePublished":"2016-01-18T13:14:26+00:00","dateModified":"2022-02-09T10:10:15+00:00","description":"Am 16. Januar wurde das Label Nachhaltiges Bauen Schweiz lanciert. Erste Zertifizierungen sollen ab Sommer 2016 m\u00f6glich sein.","breadcrumb":{"@id":"https:\/\/www.organisator.ch\/sustainability\/2016-01-18\/label-nachhaltiges-bauen-schweiz-offiziell-veroeffentlicht\/#breadcrumb"},"inLanguage":"de","potentialAction":[{"@type":"ReadAction","target":["https:\/\/www.organisator.ch\/sustainability\/2016-01-18\/label-nachhaltiges-bauen-schweiz-offiziell-veroeffentlicht\/"]}]},{"@type":"ImageObject","inLanguage":"de","@id":"https:\/\/www.organisator.ch\/sustainability\/2016-01-18\/label-nachhaltiges-bauen-schweiz-offiziell-veroeffentlicht\/#primaryimage","url":"https:\/\/www.organisator.ch\/wp-content\/uploads\/2016\/12\/Label-Nachhaltiges-Bauen-Schweiz-offiziell-veroeffentlicht-umweltperspektiven.jpg","contentUrl":"https:\/\/www.organisator.ch\/wp-content\/uploads\/2016\/12\/Label-Nachhaltiges-Bauen-Schweiz-offiziell-veroeffentlicht-umweltperspektiven.jpg","width":2207,"height":1255,"caption":"Das neue Label will das Thema Nachhaltiges Bauen m\u00f6glichst umfassend betrachten."},{"@type":"BreadcrumbList","@id":"https:\/\/www.organisator.ch\/sustainability\/2016-01-18\/label-nachhaltiges-bauen-schweiz-offiziell-veroeffentlicht\/#breadcrumb","itemListElement":[{"@type":"ListItem","position":1,"name":"Home","item":"https:\/\/www.organisator.ch\/"},{"@type":"ListItem","position":2,"name":"Label Nachhaltiges Bauen Schweiz offiziell ver\u00f6ffentlicht"}]},{"@type":"WebSite","@id":"https:\/\/www.organisator.ch\/#website","url":"https:\/\/www.organisator.ch\/","name":"Organisator","description":"Kompetent. Praxisnah. Der ORGANISATOR bereitet in 10 Ausgaben pro Jahr die wesentlichen Themen f\u00fcr F\u00fchrungskr\u00e4fte von KMU auf.","publisher":{"@id":"https:\/\/www.organisator.ch\/#organization"},"potentialAction":[{"@type":"SearchAction","target":{"@type":"EntryPoint","urlTemplate":"https:\/\/www.organisator.ch\/?s={search_term_string}"},"query-input":{"@type":"PropertyValueSpecification","valueRequired":true,"valueName":"search_term_string"}}],"inLanguage":"de"},{"@type":"Organization","@id":"https:\/\/www.organisator.ch\/#organization","name":"Organisator","url":"https:\/\/www.organisator.ch\/","logo":{"@type":"ImageObject","inLanguage":"de","@id":"https:\/\/www.organisator.ch\/#\/schema\/logo\/image\/","url":"https:\/\/www.organisator.ch\/wp-content\/uploads\/2022\/01\/Logo_Organisator_Website.png","contentUrl":"https:\/\/www.organisator.ch\/wp-content\/uploads\/2022\/01\/Logo_Organisator_Website.png","width":800,"height":77,"caption":"Organisator"},"image":{"@id":"https:\/\/www.organisator.ch\/#\/schema\/logo\/image\/"},"sameAs":["https:\/\/www.facebook.com\/OrganisatorFachmagazin","https:\/\/www.linkedin.com\/showcase\/organisator-das-magazin-fr-kmu","https:\/\/www.xing.com\/news\/pages\/organisator-ch-695","https:\/\/www.youtube.com\/channel\/UCGP2Sq0iWaZwT3BdIAQFYpw"]},{"@type":"Person","@id":"https:\/\/www.organisator.ch\/#\/schema\/person\/aa2bace6c5c5aad60102004a50c4eb1c","name":"admin","image":{"@type":"ImageObject","inLanguage":"de","@id":"https:\/\/secure.gravatar.com\/avatar\/ae2f4d718e6c49043e314ce431e7e645d646302a24a5ef5a8bc8e3f5a032e319?s=96&d=mm&r=g","url":"https:\/\/secure.gravatar.com\/avatar\/ae2f4d718e6c49043e314ce431e7e645d646302a24a5ef5a8bc8e3f5a032e319?s=96&d=mm&r=g","contentUrl":"https:\/\/secure.gravatar.com\/avatar\/ae2f4d718e6c49043e314ce431e7e645d646302a24a5ef5a8bc8e3f5a032e319?s=96&d=mm&r=g","caption":"admin"},"sameAs":["https:\/\/www.organisator.ch"],"url":"https:\/\/www.organisator.ch\/de\/author\/admin\/"}]}},"_links":{"self":[{"href":"https:\/\/www.organisator.ch\/de\/wp-json\/wp\/v2\/posts\/179","targetHints":{"allow":["GET"]}}],"collection":[{"href":"https:\/\/www.organisator.ch\/de\/wp-json\/wp\/v2\/posts"}],"about":[{"href":"https:\/\/www.organisator.ch\/de\/wp-json\/wp\/v2\/types\/post"}],"author":[{"embeddable":true,"href":"https:\/\/www.organisator.ch\/de\/wp-json\/wp\/v2\/users\/1"}],"replies":[{"embeddable":true,"href":"https:\/\/www.organisator.ch\/de\/wp-json\/wp\/v2\/comments?post=179"}],"version-history":[{"count":1,"href":"https:\/\/www.organisator.ch\/de\/wp-json\/wp\/v2\/posts\/179\/revisions"}],"predecessor-version":[{"id":10974,"href":"https:\/\/www.organisator.ch\/de\/wp-json\/wp\/v2\/posts\/179\/revisions\/10974"}],"wp:featuredmedia":[{"embeddable":true,"href":"https:\/\/www.organisator.ch\/de\/wp-json\/wp\/v2\/media\/180"}],"wp:attachment":[{"href":"https:\/\/www.organisator.ch\/de\/wp-json\/wp\/v2\/media?parent=179"}],"wp:term":[{"taxonomy":"category","embeddable":true,"href":"https:\/\/www.organisator.ch\/de\/wp-json\/wp\/v2\/categories?post=179"},{"taxonomy":"post_tag","embeddable":true,"href":"https:\/\/www.organisator.ch\/de\/wp-json\/wp\/v2\/tags?post=179"}],"curies":[{"name":"wp","href":"https:\/\/api.w.org\/{rel}","templated":true}]}}