{"id":1794,"date":"2017-04-13T17:15:24","date_gmt":"2017-04-13T15:15:24","guid":{"rendered":"https:\/\/www.organisator.ch\/?p=1794"},"modified":"2017-04-13T17:15:24","modified_gmt":"2017-04-13T15:15:24","slug":"kmu-studie-2017","status":"publish","type":"post","link":"https:\/\/www.organisator.ch\/de\/allgemein\/2017-04-13\/kmu-studie-2017\/","title":{"rendered":"KMU-Studie 2017"},"content":{"rendered":"<figure id=\"attachment_1795\" aria-describedby=\"caption-attachment-1795\" style=\"width: 640px\" class=\"wp-caption alignnone\"><img loading=\"lazy\" decoding=\"async\" class=\"size-full wp-image-1795\" src=\"https:\/\/www.organisator.ch\/wp-content\/uploads\/2017\/04\/KMU-Studie-2017-org-organisator.jpg\" alt=\"\" width=\"640\" height=\"405\" srcset=\"https:\/\/www.organisator.ch\/wp-content\/uploads\/2017\/04\/KMU-Studie-2017-org-organisator.jpg 640w, https:\/\/www.organisator.ch\/wp-content\/uploads\/2017\/04\/KMU-Studie-2017-org-organisator-16x10.jpg 16w, https:\/\/www.organisator.ch\/wp-content\/uploads\/2017\/04\/KMU-Studie-2017-org-organisator-277x175.jpg 277w, https:\/\/www.organisator.ch\/wp-content\/uploads\/2017\/04\/KMU-Studie-2017-org-organisator-553x350.jpg 553w, https:\/\/www.organisator.ch\/wp-content\/uploads\/2017\/04\/KMU-Studie-2017-org-organisator-300x190.jpg 300w\" sizes=\"auto, (max-width: 640px) 100vw, 640px\" \/><figcaption id=\"caption-attachment-1795\" class=\"wp-caption-text\">Laut der neuen KMU Studie sind KMU F\u00fchrungskr\u00e4fte im Schnitt fast 49 alt. (Bild: depositphotos)<\/figcaption><\/figure>\n<p>Die aktuellste Ausgabe der Schweizer KMU-Studie 2017 mit den vom BfS im Jahr 2014 erhobenen Zahlen zeigt, dass nicht grosse Unternehmen ab 250 Mitarbeitenden, sondern sogenannte Kleinstunternehmen mit weniger als 10 Mitarbeitenden (92.4%) die Schweizer Unternehmenslandschaft dominieren. Die Schweizer Klein- und Mittelunternehmen (99.8% aller Unternehmen) besch\u00e4ftigen total etwa zwei Drittel der Belegschaft der marktwirtschaftlichen Unternehmen.<\/p>\n<p>Trotz ihrer Dominanz w\u00e4re es falsch, alle KMU in einen Topf zu werfen. Es gibt trotz \u00e4hnlicher Unternehmensgr\u00f6sse gewaltige Unterschiede. So z\u00e4hlen der Coiffeur, die B\u00e4ckerei, der Malerbetrieb oder die Werbeagentur um die Ecke genauso zu den KMU wie hochtechnologische Weltmarktf\u00fchrer in der Medizinaltechnik oder der Drohnenherstellung.<\/p>\n<p><strong>Die Schweiz z\u00e4hlt viele Einzelfirmen<\/strong><\/p>\n<p>Bei den Rechtsformen f\u00e4llt auf, dass die meisten KMU als Einzelfirmen organisiert sind. Insbesondere in der Landwirtschaft sind knapp 88% der KMU Einzelfirmen. KMU des Industrie- und Dienstleistungsbereichs sind h\u00e4ufig als Aktiengesellschaft oder als GmbH organisiert. Mit zunehmender Unternehmensgr\u00f6sse schwindet die Zahl an Einzelfirmen und tendenziell auch an GmbH.<\/p>\n<p><strong>Gesch\u00e4ftsf\u00fchrer sind um 50 Jahre alt<\/strong><\/p>\n<p>Neu wurde in der vorliegenden Studie das Alter der Gesch\u00e4ftsf\u00fchrung genauer betrachtet. Dazu wurde die Erhebung der Schweizerischen Arbeitskr\u00e4fteerhebung (SAKE) des Bundesamts genutzt. Das Ergebnis zeigt, dass \u00fcber alle Branchen hinweg das Durchschnittsalter der Gesch\u00e4ftsf\u00fchrung bei rund 50 Jahren liegt. Die Gesch\u00e4ftsf\u00fchrer von Kleinstunternehmen sind im Schnitt \u00e4lter als jene in Klein- und Mittelunternehmen. So sind F\u00fchrungskr\u00e4fte in Kleinstunternehmen im Schnitt fast 49 Jahre und Gesch\u00e4ftsf\u00fchrer 50 Jahre alt.<\/p>\n<p>Bei Unternehmen mit mehr als 100 Mitarbeitenden sind die F\u00fchrungskr\u00e4fte durchschnittlich 44 Jahre und die Unternehmensleiter 47 Jahre alt. Ein Blick \u00fcber die Grenzen hinweg zeigt, dass sich der KMU-Anteil in den meisten europ\u00e4ischen L\u00e4ndern gleicht, bei der Besch\u00e4ftigtenzahl gibt es jedoch Unterschiede. So besch\u00e4ftigen beispielsweise Grossunternehmen in Grossbritannien und Deutschland anteilm\u00e4ssig mehr Personen als diejenigen in der Schweiz.<\/p>\n<p>Die KMU-HSG und OBT besch\u00e4ftigen sich schon seit Jahrzehnten mit den Belangen und den Herausforderungen der KMU, sei es in der Forschung oder in der unternehmerischen Praxis. Mit der vorliegenden Studienreihe, basierend auf den jeweils aktuellsten BfS-Zahlen, m\u00f6chte man den Unternehmern wie auch der Gesellschaft einen Mehrwert bieten, indem ein \u00dcberblick \u00fcber die KMU der Schweiz und im internationalen Vergleich gegeben wird.<\/p>\n<p>Gespannt darf auf die kommenden KMU-Zahlen des BfS Ende dieses Jahres geblickt werden, da diese die Teilauswirkungen der Aufhebung der Franken-Euro-Untergrenze auf die KMU aufzeigen werden.<\/p>\n<p>Die Schweizer KMU-Studie kann \u00fcber diese <a href=\"http:\/\/www.kmu.unisg.ch\/kmu-zahlen\">Site <\/a>heruntergeladen werden.<\/p>\n<p>&nbsp;<\/p>\n<p>&nbsp;<\/p>\n","protected":false},"excerpt":{"rendered":"<p>Die aktuellste Ausgabe der Schweizer KMU-Studie 2017 mit den vom BfS im Jahr 2014 erhobenen Zahlen zeigt, dass nicht grosse Unternehmen ab 250 Mitarbeitenden, sondern sogenannte Kleinstunternehmen mit weniger als 10 Mitarbeitenden (92.4%) die Schweizer Unternehmenslandschaft dominieren. Die Schweizer Klein- und Mittelunternehmen (99.8% aller Unternehmen) besch\u00e4ftigen total etwa zwei Drittel der Belegschaft der marktwirtschaftlichen Unternehmen. [&hellip;]<\/p>\n","protected":false},"author":5,"featured_media":1795,"comment_status":"open","ping_status":"open","sticky":false,"template":"","format":"standard","meta":{"_acf_changed":false,"_yoast_wpseo_focuskw":"KMU-Studie 2017","_yoast_wpseo_metadesc":"Die aktuelle Schweizer KMU-Studie mit den Zahlen des Bundesamts f\u00fcr Statistik (BfS) ist nun bereits die 5. Ausgabe dieser Studienserie.","articlekey":"","footnotes":""},"categories":[1],"tags":[238,301,304],"class_list":["post-1794","post","type-post","status-publish","format-standard","has-post-thumbnail","hentry","category-allgemein","tag-geschaeftsfuehrung","tag-kmu","tag-kmu-studie-2017"],"acf":[],"yoast_head":"<!-- This site is optimized with the Yoast SEO plugin v27.5 - https:\/\/yoast.com\/product\/yoast-seo-wordpress\/ -->\n<title>KMU-Studie 2017 - Organisator<\/title>\n<meta name=\"description\" content=\"Die aktuelle Schweizer KMU-Studie mit den Zahlen des Bundesamts f\u00fcr Statistik (BfS) ist nun bereits die 5. Ausgabe dieser Studienserie.\" \/>\n<meta name=\"robots\" content=\"index, follow, max-snippet:-1, max-image-preview:large, max-video-preview:-1\" \/>\n<link rel=\"canonical\" href=\"https:\/\/www.organisator.ch\/de\/allgemein\/2017-04-13\/kmu-studie-2017\/\" \/>\n<meta property=\"og:locale\" content=\"de_DE\" \/>\n<meta property=\"og:type\" content=\"article\" \/>\n<meta property=\"og:title\" content=\"KMU-Studie 2017 - Organisator\" \/>\n<meta property=\"og:description\" content=\"Die aktuelle Schweizer KMU-Studie mit den Zahlen des Bundesamts f\u00fcr Statistik (BfS) ist nun bereits die 5. Ausgabe dieser Studienserie.\" \/>\n<meta property=\"og:url\" content=\"https:\/\/www.organisator.ch\/de\/allgemein\/2017-04-13\/kmu-studie-2017\/\" \/>\n<meta property=\"og:site_name\" content=\"Organisator\" \/>\n<meta property=\"article:publisher\" content=\"https:\/\/www.facebook.com\/OrganisatorFachmagazin\" \/>\n<meta property=\"article:published_time\" content=\"2017-04-13T15:15:24+00:00\" \/>\n<meta property=\"og:image\" content=\"https:\/\/www.organisator.ch\/wp-content\/uploads\/2017\/04\/KMU-Studie-2017-org-organisator.jpg\" \/>\n\t<meta property=\"og:image:width\" content=\"640\" \/>\n\t<meta property=\"og:image:height\" content=\"405\" \/>\n\t<meta property=\"og:image:type\" content=\"image\/jpeg\" \/>\n<meta name=\"author\" content=\"michael.merz\" \/>\n<meta name=\"twitter:card\" content=\"summary_large_image\" \/>\n<script type=\"application\/ld+json\" class=\"yoast-schema-graph\">{\"@context\":\"https:\\\/\\\/schema.org\",\"@graph\":[{\"@type\":\"Article\",\"@id\":\"https:\\\/\\\/www.organisator.ch\\\/de\\\/allgemein\\\/2017-04-13\\\/kmu-studie-2017\\\/#article\",\"isPartOf\":{\"@id\":\"https:\\\/\\\/www.organisator.ch\\\/de\\\/allgemein\\\/2017-04-13\\\/kmu-studie-2017\\\/\"},\"author\":{\"name\":\"michael.merz\",\"@id\":\"https:\\\/\\\/www.organisator.ch\\\/#\\\/schema\\\/person\\\/134708ca9321c57b0362cceb7948ffbd\"},\"headline\":\"KMU-Studie 2017\",\"datePublished\":\"2017-04-13T15:15:24+00:00\",\"mainEntityOfPage\":{\"@id\":\"https:\\\/\\\/www.organisator.ch\\\/de\\\/allgemein\\\/2017-04-13\\\/kmu-studie-2017\\\/\"},\"wordCount\":431,\"commentCount\":0,\"publisher\":{\"@id\":\"https:\\\/\\\/www.organisator.ch\\\/#organization\"},\"image\":{\"@id\":\"https:\\\/\\\/www.organisator.ch\\\/de\\\/allgemein\\\/2017-04-13\\\/kmu-studie-2017\\\/#primaryimage\"},\"thumbnailUrl\":\"https:\\\/\\\/www.organisator.ch\\\/wp-content\\\/uploads\\\/2017\\\/04\\\/KMU-Studie-2017-org-organisator.jpg\",\"keywords\":[\"Gesch\u00e4ftsf\u00fchrung\",\"KMU\",\"KMU-Studie 2017\"],\"inLanguage\":\"de\"},{\"@type\":\"WebPage\",\"@id\":\"https:\\\/\\\/www.organisator.ch\\\/de\\\/allgemein\\\/2017-04-13\\\/kmu-studie-2017\\\/\",\"url\":\"https:\\\/\\\/www.organisator.ch\\\/de\\\/allgemein\\\/2017-04-13\\\/kmu-studie-2017\\\/\",\"name\":\"KMU-Studie 2017 - Organisator\",\"isPartOf\":{\"@id\":\"https:\\\/\\\/www.organisator.ch\\\/#website\"},\"primaryImageOfPage\":{\"@id\":\"https:\\\/\\\/www.organisator.ch\\\/de\\\/allgemein\\\/2017-04-13\\\/kmu-studie-2017\\\/#primaryimage\"},\"image\":{\"@id\":\"https:\\\/\\\/www.organisator.ch\\\/de\\\/allgemein\\\/2017-04-13\\\/kmu-studie-2017\\\/#primaryimage\"},\"thumbnailUrl\":\"https:\\\/\\\/www.organisator.ch\\\/wp-content\\\/uploads\\\/2017\\\/04\\\/KMU-Studie-2017-org-organisator.jpg\",\"datePublished\":\"2017-04-13T15:15:24+00:00\",\"description\":\"Die aktuelle Schweizer KMU-Studie mit den Zahlen des Bundesamts f\u00fcr Statistik (BfS) ist nun bereits die 5. Ausgabe dieser Studienserie.\",\"breadcrumb\":{\"@id\":\"https:\\\/\\\/www.organisator.ch\\\/de\\\/allgemein\\\/2017-04-13\\\/kmu-studie-2017\\\/#breadcrumb\"},\"inLanguage\":\"de\",\"potentialAction\":[{\"@type\":\"ReadAction\",\"target\":[\"https:\\\/\\\/www.organisator.ch\\\/de\\\/allgemein\\\/2017-04-13\\\/kmu-studie-2017\\\/\"]}]},{\"@type\":\"ImageObject\",\"inLanguage\":\"de\",\"@id\":\"https:\\\/\\\/www.organisator.ch\\\/de\\\/allgemein\\\/2017-04-13\\\/kmu-studie-2017\\\/#primaryimage\",\"url\":\"https:\\\/\\\/www.organisator.ch\\\/wp-content\\\/uploads\\\/2017\\\/04\\\/KMU-Studie-2017-org-organisator.jpg\",\"contentUrl\":\"https:\\\/\\\/www.organisator.ch\\\/wp-content\\\/uploads\\\/2017\\\/04\\\/KMU-Studie-2017-org-organisator.jpg\",\"width\":640,\"height\":405,\"caption\":\"Laut der neuen KMU Studie sind KMU F\u00fchrungskr\u00e4fte im Schnitt fast 49 alt. (Bild: depositphotos)\"},{\"@type\":\"BreadcrumbList\",\"@id\":\"https:\\\/\\\/www.organisator.ch\\\/de\\\/allgemein\\\/2017-04-13\\\/kmu-studie-2017\\\/#breadcrumb\",\"itemListElement\":[{\"@type\":\"ListItem\",\"position\":1,\"name\":\"Home\",\"item\":\"https:\\\/\\\/www.organisator.ch\\\/\"},{\"@type\":\"ListItem\",\"position\":2,\"name\":\"KMU-Studie 2017\"}]},{\"@type\":\"WebSite\",\"@id\":\"https:\\\/\\\/www.organisator.ch\\\/#website\",\"url\":\"https:\\\/\\\/www.organisator.ch\\\/\",\"name\":\"Organisator\",\"description\":\"Kompetent. Praxisnah. Der ORGANISATOR bereitet in 10 Ausgaben pro Jahr die wesentlichen Themen f\u00fcr F\u00fchrungskr\u00e4fte von KMU auf.\",\"publisher\":{\"@id\":\"https:\\\/\\\/www.organisator.ch\\\/#organization\"},\"potentialAction\":[{\"@type\":\"SearchAction\",\"target\":{\"@type\":\"EntryPoint\",\"urlTemplate\":\"https:\\\/\\\/www.organisator.ch\\\/?s={search_term_string}\"},\"query-input\":{\"@type\":\"PropertyValueSpecification\",\"valueRequired\":true,\"valueName\":\"search_term_string\"}}],\"inLanguage\":\"de\"},{\"@type\":\"Organization\",\"@id\":\"https:\\\/\\\/www.organisator.ch\\\/#organization\",\"name\":\"Organisator\",\"url\":\"https:\\\/\\\/www.organisator.ch\\\/\",\"logo\":{\"@type\":\"ImageObject\",\"inLanguage\":\"de\",\"@id\":\"https:\\\/\\\/www.organisator.ch\\\/#\\\/schema\\\/logo\\\/image\\\/\",\"url\":\"https:\\\/\\\/www.organisator.ch\\\/wp-content\\\/uploads\\\/2022\\\/01\\\/Logo_Organisator_Website.png\",\"contentUrl\":\"https:\\\/\\\/www.organisator.ch\\\/wp-content\\\/uploads\\\/2022\\\/01\\\/Logo_Organisator_Website.png\",\"width\":800,\"height\":77,\"caption\":\"Organisator\"},\"image\":{\"@id\":\"https:\\\/\\\/www.organisator.ch\\\/#\\\/schema\\\/logo\\\/image\\\/\"},\"sameAs\":[\"https:\\\/\\\/www.facebook.com\\\/OrganisatorFachmagazin\",\"https:\\\/\\\/www.linkedin.com\\\/showcase\\\/organisator-das-magazin-fr-kmu\",\"https:\\\/\\\/www.xing.com\\\/news\\\/pages\\\/organisator-ch-695\",\"https:\\\/\\\/www.youtube.com\\\/channel\\\/UCGP2Sq0iWaZwT3BdIAQFYpw\"]},{\"@type\":\"Person\",\"@id\":\"https:\\\/\\\/www.organisator.ch\\\/#\\\/schema\\\/person\\\/134708ca9321c57b0362cceb7948ffbd\",\"name\":\"michael.merz\",\"image\":{\"@type\":\"ImageObject\",\"inLanguage\":\"de\",\"@id\":\"https:\\\/\\\/secure.gravatar.com\\\/avatar\\\/?s=96&d=mm&r=g\",\"url\":\"https:\\\/\\\/secure.gravatar.com\\\/avatar\\\/?s=96&d=mm&r=g\",\"contentUrl\":\"https:\\\/\\\/secure.gravatar.com\\\/avatar\\\/?s=96&d=mm&r=g\",\"caption\":\"michael.merz\"},\"url\":\"https:\\\/\\\/www.organisator.ch\\\/de\\\/author\\\/michael-merz\\\/\"}]}<\/script>\n<!-- \/ Yoast SEO plugin. -->","yoast_head_json":{"title":"KMU-Studie 2017 - Organisator","description":"Die aktuelle Schweizer KMU-Studie mit den Zahlen des Bundesamts f\u00fcr Statistik (BfS) ist nun bereits die 5. Ausgabe dieser Studienserie.","robots":{"index":"index","follow":"follow","max-snippet":"max-snippet:-1","max-image-preview":"max-image-preview:large","max-video-preview":"max-video-preview:-1"},"canonical":"https:\/\/www.organisator.ch\/de\/allgemein\/2017-04-13\/kmu-studie-2017\/","og_locale":"de_DE","og_type":"article","og_title":"KMU-Studie 2017 - Organisator","og_description":"Die aktuelle Schweizer KMU-Studie mit den Zahlen des Bundesamts f\u00fcr Statistik (BfS) ist nun bereits die 5. Ausgabe dieser Studienserie.","og_url":"https:\/\/www.organisator.ch\/de\/allgemein\/2017-04-13\/kmu-studie-2017\/","og_site_name":"Organisator","article_publisher":"https:\/\/www.facebook.com\/OrganisatorFachmagazin","article_published_time":"2017-04-13T15:15:24+00:00","og_image":[{"width":640,"height":405,"url":"https:\/\/www.organisator.ch\/wp-content\/uploads\/2017\/04\/KMU-Studie-2017-org-organisator.jpg","type":"image\/jpeg"}],"author":"michael.merz","twitter_card":"summary_large_image","schema":{"@context":"https:\/\/schema.org","@graph":[{"@type":"Article","@id":"https:\/\/www.organisator.ch\/de\/allgemein\/2017-04-13\/kmu-studie-2017\/#article","isPartOf":{"@id":"https:\/\/www.organisator.ch\/de\/allgemein\/2017-04-13\/kmu-studie-2017\/"},"author":{"name":"michael.merz","@id":"https:\/\/www.organisator.ch\/#\/schema\/person\/134708ca9321c57b0362cceb7948ffbd"},"headline":"KMU-Studie 2017","datePublished":"2017-04-13T15:15:24+00:00","mainEntityOfPage":{"@id":"https:\/\/www.organisator.ch\/de\/allgemein\/2017-04-13\/kmu-studie-2017\/"},"wordCount":431,"commentCount":0,"publisher":{"@id":"https:\/\/www.organisator.ch\/#organization"},"image":{"@id":"https:\/\/www.organisator.ch\/de\/allgemein\/2017-04-13\/kmu-studie-2017\/#primaryimage"},"thumbnailUrl":"https:\/\/www.organisator.ch\/wp-content\/uploads\/2017\/04\/KMU-Studie-2017-org-organisator.jpg","keywords":["Gesch\u00e4ftsf\u00fchrung","KMU","KMU-Studie 2017"],"inLanguage":"de"},{"@type":"WebPage","@id":"https:\/\/www.organisator.ch\/de\/allgemein\/2017-04-13\/kmu-studie-2017\/","url":"https:\/\/www.organisator.ch\/de\/allgemein\/2017-04-13\/kmu-studie-2017\/","name":"KMU-Studie 2017 - Organisator","isPartOf":{"@id":"https:\/\/www.organisator.ch\/#website"},"primaryImageOfPage":{"@id":"https:\/\/www.organisator.ch\/de\/allgemein\/2017-04-13\/kmu-studie-2017\/#primaryimage"},"image":{"@id":"https:\/\/www.organisator.ch\/de\/allgemein\/2017-04-13\/kmu-studie-2017\/#primaryimage"},"thumbnailUrl":"https:\/\/www.organisator.ch\/wp-content\/uploads\/2017\/04\/KMU-Studie-2017-org-organisator.jpg","datePublished":"2017-04-13T15:15:24+00:00","description":"Die aktuelle Schweizer KMU-Studie mit den Zahlen des Bundesamts f\u00fcr Statistik (BfS) ist nun bereits die 5. Ausgabe dieser Studienserie.","breadcrumb":{"@id":"https:\/\/www.organisator.ch\/de\/allgemein\/2017-04-13\/kmu-studie-2017\/#breadcrumb"},"inLanguage":"de","potentialAction":[{"@type":"ReadAction","target":["https:\/\/www.organisator.ch\/de\/allgemein\/2017-04-13\/kmu-studie-2017\/"]}]},{"@type":"ImageObject","inLanguage":"de","@id":"https:\/\/www.organisator.ch\/de\/allgemein\/2017-04-13\/kmu-studie-2017\/#primaryimage","url":"https:\/\/www.organisator.ch\/wp-content\/uploads\/2017\/04\/KMU-Studie-2017-org-organisator.jpg","contentUrl":"https:\/\/www.organisator.ch\/wp-content\/uploads\/2017\/04\/KMU-Studie-2017-org-organisator.jpg","width":640,"height":405,"caption":"Laut der neuen KMU Studie sind KMU F\u00fchrungskr\u00e4fte im Schnitt fast 49 alt. (Bild: depositphotos)"},{"@type":"BreadcrumbList","@id":"https:\/\/www.organisator.ch\/de\/allgemein\/2017-04-13\/kmu-studie-2017\/#breadcrumb","itemListElement":[{"@type":"ListItem","position":1,"name":"Home","item":"https:\/\/www.organisator.ch\/"},{"@type":"ListItem","position":2,"name":"KMU-Studie 2017"}]},{"@type":"WebSite","@id":"https:\/\/www.organisator.ch\/#website","url":"https:\/\/www.organisator.ch\/","name":"Organisator","description":"Kompetent. Praxisnah. Der ORGANISATOR bereitet in 10 Ausgaben pro Jahr die wesentlichen Themen f\u00fcr F\u00fchrungskr\u00e4fte von KMU auf.","publisher":{"@id":"https:\/\/www.organisator.ch\/#organization"},"potentialAction":[{"@type":"SearchAction","target":{"@type":"EntryPoint","urlTemplate":"https:\/\/www.organisator.ch\/?s={search_term_string}"},"query-input":{"@type":"PropertyValueSpecification","valueRequired":true,"valueName":"search_term_string"}}],"inLanguage":"de"},{"@type":"Organization","@id":"https:\/\/www.organisator.ch\/#organization","name":"Organisator","url":"https:\/\/www.organisator.ch\/","logo":{"@type":"ImageObject","inLanguage":"de","@id":"https:\/\/www.organisator.ch\/#\/schema\/logo\/image\/","url":"https:\/\/www.organisator.ch\/wp-content\/uploads\/2022\/01\/Logo_Organisator_Website.png","contentUrl":"https:\/\/www.organisator.ch\/wp-content\/uploads\/2022\/01\/Logo_Organisator_Website.png","width":800,"height":77,"caption":"Organisator"},"image":{"@id":"https:\/\/www.organisator.ch\/#\/schema\/logo\/image\/"},"sameAs":["https:\/\/www.facebook.com\/OrganisatorFachmagazin","https:\/\/www.linkedin.com\/showcase\/organisator-das-magazin-fr-kmu","https:\/\/www.xing.com\/news\/pages\/organisator-ch-695","https:\/\/www.youtube.com\/channel\/UCGP2Sq0iWaZwT3BdIAQFYpw"]},{"@type":"Person","@id":"https:\/\/www.organisator.ch\/#\/schema\/person\/134708ca9321c57b0362cceb7948ffbd","name":"michael.merz","image":{"@type":"ImageObject","inLanguage":"de","@id":"https:\/\/secure.gravatar.com\/avatar\/?s=96&d=mm&r=g","url":"https:\/\/secure.gravatar.com\/avatar\/?s=96&d=mm&r=g","contentUrl":"https:\/\/secure.gravatar.com\/avatar\/?s=96&d=mm&r=g","caption":"michael.merz"},"url":"https:\/\/www.organisator.ch\/de\/author\/michael-merz\/"}]}},"_links":{"self":[{"href":"https:\/\/www.organisator.ch\/de\/wp-json\/wp\/v2\/posts\/1794","targetHints":{"allow":["GET"]}}],"collection":[{"href":"https:\/\/www.organisator.ch\/de\/wp-json\/wp\/v2\/posts"}],"about":[{"href":"https:\/\/www.organisator.ch\/de\/wp-json\/wp\/v2\/types\/post"}],"author":[{"embeddable":true,"href":"https:\/\/www.organisator.ch\/de\/wp-json\/wp\/v2\/users\/5"}],"replies":[{"embeddable":true,"href":"https:\/\/www.organisator.ch\/de\/wp-json\/wp\/v2\/comments?post=1794"}],"version-history":[{"count":0,"href":"https:\/\/www.organisator.ch\/de\/wp-json\/wp\/v2\/posts\/1794\/revisions"}],"wp:featuredmedia":[{"embeddable":true,"href":"https:\/\/www.organisator.ch\/de\/wp-json\/wp\/v2\/media\/1795"}],"wp:attachment":[{"href":"https:\/\/www.organisator.ch\/de\/wp-json\/wp\/v2\/media?parent=1794"}],"wp:term":[{"taxonomy":"category","embeddable":true,"href":"https:\/\/www.organisator.ch\/de\/wp-json\/wp\/v2\/categories?post=1794"},{"taxonomy":"post_tag","embeddable":true,"href":"https:\/\/www.organisator.ch\/de\/wp-json\/wp\/v2\/tags?post=1794"}],"curies":[{"name":"wp","href":"https:\/\/api.w.org\/{rel}","templated":true}]}}