{"id":17953,"date":"2022-11-28T08:11:22","date_gmt":"2022-11-28T07:11:22","guid":{"rendered":"https:\/\/www.organisator.ch\/?p=17953"},"modified":"2022-11-28T08:11:22","modified_gmt":"2022-11-28T07:11:22","slug":"bank-wir-kuendigt-wechsel-im-verwaltungsrat-an","status":"publish","type":"post","link":"https:\/\/www.organisator.ch\/de\/management\/2022-11-28\/bank-wir-kuendigt-wechsel-im-verwaltungsrat-an\/","title":{"rendered":"Bank WIR k\u00fcndigt Wechsel im Verwaltungsrat an"},"content":{"rendered":"<figure id=\"attachment_17954\" aria-describedby=\"caption-attachment-17954\" style=\"width: 680px\" class=\"wp-caption alignnone\"><img loading=\"lazy\" decoding=\"async\" class=\"size-full wp-image-17954\" src=\"https:\/\/www.organisator.ch\/wp-content\/uploads\/2022\/11\/WIR-Bank-kuendigt-Wechsel-im-Verwaltungsrat-an-1_Organisator.jpg\" alt=\"\" width=\"680\" height=\"680\" srcset=\"https:\/\/www.organisator.ch\/wp-content\/uploads\/2022\/11\/WIR-Bank-kuendigt-Wechsel-im-Verwaltungsrat-an-1_Organisator.jpg 680w, https:\/\/www.organisator.ch\/wp-content\/uploads\/2022\/11\/WIR-Bank-kuendigt-Wechsel-im-Verwaltungsrat-an-1_Organisator-150x150.jpg 150w, https:\/\/www.organisator.ch\/wp-content\/uploads\/2022\/11\/WIR-Bank-kuendigt-Wechsel-im-Verwaltungsrat-an-1_Organisator-12x12.jpg 12w, https:\/\/www.organisator.ch\/wp-content\/uploads\/2022\/11\/WIR-Bank-kuendigt-Wechsel-im-Verwaltungsrat-an-1_Organisator-300x300.jpg 300w, https:\/\/www.organisator.ch\/wp-content\/uploads\/2022\/11\/WIR-Bank-kuendigt-Wechsel-im-Verwaltungsrat-an-1_Organisator-350x350.jpg 350w, https:\/\/www.organisator.ch\/wp-content\/uploads\/2022\/11\/WIR-Bank-kuendigt-Wechsel-im-Verwaltungsrat-an-1_Organisator-250x250.jpg 250w\" sizes=\"auto, (max-width: 680px) 100vw, 680px\" \/><figcaption id=\"caption-attachment-17954\" class=\"wp-caption-text\">Wechsel im Verwaltungsrat der Bank WIR: Karin Zahnd Cadoux wird sich nicht mehr f\u00fcr die Wiederwahl zur Verf\u00fcgung stellen. (Bild: zVg \/ Bank WIR)<\/figcaption><\/figure>\n<p>Karin Zahnd Cadoux, die 2014 in den Verwaltungsrat der Bank WIR und 2019 zu dessen Pr\u00e4sidentin gew\u00e4hlt worden war, hat sich dazu entschieden, bei den Gesamterneuerungswahlen des Verwaltungsrats anl\u00e4sslich der Generalversammlung am 5. Juni 2023 nicht mehr anzutreten. Die 49-J\u00e4hrige nennt pers\u00f6nliche Gr\u00fcnde f\u00fcr diesen Entscheid: \u00abIch bin ein Workaholic, aber zwei Todesf\u00e4lle und eine schwere Krankheit in meinem n\u00e4heren Umfeld haben mich dazu veranlasst, meine Priorit\u00e4ten zu \u00fcberdenken.\u00bb Als Firmenchefin wolle sich Zahnd Cadoux deshalb nicht nur wieder vermehrt auf das eigene Unternehmen konzentrieren, sondern auch mehr Zeit f\u00fcr die Familie haben.<\/p>\n<figure id=\"attachment_17955\" aria-describedby=\"caption-attachment-17955\" style=\"width: 680px\" class=\"wp-caption alignnone\"><img loading=\"lazy\" decoding=\"async\" class=\"size-full wp-image-17955\" src=\"https:\/\/www.organisator.ch\/wp-content\/uploads\/2022\/11\/WIR-Bank-kuendigt-Wechsel-im-Verwaltungsrat-an-2_Organisator.jpg\" alt=\"\" width=\"680\" height=\"585\" srcset=\"https:\/\/www.organisator.ch\/wp-content\/uploads\/2022\/11\/WIR-Bank-kuendigt-Wechsel-im-Verwaltungsrat-an-2_Organisator.jpg 680w, https:\/\/www.organisator.ch\/wp-content\/uploads\/2022\/11\/WIR-Bank-kuendigt-Wechsel-im-Verwaltungsrat-an-2_Organisator-14x12.jpg 14w, https:\/\/www.organisator.ch\/wp-content\/uploads\/2022\/11\/WIR-Bank-kuendigt-Wechsel-im-Verwaltungsrat-an-2_Organisator-349x300.jpg 349w, https:\/\/www.organisator.ch\/wp-content\/uploads\/2022\/11\/WIR-Bank-kuendigt-Wechsel-im-Verwaltungsrat-an-2_Organisator-407x350.jpg 407w\" sizes=\"auto, (max-width: 680px) 100vw, 680px\" \/><figcaption id=\"caption-attachment-17955\" class=\"wp-caption-text\">Wird als neuer Verwaltungsratspr\u00e4sident vorgeschlagen: Marc Reimann. (Bild: zVg \/ Bank WIR)<\/figcaption><\/figure>\n<p>Um den Spagat zwischen Kontinuit\u00e4t und frischem Wind zu schaffen, unterst\u00fctzt der Verwaltungsrat der Bank WIR die Pr\u00e4sidentschaftskandidatur von Marc Reimann (41). Der CEO der Zirkumflex AG mit Sitz in Cham ist seit 2013 Mitglied des Verwaltungsrats \u2013 seit 2021 dessen Vizepr\u00e4sident.<\/p>\n<p>\u00abIch konnte in meiner Amtszeit dazu beitragen, dass in der Bank WIR wichtige Weichen f\u00fcr eine weiterhin erfolgreiche Zukunft gestellt wurden\u00bb, so das Fazit von Zahnd Cadoux. Ihren designierten Nachfolger bezeichnet sie als \u00abjungen, digitalaffinen Mann mit Weitsicht, der die f\u00fcr dieses Amt notwendigen Eigenschaften allesamt mitbringt\u00bb.<\/p>\n<p><em>Quelle: <a href=\"http:\/\/www.wir.ch\">Bank WIR<\/a><\/em><\/p>\n","protected":false},"excerpt":{"rendered":"<p>Karin Zahnd Cadoux, die 2014 in den Verwaltungsrat der Bank WIR und 2019 zu dessen Pr\u00e4sidentin gew\u00e4hlt worden war, hat sich dazu entschieden, bei den Gesamterneuerungswahlen des Verwaltungsrats anl\u00e4sslich der Generalversammlung am 5. Juni 2023 nicht mehr anzutreten. Die 49-J\u00e4hrige nennt pers\u00f6nliche Gr\u00fcnde f\u00fcr diesen Entscheid: \u00abIch bin ein Workaholic, aber zwei Todesf\u00e4lle und eine [&hellip;]<\/p>\n","protected":false},"author":4,"featured_media":17954,"comment_status":"closed","ping_status":"closed","sticky":false,"template":"","format":"standard","meta":{"_acf_changed":false,"_yoast_wpseo_focuskw":"Wechsel im Verwaltungsrat","_yoast_wpseo_metadesc":"Wechsel im Verwaltungsrat: Karin Zahnd Cadoux, VR-Pr\u00e4sidentin der Bank WIR, wird an der GV im Mai 2023 nicht mehr zur Wiederwahl antreten.","articlekey":"","footnotes":""},"categories":[28],"tags":[69,381,2471],"class_list":["post-17953","post","type-post","status-publish","format-standard","has-post-thumbnail","hentry","category-management","tag-banken","tag-personalia","tag-verwaltungsrat"],"acf":[],"yoast_head":"<!-- This site is optimized with the Yoast SEO plugin v27.5 - https:\/\/yoast.com\/product\/yoast-seo-wordpress\/ -->\n<title>Bank WIR k\u00fcndigt Wechsel im Verwaltungsrat an - Organisator<\/title>\n<meta name=\"description\" content=\"Wechsel im Verwaltungsrat: Karin Zahnd Cadoux, VR-Pr\u00e4sidentin der Bank WIR, wird an der GV im Mai 2023 nicht mehr zur Wiederwahl antreten.\" \/>\n<meta name=\"robots\" content=\"index, follow, max-snippet:-1, max-image-preview:large, max-video-preview:-1\" \/>\n<link rel=\"canonical\" href=\"https:\/\/www.organisator.ch\/de\/management\/2022-11-28\/bank-wir-kuendigt-wechsel-im-verwaltungsrat-an\/\" \/>\n<meta property=\"og:locale\" content=\"de_DE\" \/>\n<meta property=\"og:type\" content=\"article\" \/>\n<meta property=\"og:title\" content=\"Bank WIR k\u00fcndigt Wechsel im Verwaltungsrat an\" \/>\n<meta property=\"og:description\" content=\"Wechsel im Verwaltungsrat: Karin Zahnd Cadoux, VR-Pr\u00e4sidentin der Bank WIR, wird an der GV im Mai 2023 nicht mehr zur Wiederwahl antreten.\" \/>\n<meta property=\"og:url\" content=\"https:\/\/www.organisator.ch\/de\/management\/2022-11-28\/bank-wir-kuendigt-wechsel-im-verwaltungsrat-an\/\" \/>\n<meta property=\"og:site_name\" content=\"Organisator\" \/>\n<meta property=\"article:publisher\" content=\"https:\/\/www.facebook.com\/OrganisatorFachmagazin\" \/>\n<meta property=\"article:published_time\" content=\"2022-11-28T07:11:22+00:00\" \/>\n<meta property=\"og:image\" content=\"https:\/\/www.organisator.ch\/wp-content\/uploads\/2022\/11\/WIR-Bank-kuendigt-Wechsel-im-Verwaltungsrat-an-1_Organisator.jpg\" \/>\n\t<meta property=\"og:image:width\" content=\"680\" \/>\n\t<meta property=\"og:image:height\" content=\"680\" \/>\n\t<meta property=\"og:image:type\" content=\"image\/jpeg\" \/>\n<meta name=\"author\" content=\"thomas.berner\" \/>\n<meta name=\"twitter:card\" content=\"summary_large_image\" \/>\n<meta name=\"twitter:title\" content=\"Bank #WIR k\u00fcndigt Wechsel im #Verwaltungsrat an\" \/>\n<meta name=\"twitter:description\" content=\"Wechsel im #Verwaltungsrat: Karin Zahnd #Cadoux, #VR-Pr\u00e4sidentin der Bank WIR, wird an der GV im Mai 2023 nicht mehr zur #Wiederwahl antreten.\" \/>\n<meta name=\"twitter:image\" content=\"https:\/\/www.organisator.ch\/wp-content\/uploads\/2022\/11\/WIR-Bank-kuendigt-Wechsel-im-Verwaltungsrat-an-1_Organisator.jpg\" \/>\n<script type=\"application\/ld+json\" class=\"yoast-schema-graph\">{\"@context\":\"https:\\\/\\\/schema.org\",\"@graph\":[{\"@type\":\"Article\",\"@id\":\"https:\\\/\\\/www.organisator.ch\\\/management\\\/2022-11-28\\\/bank-wir-kuendigt-wechsel-im-verwaltungsrat-an\\\/#article\",\"isPartOf\":{\"@id\":\"https:\\\/\\\/www.organisator.ch\\\/management\\\/2022-11-28\\\/bank-wir-kuendigt-wechsel-im-verwaltungsrat-an\\\/\"},\"author\":{\"name\":\"thomas.berner\",\"@id\":\"https:\\\/\\\/www.organisator.ch\\\/#\\\/schema\\\/person\\\/6f650f90b2842cd4c0cc334b4e36f67e\"},\"headline\":\"Bank WIR k\u00fcndigt Wechsel im Verwaltungsrat an\",\"datePublished\":\"2022-11-28T07:11:22+00:00\",\"mainEntityOfPage\":{\"@id\":\"https:\\\/\\\/www.organisator.ch\\\/management\\\/2022-11-28\\\/bank-wir-kuendigt-wechsel-im-verwaltungsrat-an\\\/\"},\"wordCount\":253,\"publisher\":{\"@id\":\"https:\\\/\\\/www.organisator.ch\\\/#organization\"},\"image\":{\"@id\":\"https:\\\/\\\/www.organisator.ch\\\/management\\\/2022-11-28\\\/bank-wir-kuendigt-wechsel-im-verwaltungsrat-an\\\/#primaryimage\"},\"thumbnailUrl\":\"https:\\\/\\\/www.organisator.ch\\\/wp-content\\\/uploads\\\/2022\\\/11\\\/WIR-Bank-kuendigt-Wechsel-im-Verwaltungsrat-an-1_Organisator.jpg\",\"keywords\":[\"Banken\",\"Personalia\",\"Verwaltungsrat\"],\"articleSection\":[\"MANAGEMENT\"],\"inLanguage\":\"de\"},{\"@type\":\"WebPage\",\"@id\":\"https:\\\/\\\/www.organisator.ch\\\/management\\\/2022-11-28\\\/bank-wir-kuendigt-wechsel-im-verwaltungsrat-an\\\/\",\"url\":\"https:\\\/\\\/www.organisator.ch\\\/management\\\/2022-11-28\\\/bank-wir-kuendigt-wechsel-im-verwaltungsrat-an\\\/\",\"name\":\"Bank WIR k\u00fcndigt Wechsel im Verwaltungsrat an - Organisator\",\"isPartOf\":{\"@id\":\"https:\\\/\\\/www.organisator.ch\\\/#website\"},\"primaryImageOfPage\":{\"@id\":\"https:\\\/\\\/www.organisator.ch\\\/management\\\/2022-11-28\\\/bank-wir-kuendigt-wechsel-im-verwaltungsrat-an\\\/#primaryimage\"},\"image\":{\"@id\":\"https:\\\/\\\/www.organisator.ch\\\/management\\\/2022-11-28\\\/bank-wir-kuendigt-wechsel-im-verwaltungsrat-an\\\/#primaryimage\"},\"thumbnailUrl\":\"https:\\\/\\\/www.organisator.ch\\\/wp-content\\\/uploads\\\/2022\\\/11\\\/WIR-Bank-kuendigt-Wechsel-im-Verwaltungsrat-an-1_Organisator.jpg\",\"datePublished\":\"2022-11-28T07:11:22+00:00\",\"description\":\"Wechsel im Verwaltungsrat: Karin Zahnd Cadoux, VR-Pr\u00e4sidentin der Bank WIR, wird an der GV im Mai 2023 nicht mehr zur Wiederwahl antreten.\",\"breadcrumb\":{\"@id\":\"https:\\\/\\\/www.organisator.ch\\\/management\\\/2022-11-28\\\/bank-wir-kuendigt-wechsel-im-verwaltungsrat-an\\\/#breadcrumb\"},\"inLanguage\":\"de\",\"potentialAction\":[{\"@type\":\"ReadAction\",\"target\":[\"https:\\\/\\\/www.organisator.ch\\\/management\\\/2022-11-28\\\/bank-wir-kuendigt-wechsel-im-verwaltungsrat-an\\\/\"]}]},{\"@type\":\"ImageObject\",\"inLanguage\":\"de\",\"@id\":\"https:\\\/\\\/www.organisator.ch\\\/management\\\/2022-11-28\\\/bank-wir-kuendigt-wechsel-im-verwaltungsrat-an\\\/#primaryimage\",\"url\":\"https:\\\/\\\/www.organisator.ch\\\/wp-content\\\/uploads\\\/2022\\\/11\\\/WIR-Bank-kuendigt-Wechsel-im-Verwaltungsrat-an-1_Organisator.jpg\",\"contentUrl\":\"https:\\\/\\\/www.organisator.ch\\\/wp-content\\\/uploads\\\/2022\\\/11\\\/WIR-Bank-kuendigt-Wechsel-im-Verwaltungsrat-an-1_Organisator.jpg\",\"width\":680,\"height\":680,\"caption\":\"Wird sich nicht mehr f\u00fcr die Wiederwahl zur Verf\u00fcgung stellen: Karin Zahnd Cadoux, VR-Pr\u00e4sidentin der WIR Bank. (Bild: zVg \\\/ WIR Bank)\"},{\"@type\":\"BreadcrumbList\",\"@id\":\"https:\\\/\\\/www.organisator.ch\\\/management\\\/2022-11-28\\\/bank-wir-kuendigt-wechsel-im-verwaltungsrat-an\\\/#breadcrumb\",\"itemListElement\":[{\"@type\":\"ListItem\",\"position\":1,\"name\":\"Home\",\"item\":\"https:\\\/\\\/www.organisator.ch\\\/\"},{\"@type\":\"ListItem\",\"position\":2,\"name\":\"Bank WIR k\u00fcndigt Wechsel im Verwaltungsrat an\"}]},{\"@type\":\"WebSite\",\"@id\":\"https:\\\/\\\/www.organisator.ch\\\/#website\",\"url\":\"https:\\\/\\\/www.organisator.ch\\\/\",\"name\":\"Organisator\",\"description\":\"Kompetent. Praxisnah. Der ORGANISATOR bereitet in 10 Ausgaben pro Jahr die wesentlichen Themen f\u00fcr F\u00fchrungskr\u00e4fte von KMU auf.\",\"publisher\":{\"@id\":\"https:\\\/\\\/www.organisator.ch\\\/#organization\"},\"potentialAction\":[{\"@type\":\"SearchAction\",\"target\":{\"@type\":\"EntryPoint\",\"urlTemplate\":\"https:\\\/\\\/www.organisator.ch\\\/?s={search_term_string}\"},\"query-input\":{\"@type\":\"PropertyValueSpecification\",\"valueRequired\":true,\"valueName\":\"search_term_string\"}}],\"inLanguage\":\"de\"},{\"@type\":\"Organization\",\"@id\":\"https:\\\/\\\/www.organisator.ch\\\/#organization\",\"name\":\"Organisator\",\"url\":\"https:\\\/\\\/www.organisator.ch\\\/\",\"logo\":{\"@type\":\"ImageObject\",\"inLanguage\":\"de\",\"@id\":\"https:\\\/\\\/www.organisator.ch\\\/#\\\/schema\\\/logo\\\/image\\\/\",\"url\":\"https:\\\/\\\/www.organisator.ch\\\/wp-content\\\/uploads\\\/2022\\\/01\\\/Logo_Organisator_Website.png\",\"contentUrl\":\"https:\\\/\\\/www.organisator.ch\\\/wp-content\\\/uploads\\\/2022\\\/01\\\/Logo_Organisator_Website.png\",\"width\":800,\"height\":77,\"caption\":\"Organisator\"},\"image\":{\"@id\":\"https:\\\/\\\/www.organisator.ch\\\/#\\\/schema\\\/logo\\\/image\\\/\"},\"sameAs\":[\"https:\\\/\\\/www.facebook.com\\\/OrganisatorFachmagazin\",\"https:\\\/\\\/www.linkedin.com\\\/showcase\\\/organisator-das-magazin-fr-kmu\",\"https:\\\/\\\/www.xing.com\\\/news\\\/pages\\\/organisator-ch-695\",\"https:\\\/\\\/www.youtube.com\\\/channel\\\/UCGP2Sq0iWaZwT3BdIAQFYpw\"]},{\"@type\":\"Person\",\"@id\":\"https:\\\/\\\/www.organisator.ch\\\/#\\\/schema\\\/person\\\/6f650f90b2842cd4c0cc334b4e36f67e\",\"name\":\"thomas.berner\",\"image\":{\"@type\":\"ImageObject\",\"inLanguage\":\"de\",\"@id\":\"https:\\\/\\\/secure.gravatar.com\\\/avatar\\\/ac5001d2a36cb6c6cd3e50789007ffca834b477b74a2144564522e944eabff61?s=96&d=mm&r=g\",\"url\":\"https:\\\/\\\/secure.gravatar.com\\\/avatar\\\/ac5001d2a36cb6c6cd3e50789007ffca834b477b74a2144564522e944eabff61?s=96&d=mm&r=g\",\"contentUrl\":\"https:\\\/\\\/secure.gravatar.com\\\/avatar\\\/ac5001d2a36cb6c6cd3e50789007ffca834b477b74a2144564522e944eabff61?s=96&d=mm&r=g\",\"caption\":\"thomas.berner\"},\"url\":\"https:\\\/\\\/www.organisator.ch\\\/de\\\/author\\\/thomas-berner\\\/\"}]}<\/script>\n<!-- \/ Yoast SEO plugin. -->","yoast_head_json":{"title":"Bank WIR k\u00fcndigt Wechsel im Verwaltungsrat an - Organisator","description":"Wechsel im Verwaltungsrat: Karin Zahnd Cadoux, VR-Pr\u00e4sidentin der Bank WIR, wird an der GV im Mai 2023 nicht mehr zur Wiederwahl antreten.","robots":{"index":"index","follow":"follow","max-snippet":"max-snippet:-1","max-image-preview":"max-image-preview:large","max-video-preview":"max-video-preview:-1"},"canonical":"https:\/\/www.organisator.ch\/de\/management\/2022-11-28\/bank-wir-kuendigt-wechsel-im-verwaltungsrat-an\/","og_locale":"de_DE","og_type":"article","og_title":"Bank WIR k\u00fcndigt Wechsel im Verwaltungsrat an","og_description":"Wechsel im Verwaltungsrat: Karin Zahnd Cadoux, VR-Pr\u00e4sidentin der Bank WIR, wird an der GV im Mai 2023 nicht mehr zur Wiederwahl antreten.","og_url":"https:\/\/www.organisator.ch\/de\/management\/2022-11-28\/bank-wir-kuendigt-wechsel-im-verwaltungsrat-an\/","og_site_name":"Organisator","article_publisher":"https:\/\/www.facebook.com\/OrganisatorFachmagazin","article_published_time":"2022-11-28T07:11:22+00:00","og_image":[{"width":680,"height":680,"url":"https:\/\/www.organisator.ch\/wp-content\/uploads\/2022\/11\/WIR-Bank-kuendigt-Wechsel-im-Verwaltungsrat-an-1_Organisator.jpg","type":"image\/jpeg"}],"author":"thomas.berner","twitter_card":"summary_large_image","twitter_title":"Bank #WIR k\u00fcndigt Wechsel im #Verwaltungsrat an","twitter_description":"Wechsel im #Verwaltungsrat: Karin Zahnd #Cadoux, #VR-Pr\u00e4sidentin der Bank WIR, wird an der GV im Mai 2023 nicht mehr zur #Wiederwahl antreten.","twitter_image":"https:\/\/www.organisator.ch\/wp-content\/uploads\/2022\/11\/WIR-Bank-kuendigt-Wechsel-im-Verwaltungsrat-an-1_Organisator.jpg","schema":{"@context":"https:\/\/schema.org","@graph":[{"@type":"Article","@id":"https:\/\/www.organisator.ch\/management\/2022-11-28\/bank-wir-kuendigt-wechsel-im-verwaltungsrat-an\/#article","isPartOf":{"@id":"https:\/\/www.organisator.ch\/management\/2022-11-28\/bank-wir-kuendigt-wechsel-im-verwaltungsrat-an\/"},"author":{"name":"thomas.berner","@id":"https:\/\/www.organisator.ch\/#\/schema\/person\/6f650f90b2842cd4c0cc334b4e36f67e"},"headline":"Bank WIR k\u00fcndigt Wechsel im Verwaltungsrat an","datePublished":"2022-11-28T07:11:22+00:00","mainEntityOfPage":{"@id":"https:\/\/www.organisator.ch\/management\/2022-11-28\/bank-wir-kuendigt-wechsel-im-verwaltungsrat-an\/"},"wordCount":253,"publisher":{"@id":"https:\/\/www.organisator.ch\/#organization"},"image":{"@id":"https:\/\/www.organisator.ch\/management\/2022-11-28\/bank-wir-kuendigt-wechsel-im-verwaltungsrat-an\/#primaryimage"},"thumbnailUrl":"https:\/\/www.organisator.ch\/wp-content\/uploads\/2022\/11\/WIR-Bank-kuendigt-Wechsel-im-Verwaltungsrat-an-1_Organisator.jpg","keywords":["Banken","Personalia","Verwaltungsrat"],"articleSection":["MANAGEMENT"],"inLanguage":"de"},{"@type":"WebPage","@id":"https:\/\/www.organisator.ch\/management\/2022-11-28\/bank-wir-kuendigt-wechsel-im-verwaltungsrat-an\/","url":"https:\/\/www.organisator.ch\/management\/2022-11-28\/bank-wir-kuendigt-wechsel-im-verwaltungsrat-an\/","name":"Bank WIR k\u00fcndigt Wechsel im Verwaltungsrat an - Organisator","isPartOf":{"@id":"https:\/\/www.organisator.ch\/#website"},"primaryImageOfPage":{"@id":"https:\/\/www.organisator.ch\/management\/2022-11-28\/bank-wir-kuendigt-wechsel-im-verwaltungsrat-an\/#primaryimage"},"image":{"@id":"https:\/\/www.organisator.ch\/management\/2022-11-28\/bank-wir-kuendigt-wechsel-im-verwaltungsrat-an\/#primaryimage"},"thumbnailUrl":"https:\/\/www.organisator.ch\/wp-content\/uploads\/2022\/11\/WIR-Bank-kuendigt-Wechsel-im-Verwaltungsrat-an-1_Organisator.jpg","datePublished":"2022-11-28T07:11:22+00:00","description":"Wechsel im Verwaltungsrat: Karin Zahnd Cadoux, VR-Pr\u00e4sidentin der Bank WIR, wird an der GV im Mai 2023 nicht mehr zur Wiederwahl antreten.","breadcrumb":{"@id":"https:\/\/www.organisator.ch\/management\/2022-11-28\/bank-wir-kuendigt-wechsel-im-verwaltungsrat-an\/#breadcrumb"},"inLanguage":"de","potentialAction":[{"@type":"ReadAction","target":["https:\/\/www.organisator.ch\/management\/2022-11-28\/bank-wir-kuendigt-wechsel-im-verwaltungsrat-an\/"]}]},{"@type":"ImageObject","inLanguage":"de","@id":"https:\/\/www.organisator.ch\/management\/2022-11-28\/bank-wir-kuendigt-wechsel-im-verwaltungsrat-an\/#primaryimage","url":"https:\/\/www.organisator.ch\/wp-content\/uploads\/2022\/11\/WIR-Bank-kuendigt-Wechsel-im-Verwaltungsrat-an-1_Organisator.jpg","contentUrl":"https:\/\/www.organisator.ch\/wp-content\/uploads\/2022\/11\/WIR-Bank-kuendigt-Wechsel-im-Verwaltungsrat-an-1_Organisator.jpg","width":680,"height":680,"caption":"Wird sich nicht mehr f\u00fcr die Wiederwahl zur Verf\u00fcgung stellen: Karin Zahnd Cadoux, VR-Pr\u00e4sidentin der WIR Bank. (Bild: zVg \/ WIR Bank)"},{"@type":"BreadcrumbList","@id":"https:\/\/www.organisator.ch\/management\/2022-11-28\/bank-wir-kuendigt-wechsel-im-verwaltungsrat-an\/#breadcrumb","itemListElement":[{"@type":"ListItem","position":1,"name":"Home","item":"https:\/\/www.organisator.ch\/"},{"@type":"ListItem","position":2,"name":"Bank WIR k\u00fcndigt Wechsel im Verwaltungsrat an"}]},{"@type":"WebSite","@id":"https:\/\/www.organisator.ch\/#website","url":"https:\/\/www.organisator.ch\/","name":"Organisator","description":"Kompetent. Praxisnah. Der ORGANISATOR bereitet in 10 Ausgaben pro Jahr die wesentlichen Themen f\u00fcr F\u00fchrungskr\u00e4fte von KMU auf.","publisher":{"@id":"https:\/\/www.organisator.ch\/#organization"},"potentialAction":[{"@type":"SearchAction","target":{"@type":"EntryPoint","urlTemplate":"https:\/\/www.organisator.ch\/?s={search_term_string}"},"query-input":{"@type":"PropertyValueSpecification","valueRequired":true,"valueName":"search_term_string"}}],"inLanguage":"de"},{"@type":"Organization","@id":"https:\/\/www.organisator.ch\/#organization","name":"Organisator","url":"https:\/\/www.organisator.ch\/","logo":{"@type":"ImageObject","inLanguage":"de","@id":"https:\/\/www.organisator.ch\/#\/schema\/logo\/image\/","url":"https:\/\/www.organisator.ch\/wp-content\/uploads\/2022\/01\/Logo_Organisator_Website.png","contentUrl":"https:\/\/www.organisator.ch\/wp-content\/uploads\/2022\/01\/Logo_Organisator_Website.png","width":800,"height":77,"caption":"Organisator"},"image":{"@id":"https:\/\/www.organisator.ch\/#\/schema\/logo\/image\/"},"sameAs":["https:\/\/www.facebook.com\/OrganisatorFachmagazin","https:\/\/www.linkedin.com\/showcase\/organisator-das-magazin-fr-kmu","https:\/\/www.xing.com\/news\/pages\/organisator-ch-695","https:\/\/www.youtube.com\/channel\/UCGP2Sq0iWaZwT3BdIAQFYpw"]},{"@type":"Person","@id":"https:\/\/www.organisator.ch\/#\/schema\/person\/6f650f90b2842cd4c0cc334b4e36f67e","name":"thomas.berner","image":{"@type":"ImageObject","inLanguage":"de","@id":"https:\/\/secure.gravatar.com\/avatar\/ac5001d2a36cb6c6cd3e50789007ffca834b477b74a2144564522e944eabff61?s=96&d=mm&r=g","url":"https:\/\/secure.gravatar.com\/avatar\/ac5001d2a36cb6c6cd3e50789007ffca834b477b74a2144564522e944eabff61?s=96&d=mm&r=g","contentUrl":"https:\/\/secure.gravatar.com\/avatar\/ac5001d2a36cb6c6cd3e50789007ffca834b477b74a2144564522e944eabff61?s=96&d=mm&r=g","caption":"thomas.berner"},"url":"https:\/\/www.organisator.ch\/de\/author\/thomas-berner\/"}]}},"_links":{"self":[{"href":"https:\/\/www.organisator.ch\/de\/wp-json\/wp\/v2\/posts\/17953","targetHints":{"allow":["GET"]}}],"collection":[{"href":"https:\/\/www.organisator.ch\/de\/wp-json\/wp\/v2\/posts"}],"about":[{"href":"https:\/\/www.organisator.ch\/de\/wp-json\/wp\/v2\/types\/post"}],"author":[{"embeddable":true,"href":"https:\/\/www.organisator.ch\/de\/wp-json\/wp\/v2\/users\/4"}],"replies":[{"embeddable":true,"href":"https:\/\/www.organisator.ch\/de\/wp-json\/wp\/v2\/comments?post=17953"}],"version-history":[{"count":1,"href":"https:\/\/www.organisator.ch\/de\/wp-json\/wp\/v2\/posts\/17953\/revisions"}],"predecessor-version":[{"id":17956,"href":"https:\/\/www.organisator.ch\/de\/wp-json\/wp\/v2\/posts\/17953\/revisions\/17956"}],"wp:featuredmedia":[{"embeddable":true,"href":"https:\/\/www.organisator.ch\/de\/wp-json\/wp\/v2\/media\/17954"}],"wp:attachment":[{"href":"https:\/\/www.organisator.ch\/de\/wp-json\/wp\/v2\/media?parent=17953"}],"wp:term":[{"taxonomy":"category","embeddable":true,"href":"https:\/\/www.organisator.ch\/de\/wp-json\/wp\/v2\/categories?post=17953"},{"taxonomy":"post_tag","embeddable":true,"href":"https:\/\/www.organisator.ch\/de\/wp-json\/wp\/v2\/tags?post=17953"}],"curies":[{"name":"wp","href":"https:\/\/api.w.org\/{rel}","templated":true}]}}