{"id":18008,"date":"2022-12-06T19:29:58","date_gmt":"2022-12-06T18:29:58","guid":{"rendered":"https:\/\/www.organisator.ch\/?p=18008"},"modified":"2022-12-09T08:45:53","modified_gmt":"2022-12-09T07:45:53","slug":"hrm-firmen-muessen-digitaler-werden","status":"publish","type":"post","link":"https:\/\/www.organisator.ch\/de\/human-resources\/2022-12-06\/hrm-firmen-muessen-digitaler-werden\/","title":{"rendered":"HRM: Firmen m\u00fcssen digitaler werden"},"content":{"rendered":"<section class=\"focus\">\n<section><\/section>\n<section>\n<figure id=\"attachment_18009\" aria-describedby=\"caption-attachment-18009\" style=\"width: 1000px\" class=\"wp-caption alignnone\"><img loading=\"lazy\" decoding=\"async\" class=\"size-full wp-image-18009\" src=\"https:\/\/www.organisator.ch\/wp-content\/uploads\/2022\/11\/Organisator-Firmen-muessen-digitaler-werden.jpg\" alt=\"\" width=\"1000\" height=\"680\" srcset=\"https:\/\/www.organisator.ch\/wp-content\/uploads\/2022\/11\/Organisator-Firmen-muessen-digitaler-werden.jpg 1000w, https:\/\/www.organisator.ch\/wp-content\/uploads\/2022\/11\/Organisator-Firmen-muessen-digitaler-werden-680x462.jpg 680w, https:\/\/www.organisator.ch\/wp-content\/uploads\/2022\/11\/Organisator-Firmen-muessen-digitaler-werden-768x522.jpg 768w, https:\/\/www.organisator.ch\/wp-content\/uploads\/2022\/11\/Organisator-Firmen-muessen-digitaler-werden-18x12.jpg 18w, https:\/\/www.organisator.ch\/wp-content\/uploads\/2022\/11\/Organisator-Firmen-muessen-digitaler-werden-375x255.jpg 375w, https:\/\/www.organisator.ch\/wp-content\/uploads\/2022\/11\/Organisator-Firmen-muessen-digitaler-werden-515x350.jpg 515w\" sizes=\"auto, (max-width: 1000px) 100vw, 1000px\" \/><figcaption id=\"caption-attachment-18009\" class=\"wp-caption-text\">Alles muss rapportiert und dokumentiert werden und der eigentliche Job bleibt auf der Strecke? Moderne Kollaborations-Tools auf Smartphones bieten Entlastung.<br \/>Bild: Depositphotos.com<\/figcaption><\/figure>\n<\/section>\n<p>Am Arbeitgebertag in Bern Ende Juni 2022 gab es praktisch nur ein Thema: \u00abFachkr\u00e4ftemangel\u00bb. Vom Gesundheitswesen \u00fcber unbesetzte Stellen in der Baubranche bis hin zu fehlendem Nachwuchs bei den Handwerkern und Gastrobetrieben: Praktisch alle Branchen sind von einem akuten Personal\u00admangel betroffen. Das Problem wird sich in den kommenden Jahren noch zuspitzen, da die Babyboomer exponentiell in Pension gehen.<\/p>\n<p>Die Gr\u00fcnde f\u00fcr den Arbeitskr\u00e4ftemangel sind vielf\u00e4ltig, und es gibt auch bereits einige L\u00f6sungsans\u00e4tze. Die Rede ist von besseren L\u00f6hnen, Teilzeitstellen, Quereinsteigern, Flexibilit\u00e4t schaffen oder Work-Life-Balance. Das alles leuchtet ein, doch wie konkret kann man als Arbeitgeber den Arbeitsplatz attraktiver gestalten, junge Arbeitnehmende f\u00fcr den Job begeistern und seine bestehenden Mitarbeitenden langfristig an die Unternehmung binden? Bessere L\u00f6hne zu bezahlen ist nur eine M\u00f6glichkeit, aber nicht immer umsetzbar. Wie sieht es aber mit den anderen Faktoren aus? Wie k\u00f6nnen Flexibilit\u00e4t, Teilzeit oder Homeoffice in den Berufsalltag integriert werden, ohne dass man gleich einen Feelgood-Manager und zehn Wochen Ferien einf\u00fchren muss? Eine L\u00f6sung k\u00f6nnte eine Kollaborations- und Kommunikations-App sein.<\/p>\n<h2>Teilzeitarbeit und flexible Arbeitszeiten schaffen \u2013 so klappt\u2019s<\/h2>\n<p>Hier gilt es, zuallererst die Mitarbeitenden \u00fcber die neuen M\u00f6glichkeiten zu informieren. Schliesslich k\u00f6nnte es ja vom einen oder von der anderen als unfair aufgefasst werden, wenn der neue Kollege oder die neue Kollegin erst um 11 Uhr im B\u00fcro eintrifft. Mit den heutigen digitalen Tools kann sich ein Team gut organisieren, trotzdem sind auch regelm\u00e4ssige physische Events wichtig, um den Teamgeist zu f\u00f6rdern. Gleichzeitig schafft das Bereitstellen von Informationsfl\u00fcssen ein Gef\u00fchl der Teilnahme am Unternehmensgeschehen \u2013 auch f\u00fcr die Mitarbeitenden, die nicht an einem festen Arbeitsplatz sitzen. Das f\u00fchrt langfristig zu einer besseren Unter\u00adnehmenskultur.<\/p>\n<p>Verschiedene (kostenlose) Online-Projektmanagement-Tools, wie z.B. Trello, sorgen f\u00fcr klare Aufgabenverteilung und reibungslose \u00dcbergaben. Hier k\u00f6nnen Aufgaben zugeteilt und genau beschrieben sowie Fristen und Dokumente hinterlegt werden. Man kann abhaken, was erledigt wurde, und kommentieren, was noch gemacht werden muss.<\/p>\n<p>Eine firmeninterne Kommunikations-App, die einfach zu bedienen ist und die auf dem Smartphone der Mitarbeitenden funktioniert, gew\u00e4hrleistet, dass auch die Flex- und Teilzeitarbeiter immer auf dem neuesten Informationsstand sind. Beekeeper zum Beispiel wird in der Schweiz bereits von Hunderten von Unternehmen verwendet, die ihre Kommunikation und Kollaboration digitalisiert und somit vereinfacht haben. Die L\u00f6sung hat sich dabei vor allem auf Unternehmen mit vielen Mitarbeitenden ohne festen Arbeitsplatz (Frontline-Mitarbeitende) spezialisiert. F\u00fcr die Verwendung der datenschutzkonformen App braucht der Nutzer nicht mal eine E-Mail-Adresse.<\/p>\n<h2>Wertsch\u00e4tzung und mitreden k\u00f6nnen<\/h2>\n<p>Nachhaltiger und g\u00fcnstiger, als neue Mitarbeitende zu gewinnen, ist es, die bestehenden zu behalten. Dabei ist es wichtig, auf ihre Bed\u00fcrfnisse einzugehen, sie wertzusch\u00e4tzen und ihnen eine Perspektive zu geben. Das gilt nat\u00fcrlich auch f\u00fcr neue Mitarbeitende. Doch wie kann eine Chefin oder ein Teamleiter pers\u00f6nliche Wertsch\u00e4tzung zeigen, wenn er seine Mitarbeitenden nur selten sieht und kaum erf\u00e4hrt, an was sie gerade arbeiten? Das betrifft vor allem grosse Betriebe, in denen die Mehrheit der Mitarbeitenden nicht vor einem PC sitzt, sondern Menschen pflegt, Betten macht, auf der Baustelle arbeitet oder am Fliessband steht. Sie sind am einfachsten \u00fcber ihr privates Smartphone erreichbar. Eine Mitarbeiterplattform, auf der vom Chef bis zum Lehrling alle interaktiv t\u00e4tig sein k\u00f6nnen \u2013 das ist die L\u00f6sung. \u00dcber eine solche Plattform kann der Firmenalltag lebendig gestaltet werden. Die Aufmachung ist dabei ansprechend und intuitiv, so wie es beispielsweise von modernen Social-Media-Plattformen bekannt ist. Das gestaltet den Austausch und die Kommunikation sehr einfach und f\u00f6rdert das Wir-Gef\u00fchl. Dar\u00fcber hinaus bieten solche Plattformen aber auch viele Funktionen, mit denen sich Prozesse digitalisieren lassen und dadurch eine Menge Zeit und Ressourcen gespart werden k\u00f6nnen. Von Checklisten \u00fcber Dienstpl\u00e4ne schreiben bis hin zu Lohnzetteln ausf\u00fcllen ist mit einer App vieles machbar. Es kann gepostet, geliked, geteilt und gelobt werden. Informationen, Goodies, Weiterbildungskurse, Jobangebote, Umfragen und Events sind nur einige der Inhalte, die \u00fcber die Plattform geteilt werden k\u00f6nnen und die direkt und automatisch in die verschiedenen Muttersprachen der Mitarbeitenden \u00fcbersetzt werden.<\/p>\n<h2>Immer mehr Admin-Prozesse \u2013 \u00adimmer weniger Lust<\/h2>\n<p>Viele Mitarbeitende beklagen sich \u00fcber die stetige Verb\u00fcrokratisierung ihres Jobs. Alles muss rapportiert und dokumentiert werden \u2013 da bleibt oft nicht mehr genug Zeit f\u00fcr den eigentlichen Job \u2013 das frus\u00adtriert. Schichten abtauschen, Ferienplanung, Arbeitszeiterfassung, Checklisten oder das Spesenblatt ausf\u00fcllen, Briefings erstellen und und und. Wer seine Mitarbeiter von diesen administrativen Ochsentouren verschonen will, findet Unterst\u00fctzung bei diversen Admin-Tools. Viele von ihnen haben aber einen Schwerpunkt und k\u00f6nnen oft nur das eine oder das andere. Einige Kollaborations-Tools bieten das Essenzielle ab und haben bereits Schnittstellen f\u00fcr die saubere Anbindung anderer Apps. Es gilt auch hier zu beachten: Sim\u00adplicity is king. Wenn Admin-Tools zu kompliziert sind, werden sie nicht verwendet.<\/p>\n<h2>Recruiting \u2013 potenzielle Kandi\u00addaten vor der \u00abHaust\u00fcr\u00bb finden<\/h2>\n<p>Recruiting ist aufwendig und momentan f\u00fcr HR-Leute und Arbeitgeber schwieriger denn je. Dabei k\u00f6nnten sie sich das Leben einfacher machen und die Mitarbeitenden aktiv einbinden. Denn jeder und jede Mitarbeiterin hat ein grosses Netzwerk an m\u00f6glichen Kandidaten. Warum dieses nicht nutzen? \u00dcber eine firmeninterne Kollaborationsplattform k\u00f6nnen die Jobs intern ausgeschrieben werden und mit nur einem Klick kann eine Mitarbeiterin den Job an jemandem aus ihrem Netzwerk empfehlen oder umgekehrt. Ebenfalls sollte die HR-Abteilung Anreize schaffen und somit das Personal zu Headhuntern machen. Win-win-win f\u00fcr alle Beteiligten. Beekeeper hat dieses Feature bereits in ihre Kollaborationsplattform integriert.<\/p>\n<p>An der Digitalisierung kommt heutzutage kein Unternehmen mehr vorbei. Tools wie Beekeeper und \u00e4hnliche Apps erm\u00f6glichen, Zeit zu sparen und Mitarbeitende zu entlasten, zudem sorgen sie f\u00fcr eine positive Unternehmenskultur, st\u00e4rken die Mitarbeiterbindung und helfen sogar beim Empfehlen neuer Mitarbeitender. Allesamt Themen, die immer wichtiger werden, wenn Unternehmen ihre Mitarbeitenden langfristig behalten und ein attraktiver Arbeitgeber sein wollen.<\/p>\n<\/section>\n<section>\n<h3><em>Autorin<\/em><\/h3>\n<p><em>Regula Wegmann ist Kommunikationsberaterin, Journalistin und Gesch\u00e4ftsf\u00fchrerin von microbee.<\/em><em>\u2009<a href=\"https:\/\/microbee.com\/\">www.microbee.com<\/a><\/em><\/p>\n<\/section>\n","protected":false},"excerpt":{"rendered":"<p>Am Arbeitgebertag in Bern Ende Juni 2022 gab es praktisch nur ein Thema: \u00abFachkr\u00e4ftemangel\u00bb. Vom Gesundheitswesen \u00fcber unbesetzte Stellen in der Baubranche bis hin zu fehlendem Nachwuchs bei den Handwerkern und Gastrobetrieben: Praktisch alle Branchen sind von einem akuten Personal\u00admangel betroffen. Das Problem wird sich in den kommenden Jahren noch zuspitzen, da die Babyboomer exponentiell [&hellip;]<\/p>\n","protected":false},"author":1,"featured_media":18009,"comment_status":"closed","ping_status":"closed","sticky":false,"template":"","format":"standard","meta":{"_acf_changed":false,"_yoast_wpseo_focuskw":"HRM","_yoast_wpseo_metadesc":"In den Diskussionen \u00fcber den Fachkr\u00e4ftemangel f\u00e4llt auf, dass zwar alle wissen, was zu tun ist. Aber wie steht es im HRM um das \"Wie\"?","articlekey":"","footnotes":""},"categories":[579],"tags":[3528,156,254],"class_list":["post-18008","post","type-post","status-publish","format-standard","has-post-thumbnail","hentry","category-human-resources","tag-ausgabe-11-12-2022","tag-digitalisierung","tag-hrm"],"acf":[],"yoast_head":"<!-- This site is optimized with the Yoast SEO plugin v27.5 - https:\/\/yoast.com\/product\/yoast-seo-wordpress\/ -->\n<title>HRM: Firmen m\u00fcssen digitaler werden - Organisator<\/title>\n<meta name=\"description\" content=\"In den Diskussionen \u00fcber den Fachkr\u00e4ftemangel f\u00e4llt auf, dass zwar alle wissen, was zu tun ist. Aber wie steht es im HRM um das &quot;Wie&quot;?\" \/>\n<meta name=\"robots\" content=\"index, follow, max-snippet:-1, max-image-preview:large, max-video-preview:-1\" \/>\n<link rel=\"canonical\" href=\"https:\/\/www.organisator.ch\/de\/human-resources\/2022-12-06\/hrm-firmen-muessen-digitaler-werden\/\" \/>\n<meta property=\"og:locale\" content=\"de_DE\" \/>\n<meta property=\"og:type\" content=\"article\" \/>\n<meta property=\"og:title\" content=\"HRM: Firmen m\u00fcssen digitaler werden - Organisator\" \/>\n<meta property=\"og:description\" content=\"In den Diskussionen \u00fcber den Fachkr\u00e4ftemangel f\u00e4llt auf, dass zwar alle wissen, was zu tun ist. Aber wie steht es im HRM um das &quot;Wie&quot;?\" \/>\n<meta property=\"og:url\" content=\"https:\/\/www.organisator.ch\/de\/human-resources\/2022-12-06\/hrm-firmen-muessen-digitaler-werden\/\" \/>\n<meta property=\"og:site_name\" content=\"Organisator\" \/>\n<meta property=\"article:publisher\" content=\"https:\/\/www.facebook.com\/OrganisatorFachmagazin\" \/>\n<meta property=\"article:published_time\" content=\"2022-12-06T18:29:58+00:00\" \/>\n<meta property=\"article:modified_time\" content=\"2022-12-09T07:45:53+00:00\" \/>\n<meta property=\"og:image\" content=\"https:\/\/www.organisator.ch\/wp-content\/uploads\/2022\/11\/Organisator-Firmen-muessen-digitaler-werden.jpg\" \/>\n\t<meta property=\"og:image:width\" content=\"768\" \/>\n\t<meta property=\"og:image:height\" content=\"522\" \/>\n\t<meta property=\"og:image:type\" content=\"image\/jpeg\" \/>\n<meta name=\"author\" content=\"admin\" \/>\n<meta name=\"twitter:card\" content=\"summary_large_image\" \/>\n<script type=\"application\/ld+json\" class=\"yoast-schema-graph\">{\"@context\":\"https:\\\/\\\/schema.org\",\"@graph\":[{\"@type\":\"Article\",\"@id\":\"https:\\\/\\\/www.organisator.ch\\\/human-resources\\\/2022-12-06\\\/hrm-firmen-muessen-digitaler-werden\\\/#article\",\"isPartOf\":{\"@id\":\"https:\\\/\\\/www.organisator.ch\\\/human-resources\\\/2022-12-06\\\/hrm-firmen-muessen-digitaler-werden\\\/\"},\"author\":{\"name\":\"admin\",\"@id\":\"https:\\\/\\\/www.organisator.ch\\\/#\\\/schema\\\/person\\\/aa2bace6c5c5aad60102004a50c4eb1c\"},\"headline\":\"HRM: Firmen m\u00fcssen digitaler werden\",\"datePublished\":\"2022-12-06T18:29:58+00:00\",\"dateModified\":\"2022-12-09T07:45:53+00:00\",\"mainEntityOfPage\":{\"@id\":\"https:\\\/\\\/www.organisator.ch\\\/human-resources\\\/2022-12-06\\\/hrm-firmen-muessen-digitaler-werden\\\/\"},\"wordCount\":1027,\"publisher\":{\"@id\":\"https:\\\/\\\/www.organisator.ch\\\/#organization\"},\"image\":{\"@id\":\"https:\\\/\\\/www.organisator.ch\\\/human-resources\\\/2022-12-06\\\/hrm-firmen-muessen-digitaler-werden\\\/#primaryimage\"},\"thumbnailUrl\":\"https:\\\/\\\/www.organisator.ch\\\/wp-content\\\/uploads\\\/2022\\\/11\\\/Organisator-Firmen-muessen-digitaler-werden.jpg\",\"keywords\":[\"Ausgabe 11-12\\\/2022\",\"Digitalisierung\",\"HRM\"],\"articleSection\":[\"HUMAN RESOURCES\"],\"inLanguage\":\"de\"},{\"@type\":\"WebPage\",\"@id\":\"https:\\\/\\\/www.organisator.ch\\\/human-resources\\\/2022-12-06\\\/hrm-firmen-muessen-digitaler-werden\\\/\",\"url\":\"https:\\\/\\\/www.organisator.ch\\\/human-resources\\\/2022-12-06\\\/hrm-firmen-muessen-digitaler-werden\\\/\",\"name\":\"HRM: Firmen m\u00fcssen digitaler werden - Organisator\",\"isPartOf\":{\"@id\":\"https:\\\/\\\/www.organisator.ch\\\/#website\"},\"primaryImageOfPage\":{\"@id\":\"https:\\\/\\\/www.organisator.ch\\\/human-resources\\\/2022-12-06\\\/hrm-firmen-muessen-digitaler-werden\\\/#primaryimage\"},\"image\":{\"@id\":\"https:\\\/\\\/www.organisator.ch\\\/human-resources\\\/2022-12-06\\\/hrm-firmen-muessen-digitaler-werden\\\/#primaryimage\"},\"thumbnailUrl\":\"https:\\\/\\\/www.organisator.ch\\\/wp-content\\\/uploads\\\/2022\\\/11\\\/Organisator-Firmen-muessen-digitaler-werden.jpg\",\"datePublished\":\"2022-12-06T18:29:58+00:00\",\"dateModified\":\"2022-12-09T07:45:53+00:00\",\"description\":\"In den Diskussionen \u00fcber den Fachkr\u00e4ftemangel f\u00e4llt auf, dass zwar alle wissen, was zu tun ist. Aber wie steht es im HRM um das \\\"Wie\\\"?\",\"breadcrumb\":{\"@id\":\"https:\\\/\\\/www.organisator.ch\\\/human-resources\\\/2022-12-06\\\/hrm-firmen-muessen-digitaler-werden\\\/#breadcrumb\"},\"inLanguage\":\"de\",\"potentialAction\":[{\"@type\":\"ReadAction\",\"target\":[\"https:\\\/\\\/www.organisator.ch\\\/human-resources\\\/2022-12-06\\\/hrm-firmen-muessen-digitaler-werden\\\/\"]}]},{\"@type\":\"ImageObject\",\"inLanguage\":\"de\",\"@id\":\"https:\\\/\\\/www.organisator.ch\\\/human-resources\\\/2022-12-06\\\/hrm-firmen-muessen-digitaler-werden\\\/#primaryimage\",\"url\":\"https:\\\/\\\/www.organisator.ch\\\/wp-content\\\/uploads\\\/2022\\\/11\\\/Organisator-Firmen-muessen-digitaler-werden.jpg\",\"contentUrl\":\"https:\\\/\\\/www.organisator.ch\\\/wp-content\\\/uploads\\\/2022\\\/11\\\/Organisator-Firmen-muessen-digitaler-werden.jpg\",\"width\":1000,\"height\":680,\"caption\":\"Alles muss rapportiert und dokumentiert werden und der eigentliche Job bleibt auf der Strecke? Moderne Kollaborations-Tools auf Smartphones bieten Entlastung. Bild: Depositphotos.com\"},{\"@type\":\"BreadcrumbList\",\"@id\":\"https:\\\/\\\/www.organisator.ch\\\/human-resources\\\/2022-12-06\\\/hrm-firmen-muessen-digitaler-werden\\\/#breadcrumb\",\"itemListElement\":[{\"@type\":\"ListItem\",\"position\":1,\"name\":\"Home\",\"item\":\"https:\\\/\\\/www.organisator.ch\\\/\"},{\"@type\":\"ListItem\",\"position\":2,\"name\":\"HRM: Firmen m\u00fcssen digitaler werden\"}]},{\"@type\":\"WebSite\",\"@id\":\"https:\\\/\\\/www.organisator.ch\\\/#website\",\"url\":\"https:\\\/\\\/www.organisator.ch\\\/\",\"name\":\"Organisator\",\"description\":\"Kompetent. Praxisnah. Der ORGANISATOR bereitet in 10 Ausgaben pro Jahr die wesentlichen Themen f\u00fcr F\u00fchrungskr\u00e4fte von KMU auf.\",\"publisher\":{\"@id\":\"https:\\\/\\\/www.organisator.ch\\\/#organization\"},\"potentialAction\":[{\"@type\":\"SearchAction\",\"target\":{\"@type\":\"EntryPoint\",\"urlTemplate\":\"https:\\\/\\\/www.organisator.ch\\\/?s={search_term_string}\"},\"query-input\":{\"@type\":\"PropertyValueSpecification\",\"valueRequired\":true,\"valueName\":\"search_term_string\"}}],\"inLanguage\":\"de\"},{\"@type\":\"Organization\",\"@id\":\"https:\\\/\\\/www.organisator.ch\\\/#organization\",\"name\":\"Organisator\",\"url\":\"https:\\\/\\\/www.organisator.ch\\\/\",\"logo\":{\"@type\":\"ImageObject\",\"inLanguage\":\"de\",\"@id\":\"https:\\\/\\\/www.organisator.ch\\\/#\\\/schema\\\/logo\\\/image\\\/\",\"url\":\"https:\\\/\\\/www.organisator.ch\\\/wp-content\\\/uploads\\\/2022\\\/01\\\/Logo_Organisator_Website.png\",\"contentUrl\":\"https:\\\/\\\/www.organisator.ch\\\/wp-content\\\/uploads\\\/2022\\\/01\\\/Logo_Organisator_Website.png\",\"width\":800,\"height\":77,\"caption\":\"Organisator\"},\"image\":{\"@id\":\"https:\\\/\\\/www.organisator.ch\\\/#\\\/schema\\\/logo\\\/image\\\/\"},\"sameAs\":[\"https:\\\/\\\/www.facebook.com\\\/OrganisatorFachmagazin\",\"https:\\\/\\\/www.linkedin.com\\\/showcase\\\/organisator-das-magazin-fr-kmu\",\"https:\\\/\\\/www.xing.com\\\/news\\\/pages\\\/organisator-ch-695\",\"https:\\\/\\\/www.youtube.com\\\/channel\\\/UCGP2Sq0iWaZwT3BdIAQFYpw\"]},{\"@type\":\"Person\",\"@id\":\"https:\\\/\\\/www.organisator.ch\\\/#\\\/schema\\\/person\\\/aa2bace6c5c5aad60102004a50c4eb1c\",\"name\":\"admin\",\"image\":{\"@type\":\"ImageObject\",\"inLanguage\":\"de\",\"@id\":\"https:\\\/\\\/secure.gravatar.com\\\/avatar\\\/ae2f4d718e6c49043e314ce431e7e645d646302a24a5ef5a8bc8e3f5a032e319?s=96&d=mm&r=g\",\"url\":\"https:\\\/\\\/secure.gravatar.com\\\/avatar\\\/ae2f4d718e6c49043e314ce431e7e645d646302a24a5ef5a8bc8e3f5a032e319?s=96&d=mm&r=g\",\"contentUrl\":\"https:\\\/\\\/secure.gravatar.com\\\/avatar\\\/ae2f4d718e6c49043e314ce431e7e645d646302a24a5ef5a8bc8e3f5a032e319?s=96&d=mm&r=g\",\"caption\":\"admin\"},\"sameAs\":[\"https:\\\/\\\/www.organisator.ch\"],\"url\":\"https:\\\/\\\/www.organisator.ch\\\/de\\\/author\\\/admin\\\/\"}]}<\/script>\n<!-- \/ Yoast SEO plugin. -->","yoast_head_json":{"title":"HRM: Firmen m\u00fcssen digitaler werden - Organisator","description":"In den Diskussionen \u00fcber den Fachkr\u00e4ftemangel f\u00e4llt auf, dass zwar alle wissen, was zu tun ist. Aber wie steht es im HRM um das \"Wie\"?","robots":{"index":"index","follow":"follow","max-snippet":"max-snippet:-1","max-image-preview":"max-image-preview:large","max-video-preview":"max-video-preview:-1"},"canonical":"https:\/\/www.organisator.ch\/de\/human-resources\/2022-12-06\/hrm-firmen-muessen-digitaler-werden\/","og_locale":"de_DE","og_type":"article","og_title":"HRM: Firmen m\u00fcssen digitaler werden - Organisator","og_description":"In den Diskussionen \u00fcber den Fachkr\u00e4ftemangel f\u00e4llt auf, dass zwar alle wissen, was zu tun ist. Aber wie steht es im HRM um das \"Wie\"?","og_url":"https:\/\/www.organisator.ch\/de\/human-resources\/2022-12-06\/hrm-firmen-muessen-digitaler-werden\/","og_site_name":"Organisator","article_publisher":"https:\/\/www.facebook.com\/OrganisatorFachmagazin","article_published_time":"2022-12-06T18:29:58+00:00","article_modified_time":"2022-12-09T07:45:53+00:00","og_image":[{"url":"https:\/\/www.organisator.ch\/wp-content\/uploads\/2022\/11\/Organisator-Firmen-muessen-digitaler-werden.jpg","width":768,"height":522,"type":"image\/jpeg"}],"author":"admin","twitter_card":"summary_large_image","schema":{"@context":"https:\/\/schema.org","@graph":[{"@type":"Article","@id":"https:\/\/www.organisator.ch\/human-resources\/2022-12-06\/hrm-firmen-muessen-digitaler-werden\/#article","isPartOf":{"@id":"https:\/\/www.organisator.ch\/human-resources\/2022-12-06\/hrm-firmen-muessen-digitaler-werden\/"},"author":{"name":"admin","@id":"https:\/\/www.organisator.ch\/#\/schema\/person\/aa2bace6c5c5aad60102004a50c4eb1c"},"headline":"HRM: Firmen m\u00fcssen digitaler werden","datePublished":"2022-12-06T18:29:58+00:00","dateModified":"2022-12-09T07:45:53+00:00","mainEntityOfPage":{"@id":"https:\/\/www.organisator.ch\/human-resources\/2022-12-06\/hrm-firmen-muessen-digitaler-werden\/"},"wordCount":1027,"publisher":{"@id":"https:\/\/www.organisator.ch\/#organization"},"image":{"@id":"https:\/\/www.organisator.ch\/human-resources\/2022-12-06\/hrm-firmen-muessen-digitaler-werden\/#primaryimage"},"thumbnailUrl":"https:\/\/www.organisator.ch\/wp-content\/uploads\/2022\/11\/Organisator-Firmen-muessen-digitaler-werden.jpg","keywords":["Ausgabe 11-12\/2022","Digitalisierung","HRM"],"articleSection":["HUMAN RESOURCES"],"inLanguage":"de"},{"@type":"WebPage","@id":"https:\/\/www.organisator.ch\/human-resources\/2022-12-06\/hrm-firmen-muessen-digitaler-werden\/","url":"https:\/\/www.organisator.ch\/human-resources\/2022-12-06\/hrm-firmen-muessen-digitaler-werden\/","name":"HRM: Firmen m\u00fcssen digitaler werden - Organisator","isPartOf":{"@id":"https:\/\/www.organisator.ch\/#website"},"primaryImageOfPage":{"@id":"https:\/\/www.organisator.ch\/human-resources\/2022-12-06\/hrm-firmen-muessen-digitaler-werden\/#primaryimage"},"image":{"@id":"https:\/\/www.organisator.ch\/human-resources\/2022-12-06\/hrm-firmen-muessen-digitaler-werden\/#primaryimage"},"thumbnailUrl":"https:\/\/www.organisator.ch\/wp-content\/uploads\/2022\/11\/Organisator-Firmen-muessen-digitaler-werden.jpg","datePublished":"2022-12-06T18:29:58+00:00","dateModified":"2022-12-09T07:45:53+00:00","description":"In den Diskussionen \u00fcber den Fachkr\u00e4ftemangel f\u00e4llt auf, dass zwar alle wissen, was zu tun ist. Aber wie steht es im HRM um das \"Wie\"?","breadcrumb":{"@id":"https:\/\/www.organisator.ch\/human-resources\/2022-12-06\/hrm-firmen-muessen-digitaler-werden\/#breadcrumb"},"inLanguage":"de","potentialAction":[{"@type":"ReadAction","target":["https:\/\/www.organisator.ch\/human-resources\/2022-12-06\/hrm-firmen-muessen-digitaler-werden\/"]}]},{"@type":"ImageObject","inLanguage":"de","@id":"https:\/\/www.organisator.ch\/human-resources\/2022-12-06\/hrm-firmen-muessen-digitaler-werden\/#primaryimage","url":"https:\/\/www.organisator.ch\/wp-content\/uploads\/2022\/11\/Organisator-Firmen-muessen-digitaler-werden.jpg","contentUrl":"https:\/\/www.organisator.ch\/wp-content\/uploads\/2022\/11\/Organisator-Firmen-muessen-digitaler-werden.jpg","width":1000,"height":680,"caption":"Alles muss rapportiert und dokumentiert werden und der eigentliche Job bleibt auf der Strecke? Moderne Kollaborations-Tools auf Smartphones bieten Entlastung. Bild: Depositphotos.com"},{"@type":"BreadcrumbList","@id":"https:\/\/www.organisator.ch\/human-resources\/2022-12-06\/hrm-firmen-muessen-digitaler-werden\/#breadcrumb","itemListElement":[{"@type":"ListItem","position":1,"name":"Home","item":"https:\/\/www.organisator.ch\/"},{"@type":"ListItem","position":2,"name":"HRM: Firmen m\u00fcssen digitaler werden"}]},{"@type":"WebSite","@id":"https:\/\/www.organisator.ch\/#website","url":"https:\/\/www.organisator.ch\/","name":"Organisator","description":"Kompetent. Praxisnah. Der ORGANISATOR bereitet in 10 Ausgaben pro Jahr die wesentlichen Themen f\u00fcr F\u00fchrungskr\u00e4fte von KMU auf.","publisher":{"@id":"https:\/\/www.organisator.ch\/#organization"},"potentialAction":[{"@type":"SearchAction","target":{"@type":"EntryPoint","urlTemplate":"https:\/\/www.organisator.ch\/?s={search_term_string}"},"query-input":{"@type":"PropertyValueSpecification","valueRequired":true,"valueName":"search_term_string"}}],"inLanguage":"de"},{"@type":"Organization","@id":"https:\/\/www.organisator.ch\/#organization","name":"Organisator","url":"https:\/\/www.organisator.ch\/","logo":{"@type":"ImageObject","inLanguage":"de","@id":"https:\/\/www.organisator.ch\/#\/schema\/logo\/image\/","url":"https:\/\/www.organisator.ch\/wp-content\/uploads\/2022\/01\/Logo_Organisator_Website.png","contentUrl":"https:\/\/www.organisator.ch\/wp-content\/uploads\/2022\/01\/Logo_Organisator_Website.png","width":800,"height":77,"caption":"Organisator"},"image":{"@id":"https:\/\/www.organisator.ch\/#\/schema\/logo\/image\/"},"sameAs":["https:\/\/www.facebook.com\/OrganisatorFachmagazin","https:\/\/www.linkedin.com\/showcase\/organisator-das-magazin-fr-kmu","https:\/\/www.xing.com\/news\/pages\/organisator-ch-695","https:\/\/www.youtube.com\/channel\/UCGP2Sq0iWaZwT3BdIAQFYpw"]},{"@type":"Person","@id":"https:\/\/www.organisator.ch\/#\/schema\/person\/aa2bace6c5c5aad60102004a50c4eb1c","name":"admin","image":{"@type":"ImageObject","inLanguage":"de","@id":"https:\/\/secure.gravatar.com\/avatar\/ae2f4d718e6c49043e314ce431e7e645d646302a24a5ef5a8bc8e3f5a032e319?s=96&d=mm&r=g","url":"https:\/\/secure.gravatar.com\/avatar\/ae2f4d718e6c49043e314ce431e7e645d646302a24a5ef5a8bc8e3f5a032e319?s=96&d=mm&r=g","contentUrl":"https:\/\/secure.gravatar.com\/avatar\/ae2f4d718e6c49043e314ce431e7e645d646302a24a5ef5a8bc8e3f5a032e319?s=96&d=mm&r=g","caption":"admin"},"sameAs":["https:\/\/www.organisator.ch"],"url":"https:\/\/www.organisator.ch\/de\/author\/admin\/"}]}},"_links":{"self":[{"href":"https:\/\/www.organisator.ch\/de\/wp-json\/wp\/v2\/posts\/18008","targetHints":{"allow":["GET"]}}],"collection":[{"href":"https:\/\/www.organisator.ch\/de\/wp-json\/wp\/v2\/posts"}],"about":[{"href":"https:\/\/www.organisator.ch\/de\/wp-json\/wp\/v2\/types\/post"}],"author":[{"embeddable":true,"href":"https:\/\/www.organisator.ch\/de\/wp-json\/wp\/v2\/users\/1"}],"replies":[{"embeddable":true,"href":"https:\/\/www.organisator.ch\/de\/wp-json\/wp\/v2\/comments?post=18008"}],"version-history":[{"count":4,"href":"https:\/\/www.organisator.ch\/de\/wp-json\/wp\/v2\/posts\/18008\/revisions"}],"predecessor-version":[{"id":18209,"href":"https:\/\/www.organisator.ch\/de\/wp-json\/wp\/v2\/posts\/18008\/revisions\/18209"}],"wp:featuredmedia":[{"embeddable":true,"href":"https:\/\/www.organisator.ch\/de\/wp-json\/wp\/v2\/media\/18009"}],"wp:attachment":[{"href":"https:\/\/www.organisator.ch\/de\/wp-json\/wp\/v2\/media?parent=18008"}],"wp:term":[{"taxonomy":"category","embeddable":true,"href":"https:\/\/www.organisator.ch\/de\/wp-json\/wp\/v2\/categories?post=18008"},{"taxonomy":"post_tag","embeddable":true,"href":"https:\/\/www.organisator.ch\/de\/wp-json\/wp\/v2\/tags?post=18008"}],"curies":[{"name":"wp","href":"https:\/\/api.w.org\/{rel}","templated":true}]}}