{"id":18047,"date":"2022-11-29T07:36:23","date_gmt":"2022-11-29T06:36:23","guid":{"rendered":"https:\/\/www.organisator.ch\/?p=18047"},"modified":"2022-12-02T11:36:43","modified_gmt":"2022-12-02T10:36:43","slug":"mangel-an-fachkraeften-erreicht-noch-nie-dagewesene-dimension","status":"publish","type":"post","link":"https:\/\/www.organisator.ch\/de\/human-resources\/2022-11-29\/mangel-an-fachkraeften-erreicht-noch-nie-dagewesene-dimension\/","title":{"rendered":"Mangel an Fachkr\u00e4ften erreicht noch nie dagewesene Dimension"},"content":{"rendered":"<figure id=\"attachment_18049\" aria-describedby=\"caption-attachment-18049\" style=\"width: 680px\" class=\"wp-caption alignnone\"><img loading=\"lazy\" decoding=\"async\" class=\"wp-image-18049 size-medium\" src=\"https:\/\/www.organisator.ch\/wp-content\/uploads\/2022\/11\/job-g4c33cfc67_1280-e1669703532866-680x380.png\" alt=\"\" width=\"680\" height=\"380\" srcset=\"https:\/\/www.organisator.ch\/wp-content\/uploads\/2022\/11\/job-g4c33cfc67_1280-e1669703532866-680x380.png 680w, https:\/\/www.organisator.ch\/wp-content\/uploads\/2022\/11\/job-g4c33cfc67_1280-e1669703532866-1024x573.png 1024w, https:\/\/www.organisator.ch\/wp-content\/uploads\/2022\/11\/job-g4c33cfc67_1280-e1669703532866-768x430.png 768w, https:\/\/www.organisator.ch\/wp-content\/uploads\/2022\/11\/job-g4c33cfc67_1280-e1669703532866-18x10.png 18w, https:\/\/www.organisator.ch\/wp-content\/uploads\/2022\/11\/job-g4c33cfc67_1280-e1669703532866-375x210.png 375w, https:\/\/www.organisator.ch\/wp-content\/uploads\/2022\/11\/job-g4c33cfc67_1280-e1669703532866-626x350.png 626w, https:\/\/www.organisator.ch\/wp-content\/uploads\/2022\/11\/job-g4c33cfc67_1280-e1669703532866-1000x559.png 1000w, https:\/\/www.organisator.ch\/wp-content\/uploads\/2022\/11\/job-g4c33cfc67_1280-e1669703532866.png 1280w\" sizes=\"auto, (max-width: 680px) 100vw, 680px\" \/><figcaption id=\"caption-attachment-18049\" class=\"wp-caption-text\">Jobs gibt es jede Menge, es herrscht aber auch grosser Mangel an Fachkr\u00e4ften. (Bild: Pixabay.com)<\/figcaption><\/figure>\n<p>Die Rekrutierung von neuem Personal f\u00fcr Unternehmen entwickelt sich immer mehr zu einer grossen Herausforderung. \u00dcber alle Branchen hinweg herrscht Mangel an Fachkr\u00e4ften. Insbesondere Stellen f\u00fcr Gesundheitsspezialist:innen, IT-Fachkr\u00e4fte und Ingenieurtechnische Fachkr\u00e4fte sind aktuell sehr schwierig zu besetzen. Dies zeigt der Fachkr\u00e4ftemangel-Index der Adecco Gruppe Schweiz und des Stellenmarkt-Monitors Schweiz der Universit\u00e4t Z\u00fcrich.<\/p>\n<h3>Corona-Pandemie: Ein Fluch und Segen f\u00fcr den Schweizer Arbeitsmarkt<\/h3>\n<p>Die Corona-Pandemie hat den Schweizer Arbeitsmarkt in den letzten zwei Jahren merklich aufgewirbelt. Der Ausbruch der Pandemie und die damit einhergehenden Massnahmen bremsten weite Teile des Wirtschaftslebens in den Jahren 2020 und 2021 stark aus. Trotz der Einf\u00fchrung von breitfl\u00e4chigen, wirtschaftlichen Unterst\u00fctzungsmassnahmen, sowie der Ausweitung und Vereinfachung von Kurzarbeitsentsch\u00e4digungen, waren die Auswirkungen auf den Arbeitsmarkt deutlich sp\u00fcrbar. Die Arbeitslosenzahlen schossen in die H\u00f6he. Gleichzeitig suchten Unternehmen merklich weniger Personal, was an der Abnahme des Job Index zu erkennen ist. Diese zwei gegenl\u00e4ufige Effekte f\u00fchrten dazu, dass der Fachkr\u00e4ftebedarf im Jahr 2021 einen Tiefstand erreichte.<\/p>\n<p>Erst mit dem Zugang zur Impfung und der schrittweisen Abschaffung der Massnahmen erh\u00f6hte sich das Konsumbed\u00fcrfnis national wie auch international sprunghaft. Der kr\u00e4ftige wirtschaftliche Aufschwung trieb die Anzahl Stellenausschreibungen im Eiltempo auf neue Rekordh\u00f6hen. Unternehmen aller Branchen ben\u00f6tigten auf einen Schlag deutlich mehr Personal, um die gestiegene Nachfrage bedienen zu k\u00f6nnen. Der erh\u00f6hte Personalbedarf wiederum liess die Arbeitslosenzahlen drastisch sinken. W\u00e4hrend das SECO im September 2021 noch 120&#8217;294 Arbeitslose z\u00e4hlte, sank diese Zahl im September 2022 auf 89&#8217;526. Selbst Arbeitslosengruppen, welche \u00fcblicherweise eine l\u00e4ngere Vermittlungsdauer aufweisen, wie 50-64-J\u00e4hrigen (-25.6%) und Langzeitarbeitslose (-47%), profitierten vom Personaldurst der Unternehmen.<\/p>\n<h3>Rekordwerte wohin man schaut<\/h3>\n<p>Trotz dieser Erkenntnisse sorgt die kr\u00e4ftige Zunahme des Fachkr\u00e4ftemangels bei den Arbeitsmarkt-Expertinnen und -Experten f\u00fcr Erstauen: Der Fachkr\u00e4ftemangel-Index erreicht dieses Jahr einen Rekordwert von 155 Punkten; einen Wert, der bisher noch nie registriert worden sei. Verglichen mit dem Jahr 2021 liegt der aktuelle Index ganze 68% h\u00f6her. Zudem \u00fcbersteigt er den Wert des Vorkrisenjahres 2019 um 21%.<\/p>\n<figure id=\"attachment_18048\" aria-describedby=\"caption-attachment-18048\" style=\"width: 680px\" class=\"wp-caption alignnone\"><img loading=\"lazy\" decoding=\"async\" class=\"size-medium wp-image-18048\" src=\"https:\/\/www.organisator.ch\/wp-content\/uploads\/2022\/11\/Mangel-an-Fachkraeften-erreicht-noch-nie-dagewesene-Dimension-2_Orgaisator-680x273.jpeg\" alt=\"\" width=\"680\" height=\"273\" srcset=\"https:\/\/www.organisator.ch\/wp-content\/uploads\/2022\/11\/Mangel-an-Fachkraeften-erreicht-noch-nie-dagewesene-Dimension-2_Orgaisator-680x273.jpeg 680w, https:\/\/www.organisator.ch\/wp-content\/uploads\/2022\/11\/Mangel-an-Fachkraeften-erreicht-noch-nie-dagewesene-Dimension-2_Orgaisator-1024x412.jpeg 1024w, https:\/\/www.organisator.ch\/wp-content\/uploads\/2022\/11\/Mangel-an-Fachkraeften-erreicht-noch-nie-dagewesene-Dimension-2_Orgaisator-768x309.jpeg 768w, https:\/\/www.organisator.ch\/wp-content\/uploads\/2022\/11\/Mangel-an-Fachkraeften-erreicht-noch-nie-dagewesene-Dimension-2_Orgaisator-18x7.jpeg 18w, https:\/\/www.organisator.ch\/wp-content\/uploads\/2022\/11\/Mangel-an-Fachkraeften-erreicht-noch-nie-dagewesene-Dimension-2_Orgaisator-375x151.jpeg 375w, https:\/\/www.organisator.ch\/wp-content\/uploads\/2022\/11\/Mangel-an-Fachkraeften-erreicht-noch-nie-dagewesene-Dimension-2_Orgaisator-760x306.jpeg 760w, https:\/\/www.organisator.ch\/wp-content\/uploads\/2022\/11\/Mangel-an-Fachkraeften-erreicht-noch-nie-dagewesene-Dimension-2_Orgaisator-1000x402.jpeg 1000w, https:\/\/www.organisator.ch\/wp-content\/uploads\/2022\/11\/Mangel-an-Fachkraeften-erreicht-noch-nie-dagewesene-Dimension-2_Orgaisator.jpeg 1144w\" sizes=\"auto, (max-width: 680px) 100vw, 680px\" \/><figcaption id=\"caption-attachment-18048\" class=\"wp-caption-text\">Fachkr\u00e4ftemangel-Index, Job Index, Arbeitslosenquote. (Grafik: Adecco Group)<\/figcaption><\/figure>\n<p>Ein Blick auf die Sprachregionen zeigt, dass sowohl die Deutschschweiz wie auch die lateinische Schweiz Rekordwerte erreichen, wobei der Fachkr\u00e4ftebedarf in der Deutschschweiz (+77%) deutlich st\u00e4rker zugenommen hat als in der lateinischen Schweiz (+48%). Der Wachstumsunterschied zwischen den Sprachregionen ist haupts\u00e4chlich darauf zur\u00fcckzuf\u00fchren, dass die Deutschschweiz zu Beginn der Pandemie einen deutlich st\u00e4rkeren Einbruch im Fachkr\u00e4ftebedarf erlitten hatte als die lateinische Schweiz. Somit besass der Deutschschweizer Arbeitsmarkt ein deutlich gr\u00f6sseres Aufholpotenzial, welches sich nun in einem st\u00e4rkeren Aufschwung bemerkbar macht.<\/p>\n<p>\u00abDie Corona-Pandemie war f\u00fcr den Schweizer Arbeitsmarkt eine Achterbahnfahrt. Erreichte der Fachkr\u00e4ftebedarf letztes Jahr zun\u00e4chst noch einen historischen Tiefpunkt, so schnellte er dieses Jahr umso rasanter auf eine noch nie dagewesene H\u00f6he. Die Pensionierung der Baby-Boomer sowie die Diskussion nach Re- und Near-shoring von Produktionst\u00e4tigkeiten aufgrund globaler Unsicherheiten d\u00fcrften bewirken, dass der Bedarf an qualifizierten Fachkr\u00e4ften weiter steigen wird. Deshalb w\u00e4hlen zunehmend nicht mehr Unternehmen ihre Arbeitnehmenden aus, sondern umgekehrt\u00bb, sagt dazu Marcel Keller, Country Head Adecco Schweiz.<\/p>\n<h3>Gr\u00f6sster Personalmangel bei den Spezialist:innen in Gesundheitsberufen<\/h3>\n<p>Den ersten Platz des Fachkr\u00e4ftemangel-Rankings belegen die Spezialist:innen in Gesundheitsberufen (bspw. Fach\u00e4rzt:innen, spezialisierte Pflegefachkr\u00e4fte oder Apotheker:innen). In dieser Berufsgruppe bestand schon vor der Pandemie ein deutlicher Fachkr\u00e4ftemangel. Auch danach hat sich der Mangel weiter zugespitzt. Corinne Scheiber, Leiterin von Adecco Medical stellt fest: \u00abEin Grund f\u00fcr den versch\u00e4rften Fachkr\u00e4ftemangel bei den Gesundheitsspezialist:innen liegt darin, dass in der Schweiz zu wenig spezialisiertes Gesundheitspersonal ausgebildet wird, um die tats\u00e4chliche Nachfrage nach diesen Fachkr\u00e4ften zu decken. Um diese L\u00fccke zu schliessen, wird ein betr\u00e4chtlicher Teil des Gesundheitspersonals im Ausland rekrutiert. So betrug, gem\u00e4ss dem Schweizerischen Gesundheitsobservatorium, der Anteil des diplomierten Pflegefachpersonals mit einem ausl\u00e4ndischen Diplom in Schweizer Spit\u00e4lern und Pflegeheimen im Jahr 2019 ganze 30 Prozent. Auf ein \u00e4hnliches Resultat kommt die FMH-\u00c4rztestatistik in Bezug auf \u00c4rzt:innen. Viele Gesundheitsfachkr\u00e4fte kommen aus dem angrenzenden Ausland. In diesen L\u00e4ndern zeichnet sich aber ebenfalls ein zunehmender Fachkr\u00e4ftemangel nach Gesundheitsspezialist:innen ab. Der Wettbewerb um diese Fachkr\u00e4fte hat sich somit intensiviert\u00bb. Des Weiteren f\u00fchrt Yanik Kipfer vom Stellenmarkt-Monitor Schweiz aus: \u00abDer zunehmende Fachkr\u00e4ftemangel \u00fcbt zus\u00e4tzlichen Druck auf das bestehende Gesundheitspersonal aus, da die Arbeitslast aufgrund des fehlenden Personals gr\u00f6sser wird\u00bb. Corinne Scheiber erg\u00e4nzt: \u00abEs macht sich ein Frust \u00fcber die herausfordernden Arbeitsbedingungen und die schleppende Umsetzung der Pflegeinitiative bemerkbar. Die Konsequenz ist, dass viele Fachkr\u00e4fte sich f\u00fcr Tempor\u00e4rstellen entscheiden, welche eine bessere Verg\u00fctung und gr\u00f6ssere Flexibilit\u00e4t versprechen, als eine Festanstellung\u00bb.<\/p>\n<p>Den zweiten Platz belegen die Entwickler:innen und Analytiker:innen von Software und IT-Anwendungen (bspw. Informatikingenieur:innen, Softwareentwickler:innen oder Systemanalytiker:innen). \u00c4hnlich wie bei den Spezialist:innen in Gesundheitsberufen, herrscht in dieser Berufsgruppe schon seit mehreren Jahren ein deutlicher Fachkr\u00e4ftemangel, der sich dieses Jahr erneut stark zuspitzt und einen H\u00f6chstwert erreicht. James Peck, Vice President von LHH Recruitment Solutions Schweiz stellt fest: \u00abVor allem Softwareentwickler:innen mit Erfahrung in objektorientierten Programmiersprachen wie, Java oder C# und Front-End Softwareentwickler:innen mit Kenntnissen von Angular oder React Frameworks werden zurzeit h\u00e4nderingend gesucht.\u00bb Etwas erstaunlich ist, dass die Berufsgruppe der Informations- und Kommunikationstechniker:innen (bspw. Web Content Manager:innen, Telematiker:innen oder E-Commerce Spezialisten) dieses Jahr elf Rangpl\u00e4tze verlieren. Dies, nachdem der Fachkr\u00e4ftebedarf dieser Berufsgruppe im Jahr 2021 schlagartig angestiegen war. Yanik Kipfer vom Stellenmarkt-Monitor erkl\u00e4rt \u00abDie Informations- und Kommunikationstechniker:innen scheinen von dem coronabedingten gestiegenen Bedarf nach E-Commerce L\u00f6sungen profitiert zu haben. Der E-Commerce Boom scheint sich nun jedoch wieder zu normalisieren, wie von der Swiss Retail Federation festgestellt wird. Dies l\u00e4sst auch die Nachfrage nach diesen Fachkr\u00e4ften stagnieren\u00bb.<\/p>\n<h3>Dauernder Mangel an Fachkr\u00e4ften in der Industrie<\/h3>\n<p>Nebst den Bauf\u00fchrer:innen, Polier:innen und Produktionsleiter:innen, welche den 4 Rang besetzen, sind vorwiegend auch Industrieberufe deutlich von einem Mangel an Fachkr\u00e4ften betroffen. So belegen die ingenieurtechnischen und vergleichbaren Fachkr\u00e4fte (bspw. Maschinenbautechniker:innen, Elektrotechniker:innen oder Steuerer:innen von Verfahren in der Metallerzeugung) den dritten und die Polymechaniker:innen , Produktionsmechaniker:innen, Maschinenmechaniker:innen und -schlosser:innen den f\u00fcnften Rang. Der Fachkr\u00e4ftemangel in diesen Berufsgruppen hat sich im Jahresvergleich m\u00e4chtig verst\u00e4rkt. Yanik Kipfer vom Stellenmarkt-Monitor Schweiz stellt fest: \u00abDer starke Fachkr\u00e4ftebedarf nach Industrieberufen zeigt, dass die Schweiz weiterhin \u00fcber eine starke industrielle Basis verf\u00fcgt\u00bb. James Peck, Vice President von LHH Recruitment Solutions Schweiz, erkl\u00e4rt weiter: \u00abUm dem internationalen Wettbewerb f\u00fcr Industrieprodukte standzuhalten, hat sich die Schweizer Industrie auf komplexe und technisch anspruchsvolle Nischenprodukte spezialisiert, wie beispielsweise die Produktion von Pr\u00e4zisionswerkzeugen, Medtech oder der Entwicklung und dem Bau von Subsystemen f\u00fcr die Luft- und Raumfahrt. Dadurch ergeben sich verschiedenen Nischenm\u00e4rkte f\u00fcr Industrieberufe, in welchen Kandidat:innen mit sehr spezifischen Kenntnissen gesucht werden. Diese Kenntnisse k\u00f6nnen nur schwer auf andere Nischen transferiert werden, was die Suche nach geeigneten Fachkr\u00e4ften erschwert\u00bb. Des Weiteren erg\u00e4nzt Tom Vanoirbeek, VP von Adecco Workforce Solutions Western &amp; Southern Switzerland: \u00abGerade in technischen Berufen wie jene der Uhrenindustrie sind wir mit einem bedeutenden Fachkr\u00e4ftemangel konfrontiert, welcher nicht nur die hoch qualifizierten, sondern auch die gering qualifizierten Fachkr\u00e4fte betrifft. Adecco Schweiz hat deshalb die Watch Academy in Genf gegr\u00fcndet, um in neue Talente zu investieren. Aufgabe der Watch Academy ist es, handwerklich begabte Personen zu Uhrmacher:innen auszubilden und ihnen damit einen Einstieg in diese einzigartige Branche zu erm\u00f6glichen\u00bb.<\/p>\n<h3>Berufsgruppen mit \u00dcberangebot an Fachkr\u00e4ften<\/h3>\n<p>Nicht \u00fcberall besteht Mangel an Fachkr\u00e4ften. Am unteren Ende des Rankings befinden sich Berufsgruppen, in denen ein Fachkr\u00e4fte\u00fcberangebot herrscht. In diesen Berufen suchen mehr Personen eine Stelle, als es Vakanzen gibt. Auf dem letzten Platz landen die Hilfsarbeitskr\u00e4fte, Fachkr\u00e4fte in Land- und Forstwirtschaft und Fischerei (dazu geh\u00f6ren bspw. Hilfsk\u00f6ch:innen, G\u00e4rtner:innen oder Paketausliefer:innen), gefolgt von den F\u00fchrungskr\u00e4ften sowie den Allgemeinen B\u00fcro- und Sekretariatskr\u00e4ften und sonstigen B\u00fcrokr\u00e4ften (bspw. Datenerfasser:innen, Bibliotheksassistent:innnen oder Korrekturleser:innen). F\u00fcr viele Berufsgruppen im unteren Segment des Rankings sank der Fachkr\u00e4ftebedarf mit dem Ausbruch der Pandemie drastisch. Dennoch kann nun beobachtet werden, dass sich der Fachkr\u00e4ftemangel auch f\u00fcr die Berufsgruppen mit einem Fachkr\u00e4fte\u00fcberangebot merklich versch\u00e4rft. Das heisst, in diesen Berufsgruppen verbessert sich die Situation f\u00fcr Arbeitnehmende im Vergleich zum Vorjahr deutlich, da weniger Stellensuchende um die offenen Stellen konkurrenzieren. Gleichzeitig bedeutet dies jedoch, dass es f\u00fcr Unternehmen schwieriger wird, selbst bei den Berufsgruppen am unteren Teil des Rankings, geeignete Fachkr\u00e4fte zu finden.<\/p>\n<p><em>Quelle: <a href=\"https:\/\/www.adecco.ch\/de-ch\/ueber-adecco-werte\">Adecco Group<\/a><\/em><\/p>\n","protected":false},"excerpt":{"rendered":"<p>Die Rekrutierung von neuem Personal f\u00fcr Unternehmen entwickelt sich immer mehr zu einer grossen Herausforderung. \u00dcber alle Branchen hinweg herrscht Mangel an Fachkr\u00e4ften. Insbesondere Stellen f\u00fcr Gesundheitsspezialist:innen, IT-Fachkr\u00e4fte und Ingenieurtechnische Fachkr\u00e4fte sind aktuell sehr schwierig zu besetzen. Dies zeigt der Fachkr\u00e4ftemangel-Index der Adecco Gruppe Schweiz und des Stellenmarkt-Monitors Schweiz der Universit\u00e4t Z\u00fcrich. Corona-Pandemie: Ein Fluch [&hellip;]<\/p>\n","protected":false},"author":4,"featured_media":18049,"comment_status":"closed","ping_status":"closed","sticky":false,"template":"","format":"standard","meta":{"_acf_changed":false,"_yoast_wpseo_focuskw":"Mangel an Fachkr\u00e4ften","_yoast_wpseo_metadesc":"Nach einer coronabedingten Entspannungsphase spitzt sich der Mangel an Fachkr\u00e4ften in der Schweiz nun drastisch zu.","articlekey":"","footnotes":""},"categories":[579],"tags":[194,254,407,459],"class_list":["post-18047","post","type-post","status-publish","format-standard","has-post-thumbnail","hentry","category-human-resources","tag-fachkraeftemangel","tag-hrm","tag-recruiting","tag-studie"],"acf":[],"yoast_head":"<!-- This site is optimized with the Yoast SEO plugin v27.5 - https:\/\/yoast.com\/product\/yoast-seo-wordpress\/ -->\n<title>Mangel an Fachkr\u00e4ften erreicht noch nie dagewesene Dimension - Organisator<\/title>\n<meta name=\"description\" content=\"Nach einer coronabedingten Entspannungsphase spitzt sich der Mangel an Fachkr\u00e4ften in der Schweiz nun drastisch zu.\" \/>\n<meta name=\"robots\" content=\"index, follow, max-snippet:-1, max-image-preview:large, max-video-preview:-1\" \/>\n<link rel=\"canonical\" href=\"https:\/\/www.organisator.ch\/de\/human-resources\/2022-11-29\/mangel-an-fachkraeften-erreicht-noch-nie-dagewesene-dimension\/\" \/>\n<meta property=\"og:locale\" content=\"de_DE\" \/>\n<meta property=\"og:type\" content=\"article\" \/>\n<meta property=\"og:title\" content=\"Mangel an Fachkr\u00e4ften erreicht noch nie dagewesene Dimension\" \/>\n<meta property=\"og:description\" content=\"Nach einer coronabedingten Entspannungsphase spitzt sich der Mangel an Fachkr\u00e4ften in der Schweiz nun drastisch zu.\" \/>\n<meta property=\"og:url\" content=\"https:\/\/www.organisator.ch\/de\/human-resources\/2022-11-29\/mangel-an-fachkraeften-erreicht-noch-nie-dagewesene-dimension\/\" \/>\n<meta property=\"og:site_name\" content=\"Organisator\" \/>\n<meta property=\"article:publisher\" content=\"https:\/\/www.facebook.com\/OrganisatorFachmagazin\" \/>\n<meta property=\"article:published_time\" content=\"2022-11-29T06:36:23+00:00\" \/>\n<meta property=\"article:modified_time\" content=\"2022-12-02T10:36:43+00:00\" \/>\n<meta property=\"og:image\" content=\"https:\/\/www.organisator.ch\/wp-content\/uploads\/2022\/11\/job-g4c33cfc67_1280-e1669703532866.png\" \/>\n\t<meta property=\"og:image:width\" content=\"1280\" \/>\n\t<meta property=\"og:image:height\" content=\"716\" \/>\n\t<meta property=\"og:image:type\" content=\"image\/png\" \/>\n<meta name=\"author\" content=\"thomas.berner\" \/>\n<meta name=\"twitter:card\" content=\"summary_large_image\" \/>\n<meta name=\"twitter:title\" content=\"Mangel an Fachkr\u00e4ften erreicht noch nie dagewesene Dimension\" \/>\n<meta name=\"twitter:description\" content=\"Nach einer coronabedingten Entspannungsphase spitzt sich der Mangel an Fachkr\u00e4ften in der Schweiz nun drastisch zu.\" \/>\n<meta name=\"twitter:image\" content=\"https:\/\/www.organisator.ch\/wp-content\/uploads\/2022\/11\/job-g4c33cfc67_1280-e1669703532866.png\" \/>\n<script type=\"application\/ld+json\" class=\"yoast-schema-graph\">{\"@context\":\"https:\\\/\\\/schema.org\",\"@graph\":[{\"@type\":\"Article\",\"@id\":\"https:\\\/\\\/www.organisator.ch\\\/human-resources\\\/2022-11-29\\\/mangel-an-fachkraeften-erreicht-noch-nie-dagewesene-dimension\\\/#article\",\"isPartOf\":{\"@id\":\"https:\\\/\\\/www.organisator.ch\\\/human-resources\\\/2022-11-29\\\/mangel-an-fachkraeften-erreicht-noch-nie-dagewesene-dimension\\\/\"},\"author\":{\"name\":\"thomas.berner\",\"@id\":\"https:\\\/\\\/www.organisator.ch\\\/#\\\/schema\\\/person\\\/6f650f90b2842cd4c0cc334b4e36f67e\"},\"headline\":\"Mangel an Fachkr\u00e4ften erreicht noch nie dagewesene Dimension\",\"datePublished\":\"2022-11-29T06:36:23+00:00\",\"dateModified\":\"2022-12-02T10:36:43+00:00\",\"mainEntityOfPage\":{\"@id\":\"https:\\\/\\\/www.organisator.ch\\\/human-resources\\\/2022-11-29\\\/mangel-an-fachkraeften-erreicht-noch-nie-dagewesene-dimension\\\/\"},\"wordCount\":1490,\"publisher\":{\"@id\":\"https:\\\/\\\/www.organisator.ch\\\/#organization\"},\"image\":{\"@id\":\"https:\\\/\\\/www.organisator.ch\\\/human-resources\\\/2022-11-29\\\/mangel-an-fachkraeften-erreicht-noch-nie-dagewesene-dimension\\\/#primaryimage\"},\"thumbnailUrl\":\"https:\\\/\\\/www.organisator.ch\\\/wp-content\\\/uploads\\\/2022\\\/11\\\/job-g4c33cfc67_1280-e1669703532866.png\",\"keywords\":[\"Fachkr\u00e4ftemangel\",\"HRM\",\"Recruiting\",\"Studie\"],\"articleSection\":[\"HUMAN RESOURCES\"],\"inLanguage\":\"de\"},{\"@type\":\"WebPage\",\"@id\":\"https:\\\/\\\/www.organisator.ch\\\/human-resources\\\/2022-11-29\\\/mangel-an-fachkraeften-erreicht-noch-nie-dagewesene-dimension\\\/\",\"url\":\"https:\\\/\\\/www.organisator.ch\\\/human-resources\\\/2022-11-29\\\/mangel-an-fachkraeften-erreicht-noch-nie-dagewesene-dimension\\\/\",\"name\":\"Mangel an Fachkr\u00e4ften erreicht noch nie dagewesene Dimension - Organisator\",\"isPartOf\":{\"@id\":\"https:\\\/\\\/www.organisator.ch\\\/#website\"},\"primaryImageOfPage\":{\"@id\":\"https:\\\/\\\/www.organisator.ch\\\/human-resources\\\/2022-11-29\\\/mangel-an-fachkraeften-erreicht-noch-nie-dagewesene-dimension\\\/#primaryimage\"},\"image\":{\"@id\":\"https:\\\/\\\/www.organisator.ch\\\/human-resources\\\/2022-11-29\\\/mangel-an-fachkraeften-erreicht-noch-nie-dagewesene-dimension\\\/#primaryimage\"},\"thumbnailUrl\":\"https:\\\/\\\/www.organisator.ch\\\/wp-content\\\/uploads\\\/2022\\\/11\\\/job-g4c33cfc67_1280-e1669703532866.png\",\"datePublished\":\"2022-11-29T06:36:23+00:00\",\"dateModified\":\"2022-12-02T10:36:43+00:00\",\"description\":\"Nach einer coronabedingten Entspannungsphase spitzt sich der Mangel an Fachkr\u00e4ften in der Schweiz nun drastisch zu.\",\"breadcrumb\":{\"@id\":\"https:\\\/\\\/www.organisator.ch\\\/human-resources\\\/2022-11-29\\\/mangel-an-fachkraeften-erreicht-noch-nie-dagewesene-dimension\\\/#breadcrumb\"},\"inLanguage\":\"de\",\"potentialAction\":[{\"@type\":\"ReadAction\",\"target\":[\"https:\\\/\\\/www.organisator.ch\\\/human-resources\\\/2022-11-29\\\/mangel-an-fachkraeften-erreicht-noch-nie-dagewesene-dimension\\\/\"]}]},{\"@type\":\"ImageObject\",\"inLanguage\":\"de\",\"@id\":\"https:\\\/\\\/www.organisator.ch\\\/human-resources\\\/2022-11-29\\\/mangel-an-fachkraeften-erreicht-noch-nie-dagewesene-dimension\\\/#primaryimage\",\"url\":\"https:\\\/\\\/www.organisator.ch\\\/wp-content\\\/uploads\\\/2022\\\/11\\\/job-g4c33cfc67_1280-e1669703532866.png\",\"contentUrl\":\"https:\\\/\\\/www.organisator.ch\\\/wp-content\\\/uploads\\\/2022\\\/11\\\/job-g4c33cfc67_1280-e1669703532866.png\",\"width\":1280,\"height\":716,\"caption\":\"Jobs gibt es jede Menge, es herrscht aber auch grosser Mangel an Fachkr\u00e4ften. (Bild: Pixabay.com)\"},{\"@type\":\"BreadcrumbList\",\"@id\":\"https:\\\/\\\/www.organisator.ch\\\/human-resources\\\/2022-11-29\\\/mangel-an-fachkraeften-erreicht-noch-nie-dagewesene-dimension\\\/#breadcrumb\",\"itemListElement\":[{\"@type\":\"ListItem\",\"position\":1,\"name\":\"Home\",\"item\":\"https:\\\/\\\/www.organisator.ch\\\/\"},{\"@type\":\"ListItem\",\"position\":2,\"name\":\"Mangel an Fachkr\u00e4ften erreicht noch nie dagewesene Dimension\"}]},{\"@type\":\"WebSite\",\"@id\":\"https:\\\/\\\/www.organisator.ch\\\/#website\",\"url\":\"https:\\\/\\\/www.organisator.ch\\\/\",\"name\":\"Organisator\",\"description\":\"Kompetent. Praxisnah. Der ORGANISATOR bereitet in 10 Ausgaben pro Jahr die wesentlichen Themen f\u00fcr F\u00fchrungskr\u00e4fte von KMU auf.\",\"publisher\":{\"@id\":\"https:\\\/\\\/www.organisator.ch\\\/#organization\"},\"potentialAction\":[{\"@type\":\"SearchAction\",\"target\":{\"@type\":\"EntryPoint\",\"urlTemplate\":\"https:\\\/\\\/www.organisator.ch\\\/?s={search_term_string}\"},\"query-input\":{\"@type\":\"PropertyValueSpecification\",\"valueRequired\":true,\"valueName\":\"search_term_string\"}}],\"inLanguage\":\"de\"},{\"@type\":\"Organization\",\"@id\":\"https:\\\/\\\/www.organisator.ch\\\/#organization\",\"name\":\"Organisator\",\"url\":\"https:\\\/\\\/www.organisator.ch\\\/\",\"logo\":{\"@type\":\"ImageObject\",\"inLanguage\":\"de\",\"@id\":\"https:\\\/\\\/www.organisator.ch\\\/#\\\/schema\\\/logo\\\/image\\\/\",\"url\":\"https:\\\/\\\/www.organisator.ch\\\/wp-content\\\/uploads\\\/2022\\\/01\\\/Logo_Organisator_Website.png\",\"contentUrl\":\"https:\\\/\\\/www.organisator.ch\\\/wp-content\\\/uploads\\\/2022\\\/01\\\/Logo_Organisator_Website.png\",\"width\":800,\"height\":77,\"caption\":\"Organisator\"},\"image\":{\"@id\":\"https:\\\/\\\/www.organisator.ch\\\/#\\\/schema\\\/logo\\\/image\\\/\"},\"sameAs\":[\"https:\\\/\\\/www.facebook.com\\\/OrganisatorFachmagazin\",\"https:\\\/\\\/www.linkedin.com\\\/showcase\\\/organisator-das-magazin-fr-kmu\",\"https:\\\/\\\/www.xing.com\\\/news\\\/pages\\\/organisator-ch-695\",\"https:\\\/\\\/www.youtube.com\\\/channel\\\/UCGP2Sq0iWaZwT3BdIAQFYpw\"]},{\"@type\":\"Person\",\"@id\":\"https:\\\/\\\/www.organisator.ch\\\/#\\\/schema\\\/person\\\/6f650f90b2842cd4c0cc334b4e36f67e\",\"name\":\"thomas.berner\",\"image\":{\"@type\":\"ImageObject\",\"inLanguage\":\"de\",\"@id\":\"https:\\\/\\\/secure.gravatar.com\\\/avatar\\\/ac5001d2a36cb6c6cd3e50789007ffca834b477b74a2144564522e944eabff61?s=96&d=mm&r=g\",\"url\":\"https:\\\/\\\/secure.gravatar.com\\\/avatar\\\/ac5001d2a36cb6c6cd3e50789007ffca834b477b74a2144564522e944eabff61?s=96&d=mm&r=g\",\"contentUrl\":\"https:\\\/\\\/secure.gravatar.com\\\/avatar\\\/ac5001d2a36cb6c6cd3e50789007ffca834b477b74a2144564522e944eabff61?s=96&d=mm&r=g\",\"caption\":\"thomas.berner\"},\"url\":\"https:\\\/\\\/www.organisator.ch\\\/de\\\/author\\\/thomas-berner\\\/\"}]}<\/script>\n<!-- \/ Yoast SEO plugin. -->","yoast_head_json":{"title":"Mangel an Fachkr\u00e4ften erreicht noch nie dagewesene Dimension - Organisator","description":"Nach einer coronabedingten Entspannungsphase spitzt sich der Mangel an Fachkr\u00e4ften in der Schweiz nun drastisch zu.","robots":{"index":"index","follow":"follow","max-snippet":"max-snippet:-1","max-image-preview":"max-image-preview:large","max-video-preview":"max-video-preview:-1"},"canonical":"https:\/\/www.organisator.ch\/de\/human-resources\/2022-11-29\/mangel-an-fachkraeften-erreicht-noch-nie-dagewesene-dimension\/","og_locale":"de_DE","og_type":"article","og_title":"Mangel an Fachkr\u00e4ften erreicht noch nie dagewesene Dimension","og_description":"Nach einer coronabedingten Entspannungsphase spitzt sich der Mangel an Fachkr\u00e4ften in der Schweiz nun drastisch zu.","og_url":"https:\/\/www.organisator.ch\/de\/human-resources\/2022-11-29\/mangel-an-fachkraeften-erreicht-noch-nie-dagewesene-dimension\/","og_site_name":"Organisator","article_publisher":"https:\/\/www.facebook.com\/OrganisatorFachmagazin","article_published_time":"2022-11-29T06:36:23+00:00","article_modified_time":"2022-12-02T10:36:43+00:00","og_image":[{"width":1280,"height":716,"url":"https:\/\/www.organisator.ch\/wp-content\/uploads\/2022\/11\/job-g4c33cfc67_1280-e1669703532866.png","type":"image\/png"}],"author":"thomas.berner","twitter_card":"summary_large_image","twitter_title":"Mangel an Fachkr\u00e4ften erreicht noch nie dagewesene Dimension","twitter_description":"Nach einer coronabedingten Entspannungsphase spitzt sich der Mangel an Fachkr\u00e4ften in der Schweiz nun drastisch zu.","twitter_image":"https:\/\/www.organisator.ch\/wp-content\/uploads\/2022\/11\/job-g4c33cfc67_1280-e1669703532866.png","schema":{"@context":"https:\/\/schema.org","@graph":[{"@type":"Article","@id":"https:\/\/www.organisator.ch\/human-resources\/2022-11-29\/mangel-an-fachkraeften-erreicht-noch-nie-dagewesene-dimension\/#article","isPartOf":{"@id":"https:\/\/www.organisator.ch\/human-resources\/2022-11-29\/mangel-an-fachkraeften-erreicht-noch-nie-dagewesene-dimension\/"},"author":{"name":"thomas.berner","@id":"https:\/\/www.organisator.ch\/#\/schema\/person\/6f650f90b2842cd4c0cc334b4e36f67e"},"headline":"Mangel an Fachkr\u00e4ften erreicht noch nie dagewesene Dimension","datePublished":"2022-11-29T06:36:23+00:00","dateModified":"2022-12-02T10:36:43+00:00","mainEntityOfPage":{"@id":"https:\/\/www.organisator.ch\/human-resources\/2022-11-29\/mangel-an-fachkraeften-erreicht-noch-nie-dagewesene-dimension\/"},"wordCount":1490,"publisher":{"@id":"https:\/\/www.organisator.ch\/#organization"},"image":{"@id":"https:\/\/www.organisator.ch\/human-resources\/2022-11-29\/mangel-an-fachkraeften-erreicht-noch-nie-dagewesene-dimension\/#primaryimage"},"thumbnailUrl":"https:\/\/www.organisator.ch\/wp-content\/uploads\/2022\/11\/job-g4c33cfc67_1280-e1669703532866.png","keywords":["Fachkr\u00e4ftemangel","HRM","Recruiting","Studie"],"articleSection":["HUMAN RESOURCES"],"inLanguage":"de"},{"@type":"WebPage","@id":"https:\/\/www.organisator.ch\/human-resources\/2022-11-29\/mangel-an-fachkraeften-erreicht-noch-nie-dagewesene-dimension\/","url":"https:\/\/www.organisator.ch\/human-resources\/2022-11-29\/mangel-an-fachkraeften-erreicht-noch-nie-dagewesene-dimension\/","name":"Mangel an Fachkr\u00e4ften erreicht noch nie dagewesene Dimension - Organisator","isPartOf":{"@id":"https:\/\/www.organisator.ch\/#website"},"primaryImageOfPage":{"@id":"https:\/\/www.organisator.ch\/human-resources\/2022-11-29\/mangel-an-fachkraeften-erreicht-noch-nie-dagewesene-dimension\/#primaryimage"},"image":{"@id":"https:\/\/www.organisator.ch\/human-resources\/2022-11-29\/mangel-an-fachkraeften-erreicht-noch-nie-dagewesene-dimension\/#primaryimage"},"thumbnailUrl":"https:\/\/www.organisator.ch\/wp-content\/uploads\/2022\/11\/job-g4c33cfc67_1280-e1669703532866.png","datePublished":"2022-11-29T06:36:23+00:00","dateModified":"2022-12-02T10:36:43+00:00","description":"Nach einer coronabedingten Entspannungsphase spitzt sich der Mangel an Fachkr\u00e4ften in der Schweiz nun drastisch zu.","breadcrumb":{"@id":"https:\/\/www.organisator.ch\/human-resources\/2022-11-29\/mangel-an-fachkraeften-erreicht-noch-nie-dagewesene-dimension\/#breadcrumb"},"inLanguage":"de","potentialAction":[{"@type":"ReadAction","target":["https:\/\/www.organisator.ch\/human-resources\/2022-11-29\/mangel-an-fachkraeften-erreicht-noch-nie-dagewesene-dimension\/"]}]},{"@type":"ImageObject","inLanguage":"de","@id":"https:\/\/www.organisator.ch\/human-resources\/2022-11-29\/mangel-an-fachkraeften-erreicht-noch-nie-dagewesene-dimension\/#primaryimage","url":"https:\/\/www.organisator.ch\/wp-content\/uploads\/2022\/11\/job-g4c33cfc67_1280-e1669703532866.png","contentUrl":"https:\/\/www.organisator.ch\/wp-content\/uploads\/2022\/11\/job-g4c33cfc67_1280-e1669703532866.png","width":1280,"height":716,"caption":"Jobs gibt es jede Menge, es herrscht aber auch grosser Mangel an Fachkr\u00e4ften. (Bild: Pixabay.com)"},{"@type":"BreadcrumbList","@id":"https:\/\/www.organisator.ch\/human-resources\/2022-11-29\/mangel-an-fachkraeften-erreicht-noch-nie-dagewesene-dimension\/#breadcrumb","itemListElement":[{"@type":"ListItem","position":1,"name":"Home","item":"https:\/\/www.organisator.ch\/"},{"@type":"ListItem","position":2,"name":"Mangel an Fachkr\u00e4ften erreicht noch nie dagewesene Dimension"}]},{"@type":"WebSite","@id":"https:\/\/www.organisator.ch\/#website","url":"https:\/\/www.organisator.ch\/","name":"Organisator","description":"Kompetent. Praxisnah. Der ORGANISATOR bereitet in 10 Ausgaben pro Jahr die wesentlichen Themen f\u00fcr F\u00fchrungskr\u00e4fte von KMU auf.","publisher":{"@id":"https:\/\/www.organisator.ch\/#organization"},"potentialAction":[{"@type":"SearchAction","target":{"@type":"EntryPoint","urlTemplate":"https:\/\/www.organisator.ch\/?s={search_term_string}"},"query-input":{"@type":"PropertyValueSpecification","valueRequired":true,"valueName":"search_term_string"}}],"inLanguage":"de"},{"@type":"Organization","@id":"https:\/\/www.organisator.ch\/#organization","name":"Organisator","url":"https:\/\/www.organisator.ch\/","logo":{"@type":"ImageObject","inLanguage":"de","@id":"https:\/\/www.organisator.ch\/#\/schema\/logo\/image\/","url":"https:\/\/www.organisator.ch\/wp-content\/uploads\/2022\/01\/Logo_Organisator_Website.png","contentUrl":"https:\/\/www.organisator.ch\/wp-content\/uploads\/2022\/01\/Logo_Organisator_Website.png","width":800,"height":77,"caption":"Organisator"},"image":{"@id":"https:\/\/www.organisator.ch\/#\/schema\/logo\/image\/"},"sameAs":["https:\/\/www.facebook.com\/OrganisatorFachmagazin","https:\/\/www.linkedin.com\/showcase\/organisator-das-magazin-fr-kmu","https:\/\/www.xing.com\/news\/pages\/organisator-ch-695","https:\/\/www.youtube.com\/channel\/UCGP2Sq0iWaZwT3BdIAQFYpw"]},{"@type":"Person","@id":"https:\/\/www.organisator.ch\/#\/schema\/person\/6f650f90b2842cd4c0cc334b4e36f67e","name":"thomas.berner","image":{"@type":"ImageObject","inLanguage":"de","@id":"https:\/\/secure.gravatar.com\/avatar\/ac5001d2a36cb6c6cd3e50789007ffca834b477b74a2144564522e944eabff61?s=96&d=mm&r=g","url":"https:\/\/secure.gravatar.com\/avatar\/ac5001d2a36cb6c6cd3e50789007ffca834b477b74a2144564522e944eabff61?s=96&d=mm&r=g","contentUrl":"https:\/\/secure.gravatar.com\/avatar\/ac5001d2a36cb6c6cd3e50789007ffca834b477b74a2144564522e944eabff61?s=96&d=mm&r=g","caption":"thomas.berner"},"url":"https:\/\/www.organisator.ch\/de\/author\/thomas-berner\/"}]}},"_links":{"self":[{"href":"https:\/\/www.organisator.ch\/de\/wp-json\/wp\/v2\/posts\/18047","targetHints":{"allow":["GET"]}}],"collection":[{"href":"https:\/\/www.organisator.ch\/de\/wp-json\/wp\/v2\/posts"}],"about":[{"href":"https:\/\/www.organisator.ch\/de\/wp-json\/wp\/v2\/types\/post"}],"author":[{"embeddable":true,"href":"https:\/\/www.organisator.ch\/de\/wp-json\/wp\/v2\/users\/4"}],"replies":[{"embeddable":true,"href":"https:\/\/www.organisator.ch\/de\/wp-json\/wp\/v2\/comments?post=18047"}],"version-history":[{"count":1,"href":"https:\/\/www.organisator.ch\/de\/wp-json\/wp\/v2\/posts\/18047\/revisions"}],"predecessor-version":[{"id":18050,"href":"https:\/\/www.organisator.ch\/de\/wp-json\/wp\/v2\/posts\/18047\/revisions\/18050"}],"wp:featuredmedia":[{"embeddable":true,"href":"https:\/\/www.organisator.ch\/de\/wp-json\/wp\/v2\/media\/18049"}],"wp:attachment":[{"href":"https:\/\/www.organisator.ch\/de\/wp-json\/wp\/v2\/media?parent=18047"}],"wp:term":[{"taxonomy":"category","embeddable":true,"href":"https:\/\/www.organisator.ch\/de\/wp-json\/wp\/v2\/categories?post=18047"},{"taxonomy":"post_tag","embeddable":true,"href":"https:\/\/www.organisator.ch\/de\/wp-json\/wp\/v2\/tags?post=18047"}],"curies":[{"name":"wp","href":"https:\/\/api.w.org\/{rel}","templated":true}]}}