{"id":18102,"date":"2022-12-02T11:36:23","date_gmt":"2022-12-02T10:36:23","guid":{"rendered":"https:\/\/www.organisator.ch\/?p=18102"},"modified":"2022-12-16T07:29:43","modified_gmt":"2022-12-16T06:29:43","slug":"kommunikation-erst-artikulieren-dann-relativieren","status":"publish","type":"post","link":"https:\/\/www.organisator.ch\/de\/management\/2022-12-02\/kommunikation-erst-artikulieren-dann-relativieren\/","title":{"rendered":"Kommunikation: Erst artikulieren, dann relativieren?"},"content":{"rendered":"<figure id=\"attachment_18103\" aria-describedby=\"caption-attachment-18103\" style=\"width: 680px\" class=\"wp-caption alignnone\"><img loading=\"lazy\" decoding=\"async\" class=\"size-full wp-image-18103\" src=\"https:\/\/www.organisator.ch\/wp-content\/uploads\/2022\/12\/Kommunikation-Erst-artikulieren-dann-relativieren_Organisator.jpg\" alt=\"\" width=\"680\" height=\"453\" srcset=\"https:\/\/www.organisator.ch\/wp-content\/uploads\/2022\/12\/Kommunikation-Erst-artikulieren-dann-relativieren_Organisator.jpg 680w, https:\/\/www.organisator.ch\/wp-content\/uploads\/2022\/12\/Kommunikation-Erst-artikulieren-dann-relativieren_Organisator-18x12.jpg 18w, https:\/\/www.organisator.ch\/wp-content\/uploads\/2022\/12\/Kommunikation-Erst-artikulieren-dann-relativieren_Organisator-375x250.jpg 375w, https:\/\/www.organisator.ch\/wp-content\/uploads\/2022\/12\/Kommunikation-Erst-artikulieren-dann-relativieren_Organisator-525x350.jpg 525w\" sizes=\"auto, (max-width: 680px) 100vw, 680px\" \/><figcaption id=\"caption-attachment-18103\" class=\"wp-caption-text\">Warum erst die Handlung die Kommunikation glaubw\u00fcrdig macht: Denn wenn man zwar eine Erwartungshaltung aufbaut und sich dann aber anders verh\u00e4lt, l\u00e4sst der kommunikative Super-GAU dann nicht lange auf sich warten. (Bild: Adobe Stock)<\/figcaption><\/figure>\n<p>Es ist im grossen Stil eine Sabotage des eigenen Rufs: Manager, die es sich offensichtlich zu gut gehen lassen. Gigantische Geh\u00e4lter, ansehnlicher Wagenpark und Eskapaden auf Partys gelangen an die \u00d6ffentlichkeit. Brisant wird das ganze durch hohe Verluste, Mitarbeitende werden entlassen und der Betrieb steht vor der Frage, wie das eigene \u00dcberleben noch gesichert werden kann. Streitereien werden prominent in den Medien austragen, das Image leidet. Erst recht, wenn die Investment-Banker ihr Spiel auf dem Finanzplatz \u00fcberborden.<\/p>\n<p>So weit, so gut. In der aktuellen Welt, in der sich Schlagzeilen gut verkaufen und so mancher Skandal wie S\u00e4ue durchs Dorf gejagt werden, ist so manches auch schnell wieder vergessen. Normalerweise. Hausgemachte Fehler, seien sie noch so absurd, verschwinden eines Tages wieder im Nebel des Alltagsgesch\u00e4ftes. Wenn aber genau diese Bank regelm\u00e4ssig mit solchen Ausw\u00fcchsen von sich reden macht, wird es durchaus heikel. Denn jedes Mal versicherte die Unternehmensleitung im Anschluss an einen Vorfall, dass so etwas nicht mehr geschehen werde. Dass das Unternehmen alles daransetzen w\u00fcrde, dass so etwas in Zukunft nicht mehr passiere, dass man personelle Konsequenzen ziehe. Regelm\u00e4ssig wollte sich die Bank auf eine neue Bescheidenheit einschw\u00f6ren.<\/p>\n<h3><strong>Ich sag das nur noch einmal\u2026<\/strong><\/h3>\n<p>Durch diese Form der Kommunikation entsteht einerseits eine Erwartungshaltung. Andererseits wird genau diese Strategie definitiv zum kommunikativen Super-GAU, wenn es wenige Monate sp\u00e4ter wieder \u00e4hnliche Ausw\u00fcchse zu verzeichnen, zu artikulieren und zu relativieren gibt. Erst die Handlung macht die Kommunikation glaubw\u00fcrdig. Oder die Nicht-Handlung macht sie unglaubw\u00fcrdig. Das ist beileibe nicht nur eine Angelegenheit von Grossbanken und deren geschulten Kommunikationsabteilungen. Selbst wer als Elternteil dem Kind dreimal hintereinander sagt: \u201eDu darfst nicht auf diese Leiter steigen \u2013 ich sag dir das nur noch einmal!\u201c, verliert nicht nur an Glaubw\u00fcrdigkeit, sondern die ganze Angelegenheit verkommt zur Farce.<\/p>\n<p>Der logische R\u00fcckkehrschluss muss also lauten: Wenn ich weiss, wie ich handle, weiss ich, wie ich kommunizieren soll. Aber Hand aufs Herz: Wie h\u00e4ufig kommt es vor, dass man einfach mal so in eine Diskussion steigt, ohne klar zu wissen, was man will? Am Schluss ist dann wieder einmal nichts rausgekommen \u2013 im besten Fall. Im schlechtesten Fall hat genau darum die Glaubw\u00fcrdigkeit darunter gelitten. \u201eIrgendetwas reden\u201c birgt das Risiko, aufgrund der mangelnden Greifbarkeit der Botschaft als unglaubw\u00fcrdig, also wenig wahrhaftig zu wirken.<\/p>\n<h3><strong>Wer sein Ziel nicht definiert hat, kann nicht kommunizieren<\/strong><\/h3>\n<p>In so vielen Unternehmen werden Meetings abgehalten, von denen oft ein grosser Teil der Beteiligten nicht ganz so genau weiss, warum man jetzt hier ist und vor allem: warum ich gerade hier bin. Wenn ich es schon nicht weiss, fehlt der Zweck und entsprechend lau, unbefriedigend l\u00e4uft das Gespr\u00e4ch dann auch ab. Am Schluss m\u00fcndet die Diskussion zwischen Sitzungszimmer und Pausenraum in die Erkenntnis \u201edas hat wieder mal nichts gebracht\u201c. Es geht ja nicht einmal um die allseits bekannte SMART-Formel eine gewieften Sitzungsleitung, es geht um meinen Auftritt, mein Verhalten in der Runde. Das hat nichts mit der zu sp\u00e4t eingetroffenen Sitzungsagenda zu tun, sondern damit, dass ich just in diesem Moment mein Ziel nicht definiert habe.<\/p>\n<p>Aus solchen Erfahrungen lassen sich altbekannte Verhaltensthesen sch\u00f6n und beherzt formulieren: Man soll klar, zielorientiert und doch menschlich nah- und greifbar sein. Die Anspr\u00fcche, die gestellt werden, sind nicht nur hoch, sondern haben oft einen scheinbaren Widerspruch in sich. Man soll gleichzeitig alles im \u00dcberblick haben und trotzdem immer im Hier und Jetzt sein.<\/p>\n<p>Ein Blick in die Theaterwelt kann aufzeigen, wie Glaubw\u00fcrdigkeit in der Kommunikation zusammenh\u00e4ngt und gelingen kann. Nein, es geht nicht darum, dem anderen etwas vorzuspielen, sondern sich Elemente aus der Theaterarbeit anzusehen, womit dort an glaubw\u00fcrdigen Figuren und Kommunikation gearbeitet wird.<\/p>\n<h3><strong>Handlungen und Inhalte m\u00fcssen \u00fcbereinstimmen\u00a0<\/strong><\/h3>\n<p>Glaubw\u00fcrdigkeit entsteht nicht nur in der Theaterwelt dadurch, dass allf\u00e4llige, nachgelagerte Handlungen mit dem \u00fcbereinstimmen, was vorher kommuniziert wird. Es ist wie der Abschluss einer Botschaft, wenn die Aktion das \u00fcbernimmt, was gesagt wird. Erst dann entsteht ein stimmiges, glaubw\u00fcrdiges Gesamtbild. Dazu gesellt sich eine Schl\u00fcsselregel aus der B\u00fchnenarbeit: keine Handlung ohne Ziel.<\/p>\n<p>Jede kleine, selbst winzigste Handlung ist konkret und hat ein Ziel. Es gibt keinen Schauspieler, der auf der B\u00fchne irgendetwas sucht oder tut. Er sucht einen verlorenen Schl\u00fcssel, er bewundert die Lampe, z\u00e4hlt die Blumen \u2013 alles hat ein Ziel, einen Zweck. Der Rest wird vom Regisseur mit dem Etikett \u201eohne Motivation\u201c abgetan und wird nie eine Wirkung erzielen \u2013 und daher auf der B\u00fchne weder einen Raum noch ein Zeitfenster bekommen.<\/p>\n<p>Die Handlung muss ein klares Ziel haben. Sie muss ein klares Objekt haben. Eine Handlung ist bedeutungslos, wenn sie nicht vollendet ist oder ohne Zielsetzung ausgef\u00fchrt wird. Und genau f\u00fcr dieses Ziel muss sich ein Schauspieler begeistern k\u00f6nnen. Nur mit innerem Engagement f\u00fcr das Ziel ausgef\u00fchrte Handlungen, erzielen die Wirkung, die man beabsichtigt.<\/p>\n<h3><strong>Ziel, Wirkung, Motivation \u2013 dann Handlung\u00a0<\/strong><\/h3>\n<p>Der Schauspieler bewundert die Rose, die auf dem Boden liegt. Er hebt sie auf, weil er sie entweder entfernen will, dann ist er durch Ordnungssinn motiviert. Oder er hat den Drang, s\u00e4mtliche Spuren seiner Exfrau zu verwischen. Oder er stellt sie in eine Vase, weil er inneres Feuer f\u00fcr sch\u00f6n gestaltete R\u00e4ume hat. Das ist Ziel, Wirkung, Motivation, die zur Handlung hinf\u00fchrt und die diese Handlung glaubw\u00fcrdig macht.<\/p>\n<p>Wenn Sie zum Beispiel als Teamleiter am Morgen durch die Produktionsr\u00e4ume gehen und \u201eGuten Morgen!\u201c der Belegschaft zurufen, gibt es solche, die tun das, weil sie in einem Motivationsbuch gelesen haben, dass man das tut. Doch es wirkt nicht \u2013 im besten Fall, denn im schlimmsten Fall kann so etwas auch zynisch wirken. Wer sich allerdings bewusst ist, was er hier tut, weil er weiss, was er damit f\u00fcr ein Ziel verbindet, schreitet anders durch die Hallen, begegnet seinen Mitmenschen anders, sofern er w\u00e4hrend dieser Zeit mit diesem Ziel in Verbindung bleibt.<\/p>\n<p>Fazit: Jede Handlung \u2013 sei sie noch so klein \u2013 hat im Alltag ein Ziel.<\/p>\n<p><em><strong>Autor:<br \/>\n<\/strong><a href=\"https:\/\/stefan-haeseli.com\/\">Stefan H\u00e4seli<\/a> ist Experte f\u00fcr glaubw\u00fcrdige Kommunikation, Keynote-Speaker, Moderator und Autor mehrerer B\u00fccher. Als ausgebildeter Schauspieler mit jahrelanger B\u00fchnenerfahrung schreibt er ganze Abendprogramme selbst. Dazu kommen Engagements in Kinofilmen, TV-Serien, TV-Werbespots und Schulungsfilmen. Er betreibt ein Trainingsunternehmen in der Schweiz. H\u00e4seli ist mehrfach international ausgezeichneter Redner und Trainer. Die Kommunikation in ihren unterschiedlichen Welten und die Details in der Sprache faszinieren ihn und pr\u00e4gten seinen beruflichen Werdegang. Seine Fachartikel und Kolumnen sind gepr\u00e4gt von feinsinnigem Humor.\u00a0<\/em><\/p>\n","protected":false},"excerpt":{"rendered":"<p>Es ist im grossen Stil eine Sabotage des eigenen Rufs: Manager, die es sich offensichtlich zu gut gehen lassen. Gigantische Geh\u00e4lter, ansehnlicher Wagenpark und Eskapaden auf Partys gelangen an die \u00d6ffentlichkeit. Brisant wird das ganze durch hohe Verluste, Mitarbeitende werden entlassen und der Betrieb steht vor der Frage, wie das eigene \u00dcberleben noch gesichert werden [&hellip;]<\/p>\n","protected":false},"author":4,"featured_media":18103,"comment_status":"closed","ping_status":"closed","sticky":false,"template":"","format":"standard","meta":{"_acf_changed":false,"_yoast_wpseo_focuskw":"Kommunikation","_yoast_wpseo_metadesc":"Wie Kommunikation und Handlung zusammenh\u00e4ngen, dar\u00fcber berichtet der Schweizer Kommunikations-Experte Stefan H\u00e4seli an einem Beispiel.","articlekey":"","footnotes":""},"categories":[28],"tags":[308,335],"class_list":["post-18102","post","type-post","status-publish","format-standard","has-post-thumbnail","hentry","category-management","tag-kommunikation","tag-management-und-unternehmensfuehrung"],"acf":[],"yoast_head":"<!-- This site is optimized with the Yoast SEO plugin v27.5 - https:\/\/yoast.com\/product\/yoast-seo-wordpress\/ -->\n<title>Kommunikation: Erst artikulieren, dann relativieren? - Organisator<\/title>\n<meta name=\"description\" content=\"Wie Kommunikation und Handlung zusammenh\u00e4ngen, dar\u00fcber berichtet der Schweizer Kommunikations-Experte Stefan H\u00e4seli an einem Beispiel.\" \/>\n<meta name=\"robots\" content=\"index, follow, max-snippet:-1, max-image-preview:large, max-video-preview:-1\" \/>\n<link rel=\"canonical\" href=\"https:\/\/www.organisator.ch\/de\/management\/2022-12-02\/kommunikation-erst-artikulieren-dann-relativieren\/\" \/>\n<meta property=\"og:locale\" content=\"de_DE\" \/>\n<meta property=\"og:type\" content=\"article\" \/>\n<meta property=\"og:title\" content=\"Kommunikation: Erst artikulieren, dann relativieren?\" \/>\n<meta property=\"og:description\" content=\"Wie Kommunikation und Handlung zusammenh\u00e4ngen, dar\u00fcber berichtet der Schweizer Kommunikations-Experte Stefan H\u00e4seli an einem Beispiel.\" \/>\n<meta property=\"og:url\" content=\"https:\/\/www.organisator.ch\/de\/management\/2022-12-02\/kommunikation-erst-artikulieren-dann-relativieren\/\" \/>\n<meta property=\"og:site_name\" content=\"Organisator\" \/>\n<meta property=\"article:publisher\" content=\"https:\/\/www.facebook.com\/OrganisatorFachmagazin\" \/>\n<meta property=\"article:published_time\" content=\"2022-12-02T10:36:23+00:00\" \/>\n<meta property=\"article:modified_time\" content=\"2022-12-16T06:29:43+00:00\" \/>\n<meta property=\"og:image\" content=\"https:\/\/www.organisator.ch\/wp-content\/uploads\/2022\/12\/Kommunikation-Erst-artikulieren-dann-relativieren_Organisator.jpg\" \/>\n\t<meta property=\"og:image:width\" content=\"680\" \/>\n\t<meta property=\"og:image:height\" content=\"453\" \/>\n\t<meta property=\"og:image:type\" content=\"image\/jpeg\" \/>\n<meta name=\"author\" content=\"thomas.berner\" \/>\n<meta name=\"twitter:card\" content=\"summary_large_image\" \/>\n<meta name=\"twitter:title\" content=\"#Kommunikation: Erst #artikulieren, dann #relativieren?\" \/>\n<meta name=\"twitter:description\" content=\"Wie #Kommunikation und Handlung zusammenh\u00e4ngen, dar\u00fcber berichtet der Schweizer #Kommunikations-Experte Stefan #H\u00e4seli an einem Beispiel.\" \/>\n<meta name=\"twitter:image\" content=\"https:\/\/www.organisator.ch\/wp-content\/uploads\/2022\/12\/Kommunikation-Erst-artikulieren-dann-relativieren_Organisator.jpg\" \/>\n<script type=\"application\/ld+json\" class=\"yoast-schema-graph\">{\"@context\":\"https:\\\/\\\/schema.org\",\"@graph\":[{\"@type\":\"Article\",\"@id\":\"https:\\\/\\\/www.organisator.ch\\\/management\\\/2022-12-02\\\/kommunikation-erst-artikulieren-dann-relativieren\\\/#article\",\"isPartOf\":{\"@id\":\"https:\\\/\\\/www.organisator.ch\\\/management\\\/2022-12-02\\\/kommunikation-erst-artikulieren-dann-relativieren\\\/\"},\"author\":{\"name\":\"thomas.berner\",\"@id\":\"https:\\\/\\\/www.organisator.ch\\\/#\\\/schema\\\/person\\\/6f650f90b2842cd4c0cc334b4e36f67e\"},\"headline\":\"Kommunikation: Erst artikulieren, dann relativieren?\",\"datePublished\":\"2022-12-02T10:36:23+00:00\",\"dateModified\":\"2022-12-16T06:29:43+00:00\",\"mainEntityOfPage\":{\"@id\":\"https:\\\/\\\/www.organisator.ch\\\/management\\\/2022-12-02\\\/kommunikation-erst-artikulieren-dann-relativieren\\\/\"},\"wordCount\":1134,\"publisher\":{\"@id\":\"https:\\\/\\\/www.organisator.ch\\\/#organization\"},\"image\":{\"@id\":\"https:\\\/\\\/www.organisator.ch\\\/management\\\/2022-12-02\\\/kommunikation-erst-artikulieren-dann-relativieren\\\/#primaryimage\"},\"thumbnailUrl\":\"https:\\\/\\\/www.organisator.ch\\\/wp-content\\\/uploads\\\/2022\\\/12\\\/Kommunikation-Erst-artikulieren-dann-relativieren_Organisator.jpg\",\"keywords\":[\"Kommunikation\",\"Management und Unternehmensf\u00fchrung\"],\"articleSection\":[\"MANAGEMENT\"],\"inLanguage\":\"de\"},{\"@type\":\"WebPage\",\"@id\":\"https:\\\/\\\/www.organisator.ch\\\/management\\\/2022-12-02\\\/kommunikation-erst-artikulieren-dann-relativieren\\\/\",\"url\":\"https:\\\/\\\/www.organisator.ch\\\/management\\\/2022-12-02\\\/kommunikation-erst-artikulieren-dann-relativieren\\\/\",\"name\":\"Kommunikation: Erst artikulieren, dann relativieren? - Organisator\",\"isPartOf\":{\"@id\":\"https:\\\/\\\/www.organisator.ch\\\/#website\"},\"primaryImageOfPage\":{\"@id\":\"https:\\\/\\\/www.organisator.ch\\\/management\\\/2022-12-02\\\/kommunikation-erst-artikulieren-dann-relativieren\\\/#primaryimage\"},\"image\":{\"@id\":\"https:\\\/\\\/www.organisator.ch\\\/management\\\/2022-12-02\\\/kommunikation-erst-artikulieren-dann-relativieren\\\/#primaryimage\"},\"thumbnailUrl\":\"https:\\\/\\\/www.organisator.ch\\\/wp-content\\\/uploads\\\/2022\\\/12\\\/Kommunikation-Erst-artikulieren-dann-relativieren_Organisator.jpg\",\"datePublished\":\"2022-12-02T10:36:23+00:00\",\"dateModified\":\"2022-12-16T06:29:43+00:00\",\"description\":\"Wie Kommunikation und Handlung zusammenh\u00e4ngen, dar\u00fcber berichtet der Schweizer Kommunikations-Experte Stefan H\u00e4seli an einem Beispiel.\",\"breadcrumb\":{\"@id\":\"https:\\\/\\\/www.organisator.ch\\\/management\\\/2022-12-02\\\/kommunikation-erst-artikulieren-dann-relativieren\\\/#breadcrumb\"},\"inLanguage\":\"de\",\"potentialAction\":[{\"@type\":\"ReadAction\",\"target\":[\"https:\\\/\\\/www.organisator.ch\\\/management\\\/2022-12-02\\\/kommunikation-erst-artikulieren-dann-relativieren\\\/\"]}]},{\"@type\":\"ImageObject\",\"inLanguage\":\"de\",\"@id\":\"https:\\\/\\\/www.organisator.ch\\\/management\\\/2022-12-02\\\/kommunikation-erst-artikulieren-dann-relativieren\\\/#primaryimage\",\"url\":\"https:\\\/\\\/www.organisator.ch\\\/wp-content\\\/uploads\\\/2022\\\/12\\\/Kommunikation-Erst-artikulieren-dann-relativieren_Organisator.jpg\",\"contentUrl\":\"https:\\\/\\\/www.organisator.ch\\\/wp-content\\\/uploads\\\/2022\\\/12\\\/Kommunikation-Erst-artikulieren-dann-relativieren_Organisator.jpg\",\"width\":680,\"height\":453,\"caption\":\"Warum erst die Handlung die Kommunikation glaubw\u00fcrdig macht: Eine Erwartungshaltung aufbauen und sich dann anders verhalten? Der kommunikative Super-GAU l\u00e4sst dann nicht lange auf sich warten. (Bild: Adobe Stock)\"},{\"@type\":\"BreadcrumbList\",\"@id\":\"https:\\\/\\\/www.organisator.ch\\\/management\\\/2022-12-02\\\/kommunikation-erst-artikulieren-dann-relativieren\\\/#breadcrumb\",\"itemListElement\":[{\"@type\":\"ListItem\",\"position\":1,\"name\":\"Home\",\"item\":\"https:\\\/\\\/www.organisator.ch\\\/\"},{\"@type\":\"ListItem\",\"position\":2,\"name\":\"Kommunikation: Erst artikulieren, dann relativieren?\"}]},{\"@type\":\"WebSite\",\"@id\":\"https:\\\/\\\/www.organisator.ch\\\/#website\",\"url\":\"https:\\\/\\\/www.organisator.ch\\\/\",\"name\":\"Organisator\",\"description\":\"Kompetent. Praxisnah. Der ORGANISATOR bereitet in 10 Ausgaben pro Jahr die wesentlichen Themen f\u00fcr F\u00fchrungskr\u00e4fte von KMU auf.\",\"publisher\":{\"@id\":\"https:\\\/\\\/www.organisator.ch\\\/#organization\"},\"potentialAction\":[{\"@type\":\"SearchAction\",\"target\":{\"@type\":\"EntryPoint\",\"urlTemplate\":\"https:\\\/\\\/www.organisator.ch\\\/?s={search_term_string}\"},\"query-input\":{\"@type\":\"PropertyValueSpecification\",\"valueRequired\":true,\"valueName\":\"search_term_string\"}}],\"inLanguage\":\"de\"},{\"@type\":\"Organization\",\"@id\":\"https:\\\/\\\/www.organisator.ch\\\/#organization\",\"name\":\"Organisator\",\"url\":\"https:\\\/\\\/www.organisator.ch\\\/\",\"logo\":{\"@type\":\"ImageObject\",\"inLanguage\":\"de\",\"@id\":\"https:\\\/\\\/www.organisator.ch\\\/#\\\/schema\\\/logo\\\/image\\\/\",\"url\":\"https:\\\/\\\/www.organisator.ch\\\/wp-content\\\/uploads\\\/2022\\\/01\\\/Logo_Organisator_Website.png\",\"contentUrl\":\"https:\\\/\\\/www.organisator.ch\\\/wp-content\\\/uploads\\\/2022\\\/01\\\/Logo_Organisator_Website.png\",\"width\":800,\"height\":77,\"caption\":\"Organisator\"},\"image\":{\"@id\":\"https:\\\/\\\/www.organisator.ch\\\/#\\\/schema\\\/logo\\\/image\\\/\"},\"sameAs\":[\"https:\\\/\\\/www.facebook.com\\\/OrganisatorFachmagazin\",\"https:\\\/\\\/www.linkedin.com\\\/showcase\\\/organisator-das-magazin-fr-kmu\",\"https:\\\/\\\/www.xing.com\\\/news\\\/pages\\\/organisator-ch-695\",\"https:\\\/\\\/www.youtube.com\\\/channel\\\/UCGP2Sq0iWaZwT3BdIAQFYpw\"]},{\"@type\":\"Person\",\"@id\":\"https:\\\/\\\/www.organisator.ch\\\/#\\\/schema\\\/person\\\/6f650f90b2842cd4c0cc334b4e36f67e\",\"name\":\"thomas.berner\",\"image\":{\"@type\":\"ImageObject\",\"inLanguage\":\"de\",\"@id\":\"https:\\\/\\\/secure.gravatar.com\\\/avatar\\\/ac5001d2a36cb6c6cd3e50789007ffca834b477b74a2144564522e944eabff61?s=96&d=mm&r=g\",\"url\":\"https:\\\/\\\/secure.gravatar.com\\\/avatar\\\/ac5001d2a36cb6c6cd3e50789007ffca834b477b74a2144564522e944eabff61?s=96&d=mm&r=g\",\"contentUrl\":\"https:\\\/\\\/secure.gravatar.com\\\/avatar\\\/ac5001d2a36cb6c6cd3e50789007ffca834b477b74a2144564522e944eabff61?s=96&d=mm&r=g\",\"caption\":\"thomas.berner\"},\"url\":\"https:\\\/\\\/www.organisator.ch\\\/de\\\/author\\\/thomas-berner\\\/\"}]}<\/script>\n<!-- \/ Yoast SEO plugin. -->","yoast_head_json":{"title":"Kommunikation: Erst artikulieren, dann relativieren? - Organisator","description":"Wie Kommunikation und Handlung zusammenh\u00e4ngen, dar\u00fcber berichtet der Schweizer Kommunikations-Experte Stefan H\u00e4seli an einem Beispiel.","robots":{"index":"index","follow":"follow","max-snippet":"max-snippet:-1","max-image-preview":"max-image-preview:large","max-video-preview":"max-video-preview:-1"},"canonical":"https:\/\/www.organisator.ch\/de\/management\/2022-12-02\/kommunikation-erst-artikulieren-dann-relativieren\/","og_locale":"de_DE","og_type":"article","og_title":"Kommunikation: Erst artikulieren, dann relativieren?","og_description":"Wie Kommunikation und Handlung zusammenh\u00e4ngen, dar\u00fcber berichtet der Schweizer Kommunikations-Experte Stefan H\u00e4seli an einem Beispiel.","og_url":"https:\/\/www.organisator.ch\/de\/management\/2022-12-02\/kommunikation-erst-artikulieren-dann-relativieren\/","og_site_name":"Organisator","article_publisher":"https:\/\/www.facebook.com\/OrganisatorFachmagazin","article_published_time":"2022-12-02T10:36:23+00:00","article_modified_time":"2022-12-16T06:29:43+00:00","og_image":[{"width":680,"height":453,"url":"https:\/\/www.organisator.ch\/wp-content\/uploads\/2022\/12\/Kommunikation-Erst-artikulieren-dann-relativieren_Organisator.jpg","type":"image\/jpeg"}],"author":"thomas.berner","twitter_card":"summary_large_image","twitter_title":"#Kommunikation: Erst #artikulieren, dann #relativieren?","twitter_description":"Wie #Kommunikation und Handlung zusammenh\u00e4ngen, dar\u00fcber berichtet der Schweizer #Kommunikations-Experte Stefan #H\u00e4seli an einem Beispiel.","twitter_image":"https:\/\/www.organisator.ch\/wp-content\/uploads\/2022\/12\/Kommunikation-Erst-artikulieren-dann-relativieren_Organisator.jpg","schema":{"@context":"https:\/\/schema.org","@graph":[{"@type":"Article","@id":"https:\/\/www.organisator.ch\/management\/2022-12-02\/kommunikation-erst-artikulieren-dann-relativieren\/#article","isPartOf":{"@id":"https:\/\/www.organisator.ch\/management\/2022-12-02\/kommunikation-erst-artikulieren-dann-relativieren\/"},"author":{"name":"thomas.berner","@id":"https:\/\/www.organisator.ch\/#\/schema\/person\/6f650f90b2842cd4c0cc334b4e36f67e"},"headline":"Kommunikation: Erst artikulieren, dann relativieren?","datePublished":"2022-12-02T10:36:23+00:00","dateModified":"2022-12-16T06:29:43+00:00","mainEntityOfPage":{"@id":"https:\/\/www.organisator.ch\/management\/2022-12-02\/kommunikation-erst-artikulieren-dann-relativieren\/"},"wordCount":1134,"publisher":{"@id":"https:\/\/www.organisator.ch\/#organization"},"image":{"@id":"https:\/\/www.organisator.ch\/management\/2022-12-02\/kommunikation-erst-artikulieren-dann-relativieren\/#primaryimage"},"thumbnailUrl":"https:\/\/www.organisator.ch\/wp-content\/uploads\/2022\/12\/Kommunikation-Erst-artikulieren-dann-relativieren_Organisator.jpg","keywords":["Kommunikation","Management und Unternehmensf\u00fchrung"],"articleSection":["MANAGEMENT"],"inLanguage":"de"},{"@type":"WebPage","@id":"https:\/\/www.organisator.ch\/management\/2022-12-02\/kommunikation-erst-artikulieren-dann-relativieren\/","url":"https:\/\/www.organisator.ch\/management\/2022-12-02\/kommunikation-erst-artikulieren-dann-relativieren\/","name":"Kommunikation: Erst artikulieren, dann relativieren? - Organisator","isPartOf":{"@id":"https:\/\/www.organisator.ch\/#website"},"primaryImageOfPage":{"@id":"https:\/\/www.organisator.ch\/management\/2022-12-02\/kommunikation-erst-artikulieren-dann-relativieren\/#primaryimage"},"image":{"@id":"https:\/\/www.organisator.ch\/management\/2022-12-02\/kommunikation-erst-artikulieren-dann-relativieren\/#primaryimage"},"thumbnailUrl":"https:\/\/www.organisator.ch\/wp-content\/uploads\/2022\/12\/Kommunikation-Erst-artikulieren-dann-relativieren_Organisator.jpg","datePublished":"2022-12-02T10:36:23+00:00","dateModified":"2022-12-16T06:29:43+00:00","description":"Wie Kommunikation und Handlung zusammenh\u00e4ngen, dar\u00fcber berichtet der Schweizer Kommunikations-Experte Stefan H\u00e4seli an einem Beispiel.","breadcrumb":{"@id":"https:\/\/www.organisator.ch\/management\/2022-12-02\/kommunikation-erst-artikulieren-dann-relativieren\/#breadcrumb"},"inLanguage":"de","potentialAction":[{"@type":"ReadAction","target":["https:\/\/www.organisator.ch\/management\/2022-12-02\/kommunikation-erst-artikulieren-dann-relativieren\/"]}]},{"@type":"ImageObject","inLanguage":"de","@id":"https:\/\/www.organisator.ch\/management\/2022-12-02\/kommunikation-erst-artikulieren-dann-relativieren\/#primaryimage","url":"https:\/\/www.organisator.ch\/wp-content\/uploads\/2022\/12\/Kommunikation-Erst-artikulieren-dann-relativieren_Organisator.jpg","contentUrl":"https:\/\/www.organisator.ch\/wp-content\/uploads\/2022\/12\/Kommunikation-Erst-artikulieren-dann-relativieren_Organisator.jpg","width":680,"height":453,"caption":"Warum erst die Handlung die Kommunikation glaubw\u00fcrdig macht: Eine Erwartungshaltung aufbauen und sich dann anders verhalten? Der kommunikative Super-GAU l\u00e4sst dann nicht lange auf sich warten. (Bild: Adobe Stock)"},{"@type":"BreadcrumbList","@id":"https:\/\/www.organisator.ch\/management\/2022-12-02\/kommunikation-erst-artikulieren-dann-relativieren\/#breadcrumb","itemListElement":[{"@type":"ListItem","position":1,"name":"Home","item":"https:\/\/www.organisator.ch\/"},{"@type":"ListItem","position":2,"name":"Kommunikation: Erst artikulieren, dann relativieren?"}]},{"@type":"WebSite","@id":"https:\/\/www.organisator.ch\/#website","url":"https:\/\/www.organisator.ch\/","name":"Organisator","description":"Kompetent. Praxisnah. Der ORGANISATOR bereitet in 10 Ausgaben pro Jahr die wesentlichen Themen f\u00fcr F\u00fchrungskr\u00e4fte von KMU auf.","publisher":{"@id":"https:\/\/www.organisator.ch\/#organization"},"potentialAction":[{"@type":"SearchAction","target":{"@type":"EntryPoint","urlTemplate":"https:\/\/www.organisator.ch\/?s={search_term_string}"},"query-input":{"@type":"PropertyValueSpecification","valueRequired":true,"valueName":"search_term_string"}}],"inLanguage":"de"},{"@type":"Organization","@id":"https:\/\/www.organisator.ch\/#organization","name":"Organisator","url":"https:\/\/www.organisator.ch\/","logo":{"@type":"ImageObject","inLanguage":"de","@id":"https:\/\/www.organisator.ch\/#\/schema\/logo\/image\/","url":"https:\/\/www.organisator.ch\/wp-content\/uploads\/2022\/01\/Logo_Organisator_Website.png","contentUrl":"https:\/\/www.organisator.ch\/wp-content\/uploads\/2022\/01\/Logo_Organisator_Website.png","width":800,"height":77,"caption":"Organisator"},"image":{"@id":"https:\/\/www.organisator.ch\/#\/schema\/logo\/image\/"},"sameAs":["https:\/\/www.facebook.com\/OrganisatorFachmagazin","https:\/\/www.linkedin.com\/showcase\/organisator-das-magazin-fr-kmu","https:\/\/www.xing.com\/news\/pages\/organisator-ch-695","https:\/\/www.youtube.com\/channel\/UCGP2Sq0iWaZwT3BdIAQFYpw"]},{"@type":"Person","@id":"https:\/\/www.organisator.ch\/#\/schema\/person\/6f650f90b2842cd4c0cc334b4e36f67e","name":"thomas.berner","image":{"@type":"ImageObject","inLanguage":"de","@id":"https:\/\/secure.gravatar.com\/avatar\/ac5001d2a36cb6c6cd3e50789007ffca834b477b74a2144564522e944eabff61?s=96&d=mm&r=g","url":"https:\/\/secure.gravatar.com\/avatar\/ac5001d2a36cb6c6cd3e50789007ffca834b477b74a2144564522e944eabff61?s=96&d=mm&r=g","contentUrl":"https:\/\/secure.gravatar.com\/avatar\/ac5001d2a36cb6c6cd3e50789007ffca834b477b74a2144564522e944eabff61?s=96&d=mm&r=g","caption":"thomas.berner"},"url":"https:\/\/www.organisator.ch\/de\/author\/thomas-berner\/"}]}},"_links":{"self":[{"href":"https:\/\/www.organisator.ch\/de\/wp-json\/wp\/v2\/posts\/18102","targetHints":{"allow":["GET"]}}],"collection":[{"href":"https:\/\/www.organisator.ch\/de\/wp-json\/wp\/v2\/posts"}],"about":[{"href":"https:\/\/www.organisator.ch\/de\/wp-json\/wp\/v2\/types\/post"}],"author":[{"embeddable":true,"href":"https:\/\/www.organisator.ch\/de\/wp-json\/wp\/v2\/users\/4"}],"replies":[{"embeddable":true,"href":"https:\/\/www.organisator.ch\/de\/wp-json\/wp\/v2\/comments?post=18102"}],"version-history":[{"count":1,"href":"https:\/\/www.organisator.ch\/de\/wp-json\/wp\/v2\/posts\/18102\/revisions"}],"predecessor-version":[{"id":18104,"href":"https:\/\/www.organisator.ch\/de\/wp-json\/wp\/v2\/posts\/18102\/revisions\/18104"}],"wp:featuredmedia":[{"embeddable":true,"href":"https:\/\/www.organisator.ch\/de\/wp-json\/wp\/v2\/media\/18103"}],"wp:attachment":[{"href":"https:\/\/www.organisator.ch\/de\/wp-json\/wp\/v2\/media?parent=18102"}],"wp:term":[{"taxonomy":"category","embeddable":true,"href":"https:\/\/www.organisator.ch\/de\/wp-json\/wp\/v2\/categories?post=18102"},{"taxonomy":"post_tag","embeddable":true,"href":"https:\/\/www.organisator.ch\/de\/wp-json\/wp\/v2\/tags?post=18102"}],"curies":[{"name":"wp","href":"https:\/\/api.w.org\/{rel}","templated":true}]}}