{"id":18111,"date":"2022-12-06T03:39:51","date_gmt":"2022-12-06T02:39:51","guid":{"rendered":"https:\/\/www.organisator.ch\/?p=18111"},"modified":"2022-12-07T09:39:07","modified_gmt":"2022-12-07T08:39:07","slug":"smartfridge-emil-die-intelligente-loesung-fuer-glueckliche-mitarbeiterinnen","status":"publish","type":"post","link":"https:\/\/www.organisator.ch\/de\/human-resources\/2022-12-06\/smartfridge-emil-die-intelligente-loesung-fuer-glueckliche-mitarbeiterinnen\/","title":{"rendered":"SmartFridge EMIL: Die intelligente L\u00f6sung f\u00fcr gl\u00fcckliche Mitarbeiter:innen"},"content":{"rendered":"<figure id=\"attachment_18113\" aria-describedby=\"caption-attachment-18113\" style=\"width: 680px\" class=\"wp-caption alignnone\"><img loading=\"lazy\" decoding=\"async\" class=\"size-medium wp-image-18113\" src=\"https:\/\/www.organisator.ch\/wp-content\/uploads\/2022\/12\/PR_SVGroup_Bild_01-680x521.jpg\" alt=\"\" width=\"680\" height=\"521\" srcset=\"https:\/\/www.organisator.ch\/wp-content\/uploads\/2022\/12\/PR_SVGroup_Bild_01-680x521.jpg 680w, https:\/\/www.organisator.ch\/wp-content\/uploads\/2022\/12\/PR_SVGroup_Bild_01-1024x784.jpg 1024w, https:\/\/www.organisator.ch\/wp-content\/uploads\/2022\/12\/PR_SVGroup_Bild_01-768x588.jpg 768w, https:\/\/www.organisator.ch\/wp-content\/uploads\/2022\/12\/PR_SVGroup_Bild_01-1536x1176.jpg 1536w, https:\/\/www.organisator.ch\/wp-content\/uploads\/2022\/12\/PR_SVGroup_Bild_01-2048x1568.jpg 2048w, https:\/\/www.organisator.ch\/wp-content\/uploads\/2022\/12\/PR_SVGroup_Bild_01-16x12.jpg 16w, https:\/\/www.organisator.ch\/wp-content\/uploads\/2022\/12\/PR_SVGroup_Bild_01-375x287.jpg 375w, https:\/\/www.organisator.ch\/wp-content\/uploads\/2022\/12\/PR_SVGroup_Bild_01-457x350.jpg 457w, https:\/\/www.organisator.ch\/wp-content\/uploads\/2022\/12\/PR_SVGroup_Bild_01-1000x765.jpg 1000w, https:\/\/www.organisator.ch\/wp-content\/uploads\/2022\/12\/PR_SVGroup_Bild_01-scaled.jpg 1400w\" sizes=\"auto, (max-width: 680px) 100vw, 680px\" \/><figcaption id=\"caption-attachment-18113\" class=\"wp-caption-text\">EMIL mag \u00abnur\u00bb ein K\u00fchlschrank sein, aber er hat es in sich. Kombiniert man all seine intelligenten Features, ergibt das einen IQ von 127 \u2013 er ist wirklich ein SmartFridge! (Bild: SV Group)<\/figcaption><\/figure>\n<p>\u00abDu bist so intelligent wie ein K\u00fchlschrank!\u00bb Das d\u00fcrften viele Menschen nicht unbedingt als Kompliment verstehen.<\/p>\n<p>Der SmartFridge EMIL Fr\u00f6hlich aber zeigt: Ein K\u00fchlschrank kann in der Tat \u00adintelligent sein! Denn die autonome Verpflegungsstation der <a href=\"https:\/\/www.sv-group.ch\/de\/\">SV Group<\/a> begl\u00fcckt Angestellte einer breiten Palette von Schweizer KMUs nicht nur mit bis zu 300 Optionen an frischen, gesunden und leckeren Gerichten, Snacks und S\u00fcssigkeiten. Sondern verfeinert dank App und intelligenter Technologie auch die kulinarische Auswahl automatisch entsprechend dem Gusto der Belegschaft.<\/p>\n<p>EMIL serviert auf Wunsch, 24\/7, bequem und supereinfach per \u00abTap, Grab &amp; Go\u00bb an jedem Arbeitsplatz. Wer Schicht\u00adarbeitende, Nachtportiers, Call-Center-Profis, ForscherInnen nach dem Labor\u00adtermin und Flugbegleiter vor dem Abflug sowie Angestellte im Stress oder in der Food-W\u00fcste gleichermassen gl\u00fccklich und gut verpflegt, muss ein ger\u00fcttelt Mass an logistischer, technischer und kulinarischer Intelligenz hinter sich wissen \u2013 erst recht als K\u00fchlschrank.<\/p>\n<p>Die ultimative Liste, warum der SmartFridge EMIL Fr\u00f6hlich nicht nur gute Laune verbreitet, sondern auch einen hohen IQ hat:<\/p>\n<h3>\u2022 \u00abTap, Grab &amp; Go\u00bb \u2013 intelligent einfach<\/h3>\n<p>Wer Hunger oder \u00abGluscht\u00bb versp\u00fcrt, geht zum SmartFridge und \u00f6ffnet die EMIL-App auf dem Handy. Ein digitaler Knopfdruck\u00a0\u2013 und EMIL \u00f6ffnet sich. G\u00e4ste k\u00f6nnen ihr Speiseprodukt direkt w\u00e4hlen, herausnehmen und gleich geniessen.<\/p>\n<p>IQ-Wert: 20<\/p>\n<h3>\u2022 Automatische Buchung und Verrechnung per App \u2013 einfach smart<\/h3>\n<p>F\u00e4llt die K\u00fchlschrankt\u00fcr zu, registriert EMIL per Live-Scan des Inventars die get\u00e4tigte Produktwahl. Das \u00abfehlende\u00bb Produkt wird direkt \u00fcber die noch aktive App mit dem G\u00e4stekonto der EMIL-Userin assoziiert, wo automatisch berechnet und bezahlt wird. Umst\u00e4ndliches Scannen der Artikel und separates digitales Bezahlen, wie bei anderen Food-Fridges die Norm, entfallen.<\/p>\n<p>IQ-Wert: 25<\/p>\n<h3>\u2022 Klein, aber oho: Geballte Intelligenz per RFID-Chip:<\/h3>\n<p>M\u00f6glich macht \u00abGrab&amp;Go\u00bb RFID-Technologie. EMIL hat eine eingebaute Radio\u00adfrequenz-Identifikationsantenne. Diese erkennt jeden Artikel am RFID-Chip in der Etikette. So kennt EMIL jederzeit den Stand seines Inventars und die Eink\u00e4ufe von via App identifizierten G\u00e4sten \u2013 ohne komplexe Sensortechnik wie Computervision oder Gewichtsmessung.<\/p>\n<p>IQ-Wert: 15<\/p>\n<h3>\u2022 EMIL ist lernf\u00e4hig \u2013 Schlauer verpflegen dank Back-End-Wissen<\/h3>\n<p>Via App und RFID wickelt EMIL nicht nur den Einkauf naht- und reibungslos ab. \u00dcber das Live-Inventar erkennt EMIL fehlende Produkte und erledigt Nachbestellungen der beliebtesten Gerichte in der Manufaktur der SV Group. Auf dieser Grundlage analysiert EMIL Fr\u00f6hlich sogar das Einkaufsverhalten seiner G\u00e4ste am individuellen Standort und passt die Best\u00fcckung mittelfristig entsprechend ihren Vorlieben an. Der schlaue EMIL ist lernf\u00e4hig!<\/p>\n<p>IQ-Wert: 25<\/p>\n<h3>\u2022 Clevere Funktionalit\u00e4t: Wenig Daten, hoher Schutz<\/h3>\n<p>Neben der Bereitstellung von Infos zu Men\u00fc, Gericht, Zusatzstoffen und Allergenen erlaubt die EMIL-App Anwendern, fast jedes Zahlungsmittel (ausser Cash!) in der \u00abWallet\u00bb zu hinterlegen. Und obwohl sie auf Anfrage auch Rechnungsbelege zur Spesenabbuchung (mit MWST-Nr.!) oder Newsletter verschickt, reicht zur Anmeldung lediglich eine E-Mail-Adresse ohne Klarnamenpflicht. Pers\u00f6nliche Daten und Zahlungsmittelinfos sieht so einzig unser externer Zahlungsdienstleister. Der sie sicher und verl\u00e4sslich sch\u00fctzt.<\/p>\n<p>IQ-Wert: 20<\/p>\n<h3>\u2022 Intelligentes Mietmodell \u2013 zum Vorteil aller<\/h3>\n<p>Zur Verpflegung der Belegschaft mit EMIL entrichten Unternehmenskunden, etwa KMU-Inhaber oder Personalleiter, eine monatliche Service-Geb\u00fchr (Mietpreispauschale ab CHF 2100.\u2013) f\u00fcr den 24\/5- oder 24\/7-Betrieb von EMIL, mit Zusatz\u00adoption auf pauschale Subvention der Produkte. Angestellte berappen ihre eigenen Konsumationen und kommen so nicht nur in den Genuss von hochqualitativen Currys, Wraps oder saisonalen Gerichten mit Preispunkt nahe dem im Detailhandel. Da EMIL inhouse verk\u00f6stigt, spart er \u00adAngestellten auch kostbare Zeit in der Mittagspause! EMIL ist einfach, effizient, konvenient \u2013 eine intelligente Verpflegungsl\u00f6sung!<\/p>\n<p>IQ-Wert: 12<\/p>\n<h3>\u2022 Smart Move: Kulinarische \u00adQualit\u00e4t und Food-Sicherheit<\/h3>\n<p>Auf der Grundlage von \u00fcber 100 Jahren Gastronomie-Erfahrung der SV Group bietet EMIL kulinarische H\u00f6chstqualit\u00e4t aus feiner, schmackhafter und nichtindus\u00adtrieller Produktion. Dank eigener Supply Chain und Systemlandschaft k\u00f6nnen selbst produzierte Produkte und Rohstoffe der SV Group an ihren Ursprung zur\u00fcckverfolgt werden \u2013 notfalls bis auf den Tieraufzuchthof. EMIL und SV Group garantieren so allerh\u00f6chste Food-Sicherheit \u2013 ein Smart Move f\u00fcr jedes verantwortungsvolle Unternehmen bei der gesunden Verpflegung der Belegschaft.<\/p>\n<p>IQ-Wert: 10<\/p>\n<figure id=\"attachment_18114\" aria-describedby=\"caption-attachment-18114\" style=\"width: 680px\" class=\"wp-caption alignnone\"><img loading=\"lazy\" decoding=\"async\" class=\"size-full wp-image-18114\" src=\"https:\/\/www.organisator.ch\/wp-content\/uploads\/2022\/12\/SmartFridge-EMIL-Froehlich-Gut-gelaunt-und-intelligent-2_Organisator.jpg\" alt=\"\" width=\"680\" height=\"454\" srcset=\"https:\/\/www.organisator.ch\/wp-content\/uploads\/2022\/12\/SmartFridge-EMIL-Froehlich-Gut-gelaunt-und-intelligent-2_Organisator.jpg 680w, https:\/\/www.organisator.ch\/wp-content\/uploads\/2022\/12\/SmartFridge-EMIL-Froehlich-Gut-gelaunt-und-intelligent-2_Organisator-18x12.jpg 18w, https:\/\/www.organisator.ch\/wp-content\/uploads\/2022\/12\/SmartFridge-EMIL-Froehlich-Gut-gelaunt-und-intelligent-2_Organisator-375x250.jpg 375w, https:\/\/www.organisator.ch\/wp-content\/uploads\/2022\/12\/SmartFridge-EMIL-Froehlich-Gut-gelaunt-und-intelligent-2_Organisator-524x350.jpg 524w\" sizes=\"auto, (max-width: 680px) 100vw, 680px\" \/><figcaption id=\"caption-attachment-18114\" class=\"wp-caption-text\">Top Leistung zu fairem Preis: EMIL Essen schmeckt gut, einfache Abwicklung, hygienisch, minimal wenig Foodwaste. (Bild: SV Group)<\/figcaption><\/figure>\n<p>EMIL mag \u201enur\u201c ein K\u00fchlschrank sein, aber er hat es in sich. Mit all seinen intelligenten Features erreicht er einen IQ von 127 \u2013 er ist tats\u00e4chlich ein Smartfridge!<\/p>\n<p>Wichtiger noch als sein \u00fcberdurchschnittlicher intrinsischer Intelligenzquotient ist, dass der SmartFridge eine Smart Choice f\u00fcr Schweizer KMU darstellt. Er ist dank Einfachheit, Eleganz und intelligentem Design schlichtweg die vern\u00fcnftige Wahl f\u00fcr Unternehmer und Personalleiterinnen, die auf objektiv hochqualitative und flexible Verpflegung setzen, um h\u00f6chste Wertsch\u00e4tzung f\u00fcr die Belegschaft zum Ausdruck zu bringen, auch ohne eine werkseigene Kantine oder ein Firmen\u00adrestaurant zu unterhalten.<\/p>\n<p>&nbsp;<\/p>\n<blockquote>\n<h3>Jetzt unverbindlich testen!<\/h3>\n<p class=\"ng-star-inserted\"><span class=\"ng-star-inserted\">EMIL Fr\u00f6hlich<\/span><\/p>\n<p class=\"ng-star-inserted\"><span class=\"ng-star-inserted\">Wallisellenstrasse 57<\/span><\/p>\n<p class=\"ng-star-inserted\"><span class=\"ng-star-inserted\">8600 D\u00fcbendorf<\/span><\/p>\n<p><img loading=\"lazy\" decoding=\"async\" class=\"alignnone size-full wp-image-18182\" src=\"https:\/\/www.organisator.ch\/wp-content\/uploads\/2022\/12\/SmartFridge-EMIL-Froehlich-Gut-gelaunt-und-intelligent-QR2_Organisator.jpg\" alt=\"\" width=\"340\" height=\"334\" srcset=\"https:\/\/www.organisator.ch\/wp-content\/uploads\/2022\/12\/SmartFridge-EMIL-Froehlich-Gut-gelaunt-und-intelligent-QR2_Organisator.jpg 340w, https:\/\/www.organisator.ch\/wp-content\/uploads\/2022\/12\/SmartFridge-EMIL-Froehlich-Gut-gelaunt-und-intelligent-QR2_Organisator-12x12.jpg 12w, https:\/\/www.organisator.ch\/wp-content\/uploads\/2022\/12\/SmartFridge-EMIL-Froehlich-Gut-gelaunt-und-intelligent-QR2_Organisator-305x300.jpg 305w\" sizes=\"auto, (max-width: 340px) 100vw, 340px\" \/><\/p>\n<p class=\"ng-star-inserted\"><span class=\"ng-star-inserted\">Wir beraten Sie gerne<\/span><\/p>\n<p class=\"ng-star-inserted\"><span class=\"ng-star-inserted\">T +41 79 518 84 54<\/span><\/p>\n<p class=\"ng-star-inserted\"><a href=\"mailto:info@emil-froehlich.ch\"><span class=\"ng-star-inserted\">info@emil-froehlich.ch<\/span><\/a><\/p>\n<p class=\"ng-star-inserted\"><a href=\"http:\/\/www.emil-froehlich.ch\"><span class=\"ng-star-inserted\">www.emil-froehlich.ch<\/span><\/a><\/p>\n<\/blockquote>\n","protected":false},"excerpt":{"rendered":"<p>\u00abDu bist so intelligent wie ein K\u00fchlschrank!\u00bb Das d\u00fcrften viele Menschen nicht unbedingt als Kompliment verstehen. Der SmartFridge EMIL Fr\u00f6hlich aber zeigt: Ein K\u00fchlschrank kann in der Tat \u00adintelligent sein! Denn die autonome Verpflegungsstation der SV Group begl\u00fcckt Angestellte einer breiten Palette von Schweizer KMUs nicht nur mit bis zu 300 Optionen an frischen, gesunden [&hellip;]<\/p>\n","protected":false},"author":4,"featured_media":18113,"comment_status":"closed","ping_status":"closed","sticky":false,"template":"","format":"standard","meta":{"_acf_changed":false,"_yoast_wpseo_focuskw":"SmartFridge","_yoast_wpseo_metadesc":"PUBLIREPORTAGE Arbeitgeber punkten mit gutem Essen am Arbeitsplatz. Mit dem SmartFridge EMIL sind Sie in der Poleposition!","articlekey":"","footnotes":""},"categories":[579],"tags":[254,3539,2696],"class_list":["post-18111","post","type-post","status-publish","format-standard","has-post-thumbnail","hentry","category-human-resources","tag-hrm","tag-mitarbeiterverpflegung","tag-publireportage"],"acf":[],"yoast_head":"<!-- This site is optimized with the Yoast SEO plugin v27.5 - https:\/\/yoast.com\/product\/yoast-seo-wordpress\/ -->\n<title>SmartFridge EMIL: Die intelligente L\u00f6sung f\u00fcr gl\u00fcckliche Mitarbeiter:innen - Organisator<\/title>\n<meta name=\"description\" content=\"PUBLIREPORTAGE Arbeitgeber punkten mit gutem Essen am Arbeitsplatz. Mit dem SmartFridge EMIL sind Sie in der Poleposition!\" \/>\n<meta name=\"robots\" content=\"index, follow, max-snippet:-1, max-image-preview:large, max-video-preview:-1\" \/>\n<link rel=\"canonical\" href=\"https:\/\/www.organisator.ch\/de\/human-resources\/2022-12-06\/smartfridge-emil-die-intelligente-loesung-fuer-glueckliche-mitarbeiterinnen\/\" \/>\n<meta property=\"og:locale\" content=\"de_DE\" \/>\n<meta property=\"og:type\" content=\"article\" \/>\n<meta property=\"og:title\" content=\"SmartFridge EMIL: Die intelligente L\u00f6sung f\u00fcr gl\u00fcckliche Mitarbeiter:innen - Organisator\" \/>\n<meta property=\"og:description\" content=\"PUBLIREPORTAGE Arbeitgeber punkten mit gutem Essen am Arbeitsplatz. Mit dem SmartFridge EMIL sind Sie in der Poleposition!\" \/>\n<meta property=\"og:url\" content=\"https:\/\/www.organisator.ch\/de\/human-resources\/2022-12-06\/smartfridge-emil-die-intelligente-loesung-fuer-glueckliche-mitarbeiterinnen\/\" \/>\n<meta property=\"og:site_name\" content=\"Organisator\" \/>\n<meta property=\"article:publisher\" content=\"https:\/\/www.facebook.com\/OrganisatorFachmagazin\" \/>\n<meta property=\"article:published_time\" content=\"2022-12-06T02:39:51+00:00\" \/>\n<meta property=\"article:modified_time\" content=\"2022-12-07T08:39:07+00:00\" \/>\n<meta name=\"author\" content=\"thomas.berner\" \/>\n<meta name=\"twitter:card\" content=\"summary_large_image\" \/>\n<meta name=\"twitter:image\" content=\"https:\/\/www.organisator.ch\/wp-content\/uploads\/2022\/12\/PR_SVGroup_Bild_01-scaled.jpg\" \/>\n<script type=\"application\/ld+json\" class=\"yoast-schema-graph\">{\"@context\":\"https:\\\/\\\/schema.org\",\"@graph\":[{\"@type\":\"Article\",\"@id\":\"https:\\\/\\\/www.organisator.ch\\\/human-resources\\\/2022-12-06\\\/smartfridge-emil-die-intelligente-loesung-fuer-glueckliche-mitarbeiterinnen\\\/#article\",\"isPartOf\":{\"@id\":\"https:\\\/\\\/www.organisator.ch\\\/human-resources\\\/2022-12-06\\\/smartfridge-emil-die-intelligente-loesung-fuer-glueckliche-mitarbeiterinnen\\\/\"},\"author\":{\"name\":\"thomas.berner\",\"@id\":\"https:\\\/\\\/www.organisator.ch\\\/#\\\/schema\\\/person\\\/6f650f90b2842cd4c0cc334b4e36f67e\"},\"headline\":\"SmartFridge EMIL: Die intelligente L\u00f6sung f\u00fcr gl\u00fcckliche Mitarbeiter:innen\",\"datePublished\":\"2022-12-06T02:39:51+00:00\",\"dateModified\":\"2022-12-07T08:39:07+00:00\",\"mainEntityOfPage\":{\"@id\":\"https:\\\/\\\/www.organisator.ch\\\/human-resources\\\/2022-12-06\\\/smartfridge-emil-die-intelligente-loesung-fuer-glueckliche-mitarbeiterinnen\\\/\"},\"wordCount\":844,\"publisher\":{\"@id\":\"https:\\\/\\\/www.organisator.ch\\\/#organization\"},\"image\":{\"@id\":\"https:\\\/\\\/www.organisator.ch\\\/human-resources\\\/2022-12-06\\\/smartfridge-emil-die-intelligente-loesung-fuer-glueckliche-mitarbeiterinnen\\\/#primaryimage\"},\"thumbnailUrl\":\"https:\\\/\\\/www.organisator.ch\\\/wp-content\\\/uploads\\\/2022\\\/12\\\/PR_SVGroup_Bild_01-scaled.jpg\",\"keywords\":[\"HRM\",\"Mitarbeiterverpflegung\",\"Publireportage\"],\"articleSection\":[\"HUMAN RESOURCES\"],\"inLanguage\":\"de\"},{\"@type\":\"WebPage\",\"@id\":\"https:\\\/\\\/www.organisator.ch\\\/human-resources\\\/2022-12-06\\\/smartfridge-emil-die-intelligente-loesung-fuer-glueckliche-mitarbeiterinnen\\\/\",\"url\":\"https:\\\/\\\/www.organisator.ch\\\/human-resources\\\/2022-12-06\\\/smartfridge-emil-die-intelligente-loesung-fuer-glueckliche-mitarbeiterinnen\\\/\",\"name\":\"SmartFridge EMIL: Die intelligente L\u00f6sung f\u00fcr gl\u00fcckliche Mitarbeiter:innen - Organisator\",\"isPartOf\":{\"@id\":\"https:\\\/\\\/www.organisator.ch\\\/#website\"},\"primaryImageOfPage\":{\"@id\":\"https:\\\/\\\/www.organisator.ch\\\/human-resources\\\/2022-12-06\\\/smartfridge-emil-die-intelligente-loesung-fuer-glueckliche-mitarbeiterinnen\\\/#primaryimage\"},\"image\":{\"@id\":\"https:\\\/\\\/www.organisator.ch\\\/human-resources\\\/2022-12-06\\\/smartfridge-emil-die-intelligente-loesung-fuer-glueckliche-mitarbeiterinnen\\\/#primaryimage\"},\"thumbnailUrl\":\"https:\\\/\\\/www.organisator.ch\\\/wp-content\\\/uploads\\\/2022\\\/12\\\/PR_SVGroup_Bild_01-scaled.jpg\",\"datePublished\":\"2022-12-06T02:39:51+00:00\",\"dateModified\":\"2022-12-07T08:39:07+00:00\",\"description\":\"PUBLIREPORTAGE Arbeitgeber punkten mit gutem Essen am Arbeitsplatz. Mit dem SmartFridge EMIL sind Sie in der Poleposition!\",\"breadcrumb\":{\"@id\":\"https:\\\/\\\/www.organisator.ch\\\/human-resources\\\/2022-12-06\\\/smartfridge-emil-die-intelligente-loesung-fuer-glueckliche-mitarbeiterinnen\\\/#breadcrumb\"},\"inLanguage\":\"de\",\"potentialAction\":[{\"@type\":\"ReadAction\",\"target\":[\"https:\\\/\\\/www.organisator.ch\\\/human-resources\\\/2022-12-06\\\/smartfridge-emil-die-intelligente-loesung-fuer-glueckliche-mitarbeiterinnen\\\/\"]}]},{\"@type\":\"ImageObject\",\"inLanguage\":\"de\",\"@id\":\"https:\\\/\\\/www.organisator.ch\\\/human-resources\\\/2022-12-06\\\/smartfridge-emil-die-intelligente-loesung-fuer-glueckliche-mitarbeiterinnen\\\/#primaryimage\",\"url\":\"https:\\\/\\\/www.organisator.ch\\\/wp-content\\\/uploads\\\/2022\\\/12\\\/PR_SVGroup_Bild_01-scaled.jpg\",\"contentUrl\":\"https:\\\/\\\/www.organisator.ch\\\/wp-content\\\/uploads\\\/2022\\\/12\\\/PR_SVGroup_Bild_01-scaled.jpg\",\"width\":1400,\"height\":1072,\"caption\":\"EMIL mag \u00abnur\u00bb ein K\u00fchlschrank sein, aber er hat es in sich. Kombiniert man all seine intelligenten Features, ergibt das einen IQ von 127 \u2013 er ist wirklich ein SmartFridge! (Bild: SV Group)\"},{\"@type\":\"BreadcrumbList\",\"@id\":\"https:\\\/\\\/www.organisator.ch\\\/human-resources\\\/2022-12-06\\\/smartfridge-emil-die-intelligente-loesung-fuer-glueckliche-mitarbeiterinnen\\\/#breadcrumb\",\"itemListElement\":[{\"@type\":\"ListItem\",\"position\":1,\"name\":\"Home\",\"item\":\"https:\\\/\\\/www.organisator.ch\\\/\"},{\"@type\":\"ListItem\",\"position\":2,\"name\":\"SmartFridge EMIL: Die intelligente L\u00f6sung f\u00fcr gl\u00fcckliche Mitarbeiter:innen\"}]},{\"@type\":\"WebSite\",\"@id\":\"https:\\\/\\\/www.organisator.ch\\\/#website\",\"url\":\"https:\\\/\\\/www.organisator.ch\\\/\",\"name\":\"Organisator\",\"description\":\"Kompetent. Praxisnah. Der ORGANISATOR bereitet in 10 Ausgaben pro Jahr die wesentlichen Themen f\u00fcr F\u00fchrungskr\u00e4fte von KMU auf.\",\"publisher\":{\"@id\":\"https:\\\/\\\/www.organisator.ch\\\/#organization\"},\"potentialAction\":[{\"@type\":\"SearchAction\",\"target\":{\"@type\":\"EntryPoint\",\"urlTemplate\":\"https:\\\/\\\/www.organisator.ch\\\/?s={search_term_string}\"},\"query-input\":{\"@type\":\"PropertyValueSpecification\",\"valueRequired\":true,\"valueName\":\"search_term_string\"}}],\"inLanguage\":\"de\"},{\"@type\":\"Organization\",\"@id\":\"https:\\\/\\\/www.organisator.ch\\\/#organization\",\"name\":\"Organisator\",\"url\":\"https:\\\/\\\/www.organisator.ch\\\/\",\"logo\":{\"@type\":\"ImageObject\",\"inLanguage\":\"de\",\"@id\":\"https:\\\/\\\/www.organisator.ch\\\/#\\\/schema\\\/logo\\\/image\\\/\",\"url\":\"https:\\\/\\\/www.organisator.ch\\\/wp-content\\\/uploads\\\/2022\\\/01\\\/Logo_Organisator_Website.png\",\"contentUrl\":\"https:\\\/\\\/www.organisator.ch\\\/wp-content\\\/uploads\\\/2022\\\/01\\\/Logo_Organisator_Website.png\",\"width\":800,\"height\":77,\"caption\":\"Organisator\"},\"image\":{\"@id\":\"https:\\\/\\\/www.organisator.ch\\\/#\\\/schema\\\/logo\\\/image\\\/\"},\"sameAs\":[\"https:\\\/\\\/www.facebook.com\\\/OrganisatorFachmagazin\",\"https:\\\/\\\/www.linkedin.com\\\/showcase\\\/organisator-das-magazin-fr-kmu\",\"https:\\\/\\\/www.xing.com\\\/news\\\/pages\\\/organisator-ch-695\",\"https:\\\/\\\/www.youtube.com\\\/channel\\\/UCGP2Sq0iWaZwT3BdIAQFYpw\"]},{\"@type\":\"Person\",\"@id\":\"https:\\\/\\\/www.organisator.ch\\\/#\\\/schema\\\/person\\\/6f650f90b2842cd4c0cc334b4e36f67e\",\"name\":\"thomas.berner\",\"image\":{\"@type\":\"ImageObject\",\"inLanguage\":\"de\",\"@id\":\"https:\\\/\\\/secure.gravatar.com\\\/avatar\\\/ac5001d2a36cb6c6cd3e50789007ffca834b477b74a2144564522e944eabff61?s=96&d=mm&r=g\",\"url\":\"https:\\\/\\\/secure.gravatar.com\\\/avatar\\\/ac5001d2a36cb6c6cd3e50789007ffca834b477b74a2144564522e944eabff61?s=96&d=mm&r=g\",\"contentUrl\":\"https:\\\/\\\/secure.gravatar.com\\\/avatar\\\/ac5001d2a36cb6c6cd3e50789007ffca834b477b74a2144564522e944eabff61?s=96&d=mm&r=g\",\"caption\":\"thomas.berner\"},\"url\":\"https:\\\/\\\/www.organisator.ch\\\/de\\\/author\\\/thomas-berner\\\/\"}]}<\/script>\n<!-- \/ Yoast SEO plugin. -->","yoast_head_json":{"title":"SmartFridge EMIL: Die intelligente L\u00f6sung f\u00fcr gl\u00fcckliche Mitarbeiter:innen - Organisator","description":"PUBLIREPORTAGE Arbeitgeber punkten mit gutem Essen am Arbeitsplatz. Mit dem SmartFridge EMIL sind Sie in der Poleposition!","robots":{"index":"index","follow":"follow","max-snippet":"max-snippet:-1","max-image-preview":"max-image-preview:large","max-video-preview":"max-video-preview:-1"},"canonical":"https:\/\/www.organisator.ch\/de\/human-resources\/2022-12-06\/smartfridge-emil-die-intelligente-loesung-fuer-glueckliche-mitarbeiterinnen\/","og_locale":"de_DE","og_type":"article","og_title":"SmartFridge EMIL: Die intelligente L\u00f6sung f\u00fcr gl\u00fcckliche Mitarbeiter:innen - Organisator","og_description":"PUBLIREPORTAGE Arbeitgeber punkten mit gutem Essen am Arbeitsplatz. Mit dem SmartFridge EMIL sind Sie in der Poleposition!","og_url":"https:\/\/www.organisator.ch\/de\/human-resources\/2022-12-06\/smartfridge-emil-die-intelligente-loesung-fuer-glueckliche-mitarbeiterinnen\/","og_site_name":"Organisator","article_publisher":"https:\/\/www.facebook.com\/OrganisatorFachmagazin","article_published_time":"2022-12-06T02:39:51+00:00","article_modified_time":"2022-12-07T08:39:07+00:00","author":"thomas.berner","twitter_card":"summary_large_image","twitter_image":"https:\/\/www.organisator.ch\/wp-content\/uploads\/2022\/12\/PR_SVGroup_Bild_01-scaled.jpg","schema":{"@context":"https:\/\/schema.org","@graph":[{"@type":"Article","@id":"https:\/\/www.organisator.ch\/human-resources\/2022-12-06\/smartfridge-emil-die-intelligente-loesung-fuer-glueckliche-mitarbeiterinnen\/#article","isPartOf":{"@id":"https:\/\/www.organisator.ch\/human-resources\/2022-12-06\/smartfridge-emil-die-intelligente-loesung-fuer-glueckliche-mitarbeiterinnen\/"},"author":{"name":"thomas.berner","@id":"https:\/\/www.organisator.ch\/#\/schema\/person\/6f650f90b2842cd4c0cc334b4e36f67e"},"headline":"SmartFridge EMIL: Die intelligente L\u00f6sung f\u00fcr gl\u00fcckliche Mitarbeiter:innen","datePublished":"2022-12-06T02:39:51+00:00","dateModified":"2022-12-07T08:39:07+00:00","mainEntityOfPage":{"@id":"https:\/\/www.organisator.ch\/human-resources\/2022-12-06\/smartfridge-emil-die-intelligente-loesung-fuer-glueckliche-mitarbeiterinnen\/"},"wordCount":844,"publisher":{"@id":"https:\/\/www.organisator.ch\/#organization"},"image":{"@id":"https:\/\/www.organisator.ch\/human-resources\/2022-12-06\/smartfridge-emil-die-intelligente-loesung-fuer-glueckliche-mitarbeiterinnen\/#primaryimage"},"thumbnailUrl":"https:\/\/www.organisator.ch\/wp-content\/uploads\/2022\/12\/PR_SVGroup_Bild_01-scaled.jpg","keywords":["HRM","Mitarbeiterverpflegung","Publireportage"],"articleSection":["HUMAN RESOURCES"],"inLanguage":"de"},{"@type":"WebPage","@id":"https:\/\/www.organisator.ch\/human-resources\/2022-12-06\/smartfridge-emil-die-intelligente-loesung-fuer-glueckliche-mitarbeiterinnen\/","url":"https:\/\/www.organisator.ch\/human-resources\/2022-12-06\/smartfridge-emil-die-intelligente-loesung-fuer-glueckliche-mitarbeiterinnen\/","name":"SmartFridge EMIL: Die intelligente L\u00f6sung f\u00fcr gl\u00fcckliche Mitarbeiter:innen - Organisator","isPartOf":{"@id":"https:\/\/www.organisator.ch\/#website"},"primaryImageOfPage":{"@id":"https:\/\/www.organisator.ch\/human-resources\/2022-12-06\/smartfridge-emil-die-intelligente-loesung-fuer-glueckliche-mitarbeiterinnen\/#primaryimage"},"image":{"@id":"https:\/\/www.organisator.ch\/human-resources\/2022-12-06\/smartfridge-emil-die-intelligente-loesung-fuer-glueckliche-mitarbeiterinnen\/#primaryimage"},"thumbnailUrl":"https:\/\/www.organisator.ch\/wp-content\/uploads\/2022\/12\/PR_SVGroup_Bild_01-scaled.jpg","datePublished":"2022-12-06T02:39:51+00:00","dateModified":"2022-12-07T08:39:07+00:00","description":"PUBLIREPORTAGE Arbeitgeber punkten mit gutem Essen am Arbeitsplatz. Mit dem SmartFridge EMIL sind Sie in der Poleposition!","breadcrumb":{"@id":"https:\/\/www.organisator.ch\/human-resources\/2022-12-06\/smartfridge-emil-die-intelligente-loesung-fuer-glueckliche-mitarbeiterinnen\/#breadcrumb"},"inLanguage":"de","potentialAction":[{"@type":"ReadAction","target":["https:\/\/www.organisator.ch\/human-resources\/2022-12-06\/smartfridge-emil-die-intelligente-loesung-fuer-glueckliche-mitarbeiterinnen\/"]}]},{"@type":"ImageObject","inLanguage":"de","@id":"https:\/\/www.organisator.ch\/human-resources\/2022-12-06\/smartfridge-emil-die-intelligente-loesung-fuer-glueckliche-mitarbeiterinnen\/#primaryimage","url":"https:\/\/www.organisator.ch\/wp-content\/uploads\/2022\/12\/PR_SVGroup_Bild_01-scaled.jpg","contentUrl":"https:\/\/www.organisator.ch\/wp-content\/uploads\/2022\/12\/PR_SVGroup_Bild_01-scaled.jpg","width":1400,"height":1072,"caption":"EMIL mag \u00abnur\u00bb ein K\u00fchlschrank sein, aber er hat es in sich. Kombiniert man all seine intelligenten Features, ergibt das einen IQ von 127 \u2013 er ist wirklich ein SmartFridge! (Bild: SV Group)"},{"@type":"BreadcrumbList","@id":"https:\/\/www.organisator.ch\/human-resources\/2022-12-06\/smartfridge-emil-die-intelligente-loesung-fuer-glueckliche-mitarbeiterinnen\/#breadcrumb","itemListElement":[{"@type":"ListItem","position":1,"name":"Home","item":"https:\/\/www.organisator.ch\/"},{"@type":"ListItem","position":2,"name":"SmartFridge EMIL: Die intelligente L\u00f6sung f\u00fcr gl\u00fcckliche Mitarbeiter:innen"}]},{"@type":"WebSite","@id":"https:\/\/www.organisator.ch\/#website","url":"https:\/\/www.organisator.ch\/","name":"Organisator","description":"Kompetent. Praxisnah. Der ORGANISATOR bereitet in 10 Ausgaben pro Jahr die wesentlichen Themen f\u00fcr F\u00fchrungskr\u00e4fte von KMU auf.","publisher":{"@id":"https:\/\/www.organisator.ch\/#organization"},"potentialAction":[{"@type":"SearchAction","target":{"@type":"EntryPoint","urlTemplate":"https:\/\/www.organisator.ch\/?s={search_term_string}"},"query-input":{"@type":"PropertyValueSpecification","valueRequired":true,"valueName":"search_term_string"}}],"inLanguage":"de"},{"@type":"Organization","@id":"https:\/\/www.organisator.ch\/#organization","name":"Organisator","url":"https:\/\/www.organisator.ch\/","logo":{"@type":"ImageObject","inLanguage":"de","@id":"https:\/\/www.organisator.ch\/#\/schema\/logo\/image\/","url":"https:\/\/www.organisator.ch\/wp-content\/uploads\/2022\/01\/Logo_Organisator_Website.png","contentUrl":"https:\/\/www.organisator.ch\/wp-content\/uploads\/2022\/01\/Logo_Organisator_Website.png","width":800,"height":77,"caption":"Organisator"},"image":{"@id":"https:\/\/www.organisator.ch\/#\/schema\/logo\/image\/"},"sameAs":["https:\/\/www.facebook.com\/OrganisatorFachmagazin","https:\/\/www.linkedin.com\/showcase\/organisator-das-magazin-fr-kmu","https:\/\/www.xing.com\/news\/pages\/organisator-ch-695","https:\/\/www.youtube.com\/channel\/UCGP2Sq0iWaZwT3BdIAQFYpw"]},{"@type":"Person","@id":"https:\/\/www.organisator.ch\/#\/schema\/person\/6f650f90b2842cd4c0cc334b4e36f67e","name":"thomas.berner","image":{"@type":"ImageObject","inLanguage":"de","@id":"https:\/\/secure.gravatar.com\/avatar\/ac5001d2a36cb6c6cd3e50789007ffca834b477b74a2144564522e944eabff61?s=96&d=mm&r=g","url":"https:\/\/secure.gravatar.com\/avatar\/ac5001d2a36cb6c6cd3e50789007ffca834b477b74a2144564522e944eabff61?s=96&d=mm&r=g","contentUrl":"https:\/\/secure.gravatar.com\/avatar\/ac5001d2a36cb6c6cd3e50789007ffca834b477b74a2144564522e944eabff61?s=96&d=mm&r=g","caption":"thomas.berner"},"url":"https:\/\/www.organisator.ch\/de\/author\/thomas-berner\/"}]}},"_links":{"self":[{"href":"https:\/\/www.organisator.ch\/de\/wp-json\/wp\/v2\/posts\/18111","targetHints":{"allow":["GET"]}}],"collection":[{"href":"https:\/\/www.organisator.ch\/de\/wp-json\/wp\/v2\/posts"}],"about":[{"href":"https:\/\/www.organisator.ch\/de\/wp-json\/wp\/v2\/types\/post"}],"author":[{"embeddable":true,"href":"https:\/\/www.organisator.ch\/de\/wp-json\/wp\/v2\/users\/4"}],"replies":[{"embeddable":true,"href":"https:\/\/www.organisator.ch\/de\/wp-json\/wp\/v2\/comments?post=18111"}],"version-history":[{"count":7,"href":"https:\/\/www.organisator.ch\/de\/wp-json\/wp\/v2\/posts\/18111\/revisions"}],"predecessor-version":[{"id":18184,"href":"https:\/\/www.organisator.ch\/de\/wp-json\/wp\/v2\/posts\/18111\/revisions\/18184"}],"wp:featuredmedia":[{"embeddable":true,"href":"https:\/\/www.organisator.ch\/de\/wp-json\/wp\/v2\/media\/18113"}],"wp:attachment":[{"href":"https:\/\/www.organisator.ch\/de\/wp-json\/wp\/v2\/media?parent=18111"}],"wp:term":[{"taxonomy":"category","embeddable":true,"href":"https:\/\/www.organisator.ch\/de\/wp-json\/wp\/v2\/categories?post=18111"},{"taxonomy":"post_tag","embeddable":true,"href":"https:\/\/www.organisator.ch\/de\/wp-json\/wp\/v2\/tags?post=18111"}],"curies":[{"name":"wp","href":"https:\/\/api.w.org\/{rel}","templated":true}]}}