{"id":18175,"date":"2022-12-07T09:13:47","date_gmt":"2022-12-07T08:13:47","guid":{"rendered":"https:\/\/www.organisator.ch\/?p=18175"},"modified":"2022-12-07T09:13:47","modified_gmt":"2022-12-07T08:13:47","slug":"das-waren-die-top-prioritaeten-fuer-cfos-im-jahr-2022-und-darueber-hinaus","status":"publish","type":"post","link":"https:\/\/www.organisator.ch\/de\/management\/2022-12-07\/das-waren-die-top-prioritaeten-fuer-cfos-im-jahr-2022-und-darueber-hinaus\/","title":{"rendered":"Das waren die Top-Priorit\u00e4ten f\u00fcr CFOs im Jahr 2022 und dar\u00fcber hinaus"},"content":{"rendered":"<figure id=\"attachment_18176\" aria-describedby=\"caption-attachment-18176\" style=\"width: 680px\" class=\"wp-caption alignnone\"><img loading=\"lazy\" decoding=\"async\" class=\"size-full wp-image-18176\" src=\"https:\/\/www.organisator.ch\/wp-content\/uploads\/2022\/12\/Das-waren-die-Top-Prioritaeten-fuer-CFOs-im-Jahr-2022-und-darueber-hinaus-1_Organisator.jpg\" alt=\"\" width=\"680\" height=\"407\" srcset=\"https:\/\/www.organisator.ch\/wp-content\/uploads\/2022\/12\/Das-waren-die-Top-Prioritaeten-fuer-CFOs-im-Jahr-2022-und-darueber-hinaus-1_Organisator.jpg 680w, https:\/\/www.organisator.ch\/wp-content\/uploads\/2022\/12\/Das-waren-die-Top-Prioritaeten-fuer-CFOs-im-Jahr-2022-und-darueber-hinaus-1_Organisator-18x12.jpg 18w, https:\/\/www.organisator.ch\/wp-content\/uploads\/2022\/12\/Das-waren-die-Top-Prioritaeten-fuer-CFOs-im-Jahr-2022-und-darueber-hinaus-1_Organisator-375x224.jpg 375w, https:\/\/www.organisator.ch\/wp-content\/uploads\/2022\/12\/Das-waren-die-Top-Prioritaeten-fuer-CFOs-im-Jahr-2022-und-darueber-hinaus-1_Organisator-585x350.jpg 585w\" sizes=\"auto, (max-width: 680px) 100vw, 680px\" \/><figcaption id=\"caption-attachment-18176\" class=\"wp-caption-text\">Womit die CFOs dieses Jahr am meisten zufrieden waren &#8211; und womit nicht so ganz&#8230; (Grafik: Tradeshift)<\/figcaption><\/figure>\n<p>Eine\u00a0<a href=\"https:\/\/hub.tradeshift.com\/research-and-reports\/talent-and-tech-investment-top-the-list-of-cfo-priorities-for-the-year-ahead\/\">neue Studie<\/a>\u00a0von Tradeshift &#8211; in Zusammenarbeit mit\u00a0<a href=\"https:\/\/www.cfodive.com\/\">CFO Dive<\/a>\u00a0&#8211; zeigt die Herausforderungen auf, mit denen Finanzleiter konfrontiert sind, wenn sie sich mit einer wachsenden Rolle und einer Reihe strategischer Aufgaben auseinandersetzen m\u00fcssen, die bis vor kurzem noch au\u00dferhalb des Bereichs der Finanzabteilung lagen. Ein Highlight der Studie ist, dass fast die H\u00e4lfte der CFOs (45 Prozent) die Gewinnung und Bindung von Talenten als ihre Hauptsorge im Jahr 2022 und dar\u00fcber hinaus bezeichnen. Weitere Hauptsorgen sind die gestiegenen Kosten f\u00fcr Waren und Dienstleistungen (42 Prozent) und die Einf\u00fchrung neuer Technologien (39 Prozent).<\/p>\n<h3>Die richtigen Investitionen get\u00e4tigt, aber: &#8222;Hinterher ist man immer schlauer&#8220;<\/h3>\n<p>Die Befragten \u00e4usserten sich gr\u00f6sstenteils positiv \u00fcber ihre j\u00fcngsten Technologieinvestitionen. Aber weit \u00fcber die H\u00e4lfte (59 Prozent) gab zu, dass sie einen anderen Ansatz gew\u00e4hlt h\u00e4tten, wenn sie die Ereignisse der letzten Jahre h\u00e4tten vorhersehen k\u00f6nnen. Dieses Spannungsverh\u00e4ltnis verdeutlicht, wie CFOs mit der pl\u00f6tzlichen Entwicklung ihrer Rollen und Verantwortlichkeiten zurechtkommen, die durch die seismischen Ereignisse der letzten Jahre ausgel\u00f6st wurde.<\/p>\n<p>\u201eDie Umw\u00e4lzungen der letzten Jahre haben die Entwicklung der CFO-Rolle in den Vordergrund ger\u00fcckt. Die CFOs m\u00fcssen sich nun mit einer immer gr\u00f6sseren Bandbreite an strategischen Aufgaben auseinandersetzen\u201c, sagt Mikkel Hippe Brun, Mitgr\u00fcnder und General Manager, Payment Automation, bei Tradeshift. \u201eFinanzverantwortliche erkennen die entscheidende Rolle, die Technologie bei der Bew\u00e4ltigung einer wachsenden Zahl strategischer Herausforderungen spielen muss, von der Risikominderung in der Lieferkette bis hin zu ESG. Sie erkennen auch, dass jede Investition in Technologie eine gleichwertige Investition in menschliches Talent erfordert, das in der Lage ist, mit den neuen Technologien umzugehen und aus neuen Datens\u00e4tzen einen Mehrwert zu ziehen.\u201c<\/p>\n<h3>Die Schwierigkeit, die Top-Priorit\u00e4ten zu identifizieren<\/h3>\n<p>Die Befragung zeigte weiter, dass viele\u00a0CFOs M\u00fche h\u00e4tten, mit wechselnden Priorit\u00e4ten zu jonglieren. Die meisten CFOs (28 Prozent) gaben n\u00e4mlich an, zu viel Zeit auf die traditionellen Finanzfunktionen (Bereiche wie Finanzmanagement, Accounting, Treasury und Controlling), w\u00e4hrend 35 Prozent zudem sagten, dass sie zu wenig Zeit auf die Entwicklung von Talenten verwenden. Die CFOs sind gem\u00e4ss der Umfrage aber der Meinung, dass sie im Allgemeinen hervorragende Arbeit geleistet haben. Jedoch sei der \u00dcbergang von der Effizienz zur Wertsch\u00f6pfung entscheidend. Fast alle CFOs (93 Prozent) sind mit der Finanzfunktion ihres Unternehmens zumindest zufrieden. Mehr als ein Drittel (38 Prozent) bezeichnete sie als hervorragend. Dennoch stuften 49 Prozent der CFOs die Bereitstellung eines detaillierteren \u00dcberblicks \u00fcber die Barmittel und die Liquidit\u00e4t des Unternehmens und 41 Prozent die Automatisierung von Prozessen durch intelligente Automatisierung als Bereiche mit hoher Priorit\u00e4t f\u00fcr neue Technologieinvestitionen ein. Um die n\u00e4chste Stufe der Wertsch\u00f6pfung zu erreichen, erwarten die CFOs, dass sie finanztechnisches Fachwissen ben\u00f6tigen (59 Prozent), gefolgt von Daten- und Technologiekenntnissen (50 Prozent) und Kenntnissen der Unternehmensstrategie (38 Prozent).<\/p>\n<figure id=\"attachment_18177\" aria-describedby=\"caption-attachment-18177\" style=\"width: 680px\" class=\"wp-caption alignnone\"><img loading=\"lazy\" decoding=\"async\" class=\"size-full wp-image-18177\" src=\"https:\/\/www.organisator.ch\/wp-content\/uploads\/2022\/12\/Das-waren-die-Top-Prioritaeten-fuer-CFOs-im-Jahr-2022-und-darueber-hinaus-2_Organisator.jpg\" alt=\"\" width=\"680\" height=\"359\" srcset=\"https:\/\/www.organisator.ch\/wp-content\/uploads\/2022\/12\/Das-waren-die-Top-Prioritaeten-fuer-CFOs-im-Jahr-2022-und-darueber-hinaus-2_Organisator.jpg 680w, https:\/\/www.organisator.ch\/wp-content\/uploads\/2022\/12\/Das-waren-die-Top-Prioritaeten-fuer-CFOs-im-Jahr-2022-und-darueber-hinaus-2_Organisator-18x10.jpg 18w, https:\/\/www.organisator.ch\/wp-content\/uploads\/2022\/12\/Das-waren-die-Top-Prioritaeten-fuer-CFOs-im-Jahr-2022-und-darueber-hinaus-2_Organisator-375x198.jpg 375w, https:\/\/www.organisator.ch\/wp-content\/uploads\/2022\/12\/Das-waren-die-Top-Prioritaeten-fuer-CFOs-im-Jahr-2022-und-darueber-hinaus-2_Organisator-663x350.jpg 663w\" sizes=\"auto, (max-width: 680px) 100vw, 680px\" \/><figcaption id=\"caption-attachment-18177\" class=\"wp-caption-text\">Was CFOs und ihre Teams f\u00fcr die nahe Zukunft am dringendsten ben\u00f6tigen. (Grafik: Tradeshift)<\/figcaption><\/figure>\n<h3>Weiterer Investitionsbedarf und fehlende Ressourcen<\/h3>\n<p>Die Unternehmen hinken bei der Einf\u00fchrung der neuesten Technologien hinterher, die ihren Abteilungen helfen, ihre Arbeit besser und effizienter zu erledigen.\u00a0Nur ein Drittel (35 Prozent) der CFOs gab an, dass ihre neuesten Technologieprojekte das Implementierungsstadium oder dar\u00fcber hinaus erreicht haben, wobei sich die meisten noch in der Planungs- oder Proof-of-Concept-Phase befinden.<\/p>\n<p>Weiters fehlen den CFOs die notwendigen Ressourcen, um ihre Teams bei ihrer Arbeit zu unterst\u00fctzen. Damit ihre Teams besser arbeiten k\u00f6nnen, ben\u00f6tigen sie eine bessere Datenintegration (56 Prozent), bessere Schulungen (48 Prozent) und modernere Technologien (42 Prozent), so die Befragung. Als Folge dieses Umstands kann ein weiteres Ergebnis herausgelesen werden:\u00a0Die \u00fcberwiegende Mehrheit der CFOs plant eine Aufstockung der Budgets f\u00fcr digitale Transformationsprojekte innerhalb ihrer Abteilung. Mehr als einer von drei Befragten (36 Prozent) gab an, dass er eine Erh\u00f6hung der Technologieausgaben um mehr als 26 Prozent plant, wobei einer von f\u00fcnf CFOs eine Erh\u00f6hung um mehr als 50 Prozent meldete. Nur 6 Prozent der Befragten planten, ihre Investitionen in neue Technologien zu reduzieren. Die CFOs messen demnach mehreren Technologieinvestitionen eine hohe Priorit\u00e4t bei, r\u00e4umen aber auch ein, dass die Hauptbedenken ihrer Unternehmen im Hinblick auf die Einf\u00fchrung neuer Technologien vielf\u00e4ltig sind, u. a. in Bezug auf die Implementierungskosten (46 Prozent), die einfache Integration in ein bestehendes technisches System (41 Prozent) und die Schulung oder Einstellung von Mitarbeitern, die die Technologie optimal nutzen k\u00f6nnen (38 Prozent).<\/p>\n<p>Die CFOs sind der Meinung, dass ihre Teams die Herausforderungen von morgen bew\u00e4ltigen k\u00f6nnen, aber es mangelt ihnen an Fachkr\u00e4ften. W\u00e4hrend die \u00fcberwiegende Mehrheit (88 Prozent) der CFOs angibt, dass sie stark oder einigermassen zuversichtlich ist, dass ihr derzeitiges Team den sich entwickelnden Gesch\u00e4ftsanforderungen gerecht wird, gibt mehr als ein Drittel (37 Prozent) an, dass es ihnen an internem Fachwissen fehlt, um ihre Finanzdaten richtig zu analysieren.<\/p>\n<p><em><strong>Quellennachweis:\u00a0<\/strong><\/em><\/p>\n<ul>\n<li><em><a href=\"https:\/\/hub.tradeshift.com\/research-and-reports\/talent-and-tech-investment-top-the-list-of-cfo-priorities-for-the-year-ahead\/\">https:\/\/hub.tradeshift.com\/research-and-reports\/talent-and-tech-investment-top-the-list-of-cfo-priorities-for-the-year-ahead\/<\/a><\/em><\/li>\n<li><em><a href=\"https:\/\/www.cfodive.com\/\">https:\/\/www.cfodive.com<\/a><\/em><\/li>\n<\/ul>\n","protected":false},"excerpt":{"rendered":"<p>Eine\u00a0neue Studie\u00a0von Tradeshift &#8211; in Zusammenarbeit mit\u00a0CFO Dive\u00a0&#8211; zeigt die Herausforderungen auf, mit denen Finanzleiter konfrontiert sind, wenn sie sich mit einer wachsenden Rolle und einer Reihe strategischer Aufgaben auseinandersetzen m\u00fcssen, die bis vor kurzem noch au\u00dferhalb des Bereichs der Finanzabteilung lagen. Ein Highlight der Studie ist, dass fast die H\u00e4lfte der CFOs (45 Prozent) [&hellip;]<\/p>\n","protected":false},"author":4,"featured_media":18176,"comment_status":"closed","ping_status":"closed","sticky":false,"template":"","format":"standard","meta":{"_acf_changed":false,"_yoast_wpseo_focuskw":"Top-Priorit\u00e4ten","_yoast_wpseo_metadesc":"Top-Priorit\u00e4ten von CFOs: Im kommenden Jahr die Budgets f\u00fcr Projekte zur digitalen Transformation erh\u00f6hen und neue Talente finden.","articlekey":"","footnotes":""},"categories":[28],"tags":[194,335,487],"class_list":["post-18175","post","type-post","status-publish","format-standard","has-post-thumbnail","hentry","category-management","tag-fachkraeftemangel","tag-management-und-unternehmensfuehrung","tag-umfrage"],"acf":[],"yoast_head":"<!-- This site is optimized with the Yoast SEO plugin v27.4 - https:\/\/yoast.com\/product\/yoast-seo-wordpress\/ -->\n<title>Das waren die Top-Priorit\u00e4ten f\u00fcr CFOs im Jahr 2022 und dar\u00fcber hinaus - Organisator<\/title>\n<meta name=\"description\" content=\"Top-Priorit\u00e4ten von CFOs: Im kommenden Jahr die Budgets f\u00fcr Projekte zur digitalen Transformation erh\u00f6hen und neue Talente finden.\" \/>\n<meta name=\"robots\" content=\"index, follow, max-snippet:-1, max-image-preview:large, max-video-preview:-1\" \/>\n<link rel=\"canonical\" href=\"https:\/\/www.organisator.ch\/de\/management\/2022-12-07\/das-waren-die-top-prioritaeten-fuer-cfos-im-jahr-2022-und-darueber-hinaus\/\" \/>\n<meta property=\"og:locale\" content=\"de_DE\" \/>\n<meta property=\"og:type\" content=\"article\" \/>\n<meta property=\"og:title\" content=\"Das waren die Top-Priorit\u00e4ten f\u00fcr CFOs im Jahr 2022 und dar\u00fcber hinaus\" \/>\n<meta property=\"og:description\" content=\"Top-Priorit\u00e4ten von CFOs: Im kommenden Jahr die Budgets f\u00fcr Projekte zur digitalen Transformation erh\u00f6hen und neue Talente finden.\" \/>\n<meta property=\"og:url\" content=\"https:\/\/www.organisator.ch\/de\/management\/2022-12-07\/das-waren-die-top-prioritaeten-fuer-cfos-im-jahr-2022-und-darueber-hinaus\/\" \/>\n<meta property=\"og:site_name\" content=\"Organisator\" \/>\n<meta property=\"article:publisher\" content=\"https:\/\/www.facebook.com\/OrganisatorFachmagazin\" \/>\n<meta property=\"article:published_time\" content=\"2022-12-07T08:13:47+00:00\" \/>\n<meta property=\"og:image\" content=\"https:\/\/www.organisator.ch\/wp-content\/uploads\/2022\/12\/Das-waren-die-Top-Prioritaeten-fuer-CFOs-im-Jahr-2022-und-darueber-hinaus-1_Organisator.jpg\" \/>\n\t<meta property=\"og:image:width\" content=\"680\" \/>\n\t<meta property=\"og:image:height\" content=\"407\" \/>\n\t<meta property=\"og:image:type\" content=\"image\/jpeg\" \/>\n<meta name=\"author\" content=\"thomas.berner\" \/>\n<meta name=\"twitter:card\" content=\"summary_large_image\" \/>\n<meta name=\"twitter:title\" content=\"Das waren die #Top-Priorit\u00e4ten f\u00fcr #CFOs im Jahr 2022 und dar\u00fcber hinaus\" \/>\n<meta name=\"twitter:description\" content=\"#Top-Priorit\u00e4ten von #CFOs: Im kommenden Jahr die Budgets f\u00fcr Projekte zur digitalen Transformation erh\u00f6hen und neue Talente finden.\" \/>\n<meta name=\"twitter:image\" content=\"https:\/\/www.organisator.ch\/wp-content\/uploads\/2022\/12\/Das-waren-die-Top-Prioritaeten-fuer-CFOs-im-Jahr-2022-und-darueber-hinaus-1_Organisator.jpg\" \/>\n<script type=\"application\/ld+json\" class=\"yoast-schema-graph\">{\"@context\":\"https:\\\/\\\/schema.org\",\"@graph\":[{\"@type\":\"Article\",\"@id\":\"https:\\\/\\\/www.organisator.ch\\\/management\\\/2022-12-07\\\/das-waren-die-top-prioritaeten-fuer-cfos-im-jahr-2022-und-darueber-hinaus\\\/#article\",\"isPartOf\":{\"@id\":\"https:\\\/\\\/www.organisator.ch\\\/management\\\/2022-12-07\\\/das-waren-die-top-prioritaeten-fuer-cfos-im-jahr-2022-und-darueber-hinaus\\\/\"},\"author\":{\"name\":\"thomas.berner\",\"@id\":\"https:\\\/\\\/www.organisator.ch\\\/#\\\/schema\\\/person\\\/6f650f90b2842cd4c0cc334b4e36f67e\"},\"headline\":\"Das waren die Top-Priorit\u00e4ten f\u00fcr CFOs im Jahr 2022 und dar\u00fcber hinaus\",\"datePublished\":\"2022-12-07T08:13:47+00:00\",\"mainEntityOfPage\":{\"@id\":\"https:\\\/\\\/www.organisator.ch\\\/management\\\/2022-12-07\\\/das-waren-die-top-prioritaeten-fuer-cfos-im-jahr-2022-und-darueber-hinaus\\\/\"},\"wordCount\":843,\"publisher\":{\"@id\":\"https:\\\/\\\/www.organisator.ch\\\/#organization\"},\"image\":{\"@id\":\"https:\\\/\\\/www.organisator.ch\\\/management\\\/2022-12-07\\\/das-waren-die-top-prioritaeten-fuer-cfos-im-jahr-2022-und-darueber-hinaus\\\/#primaryimage\"},\"thumbnailUrl\":\"https:\\\/\\\/www.organisator.ch\\\/wp-content\\\/uploads\\\/2022\\\/12\\\/Das-waren-die-Top-Prioritaeten-fuer-CFOs-im-Jahr-2022-und-darueber-hinaus-1_Organisator.jpg\",\"keywords\":[\"Fachkr\u00e4ftemangel\",\"Management und Unternehmensf\u00fchrung\",\"Umfrage\"],\"articleSection\":[\"MANAGEMENT\"],\"inLanguage\":\"de\"},{\"@type\":\"WebPage\",\"@id\":\"https:\\\/\\\/www.organisator.ch\\\/management\\\/2022-12-07\\\/das-waren-die-top-prioritaeten-fuer-cfos-im-jahr-2022-und-darueber-hinaus\\\/\",\"url\":\"https:\\\/\\\/www.organisator.ch\\\/management\\\/2022-12-07\\\/das-waren-die-top-prioritaeten-fuer-cfos-im-jahr-2022-und-darueber-hinaus\\\/\",\"name\":\"Das waren die Top-Priorit\u00e4ten f\u00fcr CFOs im Jahr 2022 und dar\u00fcber hinaus - Organisator\",\"isPartOf\":{\"@id\":\"https:\\\/\\\/www.organisator.ch\\\/#website\"},\"primaryImageOfPage\":{\"@id\":\"https:\\\/\\\/www.organisator.ch\\\/management\\\/2022-12-07\\\/das-waren-die-top-prioritaeten-fuer-cfos-im-jahr-2022-und-darueber-hinaus\\\/#primaryimage\"},\"image\":{\"@id\":\"https:\\\/\\\/www.organisator.ch\\\/management\\\/2022-12-07\\\/das-waren-die-top-prioritaeten-fuer-cfos-im-jahr-2022-und-darueber-hinaus\\\/#primaryimage\"},\"thumbnailUrl\":\"https:\\\/\\\/www.organisator.ch\\\/wp-content\\\/uploads\\\/2022\\\/12\\\/Das-waren-die-Top-Prioritaeten-fuer-CFOs-im-Jahr-2022-und-darueber-hinaus-1_Organisator.jpg\",\"datePublished\":\"2022-12-07T08:13:47+00:00\",\"description\":\"Top-Priorit\u00e4ten von CFOs: Im kommenden Jahr die Budgets f\u00fcr Projekte zur digitalen Transformation erh\u00f6hen und neue Talente finden.\",\"breadcrumb\":{\"@id\":\"https:\\\/\\\/www.organisator.ch\\\/management\\\/2022-12-07\\\/das-waren-die-top-prioritaeten-fuer-cfos-im-jahr-2022-und-darueber-hinaus\\\/#breadcrumb\"},\"inLanguage\":\"de\",\"potentialAction\":[{\"@type\":\"ReadAction\",\"target\":[\"https:\\\/\\\/www.organisator.ch\\\/management\\\/2022-12-07\\\/das-waren-die-top-prioritaeten-fuer-cfos-im-jahr-2022-und-darueber-hinaus\\\/\"]}]},{\"@type\":\"ImageObject\",\"inLanguage\":\"de\",\"@id\":\"https:\\\/\\\/www.organisator.ch\\\/management\\\/2022-12-07\\\/das-waren-die-top-prioritaeten-fuer-cfos-im-jahr-2022-und-darueber-hinaus\\\/#primaryimage\",\"url\":\"https:\\\/\\\/www.organisator.ch\\\/wp-content\\\/uploads\\\/2022\\\/12\\\/Das-waren-die-Top-Prioritaeten-fuer-CFOs-im-Jahr-2022-und-darueber-hinaus-1_Organisator.jpg\",\"contentUrl\":\"https:\\\/\\\/www.organisator.ch\\\/wp-content\\\/uploads\\\/2022\\\/12\\\/Das-waren-die-Top-Prioritaeten-fuer-CFOs-im-Jahr-2022-und-darueber-hinaus-1_Organisator.jpg\",\"width\":680,\"height\":407,\"caption\":\"Womit die CFOs dieses Jahr am meisten zufrieden waren - und womit nicht so ganz... (Grafik: Tradeshift)\"},{\"@type\":\"BreadcrumbList\",\"@id\":\"https:\\\/\\\/www.organisator.ch\\\/management\\\/2022-12-07\\\/das-waren-die-top-prioritaeten-fuer-cfos-im-jahr-2022-und-darueber-hinaus\\\/#breadcrumb\",\"itemListElement\":[{\"@type\":\"ListItem\",\"position\":1,\"name\":\"Home\",\"item\":\"https:\\\/\\\/www.organisator.ch\\\/\"},{\"@type\":\"ListItem\",\"position\":2,\"name\":\"Das waren die Top-Priorit\u00e4ten f\u00fcr CFOs im Jahr 2022 und dar\u00fcber hinaus\"}]},{\"@type\":\"WebSite\",\"@id\":\"https:\\\/\\\/www.organisator.ch\\\/#website\",\"url\":\"https:\\\/\\\/www.organisator.ch\\\/\",\"name\":\"Organisator\",\"description\":\"Kompetent. Praxisnah. Der ORGANISATOR bereitet in 10 Ausgaben pro Jahr die wesentlichen Themen f\u00fcr F\u00fchrungskr\u00e4fte von KMU auf.\",\"publisher\":{\"@id\":\"https:\\\/\\\/www.organisator.ch\\\/#organization\"},\"potentialAction\":[{\"@type\":\"SearchAction\",\"target\":{\"@type\":\"EntryPoint\",\"urlTemplate\":\"https:\\\/\\\/www.organisator.ch\\\/?s={search_term_string}\"},\"query-input\":{\"@type\":\"PropertyValueSpecification\",\"valueRequired\":true,\"valueName\":\"search_term_string\"}}],\"inLanguage\":\"de\"},{\"@type\":\"Organization\",\"@id\":\"https:\\\/\\\/www.organisator.ch\\\/#organization\",\"name\":\"Organisator\",\"url\":\"https:\\\/\\\/www.organisator.ch\\\/\",\"logo\":{\"@type\":\"ImageObject\",\"inLanguage\":\"de\",\"@id\":\"https:\\\/\\\/www.organisator.ch\\\/#\\\/schema\\\/logo\\\/image\\\/\",\"url\":\"https:\\\/\\\/www.organisator.ch\\\/wp-content\\\/uploads\\\/2022\\\/01\\\/Logo_Organisator_Website.png\",\"contentUrl\":\"https:\\\/\\\/www.organisator.ch\\\/wp-content\\\/uploads\\\/2022\\\/01\\\/Logo_Organisator_Website.png\",\"width\":800,\"height\":77,\"caption\":\"Organisator\"},\"image\":{\"@id\":\"https:\\\/\\\/www.organisator.ch\\\/#\\\/schema\\\/logo\\\/image\\\/\"},\"sameAs\":[\"https:\\\/\\\/www.facebook.com\\\/OrganisatorFachmagazin\",\"https:\\\/\\\/www.linkedin.com\\\/showcase\\\/organisator-das-magazin-fr-kmu\",\"https:\\\/\\\/www.xing.com\\\/news\\\/pages\\\/organisator-ch-695\",\"https:\\\/\\\/www.youtube.com\\\/channel\\\/UCGP2Sq0iWaZwT3BdIAQFYpw\"]},{\"@type\":\"Person\",\"@id\":\"https:\\\/\\\/www.organisator.ch\\\/#\\\/schema\\\/person\\\/6f650f90b2842cd4c0cc334b4e36f67e\",\"name\":\"thomas.berner\",\"image\":{\"@type\":\"ImageObject\",\"inLanguage\":\"de\",\"@id\":\"https:\\\/\\\/secure.gravatar.com\\\/avatar\\\/ac5001d2a36cb6c6cd3e50789007ffca834b477b74a2144564522e944eabff61?s=96&d=mm&r=g\",\"url\":\"https:\\\/\\\/secure.gravatar.com\\\/avatar\\\/ac5001d2a36cb6c6cd3e50789007ffca834b477b74a2144564522e944eabff61?s=96&d=mm&r=g\",\"contentUrl\":\"https:\\\/\\\/secure.gravatar.com\\\/avatar\\\/ac5001d2a36cb6c6cd3e50789007ffca834b477b74a2144564522e944eabff61?s=96&d=mm&r=g\",\"caption\":\"thomas.berner\"},\"url\":\"https:\\\/\\\/www.organisator.ch\\\/de\\\/author\\\/thomas-berner\\\/\"}]}<\/script>\n<!-- \/ Yoast SEO plugin. -->","yoast_head_json":{"title":"Das waren die Top-Priorit\u00e4ten f\u00fcr CFOs im Jahr 2022 und dar\u00fcber hinaus - Organisator","description":"Top-Priorit\u00e4ten von CFOs: Im kommenden Jahr die Budgets f\u00fcr Projekte zur digitalen Transformation erh\u00f6hen und neue Talente finden.","robots":{"index":"index","follow":"follow","max-snippet":"max-snippet:-1","max-image-preview":"max-image-preview:large","max-video-preview":"max-video-preview:-1"},"canonical":"https:\/\/www.organisator.ch\/de\/management\/2022-12-07\/das-waren-die-top-prioritaeten-fuer-cfos-im-jahr-2022-und-darueber-hinaus\/","og_locale":"de_DE","og_type":"article","og_title":"Das waren die Top-Priorit\u00e4ten f\u00fcr CFOs im Jahr 2022 und dar\u00fcber hinaus","og_description":"Top-Priorit\u00e4ten von CFOs: Im kommenden Jahr die Budgets f\u00fcr Projekte zur digitalen Transformation erh\u00f6hen und neue Talente finden.","og_url":"https:\/\/www.organisator.ch\/de\/management\/2022-12-07\/das-waren-die-top-prioritaeten-fuer-cfos-im-jahr-2022-und-darueber-hinaus\/","og_site_name":"Organisator","article_publisher":"https:\/\/www.facebook.com\/OrganisatorFachmagazin","article_published_time":"2022-12-07T08:13:47+00:00","og_image":[{"width":680,"height":407,"url":"https:\/\/www.organisator.ch\/wp-content\/uploads\/2022\/12\/Das-waren-die-Top-Prioritaeten-fuer-CFOs-im-Jahr-2022-und-darueber-hinaus-1_Organisator.jpg","type":"image\/jpeg"}],"author":"thomas.berner","twitter_card":"summary_large_image","twitter_title":"Das waren die #Top-Priorit\u00e4ten f\u00fcr #CFOs im Jahr 2022 und dar\u00fcber hinaus","twitter_description":"#Top-Priorit\u00e4ten von #CFOs: Im kommenden Jahr die Budgets f\u00fcr Projekte zur digitalen Transformation erh\u00f6hen und neue Talente finden.","twitter_image":"https:\/\/www.organisator.ch\/wp-content\/uploads\/2022\/12\/Das-waren-die-Top-Prioritaeten-fuer-CFOs-im-Jahr-2022-und-darueber-hinaus-1_Organisator.jpg","schema":{"@context":"https:\/\/schema.org","@graph":[{"@type":"Article","@id":"https:\/\/www.organisator.ch\/management\/2022-12-07\/das-waren-die-top-prioritaeten-fuer-cfos-im-jahr-2022-und-darueber-hinaus\/#article","isPartOf":{"@id":"https:\/\/www.organisator.ch\/management\/2022-12-07\/das-waren-die-top-prioritaeten-fuer-cfos-im-jahr-2022-und-darueber-hinaus\/"},"author":{"name":"thomas.berner","@id":"https:\/\/www.organisator.ch\/#\/schema\/person\/6f650f90b2842cd4c0cc334b4e36f67e"},"headline":"Das waren die Top-Priorit\u00e4ten f\u00fcr CFOs im Jahr 2022 und dar\u00fcber hinaus","datePublished":"2022-12-07T08:13:47+00:00","mainEntityOfPage":{"@id":"https:\/\/www.organisator.ch\/management\/2022-12-07\/das-waren-die-top-prioritaeten-fuer-cfos-im-jahr-2022-und-darueber-hinaus\/"},"wordCount":843,"publisher":{"@id":"https:\/\/www.organisator.ch\/#organization"},"image":{"@id":"https:\/\/www.organisator.ch\/management\/2022-12-07\/das-waren-die-top-prioritaeten-fuer-cfos-im-jahr-2022-und-darueber-hinaus\/#primaryimage"},"thumbnailUrl":"https:\/\/www.organisator.ch\/wp-content\/uploads\/2022\/12\/Das-waren-die-Top-Prioritaeten-fuer-CFOs-im-Jahr-2022-und-darueber-hinaus-1_Organisator.jpg","keywords":["Fachkr\u00e4ftemangel","Management und Unternehmensf\u00fchrung","Umfrage"],"articleSection":["MANAGEMENT"],"inLanguage":"de"},{"@type":"WebPage","@id":"https:\/\/www.organisator.ch\/management\/2022-12-07\/das-waren-die-top-prioritaeten-fuer-cfos-im-jahr-2022-und-darueber-hinaus\/","url":"https:\/\/www.organisator.ch\/management\/2022-12-07\/das-waren-die-top-prioritaeten-fuer-cfos-im-jahr-2022-und-darueber-hinaus\/","name":"Das waren die Top-Priorit\u00e4ten f\u00fcr CFOs im Jahr 2022 und dar\u00fcber hinaus - Organisator","isPartOf":{"@id":"https:\/\/www.organisator.ch\/#website"},"primaryImageOfPage":{"@id":"https:\/\/www.organisator.ch\/management\/2022-12-07\/das-waren-die-top-prioritaeten-fuer-cfos-im-jahr-2022-und-darueber-hinaus\/#primaryimage"},"image":{"@id":"https:\/\/www.organisator.ch\/management\/2022-12-07\/das-waren-die-top-prioritaeten-fuer-cfos-im-jahr-2022-und-darueber-hinaus\/#primaryimage"},"thumbnailUrl":"https:\/\/www.organisator.ch\/wp-content\/uploads\/2022\/12\/Das-waren-die-Top-Prioritaeten-fuer-CFOs-im-Jahr-2022-und-darueber-hinaus-1_Organisator.jpg","datePublished":"2022-12-07T08:13:47+00:00","description":"Top-Priorit\u00e4ten von CFOs: Im kommenden Jahr die Budgets f\u00fcr Projekte zur digitalen Transformation erh\u00f6hen und neue Talente finden.","breadcrumb":{"@id":"https:\/\/www.organisator.ch\/management\/2022-12-07\/das-waren-die-top-prioritaeten-fuer-cfos-im-jahr-2022-und-darueber-hinaus\/#breadcrumb"},"inLanguage":"de","potentialAction":[{"@type":"ReadAction","target":["https:\/\/www.organisator.ch\/management\/2022-12-07\/das-waren-die-top-prioritaeten-fuer-cfos-im-jahr-2022-und-darueber-hinaus\/"]}]},{"@type":"ImageObject","inLanguage":"de","@id":"https:\/\/www.organisator.ch\/management\/2022-12-07\/das-waren-die-top-prioritaeten-fuer-cfos-im-jahr-2022-und-darueber-hinaus\/#primaryimage","url":"https:\/\/www.organisator.ch\/wp-content\/uploads\/2022\/12\/Das-waren-die-Top-Prioritaeten-fuer-CFOs-im-Jahr-2022-und-darueber-hinaus-1_Organisator.jpg","contentUrl":"https:\/\/www.organisator.ch\/wp-content\/uploads\/2022\/12\/Das-waren-die-Top-Prioritaeten-fuer-CFOs-im-Jahr-2022-und-darueber-hinaus-1_Organisator.jpg","width":680,"height":407,"caption":"Womit die CFOs dieses Jahr am meisten zufrieden waren - und womit nicht so ganz... (Grafik: Tradeshift)"},{"@type":"BreadcrumbList","@id":"https:\/\/www.organisator.ch\/management\/2022-12-07\/das-waren-die-top-prioritaeten-fuer-cfos-im-jahr-2022-und-darueber-hinaus\/#breadcrumb","itemListElement":[{"@type":"ListItem","position":1,"name":"Home","item":"https:\/\/www.organisator.ch\/"},{"@type":"ListItem","position":2,"name":"Das waren die Top-Priorit\u00e4ten f\u00fcr CFOs im Jahr 2022 und dar\u00fcber hinaus"}]},{"@type":"WebSite","@id":"https:\/\/www.organisator.ch\/#website","url":"https:\/\/www.organisator.ch\/","name":"Organisator","description":"Kompetent. Praxisnah. Der ORGANISATOR bereitet in 10 Ausgaben pro Jahr die wesentlichen Themen f\u00fcr F\u00fchrungskr\u00e4fte von KMU auf.","publisher":{"@id":"https:\/\/www.organisator.ch\/#organization"},"potentialAction":[{"@type":"SearchAction","target":{"@type":"EntryPoint","urlTemplate":"https:\/\/www.organisator.ch\/?s={search_term_string}"},"query-input":{"@type":"PropertyValueSpecification","valueRequired":true,"valueName":"search_term_string"}}],"inLanguage":"de"},{"@type":"Organization","@id":"https:\/\/www.organisator.ch\/#organization","name":"Organisator","url":"https:\/\/www.organisator.ch\/","logo":{"@type":"ImageObject","inLanguage":"de","@id":"https:\/\/www.organisator.ch\/#\/schema\/logo\/image\/","url":"https:\/\/www.organisator.ch\/wp-content\/uploads\/2022\/01\/Logo_Organisator_Website.png","contentUrl":"https:\/\/www.organisator.ch\/wp-content\/uploads\/2022\/01\/Logo_Organisator_Website.png","width":800,"height":77,"caption":"Organisator"},"image":{"@id":"https:\/\/www.organisator.ch\/#\/schema\/logo\/image\/"},"sameAs":["https:\/\/www.facebook.com\/OrganisatorFachmagazin","https:\/\/www.linkedin.com\/showcase\/organisator-das-magazin-fr-kmu","https:\/\/www.xing.com\/news\/pages\/organisator-ch-695","https:\/\/www.youtube.com\/channel\/UCGP2Sq0iWaZwT3BdIAQFYpw"]},{"@type":"Person","@id":"https:\/\/www.organisator.ch\/#\/schema\/person\/6f650f90b2842cd4c0cc334b4e36f67e","name":"thomas.berner","image":{"@type":"ImageObject","inLanguage":"de","@id":"https:\/\/secure.gravatar.com\/avatar\/ac5001d2a36cb6c6cd3e50789007ffca834b477b74a2144564522e944eabff61?s=96&d=mm&r=g","url":"https:\/\/secure.gravatar.com\/avatar\/ac5001d2a36cb6c6cd3e50789007ffca834b477b74a2144564522e944eabff61?s=96&d=mm&r=g","contentUrl":"https:\/\/secure.gravatar.com\/avatar\/ac5001d2a36cb6c6cd3e50789007ffca834b477b74a2144564522e944eabff61?s=96&d=mm&r=g","caption":"thomas.berner"},"url":"https:\/\/www.organisator.ch\/de\/author\/thomas-berner\/"}]}},"_links":{"self":[{"href":"https:\/\/www.organisator.ch\/de\/wp-json\/wp\/v2\/posts\/18175","targetHints":{"allow":["GET"]}}],"collection":[{"href":"https:\/\/www.organisator.ch\/de\/wp-json\/wp\/v2\/posts"}],"about":[{"href":"https:\/\/www.organisator.ch\/de\/wp-json\/wp\/v2\/types\/post"}],"author":[{"embeddable":true,"href":"https:\/\/www.organisator.ch\/de\/wp-json\/wp\/v2\/users\/4"}],"replies":[{"embeddable":true,"href":"https:\/\/www.organisator.ch\/de\/wp-json\/wp\/v2\/comments?post=18175"}],"version-history":[{"count":1,"href":"https:\/\/www.organisator.ch\/de\/wp-json\/wp\/v2\/posts\/18175\/revisions"}],"predecessor-version":[{"id":18178,"href":"https:\/\/www.organisator.ch\/de\/wp-json\/wp\/v2\/posts\/18175\/revisions\/18178"}],"wp:featuredmedia":[{"embeddable":true,"href":"https:\/\/www.organisator.ch\/de\/wp-json\/wp\/v2\/media\/18176"}],"wp:attachment":[{"href":"https:\/\/www.organisator.ch\/de\/wp-json\/wp\/v2\/media?parent=18175"}],"wp:term":[{"taxonomy":"category","embeddable":true,"href":"https:\/\/www.organisator.ch\/de\/wp-json\/wp\/v2\/categories?post=18175"},{"taxonomy":"post_tag","embeddable":true,"href":"https:\/\/www.organisator.ch\/de\/wp-json\/wp\/v2\/tags?post=18175"}],"curies":[{"name":"wp","href":"https:\/\/api.w.org\/{rel}","templated":true}]}}