{"id":1818,"date":"2018-08-09T13:30:02","date_gmt":"2018-08-09T11:30:02","guid":{"rendered":"https:\/\/www.umweltperspektiven.ch\/?p=1818"},"modified":"2022-02-09T11:10:53","modified_gmt":"2022-02-09T10:10:53","slug":"gruene-staedte-senken-das-ueberflutungsrisiko","status":"publish","type":"post","link":"https:\/\/www.organisator.ch\/de\/sustainability\/2018-08-09\/gruene-staedte-senken-das-ueberflutungsrisiko\/","title":{"rendered":"Gr\u00fcne St\u00e4dte senken das \u00dcberflutungsrisiko"},"content":{"rendered":"<figure id=\"attachment_1819\" aria-describedby=\"caption-attachment-1819\" style=\"width: 640px\" class=\"wp-caption alignnone\"><img loading=\"lazy\" decoding=\"async\" class=\"size-full wp-image-1819\" src=\"\/\/www.umweltperspektiven.ch\/wp-content\/uploads\/2018\/08\/Gr\u00fcne-St\u00e4dte-senken-das-\u00dcberflutungsrisiko-up-umweltperspektiven.jpg\" alt=\"\" width=\"640\" height=\"424\" \/><figcaption id=\"caption-attachment-1819\" class=\"wp-caption-text\">In Bern stehen gut 131 Quadratmeter, in Z\u00fcrich jedem Einwohner lediglich 79 Quadratmeter Gr\u00fcn zur Verf\u00fcgung. (Quelle: Tagesanzeiger). (Bild: zVg)<\/figcaption><\/figure>\n<p>Gr\u00fcne St\u00e4dte gibt es auch in der Schweiz, siehe obige Bildlegende, allerdings nehmen in vielen Grossst\u00e4dten die bebauten und versiegelten Fl\u00e4chen aufgrund der steigenden Nachfrage nach Wohnraum stetig zu. \u201eZudem sind kleine Stadtgew\u00e4sser, wie zum Beispiel die Aa in M\u00fcnster (Nordrhein Westfalen), h\u00e4ufig in engen Kan\u00e4len eingeschn\u00fcrt und innerst\u00e4dtische Gr\u00fcnfl\u00e4chen oder Ausweichfl\u00e4chen fehlen. Die Kanalisation kann heftige Niederschl\u00e4ge nicht fassen und es kommt zu urbanen Sturzfluten\u201c, erkl\u00e4rt Prof. Dr. Helmut Gr\u00fcning. \u201eGew\u00e4sser brauchen Platz\u201c, so der Experte f\u00fcr Entw\u00e4sserungstechnik vom Fachbereich Energie \u2013 Geb\u00e4ude \u2013 Umwelt der FH M\u00fcnster.<\/p>\n<p><strong>Extremereignisse<\/strong><\/p>\n<p>Durchschnittlich fallen hierzulande 800 mm Niederschlag in einem Jahr. \u201eDas ist grunds\u00e4tzlich kein Problem, wenn dies \u00fcber das Jahr verteilt geschieht. Im Gegenteil, die klimatischen Bedingungen in Deutschland sind so gut, dass Wassermangelprobleme ein seltenes Ph\u00e4nomen darstellen.\u201c Normalerweise verdunsten zwei Drittel der Niederschl\u00e4ge und ein Drittel versickert. Ziel ist es, diesen nat\u00fcrlichen Wasserhaushalt in urbanen R\u00e4umen weitestgehend aufrecht zu erhalten, anstatt die Abfl\u00fcsse in die Kanalisation einzuleiten.<\/p>\n<p>\u201ePflanzen kommt hier eine enorme Bedeutung zu. Sie sind ein Garant f\u00fcr Verdunstungsprozesse, weil sie Wasser \u00fcber die Wurzeln aufnehmen und \u00fcber die Bl\u00e4tter verdunsten.\u201c Dabei entsteht gleichzeitig Verdunstungsk\u00e4lte \u2013 ein positiver Effekt f\u00fcr hei\u00dfe Sommermonate. \u201eWir k\u00f6nnen nichts Besseres tun, als unsere Geb\u00e4ude zu begr\u00fcnen.\u201c Denn schon ein Gr\u00fcndach oder eine begr\u00fcnte Hausfassade helfen, Verdunstungsfl\u00e4chen zu schaffen. Zudem produzieren Pflanzen Sauerstoff, filtern St\u00e4ube und Luftschadstoffe.<\/p>\n<p><strong>Kein Regenwasser in die Kanalisation leiten<\/strong><\/p>\n<p>\u201eMir ist es wichtig, Ideen zu entwickeln, die der Problematik Starkregen und \u00dcberflutungen (siehe auch <a href=\"\/\/www.umweltperspektiven.ch\/abo-bestellung\/\">&#8222;Ein besserer Umgang mit Starkregenereinissen&#8220;, Umwelt Perspektiven 2018_04<\/a>) entgegenwirken.\u201c Deshalb sei vor allem in Neubaugebieten ein gutes Konzept die Entw\u00e4sserung \u00fcber multifunktionale Fl\u00e4chen. Das k\u00f6nnen Sportpl\u00e4tze, Parks, Gr\u00fcnfl\u00e4chen oder auch Kinderspielpl\u00e4tzen sein, die tempor\u00e4r Wasser aufnehmen k\u00f6nnen. Offene, nicht versiegelte Fl\u00e4chen sch\u00fctzen die Bebauung vor den Folgen von Klimarisiken, weil Regenwasser versickern und durch kontrollierte Verdunstung wieder abgegeben werden kann.<\/p>\n<p>\u201eOptimal w\u00e4re es, m\u00f6glichst gar kein Regenwasser mehr in die Kanalisation zu leiten, sondern dieses komplett versickern und verdunsten zu lassen\u201c, sagt Gr\u00fcning. In gewachsenen urbanen Strukturen wird das aber nur eingeschr\u00e4nkt m\u00f6glich sein.\u00a0Aber auch in eng bebauten Stra\u00dfen sucht Gr\u00fcning nach Chancen zur Stadtbegr\u00fcnung. Deshalb plant er ein Forschungsprojekt, um B\u00e4ume zu etablieren, die mit einem minimalen Platzangebot auskommen, ohne die Parkpl\u00e4tze am Strassenrand zu beschr\u00e4nken.<\/p>\n<p>\u201eHierf\u00fcr ist zwar ein spezielles Bew\u00e4sserungssystem n\u00f6tig, denn w\u00e4hrend der Trockenphasen ben\u00f6tigen die Pflanzen Wasser. Die B\u00e4ume bieten Schatten, Verdunstungsk\u00fchle und sorgen f\u00fcr einen Luftaustausch.\u201c<\/p>\n<p>Stadtbegr\u00fcnung bringe vor allem hinsichtlich der zu erwartenden Klimaver\u00e4nderung viele weitere Vorteile mit sich. \u201eAllerdings m\u00fcssen Stadt- und Verkehrsplaner, aber auch Politiker und Eigenheimbesitzer umdenken, um urbane R\u00e4ume anders zu gestalten und dem \u00dcberflutungsrisiko zu begegnen.\u201c<\/p>\n<p>Links:<\/p>\n<ul>\n<li><em>Prof. Dr. Helmut Gr\u00fcning<\/em><br \/>\n<em><a href=\"\/\/www.fh-muenster.de\/fb4\/ueber-uns\/gruening\/gruening-helmut.php\">https:\/\/www.fh-muenster.de\/fb4\/ueber-uns\/gruening\/gruening-helmut.php<\/a><\/em><\/li>\n<li><em>Fachbereich Energie \u2013 Geb\u00e4ude \u2013 Umwelt<\/em><br \/>\n<em><a href=\"\/\/www.fh-muenster.de\/egu\">www.fh-muenster.de\/egu<\/a><\/em><\/li>\n<\/ul>\n","protected":false},"excerpt":{"rendered":"<p>Gr\u00fcne St\u00e4dte gibt es auch in der Schweiz, siehe obige Bildlegende, allerdings nehmen in vielen Grossst\u00e4dten die bebauten und versiegelten Fl\u00e4chen aufgrund der steigenden Nachfrage nach Wohnraum stetig zu. \u201eZudem sind kleine Stadtgew\u00e4sser, wie zum Beispiel die Aa in M\u00fcnster (Nordrhein Westfalen), h\u00e4ufig in engen Kan\u00e4len eingeschn\u00fcrt und innerst\u00e4dtische Gr\u00fcnfl\u00e4chen oder Ausweichfl\u00e4chen fehlen. Die Kanalisation [&hellip;]<\/p>\n","protected":false},"author":5,"featured_media":9564,"comment_status":"open","ping_status":"open","sticky":false,"template":"","format":"standard","meta":{"_acf_changed":false,"_yoast_wpseo_focuskw":"Gr\u00fcne St\u00e4dte","_yoast_wpseo_metadesc":"Gibt es noch gr\u00fcne St\u00e4dte und was hat Hitze, Gewitter, Starkregen mit unserer Pflanzenwelt zu tun? Prof. Dr. Helmut Gr\u00fcning FH M\u00fcnster weiss Bescheid.","articlekey":"","footnotes":""},"categories":[580],"tags":[1472,1838,2183,2194,2456],"class_list":["post-1818","post","type-post","status-publish","format-standard","has-post-thumbnail","hentry","category-sustainability","tag-kanalisation","tag-niederschlag","tag-stadtbegruenung","tag-starkregen","tag-verkehrsplanung"],"acf":[],"yoast_head":"<!-- This site is optimized with the Yoast SEO plugin v27.4 - https:\/\/yoast.com\/product\/yoast-seo-wordpress\/ -->\n<title>Gr\u00fcne St\u00e4dte senken das \u00dcberflutungsrisiko - Organisator<\/title>\n<meta name=\"description\" content=\"Gibt es noch gr\u00fcne St\u00e4dte und was hat Hitze, Gewitter, Starkregen mit unserer Pflanzenwelt zu tun? Prof. Dr. Helmut Gr\u00fcning FH M\u00fcnster weiss Bescheid.\" \/>\n<meta name=\"robots\" content=\"index, follow, max-snippet:-1, max-image-preview:large, max-video-preview:-1\" \/>\n<link rel=\"canonical\" href=\"https:\/\/www.organisator.ch\/de\/sustainability\/2018-08-09\/gruene-staedte-senken-das-ueberflutungsrisiko\/\" \/>\n<meta property=\"og:locale\" content=\"de_DE\" \/>\n<meta property=\"og:type\" content=\"article\" \/>\n<meta property=\"og:title\" content=\"Gr\u00fcne St\u00e4dte senken das \u00dcberflutungsrisiko - Organisator\" \/>\n<meta property=\"og:description\" content=\"Gibt es noch gr\u00fcne St\u00e4dte und was hat Hitze, Gewitter, Starkregen mit unserer Pflanzenwelt zu tun? Prof. Dr. Helmut Gr\u00fcning FH M\u00fcnster weiss Bescheid.\" \/>\n<meta property=\"og:url\" content=\"https:\/\/www.organisator.ch\/de\/sustainability\/2018-08-09\/gruene-staedte-senken-das-ueberflutungsrisiko\/\" \/>\n<meta property=\"og:site_name\" content=\"Organisator\" \/>\n<meta property=\"article:publisher\" content=\"https:\/\/www.facebook.com\/OrganisatorFachmagazin\" \/>\n<meta property=\"article:published_time\" content=\"2018-08-09T11:30:02+00:00\" \/>\n<meta property=\"article:modified_time\" content=\"2022-02-09T10:10:53+00:00\" \/>\n<meta property=\"og:image\" content=\"https:\/\/www.organisator.ch\/wp-content\/uploads\/2018\/08\/Gruene-Staedte-senken-das-Ueberflutungsrisiko-up-umweltperspektiven.jpg\" \/>\n\t<meta property=\"og:image:width\" content=\"640\" \/>\n\t<meta property=\"og:image:height\" content=\"424\" \/>\n\t<meta property=\"og:image:type\" content=\"image\/jpeg\" \/>\n<meta name=\"author\" content=\"michael.merz\" \/>\n<meta name=\"twitter:card\" content=\"summary_large_image\" \/>\n<script type=\"application\/ld+json\" class=\"yoast-schema-graph\">{\"@context\":\"https:\\\/\\\/schema.org\",\"@graph\":[{\"@type\":\"Article\",\"@id\":\"https:\\\/\\\/www.organisator.ch\\\/sustainability\\\/2018-08-09\\\/gruene-staedte-senken-das-ueberflutungsrisiko\\\/#article\",\"isPartOf\":{\"@id\":\"https:\\\/\\\/www.organisator.ch\\\/sustainability\\\/2018-08-09\\\/gruene-staedte-senken-das-ueberflutungsrisiko\\\/\"},\"author\":{\"name\":\"michael.merz\",\"@id\":\"https:\\\/\\\/www.organisator.ch\\\/#\\\/schema\\\/person\\\/134708ca9321c57b0362cceb7948ffbd\"},\"headline\":\"Gr\u00fcne St\u00e4dte senken das \u00dcberflutungsrisiko\",\"datePublished\":\"2018-08-09T11:30:02+00:00\",\"dateModified\":\"2022-02-09T10:10:53+00:00\",\"mainEntityOfPage\":{\"@id\":\"https:\\\/\\\/www.organisator.ch\\\/sustainability\\\/2018-08-09\\\/gruene-staedte-senken-das-ueberflutungsrisiko\\\/\"},\"wordCount\":560,\"commentCount\":0,\"publisher\":{\"@id\":\"https:\\\/\\\/www.organisator.ch\\\/#organization\"},\"image\":{\"@id\":\"https:\\\/\\\/www.organisator.ch\\\/sustainability\\\/2018-08-09\\\/gruene-staedte-senken-das-ueberflutungsrisiko\\\/#primaryimage\"},\"thumbnailUrl\":\"https:\\\/\\\/www.organisator.ch\\\/wp-content\\\/uploads\\\/2018\\\/08\\\/Gruene-Staedte-senken-das-Ueberflutungsrisiko-up-umweltperspektiven.jpg\",\"keywords\":[\"Kanalisation\",\"Niederschlag\",\"Stadtbegr\u00fcnung\",\"Starkregen\",\"Verkehrsplanung\"],\"articleSection\":[\"SUSTAINABILITY\"],\"inLanguage\":\"de\"},{\"@type\":\"WebPage\",\"@id\":\"https:\\\/\\\/www.organisator.ch\\\/sustainability\\\/2018-08-09\\\/gruene-staedte-senken-das-ueberflutungsrisiko\\\/\",\"url\":\"https:\\\/\\\/www.organisator.ch\\\/sustainability\\\/2018-08-09\\\/gruene-staedte-senken-das-ueberflutungsrisiko\\\/\",\"name\":\"Gr\u00fcne St\u00e4dte senken das \u00dcberflutungsrisiko - Organisator\",\"isPartOf\":{\"@id\":\"https:\\\/\\\/www.organisator.ch\\\/#website\"},\"primaryImageOfPage\":{\"@id\":\"https:\\\/\\\/www.organisator.ch\\\/sustainability\\\/2018-08-09\\\/gruene-staedte-senken-das-ueberflutungsrisiko\\\/#primaryimage\"},\"image\":{\"@id\":\"https:\\\/\\\/www.organisator.ch\\\/sustainability\\\/2018-08-09\\\/gruene-staedte-senken-das-ueberflutungsrisiko\\\/#primaryimage\"},\"thumbnailUrl\":\"https:\\\/\\\/www.organisator.ch\\\/wp-content\\\/uploads\\\/2018\\\/08\\\/Gruene-Staedte-senken-das-Ueberflutungsrisiko-up-umweltperspektiven.jpg\",\"datePublished\":\"2018-08-09T11:30:02+00:00\",\"dateModified\":\"2022-02-09T10:10:53+00:00\",\"description\":\"Gibt es noch gr\u00fcne St\u00e4dte und was hat Hitze, Gewitter, Starkregen mit unserer Pflanzenwelt zu tun? Prof. Dr. Helmut Gr\u00fcning FH M\u00fcnster weiss Bescheid.\",\"breadcrumb\":{\"@id\":\"https:\\\/\\\/www.organisator.ch\\\/sustainability\\\/2018-08-09\\\/gruene-staedte-senken-das-ueberflutungsrisiko\\\/#breadcrumb\"},\"inLanguage\":\"de\",\"potentialAction\":[{\"@type\":\"ReadAction\",\"target\":[\"https:\\\/\\\/www.organisator.ch\\\/sustainability\\\/2018-08-09\\\/gruene-staedte-senken-das-ueberflutungsrisiko\\\/\"]}]},{\"@type\":\"ImageObject\",\"inLanguage\":\"de\",\"@id\":\"https:\\\/\\\/www.organisator.ch\\\/sustainability\\\/2018-08-09\\\/gruene-staedte-senken-das-ueberflutungsrisiko\\\/#primaryimage\",\"url\":\"https:\\\/\\\/www.organisator.ch\\\/wp-content\\\/uploads\\\/2018\\\/08\\\/Gruene-Staedte-senken-das-Ueberflutungsrisiko-up-umweltperspektiven.jpg\",\"contentUrl\":\"https:\\\/\\\/www.organisator.ch\\\/wp-content\\\/uploads\\\/2018\\\/08\\\/Gruene-Staedte-senken-das-Ueberflutungsrisiko-up-umweltperspektiven.jpg\",\"width\":640,\"height\":424,\"caption\":\"In Bern stehen gut 131 Quadratmeter,iIn Z\u00fcrich jedem Einwohner lediglich 79 Quadratmeter Gr\u00fcn zur Verf\u00fcgung. (Quelle: Tagesanzeiger). (Bild: zVg)\"},{\"@type\":\"BreadcrumbList\",\"@id\":\"https:\\\/\\\/www.organisator.ch\\\/sustainability\\\/2018-08-09\\\/gruene-staedte-senken-das-ueberflutungsrisiko\\\/#breadcrumb\",\"itemListElement\":[{\"@type\":\"ListItem\",\"position\":1,\"name\":\"Home\",\"item\":\"https:\\\/\\\/www.organisator.ch\\\/\"},{\"@type\":\"ListItem\",\"position\":2,\"name\":\"Gr\u00fcne St\u00e4dte senken das \u00dcberflutungsrisiko\"}]},{\"@type\":\"WebSite\",\"@id\":\"https:\\\/\\\/www.organisator.ch\\\/#website\",\"url\":\"https:\\\/\\\/www.organisator.ch\\\/\",\"name\":\"Organisator\",\"description\":\"Kompetent. Praxisnah. Der ORGANISATOR bereitet in 10 Ausgaben pro Jahr die wesentlichen Themen f\u00fcr F\u00fchrungskr\u00e4fte von KMU auf.\",\"publisher\":{\"@id\":\"https:\\\/\\\/www.organisator.ch\\\/#organization\"},\"potentialAction\":[{\"@type\":\"SearchAction\",\"target\":{\"@type\":\"EntryPoint\",\"urlTemplate\":\"https:\\\/\\\/www.organisator.ch\\\/?s={search_term_string}\"},\"query-input\":{\"@type\":\"PropertyValueSpecification\",\"valueRequired\":true,\"valueName\":\"search_term_string\"}}],\"inLanguage\":\"de\"},{\"@type\":\"Organization\",\"@id\":\"https:\\\/\\\/www.organisator.ch\\\/#organization\",\"name\":\"Organisator\",\"url\":\"https:\\\/\\\/www.organisator.ch\\\/\",\"logo\":{\"@type\":\"ImageObject\",\"inLanguage\":\"de\",\"@id\":\"https:\\\/\\\/www.organisator.ch\\\/#\\\/schema\\\/logo\\\/image\\\/\",\"url\":\"https:\\\/\\\/www.organisator.ch\\\/wp-content\\\/uploads\\\/2022\\\/01\\\/Logo_Organisator_Website.png\",\"contentUrl\":\"https:\\\/\\\/www.organisator.ch\\\/wp-content\\\/uploads\\\/2022\\\/01\\\/Logo_Organisator_Website.png\",\"width\":800,\"height\":77,\"caption\":\"Organisator\"},\"image\":{\"@id\":\"https:\\\/\\\/www.organisator.ch\\\/#\\\/schema\\\/logo\\\/image\\\/\"},\"sameAs\":[\"https:\\\/\\\/www.facebook.com\\\/OrganisatorFachmagazin\",\"https:\\\/\\\/www.linkedin.com\\\/showcase\\\/organisator-das-magazin-fr-kmu\",\"https:\\\/\\\/www.xing.com\\\/news\\\/pages\\\/organisator-ch-695\",\"https:\\\/\\\/www.youtube.com\\\/channel\\\/UCGP2Sq0iWaZwT3BdIAQFYpw\"]},{\"@type\":\"Person\",\"@id\":\"https:\\\/\\\/www.organisator.ch\\\/#\\\/schema\\\/person\\\/134708ca9321c57b0362cceb7948ffbd\",\"name\":\"michael.merz\",\"image\":{\"@type\":\"ImageObject\",\"inLanguage\":\"de\",\"@id\":\"https:\\\/\\\/secure.gravatar.com\\\/avatar\\\/?s=96&d=mm&r=g\",\"url\":\"https:\\\/\\\/secure.gravatar.com\\\/avatar\\\/?s=96&d=mm&r=g\",\"contentUrl\":\"https:\\\/\\\/secure.gravatar.com\\\/avatar\\\/?s=96&d=mm&r=g\",\"caption\":\"michael.merz\"},\"url\":\"https:\\\/\\\/www.organisator.ch\\\/de\\\/author\\\/michael-merz\\\/\"}]}<\/script>\n<!-- \/ Yoast SEO plugin. -->","yoast_head_json":{"title":"Gr\u00fcne St\u00e4dte senken das \u00dcberflutungsrisiko - Organisator","description":"Gibt es noch gr\u00fcne St\u00e4dte und was hat Hitze, Gewitter, Starkregen mit unserer Pflanzenwelt zu tun? Prof. Dr. Helmut Gr\u00fcning FH M\u00fcnster weiss Bescheid.","robots":{"index":"index","follow":"follow","max-snippet":"max-snippet:-1","max-image-preview":"max-image-preview:large","max-video-preview":"max-video-preview:-1"},"canonical":"https:\/\/www.organisator.ch\/de\/sustainability\/2018-08-09\/gruene-staedte-senken-das-ueberflutungsrisiko\/","og_locale":"de_DE","og_type":"article","og_title":"Gr\u00fcne St\u00e4dte senken das \u00dcberflutungsrisiko - Organisator","og_description":"Gibt es noch gr\u00fcne St\u00e4dte und was hat Hitze, Gewitter, Starkregen mit unserer Pflanzenwelt zu tun? Prof. Dr. Helmut Gr\u00fcning FH M\u00fcnster weiss Bescheid.","og_url":"https:\/\/www.organisator.ch\/de\/sustainability\/2018-08-09\/gruene-staedte-senken-das-ueberflutungsrisiko\/","og_site_name":"Organisator","article_publisher":"https:\/\/www.facebook.com\/OrganisatorFachmagazin","article_published_time":"2018-08-09T11:30:02+00:00","article_modified_time":"2022-02-09T10:10:53+00:00","og_image":[{"width":640,"height":424,"url":"https:\/\/www.organisator.ch\/wp-content\/uploads\/2018\/08\/Gruene-Staedte-senken-das-Ueberflutungsrisiko-up-umweltperspektiven.jpg","type":"image\/jpeg"}],"author":"michael.merz","twitter_card":"summary_large_image","schema":{"@context":"https:\/\/schema.org","@graph":[{"@type":"Article","@id":"https:\/\/www.organisator.ch\/sustainability\/2018-08-09\/gruene-staedte-senken-das-ueberflutungsrisiko\/#article","isPartOf":{"@id":"https:\/\/www.organisator.ch\/sustainability\/2018-08-09\/gruene-staedte-senken-das-ueberflutungsrisiko\/"},"author":{"name":"michael.merz","@id":"https:\/\/www.organisator.ch\/#\/schema\/person\/134708ca9321c57b0362cceb7948ffbd"},"headline":"Gr\u00fcne St\u00e4dte senken das \u00dcberflutungsrisiko","datePublished":"2018-08-09T11:30:02+00:00","dateModified":"2022-02-09T10:10:53+00:00","mainEntityOfPage":{"@id":"https:\/\/www.organisator.ch\/sustainability\/2018-08-09\/gruene-staedte-senken-das-ueberflutungsrisiko\/"},"wordCount":560,"commentCount":0,"publisher":{"@id":"https:\/\/www.organisator.ch\/#organization"},"image":{"@id":"https:\/\/www.organisator.ch\/sustainability\/2018-08-09\/gruene-staedte-senken-das-ueberflutungsrisiko\/#primaryimage"},"thumbnailUrl":"https:\/\/www.organisator.ch\/wp-content\/uploads\/2018\/08\/Gruene-Staedte-senken-das-Ueberflutungsrisiko-up-umweltperspektiven.jpg","keywords":["Kanalisation","Niederschlag","Stadtbegr\u00fcnung","Starkregen","Verkehrsplanung"],"articleSection":["SUSTAINABILITY"],"inLanguage":"de"},{"@type":"WebPage","@id":"https:\/\/www.organisator.ch\/sustainability\/2018-08-09\/gruene-staedte-senken-das-ueberflutungsrisiko\/","url":"https:\/\/www.organisator.ch\/sustainability\/2018-08-09\/gruene-staedte-senken-das-ueberflutungsrisiko\/","name":"Gr\u00fcne St\u00e4dte senken das \u00dcberflutungsrisiko - Organisator","isPartOf":{"@id":"https:\/\/www.organisator.ch\/#website"},"primaryImageOfPage":{"@id":"https:\/\/www.organisator.ch\/sustainability\/2018-08-09\/gruene-staedte-senken-das-ueberflutungsrisiko\/#primaryimage"},"image":{"@id":"https:\/\/www.organisator.ch\/sustainability\/2018-08-09\/gruene-staedte-senken-das-ueberflutungsrisiko\/#primaryimage"},"thumbnailUrl":"https:\/\/www.organisator.ch\/wp-content\/uploads\/2018\/08\/Gruene-Staedte-senken-das-Ueberflutungsrisiko-up-umweltperspektiven.jpg","datePublished":"2018-08-09T11:30:02+00:00","dateModified":"2022-02-09T10:10:53+00:00","description":"Gibt es noch gr\u00fcne St\u00e4dte und was hat Hitze, Gewitter, Starkregen mit unserer Pflanzenwelt zu tun? Prof. Dr. Helmut Gr\u00fcning FH M\u00fcnster weiss Bescheid.","breadcrumb":{"@id":"https:\/\/www.organisator.ch\/sustainability\/2018-08-09\/gruene-staedte-senken-das-ueberflutungsrisiko\/#breadcrumb"},"inLanguage":"de","potentialAction":[{"@type":"ReadAction","target":["https:\/\/www.organisator.ch\/sustainability\/2018-08-09\/gruene-staedte-senken-das-ueberflutungsrisiko\/"]}]},{"@type":"ImageObject","inLanguage":"de","@id":"https:\/\/www.organisator.ch\/sustainability\/2018-08-09\/gruene-staedte-senken-das-ueberflutungsrisiko\/#primaryimage","url":"https:\/\/www.organisator.ch\/wp-content\/uploads\/2018\/08\/Gruene-Staedte-senken-das-Ueberflutungsrisiko-up-umweltperspektiven.jpg","contentUrl":"https:\/\/www.organisator.ch\/wp-content\/uploads\/2018\/08\/Gruene-Staedte-senken-das-Ueberflutungsrisiko-up-umweltperspektiven.jpg","width":640,"height":424,"caption":"In Bern stehen gut 131 Quadratmeter,iIn Z\u00fcrich jedem Einwohner lediglich 79 Quadratmeter Gr\u00fcn zur Verf\u00fcgung. (Quelle: Tagesanzeiger). (Bild: zVg)"},{"@type":"BreadcrumbList","@id":"https:\/\/www.organisator.ch\/sustainability\/2018-08-09\/gruene-staedte-senken-das-ueberflutungsrisiko\/#breadcrumb","itemListElement":[{"@type":"ListItem","position":1,"name":"Home","item":"https:\/\/www.organisator.ch\/"},{"@type":"ListItem","position":2,"name":"Gr\u00fcne St\u00e4dte senken das \u00dcberflutungsrisiko"}]},{"@type":"WebSite","@id":"https:\/\/www.organisator.ch\/#website","url":"https:\/\/www.organisator.ch\/","name":"Organisator","description":"Kompetent. Praxisnah. Der ORGANISATOR bereitet in 10 Ausgaben pro Jahr die wesentlichen Themen f\u00fcr F\u00fchrungskr\u00e4fte von KMU auf.","publisher":{"@id":"https:\/\/www.organisator.ch\/#organization"},"potentialAction":[{"@type":"SearchAction","target":{"@type":"EntryPoint","urlTemplate":"https:\/\/www.organisator.ch\/?s={search_term_string}"},"query-input":{"@type":"PropertyValueSpecification","valueRequired":true,"valueName":"search_term_string"}}],"inLanguage":"de"},{"@type":"Organization","@id":"https:\/\/www.organisator.ch\/#organization","name":"Organisator","url":"https:\/\/www.organisator.ch\/","logo":{"@type":"ImageObject","inLanguage":"de","@id":"https:\/\/www.organisator.ch\/#\/schema\/logo\/image\/","url":"https:\/\/www.organisator.ch\/wp-content\/uploads\/2022\/01\/Logo_Organisator_Website.png","contentUrl":"https:\/\/www.organisator.ch\/wp-content\/uploads\/2022\/01\/Logo_Organisator_Website.png","width":800,"height":77,"caption":"Organisator"},"image":{"@id":"https:\/\/www.organisator.ch\/#\/schema\/logo\/image\/"},"sameAs":["https:\/\/www.facebook.com\/OrganisatorFachmagazin","https:\/\/www.linkedin.com\/showcase\/organisator-das-magazin-fr-kmu","https:\/\/www.xing.com\/news\/pages\/organisator-ch-695","https:\/\/www.youtube.com\/channel\/UCGP2Sq0iWaZwT3BdIAQFYpw"]},{"@type":"Person","@id":"https:\/\/www.organisator.ch\/#\/schema\/person\/134708ca9321c57b0362cceb7948ffbd","name":"michael.merz","image":{"@type":"ImageObject","inLanguage":"de","@id":"https:\/\/secure.gravatar.com\/avatar\/?s=96&d=mm&r=g","url":"https:\/\/secure.gravatar.com\/avatar\/?s=96&d=mm&r=g","contentUrl":"https:\/\/secure.gravatar.com\/avatar\/?s=96&d=mm&r=g","caption":"michael.merz"},"url":"https:\/\/www.organisator.ch\/de\/author\/michael-merz\/"}]}},"_links":{"self":[{"href":"https:\/\/www.organisator.ch\/de\/wp-json\/wp\/v2\/posts\/1818","targetHints":{"allow":["GET"]}}],"collection":[{"href":"https:\/\/www.organisator.ch\/de\/wp-json\/wp\/v2\/posts"}],"about":[{"href":"https:\/\/www.organisator.ch\/de\/wp-json\/wp\/v2\/types\/post"}],"author":[{"embeddable":true,"href":"https:\/\/www.organisator.ch\/de\/wp-json\/wp\/v2\/users\/5"}],"replies":[{"embeddable":true,"href":"https:\/\/www.organisator.ch\/de\/wp-json\/wp\/v2\/comments?post=1818"}],"version-history":[{"count":1,"href":"https:\/\/www.organisator.ch\/de\/wp-json\/wp\/v2\/posts\/1818\/revisions"}],"predecessor-version":[{"id":11029,"href":"https:\/\/www.organisator.ch\/de\/wp-json\/wp\/v2\/posts\/1818\/revisions\/11029"}],"wp:featuredmedia":[{"embeddable":true,"href":"https:\/\/www.organisator.ch\/de\/wp-json\/wp\/v2\/media\/9564"}],"wp:attachment":[{"href":"https:\/\/www.organisator.ch\/de\/wp-json\/wp\/v2\/media?parent=1818"}],"wp:term":[{"taxonomy":"category","embeddable":true,"href":"https:\/\/www.organisator.ch\/de\/wp-json\/wp\/v2\/categories?post=1818"},{"taxonomy":"post_tag","embeddable":true,"href":"https:\/\/www.organisator.ch\/de\/wp-json\/wp\/v2\/tags?post=1818"}],"curies":[{"name":"wp","href":"https:\/\/api.w.org\/{rel}","templated":true}]}}