{"id":1819,"date":"2017-04-24T11:21:58","date_gmt":"2017-04-24T09:21:58","guid":{"rendered":"https:\/\/www.organisator.ch\/?p=1819"},"modified":"2017-04-24T11:21:58","modified_gmt":"2017-04-24T09:21:58","slug":"der-pc-ist-40-jahre-alt","status":"publish","type":"post","link":"https:\/\/www.organisator.ch\/de\/management\/it\/2017-04-24\/der-pc-ist-40-jahre-alt\/","title":{"rendered":"Der PC ist 40 Jahre alt"},"content":{"rendered":"<figure id=\"attachment_1821\" aria-describedby=\"caption-attachment-1821\" style=\"width: 640px\" class=\"wp-caption alignnone\"><img loading=\"lazy\" decoding=\"async\" class=\"size-full wp-image-1821\" src=\"https:\/\/www.organisator.ch\/wp-content\/uploads\/2017\/04\/Der-PC-ist-40-Jahre-alt_Organisator.jpg\" alt=\"\" width=\"640\" height=\"449\" srcset=\"https:\/\/www.organisator.ch\/wp-content\/uploads\/2017\/04\/Der-PC-ist-40-Jahre-alt_Organisator.jpg 640w, https:\/\/www.organisator.ch\/wp-content\/uploads\/2017\/04\/Der-PC-ist-40-Jahre-alt_Organisator-16x12.jpg 16w, https:\/\/www.organisator.ch\/wp-content\/uploads\/2017\/04\/Der-PC-ist-40-Jahre-alt_Organisator-249x175.jpg 249w, https:\/\/www.organisator.ch\/wp-content\/uploads\/2017\/04\/Der-PC-ist-40-Jahre-alt_Organisator-499x350.jpg 499w, https:\/\/www.organisator.ch\/wp-content\/uploads\/2017\/04\/Der-PC-ist-40-Jahre-alt_Organisator-300x210.jpg 300w\" sizes=\"auto, (max-width: 640px) 100vw, 640px\" \/><figcaption id=\"caption-attachment-1821\" class=\"wp-caption-text\">Ein neu aufgelegtes Poster informiert \u00fcber die Entwicklung des PC. (Ausschnitt)<\/figcaption><\/figure>\n<p>Waren es anfangs der 70er Jahre Baus\u00e4tze und Bastelsysteme wie KIM-1, AIM 65, Ohio Scentific, Altair und IMSAI welche die PC-\u00c4ra in Schwung brachten, so erm\u00f6glichten es ab 1977 Firmen wie Apple, Commodore und Tandy Corporation auch privaten Nutzern problemlos ins Computerzeitalter einzusteigen.<\/p>\n<h2>Die Rolle der West Coast Computer Fair<\/h2>\n<p>Am 16. bis 17. April 1977 organisierten Jim Warren und Bob Reiling zur Popularisierung des aufstrebenden Heimcomputers eine Messe in San Francisco im Civic Auditorium. Sie sollte sich in K\u00fcrze zur wichtigsten Messe f\u00fcr die neuentstehende Personal Computer-Industrie entwickeln. An dieser Messe zeigte ein gewisser Chuck Peddle ein All-in-One-Ger\u00e4te mit der Bezeichnung Commodore PET (Personal Electronic Transactor) und zwei junge Computerenthusiasten namens Steve Wonzniak (27) und Steve Jobs (21) einen gut ausbaubaren Apple II. 180 Aussteller, darunter auch Intel, MITS und Digital Research zeigten den 12&#8217;000 Besucher ihre revolution\u00e4ren Produkte und Ideen.<\/p>\n<p>Die West Coast Computer Fair wurde auch weiterhin zur Quelle von Neuank\u00fcndigungen. So stellte beispielsweise Dan Bricklin an der 4. Auflage (Mai 79) die erste Tabellenkalkulation \u201eVisiCalc\u201c vor. Oder an der 5. Auflage (M\u00e4rz 1980) zeigte Microsofts sein erstes Hardwareprodukt, die Z-80 SoftCard, welche dem Apple II die CP\/M-F\u00e4higkeit (Betriebssystem von Gary Kildall von Digital Research) erm\u00f6glichte. Und ein Jahr sp\u00e4ter k\u00fcndete Adam Osborne den ersten transportablen, 11 Kilogramm schweren, Computer, den Osborne 1 (Designer Lee Felsenstein) an. Oder an der 7. Auflage (M\u00e4rz 1982) erlebt die Winchester Festplatte mit 5 MB von Davong Systems f\u00fcr den IBM PC (Angek\u00fcndigt im August 1981) ihre Taufe.<\/p>\n<h2><strong>Von den Basisentwicklungen des PC\u00a0zum heutigen Alltag<\/strong><\/h2>\n<p>Um all diese Basisentwicklungen baute sich in kurzer Zeit weltweit eine Grossindustrie auf, deren Produkte und Dienstleistungen unser t\u00e4gliches Leben im Gesch\u00e4ftsalltag wie auch im privaten Umfeld grundlegend ver\u00e4ndern sollte. Nur ist diese Tatsache den meisten Leuten gar nie bewusstgeworden, denn mobile Ger\u00e4te, drahtlose Kommunikation und Internet geh\u00f6ren zum t\u00e4glichen Leben. Um diese rasante Entwicklung zu illustrieren entstand 1997 zum 20. Jahrestag des PC das erste PC-Geschichtsposter. Um mit dem Tempo st\u00e4ndiger Neuerrungen Stand zu halten, musste das Poster immer wieder ver\u00e4ndert, aktualisiert und erweitert werden.<\/p>\n<h2><strong>Von der Computergeschichte zur digitalen Evolution<\/strong><\/h2>\n<p>Es ist bereits das 5. Poster von Micha und Robert Weiss zur Geschichte der digitalen Evolution. Die vermehrten Anfragen, wann ein aktualisiertes Poster erscheinen w\u00fcrde (letzte Ausgabe 2009), bewog sie, eine stark erweiterte Neuauflage zu realisieren. Die Neugestaltung umfasst eine umfangreiche Erweiterung der Vorgeschichte von den Anf\u00e4ngen der Schrift, der Zahlen und des Rechnens bis zu den Geburtswehen des PCs. Weiter wurde der Zukunftsteil mit Hilfe des IBM-Forschungslabors in R\u00fcschlikon signifikant erweitert. Auch die inhaltlichen Schwerpunkte wurden, den neusten Trends folgend, gelegt. So kommen dem Cognitive Computing, dem Cloud-Computing, den 3D-Druckern, der Sicherheit, den Wearables, den virtuellen Welten, dem Big Data und dem Tablet Computing grosse Bedeutung zu.<\/p>\n<h2><strong>Dimensionen und Einsatz<\/strong><\/h2>\n<p>Das neue zweiteilige Poster ist total 256 cm lang und 90 cm hoch. Es umfasst gegen 1&#8217;500 Bilder, Logos und Grafikelemente, \u00fcber 30&#8217;000 W\u00f6rter mit rund 215&#8217;000 Zeichen. W\u00fcrde man diesen Inhalt in ein Buch im A4-Format umwandeln, so resultierten zwischen 550 und 600 Seiten. Das Poster eignet sich f\u00fcr Schulen als Anschauungsmaterial, f\u00fcr jeden Computer- und Technologieinteressierten als Nachschlagewerk und dank seinem hochwertigen Druck auch als dekoratives Element in jedem B\u00fcro, Computerraum, Unterrichtszimmer oder auch zuhause.<\/p>\n<p>Der Link <a href=\"http:\/\/www.computerposter.ch\/download.html\">www.computerposter.ch\/download.html<\/a> erlaubt eine detaillierte Ansicht des Posters und unter <a href=\"http:\/\/www.computerposter.ch\/\">www.computerposter.ch<\/a> kann es auch bestellt werden.<\/p>\n","protected":false},"excerpt":{"rendered":"<p>Waren es anfangs der 70er Jahre Baus\u00e4tze und Bastelsysteme wie KIM-1, AIM 65, Ohio Scentific, Altair und IMSAI welche die PC-\u00c4ra in Schwung brachten, so erm\u00f6glichten es ab 1977 Firmen wie Apple, Commodore und Tandy Corporation auch privaten Nutzern problemlos ins Computerzeitalter einzusteigen. Die Rolle der West Coast Computer Fair Am 16. bis 17. April [&hellip;]<\/p>\n","protected":false},"author":4,"featured_media":1821,"comment_status":"open","ping_status":"open","sticky":false,"template":"","format":"standard","meta":{"_acf_changed":false,"_yoast_wpseo_focuskw":"PC","_yoast_wpseo_metadesc":"Vor 40 Jahren startete die Erfolgsgeschichte des PC, um dann ab 2007 von den Smartphones und Tablets abgel\u00f6st zu werden. Ein Poster zeigt die Meilensteine.","articlekey":"","footnotes":""},"categories":[27],"tags":[156,286,340,508],"class_list":["post-1819","post","type-post","status-publish","format-standard","has-post-thumbnail","hentry","category-it","tag-digitalisierung","tag-it","tag-maerkte","tag-vermischtes"],"acf":[],"yoast_head":"<!-- This site is optimized with the Yoast SEO plugin v27.5 - https:\/\/yoast.com\/product\/yoast-seo-wordpress\/ -->\n<title>Der PC ist 40 Jahre alt - Organisator<\/title>\n<meta name=\"description\" content=\"Vor 40 Jahren startete die Erfolgsgeschichte des PC, um dann ab 2007 von den Smartphones und Tablets abgel\u00f6st zu werden. Ein Poster zeigt die Meilensteine.\" \/>\n<meta name=\"robots\" content=\"index, follow, max-snippet:-1, max-image-preview:large, max-video-preview:-1\" \/>\n<link rel=\"canonical\" href=\"https:\/\/www.organisator.ch\/de\/management\/it\/2017-04-24\/der-pc-ist-40-jahre-alt\/\" \/>\n<meta property=\"og:locale\" content=\"de_DE\" \/>\n<meta property=\"og:type\" content=\"article\" \/>\n<meta property=\"og:title\" content=\"Der PC ist 40 Jahre alt\" \/>\n<meta property=\"og:description\" content=\"Vor 40 Jahren startete die Erfolgsgeschichte des PCs um dann ab 2007 von den Smartphones und Tablets abgel\u00f6st zu werden. Um die faszinierende Geschichte nachvollziehen zu k\u00f6nnen, haben Robert und Micha Weiss bereist 1997 ein Poster entwickelt, welches nun in seiner 5. stark erweiterten Auflage vorliegt.\" \/>\n<meta property=\"og:url\" content=\"https:\/\/www.organisator.ch\/de\/management\/it\/2017-04-24\/der-pc-ist-40-jahre-alt\/\" \/>\n<meta property=\"og:site_name\" content=\"Organisator\" \/>\n<meta property=\"article:publisher\" content=\"https:\/\/www.facebook.com\/OrganisatorFachmagazin\" \/>\n<meta property=\"article:published_time\" content=\"2017-04-24T09:21:58+00:00\" \/>\n<meta property=\"og:image\" content=\"https:\/\/www.organisator.ch\/wp-content\/uploads\/2017\/04\/Der-PC-ist-40-Jahre-alt_Organisator.jpg\" \/>\n\t<meta property=\"og:image:width\" content=\"640\" \/>\n\t<meta property=\"og:image:height\" content=\"449\" \/>\n\t<meta property=\"og:image:type\" content=\"image\/jpeg\" \/>\n<meta name=\"author\" content=\"thomas.berner\" \/>\n<meta name=\"twitter:card\" content=\"summary_large_image\" \/>\n<script type=\"application\/ld+json\" class=\"yoast-schema-graph\">{\"@context\":\"https:\\\/\\\/schema.org\",\"@graph\":[{\"@type\":\"Article\",\"@id\":\"https:\\\/\\\/www.organisator.ch\\\/management\\\/it\\\/2017-04-24\\\/der-pc-ist-40-jahre-alt\\\/#article\",\"isPartOf\":{\"@id\":\"https:\\\/\\\/www.organisator.ch\\\/management\\\/it\\\/2017-04-24\\\/der-pc-ist-40-jahre-alt\\\/\"},\"author\":{\"name\":\"thomas.berner\",\"@id\":\"https:\\\/\\\/www.organisator.ch\\\/#\\\/schema\\\/person\\\/6f650f90b2842cd4c0cc334b4e36f67e\"},\"headline\":\"Der PC ist 40 Jahre alt\",\"datePublished\":\"2017-04-24T09:21:58+00:00\",\"mainEntityOfPage\":{\"@id\":\"https:\\\/\\\/www.organisator.ch\\\/management\\\/it\\\/2017-04-24\\\/der-pc-ist-40-jahre-alt\\\/\"},\"wordCount\":585,\"commentCount\":0,\"publisher\":{\"@id\":\"https:\\\/\\\/www.organisator.ch\\\/#organization\"},\"image\":{\"@id\":\"https:\\\/\\\/www.organisator.ch\\\/management\\\/it\\\/2017-04-24\\\/der-pc-ist-40-jahre-alt\\\/#primaryimage\"},\"thumbnailUrl\":\"https:\\\/\\\/www.organisator.ch\\\/wp-content\\\/uploads\\\/2017\\\/04\\\/Der-PC-ist-40-Jahre-alt_Organisator.jpg\",\"keywords\":[\"Digitalisierung\",\"IT\",\"M\u00e4rkte\",\"Vermischtes\"],\"articleSection\":[\"IT\"],\"inLanguage\":\"de\"},{\"@type\":\"WebPage\",\"@id\":\"https:\\\/\\\/www.organisator.ch\\\/management\\\/it\\\/2017-04-24\\\/der-pc-ist-40-jahre-alt\\\/\",\"url\":\"https:\\\/\\\/www.organisator.ch\\\/management\\\/it\\\/2017-04-24\\\/der-pc-ist-40-jahre-alt\\\/\",\"name\":\"Der PC ist 40 Jahre alt - Organisator\",\"isPartOf\":{\"@id\":\"https:\\\/\\\/www.organisator.ch\\\/#website\"},\"primaryImageOfPage\":{\"@id\":\"https:\\\/\\\/www.organisator.ch\\\/management\\\/it\\\/2017-04-24\\\/der-pc-ist-40-jahre-alt\\\/#primaryimage\"},\"image\":{\"@id\":\"https:\\\/\\\/www.organisator.ch\\\/management\\\/it\\\/2017-04-24\\\/der-pc-ist-40-jahre-alt\\\/#primaryimage\"},\"thumbnailUrl\":\"https:\\\/\\\/www.organisator.ch\\\/wp-content\\\/uploads\\\/2017\\\/04\\\/Der-PC-ist-40-Jahre-alt_Organisator.jpg\",\"datePublished\":\"2017-04-24T09:21:58+00:00\",\"description\":\"Vor 40 Jahren startete die Erfolgsgeschichte des PC, um dann ab 2007 von den Smartphones und Tablets abgel\u00f6st zu werden. Ein Poster zeigt die Meilensteine.\",\"breadcrumb\":{\"@id\":\"https:\\\/\\\/www.organisator.ch\\\/management\\\/it\\\/2017-04-24\\\/der-pc-ist-40-jahre-alt\\\/#breadcrumb\"},\"inLanguage\":\"de\",\"potentialAction\":[{\"@type\":\"ReadAction\",\"target\":[\"https:\\\/\\\/www.organisator.ch\\\/management\\\/it\\\/2017-04-24\\\/der-pc-ist-40-jahre-alt\\\/\"]}]},{\"@type\":\"ImageObject\",\"inLanguage\":\"de\",\"@id\":\"https:\\\/\\\/www.organisator.ch\\\/management\\\/it\\\/2017-04-24\\\/der-pc-ist-40-jahre-alt\\\/#primaryimage\",\"url\":\"https:\\\/\\\/www.organisator.ch\\\/wp-content\\\/uploads\\\/2017\\\/04\\\/Der-PC-ist-40-Jahre-alt_Organisator.jpg\",\"contentUrl\":\"https:\\\/\\\/www.organisator.ch\\\/wp-content\\\/uploads\\\/2017\\\/04\\\/Der-PC-ist-40-Jahre-alt_Organisator.jpg\",\"width\":640,\"height\":449,\"caption\":\"Ein neu aufgelegtes Poster informiert \u00fcber die Entwicklung des PC. (Ausschnitt)\"},{\"@type\":\"BreadcrumbList\",\"@id\":\"https:\\\/\\\/www.organisator.ch\\\/management\\\/it\\\/2017-04-24\\\/der-pc-ist-40-jahre-alt\\\/#breadcrumb\",\"itemListElement\":[{\"@type\":\"ListItem\",\"position\":1,\"name\":\"Home\",\"item\":\"https:\\\/\\\/www.organisator.ch\\\/\"},{\"@type\":\"ListItem\",\"position\":2,\"name\":\"Der PC ist 40 Jahre alt\"}]},{\"@type\":\"WebSite\",\"@id\":\"https:\\\/\\\/www.organisator.ch\\\/#website\",\"url\":\"https:\\\/\\\/www.organisator.ch\\\/\",\"name\":\"Organisator\",\"description\":\"Kompetent. Praxisnah. Der ORGANISATOR bereitet in 10 Ausgaben pro Jahr die wesentlichen Themen f\u00fcr F\u00fchrungskr\u00e4fte von KMU auf.\",\"publisher\":{\"@id\":\"https:\\\/\\\/www.organisator.ch\\\/#organization\"},\"potentialAction\":[{\"@type\":\"SearchAction\",\"target\":{\"@type\":\"EntryPoint\",\"urlTemplate\":\"https:\\\/\\\/www.organisator.ch\\\/?s={search_term_string}\"},\"query-input\":{\"@type\":\"PropertyValueSpecification\",\"valueRequired\":true,\"valueName\":\"search_term_string\"}}],\"inLanguage\":\"de\"},{\"@type\":\"Organization\",\"@id\":\"https:\\\/\\\/www.organisator.ch\\\/#organization\",\"name\":\"Organisator\",\"url\":\"https:\\\/\\\/www.organisator.ch\\\/\",\"logo\":{\"@type\":\"ImageObject\",\"inLanguage\":\"de\",\"@id\":\"https:\\\/\\\/www.organisator.ch\\\/#\\\/schema\\\/logo\\\/image\\\/\",\"url\":\"https:\\\/\\\/www.organisator.ch\\\/wp-content\\\/uploads\\\/2022\\\/01\\\/Logo_Organisator_Website.png\",\"contentUrl\":\"https:\\\/\\\/www.organisator.ch\\\/wp-content\\\/uploads\\\/2022\\\/01\\\/Logo_Organisator_Website.png\",\"width\":800,\"height\":77,\"caption\":\"Organisator\"},\"image\":{\"@id\":\"https:\\\/\\\/www.organisator.ch\\\/#\\\/schema\\\/logo\\\/image\\\/\"},\"sameAs\":[\"https:\\\/\\\/www.facebook.com\\\/OrganisatorFachmagazin\",\"https:\\\/\\\/www.linkedin.com\\\/showcase\\\/organisator-das-magazin-fr-kmu\",\"https:\\\/\\\/www.xing.com\\\/news\\\/pages\\\/organisator-ch-695\",\"https:\\\/\\\/www.youtube.com\\\/channel\\\/UCGP2Sq0iWaZwT3BdIAQFYpw\"]},{\"@type\":\"Person\",\"@id\":\"https:\\\/\\\/www.organisator.ch\\\/#\\\/schema\\\/person\\\/6f650f90b2842cd4c0cc334b4e36f67e\",\"name\":\"thomas.berner\",\"image\":{\"@type\":\"ImageObject\",\"inLanguage\":\"de\",\"@id\":\"https:\\\/\\\/secure.gravatar.com\\\/avatar\\\/ac5001d2a36cb6c6cd3e50789007ffca834b477b74a2144564522e944eabff61?s=96&d=mm&r=g\",\"url\":\"https:\\\/\\\/secure.gravatar.com\\\/avatar\\\/ac5001d2a36cb6c6cd3e50789007ffca834b477b74a2144564522e944eabff61?s=96&d=mm&r=g\",\"contentUrl\":\"https:\\\/\\\/secure.gravatar.com\\\/avatar\\\/ac5001d2a36cb6c6cd3e50789007ffca834b477b74a2144564522e944eabff61?s=96&d=mm&r=g\",\"caption\":\"thomas.berner\"},\"url\":\"https:\\\/\\\/www.organisator.ch\\\/de\\\/author\\\/thomas-berner\\\/\"}]}<\/script>\n<!-- \/ Yoast SEO plugin. -->","yoast_head_json":{"title":"Der PC ist 40 Jahre alt - Organisator","description":"Vor 40 Jahren startete die Erfolgsgeschichte des PC, um dann ab 2007 von den Smartphones und Tablets abgel\u00f6st zu werden. Ein Poster zeigt die Meilensteine.","robots":{"index":"index","follow":"follow","max-snippet":"max-snippet:-1","max-image-preview":"max-image-preview:large","max-video-preview":"max-video-preview:-1"},"canonical":"https:\/\/www.organisator.ch\/de\/management\/it\/2017-04-24\/der-pc-ist-40-jahre-alt\/","og_locale":"de_DE","og_type":"article","og_title":"Der PC ist 40 Jahre alt","og_description":"Vor 40 Jahren startete die Erfolgsgeschichte des PCs um dann ab 2007 von den Smartphones und Tablets abgel\u00f6st zu werden. Um die faszinierende Geschichte nachvollziehen zu k\u00f6nnen, haben Robert und Micha Weiss bereist 1997 ein Poster entwickelt, welches nun in seiner 5. stark erweiterten Auflage vorliegt.","og_url":"https:\/\/www.organisator.ch\/de\/management\/it\/2017-04-24\/der-pc-ist-40-jahre-alt\/","og_site_name":"Organisator","article_publisher":"https:\/\/www.facebook.com\/OrganisatorFachmagazin","article_published_time":"2017-04-24T09:21:58+00:00","og_image":[{"width":640,"height":449,"url":"https:\/\/www.organisator.ch\/wp-content\/uploads\/2017\/04\/Der-PC-ist-40-Jahre-alt_Organisator.jpg","type":"image\/jpeg"}],"author":"thomas.berner","twitter_card":"summary_large_image","schema":{"@context":"https:\/\/schema.org","@graph":[{"@type":"Article","@id":"https:\/\/www.organisator.ch\/management\/it\/2017-04-24\/der-pc-ist-40-jahre-alt\/#article","isPartOf":{"@id":"https:\/\/www.organisator.ch\/management\/it\/2017-04-24\/der-pc-ist-40-jahre-alt\/"},"author":{"name":"thomas.berner","@id":"https:\/\/www.organisator.ch\/#\/schema\/person\/6f650f90b2842cd4c0cc334b4e36f67e"},"headline":"Der PC ist 40 Jahre alt","datePublished":"2017-04-24T09:21:58+00:00","mainEntityOfPage":{"@id":"https:\/\/www.organisator.ch\/management\/it\/2017-04-24\/der-pc-ist-40-jahre-alt\/"},"wordCount":585,"commentCount":0,"publisher":{"@id":"https:\/\/www.organisator.ch\/#organization"},"image":{"@id":"https:\/\/www.organisator.ch\/management\/it\/2017-04-24\/der-pc-ist-40-jahre-alt\/#primaryimage"},"thumbnailUrl":"https:\/\/www.organisator.ch\/wp-content\/uploads\/2017\/04\/Der-PC-ist-40-Jahre-alt_Organisator.jpg","keywords":["Digitalisierung","IT","M\u00e4rkte","Vermischtes"],"articleSection":["IT"],"inLanguage":"de"},{"@type":"WebPage","@id":"https:\/\/www.organisator.ch\/management\/it\/2017-04-24\/der-pc-ist-40-jahre-alt\/","url":"https:\/\/www.organisator.ch\/management\/it\/2017-04-24\/der-pc-ist-40-jahre-alt\/","name":"Der PC ist 40 Jahre alt - Organisator","isPartOf":{"@id":"https:\/\/www.organisator.ch\/#website"},"primaryImageOfPage":{"@id":"https:\/\/www.organisator.ch\/management\/it\/2017-04-24\/der-pc-ist-40-jahre-alt\/#primaryimage"},"image":{"@id":"https:\/\/www.organisator.ch\/management\/it\/2017-04-24\/der-pc-ist-40-jahre-alt\/#primaryimage"},"thumbnailUrl":"https:\/\/www.organisator.ch\/wp-content\/uploads\/2017\/04\/Der-PC-ist-40-Jahre-alt_Organisator.jpg","datePublished":"2017-04-24T09:21:58+00:00","description":"Vor 40 Jahren startete die Erfolgsgeschichte des PC, um dann ab 2007 von den Smartphones und Tablets abgel\u00f6st zu werden. Ein Poster zeigt die Meilensteine.","breadcrumb":{"@id":"https:\/\/www.organisator.ch\/management\/it\/2017-04-24\/der-pc-ist-40-jahre-alt\/#breadcrumb"},"inLanguage":"de","potentialAction":[{"@type":"ReadAction","target":["https:\/\/www.organisator.ch\/management\/it\/2017-04-24\/der-pc-ist-40-jahre-alt\/"]}]},{"@type":"ImageObject","inLanguage":"de","@id":"https:\/\/www.organisator.ch\/management\/it\/2017-04-24\/der-pc-ist-40-jahre-alt\/#primaryimage","url":"https:\/\/www.organisator.ch\/wp-content\/uploads\/2017\/04\/Der-PC-ist-40-Jahre-alt_Organisator.jpg","contentUrl":"https:\/\/www.organisator.ch\/wp-content\/uploads\/2017\/04\/Der-PC-ist-40-Jahre-alt_Organisator.jpg","width":640,"height":449,"caption":"Ein neu aufgelegtes Poster informiert \u00fcber die Entwicklung des PC. (Ausschnitt)"},{"@type":"BreadcrumbList","@id":"https:\/\/www.organisator.ch\/management\/it\/2017-04-24\/der-pc-ist-40-jahre-alt\/#breadcrumb","itemListElement":[{"@type":"ListItem","position":1,"name":"Home","item":"https:\/\/www.organisator.ch\/"},{"@type":"ListItem","position":2,"name":"Der PC ist 40 Jahre alt"}]},{"@type":"WebSite","@id":"https:\/\/www.organisator.ch\/#website","url":"https:\/\/www.organisator.ch\/","name":"Organisator","description":"Kompetent. Praxisnah. Der ORGANISATOR bereitet in 10 Ausgaben pro Jahr die wesentlichen Themen f\u00fcr F\u00fchrungskr\u00e4fte von KMU auf.","publisher":{"@id":"https:\/\/www.organisator.ch\/#organization"},"potentialAction":[{"@type":"SearchAction","target":{"@type":"EntryPoint","urlTemplate":"https:\/\/www.organisator.ch\/?s={search_term_string}"},"query-input":{"@type":"PropertyValueSpecification","valueRequired":true,"valueName":"search_term_string"}}],"inLanguage":"de"},{"@type":"Organization","@id":"https:\/\/www.organisator.ch\/#organization","name":"Organisator","url":"https:\/\/www.organisator.ch\/","logo":{"@type":"ImageObject","inLanguage":"de","@id":"https:\/\/www.organisator.ch\/#\/schema\/logo\/image\/","url":"https:\/\/www.organisator.ch\/wp-content\/uploads\/2022\/01\/Logo_Organisator_Website.png","contentUrl":"https:\/\/www.organisator.ch\/wp-content\/uploads\/2022\/01\/Logo_Organisator_Website.png","width":800,"height":77,"caption":"Organisator"},"image":{"@id":"https:\/\/www.organisator.ch\/#\/schema\/logo\/image\/"},"sameAs":["https:\/\/www.facebook.com\/OrganisatorFachmagazin","https:\/\/www.linkedin.com\/showcase\/organisator-das-magazin-fr-kmu","https:\/\/www.xing.com\/news\/pages\/organisator-ch-695","https:\/\/www.youtube.com\/channel\/UCGP2Sq0iWaZwT3BdIAQFYpw"]},{"@type":"Person","@id":"https:\/\/www.organisator.ch\/#\/schema\/person\/6f650f90b2842cd4c0cc334b4e36f67e","name":"thomas.berner","image":{"@type":"ImageObject","inLanguage":"de","@id":"https:\/\/secure.gravatar.com\/avatar\/ac5001d2a36cb6c6cd3e50789007ffca834b477b74a2144564522e944eabff61?s=96&d=mm&r=g","url":"https:\/\/secure.gravatar.com\/avatar\/ac5001d2a36cb6c6cd3e50789007ffca834b477b74a2144564522e944eabff61?s=96&d=mm&r=g","contentUrl":"https:\/\/secure.gravatar.com\/avatar\/ac5001d2a36cb6c6cd3e50789007ffca834b477b74a2144564522e944eabff61?s=96&d=mm&r=g","caption":"thomas.berner"},"url":"https:\/\/www.organisator.ch\/de\/author\/thomas-berner\/"}]}},"_links":{"self":[{"href":"https:\/\/www.organisator.ch\/de\/wp-json\/wp\/v2\/posts\/1819","targetHints":{"allow":["GET"]}}],"collection":[{"href":"https:\/\/www.organisator.ch\/de\/wp-json\/wp\/v2\/posts"}],"about":[{"href":"https:\/\/www.organisator.ch\/de\/wp-json\/wp\/v2\/types\/post"}],"author":[{"embeddable":true,"href":"https:\/\/www.organisator.ch\/de\/wp-json\/wp\/v2\/users\/4"}],"replies":[{"embeddable":true,"href":"https:\/\/www.organisator.ch\/de\/wp-json\/wp\/v2\/comments?post=1819"}],"version-history":[{"count":0,"href":"https:\/\/www.organisator.ch\/de\/wp-json\/wp\/v2\/posts\/1819\/revisions"}],"wp:featuredmedia":[{"embeddable":true,"href":"https:\/\/www.organisator.ch\/de\/wp-json\/wp\/v2\/media\/1821"}],"wp:attachment":[{"href":"https:\/\/www.organisator.ch\/de\/wp-json\/wp\/v2\/media?parent=1819"}],"wp:term":[{"taxonomy":"category","embeddable":true,"href":"https:\/\/www.organisator.ch\/de\/wp-json\/wp\/v2\/categories?post=1819"},{"taxonomy":"post_tag","embeddable":true,"href":"https:\/\/www.organisator.ch\/de\/wp-json\/wp\/v2\/tags?post=1819"}],"curies":[{"name":"wp","href":"https:\/\/api.w.org\/{rel}","templated":true}]}}