{"id":18194,"date":"2022-12-08T09:36:19","date_gmt":"2022-12-08T08:36:19","guid":{"rendered":"https:\/\/www.organisator.ch\/?p=18194"},"modified":"2022-12-08T09:36:19","modified_gmt":"2022-12-08T08:36:19","slug":"thomas-knuesel-ist-neuer-ceo-von-cyberlink","status":"publish","type":"post","link":"https:\/\/www.organisator.ch\/de\/management\/2022-12-08\/thomas-knuesel-ist-neuer-ceo-von-cyberlink\/","title":{"rendered":"Thomas Kn\u00fcsel ist neuer CEO von Cyberlink"},"content":{"rendered":"<figure id=\"attachment_18195\" aria-describedby=\"caption-attachment-18195\" style=\"width: 680px\" class=\"wp-caption alignnone\"><img loading=\"lazy\" decoding=\"async\" class=\"size-full wp-image-18195\" src=\"https:\/\/www.organisator.ch\/wp-content\/uploads\/2022\/12\/Thomas-Knuesel-ist-neuer-CEO-von-Cyberlink_Organisator.jpg\" alt=\"\" width=\"680\" height=\"611\" srcset=\"https:\/\/www.organisator.ch\/wp-content\/uploads\/2022\/12\/Thomas-Knuesel-ist-neuer-CEO-von-Cyberlink_Organisator.jpg 680w, https:\/\/www.organisator.ch\/wp-content\/uploads\/2022\/12\/Thomas-Knuesel-ist-neuer-CEO-von-Cyberlink_Organisator-13x12.jpg 13w, https:\/\/www.organisator.ch\/wp-content\/uploads\/2022\/12\/Thomas-Knuesel-ist-neuer-CEO-von-Cyberlink_Organisator-334x300.jpg 334w, https:\/\/www.organisator.ch\/wp-content\/uploads\/2022\/12\/Thomas-Knuesel-ist-neuer-CEO-von-Cyberlink_Organisator-390x350.jpg 390w\" sizes=\"auto, (max-width: 680px) 100vw, 680px\" \/><figcaption id=\"caption-attachment-18195\" class=\"wp-caption-text\">Der neue CEO von Cyberlink AG: Thomas Kn\u00fcsel (49). (Bild: Cyberlink)<\/figcaption><\/figure>\n<p>Seit 1995 ist die Cyberlink AG unabh\u00e4ngiger Schweizer Managed Service Provider f\u00fcr ICT-Infrastrukturen. Das Serviceportfolio umfasst <a href=\"https:\/\/www.cyberlink.ch\/de\/cloud?&amp;utm_source=pressrelease&amp;utm_medium=email&amp;utm_campaign=brandawareness&amp;utm_content=textlink\">Cloud<\/a>&#8211; und <a href=\"https:\/\/www.cyberlink.ch\/de\/connectivity?&amp;utm_source=pressrelease&amp;utm_medium=email&amp;utm_campaign=brandawareness&amp;utm_content=textlink\">Connectivity Services<\/a> und richtet sich ausschliesslich an Gesch\u00e4ftskunden. Die Cloud-Plattform z\u00e4hlt nach eigenen Angaben mit zu den modernsten in der Schweiz und darauf erbrachte Dienstleistungen werden nach dem ISAE-3402-Standard auditiert. Nun hat Thomas Kn\u00fcsel (49) die CEO-Position von Beat Tinner \u00fcbernommen. Tinner, der das Unternehmen gegr\u00fcndet hat, hat sich per Ende Oktober aus der Gesch\u00e4ftsleitung und dem operativen Gesch\u00e4ft zur\u00fcckgezogen, bleibt aber weiterhin Verwaltungsratspr\u00e4sident. Kn\u00fcsel arbeitet seit zehn Jahren f\u00fcr Cyberlink und verantwortete zuletzt als COO die operativen T\u00e4tigkeiten des MSPs mit Fokus auf Cloud und Connectivity. Er h\u00e4lt einen Degree in Electrical Engineering, einen Executive MBA und absolvierte an der University of Virginia Darden School of Business ein Leadership Programm.<\/p>\n<p>Nachfolger von Thomas Kn\u00fcsel als neuer Head of Operations sowie Mitglied der Gesch\u00e4ftsleitung ist Michael Sommer (37) \u2013 ein langj\u00e4hriger Cyberlink Mitarbeiter, der seit \u00fcber zw\u00f6lf Jahren an Bord ist. Davon leitete er f\u00fcnf Jahre lang das Operations Team. In den letzten zwei Jahren war er zudem mitverantwortlich f\u00fcr das interne und externe Projektmanagement und verantwortete zuletzt auch das Service Delivery Team. Die \u00dcbergabe der operativen Themen an Michael Sommer biete Thomas Kn\u00fcsel die M\u00f6glichkeit, sich k\u00fcnftig noch intensiver um strategische Themen zu k\u00fcmmern und noch marktn\u00e4her agieren zu k\u00f6nnen, wie es heisst.<\/p>\n<p>Ebenfalls aus den eigenen Reihen kommt die neue Head of Finance, Sonja Bucher (30). Sie \u00fcbernimmt den Finanzbereich von Simon Anderegg, der sich als Gesch\u00e4ftsleitungsmitglied zuk\u00fcnftig auf Marktthemen fokussiert. Sonja Bucher ist Dipl. Betriebswirtschafterin HF, seit 2019 f\u00fcr Cyberlink t\u00e4tig und war vor ihrer Bef\u00f6rderung Team Leader Finance &amp; Admin sowie seit Herbst 2021 auch HR-Managerin. Komplettiert wird die Cyberlink Gesch\u00e4ftsleitung durch CSO Stephan Ulrich. Er verantwortet weiterhin den Bereich Sales. Mit der Verankerung der beiden Service-Bereiche in der Gesch\u00e4ftsleitung wird die Kunden- und Marktorientierung des Unternehmens weiter gest\u00e4rkt.<\/p>\n<p>Die hohe Kundenzufriedenheit schl\u00e4gt sich auch im Bilanz Telekom Rating nieder: Gesch\u00e4ftskunden haben Cyberlink dieses Jahr zum f\u00fcnften Mal in Folge zum Leader in der Kategorie \u00abInternet Service Provider &amp; Corporate Networks\u00bb gek\u00fcrt.<\/p>\n<p><em>Quelle und weitere Informationen: <a href=\"https:\/\/www.cyberlink.ch\/de\">Cyberlink AG<\/a><\/em><\/p>\n","protected":false},"excerpt":{"rendered":"<p>Seit 1995 ist die Cyberlink AG unabh\u00e4ngiger Schweizer Managed Service Provider f\u00fcr ICT-Infrastrukturen. Das Serviceportfolio umfasst Cloud&#8211; und Connectivity Services und richtet sich ausschliesslich an Gesch\u00e4ftskunden. Die Cloud-Plattform z\u00e4hlt nach eigenen Angaben mit zu den modernsten in der Schweiz und darauf erbrachte Dienstleistungen werden nach dem ISAE-3402-Standard auditiert. Nun hat Thomas Kn\u00fcsel (49) die CEO-Position [&hellip;]<\/p>\n","protected":false},"author":4,"featured_media":18195,"comment_status":"closed","ping_status":"closed","sticky":false,"template":"","format":"standard","meta":{"_acf_changed":false,"_yoast_wpseo_focuskw":"Thomas Kn\u00fcsel","_yoast_wpseo_metadesc":"Die Cyberlink AG hat einen neuen CEO. Thomas Kn\u00fcsel, bisheriger COO, hat die Position von Unternehmensgr\u00fcnder Beat Tinner \u00fcbernommen.","articlekey":"","footnotes":""},"categories":[28],"tags":[286,381,492],"class_list":["post-18194","post","type-post","status-publish","format-standard","has-post-thumbnail","hentry","category-management","tag-it","tag-personalia","tag-unternehmen"],"acf":[],"yoast_head":"<!-- This site is optimized with the Yoast SEO plugin v27.5 - https:\/\/yoast.com\/product\/yoast-seo-wordpress\/ -->\n<title>Thomas Kn\u00fcsel ist neuer CEO von Cyberlink - Organisator<\/title>\n<meta name=\"description\" content=\"Die Cyberlink AG hat einen neuen CEO. Thomas Kn\u00fcsel, bisheriger COO, hat die Position von Unternehmensgr\u00fcnder Beat Tinner \u00fcbernommen.\" \/>\n<meta name=\"robots\" content=\"index, follow, max-snippet:-1, max-image-preview:large, max-video-preview:-1\" \/>\n<link rel=\"canonical\" href=\"https:\/\/www.organisator.ch\/de\/management\/2022-12-08\/thomas-knuesel-ist-neuer-ceo-von-cyberlink\/\" \/>\n<meta property=\"og:locale\" content=\"de_DE\" \/>\n<meta property=\"og:type\" content=\"article\" \/>\n<meta property=\"og:title\" content=\"Thomas Kn\u00fcsel ist neuer CEO von Cyberlink\" \/>\n<meta property=\"og:description\" content=\"Die Cyberlink AG hat einen neuen CEO. Thomas Kn\u00fcsel, bisheriger COO, hat die Position von Unternehmensgr\u00fcnder Beat Tinner \u00fcbernommen.\" \/>\n<meta property=\"og:url\" content=\"https:\/\/www.organisator.ch\/de\/management\/2022-12-08\/thomas-knuesel-ist-neuer-ceo-von-cyberlink\/\" \/>\n<meta property=\"og:site_name\" content=\"Organisator\" \/>\n<meta property=\"article:publisher\" content=\"https:\/\/www.facebook.com\/OrganisatorFachmagazin\" \/>\n<meta property=\"article:published_time\" content=\"2022-12-08T08:36:19+00:00\" \/>\n<meta property=\"og:image\" content=\"https:\/\/www.organisator.ch\/wp-content\/uploads\/2022\/12\/Thomas-Knuesel-ist-neuer-CEO-von-Cyberlink_Organisator.jpg\" \/>\n\t<meta property=\"og:image:width\" content=\"680\" \/>\n\t<meta property=\"og:image:height\" content=\"611\" \/>\n\t<meta property=\"og:image:type\" content=\"image\/jpeg\" \/>\n<meta name=\"author\" content=\"thomas.berner\" \/>\n<meta name=\"twitter:card\" content=\"summary_large_image\" \/>\n<meta name=\"twitter:title\" content=\"Thomas #Kn\u00fcsel ist neuer CEO von #Cyberlink\" \/>\n<meta name=\"twitter:description\" content=\"Die #Cyberlink AG hat einen neuen CEO. Thomas Kn\u00fcsel, bisheriger COO, hat die Position von Unternehmensgr\u00fcnder Beat Tinner \u00fcbernommen.\" \/>\n<meta name=\"twitter:image\" content=\"https:\/\/www.organisator.ch\/wp-content\/uploads\/2022\/12\/Thomas-Knuesel-ist-neuer-CEO-von-Cyberlink_Organisator.jpg\" \/>\n<script type=\"application\/ld+json\" class=\"yoast-schema-graph\">{\"@context\":\"https:\\\/\\\/schema.org\",\"@graph\":[{\"@type\":\"Article\",\"@id\":\"https:\\\/\\\/www.organisator.ch\\\/management\\\/2022-12-08\\\/thomas-knuesel-ist-neuer-ceo-von-cyberlink\\\/#article\",\"isPartOf\":{\"@id\":\"https:\\\/\\\/www.organisator.ch\\\/management\\\/2022-12-08\\\/thomas-knuesel-ist-neuer-ceo-von-cyberlink\\\/\"},\"author\":{\"name\":\"thomas.berner\",\"@id\":\"https:\\\/\\\/www.organisator.ch\\\/#\\\/schema\\\/person\\\/6f650f90b2842cd4c0cc334b4e36f67e\"},\"headline\":\"Thomas Kn\u00fcsel ist neuer CEO von Cyberlink\",\"datePublished\":\"2022-12-08T08:36:19+00:00\",\"mainEntityOfPage\":{\"@id\":\"https:\\\/\\\/www.organisator.ch\\\/management\\\/2022-12-08\\\/thomas-knuesel-ist-neuer-ceo-von-cyberlink\\\/\"},\"wordCount\":408,\"publisher\":{\"@id\":\"https:\\\/\\\/www.organisator.ch\\\/#organization\"},\"image\":{\"@id\":\"https:\\\/\\\/www.organisator.ch\\\/management\\\/2022-12-08\\\/thomas-knuesel-ist-neuer-ceo-von-cyberlink\\\/#primaryimage\"},\"thumbnailUrl\":\"https:\\\/\\\/www.organisator.ch\\\/wp-content\\\/uploads\\\/2022\\\/12\\\/Thomas-Knuesel-ist-neuer-CEO-von-Cyberlink_Organisator.jpg\",\"keywords\":[\"IT\",\"Personalia\",\"Unternehmen\"],\"articleSection\":[\"MANAGEMENT\"],\"inLanguage\":\"de\"},{\"@type\":\"WebPage\",\"@id\":\"https:\\\/\\\/www.organisator.ch\\\/management\\\/2022-12-08\\\/thomas-knuesel-ist-neuer-ceo-von-cyberlink\\\/\",\"url\":\"https:\\\/\\\/www.organisator.ch\\\/management\\\/2022-12-08\\\/thomas-knuesel-ist-neuer-ceo-von-cyberlink\\\/\",\"name\":\"Thomas Kn\u00fcsel ist neuer CEO von Cyberlink - Organisator\",\"isPartOf\":{\"@id\":\"https:\\\/\\\/www.organisator.ch\\\/#website\"},\"primaryImageOfPage\":{\"@id\":\"https:\\\/\\\/www.organisator.ch\\\/management\\\/2022-12-08\\\/thomas-knuesel-ist-neuer-ceo-von-cyberlink\\\/#primaryimage\"},\"image\":{\"@id\":\"https:\\\/\\\/www.organisator.ch\\\/management\\\/2022-12-08\\\/thomas-knuesel-ist-neuer-ceo-von-cyberlink\\\/#primaryimage\"},\"thumbnailUrl\":\"https:\\\/\\\/www.organisator.ch\\\/wp-content\\\/uploads\\\/2022\\\/12\\\/Thomas-Knuesel-ist-neuer-CEO-von-Cyberlink_Organisator.jpg\",\"datePublished\":\"2022-12-08T08:36:19+00:00\",\"description\":\"Die Cyberlink AG hat einen neuen CEO. Thomas Kn\u00fcsel, bisheriger COO, hat die Position von Unternehmensgr\u00fcnder Beat Tinner \u00fcbernommen.\",\"breadcrumb\":{\"@id\":\"https:\\\/\\\/www.organisator.ch\\\/management\\\/2022-12-08\\\/thomas-knuesel-ist-neuer-ceo-von-cyberlink\\\/#breadcrumb\"},\"inLanguage\":\"de\",\"potentialAction\":[{\"@type\":\"ReadAction\",\"target\":[\"https:\\\/\\\/www.organisator.ch\\\/management\\\/2022-12-08\\\/thomas-knuesel-ist-neuer-ceo-von-cyberlink\\\/\"]}]},{\"@type\":\"ImageObject\",\"inLanguage\":\"de\",\"@id\":\"https:\\\/\\\/www.organisator.ch\\\/management\\\/2022-12-08\\\/thomas-knuesel-ist-neuer-ceo-von-cyberlink\\\/#primaryimage\",\"url\":\"https:\\\/\\\/www.organisator.ch\\\/wp-content\\\/uploads\\\/2022\\\/12\\\/Thomas-Knuesel-ist-neuer-CEO-von-Cyberlink_Organisator.jpg\",\"contentUrl\":\"https:\\\/\\\/www.organisator.ch\\\/wp-content\\\/uploads\\\/2022\\\/12\\\/Thomas-Knuesel-ist-neuer-CEO-von-Cyberlink_Organisator.jpg\",\"width\":680,\"height\":611,\"caption\":\"Der neue CEO von Cyberlink AG: Thomas Kn\u00fcsel (49). (Bild: Cyberlink)\"},{\"@type\":\"BreadcrumbList\",\"@id\":\"https:\\\/\\\/www.organisator.ch\\\/management\\\/2022-12-08\\\/thomas-knuesel-ist-neuer-ceo-von-cyberlink\\\/#breadcrumb\",\"itemListElement\":[{\"@type\":\"ListItem\",\"position\":1,\"name\":\"Home\",\"item\":\"https:\\\/\\\/www.organisator.ch\\\/\"},{\"@type\":\"ListItem\",\"position\":2,\"name\":\"Thomas Kn\u00fcsel ist neuer CEO von Cyberlink\"}]},{\"@type\":\"WebSite\",\"@id\":\"https:\\\/\\\/www.organisator.ch\\\/#website\",\"url\":\"https:\\\/\\\/www.organisator.ch\\\/\",\"name\":\"Organisator\",\"description\":\"Kompetent. Praxisnah. Der ORGANISATOR bereitet in 10 Ausgaben pro Jahr die wesentlichen Themen f\u00fcr F\u00fchrungskr\u00e4fte von KMU auf.\",\"publisher\":{\"@id\":\"https:\\\/\\\/www.organisator.ch\\\/#organization\"},\"potentialAction\":[{\"@type\":\"SearchAction\",\"target\":{\"@type\":\"EntryPoint\",\"urlTemplate\":\"https:\\\/\\\/www.organisator.ch\\\/?s={search_term_string}\"},\"query-input\":{\"@type\":\"PropertyValueSpecification\",\"valueRequired\":true,\"valueName\":\"search_term_string\"}}],\"inLanguage\":\"de\"},{\"@type\":\"Organization\",\"@id\":\"https:\\\/\\\/www.organisator.ch\\\/#organization\",\"name\":\"Organisator\",\"url\":\"https:\\\/\\\/www.organisator.ch\\\/\",\"logo\":{\"@type\":\"ImageObject\",\"inLanguage\":\"de\",\"@id\":\"https:\\\/\\\/www.organisator.ch\\\/#\\\/schema\\\/logo\\\/image\\\/\",\"url\":\"https:\\\/\\\/www.organisator.ch\\\/wp-content\\\/uploads\\\/2022\\\/01\\\/Logo_Organisator_Website.png\",\"contentUrl\":\"https:\\\/\\\/www.organisator.ch\\\/wp-content\\\/uploads\\\/2022\\\/01\\\/Logo_Organisator_Website.png\",\"width\":800,\"height\":77,\"caption\":\"Organisator\"},\"image\":{\"@id\":\"https:\\\/\\\/www.organisator.ch\\\/#\\\/schema\\\/logo\\\/image\\\/\"},\"sameAs\":[\"https:\\\/\\\/www.facebook.com\\\/OrganisatorFachmagazin\",\"https:\\\/\\\/www.linkedin.com\\\/showcase\\\/organisator-das-magazin-fr-kmu\",\"https:\\\/\\\/www.xing.com\\\/news\\\/pages\\\/organisator-ch-695\",\"https:\\\/\\\/www.youtube.com\\\/channel\\\/UCGP2Sq0iWaZwT3BdIAQFYpw\"]},{\"@type\":\"Person\",\"@id\":\"https:\\\/\\\/www.organisator.ch\\\/#\\\/schema\\\/person\\\/6f650f90b2842cd4c0cc334b4e36f67e\",\"name\":\"thomas.berner\",\"image\":{\"@type\":\"ImageObject\",\"inLanguage\":\"de\",\"@id\":\"https:\\\/\\\/secure.gravatar.com\\\/avatar\\\/ac5001d2a36cb6c6cd3e50789007ffca834b477b74a2144564522e944eabff61?s=96&d=mm&r=g\",\"url\":\"https:\\\/\\\/secure.gravatar.com\\\/avatar\\\/ac5001d2a36cb6c6cd3e50789007ffca834b477b74a2144564522e944eabff61?s=96&d=mm&r=g\",\"contentUrl\":\"https:\\\/\\\/secure.gravatar.com\\\/avatar\\\/ac5001d2a36cb6c6cd3e50789007ffca834b477b74a2144564522e944eabff61?s=96&d=mm&r=g\",\"caption\":\"thomas.berner\"},\"url\":\"https:\\\/\\\/www.organisator.ch\\\/de\\\/author\\\/thomas-berner\\\/\"}]}<\/script>\n<!-- \/ Yoast SEO plugin. -->","yoast_head_json":{"title":"Thomas Kn\u00fcsel ist neuer CEO von Cyberlink - Organisator","description":"Die Cyberlink AG hat einen neuen CEO. Thomas Kn\u00fcsel, bisheriger COO, hat die Position von Unternehmensgr\u00fcnder Beat Tinner \u00fcbernommen.","robots":{"index":"index","follow":"follow","max-snippet":"max-snippet:-1","max-image-preview":"max-image-preview:large","max-video-preview":"max-video-preview:-1"},"canonical":"https:\/\/www.organisator.ch\/de\/management\/2022-12-08\/thomas-knuesel-ist-neuer-ceo-von-cyberlink\/","og_locale":"de_DE","og_type":"article","og_title":"Thomas Kn\u00fcsel ist neuer CEO von Cyberlink","og_description":"Die Cyberlink AG hat einen neuen CEO. Thomas Kn\u00fcsel, bisheriger COO, hat die Position von Unternehmensgr\u00fcnder Beat Tinner \u00fcbernommen.","og_url":"https:\/\/www.organisator.ch\/de\/management\/2022-12-08\/thomas-knuesel-ist-neuer-ceo-von-cyberlink\/","og_site_name":"Organisator","article_publisher":"https:\/\/www.facebook.com\/OrganisatorFachmagazin","article_published_time":"2022-12-08T08:36:19+00:00","og_image":[{"width":680,"height":611,"url":"https:\/\/www.organisator.ch\/wp-content\/uploads\/2022\/12\/Thomas-Knuesel-ist-neuer-CEO-von-Cyberlink_Organisator.jpg","type":"image\/jpeg"}],"author":"thomas.berner","twitter_card":"summary_large_image","twitter_title":"Thomas #Kn\u00fcsel ist neuer CEO von #Cyberlink","twitter_description":"Die #Cyberlink AG hat einen neuen CEO. Thomas Kn\u00fcsel, bisheriger COO, hat die Position von Unternehmensgr\u00fcnder Beat Tinner \u00fcbernommen.","twitter_image":"https:\/\/www.organisator.ch\/wp-content\/uploads\/2022\/12\/Thomas-Knuesel-ist-neuer-CEO-von-Cyberlink_Organisator.jpg","schema":{"@context":"https:\/\/schema.org","@graph":[{"@type":"Article","@id":"https:\/\/www.organisator.ch\/management\/2022-12-08\/thomas-knuesel-ist-neuer-ceo-von-cyberlink\/#article","isPartOf":{"@id":"https:\/\/www.organisator.ch\/management\/2022-12-08\/thomas-knuesel-ist-neuer-ceo-von-cyberlink\/"},"author":{"name":"thomas.berner","@id":"https:\/\/www.organisator.ch\/#\/schema\/person\/6f650f90b2842cd4c0cc334b4e36f67e"},"headline":"Thomas Kn\u00fcsel ist neuer CEO von Cyberlink","datePublished":"2022-12-08T08:36:19+00:00","mainEntityOfPage":{"@id":"https:\/\/www.organisator.ch\/management\/2022-12-08\/thomas-knuesel-ist-neuer-ceo-von-cyberlink\/"},"wordCount":408,"publisher":{"@id":"https:\/\/www.organisator.ch\/#organization"},"image":{"@id":"https:\/\/www.organisator.ch\/management\/2022-12-08\/thomas-knuesel-ist-neuer-ceo-von-cyberlink\/#primaryimage"},"thumbnailUrl":"https:\/\/www.organisator.ch\/wp-content\/uploads\/2022\/12\/Thomas-Knuesel-ist-neuer-CEO-von-Cyberlink_Organisator.jpg","keywords":["IT","Personalia","Unternehmen"],"articleSection":["MANAGEMENT"],"inLanguage":"de"},{"@type":"WebPage","@id":"https:\/\/www.organisator.ch\/management\/2022-12-08\/thomas-knuesel-ist-neuer-ceo-von-cyberlink\/","url":"https:\/\/www.organisator.ch\/management\/2022-12-08\/thomas-knuesel-ist-neuer-ceo-von-cyberlink\/","name":"Thomas Kn\u00fcsel ist neuer CEO von Cyberlink - Organisator","isPartOf":{"@id":"https:\/\/www.organisator.ch\/#website"},"primaryImageOfPage":{"@id":"https:\/\/www.organisator.ch\/management\/2022-12-08\/thomas-knuesel-ist-neuer-ceo-von-cyberlink\/#primaryimage"},"image":{"@id":"https:\/\/www.organisator.ch\/management\/2022-12-08\/thomas-knuesel-ist-neuer-ceo-von-cyberlink\/#primaryimage"},"thumbnailUrl":"https:\/\/www.organisator.ch\/wp-content\/uploads\/2022\/12\/Thomas-Knuesel-ist-neuer-CEO-von-Cyberlink_Organisator.jpg","datePublished":"2022-12-08T08:36:19+00:00","description":"Die Cyberlink AG hat einen neuen CEO. Thomas Kn\u00fcsel, bisheriger COO, hat die Position von Unternehmensgr\u00fcnder Beat Tinner \u00fcbernommen.","breadcrumb":{"@id":"https:\/\/www.organisator.ch\/management\/2022-12-08\/thomas-knuesel-ist-neuer-ceo-von-cyberlink\/#breadcrumb"},"inLanguage":"de","potentialAction":[{"@type":"ReadAction","target":["https:\/\/www.organisator.ch\/management\/2022-12-08\/thomas-knuesel-ist-neuer-ceo-von-cyberlink\/"]}]},{"@type":"ImageObject","inLanguage":"de","@id":"https:\/\/www.organisator.ch\/management\/2022-12-08\/thomas-knuesel-ist-neuer-ceo-von-cyberlink\/#primaryimage","url":"https:\/\/www.organisator.ch\/wp-content\/uploads\/2022\/12\/Thomas-Knuesel-ist-neuer-CEO-von-Cyberlink_Organisator.jpg","contentUrl":"https:\/\/www.organisator.ch\/wp-content\/uploads\/2022\/12\/Thomas-Knuesel-ist-neuer-CEO-von-Cyberlink_Organisator.jpg","width":680,"height":611,"caption":"Der neue CEO von Cyberlink AG: Thomas Kn\u00fcsel (49). (Bild: Cyberlink)"},{"@type":"BreadcrumbList","@id":"https:\/\/www.organisator.ch\/management\/2022-12-08\/thomas-knuesel-ist-neuer-ceo-von-cyberlink\/#breadcrumb","itemListElement":[{"@type":"ListItem","position":1,"name":"Home","item":"https:\/\/www.organisator.ch\/"},{"@type":"ListItem","position":2,"name":"Thomas Kn\u00fcsel ist neuer CEO von Cyberlink"}]},{"@type":"WebSite","@id":"https:\/\/www.organisator.ch\/#website","url":"https:\/\/www.organisator.ch\/","name":"Organisator","description":"Kompetent. Praxisnah. Der ORGANISATOR bereitet in 10 Ausgaben pro Jahr die wesentlichen Themen f\u00fcr F\u00fchrungskr\u00e4fte von KMU auf.","publisher":{"@id":"https:\/\/www.organisator.ch\/#organization"},"potentialAction":[{"@type":"SearchAction","target":{"@type":"EntryPoint","urlTemplate":"https:\/\/www.organisator.ch\/?s={search_term_string}"},"query-input":{"@type":"PropertyValueSpecification","valueRequired":true,"valueName":"search_term_string"}}],"inLanguage":"de"},{"@type":"Organization","@id":"https:\/\/www.organisator.ch\/#organization","name":"Organisator","url":"https:\/\/www.organisator.ch\/","logo":{"@type":"ImageObject","inLanguage":"de","@id":"https:\/\/www.organisator.ch\/#\/schema\/logo\/image\/","url":"https:\/\/www.organisator.ch\/wp-content\/uploads\/2022\/01\/Logo_Organisator_Website.png","contentUrl":"https:\/\/www.organisator.ch\/wp-content\/uploads\/2022\/01\/Logo_Organisator_Website.png","width":800,"height":77,"caption":"Organisator"},"image":{"@id":"https:\/\/www.organisator.ch\/#\/schema\/logo\/image\/"},"sameAs":["https:\/\/www.facebook.com\/OrganisatorFachmagazin","https:\/\/www.linkedin.com\/showcase\/organisator-das-magazin-fr-kmu","https:\/\/www.xing.com\/news\/pages\/organisator-ch-695","https:\/\/www.youtube.com\/channel\/UCGP2Sq0iWaZwT3BdIAQFYpw"]},{"@type":"Person","@id":"https:\/\/www.organisator.ch\/#\/schema\/person\/6f650f90b2842cd4c0cc334b4e36f67e","name":"thomas.berner","image":{"@type":"ImageObject","inLanguage":"de","@id":"https:\/\/secure.gravatar.com\/avatar\/ac5001d2a36cb6c6cd3e50789007ffca834b477b74a2144564522e944eabff61?s=96&d=mm&r=g","url":"https:\/\/secure.gravatar.com\/avatar\/ac5001d2a36cb6c6cd3e50789007ffca834b477b74a2144564522e944eabff61?s=96&d=mm&r=g","contentUrl":"https:\/\/secure.gravatar.com\/avatar\/ac5001d2a36cb6c6cd3e50789007ffca834b477b74a2144564522e944eabff61?s=96&d=mm&r=g","caption":"thomas.berner"},"url":"https:\/\/www.organisator.ch\/de\/author\/thomas-berner\/"}]}},"_links":{"self":[{"href":"https:\/\/www.organisator.ch\/de\/wp-json\/wp\/v2\/posts\/18194","targetHints":{"allow":["GET"]}}],"collection":[{"href":"https:\/\/www.organisator.ch\/de\/wp-json\/wp\/v2\/posts"}],"about":[{"href":"https:\/\/www.organisator.ch\/de\/wp-json\/wp\/v2\/types\/post"}],"author":[{"embeddable":true,"href":"https:\/\/www.organisator.ch\/de\/wp-json\/wp\/v2\/users\/4"}],"replies":[{"embeddable":true,"href":"https:\/\/www.organisator.ch\/de\/wp-json\/wp\/v2\/comments?post=18194"}],"version-history":[{"count":1,"href":"https:\/\/www.organisator.ch\/de\/wp-json\/wp\/v2\/posts\/18194\/revisions"}],"predecessor-version":[{"id":18196,"href":"https:\/\/www.organisator.ch\/de\/wp-json\/wp\/v2\/posts\/18194\/revisions\/18196"}],"wp:featuredmedia":[{"embeddable":true,"href":"https:\/\/www.organisator.ch\/de\/wp-json\/wp\/v2\/media\/18195"}],"wp:attachment":[{"href":"https:\/\/www.organisator.ch\/de\/wp-json\/wp\/v2\/media?parent=18194"}],"wp:term":[{"taxonomy":"category","embeddable":true,"href":"https:\/\/www.organisator.ch\/de\/wp-json\/wp\/v2\/categories?post=18194"},{"taxonomy":"post_tag","embeddable":true,"href":"https:\/\/www.organisator.ch\/de\/wp-json\/wp\/v2\/tags?post=18194"}],"curies":[{"name":"wp","href":"https:\/\/api.w.org\/{rel}","templated":true}]}}