{"id":1828,"date":"2017-04-27T12:46:39","date_gmt":"2017-04-27T10:46:39","guid":{"rendered":"https:\/\/www.organisator.ch\/?p=1828"},"modified":"2017-04-27T12:46:39","modified_gmt":"2017-04-27T10:46:39","slug":"bewerbungsstart-des-step-awards-2017","status":"publish","type":"post","link":"https:\/\/www.organisator.ch\/de\/allgemein\/2017-04-27\/bewerbungsstart-des-step-awards-2017\/","title":{"rendered":"Bewerbungsstart des STEP Awards 2017"},"content":{"rendered":"<figure id=\"attachment_1829\" aria-describedby=\"caption-attachment-1829\" style=\"width: 680px\" class=\"wp-caption alignnone\"><img loading=\"lazy\" decoding=\"async\" class=\"size-medium wp-image-1829\" src=\"https:\/\/www.organisator.ch\/wp-content\/uploads\/2017\/04\/Bewerbungsstart-des-STEP-Awards-2017-org-organisator.jpg\" alt=\"\" width=\"680\" height=\"453\" srcset=\"https:\/\/www.organisator.ch\/wp-content\/uploads\/2017\/04\/Bewerbungsstart-des-STEP-Awards-2017-org-organisator.jpg 1500w, https:\/\/www.organisator.ch\/wp-content\/uploads\/2017\/04\/Bewerbungsstart-des-STEP-Awards-2017-org-organisator-680x453.jpg 680w, https:\/\/www.organisator.ch\/wp-content\/uploads\/2017\/04\/Bewerbungsstart-des-STEP-Awards-2017-org-organisator-1024x683.jpg 1024w, https:\/\/www.organisator.ch\/wp-content\/uploads\/2017\/04\/Bewerbungsstart-des-STEP-Awards-2017-org-organisator-768x512.jpg 768w, https:\/\/www.organisator.ch\/wp-content\/uploads\/2017\/04\/Bewerbungsstart-des-STEP-Awards-2017-org-organisator-16x12.jpg 16w, https:\/\/www.organisator.ch\/wp-content\/uploads\/2017\/04\/Bewerbungsstart-des-STEP-Awards-2017-org-organisator-263x175.jpg 263w, https:\/\/www.organisator.ch\/wp-content\/uploads\/2017\/04\/Bewerbungsstart-des-STEP-Awards-2017-org-organisator-525x350.jpg 525w, https:\/\/www.organisator.ch\/wp-content\/uploads\/2017\/04\/Bewerbungsstart-des-STEP-Awards-2017-org-organisator-1200x800.jpg 1200w, https:\/\/www.organisator.ch\/wp-content\/uploads\/2017\/04\/Bewerbungsstart-des-STEP-Awards-2017-org-organisator-920x613.jpg 920w, https:\/\/www.organisator.ch\/wp-content\/uploads\/2017\/04\/Bewerbungsstart-des-STEP-Awards-2017-org-organisator-1400x933.jpg 1400w, https:\/\/www.organisator.ch\/wp-content\/uploads\/2017\/04\/Bewerbungsstart-des-STEP-Awards-2017-org-organisator-300x200.jpg 300w\" sizes=\"auto, (max-width: 680px) 100vw, 680px\" \/><figcaption id=\"caption-attachment-1829\" class=\"wp-caption-text\">Der F\u00f6rderer und ein Gewinner des STEP Awards 2016: Dr. Cornelius von der Heydt (rechts), HYDROGENIOUS TECHNOLOGIES GmbH. \u00a9 Dirk Beichert BusinessPhoto f\u00fcr FBM<\/figcaption><\/figure>\n<p>&nbsp;<\/p>\n<p>Der \u201eSTEP Award\u201c wird heuer zum zw\u00f6lften Mal ausgelobt. \u201eDurch einen umfassenden Relaunch 2016 und der damit verbundenen Erweiterung der Branche Science um Technologie und IKT haben wir weitere spannende und zukunftsweisende Unternehmen f\u00fcr den STEP Award gewinnen k\u00f6nnen. Daran m\u00f6chten wir auch 2017 ankn\u00fcpfen\u201c, so Simon Hentschel, Leiter Gr\u00fcndungs- und Wachstumsprojekte bei Frankfurt Business Media \u2013 F.A.Z.-Fachverlag, dem Initiator des \u201eSTEP Awards\u201c.<\/p>\n<p><strong>Ziel des STEP Awards<\/strong><\/p>\n<p>Wie die Pr\u00e4mierungsveranstaltung im vergangenen Jahr zeigte, konnten nach der Neuausrichtung nicht nur gute Gesch\u00e4ftsideen, sondern wegweisende Vorreiter ihrer Branche ausgezeichnet werden. Auch 2017 werden die Sieger Ende des Jahres wieder im Rahmen einer feierlichen Gala gek\u00fcrt. Ziel des \u201eSTEP Awards\u201c ist es, jungen Unternehmen, die seit mindestens einem Jahr bestehen und bereits erste Ums\u00e4tze generiert haben, wichtige Impulse f\u00fcr ihre erfolgreiche Weiterentwicklung zu geben.<\/p>\n<p>Bewerben k\u00f6nnen sich kleine und mittlere Unternehmen, die insbesondere im B2B-Gesch\u00e4ft t\u00e4tig und auf Wachstum ausgerichtet sind. Der \u201eSTEP Award\u201c soll dazu beitragen, den n\u00e4chsten entscheidenden \u201aSTEP\u2018 zum langfristigen Erfolg zu gehen.<\/p>\n<p><strong>Themenschwerpunkt &#8222;Human Resources&#8220;<\/strong><\/p>\n<p>2017 steht der Themenkomplex &#8222;Human Resources&#8220; im Mittelpunkt. Alle Preistr\u00e4ger profitieren von der breiten Medienwirksamkeit und Reichweite der F.A.Z.-Gruppe sowie der beteiligten Medienpartner.<\/p>\n<p><em>Weitere Informationen und Bewerbungsunterlagen:<\/em><\/p>\n<p><em>FRANKFURT BUSINESS MEDIA GmbH \u2013 Der F.A.Z.-Fachverlag<\/em><\/p>\n<p><em>Ulrike Mayr, Nicole Neusitzer<\/em><\/p>\n<p><em>Telefon: (069)75 91-32 31<\/em><\/p>\n<p><em>E-Mail: info@step-award.de<\/em><\/p>\n<blockquote class=\"wp-embedded-content\" data-secret=\"ey1vRWopCn\"><p><a href=\"https:\/\/www.step-award.de\/\">Start<\/a><\/p><\/blockquote>\n<p><iframe loading=\"lazy\" class=\"wp-embedded-content\" sandbox=\"allow-scripts\" security=\"restricted\" style=\"position: absolute; clip: rect(1px, 1px, 1px, 1px);\" title=\"&#8222;Start&#8220; &#8212; STEP Award\" src=\"https:\/\/www.step-award.de\/embed\/#?secret=ey1vRWopCn\" data-secret=\"ey1vRWopCn\" width=\"600\" height=\"338\" frameborder=\"0\" marginwidth=\"0\" marginheight=\"0\" scrolling=\"no\"><\/iframe><\/p>\n","protected":false},"excerpt":{"rendered":"<p>&nbsp; Der \u201eSTEP Award\u201c wird heuer zum zw\u00f6lften Mal ausgelobt. \u201eDurch einen umfassenden Relaunch 2016 und der damit verbundenen Erweiterung der Branche Science um Technologie und IKT haben wir weitere spannende und zukunftsweisende Unternehmen f\u00fcr den STEP Award gewinnen k\u00f6nnen. Daran m\u00f6chten wir auch 2017 ankn\u00fcpfen\u201c, so Simon Hentschel, Leiter Gr\u00fcndungs- und Wachstumsprojekte bei Frankfurt [&hellip;]<\/p>\n","protected":false},"author":5,"featured_media":1829,"comment_status":"open","ping_status":"open","sticky":false,"template":"","format":"standard","meta":{"_acf_changed":false,"_yoast_wpseo_focuskw":"STEP Award","_yoast_wpseo_metadesc":"Die Ausschreibungsphase des \u201eSTEP Awards\u201c ist ab sofort er\u00f6ffnet. Der Wettbewerb richtet sich an innovative Science-, Technologie- und IKT-Unternehmen.","articlekey":"","footnotes":""},"categories":[1],"tags":[65,257],"class_list":["post-1828","post","type-post","status-publish","format-standard","has-post-thumbnail","hentry","category-allgemein","tag-award","tag-human-ressources"],"acf":[],"yoast_head":"<!-- This site is optimized with the Yoast SEO plugin v27.5 - https:\/\/yoast.com\/product\/yoast-seo-wordpress\/ -->\n<title>Bewerbungsstart des STEP Awards 2017 - Organisator<\/title>\n<meta name=\"description\" content=\"Die Ausschreibungsphase des \u201eSTEP Awards\u201c ist ab sofort er\u00f6ffnet. Der Wettbewerb richtet sich an innovative Science-, Technologie- und IKT-Unternehmen.\" \/>\n<meta name=\"robots\" content=\"index, follow, max-snippet:-1, max-image-preview:large, max-video-preview:-1\" \/>\n<link rel=\"canonical\" href=\"https:\/\/www.organisator.ch\/de\/allgemein\/2017-04-27\/bewerbungsstart-des-step-awards-2017\/\" \/>\n<meta property=\"og:locale\" content=\"de_DE\" \/>\n<meta property=\"og:type\" content=\"article\" \/>\n<meta property=\"og:title\" content=\"Bewerbungsstart des STEP Awards 2017 - Organisator\" \/>\n<meta property=\"og:description\" content=\"Die Ausschreibungsphase des \u201eSTEP Awards\u201c ist ab sofort er\u00f6ffnet. Der Wettbewerb richtet sich an innovative Science-, Technologie- und IKT-Unternehmen.\" \/>\n<meta property=\"og:url\" content=\"https:\/\/www.organisator.ch\/de\/allgemein\/2017-04-27\/bewerbungsstart-des-step-awards-2017\/\" \/>\n<meta property=\"og:site_name\" content=\"Organisator\" \/>\n<meta property=\"article:publisher\" content=\"https:\/\/www.facebook.com\/OrganisatorFachmagazin\" \/>\n<meta property=\"article:published_time\" content=\"2017-04-27T10:46:39+00:00\" \/>\n<meta property=\"og:image\" content=\"https:\/\/www.organisator.ch\/wp-content\/uploads\/2017\/04\/Bewerbungsstart-des-STEP-Awards-2017-org-organisator.jpg\" \/>\n\t<meta property=\"og:image:width\" content=\"1500\" \/>\n\t<meta property=\"og:image:height\" content=\"1000\" \/>\n\t<meta property=\"og:image:type\" content=\"image\/jpeg\" \/>\n<meta name=\"author\" content=\"michael.merz\" \/>\n<meta name=\"twitter:card\" content=\"summary_large_image\" \/>\n<script type=\"application\/ld+json\" class=\"yoast-schema-graph\">{\"@context\":\"https:\\\/\\\/schema.org\",\"@graph\":[{\"@type\":\"Article\",\"@id\":\"https:\\\/\\\/www.organisator.ch\\\/it\\\/generale\\\/2017-04-27\\\/bewerbungsstart-des-step-awards-2017\\\/#article\",\"isPartOf\":{\"@id\":\"https:\\\/\\\/www.organisator.ch\\\/it\\\/generale\\\/2017-04-27\\\/bewerbungsstart-des-step-awards-2017\\\/\"},\"author\":{\"name\":\"michael.merz\",\"@id\":\"https:\\\/\\\/www.organisator.ch\\\/#\\\/schema\\\/person\\\/134708ca9321c57b0362cceb7948ffbd\"},\"headline\":\"Bewerbungsstart des STEP Awards 2017\",\"datePublished\":\"2017-04-27T10:46:39+00:00\",\"mainEntityOfPage\":{\"@id\":\"https:\\\/\\\/www.organisator.ch\\\/it\\\/generale\\\/2017-04-27\\\/bewerbungsstart-des-step-awards-2017\\\/\"},\"wordCount\":271,\"commentCount\":0,\"publisher\":{\"@id\":\"https:\\\/\\\/www.organisator.ch\\\/#organization\"},\"image\":{\"@id\":\"https:\\\/\\\/www.organisator.ch\\\/it\\\/generale\\\/2017-04-27\\\/bewerbungsstart-des-step-awards-2017\\\/#primaryimage\"},\"thumbnailUrl\":\"https:\\\/\\\/www.organisator.ch\\\/wp-content\\\/uploads\\\/2017\\\/04\\\/Bewerbungsstart-des-STEP-Awards-2017-org-organisator.jpg\",\"keywords\":[\"Award\",\"Human Ressources\"],\"inLanguage\":\"de\"},{\"@type\":\"WebPage\",\"@id\":\"https:\\\/\\\/www.organisator.ch\\\/it\\\/generale\\\/2017-04-27\\\/bewerbungsstart-des-step-awards-2017\\\/\",\"url\":\"https:\\\/\\\/www.organisator.ch\\\/it\\\/generale\\\/2017-04-27\\\/bewerbungsstart-des-step-awards-2017\\\/\",\"name\":\"Bewerbungsstart des STEP Awards 2017 - Organisator\",\"isPartOf\":{\"@id\":\"https:\\\/\\\/www.organisator.ch\\\/#website\"},\"primaryImageOfPage\":{\"@id\":\"https:\\\/\\\/www.organisator.ch\\\/it\\\/generale\\\/2017-04-27\\\/bewerbungsstart-des-step-awards-2017\\\/#primaryimage\"},\"image\":{\"@id\":\"https:\\\/\\\/www.organisator.ch\\\/it\\\/generale\\\/2017-04-27\\\/bewerbungsstart-des-step-awards-2017\\\/#primaryimage\"},\"thumbnailUrl\":\"https:\\\/\\\/www.organisator.ch\\\/wp-content\\\/uploads\\\/2017\\\/04\\\/Bewerbungsstart-des-STEP-Awards-2017-org-organisator.jpg\",\"datePublished\":\"2017-04-27T10:46:39+00:00\",\"description\":\"Die Ausschreibungsphase des \u201eSTEP Awards\u201c ist ab sofort er\u00f6ffnet. Der Wettbewerb richtet sich an innovative Science-, Technologie- und IKT-Unternehmen.\",\"breadcrumb\":{\"@id\":\"https:\\\/\\\/www.organisator.ch\\\/it\\\/generale\\\/2017-04-27\\\/bewerbungsstart-des-step-awards-2017\\\/#breadcrumb\"},\"inLanguage\":\"de\",\"potentialAction\":[{\"@type\":\"ReadAction\",\"target\":[\"https:\\\/\\\/www.organisator.ch\\\/it\\\/generale\\\/2017-04-27\\\/bewerbungsstart-des-step-awards-2017\\\/\"]}]},{\"@type\":\"ImageObject\",\"inLanguage\":\"de\",\"@id\":\"https:\\\/\\\/www.organisator.ch\\\/it\\\/generale\\\/2017-04-27\\\/bewerbungsstart-des-step-awards-2017\\\/#primaryimage\",\"url\":\"https:\\\/\\\/www.organisator.ch\\\/wp-content\\\/uploads\\\/2017\\\/04\\\/Bewerbungsstart-des-STEP-Awards-2017-org-organisator.jpg\",\"contentUrl\":\"https:\\\/\\\/www.organisator.ch\\\/wp-content\\\/uploads\\\/2017\\\/04\\\/Bewerbungsstart-des-STEP-Awards-2017-org-organisator.jpg\",\"width\":1500,\"height\":1000,\"caption\":\"Der F\u00f6rderer und ein Gewinner des STEP Awards 2016: Dr. Cornelius von der Heydt (rechts), HYDROGENIOUS TECHNOLOGIES GmbH. \u00a9 Dirk Beichert BusinessPhoto f\u00fcr FBM\"},{\"@type\":\"BreadcrumbList\",\"@id\":\"https:\\\/\\\/www.organisator.ch\\\/it\\\/generale\\\/2017-04-27\\\/bewerbungsstart-des-step-awards-2017\\\/#breadcrumb\",\"itemListElement\":[{\"@type\":\"ListItem\",\"position\":1,\"name\":\"Home\",\"item\":\"https:\\\/\\\/www.organisator.ch\\\/\"},{\"@type\":\"ListItem\",\"position\":2,\"name\":\"Bewerbungsstart des STEP Awards 2017\"}]},{\"@type\":\"WebSite\",\"@id\":\"https:\\\/\\\/www.organisator.ch\\\/#website\",\"url\":\"https:\\\/\\\/www.organisator.ch\\\/\",\"name\":\"Organisator\",\"description\":\"Kompetent. Praxisnah. Der ORGANISATOR bereitet in 10 Ausgaben pro Jahr die wesentlichen Themen f\u00fcr F\u00fchrungskr\u00e4fte von KMU auf.\",\"publisher\":{\"@id\":\"https:\\\/\\\/www.organisator.ch\\\/#organization\"},\"potentialAction\":[{\"@type\":\"SearchAction\",\"target\":{\"@type\":\"EntryPoint\",\"urlTemplate\":\"https:\\\/\\\/www.organisator.ch\\\/?s={search_term_string}\"},\"query-input\":{\"@type\":\"PropertyValueSpecification\",\"valueRequired\":true,\"valueName\":\"search_term_string\"}}],\"inLanguage\":\"de\"},{\"@type\":\"Organization\",\"@id\":\"https:\\\/\\\/www.organisator.ch\\\/#organization\",\"name\":\"Organisator\",\"url\":\"https:\\\/\\\/www.organisator.ch\\\/\",\"logo\":{\"@type\":\"ImageObject\",\"inLanguage\":\"de\",\"@id\":\"https:\\\/\\\/www.organisator.ch\\\/#\\\/schema\\\/logo\\\/image\\\/\",\"url\":\"https:\\\/\\\/www.organisator.ch\\\/wp-content\\\/uploads\\\/2022\\\/01\\\/Logo_Organisator_Website.png\",\"contentUrl\":\"https:\\\/\\\/www.organisator.ch\\\/wp-content\\\/uploads\\\/2022\\\/01\\\/Logo_Organisator_Website.png\",\"width\":800,\"height\":77,\"caption\":\"Organisator\"},\"image\":{\"@id\":\"https:\\\/\\\/www.organisator.ch\\\/#\\\/schema\\\/logo\\\/image\\\/\"},\"sameAs\":[\"https:\\\/\\\/www.facebook.com\\\/OrganisatorFachmagazin\",\"https:\\\/\\\/www.linkedin.com\\\/showcase\\\/organisator-das-magazin-fr-kmu\",\"https:\\\/\\\/www.xing.com\\\/news\\\/pages\\\/organisator-ch-695\",\"https:\\\/\\\/www.youtube.com\\\/channel\\\/UCGP2Sq0iWaZwT3BdIAQFYpw\"]},{\"@type\":\"Person\",\"@id\":\"https:\\\/\\\/www.organisator.ch\\\/#\\\/schema\\\/person\\\/134708ca9321c57b0362cceb7948ffbd\",\"name\":\"michael.merz\",\"image\":{\"@type\":\"ImageObject\",\"inLanguage\":\"de\",\"@id\":\"https:\\\/\\\/secure.gravatar.com\\\/avatar\\\/?s=96&d=mm&r=g\",\"url\":\"https:\\\/\\\/secure.gravatar.com\\\/avatar\\\/?s=96&d=mm&r=g\",\"contentUrl\":\"https:\\\/\\\/secure.gravatar.com\\\/avatar\\\/?s=96&d=mm&r=g\",\"caption\":\"michael.merz\"},\"url\":\"https:\\\/\\\/www.organisator.ch\\\/de\\\/author\\\/michael-merz\\\/\"}]}<\/script>\n<!-- \/ Yoast SEO plugin. -->","yoast_head_json":{"title":"Bewerbungsstart des STEP Awards 2017 - Organisator","description":"Die Ausschreibungsphase des \u201eSTEP Awards\u201c ist ab sofort er\u00f6ffnet. Der Wettbewerb richtet sich an innovative Science-, Technologie- und IKT-Unternehmen.","robots":{"index":"index","follow":"follow","max-snippet":"max-snippet:-1","max-image-preview":"max-image-preview:large","max-video-preview":"max-video-preview:-1"},"canonical":"https:\/\/www.organisator.ch\/de\/allgemein\/2017-04-27\/bewerbungsstart-des-step-awards-2017\/","og_locale":"de_DE","og_type":"article","og_title":"Bewerbungsstart des STEP Awards 2017 - Organisator","og_description":"Die Ausschreibungsphase des \u201eSTEP Awards\u201c ist ab sofort er\u00f6ffnet. Der Wettbewerb richtet sich an innovative Science-, Technologie- und IKT-Unternehmen.","og_url":"https:\/\/www.organisator.ch\/de\/allgemein\/2017-04-27\/bewerbungsstart-des-step-awards-2017\/","og_site_name":"Organisator","article_publisher":"https:\/\/www.facebook.com\/OrganisatorFachmagazin","article_published_time":"2017-04-27T10:46:39+00:00","og_image":[{"width":1500,"height":1000,"url":"https:\/\/www.organisator.ch\/wp-content\/uploads\/2017\/04\/Bewerbungsstart-des-STEP-Awards-2017-org-organisator.jpg","type":"image\/jpeg"}],"author":"michael.merz","twitter_card":"summary_large_image","schema":{"@context":"https:\/\/schema.org","@graph":[{"@type":"Article","@id":"https:\/\/www.organisator.ch\/it\/generale\/2017-04-27\/bewerbungsstart-des-step-awards-2017\/#article","isPartOf":{"@id":"https:\/\/www.organisator.ch\/it\/generale\/2017-04-27\/bewerbungsstart-des-step-awards-2017\/"},"author":{"name":"michael.merz","@id":"https:\/\/www.organisator.ch\/#\/schema\/person\/134708ca9321c57b0362cceb7948ffbd"},"headline":"Bewerbungsstart des STEP Awards 2017","datePublished":"2017-04-27T10:46:39+00:00","mainEntityOfPage":{"@id":"https:\/\/www.organisator.ch\/it\/generale\/2017-04-27\/bewerbungsstart-des-step-awards-2017\/"},"wordCount":271,"commentCount":0,"publisher":{"@id":"https:\/\/www.organisator.ch\/#organization"},"image":{"@id":"https:\/\/www.organisator.ch\/it\/generale\/2017-04-27\/bewerbungsstart-des-step-awards-2017\/#primaryimage"},"thumbnailUrl":"https:\/\/www.organisator.ch\/wp-content\/uploads\/2017\/04\/Bewerbungsstart-des-STEP-Awards-2017-org-organisator.jpg","keywords":["Award","Human Ressources"],"inLanguage":"de"},{"@type":"WebPage","@id":"https:\/\/www.organisator.ch\/it\/generale\/2017-04-27\/bewerbungsstart-des-step-awards-2017\/","url":"https:\/\/www.organisator.ch\/it\/generale\/2017-04-27\/bewerbungsstart-des-step-awards-2017\/","name":"Bewerbungsstart des STEP Awards 2017 - Organisator","isPartOf":{"@id":"https:\/\/www.organisator.ch\/#website"},"primaryImageOfPage":{"@id":"https:\/\/www.organisator.ch\/it\/generale\/2017-04-27\/bewerbungsstart-des-step-awards-2017\/#primaryimage"},"image":{"@id":"https:\/\/www.organisator.ch\/it\/generale\/2017-04-27\/bewerbungsstart-des-step-awards-2017\/#primaryimage"},"thumbnailUrl":"https:\/\/www.organisator.ch\/wp-content\/uploads\/2017\/04\/Bewerbungsstart-des-STEP-Awards-2017-org-organisator.jpg","datePublished":"2017-04-27T10:46:39+00:00","description":"Die Ausschreibungsphase des \u201eSTEP Awards\u201c ist ab sofort er\u00f6ffnet. Der Wettbewerb richtet sich an innovative Science-, Technologie- und IKT-Unternehmen.","breadcrumb":{"@id":"https:\/\/www.organisator.ch\/it\/generale\/2017-04-27\/bewerbungsstart-des-step-awards-2017\/#breadcrumb"},"inLanguage":"de","potentialAction":[{"@type":"ReadAction","target":["https:\/\/www.organisator.ch\/it\/generale\/2017-04-27\/bewerbungsstart-des-step-awards-2017\/"]}]},{"@type":"ImageObject","inLanguage":"de","@id":"https:\/\/www.organisator.ch\/it\/generale\/2017-04-27\/bewerbungsstart-des-step-awards-2017\/#primaryimage","url":"https:\/\/www.organisator.ch\/wp-content\/uploads\/2017\/04\/Bewerbungsstart-des-STEP-Awards-2017-org-organisator.jpg","contentUrl":"https:\/\/www.organisator.ch\/wp-content\/uploads\/2017\/04\/Bewerbungsstart-des-STEP-Awards-2017-org-organisator.jpg","width":1500,"height":1000,"caption":"Der F\u00f6rderer und ein Gewinner des STEP Awards 2016: Dr. Cornelius von der Heydt (rechts), HYDROGENIOUS TECHNOLOGIES GmbH. \u00a9 Dirk Beichert BusinessPhoto f\u00fcr FBM"},{"@type":"BreadcrumbList","@id":"https:\/\/www.organisator.ch\/it\/generale\/2017-04-27\/bewerbungsstart-des-step-awards-2017\/#breadcrumb","itemListElement":[{"@type":"ListItem","position":1,"name":"Home","item":"https:\/\/www.organisator.ch\/"},{"@type":"ListItem","position":2,"name":"Bewerbungsstart des STEP Awards 2017"}]},{"@type":"WebSite","@id":"https:\/\/www.organisator.ch\/#website","url":"https:\/\/www.organisator.ch\/","name":"Organisator","description":"Kompetent. Praxisnah. Der ORGANISATOR bereitet in 10 Ausgaben pro Jahr die wesentlichen Themen f\u00fcr F\u00fchrungskr\u00e4fte von KMU auf.","publisher":{"@id":"https:\/\/www.organisator.ch\/#organization"},"potentialAction":[{"@type":"SearchAction","target":{"@type":"EntryPoint","urlTemplate":"https:\/\/www.organisator.ch\/?s={search_term_string}"},"query-input":{"@type":"PropertyValueSpecification","valueRequired":true,"valueName":"search_term_string"}}],"inLanguage":"de"},{"@type":"Organization","@id":"https:\/\/www.organisator.ch\/#organization","name":"Organisator","url":"https:\/\/www.organisator.ch\/","logo":{"@type":"ImageObject","inLanguage":"de","@id":"https:\/\/www.organisator.ch\/#\/schema\/logo\/image\/","url":"https:\/\/www.organisator.ch\/wp-content\/uploads\/2022\/01\/Logo_Organisator_Website.png","contentUrl":"https:\/\/www.organisator.ch\/wp-content\/uploads\/2022\/01\/Logo_Organisator_Website.png","width":800,"height":77,"caption":"Organisator"},"image":{"@id":"https:\/\/www.organisator.ch\/#\/schema\/logo\/image\/"},"sameAs":["https:\/\/www.facebook.com\/OrganisatorFachmagazin","https:\/\/www.linkedin.com\/showcase\/organisator-das-magazin-fr-kmu","https:\/\/www.xing.com\/news\/pages\/organisator-ch-695","https:\/\/www.youtube.com\/channel\/UCGP2Sq0iWaZwT3BdIAQFYpw"]},{"@type":"Person","@id":"https:\/\/www.organisator.ch\/#\/schema\/person\/134708ca9321c57b0362cceb7948ffbd","name":"michael.merz","image":{"@type":"ImageObject","inLanguage":"de","@id":"https:\/\/secure.gravatar.com\/avatar\/?s=96&d=mm&r=g","url":"https:\/\/secure.gravatar.com\/avatar\/?s=96&d=mm&r=g","contentUrl":"https:\/\/secure.gravatar.com\/avatar\/?s=96&d=mm&r=g","caption":"michael.merz"},"url":"https:\/\/www.organisator.ch\/de\/author\/michael-merz\/"}]}},"_links":{"self":[{"href":"https:\/\/www.organisator.ch\/de\/wp-json\/wp\/v2\/posts\/1828","targetHints":{"allow":["GET"]}}],"collection":[{"href":"https:\/\/www.organisator.ch\/de\/wp-json\/wp\/v2\/posts"}],"about":[{"href":"https:\/\/www.organisator.ch\/de\/wp-json\/wp\/v2\/types\/post"}],"author":[{"embeddable":true,"href":"https:\/\/www.organisator.ch\/de\/wp-json\/wp\/v2\/users\/5"}],"replies":[{"embeddable":true,"href":"https:\/\/www.organisator.ch\/de\/wp-json\/wp\/v2\/comments?post=1828"}],"version-history":[{"count":0,"href":"https:\/\/www.organisator.ch\/de\/wp-json\/wp\/v2\/posts\/1828\/revisions"}],"wp:featuredmedia":[{"embeddable":true,"href":"https:\/\/www.organisator.ch\/de\/wp-json\/wp\/v2\/media\/1829"}],"wp:attachment":[{"href":"https:\/\/www.organisator.ch\/de\/wp-json\/wp\/v2\/media?parent=1828"}],"wp:term":[{"taxonomy":"category","embeddable":true,"href":"https:\/\/www.organisator.ch\/de\/wp-json\/wp\/v2\/categories?post=1828"},{"taxonomy":"post_tag","embeddable":true,"href":"https:\/\/www.organisator.ch\/de\/wp-json\/wp\/v2\/tags?post=1828"}],"curies":[{"name":"wp","href":"https:\/\/api.w.org\/{rel}","templated":true}]}}