{"id":18281,"date":"2022-12-14T14:36:54","date_gmt":"2022-12-14T13:36:54","guid":{"rendered":"https:\/\/www.organisator.ch\/?p=18281"},"modified":"2022-12-14T14:36:54","modified_gmt":"2022-12-14T13:36:54","slug":"eiterbildungsanbieter-befinden-sich-in-einer-phase-der-veraenderung","status":"publish","type":"post","link":"https:\/\/www.organisator.ch\/de\/weiterbildung\/2022-12-14\/eiterbildungsanbieter-befinden-sich-in-einer-phase-der-veraenderung\/","title":{"rendered":"Weiterbildungsanbieter befinden sich in einer Phase der Ver\u00e4nderung"},"content":{"rendered":"<figure id=\"attachment_18282\" aria-describedby=\"caption-attachment-18282\" style=\"width: 680px\" class=\"wp-caption alignnone\"><img loading=\"lazy\" decoding=\"async\" class=\"size-full wp-image-18282\" src=\"https:\/\/www.organisator.ch\/wp-content\/uploads\/2022\/12\/Weiterbildungsanbieter-befinden-sich-in-einer-Phase-der-Veraenderung_Organisator.jpg\" alt=\"\" width=\"680\" height=\"456\" srcset=\"https:\/\/www.organisator.ch\/wp-content\/uploads\/2022\/12\/Weiterbildungsanbieter-befinden-sich-in-einer-Phase-der-Veraenderung_Organisator.jpg 680w, https:\/\/www.organisator.ch\/wp-content\/uploads\/2022\/12\/Weiterbildungsanbieter-befinden-sich-in-einer-Phase-der-Veraenderung_Organisator-18x12.jpg 18w, https:\/\/www.organisator.ch\/wp-content\/uploads\/2022\/12\/Weiterbildungsanbieter-befinden-sich-in-einer-Phase-der-Veraenderung_Organisator-375x251.jpg 375w, https:\/\/www.organisator.ch\/wp-content\/uploads\/2022\/12\/Weiterbildungsanbieter-befinden-sich-in-einer-Phase-der-Veraenderung_Organisator-522x350.jpg 522w\" sizes=\"auto, (max-width: 680px) 100vw, 680px\" \/><figcaption id=\"caption-attachment-18282\" class=\"wp-caption-text\">Immer das Richtige bieten f\u00fcr Studierende? Viele Weiterbildungsanbieter sp\u00fcren den Druck der Ver\u00e4nderung. (Bild: Pixabay.com)<\/figcaption><\/figure>\n<p>Das Schwerpunktthema des FOCUS Weiterbildung 2022 sind Ver\u00e4nderungen auf Organisationsebene. Die Studie pr\u00e4sentiert die Ergebnisse der zwischen April und Mai 2022 durchgef\u00fchrten Anbieterumfrage des Schweizerischen Verbands f\u00fcr Weiterbildung SVEB. Es haben 211 Weiterbildungsanbieter aus allen drei Sprachregionen an der Online-Anbieterumfrage teilgenommen. Die Resultate der Umfrage wurden im Rahmen von drei Gruppendiskussionen mit Anbietern qualitativ vertieft.<\/p>\n<h3><strong>Mehrheit setzt Ver\u00e4nderungen um<\/strong><\/h3>\n<p>Die grosse Mehrheit der Schweizer Weiterbildungsanbieter setzt derzeit Ver\u00e4nderungen auf Organisationsebene um. 9 von zehn passen derzeit ihre Strukturen und Prozesse an. Diese Anpassungen sind unterschiedlich umfassend. W\u00e4hrend knapp die H\u00e4lfte gezielte Optimierungen vornimmt, bezeichnet jeder zehnte Anbieter die derzeitigen Ver\u00e4nderungen als radikale Transformation. Etwas mehr als die H\u00e4lfte der Anbieter nimmt zudem eine strategische Neuausrichtung vor.<\/p>\n<h3><strong>Ver\u00e4nderungsdruck ist hoch<\/strong><\/h3>\n<p>Der Ver\u00e4nderungsdruck auf Organisationsebene hat sich im Zuge der Pandemie verst\u00e4rkt. Dabei ist der Druck prim\u00e4r durch externe Faktoren bestimmt: die Digitalisierung besch\u00e4ftigt die Weiterbildungsanbieter weiterhin, aber auch Themen wie eine ver\u00e4nderte Nachfrage und ver\u00e4nderte Kundenbed\u00fcrfnisse l\u00f6sen Druck aus. Entsprechend wollen die Anbieter die Agilit\u00e4t ihrer Organisation erh\u00f6hen und interne Prozesse flexibilisieren.<\/p>\n<h3><strong>Wachstum hat Priorit\u00e4t<\/strong><\/h3>\n<p>F\u00fcr viele von grosser Priorit\u00e4t sind Themen wie Zielgruppengewinnung, Umsatzsteigerung und Wachstum. Dies l\u00e4sst sich einerseits damit erkl\u00e4ren, dass die teilweise massiven Nachfrageeinbussen wettgemacht werden m\u00fcssen. Andererseits geht es jetzt darum, die Rentabilit\u00e4t zu steigern, da die Investitionen in die Angebotsentwicklung sowie die Weiterbildung des Personals mit hohen Kosten verbunden sind.<\/p>\n<p><em>Quelle: <a href=\"https:\/\/alice.ch\/de\/\">SVEB<\/a><\/em><\/p>\n","protected":false},"excerpt":{"rendered":"<p>Das Schwerpunktthema des FOCUS Weiterbildung 2022 sind Ver\u00e4nderungen auf Organisationsebene. Die Studie pr\u00e4sentiert die Ergebnisse der zwischen April und Mai 2022 durchgef\u00fchrten Anbieterumfrage des Schweizerischen Verbands f\u00fcr Weiterbildung SVEB. Es haben 211 Weiterbildungsanbieter aus allen drei Sprachregionen an der Online-Anbieterumfrage teilgenommen. Die Resultate der Umfrage wurden im Rahmen von drei Gruppendiskussionen mit Anbietern qualitativ vertieft. [&hellip;]<\/p>\n","protected":false},"author":4,"featured_media":18282,"comment_status":"closed","ping_status":"closed","sticky":false,"template":"","format":"standard","meta":{"_acf_changed":false,"_yoast_wpseo_focuskw":"Ver\u00e4nderung","_yoast_wpseo_metadesc":"Der FOCUS Weiterbildung 2022 des SVEB zeigt, dass sich die Weiterbildungsanbieter in der Schweiz in einer Phase der Ver\u00e4nderung befinden.","articlekey":"","footnotes":""},"categories":[30],"tags":[62,112,459],"class_list":["post-18281","post","type-post","status-publish","format-standard","has-post-thumbnail","hentry","category-weiterbildung","tag-aus-weiterbildung","tag-change-management","tag-studie"],"acf":[],"yoast_head":"<!-- This site is optimized with the Yoast SEO plugin v27.5 - https:\/\/yoast.com\/product\/yoast-seo-wordpress\/ -->\n<title>Weiterbildungsanbieter befinden sich in einer Phase der Ver\u00e4nderung - Organisator<\/title>\n<meta name=\"description\" content=\"Der FOCUS Weiterbildung 2022 des SVEB zeigt, dass sich die Weiterbildungsanbieter in der Schweiz in einer Phase der Ver\u00e4nderung befinden.\" \/>\n<meta name=\"robots\" content=\"index, follow, max-snippet:-1, max-image-preview:large, max-video-preview:-1\" \/>\n<link rel=\"canonical\" href=\"https:\/\/www.organisator.ch\/de\/weiterbildung\/2022-12-14\/eiterbildungsanbieter-befinden-sich-in-einer-phase-der-veraenderung\/\" \/>\n<meta property=\"og:locale\" content=\"de_DE\" \/>\n<meta property=\"og:type\" content=\"article\" \/>\n<meta property=\"og:title\" content=\"Weiterbildungsanbieter befinden sich in einer Phase der Ver\u00e4nderung\" \/>\n<meta property=\"og:description\" content=\"Der FOCUS Weiterbildung 2022 des SVEB zeigt, dass sich die Weiterbildungsanbieter in der Schweiz in einer Phase der Ver\u00e4nderung befinden.\" \/>\n<meta property=\"og:url\" content=\"https:\/\/www.organisator.ch\/de\/weiterbildung\/2022-12-14\/eiterbildungsanbieter-befinden-sich-in-einer-phase-der-veraenderung\/\" \/>\n<meta property=\"og:site_name\" content=\"Organisator\" \/>\n<meta property=\"article:publisher\" content=\"https:\/\/www.facebook.com\/OrganisatorFachmagazin\" \/>\n<meta property=\"article:published_time\" content=\"2022-12-14T13:36:54+00:00\" \/>\n<meta property=\"og:image\" content=\"https:\/\/www.organisator.ch\/wp-content\/uploads\/2022\/12\/Weiterbildungsanbieter-befinden-sich-in-einer-Phase-der-Veraenderung_Organisator.jpg\" \/>\n\t<meta property=\"og:image:width\" content=\"680\" \/>\n\t<meta property=\"og:image:height\" content=\"456\" \/>\n\t<meta property=\"og:image:type\" content=\"image\/jpeg\" \/>\n<meta name=\"author\" content=\"thomas.berner\" \/>\n<meta name=\"twitter:card\" content=\"summary_large_image\" \/>\n<meta name=\"twitter:title\" content=\"#Weiterbildungsanbieter befinden sich in einer Phase der #Ver\u00e4nderung\" \/>\n<meta name=\"twitter:description\" content=\"Der FOCUS #Weiterbildung 2022 des #SVEB zeigt, dass sich die #Weiterbildungsanbieter in der Schweiz in einer Phase der #Ver\u00e4nderung befinden.\" \/>\n<meta name=\"twitter:image\" content=\"https:\/\/www.organisator.ch\/wp-content\/uploads\/2022\/12\/Weiterbildungsanbieter-befinden-sich-in-einer-Phase-der-Veraenderung_Organisator.jpg\" \/>\n<script type=\"application\/ld+json\" class=\"yoast-schema-graph\">{\"@context\":\"https:\\\/\\\/schema.org\",\"@graph\":[{\"@type\":\"Article\",\"@id\":\"https:\\\/\\\/www.organisator.ch\\\/weiterbildung\\\/2022-12-14\\\/eiterbildungsanbieter-befinden-sich-in-einer-phase-der-veraenderung\\\/#article\",\"isPartOf\":{\"@id\":\"https:\\\/\\\/www.organisator.ch\\\/weiterbildung\\\/2022-12-14\\\/eiterbildungsanbieter-befinden-sich-in-einer-phase-der-veraenderung\\\/\"},\"author\":{\"name\":\"thomas.berner\",\"@id\":\"https:\\\/\\\/www.organisator.ch\\\/#\\\/schema\\\/person\\\/6f650f90b2842cd4c0cc334b4e36f67e\"},\"headline\":\"Weiterbildungsanbieter befinden sich in einer Phase der Ver\u00e4nderung\",\"datePublished\":\"2022-12-14T13:36:54+00:00\",\"mainEntityOfPage\":{\"@id\":\"https:\\\/\\\/www.organisator.ch\\\/weiterbildung\\\/2022-12-14\\\/eiterbildungsanbieter-befinden-sich-in-einer-phase-der-veraenderung\\\/\"},\"wordCount\":286,\"publisher\":{\"@id\":\"https:\\\/\\\/www.organisator.ch\\\/#organization\"},\"image\":{\"@id\":\"https:\\\/\\\/www.organisator.ch\\\/weiterbildung\\\/2022-12-14\\\/eiterbildungsanbieter-befinden-sich-in-einer-phase-der-veraenderung\\\/#primaryimage\"},\"thumbnailUrl\":\"https:\\\/\\\/www.organisator.ch\\\/wp-content\\\/uploads\\\/2022\\\/12\\\/Weiterbildungsanbieter-befinden-sich-in-einer-Phase-der-Veraenderung_Organisator.jpg\",\"keywords\":[\"Aus-\\\/Weiterbildung\",\"Change Management\",\"Studie\"],\"articleSection\":[\"WEITERBILDUNG\"],\"inLanguage\":\"de\"},{\"@type\":\"WebPage\",\"@id\":\"https:\\\/\\\/www.organisator.ch\\\/weiterbildung\\\/2022-12-14\\\/eiterbildungsanbieter-befinden-sich-in-einer-phase-der-veraenderung\\\/\",\"url\":\"https:\\\/\\\/www.organisator.ch\\\/weiterbildung\\\/2022-12-14\\\/eiterbildungsanbieter-befinden-sich-in-einer-phase-der-veraenderung\\\/\",\"name\":\"Weiterbildungsanbieter befinden sich in einer Phase der Ver\u00e4nderung - Organisator\",\"isPartOf\":{\"@id\":\"https:\\\/\\\/www.organisator.ch\\\/#website\"},\"primaryImageOfPage\":{\"@id\":\"https:\\\/\\\/www.organisator.ch\\\/weiterbildung\\\/2022-12-14\\\/eiterbildungsanbieter-befinden-sich-in-einer-phase-der-veraenderung\\\/#primaryimage\"},\"image\":{\"@id\":\"https:\\\/\\\/www.organisator.ch\\\/weiterbildung\\\/2022-12-14\\\/eiterbildungsanbieter-befinden-sich-in-einer-phase-der-veraenderung\\\/#primaryimage\"},\"thumbnailUrl\":\"https:\\\/\\\/www.organisator.ch\\\/wp-content\\\/uploads\\\/2022\\\/12\\\/Weiterbildungsanbieter-befinden-sich-in-einer-Phase-der-Veraenderung_Organisator.jpg\",\"datePublished\":\"2022-12-14T13:36:54+00:00\",\"description\":\"Der FOCUS Weiterbildung 2022 des SVEB zeigt, dass sich die Weiterbildungsanbieter in der Schweiz in einer Phase der Ver\u00e4nderung befinden.\",\"breadcrumb\":{\"@id\":\"https:\\\/\\\/www.organisator.ch\\\/weiterbildung\\\/2022-12-14\\\/eiterbildungsanbieter-befinden-sich-in-einer-phase-der-veraenderung\\\/#breadcrumb\"},\"inLanguage\":\"de\",\"potentialAction\":[{\"@type\":\"ReadAction\",\"target\":[\"https:\\\/\\\/www.organisator.ch\\\/weiterbildung\\\/2022-12-14\\\/eiterbildungsanbieter-befinden-sich-in-einer-phase-der-veraenderung\\\/\"]}]},{\"@type\":\"ImageObject\",\"inLanguage\":\"de\",\"@id\":\"https:\\\/\\\/www.organisator.ch\\\/weiterbildung\\\/2022-12-14\\\/eiterbildungsanbieter-befinden-sich-in-einer-phase-der-veraenderung\\\/#primaryimage\",\"url\":\"https:\\\/\\\/www.organisator.ch\\\/wp-content\\\/uploads\\\/2022\\\/12\\\/Weiterbildungsanbieter-befinden-sich-in-einer-Phase-der-Veraenderung_Organisator.jpg\",\"contentUrl\":\"https:\\\/\\\/www.organisator.ch\\\/wp-content\\\/uploads\\\/2022\\\/12\\\/Weiterbildungsanbieter-befinden-sich-in-einer-Phase-der-Veraenderung_Organisator.jpg\",\"width\":680,\"height\":456,\"caption\":\"Immer das Richtige bieten f\u00fcr Studierende? Viele Weiterbildungsanbieter sp\u00fcren den Druck der Ver\u00e4nderung. (Bild: Pixabay.com)\"},{\"@type\":\"BreadcrumbList\",\"@id\":\"https:\\\/\\\/www.organisator.ch\\\/weiterbildung\\\/2022-12-14\\\/eiterbildungsanbieter-befinden-sich-in-einer-phase-der-veraenderung\\\/#breadcrumb\",\"itemListElement\":[{\"@type\":\"ListItem\",\"position\":1,\"name\":\"Home\",\"item\":\"https:\\\/\\\/www.organisator.ch\\\/\"},{\"@type\":\"ListItem\",\"position\":2,\"name\":\"Weiterbildungsanbieter befinden sich in einer Phase der Ver\u00e4nderung\"}]},{\"@type\":\"WebSite\",\"@id\":\"https:\\\/\\\/www.organisator.ch\\\/#website\",\"url\":\"https:\\\/\\\/www.organisator.ch\\\/\",\"name\":\"Organisator\",\"description\":\"Kompetent. Praxisnah. Der ORGANISATOR bereitet in 10 Ausgaben pro Jahr die wesentlichen Themen f\u00fcr F\u00fchrungskr\u00e4fte von KMU auf.\",\"publisher\":{\"@id\":\"https:\\\/\\\/www.organisator.ch\\\/#organization\"},\"potentialAction\":[{\"@type\":\"SearchAction\",\"target\":{\"@type\":\"EntryPoint\",\"urlTemplate\":\"https:\\\/\\\/www.organisator.ch\\\/?s={search_term_string}\"},\"query-input\":{\"@type\":\"PropertyValueSpecification\",\"valueRequired\":true,\"valueName\":\"search_term_string\"}}],\"inLanguage\":\"de\"},{\"@type\":\"Organization\",\"@id\":\"https:\\\/\\\/www.organisator.ch\\\/#organization\",\"name\":\"Organisator\",\"url\":\"https:\\\/\\\/www.organisator.ch\\\/\",\"logo\":{\"@type\":\"ImageObject\",\"inLanguage\":\"de\",\"@id\":\"https:\\\/\\\/www.organisator.ch\\\/#\\\/schema\\\/logo\\\/image\\\/\",\"url\":\"https:\\\/\\\/www.organisator.ch\\\/wp-content\\\/uploads\\\/2022\\\/01\\\/Logo_Organisator_Website.png\",\"contentUrl\":\"https:\\\/\\\/www.organisator.ch\\\/wp-content\\\/uploads\\\/2022\\\/01\\\/Logo_Organisator_Website.png\",\"width\":800,\"height\":77,\"caption\":\"Organisator\"},\"image\":{\"@id\":\"https:\\\/\\\/www.organisator.ch\\\/#\\\/schema\\\/logo\\\/image\\\/\"},\"sameAs\":[\"https:\\\/\\\/www.facebook.com\\\/OrganisatorFachmagazin\",\"https:\\\/\\\/www.linkedin.com\\\/showcase\\\/organisator-das-magazin-fr-kmu\",\"https:\\\/\\\/www.xing.com\\\/news\\\/pages\\\/organisator-ch-695\",\"https:\\\/\\\/www.youtube.com\\\/channel\\\/UCGP2Sq0iWaZwT3BdIAQFYpw\"]},{\"@type\":\"Person\",\"@id\":\"https:\\\/\\\/www.organisator.ch\\\/#\\\/schema\\\/person\\\/6f650f90b2842cd4c0cc334b4e36f67e\",\"name\":\"thomas.berner\",\"image\":{\"@type\":\"ImageObject\",\"inLanguage\":\"de\",\"@id\":\"https:\\\/\\\/secure.gravatar.com\\\/avatar\\\/ac5001d2a36cb6c6cd3e50789007ffca834b477b74a2144564522e944eabff61?s=96&d=mm&r=g\",\"url\":\"https:\\\/\\\/secure.gravatar.com\\\/avatar\\\/ac5001d2a36cb6c6cd3e50789007ffca834b477b74a2144564522e944eabff61?s=96&d=mm&r=g\",\"contentUrl\":\"https:\\\/\\\/secure.gravatar.com\\\/avatar\\\/ac5001d2a36cb6c6cd3e50789007ffca834b477b74a2144564522e944eabff61?s=96&d=mm&r=g\",\"caption\":\"thomas.berner\"},\"url\":\"https:\\\/\\\/www.organisator.ch\\\/de\\\/author\\\/thomas-berner\\\/\"}]}<\/script>\n<!-- \/ Yoast SEO plugin. -->","yoast_head_json":{"title":"Weiterbildungsanbieter befinden sich in einer Phase der Ver\u00e4nderung - Organisator","description":"Der FOCUS Weiterbildung 2022 des SVEB zeigt, dass sich die Weiterbildungsanbieter in der Schweiz in einer Phase der Ver\u00e4nderung befinden.","robots":{"index":"index","follow":"follow","max-snippet":"max-snippet:-1","max-image-preview":"max-image-preview:large","max-video-preview":"max-video-preview:-1"},"canonical":"https:\/\/www.organisator.ch\/de\/weiterbildung\/2022-12-14\/eiterbildungsanbieter-befinden-sich-in-einer-phase-der-veraenderung\/","og_locale":"de_DE","og_type":"article","og_title":"Weiterbildungsanbieter befinden sich in einer Phase der Ver\u00e4nderung","og_description":"Der FOCUS Weiterbildung 2022 des SVEB zeigt, dass sich die Weiterbildungsanbieter in der Schweiz in einer Phase der Ver\u00e4nderung befinden.","og_url":"https:\/\/www.organisator.ch\/de\/weiterbildung\/2022-12-14\/eiterbildungsanbieter-befinden-sich-in-einer-phase-der-veraenderung\/","og_site_name":"Organisator","article_publisher":"https:\/\/www.facebook.com\/OrganisatorFachmagazin","article_published_time":"2022-12-14T13:36:54+00:00","og_image":[{"width":680,"height":456,"url":"https:\/\/www.organisator.ch\/wp-content\/uploads\/2022\/12\/Weiterbildungsanbieter-befinden-sich-in-einer-Phase-der-Veraenderung_Organisator.jpg","type":"image\/jpeg"}],"author":"thomas.berner","twitter_card":"summary_large_image","twitter_title":"#Weiterbildungsanbieter befinden sich in einer Phase der #Ver\u00e4nderung","twitter_description":"Der FOCUS #Weiterbildung 2022 des #SVEB zeigt, dass sich die #Weiterbildungsanbieter in der Schweiz in einer Phase der #Ver\u00e4nderung befinden.","twitter_image":"https:\/\/www.organisator.ch\/wp-content\/uploads\/2022\/12\/Weiterbildungsanbieter-befinden-sich-in-einer-Phase-der-Veraenderung_Organisator.jpg","schema":{"@context":"https:\/\/schema.org","@graph":[{"@type":"Article","@id":"https:\/\/www.organisator.ch\/weiterbildung\/2022-12-14\/eiterbildungsanbieter-befinden-sich-in-einer-phase-der-veraenderung\/#article","isPartOf":{"@id":"https:\/\/www.organisator.ch\/weiterbildung\/2022-12-14\/eiterbildungsanbieter-befinden-sich-in-einer-phase-der-veraenderung\/"},"author":{"name":"thomas.berner","@id":"https:\/\/www.organisator.ch\/#\/schema\/person\/6f650f90b2842cd4c0cc334b4e36f67e"},"headline":"Weiterbildungsanbieter befinden sich in einer Phase der Ver\u00e4nderung","datePublished":"2022-12-14T13:36:54+00:00","mainEntityOfPage":{"@id":"https:\/\/www.organisator.ch\/weiterbildung\/2022-12-14\/eiterbildungsanbieter-befinden-sich-in-einer-phase-der-veraenderung\/"},"wordCount":286,"publisher":{"@id":"https:\/\/www.organisator.ch\/#organization"},"image":{"@id":"https:\/\/www.organisator.ch\/weiterbildung\/2022-12-14\/eiterbildungsanbieter-befinden-sich-in-einer-phase-der-veraenderung\/#primaryimage"},"thumbnailUrl":"https:\/\/www.organisator.ch\/wp-content\/uploads\/2022\/12\/Weiterbildungsanbieter-befinden-sich-in-einer-Phase-der-Veraenderung_Organisator.jpg","keywords":["Aus-\/Weiterbildung","Change Management","Studie"],"articleSection":["WEITERBILDUNG"],"inLanguage":"de"},{"@type":"WebPage","@id":"https:\/\/www.organisator.ch\/weiterbildung\/2022-12-14\/eiterbildungsanbieter-befinden-sich-in-einer-phase-der-veraenderung\/","url":"https:\/\/www.organisator.ch\/weiterbildung\/2022-12-14\/eiterbildungsanbieter-befinden-sich-in-einer-phase-der-veraenderung\/","name":"Weiterbildungsanbieter befinden sich in einer Phase der Ver\u00e4nderung - Organisator","isPartOf":{"@id":"https:\/\/www.organisator.ch\/#website"},"primaryImageOfPage":{"@id":"https:\/\/www.organisator.ch\/weiterbildung\/2022-12-14\/eiterbildungsanbieter-befinden-sich-in-einer-phase-der-veraenderung\/#primaryimage"},"image":{"@id":"https:\/\/www.organisator.ch\/weiterbildung\/2022-12-14\/eiterbildungsanbieter-befinden-sich-in-einer-phase-der-veraenderung\/#primaryimage"},"thumbnailUrl":"https:\/\/www.organisator.ch\/wp-content\/uploads\/2022\/12\/Weiterbildungsanbieter-befinden-sich-in-einer-Phase-der-Veraenderung_Organisator.jpg","datePublished":"2022-12-14T13:36:54+00:00","description":"Der FOCUS Weiterbildung 2022 des SVEB zeigt, dass sich die Weiterbildungsanbieter in der Schweiz in einer Phase der Ver\u00e4nderung befinden.","breadcrumb":{"@id":"https:\/\/www.organisator.ch\/weiterbildung\/2022-12-14\/eiterbildungsanbieter-befinden-sich-in-einer-phase-der-veraenderung\/#breadcrumb"},"inLanguage":"de","potentialAction":[{"@type":"ReadAction","target":["https:\/\/www.organisator.ch\/weiterbildung\/2022-12-14\/eiterbildungsanbieter-befinden-sich-in-einer-phase-der-veraenderung\/"]}]},{"@type":"ImageObject","inLanguage":"de","@id":"https:\/\/www.organisator.ch\/weiterbildung\/2022-12-14\/eiterbildungsanbieter-befinden-sich-in-einer-phase-der-veraenderung\/#primaryimage","url":"https:\/\/www.organisator.ch\/wp-content\/uploads\/2022\/12\/Weiterbildungsanbieter-befinden-sich-in-einer-Phase-der-Veraenderung_Organisator.jpg","contentUrl":"https:\/\/www.organisator.ch\/wp-content\/uploads\/2022\/12\/Weiterbildungsanbieter-befinden-sich-in-einer-Phase-der-Veraenderung_Organisator.jpg","width":680,"height":456,"caption":"Immer das Richtige bieten f\u00fcr Studierende? Viele Weiterbildungsanbieter sp\u00fcren den Druck der Ver\u00e4nderung. (Bild: Pixabay.com)"},{"@type":"BreadcrumbList","@id":"https:\/\/www.organisator.ch\/weiterbildung\/2022-12-14\/eiterbildungsanbieter-befinden-sich-in-einer-phase-der-veraenderung\/#breadcrumb","itemListElement":[{"@type":"ListItem","position":1,"name":"Home","item":"https:\/\/www.organisator.ch\/"},{"@type":"ListItem","position":2,"name":"Weiterbildungsanbieter befinden sich in einer Phase der Ver\u00e4nderung"}]},{"@type":"WebSite","@id":"https:\/\/www.organisator.ch\/#website","url":"https:\/\/www.organisator.ch\/","name":"Organisator","description":"Kompetent. Praxisnah. Der ORGANISATOR bereitet in 10 Ausgaben pro Jahr die wesentlichen Themen f\u00fcr F\u00fchrungskr\u00e4fte von KMU auf.","publisher":{"@id":"https:\/\/www.organisator.ch\/#organization"},"potentialAction":[{"@type":"SearchAction","target":{"@type":"EntryPoint","urlTemplate":"https:\/\/www.organisator.ch\/?s={search_term_string}"},"query-input":{"@type":"PropertyValueSpecification","valueRequired":true,"valueName":"search_term_string"}}],"inLanguage":"de"},{"@type":"Organization","@id":"https:\/\/www.organisator.ch\/#organization","name":"Organisator","url":"https:\/\/www.organisator.ch\/","logo":{"@type":"ImageObject","inLanguage":"de","@id":"https:\/\/www.organisator.ch\/#\/schema\/logo\/image\/","url":"https:\/\/www.organisator.ch\/wp-content\/uploads\/2022\/01\/Logo_Organisator_Website.png","contentUrl":"https:\/\/www.organisator.ch\/wp-content\/uploads\/2022\/01\/Logo_Organisator_Website.png","width":800,"height":77,"caption":"Organisator"},"image":{"@id":"https:\/\/www.organisator.ch\/#\/schema\/logo\/image\/"},"sameAs":["https:\/\/www.facebook.com\/OrganisatorFachmagazin","https:\/\/www.linkedin.com\/showcase\/organisator-das-magazin-fr-kmu","https:\/\/www.xing.com\/news\/pages\/organisator-ch-695","https:\/\/www.youtube.com\/channel\/UCGP2Sq0iWaZwT3BdIAQFYpw"]},{"@type":"Person","@id":"https:\/\/www.organisator.ch\/#\/schema\/person\/6f650f90b2842cd4c0cc334b4e36f67e","name":"thomas.berner","image":{"@type":"ImageObject","inLanguage":"de","@id":"https:\/\/secure.gravatar.com\/avatar\/ac5001d2a36cb6c6cd3e50789007ffca834b477b74a2144564522e944eabff61?s=96&d=mm&r=g","url":"https:\/\/secure.gravatar.com\/avatar\/ac5001d2a36cb6c6cd3e50789007ffca834b477b74a2144564522e944eabff61?s=96&d=mm&r=g","contentUrl":"https:\/\/secure.gravatar.com\/avatar\/ac5001d2a36cb6c6cd3e50789007ffca834b477b74a2144564522e944eabff61?s=96&d=mm&r=g","caption":"thomas.berner"},"url":"https:\/\/www.organisator.ch\/de\/author\/thomas-berner\/"}]}},"_links":{"self":[{"href":"https:\/\/www.organisator.ch\/de\/wp-json\/wp\/v2\/posts\/18281","targetHints":{"allow":["GET"]}}],"collection":[{"href":"https:\/\/www.organisator.ch\/de\/wp-json\/wp\/v2\/posts"}],"about":[{"href":"https:\/\/www.organisator.ch\/de\/wp-json\/wp\/v2\/types\/post"}],"author":[{"embeddable":true,"href":"https:\/\/www.organisator.ch\/de\/wp-json\/wp\/v2\/users\/4"}],"replies":[{"embeddable":true,"href":"https:\/\/www.organisator.ch\/de\/wp-json\/wp\/v2\/comments?post=18281"}],"version-history":[{"count":1,"href":"https:\/\/www.organisator.ch\/de\/wp-json\/wp\/v2\/posts\/18281\/revisions"}],"predecessor-version":[{"id":18283,"href":"https:\/\/www.organisator.ch\/de\/wp-json\/wp\/v2\/posts\/18281\/revisions\/18283"}],"wp:featuredmedia":[{"embeddable":true,"href":"https:\/\/www.organisator.ch\/de\/wp-json\/wp\/v2\/media\/18282"}],"wp:attachment":[{"href":"https:\/\/www.organisator.ch\/de\/wp-json\/wp\/v2\/media?parent=18281"}],"wp:term":[{"taxonomy":"category","embeddable":true,"href":"https:\/\/www.organisator.ch\/de\/wp-json\/wp\/v2\/categories?post=18281"},{"taxonomy":"post_tag","embeddable":true,"href":"https:\/\/www.organisator.ch\/de\/wp-json\/wp\/v2\/tags?post=18281"}],"curies":[{"name":"wp","href":"https:\/\/api.w.org\/{rel}","templated":true}]}}