{"id":1830,"date":"2018-08-21T10:01:33","date_gmt":"2018-08-21T08:01:33","guid":{"rendered":"https:\/\/www.umweltperspektiven.ch\/?p=1830"},"modified":"2022-02-09T11:06:18","modified_gmt":"2022-02-09T10:06:18","slug":"persoenliche-meinungen-der-schweizer-zum-thema-klimawandel","status":"publish","type":"post","link":"https:\/\/www.organisator.ch\/de\/sustainability\/2018-08-21\/persoenliche-meinungen-der-schweizer-zum-thema-klimawandel\/","title":{"rendered":"Pers\u00f6nliche Meinungen der Schweizer zum Thema Klimawandel"},"content":{"rendered":"<figure id=\"attachment_1831\" aria-describedby=\"caption-attachment-1831\" style=\"width: 680px\" class=\"wp-caption alignnone\"><img loading=\"lazy\" decoding=\"async\" class=\"size-medium wp-image-1831\" src=\"\/\/www.umweltperspektiven.ch\/wp-content\/uploads\/2018\/08\/Meinung-Schweizer-up-Umweltperspektive.jpg\" alt=\"\" width=\"680\" height=\"444\" srcset=\"https:\/\/www.organisator.ch\/wp-content\/uploads\/2018\/08\/Meinung-Schweizer-up-Umweltperspektive.jpg 778w, https:\/\/www.organisator.ch\/wp-content\/uploads\/2018\/08\/Meinung-Schweizer-up-Umweltperspektive-680x444.jpg 680w, https:\/\/www.organisator.ch\/wp-content\/uploads\/2018\/08\/Meinung-Schweizer-up-Umweltperspektive-768x501.jpg 768w, https:\/\/www.organisator.ch\/wp-content\/uploads\/2018\/08\/Meinung-Schweizer-up-Umweltperspektive-18x12.jpg 18w, https:\/\/www.organisator.ch\/wp-content\/uploads\/2018\/08\/Meinung-Schweizer-up-Umweltperspektive-268x175.jpg 268w, https:\/\/www.organisator.ch\/wp-content\/uploads\/2018\/08\/Meinung-Schweizer-up-Umweltperspektive-536x350.jpg 536w, https:\/\/www.organisator.ch\/wp-content\/uploads\/2018\/08\/Meinung-Schweizer-up-Umweltperspektive-300x196.jpg 300w\" sizes=\"auto, (max-width: 680px) 100vw, 680px\" \/><figcaption id=\"caption-attachment-1831\" class=\"wp-caption-text\">Neben der allgemeinen Sorge um den Klimawandel sind die Befragten dar\u00fcber sehr beunruhigt, wovon ihr Energie-Konsum in Zukunft abh\u00e4ngt. (Bild: depositphotos)<\/figcaption><\/figure>\n<p>Es heisst, dass Schweizer skeptisch bez\u00fcglich der Wirksamkeit von Massnahmen gegen den Klimawandel, &#8222;zur Verlangsamung&#8220; des Prozesses sind. Die Schweizer sprechen sich auch f\u00fcr die st\u00e4rkere Nutzung erneuerbarer Energien aus. Eine Mehrheit geht davon aus, dass der Klimawandel gleichermassen auf menschliche Aktivit\u00e4ten wie auf nat\u00fcrliche Prozesse zur\u00fcckzuf\u00fchren ist.<\/p>\n<p>Die wichtigsten Resultate des European Social Survey 2016 f\u00fcr die Schweiz zum Thema Ansichten zur Umwelt:<\/p>\n<ul>\n<li>98% der Bev\u00f6lkerung zweifeln nicht an der Existenz des Klimawandels. Die Mehrheit ist sehr besorgt wegen des Klimawandels, aber nur 44% sind der Ansicht, dass der Klimawandel haupts\u00e4chlich oder vollumf\u00e4nglich auf menschliche Aktivit\u00e4ten zur\u00fcckzuf\u00fchren ist.<\/li>\n<li>Die Bev\u00f6lkerung in der Schweiz ist skeptisch bez\u00fcglich Massnahmen zur Verlangsamung des Klimawandels. Obwohl die Mehrheit der Bev\u00f6lkerung (66%) es als ihre pers\u00f6nliche Aufgabe betrachtet, einen Beitrag im Kampf gegen den Klimawandel zu leisten, denkt nur ein Drittel (33%), dass die Reduktion des eigenen Energiekonsums einen Einfluss auf den Klimawandel haben k\u00f6nnte.<\/li>\n<li>Trotz dieser generellen Skepsis, spricht sich die Bev\u00f6lkerung in der Schweiz f\u00fcr einen verantwortungsbewussten Konsum aus. Die Mehrheit unterst\u00fctzt die Idee, dass Energie aus erneuerbaren Quellen stammen sollte. Die befragten Personen sprechen sich vor allem f\u00fcr die Wasser-, Sonnen- und Windenergie aus. Knapp 77% finden, dass Atomenergie gar nicht oder nur in sehr geringem Ausmass genutzt werden sollte.<\/li>\n<li>Neben der allgemeinen Sorge um den Klimawandel sind die Befragten sehr beunruhigt, was die Abh\u00e4ngigkeit der Schweiz von Energieimporten betrifft. Mehr als die H\u00e4lfte der Bev\u00f6lkerung (61%) macht sich Sorgen wegen den fossilen Energien, insbesondere wegen Benzin, Gas und Kohle. 46% der Bev\u00f6lkerung f\u00fcrchten zudem einen Anstieg der Energiepreise und dass dadurch Energie f\u00fcr viele Personen in der Schweiz unerschwinglich wird.<\/li>\n<li>Um die Nutzung erneuerbarer Energien zu f\u00f6rdern, bef\u00fcrworten 47% eine Erh\u00f6hung der Steuern auf fossile Energien durch die Regierung. Zudem unterst\u00fctzt die Mehrheit das gesetzliche Verbot energieintensiver Ger\u00e4te. Schliesslich sprechen sich mehr als 80% f\u00fcr die Subventionierung erneuerbarer Energien wie Wind- und Solarenergie aus. Gem\u00e4ss der Befragung ist die Bev\u00f6lkerung in der Schweiz zudem der Meinung, dass der Staat die Energieproduktion und den Energieverbrauch regeln soll.<\/li>\n<\/ul>\n<p><em>Die Brosch\u00fcre \u00ab ESS 2016 : Ausgew\u00e4hlte Ergebnisse in Bezug auf die Schweiz\u00bb kann auch auf der Webseite von <a href=\"\/\/forscenter.ch\/de\/our-surveys\/international-surveys\/european-social-survey\/fur-teilnehmende\/\">FORS<\/a> heruntergeladen werden<\/em><\/p>\n<p>Am 19. September 2018 stellt der ESS die Resultate zum Thema \u00abPublic attitudes to climate change and energy\u00bb aus der Ausgabe 2016 offiziell in Br\u00fcssel vor. Mehr Informationen zum Event finden Sie <a href=\"\/\/www.eventbrite.co.uk\/e\/public-attitudes-to-climate-change-and-energy-tickets-48413002594\">hier<\/a><\/p>\n<p>&nbsp;<\/p>\n<p><strong>Der European Social Survey:<\/strong><\/p>\n<p>Der European Social Survey (ESS) ist eine wissenschaftliche Bev\u00f6lkerungsbefragung, die seit 2002 in mehr als 20 europ\u00e4ischen L\u00e4ndern durchgef\u00fchrt wird. Ziel ist die Untersuchung der Einstellungen und des Verhaltens der europ\u00e4ischen Bev\u00f6lkerung aus einer vergleichenden Perspektive. In der Schweiz wird die Erhebung vom Schweizer Kompetenzzentrum Sozialwissenschaften FORS, das an die Universit\u00e4t Lausanne angegliedert ist, durchgef\u00fchrt. Die Schweiz hat an allen bisherigen Befragungswellen des ESS teilgenommen, welche alle zwei Jahre stattfinden.<\/p>\n<p>Die Daten der achten Ausgabe des ESS wurden in rund einst\u00fcndigen face-to-face Interviews mit Personen ab 15 Jahren erhoben. Im Ganzen haben 23 L\u00e4nder bei der Befragung mitgemacht. Um sicherzustellen, dass die Erhebung repr\u00e4sentativ ist, wurden die teilnehmenden Personen mittels Zufallsstichprobe ausgew\u00e4hlt.<\/p>\n<p>Weiterf\u00fchrende Informationen zum ESS finden Sie unter:<a href=\"\/\/www.europeansocialsurvey.org\/\"> http:\/\/www.europeansocialsurvey.org<\/a> oder <a href=\"\/\/forscenter.ch\/\">http:\/\/forscenter.ch<\/a><\/p>\n<p><em>Die detaillierten Schweizer Daten k\u00f6nnen auf Deutsch oder Franz\u00f6sisch auf <a href=\"\/\/forsbase.unil.c\">https:\/\/forsbase.unil.c<\/a>h (Projekt Nr. 13102) heruntergeladen werden.<\/em><\/p>\n<p>&nbsp;<\/p>\n","protected":false},"excerpt":{"rendered":"<p>Es heisst, dass Schweizer skeptisch bez\u00fcglich der Wirksamkeit von Massnahmen gegen den Klimawandel, &#8222;zur Verlangsamung&#8220; des Prozesses sind. Die Schweizer sprechen sich auch f\u00fcr die st\u00e4rkere Nutzung erneuerbarer Energien aus. Eine Mehrheit geht davon aus, dass der Klimawandel gleichermassen auf menschliche Aktivit\u00e4ten wie auf nat\u00fcrliche Prozesse zur\u00fcckzuf\u00fchren ist. Die wichtigsten Resultate des European Social Survey [&hellip;]<\/p>\n","protected":false},"author":5,"featured_media":1831,"comment_status":"open","ping_status":"open","sticky":false,"template":"","format":"standard","meta":{"_acf_changed":false,"_yoast_wpseo_focuskw":"Schweizer","_yoast_wpseo_metadesc":"Die Schweizer und Schweizerinnen sind \u00fcber den Klimawandel besorgt. Dies zeigen erhobene Daten des European Social Survey (ESS).","articlekey":"","footnotes":""},"categories":[580],"tags":[1119,1532,1857,424],"class_list":["post-1830","post","type-post","status-publish","format-standard","has-post-thumbnail","hentry","category-sustainability","tag-erneuerbare-energie","tag-klimawandel","tag-oeffentliche-meinung","tag-schweiz"],"acf":[],"yoast_head":"<!-- This site is optimized with the Yoast SEO plugin v27.4 - https:\/\/yoast.com\/product\/yoast-seo-wordpress\/ -->\n<title>Pers\u00f6nliche Meinungen der Schweizer zum Thema Klimawandel - Organisator<\/title>\n<meta name=\"description\" content=\"Die Schweizer und Schweizerinnen sind \u00fcber den Klimawandel besorgt. Dies zeigen erhobene Daten des European Social Survey (ESS).\" \/>\n<meta name=\"robots\" content=\"index, follow, max-snippet:-1, max-image-preview:large, max-video-preview:-1\" \/>\n<link rel=\"canonical\" href=\"https:\/\/www.organisator.ch\/de\/sustainability\/2018-08-21\/persoenliche-meinungen-der-schweizer-zum-thema-klimawandel\/\" \/>\n<meta property=\"og:locale\" content=\"de_DE\" \/>\n<meta property=\"og:type\" content=\"article\" \/>\n<meta property=\"og:title\" content=\"Pers\u00f6nliche Meinungen der Schweizer zum Thema Klimawandel - Organisator\" \/>\n<meta property=\"og:description\" content=\"Die Schweizer und Schweizerinnen sind \u00fcber den Klimawandel besorgt. Dies zeigen erhobene Daten des European Social Survey (ESS).\" \/>\n<meta property=\"og:url\" content=\"https:\/\/www.organisator.ch\/de\/sustainability\/2018-08-21\/persoenliche-meinungen-der-schweizer-zum-thema-klimawandel\/\" \/>\n<meta property=\"og:site_name\" content=\"Organisator\" \/>\n<meta property=\"article:publisher\" content=\"https:\/\/www.facebook.com\/OrganisatorFachmagazin\" \/>\n<meta property=\"article:published_time\" content=\"2018-08-21T08:01:33+00:00\" \/>\n<meta property=\"article:modified_time\" content=\"2022-02-09T10:06:18+00:00\" \/>\n<meta property=\"og:image\" content=\"https:\/\/www.organisator.ch\/wp-content\/uploads\/2018\/08\/Meinung-Schweizer-up-Umweltperspektive.jpg\" \/>\n\t<meta property=\"og:image:width\" content=\"778\" \/>\n\t<meta property=\"og:image:height\" content=\"508\" \/>\n\t<meta property=\"og:image:type\" content=\"image\/jpeg\" \/>\n<meta name=\"author\" content=\"michael.merz\" \/>\n<meta name=\"twitter:card\" content=\"summary_large_image\" \/>\n<script type=\"application\/ld+json\" class=\"yoast-schema-graph\">{\"@context\":\"https:\\\/\\\/schema.org\",\"@graph\":[{\"@type\":\"Article\",\"@id\":\"https:\\\/\\\/www.organisator.ch\\\/sustainability\\\/2018-08-21\\\/persoenliche-meinungen-der-schweizer-zum-thema-klimawandel\\\/#article\",\"isPartOf\":{\"@id\":\"https:\\\/\\\/www.organisator.ch\\\/sustainability\\\/2018-08-21\\\/persoenliche-meinungen-der-schweizer-zum-thema-klimawandel\\\/\"},\"author\":{\"name\":\"michael.merz\",\"@id\":\"https:\\\/\\\/www.organisator.ch\\\/#\\\/schema\\\/person\\\/134708ca9321c57b0362cceb7948ffbd\"},\"headline\":\"Pers\u00f6nliche Meinungen der Schweizer zum Thema Klimawandel\",\"datePublished\":\"2018-08-21T08:01:33+00:00\",\"dateModified\":\"2022-02-09T10:06:18+00:00\",\"mainEntityOfPage\":{\"@id\":\"https:\\\/\\\/www.organisator.ch\\\/sustainability\\\/2018-08-21\\\/persoenliche-meinungen-der-schweizer-zum-thema-klimawandel\\\/\"},\"wordCount\":615,\"commentCount\":0,\"publisher\":{\"@id\":\"https:\\\/\\\/www.organisator.ch\\\/#organization\"},\"image\":{\"@id\":\"https:\\\/\\\/www.organisator.ch\\\/sustainability\\\/2018-08-21\\\/persoenliche-meinungen-der-schweizer-zum-thema-klimawandel\\\/#primaryimage\"},\"thumbnailUrl\":\"https:\\\/\\\/www.organisator.ch\\\/wp-content\\\/uploads\\\/2018\\\/08\\\/Meinung-Schweizer-up-Umweltperspektive.jpg\",\"keywords\":[\"erneuerbare Energie\",\"Klimawandel\",\"\u00d6ffentliche Meinung\",\"Schweiz\"],\"articleSection\":[\"SUSTAINABILITY\"],\"inLanguage\":\"de\"},{\"@type\":\"WebPage\",\"@id\":\"https:\\\/\\\/www.organisator.ch\\\/sustainability\\\/2018-08-21\\\/persoenliche-meinungen-der-schweizer-zum-thema-klimawandel\\\/\",\"url\":\"https:\\\/\\\/www.organisator.ch\\\/sustainability\\\/2018-08-21\\\/persoenliche-meinungen-der-schweizer-zum-thema-klimawandel\\\/\",\"name\":\"Pers\u00f6nliche Meinungen der Schweizer zum Thema Klimawandel - Organisator\",\"isPartOf\":{\"@id\":\"https:\\\/\\\/www.organisator.ch\\\/#website\"},\"primaryImageOfPage\":{\"@id\":\"https:\\\/\\\/www.organisator.ch\\\/sustainability\\\/2018-08-21\\\/persoenliche-meinungen-der-schweizer-zum-thema-klimawandel\\\/#primaryimage\"},\"image\":{\"@id\":\"https:\\\/\\\/www.organisator.ch\\\/sustainability\\\/2018-08-21\\\/persoenliche-meinungen-der-schweizer-zum-thema-klimawandel\\\/#primaryimage\"},\"thumbnailUrl\":\"https:\\\/\\\/www.organisator.ch\\\/wp-content\\\/uploads\\\/2018\\\/08\\\/Meinung-Schweizer-up-Umweltperspektive.jpg\",\"datePublished\":\"2018-08-21T08:01:33+00:00\",\"dateModified\":\"2022-02-09T10:06:18+00:00\",\"description\":\"Die Schweizer und Schweizerinnen sind \u00fcber den Klimawandel besorgt. Dies zeigen erhobene Daten des European Social Survey (ESS).\",\"breadcrumb\":{\"@id\":\"https:\\\/\\\/www.organisator.ch\\\/sustainability\\\/2018-08-21\\\/persoenliche-meinungen-der-schweizer-zum-thema-klimawandel\\\/#breadcrumb\"},\"inLanguage\":\"de\",\"potentialAction\":[{\"@type\":\"ReadAction\",\"target\":[\"https:\\\/\\\/www.organisator.ch\\\/sustainability\\\/2018-08-21\\\/persoenliche-meinungen-der-schweizer-zum-thema-klimawandel\\\/\"]}]},{\"@type\":\"ImageObject\",\"inLanguage\":\"de\",\"@id\":\"https:\\\/\\\/www.organisator.ch\\\/sustainability\\\/2018-08-21\\\/persoenliche-meinungen-der-schweizer-zum-thema-klimawandel\\\/#primaryimage\",\"url\":\"https:\\\/\\\/www.organisator.ch\\\/wp-content\\\/uploads\\\/2018\\\/08\\\/Meinung-Schweizer-up-Umweltperspektive.jpg\",\"contentUrl\":\"https:\\\/\\\/www.organisator.ch\\\/wp-content\\\/uploads\\\/2018\\\/08\\\/Meinung-Schweizer-up-Umweltperspektive.jpg\",\"width\":778,\"height\":508,\"caption\":\"Neben der allgemeinen Sorge um den Klimawandel sind die Befragten sehr beunruhigt, was die Abh\u00e4ngigkeit der Schweiz von Energieimporten betrifft. (Bild: depositphotos)\"},{\"@type\":\"BreadcrumbList\",\"@id\":\"https:\\\/\\\/www.organisator.ch\\\/sustainability\\\/2018-08-21\\\/persoenliche-meinungen-der-schweizer-zum-thema-klimawandel\\\/#breadcrumb\",\"itemListElement\":[{\"@type\":\"ListItem\",\"position\":1,\"name\":\"Home\",\"item\":\"https:\\\/\\\/www.organisator.ch\\\/\"},{\"@type\":\"ListItem\",\"position\":2,\"name\":\"Pers\u00f6nliche Meinungen der Schweizer zum Thema Klimawandel\"}]},{\"@type\":\"WebSite\",\"@id\":\"https:\\\/\\\/www.organisator.ch\\\/#website\",\"url\":\"https:\\\/\\\/www.organisator.ch\\\/\",\"name\":\"Organisator\",\"description\":\"Kompetent. Praxisnah. Der ORGANISATOR bereitet in 10 Ausgaben pro Jahr die wesentlichen Themen f\u00fcr F\u00fchrungskr\u00e4fte von KMU auf.\",\"publisher\":{\"@id\":\"https:\\\/\\\/www.organisator.ch\\\/#organization\"},\"potentialAction\":[{\"@type\":\"SearchAction\",\"target\":{\"@type\":\"EntryPoint\",\"urlTemplate\":\"https:\\\/\\\/www.organisator.ch\\\/?s={search_term_string}\"},\"query-input\":{\"@type\":\"PropertyValueSpecification\",\"valueRequired\":true,\"valueName\":\"search_term_string\"}}],\"inLanguage\":\"de\"},{\"@type\":\"Organization\",\"@id\":\"https:\\\/\\\/www.organisator.ch\\\/#organization\",\"name\":\"Organisator\",\"url\":\"https:\\\/\\\/www.organisator.ch\\\/\",\"logo\":{\"@type\":\"ImageObject\",\"inLanguage\":\"de\",\"@id\":\"https:\\\/\\\/www.organisator.ch\\\/#\\\/schema\\\/logo\\\/image\\\/\",\"url\":\"https:\\\/\\\/www.organisator.ch\\\/wp-content\\\/uploads\\\/2022\\\/01\\\/Logo_Organisator_Website.png\",\"contentUrl\":\"https:\\\/\\\/www.organisator.ch\\\/wp-content\\\/uploads\\\/2022\\\/01\\\/Logo_Organisator_Website.png\",\"width\":800,\"height\":77,\"caption\":\"Organisator\"},\"image\":{\"@id\":\"https:\\\/\\\/www.organisator.ch\\\/#\\\/schema\\\/logo\\\/image\\\/\"},\"sameAs\":[\"https:\\\/\\\/www.facebook.com\\\/OrganisatorFachmagazin\",\"https:\\\/\\\/www.linkedin.com\\\/showcase\\\/organisator-das-magazin-fr-kmu\",\"https:\\\/\\\/www.xing.com\\\/news\\\/pages\\\/organisator-ch-695\",\"https:\\\/\\\/www.youtube.com\\\/channel\\\/UCGP2Sq0iWaZwT3BdIAQFYpw\"]},{\"@type\":\"Person\",\"@id\":\"https:\\\/\\\/www.organisator.ch\\\/#\\\/schema\\\/person\\\/134708ca9321c57b0362cceb7948ffbd\",\"name\":\"michael.merz\",\"image\":{\"@type\":\"ImageObject\",\"inLanguage\":\"de\",\"@id\":\"https:\\\/\\\/secure.gravatar.com\\\/avatar\\\/?s=96&d=mm&r=g\",\"url\":\"https:\\\/\\\/secure.gravatar.com\\\/avatar\\\/?s=96&d=mm&r=g\",\"contentUrl\":\"https:\\\/\\\/secure.gravatar.com\\\/avatar\\\/?s=96&d=mm&r=g\",\"caption\":\"michael.merz\"},\"url\":\"https:\\\/\\\/www.organisator.ch\\\/de\\\/author\\\/michael-merz\\\/\"}]}<\/script>\n<!-- \/ Yoast SEO plugin. -->","yoast_head_json":{"title":"Pers\u00f6nliche Meinungen der Schweizer zum Thema Klimawandel - Organisator","description":"Die Schweizer und Schweizerinnen sind \u00fcber den Klimawandel besorgt. Dies zeigen erhobene Daten des European Social Survey (ESS).","robots":{"index":"index","follow":"follow","max-snippet":"max-snippet:-1","max-image-preview":"max-image-preview:large","max-video-preview":"max-video-preview:-1"},"canonical":"https:\/\/www.organisator.ch\/de\/sustainability\/2018-08-21\/persoenliche-meinungen-der-schweizer-zum-thema-klimawandel\/","og_locale":"de_DE","og_type":"article","og_title":"Pers\u00f6nliche Meinungen der Schweizer zum Thema Klimawandel - Organisator","og_description":"Die Schweizer und Schweizerinnen sind \u00fcber den Klimawandel besorgt. Dies zeigen erhobene Daten des European Social Survey (ESS).","og_url":"https:\/\/www.organisator.ch\/de\/sustainability\/2018-08-21\/persoenliche-meinungen-der-schweizer-zum-thema-klimawandel\/","og_site_name":"Organisator","article_publisher":"https:\/\/www.facebook.com\/OrganisatorFachmagazin","article_published_time":"2018-08-21T08:01:33+00:00","article_modified_time":"2022-02-09T10:06:18+00:00","og_image":[{"width":778,"height":508,"url":"https:\/\/www.organisator.ch\/wp-content\/uploads\/2018\/08\/Meinung-Schweizer-up-Umweltperspektive.jpg","type":"image\/jpeg"}],"author":"michael.merz","twitter_card":"summary_large_image","schema":{"@context":"https:\/\/schema.org","@graph":[{"@type":"Article","@id":"https:\/\/www.organisator.ch\/sustainability\/2018-08-21\/persoenliche-meinungen-der-schweizer-zum-thema-klimawandel\/#article","isPartOf":{"@id":"https:\/\/www.organisator.ch\/sustainability\/2018-08-21\/persoenliche-meinungen-der-schweizer-zum-thema-klimawandel\/"},"author":{"name":"michael.merz","@id":"https:\/\/www.organisator.ch\/#\/schema\/person\/134708ca9321c57b0362cceb7948ffbd"},"headline":"Pers\u00f6nliche Meinungen der Schweizer zum Thema Klimawandel","datePublished":"2018-08-21T08:01:33+00:00","dateModified":"2022-02-09T10:06:18+00:00","mainEntityOfPage":{"@id":"https:\/\/www.organisator.ch\/sustainability\/2018-08-21\/persoenliche-meinungen-der-schweizer-zum-thema-klimawandel\/"},"wordCount":615,"commentCount":0,"publisher":{"@id":"https:\/\/www.organisator.ch\/#organization"},"image":{"@id":"https:\/\/www.organisator.ch\/sustainability\/2018-08-21\/persoenliche-meinungen-der-schweizer-zum-thema-klimawandel\/#primaryimage"},"thumbnailUrl":"https:\/\/www.organisator.ch\/wp-content\/uploads\/2018\/08\/Meinung-Schweizer-up-Umweltperspektive.jpg","keywords":["erneuerbare Energie","Klimawandel","\u00d6ffentliche Meinung","Schweiz"],"articleSection":["SUSTAINABILITY"],"inLanguage":"de"},{"@type":"WebPage","@id":"https:\/\/www.organisator.ch\/sustainability\/2018-08-21\/persoenliche-meinungen-der-schweizer-zum-thema-klimawandel\/","url":"https:\/\/www.organisator.ch\/sustainability\/2018-08-21\/persoenliche-meinungen-der-schweizer-zum-thema-klimawandel\/","name":"Pers\u00f6nliche Meinungen der Schweizer zum Thema Klimawandel - Organisator","isPartOf":{"@id":"https:\/\/www.organisator.ch\/#website"},"primaryImageOfPage":{"@id":"https:\/\/www.organisator.ch\/sustainability\/2018-08-21\/persoenliche-meinungen-der-schweizer-zum-thema-klimawandel\/#primaryimage"},"image":{"@id":"https:\/\/www.organisator.ch\/sustainability\/2018-08-21\/persoenliche-meinungen-der-schweizer-zum-thema-klimawandel\/#primaryimage"},"thumbnailUrl":"https:\/\/www.organisator.ch\/wp-content\/uploads\/2018\/08\/Meinung-Schweizer-up-Umweltperspektive.jpg","datePublished":"2018-08-21T08:01:33+00:00","dateModified":"2022-02-09T10:06:18+00:00","description":"Die Schweizer und Schweizerinnen sind \u00fcber den Klimawandel besorgt. Dies zeigen erhobene Daten des European Social Survey (ESS).","breadcrumb":{"@id":"https:\/\/www.organisator.ch\/sustainability\/2018-08-21\/persoenliche-meinungen-der-schweizer-zum-thema-klimawandel\/#breadcrumb"},"inLanguage":"de","potentialAction":[{"@type":"ReadAction","target":["https:\/\/www.organisator.ch\/sustainability\/2018-08-21\/persoenliche-meinungen-der-schweizer-zum-thema-klimawandel\/"]}]},{"@type":"ImageObject","inLanguage":"de","@id":"https:\/\/www.organisator.ch\/sustainability\/2018-08-21\/persoenliche-meinungen-der-schweizer-zum-thema-klimawandel\/#primaryimage","url":"https:\/\/www.organisator.ch\/wp-content\/uploads\/2018\/08\/Meinung-Schweizer-up-Umweltperspektive.jpg","contentUrl":"https:\/\/www.organisator.ch\/wp-content\/uploads\/2018\/08\/Meinung-Schweizer-up-Umweltperspektive.jpg","width":778,"height":508,"caption":"Neben der allgemeinen Sorge um den Klimawandel sind die Befragten sehr beunruhigt, was die Abh\u00e4ngigkeit der Schweiz von Energieimporten betrifft. (Bild: depositphotos)"},{"@type":"BreadcrumbList","@id":"https:\/\/www.organisator.ch\/sustainability\/2018-08-21\/persoenliche-meinungen-der-schweizer-zum-thema-klimawandel\/#breadcrumb","itemListElement":[{"@type":"ListItem","position":1,"name":"Home","item":"https:\/\/www.organisator.ch\/"},{"@type":"ListItem","position":2,"name":"Pers\u00f6nliche Meinungen der Schweizer zum Thema Klimawandel"}]},{"@type":"WebSite","@id":"https:\/\/www.organisator.ch\/#website","url":"https:\/\/www.organisator.ch\/","name":"Organisator","description":"Kompetent. Praxisnah. Der ORGANISATOR bereitet in 10 Ausgaben pro Jahr die wesentlichen Themen f\u00fcr F\u00fchrungskr\u00e4fte von KMU auf.","publisher":{"@id":"https:\/\/www.organisator.ch\/#organization"},"potentialAction":[{"@type":"SearchAction","target":{"@type":"EntryPoint","urlTemplate":"https:\/\/www.organisator.ch\/?s={search_term_string}"},"query-input":{"@type":"PropertyValueSpecification","valueRequired":true,"valueName":"search_term_string"}}],"inLanguage":"de"},{"@type":"Organization","@id":"https:\/\/www.organisator.ch\/#organization","name":"Organisator","url":"https:\/\/www.organisator.ch\/","logo":{"@type":"ImageObject","inLanguage":"de","@id":"https:\/\/www.organisator.ch\/#\/schema\/logo\/image\/","url":"https:\/\/www.organisator.ch\/wp-content\/uploads\/2022\/01\/Logo_Organisator_Website.png","contentUrl":"https:\/\/www.organisator.ch\/wp-content\/uploads\/2022\/01\/Logo_Organisator_Website.png","width":800,"height":77,"caption":"Organisator"},"image":{"@id":"https:\/\/www.organisator.ch\/#\/schema\/logo\/image\/"},"sameAs":["https:\/\/www.facebook.com\/OrganisatorFachmagazin","https:\/\/www.linkedin.com\/showcase\/organisator-das-magazin-fr-kmu","https:\/\/www.xing.com\/news\/pages\/organisator-ch-695","https:\/\/www.youtube.com\/channel\/UCGP2Sq0iWaZwT3BdIAQFYpw"]},{"@type":"Person","@id":"https:\/\/www.organisator.ch\/#\/schema\/person\/134708ca9321c57b0362cceb7948ffbd","name":"michael.merz","image":{"@type":"ImageObject","inLanguage":"de","@id":"https:\/\/secure.gravatar.com\/avatar\/?s=96&d=mm&r=g","url":"https:\/\/secure.gravatar.com\/avatar\/?s=96&d=mm&r=g","contentUrl":"https:\/\/secure.gravatar.com\/avatar\/?s=96&d=mm&r=g","caption":"michael.merz"},"url":"https:\/\/www.organisator.ch\/de\/author\/michael-merz\/"}]}},"_links":{"self":[{"href":"https:\/\/www.organisator.ch\/de\/wp-json\/wp\/v2\/posts\/1830","targetHints":{"allow":["GET"]}}],"collection":[{"href":"https:\/\/www.organisator.ch\/de\/wp-json\/wp\/v2\/posts"}],"about":[{"href":"https:\/\/www.organisator.ch\/de\/wp-json\/wp\/v2\/types\/post"}],"author":[{"embeddable":true,"href":"https:\/\/www.organisator.ch\/de\/wp-json\/wp\/v2\/users\/5"}],"replies":[{"embeddable":true,"href":"https:\/\/www.organisator.ch\/de\/wp-json\/wp\/v2\/comments?post=1830"}],"version-history":[{"count":1,"href":"https:\/\/www.organisator.ch\/de\/wp-json\/wp\/v2\/posts\/1830\/revisions"}],"predecessor-version":[{"id":10567,"href":"https:\/\/www.organisator.ch\/de\/wp-json\/wp\/v2\/posts\/1830\/revisions\/10567"}],"wp:featuredmedia":[{"embeddable":true,"href":"https:\/\/www.organisator.ch\/de\/wp-json\/wp\/v2\/media\/1831"}],"wp:attachment":[{"href":"https:\/\/www.organisator.ch\/de\/wp-json\/wp\/v2\/media?parent=1830"}],"wp:term":[{"taxonomy":"category","embeddable":true,"href":"https:\/\/www.organisator.ch\/de\/wp-json\/wp\/v2\/categories?post=1830"},{"taxonomy":"post_tag","embeddable":true,"href":"https:\/\/www.organisator.ch\/de\/wp-json\/wp\/v2\/tags?post=1830"}],"curies":[{"name":"wp","href":"https:\/\/api.w.org\/{rel}","templated":true}]}}