{"id":18304,"date":"2022-12-16T03:40:21","date_gmt":"2022-12-16T02:40:21","guid":{"rendered":"https:\/\/www.organisator.ch\/?p=18304"},"modified":"2023-01-11T08:57:36","modified_gmt":"2023-01-11T07:57:36","slug":"gespraechsverhalten-stets-die-richtigen-worte-finden","status":"publish","type":"post","link":"https:\/\/www.organisator.ch\/de\/management\/2022-12-16\/gespraechsverhalten-stets-die-richtigen-worte-finden\/","title":{"rendered":"Gespr\u00e4chsverhalten: Stets die richtigen Worte finden"},"content":{"rendered":"<figure id=\"attachment_18305\" aria-describedby=\"caption-attachment-18305\" style=\"width: 680px\" class=\"wp-caption alignnone\"><img loading=\"lazy\" decoding=\"async\" class=\"size-full wp-image-18305\" src=\"https:\/\/www.organisator.ch\/wp-content\/uploads\/2022\/12\/Gespraechsverhalten-Stets-die-richtigen-Worte-finden_Organisator.jpg\" alt=\"\" width=\"680\" height=\"453\" srcset=\"https:\/\/www.organisator.ch\/wp-content\/uploads\/2022\/12\/Gespraechsverhalten-Stets-die-richtigen-Worte-finden_Organisator.jpg 680w, https:\/\/www.organisator.ch\/wp-content\/uploads\/2022\/12\/Gespraechsverhalten-Stets-die-richtigen-Worte-finden_Organisator-18x12.jpg 18w, https:\/\/www.organisator.ch\/wp-content\/uploads\/2022\/12\/Gespraechsverhalten-Stets-die-richtigen-Worte-finden_Organisator-375x250.jpg 375w, https:\/\/www.organisator.ch\/wp-content\/uploads\/2022\/12\/Gespraechsverhalten-Stets-die-richtigen-Worte-finden_Organisator-525x350.jpg 525w\" sizes=\"auto, (max-width: 680px) 100vw, 680px\" \/><figcaption id=\"caption-attachment-18305\" class=\"wp-caption-text\">Wer das Denk- und Wertesystem seines Gegen\u00fcbers kennt, kann sein Gespr\u00e4chsverhalten besser anpassen. (Bild: Pixabay.com)<\/figcaption><\/figure>\n<p>Im Gespr\u00e4ch mit Menschen stellen wir oft fest: Unsere Botschaften kommen bei unseren Gespr\u00e4chspartnern zum Teil verschieden an, obwohl wir dieselben Worte benutzen. Dies kann verschiedene Ursachen haben. Zum Beispiel, dass die Gespr\u00e4chspartner ein unterschiedliches Know-how oder verschiedene Interessen haben. Oft klappt die Kommunikation aber auch nicht, weil unsere Partner anders als wir \u201eticken\u201c. Denn die Wertesysteme von uns Menschen sind verschieden. W\u00e4hrend zum Beispiel f\u00fcr den einen materieller Erfolg sehr wichtig ist, hat f\u00fcr den anderen soziale Anerkennung h\u00f6chste Priorit\u00e4t. Und wieder ein anderer m\u00f6chte vor allem viel Neues, Aufregendes erleben.<\/p>\n<h3>Die Denk- und Kommunikationsstile divergieren<\/h3>\n<p>Diese Werte pr\u00e4gen unseren Denkstil und der wiederum unseren Kommunikationsstil. So haben zum Beispiel Menschen, die alles prim\u00e4r unter dem Gesichtspunkt \u201eRechnet sich das?\u201c bewerten, meist einen eher logischen Denkstil. Dem entspricht ihr Kommunikationsstil. Sie bevorzugen kurze, pr\u00e4gnante Aussagen und lieben Zahlen, Daten und Fakten. Anders ist dies bei Menschen, die prim\u00e4r den Reiz des Neuen suchen. Zahlenkolonnen erm\u00fcden sie. \u00c4hnlich ist dies bei Menschen, denen die menschlichen Beziehungen sehr wichtig sind.<\/p>\n<p>Was passiert nun, wenn zum Beispiel eine F\u00fchrungskraft mit einem eher logischen Denk- und Kommunikationsstil auf einen eher beziehungsorientierten Mitarbeiter trifft? Die F\u00fchrungskraft \u00fcbersch\u00fcttet den Mitarbeiter mit Zahlen, Daten und Fakten. Denn sie nimmt an: Diese \u00fcberzeugen auch mein Gegen\u00fcber. Anders erlebt der Mitarbeiter die Situation. Er denkt: \u201eDer Chef fragt mich nicht mal, wie es mir geht. Stattdessen haut er mir Zahlen um die Ohren und fordert, dass ich mehr arbeite \u2013 so, als h\u00e4tte ich bisher auf der faulen Haut gelegen.\u201c Das, was die F\u00fchrungskraft eigentlich sagen m\u00f6chte, kommt beim Mitarbeiter gar nicht an. Nicht weil dieser unmotiviert oder gar renitent w\u00e4re \u2013 nein, die Ursache ist eine andere.<\/p>\n<h3>Unser Gehirn bewertet das Geh\u00f6rte<\/h3>\n<p>Wenn jemand etwas zu uns sagt, bewertet das limbische System in unserem Gehirn zun\u00e4chst diese Aussage. Aufgrund unseres Wertesystems entscheidet es, ob die Aussage zum Beispiel eher wichtig oder unwichtig, gut oder schlecht ist. Erst danach leitet das limbische System die Information verkn\u00fcpft mit der betreffenden Emotion an das Grosshirn weiter, und entsprechend reagieren wir. F\u00fchrungskr\u00e4fte sollten deshalb ihre Botschaften so verpacken, dass sie vom limbischen System des jeweiligen Mitarbeiters als bedeutsam empfunden werden und bei ihnen positive Emotionen ausl\u00f6sen.<\/p>\n<p>Das ist leichter gesagt als getan. Denn hierf\u00fcr m\u00fcssen wir zun\u00e4chst den Kommunikations- und Denkstil bzw. das Wertesystem unseres Gegen\u00fcbers kennen. Diese lassen sich mit Pers\u00f6nlichkeitstests ermitteln. Solche Tests kann man aber nicht immer machen. Ein Produktentwickler kann zu seinem Vorgesetzten, bevor er ihm seine Ideen pr\u00e4sentiert, nicht sagen: \u201eChef, f\u00fclle erst mal den Test aus, &#8230;\u201c Ebenso verh\u00e4lt es sich bei Verk\u00e4ufern vor Vertragsverhandlungen. Sie brauchen andere Tools, um zu entscheiden: Diesen Kommunikationsstil sollte ich nutzen, weil&#8230;.<\/p>\n<h3>Das Wertesystem des Partners ermitteln<\/h3>\n<p>Diese (Vor-)Entscheidung erleichtert uns die Tatsache, dass in den meisten Berufen bestimmte Typen \u00fcberproportional h\u00e4ufig vertreten sind. So spielt zum Beispiel im Wertesystem der meisten Beamten das Thema Sicherheit eine grosse Rolle. Und Vertriebsleiter haben in der Regel einen anderen Denk- und Kommunikationsstil als die Leiter der Forschungsabteilungen.<\/p>\n<p>Ein weiteren Indiz f\u00fcr das Wertesystem unserer Gespr\u00e4chspartner kann die Einrichtung ihrer B\u00fcros sein. Viele Pflanzen, Bilder geliebter Menschen und warme Farben deuten auf einen beziehungsorientierten Typ hin. Stehen im B\u00fcro hingegen Designer-M\u00f6bel und h\u00e4ngen dort abstrakte Zeichnungen, dann ist unser Gegen\u00fcber vermutlich ein experimenteller Typ. Ein Indikator f\u00fcr das Wertesystem unseres Partners ist neben seiner Sprache auch die Art der Begr\u00fcssung: Erhebt er sich vom Schreibtisch und geht auf uns zu oder&#8230;? Kommt er gleich zur Sache oder&#8230;? Anhand solcher Faktoren k\u00f6nnen wir eine erste Einsch\u00e4tzung vornehmen.<\/p>\n<h3>Die Argumentation und Sprachstil anpassen<\/h3>\n<p>Kennen wir den bevorzugten Denkstil bzw. das Wertesystem unseres Gegen\u00fcbers, k\u00f6nnen wir daraus ableiten, welche Botschaften wir ins Zentrum unserer Rede stellen sollten, weil sie<\/p>\n<ul>\n<li>ihm aus seiner Warte den gr\u00f6ssten Nutzen bieten und<\/li>\n<li>bei ihm positive Gef\u00fchle ausl\u00f6sen.<\/li>\n<\/ul>\n<p>Dies setzt voraus, dass wir vorab die f\u00fcr die verschiedenen Typen relevanten Kernbotschaften ermittelt haben. Bei einer Person, f\u00fcr die der materielle Gewinn sehr wichtig ist, kann dies die durch eine L\u00f6sung erzielte Zeit- und Kostenersparnis sein. Und bei einer Person, die auf Sicherheit Wert legt? Bei ihr kann die Argumentation darauf abzielen, wie fehlerfrei eine Maschine arbeitet.<\/p>\n<p>Wichtig ist jedoch auch, dass wir unsere Botschaften so verpacken, dass sie ankommen. Angenommen Sie m\u00f6chten Ihre Kollegen davon \u00fcberzeugen, dass eine bestimmte Software angeschafft wird. Dann kann Ihre Argumentation bei einem eher logischen Denker lauten: \u201eDiese Software verringert die Bearbeitungszeit um 30 Prozent. Hierdurch sinken unsere Kosten um 15 Prozent.\u201c Bei einem experimentellen Typ k\u00f6nnte sie lauten: \u201eStellen Sie sich eine Produktion vor, die v\u00f6llig pannenfrei l\u00e4uft. Dieser Vision kommen wir mit dieser Software n\u00e4her, denn &#8230;\u201c Bei einer so typgerechten Argumentation ist die Wahrscheinlichkeit gross, dass Ihre Kollegen Ihren Vorschlag zumindest wohlwollend pr\u00fcfen.<\/p>\n<p>&nbsp;<\/p>\n<p><em><strong>Zum Autor:<br \/>\n<\/strong><a href=\"https:\/\/www.organisator.ch\/de\/management\/2022-09-20\/brillante-idioten-im-betrieb\/\">Joachim Simon<\/a> aus Braunschweig ist als F\u00fchrungskr\u00e4ftetrainer und Vortragsredner auf das Thema (Self-)Leadership spezialisiert (<a href=\"http:\/\/www.joachimsimon.info\/\">www.joachimsimon.info<\/a>). Er ist Autor des im Haufe-Verlag erschienenen Buchs \u201eSelbstverantwortung im Unternehmen\u201c und Co-Founder der (Self-)Leadership-Coaching-App Mindshine.<\/em><\/p>\n","protected":false},"excerpt":{"rendered":"<p>Im Gespr\u00e4ch mit Menschen stellen wir oft fest: Unsere Botschaften kommen bei unseren Gespr\u00e4chspartnern zum Teil verschieden an, obwohl wir dieselben Worte benutzen. Dies kann verschiedene Ursachen haben. Zum Beispiel, dass die Gespr\u00e4chspartner ein unterschiedliches Know-how oder verschiedene Interessen haben. Oft klappt die Kommunikation aber auch nicht, weil unsere Partner anders als wir \u201eticken\u201c. Denn [&hellip;]<\/p>\n","protected":false},"author":4,"featured_media":18305,"comment_status":"closed","ping_status":"closed","sticky":false,"template":"","format":"standard","meta":{"_acf_changed":false,"_yoast_wpseo_focuskw":"Gespr\u00e4chsverhalten","_yoast_wpseo_metadesc":"Menschen haben verschiedene Denk- und Kommunikationsstile. Wer sie kennt, kann sein Gespr\u00e4chsverhalten dem Gegen\u00fcber anpassen.","articlekey":"","footnotes":""},"categories":[28],"tags":[3564,320,335],"class_list":["post-18304","post","type-post","status-publish","format-standard","has-post-thumbnail","hentry","category-management","tag-gespraechskultur","tag-leadership","tag-management-und-unternehmensfuehrung"],"acf":[],"yoast_head":"<!-- This site is optimized with the Yoast SEO plugin v27.5 - https:\/\/yoast.com\/product\/yoast-seo-wordpress\/ -->\n<title>Gespr\u00e4chsverhalten: Stets die richtigen Worte finden - Organisator<\/title>\n<meta name=\"description\" content=\"Menschen haben verschiedene Denk- und Kommunikationsstile. Wer sie kennt, kann sein Gespr\u00e4chsverhalten dem Gegen\u00fcber anpassen.\" \/>\n<meta name=\"robots\" content=\"index, follow, max-snippet:-1, max-image-preview:large, max-video-preview:-1\" \/>\n<link rel=\"canonical\" href=\"https:\/\/www.organisator.ch\/de\/management\/2022-12-16\/gespraechsverhalten-stets-die-richtigen-worte-finden\/\" \/>\n<meta property=\"og:locale\" content=\"de_DE\" \/>\n<meta property=\"og:type\" content=\"article\" \/>\n<meta property=\"og:title\" content=\"Gespr\u00e4chsverhalten: Stets die richtigen Worte finden\" \/>\n<meta property=\"og:description\" content=\"Menschen haben verschiedene Denk- und Kommunikationsstile. Wer sie kennt, kann sein Gespr\u00e4chsverhalten dem Gegen\u00fcber anpassen.\" \/>\n<meta property=\"og:url\" content=\"https:\/\/www.organisator.ch\/de\/management\/2022-12-16\/gespraechsverhalten-stets-die-richtigen-worte-finden\/\" \/>\n<meta property=\"og:site_name\" content=\"Organisator\" \/>\n<meta property=\"article:publisher\" content=\"https:\/\/www.facebook.com\/OrganisatorFachmagazin\" \/>\n<meta property=\"article:published_time\" content=\"2022-12-16T02:40:21+00:00\" \/>\n<meta property=\"article:modified_time\" content=\"2023-01-11T07:57:36+00:00\" \/>\n<meta property=\"og:image\" content=\"https:\/\/www.organisator.ch\/wp-content\/uploads\/2022\/12\/Gespraechsverhalten-Stets-die-richtigen-Worte-finden_Organisator.jpg\" \/>\n\t<meta property=\"og:image:width\" content=\"680\" \/>\n\t<meta property=\"og:image:height\" content=\"453\" \/>\n\t<meta property=\"og:image:type\" content=\"image\/jpeg\" \/>\n<meta name=\"author\" content=\"thomas.berner\" \/>\n<meta name=\"twitter:card\" content=\"summary_large_image\" \/>\n<meta name=\"twitter:title\" content=\"#Gespr\u00e4chsverhalten: Stets die richtigen Worte finden\" \/>\n<meta name=\"twitter:description\" content=\"Menschen haben verschiedene Denk- und #Kommunikationsstile. Wer sie kennt, kann sein #Gespr\u00e4chsverhalten dem #Gegen\u00fcber anpassen.\" \/>\n<meta name=\"twitter:image\" content=\"https:\/\/www.organisator.ch\/wp-content\/uploads\/2022\/12\/Gespraechsverhalten-Stets-die-richtigen-Worte-finden_Organisator.jpg\" \/>\n<script type=\"application\/ld+json\" class=\"yoast-schema-graph\">{\"@context\":\"https:\\\/\\\/schema.org\",\"@graph\":[{\"@type\":\"Article\",\"@id\":\"https:\\\/\\\/www.organisator.ch\\\/management\\\/2022-12-16\\\/gespraechsverhalten-stets-die-richtigen-worte-finden\\\/#article\",\"isPartOf\":{\"@id\":\"https:\\\/\\\/www.organisator.ch\\\/management\\\/2022-12-16\\\/gespraechsverhalten-stets-die-richtigen-worte-finden\\\/\"},\"author\":{\"name\":\"thomas.berner\",\"@id\":\"https:\\\/\\\/www.organisator.ch\\\/#\\\/schema\\\/person\\\/6f650f90b2842cd4c0cc334b4e36f67e\"},\"headline\":\"Gespr\u00e4chsverhalten: Stets die richtigen Worte finden\",\"datePublished\":\"2022-12-16T02:40:21+00:00\",\"dateModified\":\"2023-01-11T07:57:36+00:00\",\"mainEntityOfPage\":{\"@id\":\"https:\\\/\\\/www.organisator.ch\\\/management\\\/2022-12-16\\\/gespraechsverhalten-stets-die-richtigen-worte-finden\\\/\"},\"wordCount\":911,\"publisher\":{\"@id\":\"https:\\\/\\\/www.organisator.ch\\\/#organization\"},\"image\":{\"@id\":\"https:\\\/\\\/www.organisator.ch\\\/management\\\/2022-12-16\\\/gespraechsverhalten-stets-die-richtigen-worte-finden\\\/#primaryimage\"},\"thumbnailUrl\":\"https:\\\/\\\/www.organisator.ch\\\/wp-content\\\/uploads\\\/2022\\\/12\\\/Gespraechsverhalten-Stets-die-richtigen-Worte-finden_Organisator.jpg\",\"keywords\":[\"Gespr\u00e4chskultur\",\"Leadership\",\"Management und Unternehmensf\u00fchrung\"],\"articleSection\":[\"MANAGEMENT\"],\"inLanguage\":\"de\"},{\"@type\":\"WebPage\",\"@id\":\"https:\\\/\\\/www.organisator.ch\\\/management\\\/2022-12-16\\\/gespraechsverhalten-stets-die-richtigen-worte-finden\\\/\",\"url\":\"https:\\\/\\\/www.organisator.ch\\\/management\\\/2022-12-16\\\/gespraechsverhalten-stets-die-richtigen-worte-finden\\\/\",\"name\":\"Gespr\u00e4chsverhalten: Stets die richtigen Worte finden - Organisator\",\"isPartOf\":{\"@id\":\"https:\\\/\\\/www.organisator.ch\\\/#website\"},\"primaryImageOfPage\":{\"@id\":\"https:\\\/\\\/www.organisator.ch\\\/management\\\/2022-12-16\\\/gespraechsverhalten-stets-die-richtigen-worte-finden\\\/#primaryimage\"},\"image\":{\"@id\":\"https:\\\/\\\/www.organisator.ch\\\/management\\\/2022-12-16\\\/gespraechsverhalten-stets-die-richtigen-worte-finden\\\/#primaryimage\"},\"thumbnailUrl\":\"https:\\\/\\\/www.organisator.ch\\\/wp-content\\\/uploads\\\/2022\\\/12\\\/Gespraechsverhalten-Stets-die-richtigen-Worte-finden_Organisator.jpg\",\"datePublished\":\"2022-12-16T02:40:21+00:00\",\"dateModified\":\"2023-01-11T07:57:36+00:00\",\"description\":\"Menschen haben verschiedene Denk- und Kommunikationsstile. Wer sie kennt, kann sein Gespr\u00e4chsverhalten dem Gegen\u00fcber anpassen.\",\"breadcrumb\":{\"@id\":\"https:\\\/\\\/www.organisator.ch\\\/management\\\/2022-12-16\\\/gespraechsverhalten-stets-die-richtigen-worte-finden\\\/#breadcrumb\"},\"inLanguage\":\"de\",\"potentialAction\":[{\"@type\":\"ReadAction\",\"target\":[\"https:\\\/\\\/www.organisator.ch\\\/management\\\/2022-12-16\\\/gespraechsverhalten-stets-die-richtigen-worte-finden\\\/\"]}]},{\"@type\":\"ImageObject\",\"inLanguage\":\"de\",\"@id\":\"https:\\\/\\\/www.organisator.ch\\\/management\\\/2022-12-16\\\/gespraechsverhalten-stets-die-richtigen-worte-finden\\\/#primaryimage\",\"url\":\"https:\\\/\\\/www.organisator.ch\\\/wp-content\\\/uploads\\\/2022\\\/12\\\/Gespraechsverhalten-Stets-die-richtigen-Worte-finden_Organisator.jpg\",\"contentUrl\":\"https:\\\/\\\/www.organisator.ch\\\/wp-content\\\/uploads\\\/2022\\\/12\\\/Gespraechsverhalten-Stets-die-richtigen-Worte-finden_Organisator.jpg\",\"width\":680,\"height\":453,\"caption\":\"Wer das Denk- und Wertesystem seines Gegen\u00fcbers kennt, kann sein Gespr\u00e4chsverhalten besser anpassen. (Bild: Pixabay.com)\"},{\"@type\":\"BreadcrumbList\",\"@id\":\"https:\\\/\\\/www.organisator.ch\\\/management\\\/2022-12-16\\\/gespraechsverhalten-stets-die-richtigen-worte-finden\\\/#breadcrumb\",\"itemListElement\":[{\"@type\":\"ListItem\",\"position\":1,\"name\":\"Home\",\"item\":\"https:\\\/\\\/www.organisator.ch\\\/\"},{\"@type\":\"ListItem\",\"position\":2,\"name\":\"Gespr\u00e4chsverhalten: Stets die richtigen Worte finden\"}]},{\"@type\":\"WebSite\",\"@id\":\"https:\\\/\\\/www.organisator.ch\\\/#website\",\"url\":\"https:\\\/\\\/www.organisator.ch\\\/\",\"name\":\"Organisator\",\"description\":\"Kompetent. Praxisnah. Der ORGANISATOR bereitet in 10 Ausgaben pro Jahr die wesentlichen Themen f\u00fcr F\u00fchrungskr\u00e4fte von KMU auf.\",\"publisher\":{\"@id\":\"https:\\\/\\\/www.organisator.ch\\\/#organization\"},\"potentialAction\":[{\"@type\":\"SearchAction\",\"target\":{\"@type\":\"EntryPoint\",\"urlTemplate\":\"https:\\\/\\\/www.organisator.ch\\\/?s={search_term_string}\"},\"query-input\":{\"@type\":\"PropertyValueSpecification\",\"valueRequired\":true,\"valueName\":\"search_term_string\"}}],\"inLanguage\":\"de\"},{\"@type\":\"Organization\",\"@id\":\"https:\\\/\\\/www.organisator.ch\\\/#organization\",\"name\":\"Organisator\",\"url\":\"https:\\\/\\\/www.organisator.ch\\\/\",\"logo\":{\"@type\":\"ImageObject\",\"inLanguage\":\"de\",\"@id\":\"https:\\\/\\\/www.organisator.ch\\\/#\\\/schema\\\/logo\\\/image\\\/\",\"url\":\"https:\\\/\\\/www.organisator.ch\\\/wp-content\\\/uploads\\\/2022\\\/01\\\/Logo_Organisator_Website.png\",\"contentUrl\":\"https:\\\/\\\/www.organisator.ch\\\/wp-content\\\/uploads\\\/2022\\\/01\\\/Logo_Organisator_Website.png\",\"width\":800,\"height\":77,\"caption\":\"Organisator\"},\"image\":{\"@id\":\"https:\\\/\\\/www.organisator.ch\\\/#\\\/schema\\\/logo\\\/image\\\/\"},\"sameAs\":[\"https:\\\/\\\/www.facebook.com\\\/OrganisatorFachmagazin\",\"https:\\\/\\\/www.linkedin.com\\\/showcase\\\/organisator-das-magazin-fr-kmu\",\"https:\\\/\\\/www.xing.com\\\/news\\\/pages\\\/organisator-ch-695\",\"https:\\\/\\\/www.youtube.com\\\/channel\\\/UCGP2Sq0iWaZwT3BdIAQFYpw\"]},{\"@type\":\"Person\",\"@id\":\"https:\\\/\\\/www.organisator.ch\\\/#\\\/schema\\\/person\\\/6f650f90b2842cd4c0cc334b4e36f67e\",\"name\":\"thomas.berner\",\"image\":{\"@type\":\"ImageObject\",\"inLanguage\":\"de\",\"@id\":\"https:\\\/\\\/secure.gravatar.com\\\/avatar\\\/ac5001d2a36cb6c6cd3e50789007ffca834b477b74a2144564522e944eabff61?s=96&d=mm&r=g\",\"url\":\"https:\\\/\\\/secure.gravatar.com\\\/avatar\\\/ac5001d2a36cb6c6cd3e50789007ffca834b477b74a2144564522e944eabff61?s=96&d=mm&r=g\",\"contentUrl\":\"https:\\\/\\\/secure.gravatar.com\\\/avatar\\\/ac5001d2a36cb6c6cd3e50789007ffca834b477b74a2144564522e944eabff61?s=96&d=mm&r=g\",\"caption\":\"thomas.berner\"},\"url\":\"https:\\\/\\\/www.organisator.ch\\\/de\\\/author\\\/thomas-berner\\\/\"}]}<\/script>\n<!-- \/ Yoast SEO plugin. -->","yoast_head_json":{"title":"Gespr\u00e4chsverhalten: Stets die richtigen Worte finden - Organisator","description":"Menschen haben verschiedene Denk- und Kommunikationsstile. Wer sie kennt, kann sein Gespr\u00e4chsverhalten dem Gegen\u00fcber anpassen.","robots":{"index":"index","follow":"follow","max-snippet":"max-snippet:-1","max-image-preview":"max-image-preview:large","max-video-preview":"max-video-preview:-1"},"canonical":"https:\/\/www.organisator.ch\/de\/management\/2022-12-16\/gespraechsverhalten-stets-die-richtigen-worte-finden\/","og_locale":"de_DE","og_type":"article","og_title":"Gespr\u00e4chsverhalten: Stets die richtigen Worte finden","og_description":"Menschen haben verschiedene Denk- und Kommunikationsstile. Wer sie kennt, kann sein Gespr\u00e4chsverhalten dem Gegen\u00fcber anpassen.","og_url":"https:\/\/www.organisator.ch\/de\/management\/2022-12-16\/gespraechsverhalten-stets-die-richtigen-worte-finden\/","og_site_name":"Organisator","article_publisher":"https:\/\/www.facebook.com\/OrganisatorFachmagazin","article_published_time":"2022-12-16T02:40:21+00:00","article_modified_time":"2023-01-11T07:57:36+00:00","og_image":[{"width":680,"height":453,"url":"https:\/\/www.organisator.ch\/wp-content\/uploads\/2022\/12\/Gespraechsverhalten-Stets-die-richtigen-Worte-finden_Organisator.jpg","type":"image\/jpeg"}],"author":"thomas.berner","twitter_card":"summary_large_image","twitter_title":"#Gespr\u00e4chsverhalten: Stets die richtigen Worte finden","twitter_description":"Menschen haben verschiedene Denk- und #Kommunikationsstile. Wer sie kennt, kann sein #Gespr\u00e4chsverhalten dem #Gegen\u00fcber anpassen.","twitter_image":"https:\/\/www.organisator.ch\/wp-content\/uploads\/2022\/12\/Gespraechsverhalten-Stets-die-richtigen-Worte-finden_Organisator.jpg","schema":{"@context":"https:\/\/schema.org","@graph":[{"@type":"Article","@id":"https:\/\/www.organisator.ch\/management\/2022-12-16\/gespraechsverhalten-stets-die-richtigen-worte-finden\/#article","isPartOf":{"@id":"https:\/\/www.organisator.ch\/management\/2022-12-16\/gespraechsverhalten-stets-die-richtigen-worte-finden\/"},"author":{"name":"thomas.berner","@id":"https:\/\/www.organisator.ch\/#\/schema\/person\/6f650f90b2842cd4c0cc334b4e36f67e"},"headline":"Gespr\u00e4chsverhalten: Stets die richtigen Worte finden","datePublished":"2022-12-16T02:40:21+00:00","dateModified":"2023-01-11T07:57:36+00:00","mainEntityOfPage":{"@id":"https:\/\/www.organisator.ch\/management\/2022-12-16\/gespraechsverhalten-stets-die-richtigen-worte-finden\/"},"wordCount":911,"publisher":{"@id":"https:\/\/www.organisator.ch\/#organization"},"image":{"@id":"https:\/\/www.organisator.ch\/management\/2022-12-16\/gespraechsverhalten-stets-die-richtigen-worte-finden\/#primaryimage"},"thumbnailUrl":"https:\/\/www.organisator.ch\/wp-content\/uploads\/2022\/12\/Gespraechsverhalten-Stets-die-richtigen-Worte-finden_Organisator.jpg","keywords":["Gespr\u00e4chskultur","Leadership","Management und Unternehmensf\u00fchrung"],"articleSection":["MANAGEMENT"],"inLanguage":"de"},{"@type":"WebPage","@id":"https:\/\/www.organisator.ch\/management\/2022-12-16\/gespraechsverhalten-stets-die-richtigen-worte-finden\/","url":"https:\/\/www.organisator.ch\/management\/2022-12-16\/gespraechsverhalten-stets-die-richtigen-worte-finden\/","name":"Gespr\u00e4chsverhalten: Stets die richtigen Worte finden - Organisator","isPartOf":{"@id":"https:\/\/www.organisator.ch\/#website"},"primaryImageOfPage":{"@id":"https:\/\/www.organisator.ch\/management\/2022-12-16\/gespraechsverhalten-stets-die-richtigen-worte-finden\/#primaryimage"},"image":{"@id":"https:\/\/www.organisator.ch\/management\/2022-12-16\/gespraechsverhalten-stets-die-richtigen-worte-finden\/#primaryimage"},"thumbnailUrl":"https:\/\/www.organisator.ch\/wp-content\/uploads\/2022\/12\/Gespraechsverhalten-Stets-die-richtigen-Worte-finden_Organisator.jpg","datePublished":"2022-12-16T02:40:21+00:00","dateModified":"2023-01-11T07:57:36+00:00","description":"Menschen haben verschiedene Denk- und Kommunikationsstile. Wer sie kennt, kann sein Gespr\u00e4chsverhalten dem Gegen\u00fcber anpassen.","breadcrumb":{"@id":"https:\/\/www.organisator.ch\/management\/2022-12-16\/gespraechsverhalten-stets-die-richtigen-worte-finden\/#breadcrumb"},"inLanguage":"de","potentialAction":[{"@type":"ReadAction","target":["https:\/\/www.organisator.ch\/management\/2022-12-16\/gespraechsverhalten-stets-die-richtigen-worte-finden\/"]}]},{"@type":"ImageObject","inLanguage":"de","@id":"https:\/\/www.organisator.ch\/management\/2022-12-16\/gespraechsverhalten-stets-die-richtigen-worte-finden\/#primaryimage","url":"https:\/\/www.organisator.ch\/wp-content\/uploads\/2022\/12\/Gespraechsverhalten-Stets-die-richtigen-Worte-finden_Organisator.jpg","contentUrl":"https:\/\/www.organisator.ch\/wp-content\/uploads\/2022\/12\/Gespraechsverhalten-Stets-die-richtigen-Worte-finden_Organisator.jpg","width":680,"height":453,"caption":"Wer das Denk- und Wertesystem seines Gegen\u00fcbers kennt, kann sein Gespr\u00e4chsverhalten besser anpassen. (Bild: Pixabay.com)"},{"@type":"BreadcrumbList","@id":"https:\/\/www.organisator.ch\/management\/2022-12-16\/gespraechsverhalten-stets-die-richtigen-worte-finden\/#breadcrumb","itemListElement":[{"@type":"ListItem","position":1,"name":"Home","item":"https:\/\/www.organisator.ch\/"},{"@type":"ListItem","position":2,"name":"Gespr\u00e4chsverhalten: Stets die richtigen Worte finden"}]},{"@type":"WebSite","@id":"https:\/\/www.organisator.ch\/#website","url":"https:\/\/www.organisator.ch\/","name":"Organisator","description":"Kompetent. Praxisnah. Der ORGANISATOR bereitet in 10 Ausgaben pro Jahr die wesentlichen Themen f\u00fcr F\u00fchrungskr\u00e4fte von KMU auf.","publisher":{"@id":"https:\/\/www.organisator.ch\/#organization"},"potentialAction":[{"@type":"SearchAction","target":{"@type":"EntryPoint","urlTemplate":"https:\/\/www.organisator.ch\/?s={search_term_string}"},"query-input":{"@type":"PropertyValueSpecification","valueRequired":true,"valueName":"search_term_string"}}],"inLanguage":"de"},{"@type":"Organization","@id":"https:\/\/www.organisator.ch\/#organization","name":"Organisator","url":"https:\/\/www.organisator.ch\/","logo":{"@type":"ImageObject","inLanguage":"de","@id":"https:\/\/www.organisator.ch\/#\/schema\/logo\/image\/","url":"https:\/\/www.organisator.ch\/wp-content\/uploads\/2022\/01\/Logo_Organisator_Website.png","contentUrl":"https:\/\/www.organisator.ch\/wp-content\/uploads\/2022\/01\/Logo_Organisator_Website.png","width":800,"height":77,"caption":"Organisator"},"image":{"@id":"https:\/\/www.organisator.ch\/#\/schema\/logo\/image\/"},"sameAs":["https:\/\/www.facebook.com\/OrganisatorFachmagazin","https:\/\/www.linkedin.com\/showcase\/organisator-das-magazin-fr-kmu","https:\/\/www.xing.com\/news\/pages\/organisator-ch-695","https:\/\/www.youtube.com\/channel\/UCGP2Sq0iWaZwT3BdIAQFYpw"]},{"@type":"Person","@id":"https:\/\/www.organisator.ch\/#\/schema\/person\/6f650f90b2842cd4c0cc334b4e36f67e","name":"thomas.berner","image":{"@type":"ImageObject","inLanguage":"de","@id":"https:\/\/secure.gravatar.com\/avatar\/ac5001d2a36cb6c6cd3e50789007ffca834b477b74a2144564522e944eabff61?s=96&d=mm&r=g","url":"https:\/\/secure.gravatar.com\/avatar\/ac5001d2a36cb6c6cd3e50789007ffca834b477b74a2144564522e944eabff61?s=96&d=mm&r=g","contentUrl":"https:\/\/secure.gravatar.com\/avatar\/ac5001d2a36cb6c6cd3e50789007ffca834b477b74a2144564522e944eabff61?s=96&d=mm&r=g","caption":"thomas.berner"},"url":"https:\/\/www.organisator.ch\/de\/author\/thomas-berner\/"}]}},"_links":{"self":[{"href":"https:\/\/www.organisator.ch\/de\/wp-json\/wp\/v2\/posts\/18304","targetHints":{"allow":["GET"]}}],"collection":[{"href":"https:\/\/www.organisator.ch\/de\/wp-json\/wp\/v2\/posts"}],"about":[{"href":"https:\/\/www.organisator.ch\/de\/wp-json\/wp\/v2\/types\/post"}],"author":[{"embeddable":true,"href":"https:\/\/www.organisator.ch\/de\/wp-json\/wp\/v2\/users\/4"}],"replies":[{"embeddable":true,"href":"https:\/\/www.organisator.ch\/de\/wp-json\/wp\/v2\/comments?post=18304"}],"version-history":[{"count":2,"href":"https:\/\/www.organisator.ch\/de\/wp-json\/wp\/v2\/posts\/18304\/revisions"}],"predecessor-version":[{"id":18307,"href":"https:\/\/www.organisator.ch\/de\/wp-json\/wp\/v2\/posts\/18304\/revisions\/18307"}],"wp:featuredmedia":[{"embeddable":true,"href":"https:\/\/www.organisator.ch\/de\/wp-json\/wp\/v2\/media\/18305"}],"wp:attachment":[{"href":"https:\/\/www.organisator.ch\/de\/wp-json\/wp\/v2\/media?parent=18304"}],"wp:term":[{"taxonomy":"category","embeddable":true,"href":"https:\/\/www.organisator.ch\/de\/wp-json\/wp\/v2\/categories?post=18304"},{"taxonomy":"post_tag","embeddable":true,"href":"https:\/\/www.organisator.ch\/de\/wp-json\/wp\/v2\/tags?post=18304"}],"curies":[{"name":"wp","href":"https:\/\/api.w.org\/{rel}","templated":true}]}}