{"id":18321,"date":"2022-12-20T00:56:59","date_gmt":"2022-12-19T23:56:59","guid":{"rendered":"https:\/\/www.organisator.ch\/?p=18321"},"modified":"2022-12-16T11:38:16","modified_gmt":"2022-12-16T10:38:16","slug":"verwaltungsrat-von-accounto-wird-durch-thomas-koller-verstaerkt","status":"publish","type":"post","link":"https:\/\/www.organisator.ch\/de\/management\/2022-12-20\/verwaltungsrat-von-accounto-wird-durch-thomas-koller-verstaerkt\/","title":{"rendered":"Verwaltungsrat von Accounto wird durch Thomas Koller verst\u00e4rkt"},"content":{"rendered":"<figure id=\"attachment_18322\" aria-describedby=\"caption-attachment-18322\" style=\"width: 680px\" class=\"wp-caption alignnone\"><img loading=\"lazy\" decoding=\"async\" class=\"size-full wp-image-18322\" src=\"https:\/\/www.organisator.ch\/wp-content\/uploads\/2022\/12\/Verwaltungsrat-von-Accounto-wird-verstaerkt_Organisator.jpg\" alt=\"\" width=\"680\" height=\"453\" srcset=\"https:\/\/www.organisator.ch\/wp-content\/uploads\/2022\/12\/Verwaltungsrat-von-Accounto-wird-verstaerkt_Organisator.jpg 680w, https:\/\/www.organisator.ch\/wp-content\/uploads\/2022\/12\/Verwaltungsrat-von-Accounto-wird-verstaerkt_Organisator-18x12.jpg 18w, https:\/\/www.organisator.ch\/wp-content\/uploads\/2022\/12\/Verwaltungsrat-von-Accounto-wird-verstaerkt_Organisator-375x250.jpg 375w, https:\/\/www.organisator.ch\/wp-content\/uploads\/2022\/12\/Verwaltungsrat-von-Accounto-wird-verstaerkt_Organisator-525x350.jpg 525w\" sizes=\"auto, (max-width: 680px) 100vw, 680px\" \/><figcaption id=\"caption-attachment-18322\" class=\"wp-caption-text\">Thomas Koller, neues VR-Mitglied bei Accounto AG. (Bild: zVg)<\/figcaption><\/figure>\n<p>Accounto ist ein FinTech-Unternehmen aus Z\u00fcrich mit rund 30 Mitarbeitenden. Das Unternehmen bietet Treuhandunternehmen Software-L\u00f6sungen f\u00fcr die weitgehende Automatisierung der Buchf\u00fchrung. Dank datenbasierten Hilfestellungen k\u00f6nnen Treuh\u00e4nder nachhaltige finanzielle Vorteile, Prozessoptimierungen und Industrievergleiche f\u00fcr Schweizer KMU generieren, wie Accounto schreibt.<\/p>\n<p>Um nun die strategische, branchenorientierte Entwicklung von Accounto weiter zu verst\u00e4rken, hat der Verwaltungsrat der Generalversammlung die Wahl von Thomas Koller in den Verwaltungsrat empfohlen. \u00abMit Thomas Koller gewinnen wir einen ausgewiesenen Experten der Treuhandbranche f\u00fcr unsere Mission. Er erg\u00e4nzt unseren Verwaltungsrat auf ideale Weise und die Zusammenarbeit hat bereits begonnen.\u00bb, sagt Alain Veuve, Gr\u00fcnder und Verwaltungsratspr\u00e4sident des Unternehmens. Und Thomas Koller l\u00e4sst sich wie folgt zitieren: \u00abIch freue mich sehr \u00fcber die Wahl in den Verwaltungsrat und bin \u00fcberzeugt, dass Accounto bald als ideale Erg\u00e4nzung zu den altbekannten Treuhandprodukten auf dem Markt etabliert sein wird.\u00bb Neben dem neuen Mitglied besteht nun der Verwaltungsrat der Accounto AG aus Alain Veuve (VR-Pr\u00e4sident und Founder), Dominique Kaspar (Vizepr\u00e4sident), Michael Manz und Alessandro Micera.<\/p>\n<p>Neben seiner langj\u00e4hrigen T\u00e4tigkeit als Verwaltungsratspr\u00e4sident und Gesamtleiter Fachbereich Treuhand &amp; Unternehmensberatung bei der OBT AG, ist Thomas Koller Pr\u00e4sident des Fachbereichs Treuhand &amp; Wirtschaftsberatung bei ExpertSuisse. Des Weiteren ist er Mitglied in verschiedenen Gremien, die sich mit der Digitalisierung der Treuhandbranche besch\u00e4ftigen. Mitte 2022 gr\u00fcndete er zudem seine eigene Unternehmensberatung, KollerNext AG.<\/p>\n<p><em>Quelle: <a href=\"http:\/\/www.accounto.ch\">Accounto AG<\/a><\/em><\/p>\n","protected":false},"excerpt":{"rendered":"<p>Accounto ist ein FinTech-Unternehmen aus Z\u00fcrich mit rund 30 Mitarbeitenden. Das Unternehmen bietet Treuhandunternehmen Software-L\u00f6sungen f\u00fcr die weitgehende Automatisierung der Buchf\u00fchrung. Dank datenbasierten Hilfestellungen k\u00f6nnen Treuh\u00e4nder nachhaltige finanzielle Vorteile, Prozessoptimierungen und Industrievergleiche f\u00fcr Schweizer KMU generieren, wie Accounto schreibt. Um nun die strategische, branchenorientierte Entwicklung von Accounto weiter zu verst\u00e4rken, hat der Verwaltungsrat der Generalversammlung [&hellip;]<\/p>\n","protected":false},"author":4,"featured_media":18322,"comment_status":"closed","ping_status":"closed","sticky":false,"template":"","format":"standard","meta":{"_acf_changed":false,"_yoast_wpseo_focuskw":"Thomas Koller","_yoast_wpseo_metadesc":"Das Team des Treuhand-Software Spezialisten Accounto gewinnt einen erfahrenen Branchenexperten: Thomas Koller.","articlekey":"","footnotes":""},"categories":[28],"tags":[335,486,513],"class_list":["post-18321","post","type-post","status-publish","format-standard","has-post-thumbnail","hentry","category-management","tag-management-und-unternehmensfuehrung","tag-treuhand","tag-verwaltungsraete"],"acf":[],"yoast_head":"<!-- This site is optimized with the Yoast SEO plugin v27.5 - https:\/\/yoast.com\/product\/yoast-seo-wordpress\/ -->\n<title>Verwaltungsrat von Accounto wird durch Thomas Koller verst\u00e4rkt - Organisator<\/title>\n<meta name=\"description\" content=\"Das Team des Treuhand-Software Spezialisten Accounto gewinnt einen erfahrenen Branchenexperten: Thomas Koller.\" \/>\n<meta name=\"robots\" content=\"index, follow, max-snippet:-1, max-image-preview:large, max-video-preview:-1\" \/>\n<link rel=\"canonical\" href=\"https:\/\/www.organisator.ch\/de\/management\/2022-12-20\/verwaltungsrat-von-accounto-wird-durch-thomas-koller-verstaerkt\/\" \/>\n<meta property=\"og:locale\" content=\"de_DE\" \/>\n<meta property=\"og:type\" content=\"article\" \/>\n<meta property=\"og:title\" content=\"Verwaltungsrat von Accounto wird durch Thomas Koller verst\u00e4rkt\" \/>\n<meta property=\"og:description\" content=\"Das Team des Treuhand-Software Spezialisten Accounto gewinnt einen erfahrenen Branchenexperten: Thomas Koller.\" \/>\n<meta property=\"og:url\" content=\"https:\/\/www.organisator.ch\/de\/management\/2022-12-20\/verwaltungsrat-von-accounto-wird-durch-thomas-koller-verstaerkt\/\" \/>\n<meta property=\"og:site_name\" content=\"Organisator\" \/>\n<meta property=\"article:publisher\" content=\"https:\/\/www.facebook.com\/OrganisatorFachmagazin\" \/>\n<meta property=\"article:published_time\" content=\"2022-12-19T23:56:59+00:00\" \/>\n<meta property=\"og:image\" content=\"https:\/\/www.organisator.ch\/wp-content\/uploads\/2022\/12\/Verwaltungsrat-von-Accounto-wird-verstaerkt_Organisator.jpg\" \/>\n\t<meta property=\"og:image:width\" content=\"680\" \/>\n\t<meta property=\"og:image:height\" content=\"453\" \/>\n\t<meta property=\"og:image:type\" content=\"image\/jpeg\" \/>\n<meta name=\"author\" content=\"thomas.berner\" \/>\n<meta name=\"twitter:card\" content=\"summary_large_image\" \/>\n<meta name=\"twitter:title\" content=\"Verwaltungsrat von #Accounto wird durch Thomas Koller verst\u00e4rkt\" \/>\n<meta name=\"twitter:description\" content=\"Das Team des #Treuhand-Software Spezialisten #Accounto gewinnt einen erfahrenen Branchenexperten: Thomas Koller.\" \/>\n<meta name=\"twitter:image\" content=\"https:\/\/www.organisator.ch\/wp-content\/uploads\/2022\/12\/Verwaltungsrat-von-Accounto-wird-verstaerkt_Organisator.jpg\" \/>\n<script type=\"application\/ld+json\" class=\"yoast-schema-graph\">{\"@context\":\"https:\\\/\\\/schema.org\",\"@graph\":[{\"@type\":\"Article\",\"@id\":\"https:\\\/\\\/www.organisator.ch\\\/management\\\/2022-12-20\\\/verwaltungsrat-von-accounto-wird-durch-thomas-koller-verstaerkt\\\/#article\",\"isPartOf\":{\"@id\":\"https:\\\/\\\/www.organisator.ch\\\/management\\\/2022-12-20\\\/verwaltungsrat-von-accounto-wird-durch-thomas-koller-verstaerkt\\\/\"},\"author\":{\"name\":\"thomas.berner\",\"@id\":\"https:\\\/\\\/www.organisator.ch\\\/#\\\/schema\\\/person\\\/6f650f90b2842cd4c0cc334b4e36f67e\"},\"headline\":\"Verwaltungsrat von Accounto wird durch Thomas Koller verst\u00e4rkt\",\"datePublished\":\"2022-12-19T23:56:59+00:00\",\"mainEntityOfPage\":{\"@id\":\"https:\\\/\\\/www.organisator.ch\\\/management\\\/2022-12-20\\\/verwaltungsrat-von-accounto-wird-durch-thomas-koller-verstaerkt\\\/\"},\"wordCount\":261,\"publisher\":{\"@id\":\"https:\\\/\\\/www.organisator.ch\\\/#organization\"},\"image\":{\"@id\":\"https:\\\/\\\/www.organisator.ch\\\/management\\\/2022-12-20\\\/verwaltungsrat-von-accounto-wird-durch-thomas-koller-verstaerkt\\\/#primaryimage\"},\"thumbnailUrl\":\"https:\\\/\\\/www.organisator.ch\\\/wp-content\\\/uploads\\\/2022\\\/12\\\/Verwaltungsrat-von-Accounto-wird-verstaerkt_Organisator.jpg\",\"keywords\":[\"Management und Unternehmensf\u00fchrung\",\"Treuhand\",\"Verwaltungsr\u00e4te\"],\"articleSection\":[\"MANAGEMENT\"],\"inLanguage\":\"de\"},{\"@type\":\"WebPage\",\"@id\":\"https:\\\/\\\/www.organisator.ch\\\/management\\\/2022-12-20\\\/verwaltungsrat-von-accounto-wird-durch-thomas-koller-verstaerkt\\\/\",\"url\":\"https:\\\/\\\/www.organisator.ch\\\/management\\\/2022-12-20\\\/verwaltungsrat-von-accounto-wird-durch-thomas-koller-verstaerkt\\\/\",\"name\":\"Verwaltungsrat von Accounto wird durch Thomas Koller verst\u00e4rkt - Organisator\",\"isPartOf\":{\"@id\":\"https:\\\/\\\/www.organisator.ch\\\/#website\"},\"primaryImageOfPage\":{\"@id\":\"https:\\\/\\\/www.organisator.ch\\\/management\\\/2022-12-20\\\/verwaltungsrat-von-accounto-wird-durch-thomas-koller-verstaerkt\\\/#primaryimage\"},\"image\":{\"@id\":\"https:\\\/\\\/www.organisator.ch\\\/management\\\/2022-12-20\\\/verwaltungsrat-von-accounto-wird-durch-thomas-koller-verstaerkt\\\/#primaryimage\"},\"thumbnailUrl\":\"https:\\\/\\\/www.organisator.ch\\\/wp-content\\\/uploads\\\/2022\\\/12\\\/Verwaltungsrat-von-Accounto-wird-verstaerkt_Organisator.jpg\",\"datePublished\":\"2022-12-19T23:56:59+00:00\",\"description\":\"Das Team des Treuhand-Software Spezialisten Accounto gewinnt einen erfahrenen Branchenexperten: Thomas Koller.\",\"breadcrumb\":{\"@id\":\"https:\\\/\\\/www.organisator.ch\\\/management\\\/2022-12-20\\\/verwaltungsrat-von-accounto-wird-durch-thomas-koller-verstaerkt\\\/#breadcrumb\"},\"inLanguage\":\"de\",\"potentialAction\":[{\"@type\":\"ReadAction\",\"target\":[\"https:\\\/\\\/www.organisator.ch\\\/management\\\/2022-12-20\\\/verwaltungsrat-von-accounto-wird-durch-thomas-koller-verstaerkt\\\/\"]}]},{\"@type\":\"ImageObject\",\"inLanguage\":\"de\",\"@id\":\"https:\\\/\\\/www.organisator.ch\\\/management\\\/2022-12-20\\\/verwaltungsrat-von-accounto-wird-durch-thomas-koller-verstaerkt\\\/#primaryimage\",\"url\":\"https:\\\/\\\/www.organisator.ch\\\/wp-content\\\/uploads\\\/2022\\\/12\\\/Verwaltungsrat-von-Accounto-wird-verstaerkt_Organisator.jpg\",\"contentUrl\":\"https:\\\/\\\/www.organisator.ch\\\/wp-content\\\/uploads\\\/2022\\\/12\\\/Verwaltungsrat-von-Accounto-wird-verstaerkt_Organisator.jpg\",\"width\":680,\"height\":453,\"caption\":\"Thomas Koller, neues VR-Mitglied bei Accounto AG. (Bild: zVg)\"},{\"@type\":\"BreadcrumbList\",\"@id\":\"https:\\\/\\\/www.organisator.ch\\\/management\\\/2022-12-20\\\/verwaltungsrat-von-accounto-wird-durch-thomas-koller-verstaerkt\\\/#breadcrumb\",\"itemListElement\":[{\"@type\":\"ListItem\",\"position\":1,\"name\":\"Home\",\"item\":\"https:\\\/\\\/www.organisator.ch\\\/\"},{\"@type\":\"ListItem\",\"position\":2,\"name\":\"Verwaltungsrat von Accounto wird durch Thomas Koller verst\u00e4rkt\"}]},{\"@type\":\"WebSite\",\"@id\":\"https:\\\/\\\/www.organisator.ch\\\/#website\",\"url\":\"https:\\\/\\\/www.organisator.ch\\\/\",\"name\":\"Organisator\",\"description\":\"Kompetent. Praxisnah. Der ORGANISATOR bereitet in 10 Ausgaben pro Jahr die wesentlichen Themen f\u00fcr F\u00fchrungskr\u00e4fte von KMU auf.\",\"publisher\":{\"@id\":\"https:\\\/\\\/www.organisator.ch\\\/#organization\"},\"potentialAction\":[{\"@type\":\"SearchAction\",\"target\":{\"@type\":\"EntryPoint\",\"urlTemplate\":\"https:\\\/\\\/www.organisator.ch\\\/?s={search_term_string}\"},\"query-input\":{\"@type\":\"PropertyValueSpecification\",\"valueRequired\":true,\"valueName\":\"search_term_string\"}}],\"inLanguage\":\"de\"},{\"@type\":\"Organization\",\"@id\":\"https:\\\/\\\/www.organisator.ch\\\/#organization\",\"name\":\"Organisator\",\"url\":\"https:\\\/\\\/www.organisator.ch\\\/\",\"logo\":{\"@type\":\"ImageObject\",\"inLanguage\":\"de\",\"@id\":\"https:\\\/\\\/www.organisator.ch\\\/#\\\/schema\\\/logo\\\/image\\\/\",\"url\":\"https:\\\/\\\/www.organisator.ch\\\/wp-content\\\/uploads\\\/2022\\\/01\\\/Logo_Organisator_Website.png\",\"contentUrl\":\"https:\\\/\\\/www.organisator.ch\\\/wp-content\\\/uploads\\\/2022\\\/01\\\/Logo_Organisator_Website.png\",\"width\":800,\"height\":77,\"caption\":\"Organisator\"},\"image\":{\"@id\":\"https:\\\/\\\/www.organisator.ch\\\/#\\\/schema\\\/logo\\\/image\\\/\"},\"sameAs\":[\"https:\\\/\\\/www.facebook.com\\\/OrganisatorFachmagazin\",\"https:\\\/\\\/www.linkedin.com\\\/showcase\\\/organisator-das-magazin-fr-kmu\",\"https:\\\/\\\/www.xing.com\\\/news\\\/pages\\\/organisator-ch-695\",\"https:\\\/\\\/www.youtube.com\\\/channel\\\/UCGP2Sq0iWaZwT3BdIAQFYpw\"]},{\"@type\":\"Person\",\"@id\":\"https:\\\/\\\/www.organisator.ch\\\/#\\\/schema\\\/person\\\/6f650f90b2842cd4c0cc334b4e36f67e\",\"name\":\"thomas.berner\",\"image\":{\"@type\":\"ImageObject\",\"inLanguage\":\"de\",\"@id\":\"https:\\\/\\\/secure.gravatar.com\\\/avatar\\\/ac5001d2a36cb6c6cd3e50789007ffca834b477b74a2144564522e944eabff61?s=96&d=mm&r=g\",\"url\":\"https:\\\/\\\/secure.gravatar.com\\\/avatar\\\/ac5001d2a36cb6c6cd3e50789007ffca834b477b74a2144564522e944eabff61?s=96&d=mm&r=g\",\"contentUrl\":\"https:\\\/\\\/secure.gravatar.com\\\/avatar\\\/ac5001d2a36cb6c6cd3e50789007ffca834b477b74a2144564522e944eabff61?s=96&d=mm&r=g\",\"caption\":\"thomas.berner\"},\"url\":\"https:\\\/\\\/www.organisator.ch\\\/de\\\/author\\\/thomas-berner\\\/\"}]}<\/script>\n<!-- \/ Yoast SEO plugin. -->","yoast_head_json":{"title":"Verwaltungsrat von Accounto wird durch Thomas Koller verst\u00e4rkt - Organisator","description":"Das Team des Treuhand-Software Spezialisten Accounto gewinnt einen erfahrenen Branchenexperten: Thomas Koller.","robots":{"index":"index","follow":"follow","max-snippet":"max-snippet:-1","max-image-preview":"max-image-preview:large","max-video-preview":"max-video-preview:-1"},"canonical":"https:\/\/www.organisator.ch\/de\/management\/2022-12-20\/verwaltungsrat-von-accounto-wird-durch-thomas-koller-verstaerkt\/","og_locale":"de_DE","og_type":"article","og_title":"Verwaltungsrat von Accounto wird durch Thomas Koller verst\u00e4rkt","og_description":"Das Team des Treuhand-Software Spezialisten Accounto gewinnt einen erfahrenen Branchenexperten: Thomas Koller.","og_url":"https:\/\/www.organisator.ch\/de\/management\/2022-12-20\/verwaltungsrat-von-accounto-wird-durch-thomas-koller-verstaerkt\/","og_site_name":"Organisator","article_publisher":"https:\/\/www.facebook.com\/OrganisatorFachmagazin","article_published_time":"2022-12-19T23:56:59+00:00","og_image":[{"width":680,"height":453,"url":"https:\/\/www.organisator.ch\/wp-content\/uploads\/2022\/12\/Verwaltungsrat-von-Accounto-wird-verstaerkt_Organisator.jpg","type":"image\/jpeg"}],"author":"thomas.berner","twitter_card":"summary_large_image","twitter_title":"Verwaltungsrat von #Accounto wird durch Thomas Koller verst\u00e4rkt","twitter_description":"Das Team des #Treuhand-Software Spezialisten #Accounto gewinnt einen erfahrenen Branchenexperten: Thomas Koller.","twitter_image":"https:\/\/www.organisator.ch\/wp-content\/uploads\/2022\/12\/Verwaltungsrat-von-Accounto-wird-verstaerkt_Organisator.jpg","schema":{"@context":"https:\/\/schema.org","@graph":[{"@type":"Article","@id":"https:\/\/www.organisator.ch\/management\/2022-12-20\/verwaltungsrat-von-accounto-wird-durch-thomas-koller-verstaerkt\/#article","isPartOf":{"@id":"https:\/\/www.organisator.ch\/management\/2022-12-20\/verwaltungsrat-von-accounto-wird-durch-thomas-koller-verstaerkt\/"},"author":{"name":"thomas.berner","@id":"https:\/\/www.organisator.ch\/#\/schema\/person\/6f650f90b2842cd4c0cc334b4e36f67e"},"headline":"Verwaltungsrat von Accounto wird durch Thomas Koller verst\u00e4rkt","datePublished":"2022-12-19T23:56:59+00:00","mainEntityOfPage":{"@id":"https:\/\/www.organisator.ch\/management\/2022-12-20\/verwaltungsrat-von-accounto-wird-durch-thomas-koller-verstaerkt\/"},"wordCount":261,"publisher":{"@id":"https:\/\/www.organisator.ch\/#organization"},"image":{"@id":"https:\/\/www.organisator.ch\/management\/2022-12-20\/verwaltungsrat-von-accounto-wird-durch-thomas-koller-verstaerkt\/#primaryimage"},"thumbnailUrl":"https:\/\/www.organisator.ch\/wp-content\/uploads\/2022\/12\/Verwaltungsrat-von-Accounto-wird-verstaerkt_Organisator.jpg","keywords":["Management und Unternehmensf\u00fchrung","Treuhand","Verwaltungsr\u00e4te"],"articleSection":["MANAGEMENT"],"inLanguage":"de"},{"@type":"WebPage","@id":"https:\/\/www.organisator.ch\/management\/2022-12-20\/verwaltungsrat-von-accounto-wird-durch-thomas-koller-verstaerkt\/","url":"https:\/\/www.organisator.ch\/management\/2022-12-20\/verwaltungsrat-von-accounto-wird-durch-thomas-koller-verstaerkt\/","name":"Verwaltungsrat von Accounto wird durch Thomas Koller verst\u00e4rkt - Organisator","isPartOf":{"@id":"https:\/\/www.organisator.ch\/#website"},"primaryImageOfPage":{"@id":"https:\/\/www.organisator.ch\/management\/2022-12-20\/verwaltungsrat-von-accounto-wird-durch-thomas-koller-verstaerkt\/#primaryimage"},"image":{"@id":"https:\/\/www.organisator.ch\/management\/2022-12-20\/verwaltungsrat-von-accounto-wird-durch-thomas-koller-verstaerkt\/#primaryimage"},"thumbnailUrl":"https:\/\/www.organisator.ch\/wp-content\/uploads\/2022\/12\/Verwaltungsrat-von-Accounto-wird-verstaerkt_Organisator.jpg","datePublished":"2022-12-19T23:56:59+00:00","description":"Das Team des Treuhand-Software Spezialisten Accounto gewinnt einen erfahrenen Branchenexperten: Thomas Koller.","breadcrumb":{"@id":"https:\/\/www.organisator.ch\/management\/2022-12-20\/verwaltungsrat-von-accounto-wird-durch-thomas-koller-verstaerkt\/#breadcrumb"},"inLanguage":"de","potentialAction":[{"@type":"ReadAction","target":["https:\/\/www.organisator.ch\/management\/2022-12-20\/verwaltungsrat-von-accounto-wird-durch-thomas-koller-verstaerkt\/"]}]},{"@type":"ImageObject","inLanguage":"de","@id":"https:\/\/www.organisator.ch\/management\/2022-12-20\/verwaltungsrat-von-accounto-wird-durch-thomas-koller-verstaerkt\/#primaryimage","url":"https:\/\/www.organisator.ch\/wp-content\/uploads\/2022\/12\/Verwaltungsrat-von-Accounto-wird-verstaerkt_Organisator.jpg","contentUrl":"https:\/\/www.organisator.ch\/wp-content\/uploads\/2022\/12\/Verwaltungsrat-von-Accounto-wird-verstaerkt_Organisator.jpg","width":680,"height":453,"caption":"Thomas Koller, neues VR-Mitglied bei Accounto AG. (Bild: zVg)"},{"@type":"BreadcrumbList","@id":"https:\/\/www.organisator.ch\/management\/2022-12-20\/verwaltungsrat-von-accounto-wird-durch-thomas-koller-verstaerkt\/#breadcrumb","itemListElement":[{"@type":"ListItem","position":1,"name":"Home","item":"https:\/\/www.organisator.ch\/"},{"@type":"ListItem","position":2,"name":"Verwaltungsrat von Accounto wird durch Thomas Koller verst\u00e4rkt"}]},{"@type":"WebSite","@id":"https:\/\/www.organisator.ch\/#website","url":"https:\/\/www.organisator.ch\/","name":"Organisator","description":"Kompetent. Praxisnah. Der ORGANISATOR bereitet in 10 Ausgaben pro Jahr die wesentlichen Themen f\u00fcr F\u00fchrungskr\u00e4fte von KMU auf.","publisher":{"@id":"https:\/\/www.organisator.ch\/#organization"},"potentialAction":[{"@type":"SearchAction","target":{"@type":"EntryPoint","urlTemplate":"https:\/\/www.organisator.ch\/?s={search_term_string}"},"query-input":{"@type":"PropertyValueSpecification","valueRequired":true,"valueName":"search_term_string"}}],"inLanguage":"de"},{"@type":"Organization","@id":"https:\/\/www.organisator.ch\/#organization","name":"Organisator","url":"https:\/\/www.organisator.ch\/","logo":{"@type":"ImageObject","inLanguage":"de","@id":"https:\/\/www.organisator.ch\/#\/schema\/logo\/image\/","url":"https:\/\/www.organisator.ch\/wp-content\/uploads\/2022\/01\/Logo_Organisator_Website.png","contentUrl":"https:\/\/www.organisator.ch\/wp-content\/uploads\/2022\/01\/Logo_Organisator_Website.png","width":800,"height":77,"caption":"Organisator"},"image":{"@id":"https:\/\/www.organisator.ch\/#\/schema\/logo\/image\/"},"sameAs":["https:\/\/www.facebook.com\/OrganisatorFachmagazin","https:\/\/www.linkedin.com\/showcase\/organisator-das-magazin-fr-kmu","https:\/\/www.xing.com\/news\/pages\/organisator-ch-695","https:\/\/www.youtube.com\/channel\/UCGP2Sq0iWaZwT3BdIAQFYpw"]},{"@type":"Person","@id":"https:\/\/www.organisator.ch\/#\/schema\/person\/6f650f90b2842cd4c0cc334b4e36f67e","name":"thomas.berner","image":{"@type":"ImageObject","inLanguage":"de","@id":"https:\/\/secure.gravatar.com\/avatar\/ac5001d2a36cb6c6cd3e50789007ffca834b477b74a2144564522e944eabff61?s=96&d=mm&r=g","url":"https:\/\/secure.gravatar.com\/avatar\/ac5001d2a36cb6c6cd3e50789007ffca834b477b74a2144564522e944eabff61?s=96&d=mm&r=g","contentUrl":"https:\/\/secure.gravatar.com\/avatar\/ac5001d2a36cb6c6cd3e50789007ffca834b477b74a2144564522e944eabff61?s=96&d=mm&r=g","caption":"thomas.berner"},"url":"https:\/\/www.organisator.ch\/de\/author\/thomas-berner\/"}]}},"_links":{"self":[{"href":"https:\/\/www.organisator.ch\/de\/wp-json\/wp\/v2\/posts\/18321","targetHints":{"allow":["GET"]}}],"collection":[{"href":"https:\/\/www.organisator.ch\/de\/wp-json\/wp\/v2\/posts"}],"about":[{"href":"https:\/\/www.organisator.ch\/de\/wp-json\/wp\/v2\/types\/post"}],"author":[{"embeddable":true,"href":"https:\/\/www.organisator.ch\/de\/wp-json\/wp\/v2\/users\/4"}],"replies":[{"embeddable":true,"href":"https:\/\/www.organisator.ch\/de\/wp-json\/wp\/v2\/comments?post=18321"}],"version-history":[{"count":2,"href":"https:\/\/www.organisator.ch\/de\/wp-json\/wp\/v2\/posts\/18321\/revisions"}],"predecessor-version":[{"id":18329,"href":"https:\/\/www.organisator.ch\/de\/wp-json\/wp\/v2\/posts\/18321\/revisions\/18329"}],"wp:featuredmedia":[{"embeddable":true,"href":"https:\/\/www.organisator.ch\/de\/wp-json\/wp\/v2\/media\/18322"}],"wp:attachment":[{"href":"https:\/\/www.organisator.ch\/de\/wp-json\/wp\/v2\/media?parent=18321"}],"wp:term":[{"taxonomy":"category","embeddable":true,"href":"https:\/\/www.organisator.ch\/de\/wp-json\/wp\/v2\/categories?post=18321"},{"taxonomy":"post_tag","embeddable":true,"href":"https:\/\/www.organisator.ch\/de\/wp-json\/wp\/v2\/tags?post=18321"}],"curies":[{"name":"wp","href":"https:\/\/api.w.org\/{rel}","templated":true}]}}