{"id":18347,"date":"2022-12-21T06:31:35","date_gmt":"2022-12-21T05:31:35","guid":{"rendered":"https:\/\/www.m-q.ch\/?p=17355"},"modified":"2024-11-19T11:59:46","modified_gmt":"2024-11-19T10:59:46","slug":"fabrik-des-jahres-2022-auszeichnung-fuer-resilienz-in-produktion-und-lieferkette","status":"publish","type":"post","link":"https:\/\/www.organisator.ch\/de\/operational-excellence\/2022-12-21\/fabrik-des-jahres-2022-auszeichnung-fuer-resilienz-in-produktion-und-lieferkette\/","title":{"rendered":"Fabrik des Jahres 2022: Auszeichnung f\u00fcr Resilienz in Produktion und Lieferkette"},"content":{"rendered":"<figure id=\"attachment_17357\" class=\"wp-caption alignnone\" style=\"width: 680px\" aria-describedby=\"caption-attachment-17357\"><img class=\"alignnone wp-image-17357 size-full\" src=\"https:\/\/www.m-q.ch\/wp-content\/uploads\/2022\/12\/Fabrik-des-Jahres-2022-Auszeichnung-fuer-Resilienz-in-Produktion-und-Lieferkette_MQ.jpg\" alt=\"Siemens Fabrik\" width=\"680\" height=\"453\" \/>\r\n<figcaption id=\"caption-attachment-17357\" class=\"wp-caption-text\">Das Siemens-Werk in Zug gewinnt den Preis \u201eFabrik des Jahres 2022\u201c in der Kategorie \u201eExcellence in Supply Chain Resilience\u201c. (Bild: Siemens)<\/figcaption>\r\n<\/figure>\r\n<p class=\"f-text\">Das Werk von Siemens Smart Infrastructure im schweizerischen Zug ist als \u00abFabrik des Jahres 2022\u00bb in der Kategorie \u00abExcellence in Supply Chain Resilience\u00bb ausgezeichnet worden. Der Preis w\u00fcrdigt die Resilienz und das pr\u00e4ventive Risikomanagement in der Lieferkette des Siemens-Werks, das sich im Vergleich mit anderen Werken in Europa als herausragend erwies. Der Industriewettbewerb zur Fabrik des Jahres wird von der internationalen Unternehmensberatung Kearney ausgelobt und gilt als einer der renommiertesten in Europa.<\/p>\r\n<h3>Kontinuierliches Streben nach Verbesserung<\/h3>\r\n<div class=\"f-text\">\u00abDas Siemens-Werk in Zug ist ein hervorragendes Beispiel f\u00fcr kontinuierliches Streben nach Verbesserung und das Verfolgen klarer Zielsetzungen mit einem starken Fokus auf Digitalisierung\u00bb, sagt Daniel Stengel, Director bei Kearney.<\/div>\r\n<p class=\"f-text\">Der Fabrik in Zug gelingt es, die Lieferung ihrer Produkte an ihre Kunden auch unter den aktuell schwierigen Marktbedingungen sicherzustellen. Dies dank pr\u00e4ventiver Massnahmen wie etwa einem \u00abRisk Radar\u00bb zur fr\u00fchzeitigen Erkennung von weltweiten Risiken in der Lieferkette, einer hohen Datentransparenz \u00fcber die gesamte Wertsch\u00f6pfungskette hinweg sowie dank der nahtlosen Zusammenarbeit mit Einkauf, Logistik, Entwicklung und Vertrieb.<\/p>\r\n<p class=\"f-text\">Ein besonderes Augenmerk der Fertigung liegt zudem auf Ressourceneffizienz und der kontinuierlichen Reduktion von CO2-Emissionen. Beides unterstreicht den klaren Fokus der Produktion auf Nachhaltigkeit. Als weiteres Qualit\u00e4tsmerkmal des Werks ist das Kostenmanagement zu nennen, das auf schlanker Fertigung, Automatisierung und Digitalisierung aufbaut. Nicht zuletzt w\u00fcrden die Innovationskultur von Siemens, das stetige Optimieren von Prozessen und Abl\u00e4ufen sowie die kontinuierliche Weiterbildung der Mitarbeiterinnen und Mitarbeiter zur hohen Qualit\u00e4t und Anpassungsf\u00e4higkeit der Fertigung in der Zuger Fabrik beitragen, wie es heisst.<\/p>\r\n<h3>Auszeichnung f\u00fcr Fabrik des Jahres 2022 wird im M\u00e4rz 2023 verliehen<\/h3>\r\n<div class=\"f-text\">\u00abIch bin stolz auf unser Team im Werk Zug. Seine harte Arbeit und sein Einsatz fu\u0308r stetige Verbesserungen selbst in herausfordernden Zeiten wird mit dieser verdienten Auszeichnung auch extern gewu\u0308rdigt\u00bb, sagt Henning Sandfort, CEO von Building Products bei Siemens Smart Infrastructure, zu dessen Verantwortungsbereich das Werk geh\u00f6rt. \u00abDer Preis honoriert die engagierte Arbeit, die Kompetenz und die grosse Motivation des gesamten Teams u\u0308ber viele Jahre.\u00bb<\/div>\r\n<p class=\"f-text\">Das Siemens-Werk in Zug besch\u00e4ftigt rund 350 Mitarbeiterinnen und Mitarbeiter, die im Schichtbetrieb moderne Produkte fu\u0308r die Geb\u00e4udetechnik herstellen. In erster Linie werden Brandmelder sowie Heizungs-, Lu\u0308ftungs- und Klimatisierungsequipment fu\u0308r die Geb\u00e4udeautomatisierung gefertigt. Die Produkte werden weltweit vertrieben. Sie sind elementare Module fu\u0308r Geb\u00e4udemanagement- und Brandschutzl\u00f6sungen in intelligenten Geb\u00e4uden.<\/p>\r\n<p class=\"f-text\">Die Preisverleihung findet im M\u00e4rz 2023 anl\u00e4sslich des Branchenkongresses \u00abFabrik des Jahres\u00bb in Mu\u0308nchen statt.<\/p>\r\n<p><em>Quelle: <a href=\"http:\/\/www.siemens.ch\/\">Siemens Schweiz<\/a><\/em><\/p>\n<p class=\"syndicated-attribution\">Dieser Beitrag erschien urspr\u00fcnglich auf m-q.ch - <a href=\"https:\/\/www.m-q.ch\/de\/fabrik-des-jahres-2022-auszeichnung-fuer-resilienz-in-produktion-und-lieferkette\/\" target=\"_blank\">https:\/\/www.m-q.ch\/de\/fabrik-des-jahres-2022-auszeichnung-fuer-resilienz-in-produktion-und-lieferkette\/<\/a><\/p>","protected":false},"excerpt":{"rendered":"<p>Das Werk von Siemens Smart Infrastructure im schweizerischen Zug ist als \u00abFabrik des Jahres 2022\u00bb in der Kategorie \u00abExcellence in Supply Chain Resilience\u00bb ausgezeichnet worden. Der Preis w\u00fcrdigt die Resilienz und das pr\u00e4ventive Risikomanagement in der Lieferkette des Siemens-Werks, das sich im Vergleich mit anderen Werken in Europa als herausragend erwies. Der Industriewettbewerb zur Fabrik [\u2026]<\/p>\n","protected":false},"author":8,"featured_media":0,"comment_status":"closed","ping_status":"closed","sticky":false,"template":"","format":"standard","meta":{"_acf_changed":false,"_yoast_wpseo_focuskw":"Siemens Fabrik","_yoast_wpseo_metadesc":"Siemens-Werk Zug gewinnt \"Fabrik des Jahres 2022\" f\u00fcr Resilienz in der Lieferkette. Preisverleihung im M\u00e4rz 2023.","articlekey":"","footnotes":""},"categories":[582],"tags":[],"class_list":["post-18347","post","type-post","status-publish","format-standard","hentry","category-operational-excellence"],"acf":[],"yoast_head":"<!-- This site is optimized with the Yoast SEO plugin v27.5 - https:\/\/yoast.com\/product\/yoast-seo-wordpress\/ -->\n<title>Fabrik des Jahres 2022: Auszeichnung f\u00fcr Resilienz in Produktion und Lieferkette - Organisator<\/title>\n<meta name=\"description\" content=\"Siemens-Werk Zug gewinnt &quot;Fabrik des Jahres 2022&quot; f\u00fcr Resilienz in der Lieferkette. Preisverleihung im M\u00e4rz 2023.\" \/>\n<meta name=\"robots\" content=\"index, follow, max-snippet:-1, max-image-preview:large, max-video-preview:-1\" \/>\n<link rel=\"canonical\" href=\"https:\/\/www.organisator.ch\/de\/operational-excellence\/2022-12-21\/fabrik-des-jahres-2022-auszeichnung-fuer-resilienz-in-produktion-und-lieferkette\/\" \/>\n<meta property=\"og:locale\" content=\"de_DE\" \/>\n<meta property=\"og:type\" content=\"article\" \/>\n<meta property=\"og:title\" content=\"Fabrik des Jahres 2022: Auszeichnung f\u00fcr Resilienz in Produktion und Lieferkette - Organisator\" \/>\n<meta property=\"og:description\" content=\"Siemens-Werk Zug gewinnt &quot;Fabrik des Jahres 2022&quot; f\u00fcr Resilienz in der Lieferkette. Preisverleihung im M\u00e4rz 2023.\" \/>\n<meta property=\"og:url\" content=\"https:\/\/www.organisator.ch\/de\/operational-excellence\/2022-12-21\/fabrik-des-jahres-2022-auszeichnung-fuer-resilienz-in-produktion-und-lieferkette\/\" \/>\n<meta property=\"og:site_name\" content=\"Organisator\" \/>\n<meta property=\"article:publisher\" content=\"https:\/\/www.facebook.com\/OrganisatorFachmagazin\" \/>\n<meta property=\"article:published_time\" content=\"2022-12-21T05:31:35+00:00\" \/>\n<meta property=\"article:modified_time\" content=\"2024-11-19T10:59:46+00:00\" \/>\n<meta name=\"author\" content=\"galledia\" \/>\n<meta name=\"twitter:card\" content=\"summary_large_image\" \/>\n<meta name=\"twitter:creator\" content=\"@admin\" \/>\n<script type=\"application\/ld+json\" class=\"yoast-schema-graph\">{\"@context\":\"https:\\\/\\\/schema.org\",\"@graph\":[{\"@type\":\"Article\",\"@id\":\"https:\\\/\\\/www.organisator.ch\\\/operational-excellence\\\/2022-12-21\\\/fabrik-des-jahres-2022-auszeichnung-fuer-resilienz-in-produktion-und-lieferkette\\\/#article\",\"isPartOf\":{\"@id\":\"https:\\\/\\\/www.organisator.ch\\\/operational-excellence\\\/2022-12-21\\\/fabrik-des-jahres-2022-auszeichnung-fuer-resilienz-in-produktion-und-lieferkette\\\/\"},\"author\":{\"name\":\"galledia\",\"@id\":\"https:\\\/\\\/www.organisator.ch\\\/#\\\/schema\\\/person\\\/4e51799071cd2dd1232ac003643ef5f0\"},\"headline\":\"Fabrik des Jahres 2022: Auszeichnung f\u00fcr Resilienz in Produktion und Lieferkette\",\"datePublished\":\"2022-12-21T05:31:35+00:00\",\"dateModified\":\"2024-11-19T10:59:46+00:00\",\"mainEntityOfPage\":{\"@id\":\"https:\\\/\\\/www.organisator.ch\\\/operational-excellence\\\/2022-12-21\\\/fabrik-des-jahres-2022-auszeichnung-fuer-resilienz-in-produktion-und-lieferkette\\\/\"},\"wordCount\":442,\"publisher\":{\"@id\":\"https:\\\/\\\/www.organisator.ch\\\/#organization\"},\"image\":{\"@id\":\"https:\\\/\\\/www.organisator.ch\\\/operational-excellence\\\/2022-12-21\\\/fabrik-des-jahres-2022-auszeichnung-fuer-resilienz-in-produktion-und-lieferkette\\\/#primaryimage\"},\"thumbnailUrl\":\"https:\\\/\\\/www.m-q.ch\\\/wp-content\\\/uploads\\\/2022\\\/12\\\/Fabrik-des-Jahres-2022-Auszeichnung-fuer-Resilienz-in-Produktion-und-Lieferkette_MQ.jpg\",\"articleSection\":[\"OPERATIONAL EXCELLENCE\"],\"inLanguage\":\"de\"},{\"@type\":\"WebPage\",\"@id\":\"https:\\\/\\\/www.organisator.ch\\\/operational-excellence\\\/2022-12-21\\\/fabrik-des-jahres-2022-auszeichnung-fuer-resilienz-in-produktion-und-lieferkette\\\/\",\"url\":\"https:\\\/\\\/www.organisator.ch\\\/operational-excellence\\\/2022-12-21\\\/fabrik-des-jahres-2022-auszeichnung-fuer-resilienz-in-produktion-und-lieferkette\\\/\",\"name\":\"Fabrik des Jahres 2022: Auszeichnung f\u00fcr Resilienz in Produktion und Lieferkette - Organisator\",\"isPartOf\":{\"@id\":\"https:\\\/\\\/www.organisator.ch\\\/#website\"},\"primaryImageOfPage\":{\"@id\":\"https:\\\/\\\/www.organisator.ch\\\/operational-excellence\\\/2022-12-21\\\/fabrik-des-jahres-2022-auszeichnung-fuer-resilienz-in-produktion-und-lieferkette\\\/#primaryimage\"},\"image\":{\"@id\":\"https:\\\/\\\/www.organisator.ch\\\/operational-excellence\\\/2022-12-21\\\/fabrik-des-jahres-2022-auszeichnung-fuer-resilienz-in-produktion-und-lieferkette\\\/#primaryimage\"},\"thumbnailUrl\":\"https:\\\/\\\/www.m-q.ch\\\/wp-content\\\/uploads\\\/2022\\\/12\\\/Fabrik-des-Jahres-2022-Auszeichnung-fuer-Resilienz-in-Produktion-und-Lieferkette_MQ.jpg\",\"datePublished\":\"2022-12-21T05:31:35+00:00\",\"dateModified\":\"2024-11-19T10:59:46+00:00\",\"description\":\"Siemens-Werk Zug gewinnt \\\"Fabrik des Jahres 2022\\\" f\u00fcr Resilienz in der Lieferkette. Preisverleihung im M\u00e4rz 2023.\",\"breadcrumb\":{\"@id\":\"https:\\\/\\\/www.organisator.ch\\\/operational-excellence\\\/2022-12-21\\\/fabrik-des-jahres-2022-auszeichnung-fuer-resilienz-in-produktion-und-lieferkette\\\/#breadcrumb\"},\"inLanguage\":\"de\",\"potentialAction\":[{\"@type\":\"ReadAction\",\"target\":[\"https:\\\/\\\/www.organisator.ch\\\/operational-excellence\\\/2022-12-21\\\/fabrik-des-jahres-2022-auszeichnung-fuer-resilienz-in-produktion-und-lieferkette\\\/\"]}]},{\"@type\":\"ImageObject\",\"inLanguage\":\"de\",\"@id\":\"https:\\\/\\\/www.organisator.ch\\\/operational-excellence\\\/2022-12-21\\\/fabrik-des-jahres-2022-auszeichnung-fuer-resilienz-in-produktion-und-lieferkette\\\/#primaryimage\",\"url\":\"https:\\\/\\\/www.m-q.ch\\\/wp-content\\\/uploads\\\/2022\\\/12\\\/Fabrik-des-Jahres-2022-Auszeichnung-fuer-Resilienz-in-Produktion-und-Lieferkette_MQ.jpg\",\"contentUrl\":\"https:\\\/\\\/www.m-q.ch\\\/wp-content\\\/uploads\\\/2022\\\/12\\\/Fabrik-des-Jahres-2022-Auszeichnung-fuer-Resilienz-in-Produktion-und-Lieferkette_MQ.jpg\"},{\"@type\":\"BreadcrumbList\",\"@id\":\"https:\\\/\\\/www.organisator.ch\\\/operational-excellence\\\/2022-12-21\\\/fabrik-des-jahres-2022-auszeichnung-fuer-resilienz-in-produktion-und-lieferkette\\\/#breadcrumb\",\"itemListElement\":[{\"@type\":\"ListItem\",\"position\":1,\"name\":\"Home\",\"item\":\"https:\\\/\\\/www.organisator.ch\\\/\"},{\"@type\":\"ListItem\",\"position\":2,\"name\":\"Fabrik des Jahres 2022: Auszeichnung f\u00fcr Resilienz in Produktion und Lieferkette\"}]},{\"@type\":\"WebSite\",\"@id\":\"https:\\\/\\\/www.organisator.ch\\\/#website\",\"url\":\"https:\\\/\\\/www.organisator.ch\\\/\",\"name\":\"Organisator\",\"description\":\"Kompetent. Praxisnah. Der ORGANISATOR bereitet in 10 Ausgaben pro Jahr die wesentlichen Themen f\u00fcr F\u00fchrungskr\u00e4fte von KMU auf.\",\"publisher\":{\"@id\":\"https:\\\/\\\/www.organisator.ch\\\/#organization\"},\"potentialAction\":[{\"@type\":\"SearchAction\",\"target\":{\"@type\":\"EntryPoint\",\"urlTemplate\":\"https:\\\/\\\/www.organisator.ch\\\/?s={search_term_string}\"},\"query-input\":{\"@type\":\"PropertyValueSpecification\",\"valueRequired\":true,\"valueName\":\"search_term_string\"}}],\"inLanguage\":\"de\"},{\"@type\":\"Organization\",\"@id\":\"https:\\\/\\\/www.organisator.ch\\\/#organization\",\"name\":\"Organisator\",\"url\":\"https:\\\/\\\/www.organisator.ch\\\/\",\"logo\":{\"@type\":\"ImageObject\",\"inLanguage\":\"de\",\"@id\":\"https:\\\/\\\/www.organisator.ch\\\/#\\\/schema\\\/logo\\\/image\\\/\",\"url\":\"https:\\\/\\\/www.organisator.ch\\\/wp-content\\\/uploads\\\/2022\\\/01\\\/Logo_Organisator_Website.png\",\"contentUrl\":\"https:\\\/\\\/www.organisator.ch\\\/wp-content\\\/uploads\\\/2022\\\/01\\\/Logo_Organisator_Website.png\",\"width\":800,\"height\":77,\"caption\":\"Organisator\"},\"image\":{\"@id\":\"https:\\\/\\\/www.organisator.ch\\\/#\\\/schema\\\/logo\\\/image\\\/\"},\"sameAs\":[\"https:\\\/\\\/www.facebook.com\\\/OrganisatorFachmagazin\",\"https:\\\/\\\/www.linkedin.com\\\/showcase\\\/organisator-das-magazin-fr-kmu\",\"https:\\\/\\\/www.xing.com\\\/news\\\/pages\\\/organisator-ch-695\",\"https:\\\/\\\/www.youtube.com\\\/channel\\\/UCGP2Sq0iWaZwT3BdIAQFYpw\"]},{\"@type\":\"Person\",\"@id\":\"https:\\\/\\\/www.organisator.ch\\\/#\\\/schema\\\/person\\\/4e51799071cd2dd1232ac003643ef5f0\",\"name\":\"galledia\",\"image\":{\"@type\":\"ImageObject\",\"inLanguage\":\"de\",\"@id\":\"https:\\\/\\\/secure.gravatar.com\\\/avatar\\\/78a7f90c01fc2bfc875782a0d4922b37cde2cf184ce347b91316d23cd7f69a36?s=96&d=mm&r=g\",\"url\":\"https:\\\/\\\/secure.gravatar.com\\\/avatar\\\/78a7f90c01fc2bfc875782a0d4922b37cde2cf184ce347b91316d23cd7f69a36?s=96&d=mm&r=g\",\"contentUrl\":\"https:\\\/\\\/secure.gravatar.com\\\/avatar\\\/78a7f90c01fc2bfc875782a0d4922b37cde2cf184ce347b91316d23cd7f69a36?s=96&d=mm&r=g\",\"caption\":\"galledia\"},\"sameAs\":[\"https:\\\/\\\/x.com\\\/admin\"],\"url\":\"https:\\\/\\\/www.organisator.ch\\\/de\\\/author\\\/galledia\\\/\"}]}<\/script>\n<!-- \/ Yoast SEO plugin. -->","yoast_head_json":{"title":"Fabrik des Jahres 2022: Auszeichnung f\u00fcr Resilienz in Produktion und Lieferkette - Organisator","description":"Siemens-Werk Zug gewinnt \"Fabrik des Jahres 2022\" f\u00fcr Resilienz in der Lieferkette. Preisverleihung im M\u00e4rz 2023.","robots":{"index":"index","follow":"follow","max-snippet":"max-snippet:-1","max-image-preview":"max-image-preview:large","max-video-preview":"max-video-preview:-1"},"canonical":"https:\/\/www.organisator.ch\/de\/operational-excellence\/2022-12-21\/fabrik-des-jahres-2022-auszeichnung-fuer-resilienz-in-produktion-und-lieferkette\/","og_locale":"de_DE","og_type":"article","og_title":"Fabrik des Jahres 2022: Auszeichnung f\u00fcr Resilienz in Produktion und Lieferkette - Organisator","og_description":"Siemens-Werk Zug gewinnt \"Fabrik des Jahres 2022\" f\u00fcr Resilienz in der Lieferkette. Preisverleihung im M\u00e4rz 2023.","og_url":"https:\/\/www.organisator.ch\/de\/operational-excellence\/2022-12-21\/fabrik-des-jahres-2022-auszeichnung-fuer-resilienz-in-produktion-und-lieferkette\/","og_site_name":"Organisator","article_publisher":"https:\/\/www.facebook.com\/OrganisatorFachmagazin","article_published_time":"2022-12-21T05:31:35+00:00","article_modified_time":"2024-11-19T10:59:46+00:00","author":"galledia","twitter_card":"summary_large_image","twitter_creator":"@admin","schema":{"@context":"https:\/\/schema.org","@graph":[{"@type":"Article","@id":"https:\/\/www.organisator.ch\/operational-excellence\/2022-12-21\/fabrik-des-jahres-2022-auszeichnung-fuer-resilienz-in-produktion-und-lieferkette\/#article","isPartOf":{"@id":"https:\/\/www.organisator.ch\/operational-excellence\/2022-12-21\/fabrik-des-jahres-2022-auszeichnung-fuer-resilienz-in-produktion-und-lieferkette\/"},"author":{"name":"galledia","@id":"https:\/\/www.organisator.ch\/#\/schema\/person\/4e51799071cd2dd1232ac003643ef5f0"},"headline":"Fabrik des Jahres 2022: Auszeichnung f\u00fcr Resilienz in Produktion und Lieferkette","datePublished":"2022-12-21T05:31:35+00:00","dateModified":"2024-11-19T10:59:46+00:00","mainEntityOfPage":{"@id":"https:\/\/www.organisator.ch\/operational-excellence\/2022-12-21\/fabrik-des-jahres-2022-auszeichnung-fuer-resilienz-in-produktion-und-lieferkette\/"},"wordCount":442,"publisher":{"@id":"https:\/\/www.organisator.ch\/#organization"},"image":{"@id":"https:\/\/www.organisator.ch\/operational-excellence\/2022-12-21\/fabrik-des-jahres-2022-auszeichnung-fuer-resilienz-in-produktion-und-lieferkette\/#primaryimage"},"thumbnailUrl":"https:\/\/www.m-q.ch\/wp-content\/uploads\/2022\/12\/Fabrik-des-Jahres-2022-Auszeichnung-fuer-Resilienz-in-Produktion-und-Lieferkette_MQ.jpg","articleSection":["OPERATIONAL EXCELLENCE"],"inLanguage":"de"},{"@type":"WebPage","@id":"https:\/\/www.organisator.ch\/operational-excellence\/2022-12-21\/fabrik-des-jahres-2022-auszeichnung-fuer-resilienz-in-produktion-und-lieferkette\/","url":"https:\/\/www.organisator.ch\/operational-excellence\/2022-12-21\/fabrik-des-jahres-2022-auszeichnung-fuer-resilienz-in-produktion-und-lieferkette\/","name":"Fabrik des Jahres 2022: Auszeichnung f\u00fcr Resilienz in Produktion und Lieferkette - Organisator","isPartOf":{"@id":"https:\/\/www.organisator.ch\/#website"},"primaryImageOfPage":{"@id":"https:\/\/www.organisator.ch\/operational-excellence\/2022-12-21\/fabrik-des-jahres-2022-auszeichnung-fuer-resilienz-in-produktion-und-lieferkette\/#primaryimage"},"image":{"@id":"https:\/\/www.organisator.ch\/operational-excellence\/2022-12-21\/fabrik-des-jahres-2022-auszeichnung-fuer-resilienz-in-produktion-und-lieferkette\/#primaryimage"},"thumbnailUrl":"https:\/\/www.m-q.ch\/wp-content\/uploads\/2022\/12\/Fabrik-des-Jahres-2022-Auszeichnung-fuer-Resilienz-in-Produktion-und-Lieferkette_MQ.jpg","datePublished":"2022-12-21T05:31:35+00:00","dateModified":"2024-11-19T10:59:46+00:00","description":"Siemens-Werk Zug gewinnt \"Fabrik des Jahres 2022\" f\u00fcr Resilienz in der Lieferkette. Preisverleihung im M\u00e4rz 2023.","breadcrumb":{"@id":"https:\/\/www.organisator.ch\/operational-excellence\/2022-12-21\/fabrik-des-jahres-2022-auszeichnung-fuer-resilienz-in-produktion-und-lieferkette\/#breadcrumb"},"inLanguage":"de","potentialAction":[{"@type":"ReadAction","target":["https:\/\/www.organisator.ch\/operational-excellence\/2022-12-21\/fabrik-des-jahres-2022-auszeichnung-fuer-resilienz-in-produktion-und-lieferkette\/"]}]},{"@type":"ImageObject","inLanguage":"de","@id":"https:\/\/www.organisator.ch\/operational-excellence\/2022-12-21\/fabrik-des-jahres-2022-auszeichnung-fuer-resilienz-in-produktion-und-lieferkette\/#primaryimage","url":"https:\/\/www.m-q.ch\/wp-content\/uploads\/2022\/12\/Fabrik-des-Jahres-2022-Auszeichnung-fuer-Resilienz-in-Produktion-und-Lieferkette_MQ.jpg","contentUrl":"https:\/\/www.m-q.ch\/wp-content\/uploads\/2022\/12\/Fabrik-des-Jahres-2022-Auszeichnung-fuer-Resilienz-in-Produktion-und-Lieferkette_MQ.jpg"},{"@type":"BreadcrumbList","@id":"https:\/\/www.organisator.ch\/operational-excellence\/2022-12-21\/fabrik-des-jahres-2022-auszeichnung-fuer-resilienz-in-produktion-und-lieferkette\/#breadcrumb","itemListElement":[{"@type":"ListItem","position":1,"name":"Home","item":"https:\/\/www.organisator.ch\/"},{"@type":"ListItem","position":2,"name":"Fabrik des Jahres 2022: Auszeichnung f\u00fcr Resilienz in Produktion und Lieferkette"}]},{"@type":"WebSite","@id":"https:\/\/www.organisator.ch\/#website","url":"https:\/\/www.organisator.ch\/","name":"Organisator","description":"Kompetent. Praxisnah. Der ORGANISATOR bereitet in 10 Ausgaben pro Jahr die wesentlichen Themen f\u00fcr F\u00fchrungskr\u00e4fte von KMU auf.","publisher":{"@id":"https:\/\/www.organisator.ch\/#organization"},"potentialAction":[{"@type":"SearchAction","target":{"@type":"EntryPoint","urlTemplate":"https:\/\/www.organisator.ch\/?s={search_term_string}"},"query-input":{"@type":"PropertyValueSpecification","valueRequired":true,"valueName":"search_term_string"}}],"inLanguage":"de"},{"@type":"Organization","@id":"https:\/\/www.organisator.ch\/#organization","name":"Organisator","url":"https:\/\/www.organisator.ch\/","logo":{"@type":"ImageObject","inLanguage":"de","@id":"https:\/\/www.organisator.ch\/#\/schema\/logo\/image\/","url":"https:\/\/www.organisator.ch\/wp-content\/uploads\/2022\/01\/Logo_Organisator_Website.png","contentUrl":"https:\/\/www.organisator.ch\/wp-content\/uploads\/2022\/01\/Logo_Organisator_Website.png","width":800,"height":77,"caption":"Organisator"},"image":{"@id":"https:\/\/www.organisator.ch\/#\/schema\/logo\/image\/"},"sameAs":["https:\/\/www.facebook.com\/OrganisatorFachmagazin","https:\/\/www.linkedin.com\/showcase\/organisator-das-magazin-fr-kmu","https:\/\/www.xing.com\/news\/pages\/organisator-ch-695","https:\/\/www.youtube.com\/channel\/UCGP2Sq0iWaZwT3BdIAQFYpw"]},{"@type":"Person","@id":"https:\/\/www.organisator.ch\/#\/schema\/person\/4e51799071cd2dd1232ac003643ef5f0","name":"galledia","image":{"@type":"ImageObject","inLanguage":"de","@id":"https:\/\/secure.gravatar.com\/avatar\/78a7f90c01fc2bfc875782a0d4922b37cde2cf184ce347b91316d23cd7f69a36?s=96&d=mm&r=g","url":"https:\/\/secure.gravatar.com\/avatar\/78a7f90c01fc2bfc875782a0d4922b37cde2cf184ce347b91316d23cd7f69a36?s=96&d=mm&r=g","contentUrl":"https:\/\/secure.gravatar.com\/avatar\/78a7f90c01fc2bfc875782a0d4922b37cde2cf184ce347b91316d23cd7f69a36?s=96&d=mm&r=g","caption":"galledia"},"sameAs":["https:\/\/x.com\/admin"],"url":"https:\/\/www.organisator.ch\/de\/author\/galledia\/"}]}},"_links":{"self":[{"href":"https:\/\/www.organisator.ch\/de\/wp-json\/wp\/v2\/posts\/18347","targetHints":{"allow":["GET"]}}],"collection":[{"href":"https:\/\/www.organisator.ch\/de\/wp-json\/wp\/v2\/posts"}],"about":[{"href":"https:\/\/www.organisator.ch\/de\/wp-json\/wp\/v2\/types\/post"}],"author":[{"embeddable":true,"href":"https:\/\/www.organisator.ch\/de\/wp-json\/wp\/v2\/users\/8"}],"replies":[{"embeddable":true,"href":"https:\/\/www.organisator.ch\/de\/wp-json\/wp\/v2\/comments?post=18347"}],"version-history":[{"count":3,"href":"https:\/\/www.organisator.ch\/de\/wp-json\/wp\/v2\/posts\/18347\/revisions"}],"predecessor-version":[{"id":33490,"href":"https:\/\/www.organisator.ch\/de\/wp-json\/wp\/v2\/posts\/18347\/revisions\/33490"}],"wp:attachment":[{"href":"https:\/\/www.organisator.ch\/de\/wp-json\/wp\/v2\/media?parent=18347"}],"wp:term":[{"taxonomy":"category","embeddable":true,"href":"https:\/\/www.organisator.ch\/de\/wp-json\/wp\/v2\/categories?post=18347"},{"taxonomy":"post_tag","embeddable":true,"href":"https:\/\/www.organisator.ch\/de\/wp-json\/wp\/v2\/tags?post=18347"}],"curies":[{"name":"wp","href":"https:\/\/api.w.org\/{rel}","templated":true}]}}