{"id":18370,"date":"2023-01-03T09:21:06","date_gmt":"2023-01-03T08:21:06","guid":{"rendered":"https:\/\/www.organisator.ch\/?p=18370"},"modified":"2023-01-03T09:21:06","modified_gmt":"2023-01-03T08:21:06","slug":"t-systems-verstaerkt-fokus-in-der-schweiz","status":"publish","type":"post","link":"https:\/\/www.organisator.ch\/de\/management\/2023-01-03\/t-systems-verstaerkt-fokus-in-der-schweiz\/","title":{"rendered":"T-Systems verst\u00e4rkt Fokus in der Schweiz"},"content":{"rendered":"<figure id=\"attachment_18371\" aria-describedby=\"caption-attachment-18371\" style=\"width: 680px\" class=\"wp-caption alignnone\"><img loading=\"lazy\" decoding=\"async\" class=\"size-full wp-image-18371\" src=\"https:\/\/www.organisator.ch\/wp-content\/uploads\/2023\/01\/T-Systems-verstaerkt-Fokus-in-der-Schweiz_Organisator.jpg\" alt=\"\" width=\"680\" height=\"442\" srcset=\"https:\/\/www.organisator.ch\/wp-content\/uploads\/2023\/01\/T-Systems-verstaerkt-Fokus-in-der-Schweiz_Organisator.jpg 680w, https:\/\/www.organisator.ch\/wp-content\/uploads\/2023\/01\/T-Systems-verstaerkt-Fokus-in-der-Schweiz_Organisator-18x12.jpg 18w, https:\/\/www.organisator.ch\/wp-content\/uploads\/2023\/01\/T-Systems-verstaerkt-Fokus-in-der-Schweiz_Organisator-375x244.jpg 375w, https:\/\/www.organisator.ch\/wp-content\/uploads\/2023\/01\/T-Systems-verstaerkt-Fokus-in-der-Schweiz_Organisator-538x350.jpg 538w\" sizes=\"auto, (max-width: 680px) 100vw, 680px\" \/><figcaption id=\"caption-attachment-18371\" class=\"wp-caption-text\">Unter der Leitung von Managing Director Thomas Reitze will T-Systems den Fokus in der Schweiz verst\u00e4rken. (Bild: zVg)<\/figcaption><\/figure>\n<p>T-Systems Schweiz wird ab 1. Januar 2023 wieder zur eigenst\u00e4ndigen Landesgesellschaft innerhalb der T-Systems International und als Teil der Deutschen Telekom. Die B\u00fcndelung des Gesch\u00e4fts von T-Systems Schweiz und \u00d6sterreich in der Alpine Region hatte seit 2019 die Weichen f\u00fcr mehr Effizienz, eine erfolgreiche Entwicklung der Portfolio-Einheiten \u201aCloud Services\u2018 und \u201aDigital\u2018 und den l\u00e4nder\u00fcbergreifenden Know-how-Transfer in den regionalen M\u00e4rkten gestellt, wie das Unternehmen schreibt. Mit der neuen Eigenst\u00e4ndigkeit werde die Schweiz-Identit\u00e4t der T-Systems gest\u00e4rkt und somit eine noch passgenauere Ausrichtung auf den Schweizer Markt erm\u00f6glicht, w\u00e4hrend gleichzeitig das Wachstum in der DACH-Region ausgebaut wird, heisst es dazu weiter.<\/p>\n<h3>Von ausgewiesener Erfahrung profitieren<\/h3>\n<p>Thomas Reitze, der die Schweizer Landesgesellschaft innerhalb des Regionalbereichs T-Systems Alpine seit bald drei Jahren leitete, wird Managing Director der T-Systems Schweiz, die f\u00fcr ihre Kunden ein systemrelevanter IT- und Digitalisierungspartner geworden ist. Diese starke Stellung soll in den kommenden Jahren gefestigt und ausgebaut werden verbunden mit einem klaren Bekenntnis zum Schweizer Markt und lokaler Pr\u00e4senz. Profitieren soll die neue Organisation dabei von der ausgewiesenen Erfahrung in den Bereichen \u00d6ffentlicher Transport- und Gesundheitswesen, \u00f6ffentliche Verwaltung sowie in der Finanz- und Versicherungsbranche und im Dienstleistungssektor. \u00abWir setzen uns in der Schweiz grosse Ziele und verfolgen eine langfristige Strategie\u00bb, sagt Thomas Reitze und erg\u00e4nzt: \u00abDie digitale Transformation schreitet rasch voran und er\u00f6ffnet in jedem Bereich neue Chancen. Mehr denn je sind deshalb branchenspezifische Beratungsleistungen und L\u00f6sungen f\u00fcr digitale Souver\u00e4nit\u00e4t gefragt.\u00bb<\/p>\n<h3>Keine \u00c4nderungen f\u00fcr bestehende Kunden<\/h3>\n<p>F\u00fcr bestehende Schweizer Kunden \u00e4ndert sich mit der Neuorganisation nichts. Thomas Reitze: \u00abIch freue mich sehr darauf, zusammen mit den grossartigen Menschen, die bei T-Systems arbeiten, f\u00fcr unsere Kunden in der Schweiz noch spezifischere L\u00f6sungen zu entwickeln und mit unserer europ\u00e4ischen DNA ein zuverl\u00e4ssiger, sicherer und innovativer Partner zu sein.\u00bb<\/p>\n<p><a href=\"https:\/\/www.t-systems.com\/ch\/de\/ueber-t-systems\/t-systems-schweiz\"><em>Quelle<\/em><\/a><\/p>\n","protected":false},"excerpt":{"rendered":"<p>T-Systems Schweiz wird ab 1. Januar 2023 wieder zur eigenst\u00e4ndigen Landesgesellschaft innerhalb der T-Systems International und als Teil der Deutschen Telekom. Die B\u00fcndelung des Gesch\u00e4fts von T-Systems Schweiz und \u00d6sterreich in der Alpine Region hatte seit 2019 die Weichen f\u00fcr mehr Effizienz, eine erfolgreiche Entwicklung der Portfolio-Einheiten \u201aCloud Services\u2018 und \u201aDigital\u2018 und den l\u00e4nder\u00fcbergreifenden Know-how-Transfer [&hellip;]<\/p>\n","protected":false},"author":4,"featured_media":18371,"comment_status":"closed","ping_status":"closed","sticky":false,"template":"","format":"standard","meta":{"_acf_changed":false,"_yoast_wpseo_focuskw":"T-Systems","_yoast_wpseo_metadesc":"Per 1. 1. 2023 wird T-Systems Schweiz als eigenst\u00e4ndige Landesgesellschaft gef\u00fchrt. Die Rolle des Managing Director \u00fcbernimmt Thomas Reitze.","articlekey":"","footnotes":""},"categories":[28],"tags":[286,381,492],"class_list":["post-18370","post","type-post","status-publish","format-standard","has-post-thumbnail","hentry","category-management","tag-it","tag-personalia","tag-unternehmen"],"acf":[],"yoast_head":"<!-- This site is optimized with the Yoast SEO plugin v27.5 - https:\/\/yoast.com\/product\/yoast-seo-wordpress\/ -->\n<title>T-Systems verst\u00e4rkt Fokus in der Schweiz - Organisator<\/title>\n<meta name=\"description\" content=\"Per 1. 1. 2023 wird T-Systems Schweiz als eigenst\u00e4ndige Landesgesellschaft gef\u00fchrt. Die Rolle des Managing Director \u00fcbernimmt Thomas Reitze.\" \/>\n<meta name=\"robots\" content=\"index, follow, max-snippet:-1, max-image-preview:large, max-video-preview:-1\" \/>\n<link rel=\"canonical\" href=\"https:\/\/www.organisator.ch\/de\/management\/2023-01-03\/t-systems-verstaerkt-fokus-in-der-schweiz\/\" \/>\n<meta property=\"og:locale\" content=\"de_DE\" \/>\n<meta property=\"og:type\" content=\"article\" \/>\n<meta property=\"og:title\" content=\"T-Systems verst\u00e4rkt Fokus in der Schweiz\" \/>\n<meta property=\"og:description\" content=\"Per 1. 1. 2023 wird T-Systems Schweiz als eigenst\u00e4ndige Landesgesellschaft gef\u00fchrt. Die Rolle des Managing Director \u00fcbernimmt Thomas Reitze.\" \/>\n<meta property=\"og:url\" content=\"https:\/\/www.organisator.ch\/de\/management\/2023-01-03\/t-systems-verstaerkt-fokus-in-der-schweiz\/\" \/>\n<meta property=\"og:site_name\" content=\"Organisator\" \/>\n<meta property=\"article:publisher\" content=\"https:\/\/www.facebook.com\/OrganisatorFachmagazin\" \/>\n<meta property=\"article:published_time\" content=\"2023-01-03T08:21:06+00:00\" \/>\n<meta property=\"og:image\" content=\"https:\/\/www.organisator.ch\/wp-content\/uploads\/2023\/01\/T-Systems-verstaerkt-Fokus-in-der-Schweiz_Organisator.jpg\" \/>\n\t<meta property=\"og:image:width\" content=\"680\" \/>\n\t<meta property=\"og:image:height\" content=\"442\" \/>\n\t<meta property=\"og:image:type\" content=\"image\/jpeg\" \/>\n<meta name=\"author\" content=\"thomas.berner\" \/>\n<meta name=\"twitter:card\" content=\"summary_large_image\" \/>\n<meta name=\"twitter:title\" content=\"T-Systems verst\u00e4rkt Fokus in der Schweiz\" \/>\n<meta name=\"twitter:description\" content=\"Per 1. 1. 2023 wird T-Systems Schweiz als eigenst\u00e4ndige Landesgesellschaft gef\u00fchrt. Die Rolle des Managing Director \u00fcbernimmt Thomas Reitze.\" \/>\n<meta name=\"twitter:image\" content=\"https:\/\/www.organisator.ch\/wp-content\/uploads\/2023\/01\/T-Systems-verstaerkt-Fokus-in-der-Schweiz_Organisator.jpg\" \/>\n<script type=\"application\/ld+json\" class=\"yoast-schema-graph\">{\"@context\":\"https:\\\/\\\/schema.org\",\"@graph\":[{\"@type\":\"Article\",\"@id\":\"https:\\\/\\\/www.organisator.ch\\\/management\\\/2023-01-03\\\/t-systems-verstaerkt-fokus-in-der-schweiz\\\/#article\",\"isPartOf\":{\"@id\":\"https:\\\/\\\/www.organisator.ch\\\/management\\\/2023-01-03\\\/t-systems-verstaerkt-fokus-in-der-schweiz\\\/\"},\"author\":{\"name\":\"thomas.berner\",\"@id\":\"https:\\\/\\\/www.organisator.ch\\\/#\\\/schema\\\/person\\\/6f650f90b2842cd4c0cc334b4e36f67e\"},\"headline\":\"T-Systems verst\u00e4rkt Fokus in der Schweiz\",\"datePublished\":\"2023-01-03T08:21:06+00:00\",\"mainEntityOfPage\":{\"@id\":\"https:\\\/\\\/www.organisator.ch\\\/management\\\/2023-01-03\\\/t-systems-verstaerkt-fokus-in-der-schweiz\\\/\"},\"wordCount\":342,\"publisher\":{\"@id\":\"https:\\\/\\\/www.organisator.ch\\\/#organization\"},\"image\":{\"@id\":\"https:\\\/\\\/www.organisator.ch\\\/management\\\/2023-01-03\\\/t-systems-verstaerkt-fokus-in-der-schweiz\\\/#primaryimage\"},\"thumbnailUrl\":\"https:\\\/\\\/www.organisator.ch\\\/wp-content\\\/uploads\\\/2023\\\/01\\\/T-Systems-verstaerkt-Fokus-in-der-Schweiz_Organisator.jpg\",\"keywords\":[\"IT\",\"Personalia\",\"Unternehmen\"],\"articleSection\":[\"MANAGEMENT\"],\"inLanguage\":\"de\"},{\"@type\":\"WebPage\",\"@id\":\"https:\\\/\\\/www.organisator.ch\\\/management\\\/2023-01-03\\\/t-systems-verstaerkt-fokus-in-der-schweiz\\\/\",\"url\":\"https:\\\/\\\/www.organisator.ch\\\/management\\\/2023-01-03\\\/t-systems-verstaerkt-fokus-in-der-schweiz\\\/\",\"name\":\"T-Systems verst\u00e4rkt Fokus in der Schweiz - Organisator\",\"isPartOf\":{\"@id\":\"https:\\\/\\\/www.organisator.ch\\\/#website\"},\"primaryImageOfPage\":{\"@id\":\"https:\\\/\\\/www.organisator.ch\\\/management\\\/2023-01-03\\\/t-systems-verstaerkt-fokus-in-der-schweiz\\\/#primaryimage\"},\"image\":{\"@id\":\"https:\\\/\\\/www.organisator.ch\\\/management\\\/2023-01-03\\\/t-systems-verstaerkt-fokus-in-der-schweiz\\\/#primaryimage\"},\"thumbnailUrl\":\"https:\\\/\\\/www.organisator.ch\\\/wp-content\\\/uploads\\\/2023\\\/01\\\/T-Systems-verstaerkt-Fokus-in-der-Schweiz_Organisator.jpg\",\"datePublished\":\"2023-01-03T08:21:06+00:00\",\"description\":\"Per 1. 1. 2023 wird T-Systems Schweiz als eigenst\u00e4ndige Landesgesellschaft gef\u00fchrt. Die Rolle des Managing Director \u00fcbernimmt Thomas Reitze.\",\"breadcrumb\":{\"@id\":\"https:\\\/\\\/www.organisator.ch\\\/management\\\/2023-01-03\\\/t-systems-verstaerkt-fokus-in-der-schweiz\\\/#breadcrumb\"},\"inLanguage\":\"de\",\"potentialAction\":[{\"@type\":\"ReadAction\",\"target\":[\"https:\\\/\\\/www.organisator.ch\\\/management\\\/2023-01-03\\\/t-systems-verstaerkt-fokus-in-der-schweiz\\\/\"]}]},{\"@type\":\"ImageObject\",\"inLanguage\":\"de\",\"@id\":\"https:\\\/\\\/www.organisator.ch\\\/management\\\/2023-01-03\\\/t-systems-verstaerkt-fokus-in-der-schweiz\\\/#primaryimage\",\"url\":\"https:\\\/\\\/www.organisator.ch\\\/wp-content\\\/uploads\\\/2023\\\/01\\\/T-Systems-verstaerkt-Fokus-in-der-Schweiz_Organisator.jpg\",\"contentUrl\":\"https:\\\/\\\/www.organisator.ch\\\/wp-content\\\/uploads\\\/2023\\\/01\\\/T-Systems-verstaerkt-Fokus-in-der-Schweiz_Organisator.jpg\",\"width\":680,\"height\":442,\"caption\":\"Unter der Leitung von Managing Director Thomas Reitze will T-Systems den Fokus in der Schweiz verst\u00e4rken. (Bild: zVg \\\/ T-Systems)\"},{\"@type\":\"BreadcrumbList\",\"@id\":\"https:\\\/\\\/www.organisator.ch\\\/management\\\/2023-01-03\\\/t-systems-verstaerkt-fokus-in-der-schweiz\\\/#breadcrumb\",\"itemListElement\":[{\"@type\":\"ListItem\",\"position\":1,\"name\":\"Home\",\"item\":\"https:\\\/\\\/www.organisator.ch\\\/\"},{\"@type\":\"ListItem\",\"position\":2,\"name\":\"T-Systems verst\u00e4rkt Fokus in der Schweiz\"}]},{\"@type\":\"WebSite\",\"@id\":\"https:\\\/\\\/www.organisator.ch\\\/#website\",\"url\":\"https:\\\/\\\/www.organisator.ch\\\/\",\"name\":\"Organisator\",\"description\":\"Kompetent. Praxisnah. Der ORGANISATOR bereitet in 10 Ausgaben pro Jahr die wesentlichen Themen f\u00fcr F\u00fchrungskr\u00e4fte von KMU auf.\",\"publisher\":{\"@id\":\"https:\\\/\\\/www.organisator.ch\\\/#organization\"},\"potentialAction\":[{\"@type\":\"SearchAction\",\"target\":{\"@type\":\"EntryPoint\",\"urlTemplate\":\"https:\\\/\\\/www.organisator.ch\\\/?s={search_term_string}\"},\"query-input\":{\"@type\":\"PropertyValueSpecification\",\"valueRequired\":true,\"valueName\":\"search_term_string\"}}],\"inLanguage\":\"de\"},{\"@type\":\"Organization\",\"@id\":\"https:\\\/\\\/www.organisator.ch\\\/#organization\",\"name\":\"Organisator\",\"url\":\"https:\\\/\\\/www.organisator.ch\\\/\",\"logo\":{\"@type\":\"ImageObject\",\"inLanguage\":\"de\",\"@id\":\"https:\\\/\\\/www.organisator.ch\\\/#\\\/schema\\\/logo\\\/image\\\/\",\"url\":\"https:\\\/\\\/www.organisator.ch\\\/wp-content\\\/uploads\\\/2022\\\/01\\\/Logo_Organisator_Website.png\",\"contentUrl\":\"https:\\\/\\\/www.organisator.ch\\\/wp-content\\\/uploads\\\/2022\\\/01\\\/Logo_Organisator_Website.png\",\"width\":800,\"height\":77,\"caption\":\"Organisator\"},\"image\":{\"@id\":\"https:\\\/\\\/www.organisator.ch\\\/#\\\/schema\\\/logo\\\/image\\\/\"},\"sameAs\":[\"https:\\\/\\\/www.facebook.com\\\/OrganisatorFachmagazin\",\"https:\\\/\\\/www.linkedin.com\\\/showcase\\\/organisator-das-magazin-fr-kmu\",\"https:\\\/\\\/www.xing.com\\\/news\\\/pages\\\/organisator-ch-695\",\"https:\\\/\\\/www.youtube.com\\\/channel\\\/UCGP2Sq0iWaZwT3BdIAQFYpw\"]},{\"@type\":\"Person\",\"@id\":\"https:\\\/\\\/www.organisator.ch\\\/#\\\/schema\\\/person\\\/6f650f90b2842cd4c0cc334b4e36f67e\",\"name\":\"thomas.berner\",\"image\":{\"@type\":\"ImageObject\",\"inLanguage\":\"de\",\"@id\":\"https:\\\/\\\/secure.gravatar.com\\\/avatar\\\/ac5001d2a36cb6c6cd3e50789007ffca834b477b74a2144564522e944eabff61?s=96&d=mm&r=g\",\"url\":\"https:\\\/\\\/secure.gravatar.com\\\/avatar\\\/ac5001d2a36cb6c6cd3e50789007ffca834b477b74a2144564522e944eabff61?s=96&d=mm&r=g\",\"contentUrl\":\"https:\\\/\\\/secure.gravatar.com\\\/avatar\\\/ac5001d2a36cb6c6cd3e50789007ffca834b477b74a2144564522e944eabff61?s=96&d=mm&r=g\",\"caption\":\"thomas.berner\"},\"url\":\"https:\\\/\\\/www.organisator.ch\\\/de\\\/author\\\/thomas-berner\\\/\"}]}<\/script>\n<!-- \/ Yoast SEO plugin. -->","yoast_head_json":{"title":"T-Systems verst\u00e4rkt Fokus in der Schweiz - Organisator","description":"Per 1. 1. 2023 wird T-Systems Schweiz als eigenst\u00e4ndige Landesgesellschaft gef\u00fchrt. Die Rolle des Managing Director \u00fcbernimmt Thomas Reitze.","robots":{"index":"index","follow":"follow","max-snippet":"max-snippet:-1","max-image-preview":"max-image-preview:large","max-video-preview":"max-video-preview:-1"},"canonical":"https:\/\/www.organisator.ch\/de\/management\/2023-01-03\/t-systems-verstaerkt-fokus-in-der-schweiz\/","og_locale":"de_DE","og_type":"article","og_title":"T-Systems verst\u00e4rkt Fokus in der Schweiz","og_description":"Per 1. 1. 2023 wird T-Systems Schweiz als eigenst\u00e4ndige Landesgesellschaft gef\u00fchrt. Die Rolle des Managing Director \u00fcbernimmt Thomas Reitze.","og_url":"https:\/\/www.organisator.ch\/de\/management\/2023-01-03\/t-systems-verstaerkt-fokus-in-der-schweiz\/","og_site_name":"Organisator","article_publisher":"https:\/\/www.facebook.com\/OrganisatorFachmagazin","article_published_time":"2023-01-03T08:21:06+00:00","og_image":[{"width":680,"height":442,"url":"https:\/\/www.organisator.ch\/wp-content\/uploads\/2023\/01\/T-Systems-verstaerkt-Fokus-in-der-Schweiz_Organisator.jpg","type":"image\/jpeg"}],"author":"thomas.berner","twitter_card":"summary_large_image","twitter_title":"T-Systems verst\u00e4rkt Fokus in der Schweiz","twitter_description":"Per 1. 1. 2023 wird T-Systems Schweiz als eigenst\u00e4ndige Landesgesellschaft gef\u00fchrt. Die Rolle des Managing Director \u00fcbernimmt Thomas Reitze.","twitter_image":"https:\/\/www.organisator.ch\/wp-content\/uploads\/2023\/01\/T-Systems-verstaerkt-Fokus-in-der-Schweiz_Organisator.jpg","schema":{"@context":"https:\/\/schema.org","@graph":[{"@type":"Article","@id":"https:\/\/www.organisator.ch\/management\/2023-01-03\/t-systems-verstaerkt-fokus-in-der-schweiz\/#article","isPartOf":{"@id":"https:\/\/www.organisator.ch\/management\/2023-01-03\/t-systems-verstaerkt-fokus-in-der-schweiz\/"},"author":{"name":"thomas.berner","@id":"https:\/\/www.organisator.ch\/#\/schema\/person\/6f650f90b2842cd4c0cc334b4e36f67e"},"headline":"T-Systems verst\u00e4rkt Fokus in der Schweiz","datePublished":"2023-01-03T08:21:06+00:00","mainEntityOfPage":{"@id":"https:\/\/www.organisator.ch\/management\/2023-01-03\/t-systems-verstaerkt-fokus-in-der-schweiz\/"},"wordCount":342,"publisher":{"@id":"https:\/\/www.organisator.ch\/#organization"},"image":{"@id":"https:\/\/www.organisator.ch\/management\/2023-01-03\/t-systems-verstaerkt-fokus-in-der-schweiz\/#primaryimage"},"thumbnailUrl":"https:\/\/www.organisator.ch\/wp-content\/uploads\/2023\/01\/T-Systems-verstaerkt-Fokus-in-der-Schweiz_Organisator.jpg","keywords":["IT","Personalia","Unternehmen"],"articleSection":["MANAGEMENT"],"inLanguage":"de"},{"@type":"WebPage","@id":"https:\/\/www.organisator.ch\/management\/2023-01-03\/t-systems-verstaerkt-fokus-in-der-schweiz\/","url":"https:\/\/www.organisator.ch\/management\/2023-01-03\/t-systems-verstaerkt-fokus-in-der-schweiz\/","name":"T-Systems verst\u00e4rkt Fokus in der Schweiz - Organisator","isPartOf":{"@id":"https:\/\/www.organisator.ch\/#website"},"primaryImageOfPage":{"@id":"https:\/\/www.organisator.ch\/management\/2023-01-03\/t-systems-verstaerkt-fokus-in-der-schweiz\/#primaryimage"},"image":{"@id":"https:\/\/www.organisator.ch\/management\/2023-01-03\/t-systems-verstaerkt-fokus-in-der-schweiz\/#primaryimage"},"thumbnailUrl":"https:\/\/www.organisator.ch\/wp-content\/uploads\/2023\/01\/T-Systems-verstaerkt-Fokus-in-der-Schweiz_Organisator.jpg","datePublished":"2023-01-03T08:21:06+00:00","description":"Per 1. 1. 2023 wird T-Systems Schweiz als eigenst\u00e4ndige Landesgesellschaft gef\u00fchrt. Die Rolle des Managing Director \u00fcbernimmt Thomas Reitze.","breadcrumb":{"@id":"https:\/\/www.organisator.ch\/management\/2023-01-03\/t-systems-verstaerkt-fokus-in-der-schweiz\/#breadcrumb"},"inLanguage":"de","potentialAction":[{"@type":"ReadAction","target":["https:\/\/www.organisator.ch\/management\/2023-01-03\/t-systems-verstaerkt-fokus-in-der-schweiz\/"]}]},{"@type":"ImageObject","inLanguage":"de","@id":"https:\/\/www.organisator.ch\/management\/2023-01-03\/t-systems-verstaerkt-fokus-in-der-schweiz\/#primaryimage","url":"https:\/\/www.organisator.ch\/wp-content\/uploads\/2023\/01\/T-Systems-verstaerkt-Fokus-in-der-Schweiz_Organisator.jpg","contentUrl":"https:\/\/www.organisator.ch\/wp-content\/uploads\/2023\/01\/T-Systems-verstaerkt-Fokus-in-der-Schweiz_Organisator.jpg","width":680,"height":442,"caption":"Unter der Leitung von Managing Director Thomas Reitze will T-Systems den Fokus in der Schweiz verst\u00e4rken. (Bild: zVg \/ T-Systems)"},{"@type":"BreadcrumbList","@id":"https:\/\/www.organisator.ch\/management\/2023-01-03\/t-systems-verstaerkt-fokus-in-der-schweiz\/#breadcrumb","itemListElement":[{"@type":"ListItem","position":1,"name":"Home","item":"https:\/\/www.organisator.ch\/"},{"@type":"ListItem","position":2,"name":"T-Systems verst\u00e4rkt Fokus in der Schweiz"}]},{"@type":"WebSite","@id":"https:\/\/www.organisator.ch\/#website","url":"https:\/\/www.organisator.ch\/","name":"Organisator","description":"Kompetent. Praxisnah. Der ORGANISATOR bereitet in 10 Ausgaben pro Jahr die wesentlichen Themen f\u00fcr F\u00fchrungskr\u00e4fte von KMU auf.","publisher":{"@id":"https:\/\/www.organisator.ch\/#organization"},"potentialAction":[{"@type":"SearchAction","target":{"@type":"EntryPoint","urlTemplate":"https:\/\/www.organisator.ch\/?s={search_term_string}"},"query-input":{"@type":"PropertyValueSpecification","valueRequired":true,"valueName":"search_term_string"}}],"inLanguage":"de"},{"@type":"Organization","@id":"https:\/\/www.organisator.ch\/#organization","name":"Organisator","url":"https:\/\/www.organisator.ch\/","logo":{"@type":"ImageObject","inLanguage":"de","@id":"https:\/\/www.organisator.ch\/#\/schema\/logo\/image\/","url":"https:\/\/www.organisator.ch\/wp-content\/uploads\/2022\/01\/Logo_Organisator_Website.png","contentUrl":"https:\/\/www.organisator.ch\/wp-content\/uploads\/2022\/01\/Logo_Organisator_Website.png","width":800,"height":77,"caption":"Organisator"},"image":{"@id":"https:\/\/www.organisator.ch\/#\/schema\/logo\/image\/"},"sameAs":["https:\/\/www.facebook.com\/OrganisatorFachmagazin","https:\/\/www.linkedin.com\/showcase\/organisator-das-magazin-fr-kmu","https:\/\/www.xing.com\/news\/pages\/organisator-ch-695","https:\/\/www.youtube.com\/channel\/UCGP2Sq0iWaZwT3BdIAQFYpw"]},{"@type":"Person","@id":"https:\/\/www.organisator.ch\/#\/schema\/person\/6f650f90b2842cd4c0cc334b4e36f67e","name":"thomas.berner","image":{"@type":"ImageObject","inLanguage":"de","@id":"https:\/\/secure.gravatar.com\/avatar\/ac5001d2a36cb6c6cd3e50789007ffca834b477b74a2144564522e944eabff61?s=96&d=mm&r=g","url":"https:\/\/secure.gravatar.com\/avatar\/ac5001d2a36cb6c6cd3e50789007ffca834b477b74a2144564522e944eabff61?s=96&d=mm&r=g","contentUrl":"https:\/\/secure.gravatar.com\/avatar\/ac5001d2a36cb6c6cd3e50789007ffca834b477b74a2144564522e944eabff61?s=96&d=mm&r=g","caption":"thomas.berner"},"url":"https:\/\/www.organisator.ch\/de\/author\/thomas-berner\/"}]}},"_links":{"self":[{"href":"https:\/\/www.organisator.ch\/de\/wp-json\/wp\/v2\/posts\/18370","targetHints":{"allow":["GET"]}}],"collection":[{"href":"https:\/\/www.organisator.ch\/de\/wp-json\/wp\/v2\/posts"}],"about":[{"href":"https:\/\/www.organisator.ch\/de\/wp-json\/wp\/v2\/types\/post"}],"author":[{"embeddable":true,"href":"https:\/\/www.organisator.ch\/de\/wp-json\/wp\/v2\/users\/4"}],"replies":[{"embeddable":true,"href":"https:\/\/www.organisator.ch\/de\/wp-json\/wp\/v2\/comments?post=18370"}],"version-history":[{"count":1,"href":"https:\/\/www.organisator.ch\/de\/wp-json\/wp\/v2\/posts\/18370\/revisions"}],"predecessor-version":[{"id":18372,"href":"https:\/\/www.organisator.ch\/de\/wp-json\/wp\/v2\/posts\/18370\/revisions\/18372"}],"wp:featuredmedia":[{"embeddable":true,"href":"https:\/\/www.organisator.ch\/de\/wp-json\/wp\/v2\/media\/18371"}],"wp:attachment":[{"href":"https:\/\/www.organisator.ch\/de\/wp-json\/wp\/v2\/media?parent=18370"}],"wp:term":[{"taxonomy":"category","embeddable":true,"href":"https:\/\/www.organisator.ch\/de\/wp-json\/wp\/v2\/categories?post=18370"},{"taxonomy":"post_tag","embeddable":true,"href":"https:\/\/www.organisator.ch\/de\/wp-json\/wp\/v2\/tags?post=18370"}],"curies":[{"name":"wp","href":"https:\/\/api.w.org\/{rel}","templated":true}]}}