{"id":18387,"date":"2023-01-04T07:47:25","date_gmt":"2023-01-04T06:47:25","guid":{"rendered":"https:\/\/www.organisator.ch\/?p=18387"},"modified":"2023-01-04T07:47:25","modified_gmt":"2023-01-04T06:47:25","slug":"der-kaufmaennische-verband-schweiz-feiert-sein-150-jaehriges-bestehen","status":"publish","type":"post","link":"https:\/\/www.organisator.ch\/de\/weiterbildung\/2023-01-04\/der-kaufmaennische-verband-schweiz-feiert-sein-150-jaehriges-bestehen\/","title":{"rendered":"Der Kaufm\u00e4nnische Verband Schweiz feiert sein 150-j\u00e4hriges Bestehen"},"content":{"rendered":"<figure id=\"attachment_18388\" aria-describedby=\"caption-attachment-18388\" style=\"width: 680px\" class=\"wp-caption alignnone\"><img loading=\"lazy\" decoding=\"async\" class=\"size-full wp-image-18388\" src=\"https:\/\/www.organisator.ch\/wp-content\/uploads\/2023\/01\/Der-Kaufmaennische-Verband-Schweiz-feiert-sein-150-jaehriges-Bestehen_Organisator.jpg\" alt=\"\" width=\"680\" height=\"454\" srcset=\"https:\/\/www.organisator.ch\/wp-content\/uploads\/2023\/01\/Der-Kaufmaennische-Verband-Schweiz-feiert-sein-150-jaehriges-Bestehen_Organisator.jpg 680w, https:\/\/www.organisator.ch\/wp-content\/uploads\/2023\/01\/Der-Kaufmaennische-Verband-Schweiz-feiert-sein-150-jaehriges-Bestehen_Organisator-18x12.jpg 18w, https:\/\/www.organisator.ch\/wp-content\/uploads\/2023\/01\/Der-Kaufmaennische-Verband-Schweiz-feiert-sein-150-jaehriges-Bestehen_Organisator-375x250.jpg 375w, https:\/\/www.organisator.ch\/wp-content\/uploads\/2023\/01\/Der-Kaufmaennische-Verband-Schweiz-feiert-sein-150-jaehriges-Bestehen_Organisator-524x350.jpg 524w\" sizes=\"auto, (max-width: 680px) 100vw, 680px\" \/><figcaption id=\"caption-attachment-18388\" class=\"wp-caption-text\">Seit 150 Jahren repr\u00e4sentiert der Kaufm\u00e4nnische Verband Schweiz Bildung und Beruf im kaufm\u00e4nnisch-betriebswirtschaftlichen Umfeld. (Bild: Kaufm\u00e4nnischer Verband Schweiz\/Merlin Photography Ltd.)<\/figcaption><\/figure>\n<p>Der Kaufm\u00e4nnische Verband Schweiz wurde am 14. April 1873 als Zusammenschluss von 20 \u00f6rtlichen Bildungsvereinen (damals: \u00abSchweizerischer Verein junger Kaufleute\u00bb) gegr\u00fcndet. 1882 folgte die Umbenennung in \u00abSchweizerischer Kaufm\u00e4nnischer Verein\u00bb, 1977 in \u00abSchweizerischer Kaufm\u00e4nnischer Verband\u00bb und 2001 in \u00abKV Schweiz\u00bb.<\/p>\n<h3>Kompetenzzentrum f\u00fcr Bildung und Beruf<\/h3>\n<p>Der Kaufm\u00e4nnische Verband Schweiz gilt heute als Kompetenzzentrum f\u00fcr Bildung und Beruf. Er z\u00e4hlt rund 38 500 Mitglieder, welche er zu Fragen rund um ihre berufliche Laufbahn ber\u00e4t und deren Anliegen er sowohl auf politischer Ebene wie auch im Rahmen sozialpartnerschaftlicher Abkommen vertritt. Als Tr\u00e4ger bzw. Mittr\u00e4ger verschiedener Berufs- und Fachpr\u00fcfungen bietet er ausserdem praxisnahe Aus- und Weiterbildungen an. \u00abZu den zentralen T\u00e4tigkeitsfeldern des Verbands z\u00e4hlten, damals wie heute, das Engagement f\u00fcr eine moderne und zukunftsweisende Bildungs-, Wirtschafts- und Sozialpolitik, die alle Berufsleute \u2013 M\u00e4nner wie Frauen, Reiche wie Arme, Junge wie Alte \u2013 fair behandelt\u00bb erkl\u00e4rt Christian Z\u00fcnd, CEO des Kaufm\u00e4nnischen Verbands Schweiz.<\/p>\n<h3>150 Jahre bildungspolitische Arbeit<\/h3>\n<p>Bildung und lebenslanges Lernen seien fest in der DNA des Kaufm\u00e4nnischen Verbands Schweiz verankert, schreibt der Verband in seiner Medienmitteilung zum Jubil\u00e4um. \u00abDer Erfolg der kaufm\u00e4nnischen Lehre, welche seit Jahrzehnten zu den meist gew\u00e4hlten Ausbildungen der Schweiz z\u00e4hlt, basiert auf der engen Ausrichtung auf die Berufspraxis und den zahlreichen Weiterbildungsm\u00f6glichkeiten zum Erwerb neuer oder zur St\u00e4rkung bereits erlernter Kompetenzen\u00bb, so Z\u00fcnd. Die Einf\u00fchrung von Fachpr\u00fcfungen im Korrespondenz- und Bankwesen sowie Stenographie haben in den 1920er Jahren wichtige Pfeiler zur Systematisierung und Feminisierung der Berufsbildung eingeschlagen. Es folgten die Ausdifferenzierung der kaufm\u00e4nnischen Berufsabschl\u00fcsse (H\u00f6here Fachpr\u00fcfungen, Berufs- und Verbandspr\u00fcfungen) sowie zahlreiche weitere Bildungsinnovationen und -reformen. \u00abDas Jahr 2023 ist f\u00fcr den Kaufm\u00e4nnischen Verband Schweiz gleich doppelt wichtig\u00bb betont Z\u00fcnd. \u00abNicht nur feiern wir 150 Jahre Verbandsgeschichte und unser unerm\u00fcdliches Engagement in der Bildungs- und Berufspolitik. Wir freuen uns auch auf den Start der neuen KV-Lehre und sind fest davon \u00fcberzeugt, dass sie Jugendliche \u2013 heute wie gestern \u2013 mit dem n\u00f6tigen R\u00fcstzeug f\u00fcr die Herausforderungen der Zukunft wappnen wird.\u00bb<\/p>\n<h3>\u00dcber 100 Jahre Sozialpartnerschaft<\/h3>\n<p>Bereits in den fr\u00fchen Gr\u00fcnderjahren hat sich der Kaufm\u00e4nnische Verband Schweiz daf\u00fcr eingesetzt, um soziale Spannungen zu l\u00f6sen und\u00a0 der Arbeitslosigkeit in wirtschaftlich schwierigen Situationen entgegenzuwirken. Auch das Schweizer Vorsorgesystem neu zu denken hat sich der Verband auf die Fahne geschrieben: So hat man sich etwa nach dem Ersten Weltkrieg beispielsweise der \u00abVereinigung schweizerischer Angestelltenverb\u00e4nde\u00bb (VSA) angeschlossen. Ziel war es, die wirtschaftliche Stabilit\u00e4t und den Arbeitgeberdialog angesichts einer sich radikalisierenden Arbeiterbewegung zu f\u00f6rdern. Bereits im Dezember 1918 konnte die VSA den ersten umfassenden Gesamtarbeitsvertrag in der Schweiz unterzeichnen und somit den Grundstein f\u00fcr eine moderne Sozialpartnerschaft legen.<\/p>\n<p>\u00abHeute vertritt der Kaufm\u00e4nnische Verband Schweiz rund 700 000 Arbeitnehmende aus den Branchen Banken und Versicherungen, Detailhandel, Gewerbe, Industrie, Luftverkehr sowie Personalverleih in knapp 40 regionalen und nationalen Gesamtarbeitsvertr\u00e4gen. Er setzt sich f\u00fcr faire und diskriminierungsfreie Arbeitsbedingungen sowie f\u00fcr die St\u00e4rkung der individuellen Arbeitsmarktf\u00e4higkeit ein\u00bb h\u00e4lt Z\u00fcnd fest.<\/p>\n<h3>Jubil\u00e4ums-Anl\u00e4sse 2023<\/h3>\n<p>Im Rahmen verschiedener Jubil\u00e4ums-Anl\u00e4sse widmet sich der Kaufm\u00e4nnische Verband Schweiz dieses Jahr den Arbeitswelten von morgen und nimmt dabei die gesellschaftlichen und betrieblichen Auswirkungen der New Work Culture genauer unter die Lupe. Welche Trends pr\u00e4gen den Schweizer Arbeitsmarkt? Welche Entwicklungen stehen Arbeitnehmenden in Dienstleistungs- und Wissensberufen bevor? Welche Skills geben k\u00fcnftig den Takt an? Im M\u00e4rz 2023 lanciert der Kaufm\u00e4nnische Verband Schweiz ausserdem seine Jubil\u00e4ums-Kampagne \u00abbuerogeschichten.ch\u00bb \u2013 eine interaktive Plattform, die eine Zeitreise durch die kaufm\u00e4nnisch-betriebswirtschaftliche Geschichte anbietet und aufzeigt, weshalb die KV-Lehre f\u00fcr das Schweizer Bildungssystem und Kaufleute f\u00fcr die hiesige Wirtschaft unabdingbar sind.<\/p>\n<p><em>Quelle und weitere Informationen: <a href=\"http:\/\/www.kfmv.ch\">www.kfmv.ch<\/a><\/em><\/p>\n","protected":false},"excerpt":{"rendered":"<p>Der Kaufm\u00e4nnische Verband Schweiz wurde am 14. April 1873 als Zusammenschluss von 20 \u00f6rtlichen Bildungsvereinen (damals: \u00abSchweizerischer Verein junger Kaufleute\u00bb) gegr\u00fcndet. 1882 folgte die Umbenennung in \u00abSchweizerischer Kaufm\u00e4nnischer Verein\u00bb, 1977 in \u00abSchweizerischer Kaufm\u00e4nnischer Verband\u00bb und 2001 in \u00abKV Schweiz\u00bb. Kompetenzzentrum f\u00fcr Bildung und Beruf Der Kaufm\u00e4nnische Verband Schweiz gilt heute als Kompetenzzentrum f\u00fcr Bildung und [&hellip;]<\/p>\n","protected":false},"author":4,"featured_media":18388,"comment_status":"closed","ping_status":"closed","sticky":false,"template":"","format":"standard","meta":{"_acf_changed":false,"_yoast_wpseo_focuskw":"Der Kaufm\u00e4nnische Verband Schweiz","_yoast_wpseo_metadesc":"Der Kaufm\u00e4nnische Verband Schweiz feiert 2023 sein 150-j\u00e4hriges Bestehen und blickt dabei auf eine erfolgreiche und bewegte Geschichte zur\u00fcck.","articlekey":"","footnotes":""},"categories":[30],"tags":[62,3569,292,503],"class_list":["post-18387","post","type-post","status-publish","format-standard","has-post-thumbnail","hentry","category-weiterbildung","tag-aus-weiterbildung","tag-berufsverbaende","tag-jubilaeum","tag-verbaende"],"acf":[],"yoast_head":"<!-- This site is optimized with the Yoast SEO plugin v27.4 - https:\/\/yoast.com\/product\/yoast-seo-wordpress\/ -->\n<title>Der Kaufm\u00e4nnische Verband Schweiz feiert sein 150-j\u00e4hriges Bestehen - Organisator<\/title>\n<meta name=\"description\" content=\"Der Kaufm\u00e4nnische Verband Schweiz feiert 2023 sein 150-j\u00e4hriges Bestehen und blickt dabei auf eine erfolgreiche und bewegte Geschichte zur\u00fcck.\" \/>\n<meta name=\"robots\" content=\"index, follow, max-snippet:-1, max-image-preview:large, max-video-preview:-1\" \/>\n<link rel=\"canonical\" href=\"https:\/\/www.organisator.ch\/de\/weiterbildung\/2023-01-04\/der-kaufmaennische-verband-schweiz-feiert-sein-150-jaehriges-bestehen\/\" \/>\n<meta property=\"og:locale\" content=\"de_DE\" \/>\n<meta property=\"og:type\" content=\"article\" \/>\n<meta property=\"og:title\" content=\"Der Kaufm\u00e4nnische Verband Schweiz feiert sein 150-j\u00e4hriges Bestehen\" \/>\n<meta property=\"og:description\" content=\"Der Kaufm\u00e4nnische Verband Schweiz feiert 2023 sein 150-j\u00e4hriges Bestehen und blickt dabei auf eine erfolgreiche und bewegte Geschichte zur\u00fcck.\" \/>\n<meta property=\"og:url\" content=\"https:\/\/www.organisator.ch\/de\/weiterbildung\/2023-01-04\/der-kaufmaennische-verband-schweiz-feiert-sein-150-jaehriges-bestehen\/\" \/>\n<meta property=\"og:site_name\" content=\"Organisator\" \/>\n<meta property=\"article:publisher\" content=\"https:\/\/www.facebook.com\/OrganisatorFachmagazin\" \/>\n<meta property=\"article:published_time\" content=\"2023-01-04T06:47:25+00:00\" \/>\n<meta property=\"og:image\" content=\"https:\/\/www.organisator.ch\/wp-content\/uploads\/2023\/01\/Der-Kaufmaennische-Verband-Schweiz-feiert-sein-150-jaehriges-Bestehen_Organisator.jpg\" \/>\n\t<meta property=\"og:image:width\" content=\"680\" \/>\n\t<meta property=\"og:image:height\" content=\"454\" \/>\n\t<meta property=\"og:image:type\" content=\"image\/jpeg\" \/>\n<meta name=\"author\" content=\"thomas.berner\" \/>\n<meta name=\"twitter:card\" content=\"summary_large_image\" \/>\n<meta name=\"twitter:title\" content=\"Der #Kaufm\u00e4nnischeVerbandSchweiz feiert sein 150-j\u00e4hriges Bestehen\" \/>\n<meta name=\"twitter:description\" content=\"Der #Kaufm\u00e4nnischeVerbandSchweiz feiert 2023 sein 150-j\u00e4hriges Bestehen und blickt dabei auf eine erfolgreiche und bewegte Geschichte zur\u00fcck.\" \/>\n<meta name=\"twitter:image\" content=\"https:\/\/www.organisator.ch\/wp-content\/uploads\/2023\/01\/Der-Kaufmaennische-Verband-Schweiz-feiert-sein-150-jaehriges-Bestehen_Organisator.jpg\" \/>\n<script type=\"application\/ld+json\" class=\"yoast-schema-graph\">{\"@context\":\"https:\\\/\\\/schema.org\",\"@graph\":[{\"@type\":\"Article\",\"@id\":\"https:\\\/\\\/www.organisator.ch\\\/weiterbildung\\\/2023-01-04\\\/der-kaufmaennische-verband-schweiz-feiert-sein-150-jaehriges-bestehen\\\/#article\",\"isPartOf\":{\"@id\":\"https:\\\/\\\/www.organisator.ch\\\/weiterbildung\\\/2023-01-04\\\/der-kaufmaennische-verband-schweiz-feiert-sein-150-jaehriges-bestehen\\\/\"},\"author\":{\"name\":\"thomas.berner\",\"@id\":\"https:\\\/\\\/www.organisator.ch\\\/#\\\/schema\\\/person\\\/6f650f90b2842cd4c0cc334b4e36f67e\"},\"headline\":\"Der Kaufm\u00e4nnische Verband Schweiz feiert sein 150-j\u00e4hriges Bestehen\",\"datePublished\":\"2023-01-04T06:47:25+00:00\",\"mainEntityOfPage\":{\"@id\":\"https:\\\/\\\/www.organisator.ch\\\/weiterbildung\\\/2023-01-04\\\/der-kaufmaennische-verband-schweiz-feiert-sein-150-jaehriges-bestehen\\\/\"},\"wordCount\":662,\"publisher\":{\"@id\":\"https:\\\/\\\/www.organisator.ch\\\/#organization\"},\"image\":{\"@id\":\"https:\\\/\\\/www.organisator.ch\\\/weiterbildung\\\/2023-01-04\\\/der-kaufmaennische-verband-schweiz-feiert-sein-150-jaehriges-bestehen\\\/#primaryimage\"},\"thumbnailUrl\":\"https:\\\/\\\/www.organisator.ch\\\/wp-content\\\/uploads\\\/2023\\\/01\\\/Der-Kaufmaennische-Verband-Schweiz-feiert-sein-150-jaehriges-Bestehen_Organisator.jpg\",\"keywords\":[\"Aus-\\\/Weiterbildung\",\"Berufsverb\u00e4nde\",\"Jubil\u00e4um\",\"Verb\u00e4nde\"],\"articleSection\":[\"WEITERBILDUNG\"],\"inLanguage\":\"de\"},{\"@type\":\"WebPage\",\"@id\":\"https:\\\/\\\/www.organisator.ch\\\/weiterbildung\\\/2023-01-04\\\/der-kaufmaennische-verband-schweiz-feiert-sein-150-jaehriges-bestehen\\\/\",\"url\":\"https:\\\/\\\/www.organisator.ch\\\/weiterbildung\\\/2023-01-04\\\/der-kaufmaennische-verband-schweiz-feiert-sein-150-jaehriges-bestehen\\\/\",\"name\":\"Der Kaufm\u00e4nnische Verband Schweiz feiert sein 150-j\u00e4hriges Bestehen - Organisator\",\"isPartOf\":{\"@id\":\"https:\\\/\\\/www.organisator.ch\\\/#website\"},\"primaryImageOfPage\":{\"@id\":\"https:\\\/\\\/www.organisator.ch\\\/weiterbildung\\\/2023-01-04\\\/der-kaufmaennische-verband-schweiz-feiert-sein-150-jaehriges-bestehen\\\/#primaryimage\"},\"image\":{\"@id\":\"https:\\\/\\\/www.organisator.ch\\\/weiterbildung\\\/2023-01-04\\\/der-kaufmaennische-verband-schweiz-feiert-sein-150-jaehriges-bestehen\\\/#primaryimage\"},\"thumbnailUrl\":\"https:\\\/\\\/www.organisator.ch\\\/wp-content\\\/uploads\\\/2023\\\/01\\\/Der-Kaufmaennische-Verband-Schweiz-feiert-sein-150-jaehriges-Bestehen_Organisator.jpg\",\"datePublished\":\"2023-01-04T06:47:25+00:00\",\"description\":\"Der Kaufm\u00e4nnische Verband Schweiz feiert 2023 sein 150-j\u00e4hriges Bestehen und blickt dabei auf eine erfolgreiche und bewegte Geschichte zur\u00fcck.\",\"breadcrumb\":{\"@id\":\"https:\\\/\\\/www.organisator.ch\\\/weiterbildung\\\/2023-01-04\\\/der-kaufmaennische-verband-schweiz-feiert-sein-150-jaehriges-bestehen\\\/#breadcrumb\"},\"inLanguage\":\"de\",\"potentialAction\":[{\"@type\":\"ReadAction\",\"target\":[\"https:\\\/\\\/www.organisator.ch\\\/weiterbildung\\\/2023-01-04\\\/der-kaufmaennische-verband-schweiz-feiert-sein-150-jaehriges-bestehen\\\/\"]}]},{\"@type\":\"ImageObject\",\"inLanguage\":\"de\",\"@id\":\"https:\\\/\\\/www.organisator.ch\\\/weiterbildung\\\/2023-01-04\\\/der-kaufmaennische-verband-schweiz-feiert-sein-150-jaehriges-bestehen\\\/#primaryimage\",\"url\":\"https:\\\/\\\/www.organisator.ch\\\/wp-content\\\/uploads\\\/2023\\\/01\\\/Der-Kaufmaennische-Verband-Schweiz-feiert-sein-150-jaehriges-Bestehen_Organisator.jpg\",\"contentUrl\":\"https:\\\/\\\/www.organisator.ch\\\/wp-content\\\/uploads\\\/2023\\\/01\\\/Der-Kaufmaennische-Verband-Schweiz-feiert-sein-150-jaehriges-Bestehen_Organisator.jpg\",\"width\":680,\"height\":454,\"caption\":\"Seit 150 Jahren repr\u00e4sentiert der Kaufm\u00e4nnische Verband Schweiz Bildung und Beruf im kaufm\u00e4nnisch-betriebswirtschaftlichen Umfeld. (Bild: Kaufm\u00e4nnischer Verband Schweiz\\\/Merlin Photography Ltd.)\"},{\"@type\":\"BreadcrumbList\",\"@id\":\"https:\\\/\\\/www.organisator.ch\\\/weiterbildung\\\/2023-01-04\\\/der-kaufmaennische-verband-schweiz-feiert-sein-150-jaehriges-bestehen\\\/#breadcrumb\",\"itemListElement\":[{\"@type\":\"ListItem\",\"position\":1,\"name\":\"Home\",\"item\":\"https:\\\/\\\/www.organisator.ch\\\/\"},{\"@type\":\"ListItem\",\"position\":2,\"name\":\"Der Kaufm\u00e4nnische Verband Schweiz feiert sein 150-j\u00e4hriges Bestehen\"}]},{\"@type\":\"WebSite\",\"@id\":\"https:\\\/\\\/www.organisator.ch\\\/#website\",\"url\":\"https:\\\/\\\/www.organisator.ch\\\/\",\"name\":\"Organisator\",\"description\":\"Kompetent. Praxisnah. Der ORGANISATOR bereitet in 10 Ausgaben pro Jahr die wesentlichen Themen f\u00fcr F\u00fchrungskr\u00e4fte von KMU auf.\",\"publisher\":{\"@id\":\"https:\\\/\\\/www.organisator.ch\\\/#organization\"},\"potentialAction\":[{\"@type\":\"SearchAction\",\"target\":{\"@type\":\"EntryPoint\",\"urlTemplate\":\"https:\\\/\\\/www.organisator.ch\\\/?s={search_term_string}\"},\"query-input\":{\"@type\":\"PropertyValueSpecification\",\"valueRequired\":true,\"valueName\":\"search_term_string\"}}],\"inLanguage\":\"de\"},{\"@type\":\"Organization\",\"@id\":\"https:\\\/\\\/www.organisator.ch\\\/#organization\",\"name\":\"Organisator\",\"url\":\"https:\\\/\\\/www.organisator.ch\\\/\",\"logo\":{\"@type\":\"ImageObject\",\"inLanguage\":\"de\",\"@id\":\"https:\\\/\\\/www.organisator.ch\\\/#\\\/schema\\\/logo\\\/image\\\/\",\"url\":\"https:\\\/\\\/www.organisator.ch\\\/wp-content\\\/uploads\\\/2022\\\/01\\\/Logo_Organisator_Website.png\",\"contentUrl\":\"https:\\\/\\\/www.organisator.ch\\\/wp-content\\\/uploads\\\/2022\\\/01\\\/Logo_Organisator_Website.png\",\"width\":800,\"height\":77,\"caption\":\"Organisator\"},\"image\":{\"@id\":\"https:\\\/\\\/www.organisator.ch\\\/#\\\/schema\\\/logo\\\/image\\\/\"},\"sameAs\":[\"https:\\\/\\\/www.facebook.com\\\/OrganisatorFachmagazin\",\"https:\\\/\\\/www.linkedin.com\\\/showcase\\\/organisator-das-magazin-fr-kmu\",\"https:\\\/\\\/www.xing.com\\\/news\\\/pages\\\/organisator-ch-695\",\"https:\\\/\\\/www.youtube.com\\\/channel\\\/UCGP2Sq0iWaZwT3BdIAQFYpw\"]},{\"@type\":\"Person\",\"@id\":\"https:\\\/\\\/www.organisator.ch\\\/#\\\/schema\\\/person\\\/6f650f90b2842cd4c0cc334b4e36f67e\",\"name\":\"thomas.berner\",\"image\":{\"@type\":\"ImageObject\",\"inLanguage\":\"de\",\"@id\":\"https:\\\/\\\/secure.gravatar.com\\\/avatar\\\/ac5001d2a36cb6c6cd3e50789007ffca834b477b74a2144564522e944eabff61?s=96&d=mm&r=g\",\"url\":\"https:\\\/\\\/secure.gravatar.com\\\/avatar\\\/ac5001d2a36cb6c6cd3e50789007ffca834b477b74a2144564522e944eabff61?s=96&d=mm&r=g\",\"contentUrl\":\"https:\\\/\\\/secure.gravatar.com\\\/avatar\\\/ac5001d2a36cb6c6cd3e50789007ffca834b477b74a2144564522e944eabff61?s=96&d=mm&r=g\",\"caption\":\"thomas.berner\"},\"url\":\"https:\\\/\\\/www.organisator.ch\\\/de\\\/author\\\/thomas-berner\\\/\"}]}<\/script>\n<!-- \/ Yoast SEO plugin. -->","yoast_head_json":{"title":"Der Kaufm\u00e4nnische Verband Schweiz feiert sein 150-j\u00e4hriges Bestehen - Organisator","description":"Der Kaufm\u00e4nnische Verband Schweiz feiert 2023 sein 150-j\u00e4hriges Bestehen und blickt dabei auf eine erfolgreiche und bewegte Geschichte zur\u00fcck.","robots":{"index":"index","follow":"follow","max-snippet":"max-snippet:-1","max-image-preview":"max-image-preview:large","max-video-preview":"max-video-preview:-1"},"canonical":"https:\/\/www.organisator.ch\/de\/weiterbildung\/2023-01-04\/der-kaufmaennische-verband-schweiz-feiert-sein-150-jaehriges-bestehen\/","og_locale":"de_DE","og_type":"article","og_title":"Der Kaufm\u00e4nnische Verband Schweiz feiert sein 150-j\u00e4hriges Bestehen","og_description":"Der Kaufm\u00e4nnische Verband Schweiz feiert 2023 sein 150-j\u00e4hriges Bestehen und blickt dabei auf eine erfolgreiche und bewegte Geschichte zur\u00fcck.","og_url":"https:\/\/www.organisator.ch\/de\/weiterbildung\/2023-01-04\/der-kaufmaennische-verband-schweiz-feiert-sein-150-jaehriges-bestehen\/","og_site_name":"Organisator","article_publisher":"https:\/\/www.facebook.com\/OrganisatorFachmagazin","article_published_time":"2023-01-04T06:47:25+00:00","og_image":[{"width":680,"height":454,"url":"https:\/\/www.organisator.ch\/wp-content\/uploads\/2023\/01\/Der-Kaufmaennische-Verband-Schweiz-feiert-sein-150-jaehriges-Bestehen_Organisator.jpg","type":"image\/jpeg"}],"author":"thomas.berner","twitter_card":"summary_large_image","twitter_title":"Der #Kaufm\u00e4nnischeVerbandSchweiz feiert sein 150-j\u00e4hriges Bestehen","twitter_description":"Der #Kaufm\u00e4nnischeVerbandSchweiz feiert 2023 sein 150-j\u00e4hriges Bestehen und blickt dabei auf eine erfolgreiche und bewegte Geschichte zur\u00fcck.","twitter_image":"https:\/\/www.organisator.ch\/wp-content\/uploads\/2023\/01\/Der-Kaufmaennische-Verband-Schweiz-feiert-sein-150-jaehriges-Bestehen_Organisator.jpg","schema":{"@context":"https:\/\/schema.org","@graph":[{"@type":"Article","@id":"https:\/\/www.organisator.ch\/weiterbildung\/2023-01-04\/der-kaufmaennische-verband-schweiz-feiert-sein-150-jaehriges-bestehen\/#article","isPartOf":{"@id":"https:\/\/www.organisator.ch\/weiterbildung\/2023-01-04\/der-kaufmaennische-verband-schweiz-feiert-sein-150-jaehriges-bestehen\/"},"author":{"name":"thomas.berner","@id":"https:\/\/www.organisator.ch\/#\/schema\/person\/6f650f90b2842cd4c0cc334b4e36f67e"},"headline":"Der Kaufm\u00e4nnische Verband Schweiz feiert sein 150-j\u00e4hriges Bestehen","datePublished":"2023-01-04T06:47:25+00:00","mainEntityOfPage":{"@id":"https:\/\/www.organisator.ch\/weiterbildung\/2023-01-04\/der-kaufmaennische-verband-schweiz-feiert-sein-150-jaehriges-bestehen\/"},"wordCount":662,"publisher":{"@id":"https:\/\/www.organisator.ch\/#organization"},"image":{"@id":"https:\/\/www.organisator.ch\/weiterbildung\/2023-01-04\/der-kaufmaennische-verband-schweiz-feiert-sein-150-jaehriges-bestehen\/#primaryimage"},"thumbnailUrl":"https:\/\/www.organisator.ch\/wp-content\/uploads\/2023\/01\/Der-Kaufmaennische-Verband-Schweiz-feiert-sein-150-jaehriges-Bestehen_Organisator.jpg","keywords":["Aus-\/Weiterbildung","Berufsverb\u00e4nde","Jubil\u00e4um","Verb\u00e4nde"],"articleSection":["WEITERBILDUNG"],"inLanguage":"de"},{"@type":"WebPage","@id":"https:\/\/www.organisator.ch\/weiterbildung\/2023-01-04\/der-kaufmaennische-verband-schweiz-feiert-sein-150-jaehriges-bestehen\/","url":"https:\/\/www.organisator.ch\/weiterbildung\/2023-01-04\/der-kaufmaennische-verband-schweiz-feiert-sein-150-jaehriges-bestehen\/","name":"Der Kaufm\u00e4nnische Verband Schweiz feiert sein 150-j\u00e4hriges Bestehen - Organisator","isPartOf":{"@id":"https:\/\/www.organisator.ch\/#website"},"primaryImageOfPage":{"@id":"https:\/\/www.organisator.ch\/weiterbildung\/2023-01-04\/der-kaufmaennische-verband-schweiz-feiert-sein-150-jaehriges-bestehen\/#primaryimage"},"image":{"@id":"https:\/\/www.organisator.ch\/weiterbildung\/2023-01-04\/der-kaufmaennische-verband-schweiz-feiert-sein-150-jaehriges-bestehen\/#primaryimage"},"thumbnailUrl":"https:\/\/www.organisator.ch\/wp-content\/uploads\/2023\/01\/Der-Kaufmaennische-Verband-Schweiz-feiert-sein-150-jaehriges-Bestehen_Organisator.jpg","datePublished":"2023-01-04T06:47:25+00:00","description":"Der Kaufm\u00e4nnische Verband Schweiz feiert 2023 sein 150-j\u00e4hriges Bestehen und blickt dabei auf eine erfolgreiche und bewegte Geschichte zur\u00fcck.","breadcrumb":{"@id":"https:\/\/www.organisator.ch\/weiterbildung\/2023-01-04\/der-kaufmaennische-verband-schweiz-feiert-sein-150-jaehriges-bestehen\/#breadcrumb"},"inLanguage":"de","potentialAction":[{"@type":"ReadAction","target":["https:\/\/www.organisator.ch\/weiterbildung\/2023-01-04\/der-kaufmaennische-verband-schweiz-feiert-sein-150-jaehriges-bestehen\/"]}]},{"@type":"ImageObject","inLanguage":"de","@id":"https:\/\/www.organisator.ch\/weiterbildung\/2023-01-04\/der-kaufmaennische-verband-schweiz-feiert-sein-150-jaehriges-bestehen\/#primaryimage","url":"https:\/\/www.organisator.ch\/wp-content\/uploads\/2023\/01\/Der-Kaufmaennische-Verband-Schweiz-feiert-sein-150-jaehriges-Bestehen_Organisator.jpg","contentUrl":"https:\/\/www.organisator.ch\/wp-content\/uploads\/2023\/01\/Der-Kaufmaennische-Verband-Schweiz-feiert-sein-150-jaehriges-Bestehen_Organisator.jpg","width":680,"height":454,"caption":"Seit 150 Jahren repr\u00e4sentiert der Kaufm\u00e4nnische Verband Schweiz Bildung und Beruf im kaufm\u00e4nnisch-betriebswirtschaftlichen Umfeld. (Bild: Kaufm\u00e4nnischer Verband Schweiz\/Merlin Photography Ltd.)"},{"@type":"BreadcrumbList","@id":"https:\/\/www.organisator.ch\/weiterbildung\/2023-01-04\/der-kaufmaennische-verband-schweiz-feiert-sein-150-jaehriges-bestehen\/#breadcrumb","itemListElement":[{"@type":"ListItem","position":1,"name":"Home","item":"https:\/\/www.organisator.ch\/"},{"@type":"ListItem","position":2,"name":"Der Kaufm\u00e4nnische Verband Schweiz feiert sein 150-j\u00e4hriges Bestehen"}]},{"@type":"WebSite","@id":"https:\/\/www.organisator.ch\/#website","url":"https:\/\/www.organisator.ch\/","name":"Organisator","description":"Kompetent. Praxisnah. Der ORGANISATOR bereitet in 10 Ausgaben pro Jahr die wesentlichen Themen f\u00fcr F\u00fchrungskr\u00e4fte von KMU auf.","publisher":{"@id":"https:\/\/www.organisator.ch\/#organization"},"potentialAction":[{"@type":"SearchAction","target":{"@type":"EntryPoint","urlTemplate":"https:\/\/www.organisator.ch\/?s={search_term_string}"},"query-input":{"@type":"PropertyValueSpecification","valueRequired":true,"valueName":"search_term_string"}}],"inLanguage":"de"},{"@type":"Organization","@id":"https:\/\/www.organisator.ch\/#organization","name":"Organisator","url":"https:\/\/www.organisator.ch\/","logo":{"@type":"ImageObject","inLanguage":"de","@id":"https:\/\/www.organisator.ch\/#\/schema\/logo\/image\/","url":"https:\/\/www.organisator.ch\/wp-content\/uploads\/2022\/01\/Logo_Organisator_Website.png","contentUrl":"https:\/\/www.organisator.ch\/wp-content\/uploads\/2022\/01\/Logo_Organisator_Website.png","width":800,"height":77,"caption":"Organisator"},"image":{"@id":"https:\/\/www.organisator.ch\/#\/schema\/logo\/image\/"},"sameAs":["https:\/\/www.facebook.com\/OrganisatorFachmagazin","https:\/\/www.linkedin.com\/showcase\/organisator-das-magazin-fr-kmu","https:\/\/www.xing.com\/news\/pages\/organisator-ch-695","https:\/\/www.youtube.com\/channel\/UCGP2Sq0iWaZwT3BdIAQFYpw"]},{"@type":"Person","@id":"https:\/\/www.organisator.ch\/#\/schema\/person\/6f650f90b2842cd4c0cc334b4e36f67e","name":"thomas.berner","image":{"@type":"ImageObject","inLanguage":"de","@id":"https:\/\/secure.gravatar.com\/avatar\/ac5001d2a36cb6c6cd3e50789007ffca834b477b74a2144564522e944eabff61?s=96&d=mm&r=g","url":"https:\/\/secure.gravatar.com\/avatar\/ac5001d2a36cb6c6cd3e50789007ffca834b477b74a2144564522e944eabff61?s=96&d=mm&r=g","contentUrl":"https:\/\/secure.gravatar.com\/avatar\/ac5001d2a36cb6c6cd3e50789007ffca834b477b74a2144564522e944eabff61?s=96&d=mm&r=g","caption":"thomas.berner"},"url":"https:\/\/www.organisator.ch\/de\/author\/thomas-berner\/"}]}},"_links":{"self":[{"href":"https:\/\/www.organisator.ch\/de\/wp-json\/wp\/v2\/posts\/18387","targetHints":{"allow":["GET"]}}],"collection":[{"href":"https:\/\/www.organisator.ch\/de\/wp-json\/wp\/v2\/posts"}],"about":[{"href":"https:\/\/www.organisator.ch\/de\/wp-json\/wp\/v2\/types\/post"}],"author":[{"embeddable":true,"href":"https:\/\/www.organisator.ch\/de\/wp-json\/wp\/v2\/users\/4"}],"replies":[{"embeddable":true,"href":"https:\/\/www.organisator.ch\/de\/wp-json\/wp\/v2\/comments?post=18387"}],"version-history":[{"count":1,"href":"https:\/\/www.organisator.ch\/de\/wp-json\/wp\/v2\/posts\/18387\/revisions"}],"predecessor-version":[{"id":18389,"href":"https:\/\/www.organisator.ch\/de\/wp-json\/wp\/v2\/posts\/18387\/revisions\/18389"}],"wp:featuredmedia":[{"embeddable":true,"href":"https:\/\/www.organisator.ch\/de\/wp-json\/wp\/v2\/media\/18388"}],"wp:attachment":[{"href":"https:\/\/www.organisator.ch\/de\/wp-json\/wp\/v2\/media?parent=18387"}],"wp:term":[{"taxonomy":"category","embeddable":true,"href":"https:\/\/www.organisator.ch\/de\/wp-json\/wp\/v2\/categories?post=18387"},{"taxonomy":"post_tag","embeddable":true,"href":"https:\/\/www.organisator.ch\/de\/wp-json\/wp\/v2\/tags?post=18387"}],"curies":[{"name":"wp","href":"https:\/\/api.w.org\/{rel}","templated":true}]}}