{"id":18398,"date":"2023-01-04T14:25:34","date_gmt":"2023-01-04T13:25:34","guid":{"rendered":"https:\/\/www.organisator.ch\/?p=18398"},"modified":"2023-01-04T14:25:34","modified_gmt":"2023-01-04T13:25:34","slug":"neues-auto-center-fuer-kennys","status":"publish","type":"post","link":"https:\/\/www.organisator.ch\/de\/management\/2023-01-04\/neues-auto-center-fuer-kennys\/","title":{"rendered":"Neues Auto-Center f\u00fcr Kenny\u2019s"},"content":{"rendered":"<figure id=\"attachment_18399\" aria-describedby=\"caption-attachment-18399\" style=\"width: 680px\" class=\"wp-caption alignnone\"><img loading=\"lazy\" decoding=\"async\" class=\"size-full wp-image-18399\" src=\"https:\/\/www.organisator.ch\/wp-content\/uploads\/2023\/01\/Neues-Auto-Center-fuer-Kennys-1_Organisator.jpg\" alt=\"\" width=\"680\" height=\"510\" srcset=\"https:\/\/www.organisator.ch\/wp-content\/uploads\/2023\/01\/Neues-Auto-Center-fuer-Kennys-1_Organisator.jpg 680w, https:\/\/www.organisator.ch\/wp-content\/uploads\/2023\/01\/Neues-Auto-Center-fuer-Kennys-1_Organisator-16x12.jpg 16w, https:\/\/www.organisator.ch\/wp-content\/uploads\/2023\/01\/Neues-Auto-Center-fuer-Kennys-1_Organisator-375x281.jpg 375w, https:\/\/www.organisator.ch\/wp-content\/uploads\/2023\/01\/Neues-Auto-Center-fuer-Kennys-1_Organisator-467x350.jpg 467w\" sizes=\"auto, (max-width: 680px) 100vw, 680px\" \/><figcaption id=\"caption-attachment-18399\" class=\"wp-caption-text\">Zelebrieren &#8222;Kenny&#8217;s K\u00e4feli&#8220; wie eh und je: Marc (links) und Kenny Eichenberger in ihrem neuen Auto-Center. (Bild; Kenny&#8217;s)<\/figcaption><\/figure>\n<p>\u00abKenny\u2019s K\u00e4feli\u00bb ist inzwischen legend\u00e4r: Wer immer mit dem von Kenny Eichenberger gegr\u00fcndeten Auto-Center Kontakt hat, kommt um eine Tasse Kaffee nicht herum. Das Kundenerlebnis wird bei Kenny&#8217;s seit je her gross geschrieben &#8211; jetzt auch in neuer Umgebung. F\u00fcr das Mercedes-Benz-Center in Dietlikon wurde eine historische Fabrikhalle in eine Nutzfl\u00e4che von 6\u2019200 m<sup>2<\/sup> umgebaut: hochmodern und CO\u2082-neutral. So erm\u00f6glicht eine \u00fcber 2\u2019000 m<sup>2<\/sup> grosse Solaranlage mit 500 kW Spitzenleistung die Versorgung des Betriebs sowie das Laden von Elektrofahrzeugen. Zusammen mit Erdsonden deckt sie den betrieblichen Bedarf an Energie und W\u00e4rme ab. Die Anlage produziert in den Sommermonaten einen Energie\u00fcberschuss, der in Zukunft via 30 Ladestationen in Elektrofahrzeuge einspeist und gespeichert werden kann. Das erste Obergeschoss des Auto-Centers ist auf umfangreiche Arbeiten an alternativen Antrieben inklusive Hochvoltbatterien ausgerichtet und wird von den schweizweit besten Spezialisten auf diesem Gebiet betrieben. Eigens f\u00fcr die \u00dcbergabe der neuen Autos wurde ein aufregendes Spektakel konzipiert. Bei der Fahrzeugabholung dr\u00fcckt der Kunde den \u00abMagic Button\u00bb. Dem K\u00e4ufer oder der K\u00e4uferin wird mit einer spektakul\u00e4ren Lichtshow, mit selbst ausgew\u00e4hlter Musik begleitend feierlich das neue Fahrzeug \u00fcbergeben.<\/p>\n<h3><strong>Kooperation mit Z\u00fcrcher Gastronomen von La Stanza<\/strong><\/h3>\n<p>Das altbekannte \u00abKenny\u2019s K\u00e4feli\u00bb darf weiterhin bei keinem Beratungstermin fehlen. Bei der Planung und Umsetzung des Kaffee-Bereichs arbeitete Kenny\u2019s eng mit den bekannten Z\u00fcrcher Gastronomen La Stanza zusammen. Dem Kaffeegenuss wird ein eigens daf\u00fcr geschaffener Bereich gewidmet: so d\u00fcrfen Kundinnen und Kunden k\u00fcnftig im Kenny\u2019s Caf\u00e9 Platz nehmen und dort den hochwertigen Demeter-Kaffee aus S\u00fcdamerika geniessen.<\/p>\n<h3><strong>Eine Erfolgsstory, zwei Generationen<\/strong><\/h3>\n<p>Auto-Unternehmer Kenny Eichenberger erf\u00fcllte sich 1976 mit der Er\u00f6ffnung seines ersten Standortes f\u00fcr den Verkauf von Gebraucht- und importierten Neuwagen in Buchs (ZH) einen Jugendtraum \u2013 damals noch auf einem einfachen Kiesplatz. Mittlerweile ist Kenny\u2019s Auto-Center einer der f\u00fchrenden H\u00e4ndler f\u00fcr Mercedes-Benz und smart in der Schweiz und an vier Standorten vertreten. Seit 2016 ist der Sohn Marc Eichenberger CEO der Kenny\u2019s Gruppe und seit Juli 2022 Mehrheitsaktion\u00e4r.<\/p>\n<figure id=\"attachment_18400\" aria-describedby=\"caption-attachment-18400\" style=\"width: 680px\" class=\"wp-caption alignnone\"><img loading=\"lazy\" decoding=\"async\" class=\"size-full wp-image-18400\" src=\"https:\/\/www.organisator.ch\/wp-content\/uploads\/2023\/01\/Neues-Auto-Center-fuer-Kennys-2_Organisator.jpg\" alt=\"\" width=\"680\" height=\"454\" srcset=\"https:\/\/www.organisator.ch\/wp-content\/uploads\/2023\/01\/Neues-Auto-Center-fuer-Kennys-2_Organisator.jpg 680w, https:\/\/www.organisator.ch\/wp-content\/uploads\/2023\/01\/Neues-Auto-Center-fuer-Kennys-2_Organisator-18x12.jpg 18w, https:\/\/www.organisator.ch\/wp-content\/uploads\/2023\/01\/Neues-Auto-Center-fuer-Kennys-2_Organisator-375x250.jpg 375w, https:\/\/www.organisator.ch\/wp-content\/uploads\/2023\/01\/Neues-Auto-Center-fuer-Kennys-2_Organisator-524x350.jpg 524w\" sizes=\"auto, (max-width: 680px) 100vw, 680px\" \/><figcaption id=\"caption-attachment-18400\" class=\"wp-caption-text\">Das neue Auto-Center in Dietlikon. (Bild: Kenny&#8217;s)<\/figcaption><\/figure>\n<p>Am Wochenende vom 14. und 15. Januar 2023 wird das neue Auto-Center feierlich er\u00f6ffnet.<\/p>\n<p><em>Weitere Informationen: <a href=\"https:\/\/kennys.ch\/de\/\">www.kennys.ch<\/a><\/em><\/p>\n","protected":false},"excerpt":{"rendered":"<p>\u00abKenny\u2019s K\u00e4feli\u00bb ist inzwischen legend\u00e4r: Wer immer mit dem von Kenny Eichenberger gegr\u00fcndeten Auto-Center Kontakt hat, kommt um eine Tasse Kaffee nicht herum. Das Kundenerlebnis wird bei Kenny&#8217;s seit je her gross geschrieben &#8211; jetzt auch in neuer Umgebung. F\u00fcr das Mercedes-Benz-Center in Dietlikon wurde eine historische Fabrikhalle in eine Nutzfl\u00e4che von 6\u2019200 m2 umgebaut: [&hellip;]<\/p>\n","protected":false},"author":4,"featured_media":18399,"comment_status":"closed","ping_status":"closed","sticky":false,"template":"","format":"standard","meta":{"_acf_changed":false,"_yoast_wpseo_focuskw":"Auto-Center","_yoast_wpseo_metadesc":"\u00abKenny\u2019s K\u00e4feli\u00bb ist das Markenzeichen von Kenny\u2019s Auto-Center. Am 14. und 15. Januar 2023 wird eine frisch umgebaute Verkaufshalle er\u00f6ffnet.","articlekey":"","footnotes":""},"categories":[28],"tags":[339,354,492],"class_list":["post-18398","post","type-post","status-publish","format-standard","has-post-thumbnail","hentry","category-management","tag-marketing","tag-mobilitaet","tag-unternehmen"],"acf":[],"yoast_head":"<!-- This site is optimized with the Yoast SEO plugin v27.5 - https:\/\/yoast.com\/product\/yoast-seo-wordpress\/ -->\n<title>Neues Auto-Center f\u00fcr Kenny\u2019s - Organisator<\/title>\n<meta name=\"description\" content=\"\u00abKenny\u2019s K\u00e4feli\u00bb ist das Markenzeichen von Kenny\u2019s Auto-Center. Am 14. und 15. Januar 2023 wird eine frisch umgebaute Verkaufshalle er\u00f6ffnet.\" \/>\n<meta name=\"robots\" content=\"index, follow, max-snippet:-1, max-image-preview:large, max-video-preview:-1\" \/>\n<link rel=\"canonical\" href=\"https:\/\/www.organisator.ch\/de\/management\/2023-01-04\/neues-auto-center-fuer-kennys\/\" \/>\n<meta property=\"og:locale\" content=\"de_DE\" \/>\n<meta property=\"og:type\" content=\"article\" \/>\n<meta property=\"og:title\" content=\"Neues Auto-Center f\u00fcr Kenny\u2019s\" \/>\n<meta property=\"og:description\" content=\"\u00abKenny\u2019s K\u00e4feli\u00bb ist das Markenzeichen von Kenny\u2019s Auto-Center. Am 14. und 15. Januar 2023 wird eine frisch umgebaute Verkaufshalle er\u00f6ffnet.\" \/>\n<meta property=\"og:url\" content=\"https:\/\/www.organisator.ch\/de\/management\/2023-01-04\/neues-auto-center-fuer-kennys\/\" \/>\n<meta property=\"og:site_name\" content=\"Organisator\" \/>\n<meta property=\"article:publisher\" content=\"https:\/\/www.facebook.com\/OrganisatorFachmagazin\" \/>\n<meta property=\"article:published_time\" content=\"2023-01-04T13:25:34+00:00\" \/>\n<meta property=\"og:image\" content=\"https:\/\/www.organisator.ch\/wp-content\/uploads\/2023\/01\/Neues-Auto-Center-fuer-Kennys-1_Organisator.jpg\" \/>\n\t<meta property=\"og:image:width\" content=\"680\" \/>\n\t<meta property=\"og:image:height\" content=\"510\" \/>\n\t<meta property=\"og:image:type\" content=\"image\/jpeg\" \/>\n<meta name=\"author\" content=\"thomas.berner\" \/>\n<meta name=\"twitter:card\" content=\"summary_large_image\" \/>\n<meta name=\"twitter:title\" content=\"Neues #Auto-Center f\u00fcr #Kenny\u2019s\" \/>\n<meta name=\"twitter:description\" content=\"\u00abKenny\u2019s K\u00e4feli\u00bb ist das Markenzeichen von #Kenny\u2019s #Auto-Center. Am 14. und 15. Januar 2023 wird eine frisch umgebaute #Verkaufshalle er\u00f6ffnet.\" \/>\n<meta name=\"twitter:image\" content=\"https:\/\/www.organisator.ch\/wp-content\/uploads\/2023\/01\/Neues-Auto-Center-fuer-Kennys-1_Organisator.jpg\" \/>\n<script type=\"application\/ld+json\" class=\"yoast-schema-graph\">{\"@context\":\"https:\\\/\\\/schema.org\",\"@graph\":[{\"@type\":\"Article\",\"@id\":\"https:\\\/\\\/www.organisator.ch\\\/management\\\/2023-01-04\\\/neues-auto-center-fuer-kennys\\\/#article\",\"isPartOf\":{\"@id\":\"https:\\\/\\\/www.organisator.ch\\\/management\\\/2023-01-04\\\/neues-auto-center-fuer-kennys\\\/\"},\"author\":{\"name\":\"thomas.berner\",\"@id\":\"https:\\\/\\\/www.organisator.ch\\\/#\\\/schema\\\/person\\\/6f650f90b2842cd4c0cc334b4e36f67e\"},\"headline\":\"Neues Auto-Center f\u00fcr Kenny\u2019s\",\"datePublished\":\"2023-01-04T13:25:34+00:00\",\"mainEntityOfPage\":{\"@id\":\"https:\\\/\\\/www.organisator.ch\\\/management\\\/2023-01-04\\\/neues-auto-center-fuer-kennys\\\/\"},\"wordCount\":409,\"publisher\":{\"@id\":\"https:\\\/\\\/www.organisator.ch\\\/#organization\"},\"image\":{\"@id\":\"https:\\\/\\\/www.organisator.ch\\\/management\\\/2023-01-04\\\/neues-auto-center-fuer-kennys\\\/#primaryimage\"},\"thumbnailUrl\":\"https:\\\/\\\/www.organisator.ch\\\/wp-content\\\/uploads\\\/2023\\\/01\\\/Neues-Auto-Center-fuer-Kennys-1_Organisator.jpg\",\"keywords\":[\"Marketing\",\"Mobilit\u00e4t\",\"Unternehmen\"],\"articleSection\":[\"MANAGEMENT\"],\"inLanguage\":\"de\"},{\"@type\":\"WebPage\",\"@id\":\"https:\\\/\\\/www.organisator.ch\\\/management\\\/2023-01-04\\\/neues-auto-center-fuer-kennys\\\/\",\"url\":\"https:\\\/\\\/www.organisator.ch\\\/management\\\/2023-01-04\\\/neues-auto-center-fuer-kennys\\\/\",\"name\":\"Neues Auto-Center f\u00fcr Kenny\u2019s - Organisator\",\"isPartOf\":{\"@id\":\"https:\\\/\\\/www.organisator.ch\\\/#website\"},\"primaryImageOfPage\":{\"@id\":\"https:\\\/\\\/www.organisator.ch\\\/management\\\/2023-01-04\\\/neues-auto-center-fuer-kennys\\\/#primaryimage\"},\"image\":{\"@id\":\"https:\\\/\\\/www.organisator.ch\\\/management\\\/2023-01-04\\\/neues-auto-center-fuer-kennys\\\/#primaryimage\"},\"thumbnailUrl\":\"https:\\\/\\\/www.organisator.ch\\\/wp-content\\\/uploads\\\/2023\\\/01\\\/Neues-Auto-Center-fuer-Kennys-1_Organisator.jpg\",\"datePublished\":\"2023-01-04T13:25:34+00:00\",\"description\":\"\u00abKenny\u2019s K\u00e4feli\u00bb ist das Markenzeichen von Kenny\u2019s Auto-Center. Am 14. und 15. Januar 2023 wird eine frisch umgebaute Verkaufshalle er\u00f6ffnet.\",\"breadcrumb\":{\"@id\":\"https:\\\/\\\/www.organisator.ch\\\/management\\\/2023-01-04\\\/neues-auto-center-fuer-kennys\\\/#breadcrumb\"},\"inLanguage\":\"de\",\"potentialAction\":[{\"@type\":\"ReadAction\",\"target\":[\"https:\\\/\\\/www.organisator.ch\\\/management\\\/2023-01-04\\\/neues-auto-center-fuer-kennys\\\/\"]}]},{\"@type\":\"ImageObject\",\"inLanguage\":\"de\",\"@id\":\"https:\\\/\\\/www.organisator.ch\\\/management\\\/2023-01-04\\\/neues-auto-center-fuer-kennys\\\/#primaryimage\",\"url\":\"https:\\\/\\\/www.organisator.ch\\\/wp-content\\\/uploads\\\/2023\\\/01\\\/Neues-Auto-Center-fuer-Kennys-1_Organisator.jpg\",\"contentUrl\":\"https:\\\/\\\/www.organisator.ch\\\/wp-content\\\/uploads\\\/2023\\\/01\\\/Neues-Auto-Center-fuer-Kennys-1_Organisator.jpg\",\"width\":680,\"height\":510,\"caption\":\"Zelebrieren \\\"Kenny's K\u00e4feli\\\" wie eh und je: Marc (links) und Kenny Eichenberger in ihrem neuen Auto-Center. (Bild; Kenny's)\"},{\"@type\":\"BreadcrumbList\",\"@id\":\"https:\\\/\\\/www.organisator.ch\\\/management\\\/2023-01-04\\\/neues-auto-center-fuer-kennys\\\/#breadcrumb\",\"itemListElement\":[{\"@type\":\"ListItem\",\"position\":1,\"name\":\"Home\",\"item\":\"https:\\\/\\\/www.organisator.ch\\\/\"},{\"@type\":\"ListItem\",\"position\":2,\"name\":\"Neues Auto-Center f\u00fcr Kenny\u2019s\"}]},{\"@type\":\"WebSite\",\"@id\":\"https:\\\/\\\/www.organisator.ch\\\/#website\",\"url\":\"https:\\\/\\\/www.organisator.ch\\\/\",\"name\":\"Organisator\",\"description\":\"Kompetent. Praxisnah. Der ORGANISATOR bereitet in 10 Ausgaben pro Jahr die wesentlichen Themen f\u00fcr F\u00fchrungskr\u00e4fte von KMU auf.\",\"publisher\":{\"@id\":\"https:\\\/\\\/www.organisator.ch\\\/#organization\"},\"potentialAction\":[{\"@type\":\"SearchAction\",\"target\":{\"@type\":\"EntryPoint\",\"urlTemplate\":\"https:\\\/\\\/www.organisator.ch\\\/?s={search_term_string}\"},\"query-input\":{\"@type\":\"PropertyValueSpecification\",\"valueRequired\":true,\"valueName\":\"search_term_string\"}}],\"inLanguage\":\"de\"},{\"@type\":\"Organization\",\"@id\":\"https:\\\/\\\/www.organisator.ch\\\/#organization\",\"name\":\"Organisator\",\"url\":\"https:\\\/\\\/www.organisator.ch\\\/\",\"logo\":{\"@type\":\"ImageObject\",\"inLanguage\":\"de\",\"@id\":\"https:\\\/\\\/www.organisator.ch\\\/#\\\/schema\\\/logo\\\/image\\\/\",\"url\":\"https:\\\/\\\/www.organisator.ch\\\/wp-content\\\/uploads\\\/2022\\\/01\\\/Logo_Organisator_Website.png\",\"contentUrl\":\"https:\\\/\\\/www.organisator.ch\\\/wp-content\\\/uploads\\\/2022\\\/01\\\/Logo_Organisator_Website.png\",\"width\":800,\"height\":77,\"caption\":\"Organisator\"},\"image\":{\"@id\":\"https:\\\/\\\/www.organisator.ch\\\/#\\\/schema\\\/logo\\\/image\\\/\"},\"sameAs\":[\"https:\\\/\\\/www.facebook.com\\\/OrganisatorFachmagazin\",\"https:\\\/\\\/www.linkedin.com\\\/showcase\\\/organisator-das-magazin-fr-kmu\",\"https:\\\/\\\/www.xing.com\\\/news\\\/pages\\\/organisator-ch-695\",\"https:\\\/\\\/www.youtube.com\\\/channel\\\/UCGP2Sq0iWaZwT3BdIAQFYpw\"]},{\"@type\":\"Person\",\"@id\":\"https:\\\/\\\/www.organisator.ch\\\/#\\\/schema\\\/person\\\/6f650f90b2842cd4c0cc334b4e36f67e\",\"name\":\"thomas.berner\",\"image\":{\"@type\":\"ImageObject\",\"inLanguage\":\"de\",\"@id\":\"https:\\\/\\\/secure.gravatar.com\\\/avatar\\\/ac5001d2a36cb6c6cd3e50789007ffca834b477b74a2144564522e944eabff61?s=96&d=mm&r=g\",\"url\":\"https:\\\/\\\/secure.gravatar.com\\\/avatar\\\/ac5001d2a36cb6c6cd3e50789007ffca834b477b74a2144564522e944eabff61?s=96&d=mm&r=g\",\"contentUrl\":\"https:\\\/\\\/secure.gravatar.com\\\/avatar\\\/ac5001d2a36cb6c6cd3e50789007ffca834b477b74a2144564522e944eabff61?s=96&d=mm&r=g\",\"caption\":\"thomas.berner\"},\"url\":\"https:\\\/\\\/www.organisator.ch\\\/de\\\/author\\\/thomas-berner\\\/\"}]}<\/script>\n<!-- \/ Yoast SEO plugin. -->","yoast_head_json":{"title":"Neues Auto-Center f\u00fcr Kenny\u2019s - Organisator","description":"\u00abKenny\u2019s K\u00e4feli\u00bb ist das Markenzeichen von Kenny\u2019s Auto-Center. Am 14. und 15. Januar 2023 wird eine frisch umgebaute Verkaufshalle er\u00f6ffnet.","robots":{"index":"index","follow":"follow","max-snippet":"max-snippet:-1","max-image-preview":"max-image-preview:large","max-video-preview":"max-video-preview:-1"},"canonical":"https:\/\/www.organisator.ch\/de\/management\/2023-01-04\/neues-auto-center-fuer-kennys\/","og_locale":"de_DE","og_type":"article","og_title":"Neues Auto-Center f\u00fcr Kenny\u2019s","og_description":"\u00abKenny\u2019s K\u00e4feli\u00bb ist das Markenzeichen von Kenny\u2019s Auto-Center. Am 14. und 15. Januar 2023 wird eine frisch umgebaute Verkaufshalle er\u00f6ffnet.","og_url":"https:\/\/www.organisator.ch\/de\/management\/2023-01-04\/neues-auto-center-fuer-kennys\/","og_site_name":"Organisator","article_publisher":"https:\/\/www.facebook.com\/OrganisatorFachmagazin","article_published_time":"2023-01-04T13:25:34+00:00","og_image":[{"width":680,"height":510,"url":"https:\/\/www.organisator.ch\/wp-content\/uploads\/2023\/01\/Neues-Auto-Center-fuer-Kennys-1_Organisator.jpg","type":"image\/jpeg"}],"author":"thomas.berner","twitter_card":"summary_large_image","twitter_title":"Neues #Auto-Center f\u00fcr #Kenny\u2019s","twitter_description":"\u00abKenny\u2019s K\u00e4feli\u00bb ist das Markenzeichen von #Kenny\u2019s #Auto-Center. Am 14. und 15. Januar 2023 wird eine frisch umgebaute #Verkaufshalle er\u00f6ffnet.","twitter_image":"https:\/\/www.organisator.ch\/wp-content\/uploads\/2023\/01\/Neues-Auto-Center-fuer-Kennys-1_Organisator.jpg","schema":{"@context":"https:\/\/schema.org","@graph":[{"@type":"Article","@id":"https:\/\/www.organisator.ch\/management\/2023-01-04\/neues-auto-center-fuer-kennys\/#article","isPartOf":{"@id":"https:\/\/www.organisator.ch\/management\/2023-01-04\/neues-auto-center-fuer-kennys\/"},"author":{"name":"thomas.berner","@id":"https:\/\/www.organisator.ch\/#\/schema\/person\/6f650f90b2842cd4c0cc334b4e36f67e"},"headline":"Neues Auto-Center f\u00fcr Kenny\u2019s","datePublished":"2023-01-04T13:25:34+00:00","mainEntityOfPage":{"@id":"https:\/\/www.organisator.ch\/management\/2023-01-04\/neues-auto-center-fuer-kennys\/"},"wordCount":409,"publisher":{"@id":"https:\/\/www.organisator.ch\/#organization"},"image":{"@id":"https:\/\/www.organisator.ch\/management\/2023-01-04\/neues-auto-center-fuer-kennys\/#primaryimage"},"thumbnailUrl":"https:\/\/www.organisator.ch\/wp-content\/uploads\/2023\/01\/Neues-Auto-Center-fuer-Kennys-1_Organisator.jpg","keywords":["Marketing","Mobilit\u00e4t","Unternehmen"],"articleSection":["MANAGEMENT"],"inLanguage":"de"},{"@type":"WebPage","@id":"https:\/\/www.organisator.ch\/management\/2023-01-04\/neues-auto-center-fuer-kennys\/","url":"https:\/\/www.organisator.ch\/management\/2023-01-04\/neues-auto-center-fuer-kennys\/","name":"Neues Auto-Center f\u00fcr Kenny\u2019s - Organisator","isPartOf":{"@id":"https:\/\/www.organisator.ch\/#website"},"primaryImageOfPage":{"@id":"https:\/\/www.organisator.ch\/management\/2023-01-04\/neues-auto-center-fuer-kennys\/#primaryimage"},"image":{"@id":"https:\/\/www.organisator.ch\/management\/2023-01-04\/neues-auto-center-fuer-kennys\/#primaryimage"},"thumbnailUrl":"https:\/\/www.organisator.ch\/wp-content\/uploads\/2023\/01\/Neues-Auto-Center-fuer-Kennys-1_Organisator.jpg","datePublished":"2023-01-04T13:25:34+00:00","description":"\u00abKenny\u2019s K\u00e4feli\u00bb ist das Markenzeichen von Kenny\u2019s Auto-Center. Am 14. und 15. Januar 2023 wird eine frisch umgebaute Verkaufshalle er\u00f6ffnet.","breadcrumb":{"@id":"https:\/\/www.organisator.ch\/management\/2023-01-04\/neues-auto-center-fuer-kennys\/#breadcrumb"},"inLanguage":"de","potentialAction":[{"@type":"ReadAction","target":["https:\/\/www.organisator.ch\/management\/2023-01-04\/neues-auto-center-fuer-kennys\/"]}]},{"@type":"ImageObject","inLanguage":"de","@id":"https:\/\/www.organisator.ch\/management\/2023-01-04\/neues-auto-center-fuer-kennys\/#primaryimage","url":"https:\/\/www.organisator.ch\/wp-content\/uploads\/2023\/01\/Neues-Auto-Center-fuer-Kennys-1_Organisator.jpg","contentUrl":"https:\/\/www.organisator.ch\/wp-content\/uploads\/2023\/01\/Neues-Auto-Center-fuer-Kennys-1_Organisator.jpg","width":680,"height":510,"caption":"Zelebrieren \"Kenny's K\u00e4feli\" wie eh und je: Marc (links) und Kenny Eichenberger in ihrem neuen Auto-Center. (Bild; Kenny's)"},{"@type":"BreadcrumbList","@id":"https:\/\/www.organisator.ch\/management\/2023-01-04\/neues-auto-center-fuer-kennys\/#breadcrumb","itemListElement":[{"@type":"ListItem","position":1,"name":"Home","item":"https:\/\/www.organisator.ch\/"},{"@type":"ListItem","position":2,"name":"Neues Auto-Center f\u00fcr Kenny\u2019s"}]},{"@type":"WebSite","@id":"https:\/\/www.organisator.ch\/#website","url":"https:\/\/www.organisator.ch\/","name":"Organisator","description":"Kompetent. Praxisnah. Der ORGANISATOR bereitet in 10 Ausgaben pro Jahr die wesentlichen Themen f\u00fcr F\u00fchrungskr\u00e4fte von KMU auf.","publisher":{"@id":"https:\/\/www.organisator.ch\/#organization"},"potentialAction":[{"@type":"SearchAction","target":{"@type":"EntryPoint","urlTemplate":"https:\/\/www.organisator.ch\/?s={search_term_string}"},"query-input":{"@type":"PropertyValueSpecification","valueRequired":true,"valueName":"search_term_string"}}],"inLanguage":"de"},{"@type":"Organization","@id":"https:\/\/www.organisator.ch\/#organization","name":"Organisator","url":"https:\/\/www.organisator.ch\/","logo":{"@type":"ImageObject","inLanguage":"de","@id":"https:\/\/www.organisator.ch\/#\/schema\/logo\/image\/","url":"https:\/\/www.organisator.ch\/wp-content\/uploads\/2022\/01\/Logo_Organisator_Website.png","contentUrl":"https:\/\/www.organisator.ch\/wp-content\/uploads\/2022\/01\/Logo_Organisator_Website.png","width":800,"height":77,"caption":"Organisator"},"image":{"@id":"https:\/\/www.organisator.ch\/#\/schema\/logo\/image\/"},"sameAs":["https:\/\/www.facebook.com\/OrganisatorFachmagazin","https:\/\/www.linkedin.com\/showcase\/organisator-das-magazin-fr-kmu","https:\/\/www.xing.com\/news\/pages\/organisator-ch-695","https:\/\/www.youtube.com\/channel\/UCGP2Sq0iWaZwT3BdIAQFYpw"]},{"@type":"Person","@id":"https:\/\/www.organisator.ch\/#\/schema\/person\/6f650f90b2842cd4c0cc334b4e36f67e","name":"thomas.berner","image":{"@type":"ImageObject","inLanguage":"de","@id":"https:\/\/secure.gravatar.com\/avatar\/ac5001d2a36cb6c6cd3e50789007ffca834b477b74a2144564522e944eabff61?s=96&d=mm&r=g","url":"https:\/\/secure.gravatar.com\/avatar\/ac5001d2a36cb6c6cd3e50789007ffca834b477b74a2144564522e944eabff61?s=96&d=mm&r=g","contentUrl":"https:\/\/secure.gravatar.com\/avatar\/ac5001d2a36cb6c6cd3e50789007ffca834b477b74a2144564522e944eabff61?s=96&d=mm&r=g","caption":"thomas.berner"},"url":"https:\/\/www.organisator.ch\/de\/author\/thomas-berner\/"}]}},"_links":{"self":[{"href":"https:\/\/www.organisator.ch\/de\/wp-json\/wp\/v2\/posts\/18398","targetHints":{"allow":["GET"]}}],"collection":[{"href":"https:\/\/www.organisator.ch\/de\/wp-json\/wp\/v2\/posts"}],"about":[{"href":"https:\/\/www.organisator.ch\/de\/wp-json\/wp\/v2\/types\/post"}],"author":[{"embeddable":true,"href":"https:\/\/www.organisator.ch\/de\/wp-json\/wp\/v2\/users\/4"}],"replies":[{"embeddable":true,"href":"https:\/\/www.organisator.ch\/de\/wp-json\/wp\/v2\/comments?post=18398"}],"version-history":[{"count":1,"href":"https:\/\/www.organisator.ch\/de\/wp-json\/wp\/v2\/posts\/18398\/revisions"}],"predecessor-version":[{"id":18401,"href":"https:\/\/www.organisator.ch\/de\/wp-json\/wp\/v2\/posts\/18398\/revisions\/18401"}],"wp:featuredmedia":[{"embeddable":true,"href":"https:\/\/www.organisator.ch\/de\/wp-json\/wp\/v2\/media\/18399"}],"wp:attachment":[{"href":"https:\/\/www.organisator.ch\/de\/wp-json\/wp\/v2\/media?parent=18398"}],"wp:term":[{"taxonomy":"category","embeddable":true,"href":"https:\/\/www.organisator.ch\/de\/wp-json\/wp\/v2\/categories?post=18398"},{"taxonomy":"post_tag","embeddable":true,"href":"https:\/\/www.organisator.ch\/de\/wp-json\/wp\/v2\/tags?post=18398"}],"curies":[{"name":"wp","href":"https:\/\/api.w.org\/{rel}","templated":true}]}}