{"id":18444,"date":"2023-01-10T11:44:47","date_gmt":"2023-01-10T10:44:47","guid":{"rendered":"https:\/\/www.organisator.ch\/?p=18444"},"modified":"2023-01-10T11:44:47","modified_gmt":"2023-01-10T10:44:47","slug":"apgsga-stellt-neuen-leiter-nachhaltigkeit-ein","status":"publish","type":"post","link":"https:\/\/www.organisator.ch\/de\/sustainability\/2023-01-10\/apgsga-stellt-neuen-leiter-nachhaltigkeit-ein\/","title":{"rendered":"APG|SGA stellt neuen Leiter Nachhaltigkeit ein"},"content":{"rendered":"<figure id=\"attachment_18445\" aria-describedby=\"caption-attachment-18445\" style=\"width: 680px\" class=\"wp-caption alignnone\"><img loading=\"lazy\" decoding=\"async\" class=\"size-full wp-image-18445\" src=\"https:\/\/www.organisator.ch\/wp-content\/uploads\/2023\/01\/APG-SGA-stellt-neuen-Leiter-Nachhaltigkeit-ein_Organisator.jpg\" alt=\"\" width=\"680\" height=\"465\" srcset=\"https:\/\/www.organisator.ch\/wp-content\/uploads\/2023\/01\/APG-SGA-stellt-neuen-Leiter-Nachhaltigkeit-ein_Organisator.jpg 680w, https:\/\/www.organisator.ch\/wp-content\/uploads\/2023\/01\/APG-SGA-stellt-neuen-Leiter-Nachhaltigkeit-ein_Organisator-18x12.jpg 18w, https:\/\/www.organisator.ch\/wp-content\/uploads\/2023\/01\/APG-SGA-stellt-neuen-Leiter-Nachhaltigkeit-ein_Organisator-375x256.jpg 375w, https:\/\/www.organisator.ch\/wp-content\/uploads\/2023\/01\/APG-SGA-stellt-neuen-Leiter-Nachhaltigkeit-ein_Organisator-512x350.jpg 512w\" sizes=\"auto, (max-width: 680px) 100vw, 680px\" \/><figcaption id=\"caption-attachment-18445\" class=\"wp-caption-text\">Andres Trautmann, neuer Leiter Nachhaltigkeit bei APG|SGA. (Bild: zVg)<\/figcaption><\/figure>\n<p>Andres Trautmann trat seine Stelle als Leiter Nachhaltigkeit im November 2022 an und wird sich bei der APG|SGA intensiv mit Emissionsreduktionen entlang der Wertsch\u00f6pfungskette und der Weiterentwicklung von klimaneutralen Produkten sowie weiteren CSR-Themen besch\u00e4ftigen. Er rapportiert direkt an die Unternehmensleitung, wobei die Position im Unternehmensbereich Finance &amp; International von CFO Beat Hermann angesiedelt ist. Dieser sagt: \u00abDie APG|SGA verfolgt mit ihrem Bekenntnis zum Netto-Null-Ziel eine ambitionierte Senkung des CO2-Ausstosses und treibt gleichzeitig den Ausbau von nachhaltigen Angeboten und Innovationen beharrlich voran. Ich freue mich, dass wir mit Andres Trautmann einen erfahrenen Fachmann gewinnen konnten, der das Wissen und die n\u00f6tige Erfahrung mitbringt, um die freiwillig hohen Standards der APG|SGA im Bereich Nachhaltigkeit zu Gunsten der Umwelt und der Gesellschaft zukunftsgerichtet weiterzuentwickeln.\u00bb<\/p>\n<p>Andres Trautmann (40) hat einen Mastertitel in International Relations sowie weiterf\u00fchrende Ausbildung in Sportmanagement und Corporate Responsibility absolviert. Er war rund zehn Jahre in verschiedenen Rollen in den Bereichen Nachhaltigkeit und Ethik bei Swiss Olympic t\u00e4tig. Ausserdem hatte er beratende Funktionen f\u00fcr Good Governance und Compliance inne. Seine Expertise wird bei der APG|SGA wichtige Impulse liefern, um den steigenden Herausforderungen im Bereich Nachhaltigkeit im Einklang mit internationalen Entwicklungen zu begegnen sowie aussagekr\u00e4ftige Transparenz \u00fcber die Kennzahlen zu schaffen.<\/p>\n<p><em>Quelle: <a href=\"http:\/\/www.apgsga.ch\">www.apgsga.ch<\/a><\/em><\/p>\n","protected":false},"excerpt":{"rendered":"<p>Andres Trautmann trat seine Stelle als Leiter Nachhaltigkeit im November 2022 an und wird sich bei der APG|SGA intensiv mit Emissionsreduktionen entlang der Wertsch\u00f6pfungskette und der Weiterentwicklung von klimaneutralen Produkten sowie weiteren CSR-Themen besch\u00e4ftigen. Er rapportiert direkt an die Unternehmensleitung, wobei die Position im Unternehmensbereich Finance &amp; International von CFO Beat Hermann angesiedelt ist. Dieser [&hellip;]<\/p>\n","protected":false},"author":4,"featured_media":18445,"comment_status":"closed","ping_status":"closed","sticky":false,"template":"","format":"standard","meta":{"_acf_changed":false,"_yoast_wpseo_focuskw":"Leiter Nachhaltigkeit","_yoast_wpseo_metadesc":"Die APG|SGA r\u00fcckt unternehmerische Verantwortung noch st\u00e4rker in den Fokus und hat Andres Trautmann als Leiter Nachhaltigkeit eingestellt.","articlekey":"","footnotes":""},"categories":[580],"tags":[335,358,381],"class_list":["post-18444","post","type-post","status-publish","format-standard","has-post-thumbnail","hentry","category-sustainability","tag-management-und-unternehmensfuehrung","tag-nachhaltige-wirtschaft","tag-personalia"],"acf":[],"yoast_head":"<!-- This site is optimized with the Yoast SEO plugin v27.5 - https:\/\/yoast.com\/product\/yoast-seo-wordpress\/ -->\n<title>APG|SGA stellt neuen Leiter Nachhaltigkeit ein - Organisator<\/title>\n<meta name=\"description\" content=\"Die APG|SGA r\u00fcckt unternehmerische Verantwortung noch st\u00e4rker in den Fokus und hat Andres Trautmann als Leiter Nachhaltigkeit eingestellt.\" \/>\n<meta name=\"robots\" content=\"index, follow, max-snippet:-1, max-image-preview:large, max-video-preview:-1\" \/>\n<link rel=\"canonical\" href=\"https:\/\/www.organisator.ch\/de\/sustainability\/2023-01-10\/apgsga-stellt-neuen-leiter-nachhaltigkeit-ein\/\" \/>\n<meta property=\"og:locale\" content=\"de_DE\" \/>\n<meta property=\"og:type\" content=\"article\" \/>\n<meta property=\"og:title\" content=\"APG|SGA stellt neuen Leiter Nachhaltigkeit ein\" \/>\n<meta property=\"og:description\" content=\"Die APG|SGA r\u00fcckt unternehmerische Verantwortung noch st\u00e4rker in den Fokus und hat Andres Trautmann als Leiter Nachhaltigkeit eingestellt.\" \/>\n<meta property=\"og:url\" content=\"https:\/\/www.organisator.ch\/de\/sustainability\/2023-01-10\/apgsga-stellt-neuen-leiter-nachhaltigkeit-ein\/\" \/>\n<meta property=\"og:site_name\" content=\"Organisator\" \/>\n<meta property=\"article:publisher\" content=\"https:\/\/www.facebook.com\/OrganisatorFachmagazin\" \/>\n<meta property=\"article:published_time\" content=\"2023-01-10T10:44:47+00:00\" \/>\n<meta property=\"og:image\" content=\"https:\/\/www.organisator.ch\/wp-content\/uploads\/2023\/01\/APG-SGA-stellt-neuen-Leiter-Nachhaltigkeit-ein_Organisator.jpg\" \/>\n\t<meta property=\"og:image:width\" content=\"680\" \/>\n\t<meta property=\"og:image:height\" content=\"465\" \/>\n\t<meta property=\"og:image:type\" content=\"image\/jpeg\" \/>\n<meta name=\"author\" content=\"thomas.berner\" \/>\n<meta name=\"twitter:card\" content=\"summary_large_image\" \/>\n<meta name=\"twitter:title\" content=\"#APG|SGA stellt neuen Leiter #Nachhaltigkeit ein\" \/>\n<meta name=\"twitter:description\" content=\"Die #APG|SGA r\u00fcckt unternehmerische #Verantwortung noch st\u00e4rker in den Fokus und hat Andres #Trautmann als Leiter #Nachhaltigkeit eingestellt.\" \/>\n<meta name=\"twitter:image\" content=\"https:\/\/www.organisator.ch\/wp-content\/uploads\/2023\/01\/APG-SGA-stellt-neuen-Leiter-Nachhaltigkeit-ein_Organisator.jpg\" \/>\n<script type=\"application\/ld+json\" class=\"yoast-schema-graph\">{\"@context\":\"https:\\\/\\\/schema.org\",\"@graph\":[{\"@type\":\"Article\",\"@id\":\"https:\\\/\\\/www.organisator.ch\\\/sustainability\\\/2023-01-10\\\/apgsga-stellt-neuen-leiter-nachhaltigkeit-ein\\\/#article\",\"isPartOf\":{\"@id\":\"https:\\\/\\\/www.organisator.ch\\\/sustainability\\\/2023-01-10\\\/apgsga-stellt-neuen-leiter-nachhaltigkeit-ein\\\/\"},\"author\":{\"name\":\"thomas.berner\",\"@id\":\"https:\\\/\\\/www.organisator.ch\\\/#\\\/schema\\\/person\\\/6f650f90b2842cd4c0cc334b4e36f67e\"},\"headline\":\"APG|SGA stellt neuen Leiter Nachhaltigkeit ein\",\"datePublished\":\"2023-01-10T10:44:47+00:00\",\"mainEntityOfPage\":{\"@id\":\"https:\\\/\\\/www.organisator.ch\\\/sustainability\\\/2023-01-10\\\/apgsga-stellt-neuen-leiter-nachhaltigkeit-ein\\\/\"},\"wordCount\":237,\"publisher\":{\"@id\":\"https:\\\/\\\/www.organisator.ch\\\/#organization\"},\"image\":{\"@id\":\"https:\\\/\\\/www.organisator.ch\\\/sustainability\\\/2023-01-10\\\/apgsga-stellt-neuen-leiter-nachhaltigkeit-ein\\\/#primaryimage\"},\"thumbnailUrl\":\"https:\\\/\\\/www.organisator.ch\\\/wp-content\\\/uploads\\\/2023\\\/01\\\/APG-SGA-stellt-neuen-Leiter-Nachhaltigkeit-ein_Organisator.jpg\",\"keywords\":[\"Management und Unternehmensf\u00fchrung\",\"Nachhaltige Wirtschaft\",\"Personalia\"],\"articleSection\":[\"SUSTAINABILITY\"],\"inLanguage\":\"de\"},{\"@type\":\"WebPage\",\"@id\":\"https:\\\/\\\/www.organisator.ch\\\/sustainability\\\/2023-01-10\\\/apgsga-stellt-neuen-leiter-nachhaltigkeit-ein\\\/\",\"url\":\"https:\\\/\\\/www.organisator.ch\\\/sustainability\\\/2023-01-10\\\/apgsga-stellt-neuen-leiter-nachhaltigkeit-ein\\\/\",\"name\":\"APG|SGA stellt neuen Leiter Nachhaltigkeit ein - Organisator\",\"isPartOf\":{\"@id\":\"https:\\\/\\\/www.organisator.ch\\\/#website\"},\"primaryImageOfPage\":{\"@id\":\"https:\\\/\\\/www.organisator.ch\\\/sustainability\\\/2023-01-10\\\/apgsga-stellt-neuen-leiter-nachhaltigkeit-ein\\\/#primaryimage\"},\"image\":{\"@id\":\"https:\\\/\\\/www.organisator.ch\\\/sustainability\\\/2023-01-10\\\/apgsga-stellt-neuen-leiter-nachhaltigkeit-ein\\\/#primaryimage\"},\"thumbnailUrl\":\"https:\\\/\\\/www.organisator.ch\\\/wp-content\\\/uploads\\\/2023\\\/01\\\/APG-SGA-stellt-neuen-Leiter-Nachhaltigkeit-ein_Organisator.jpg\",\"datePublished\":\"2023-01-10T10:44:47+00:00\",\"description\":\"Die APG|SGA r\u00fcckt unternehmerische Verantwortung noch st\u00e4rker in den Fokus und hat Andres Trautmann als Leiter Nachhaltigkeit eingestellt.\",\"breadcrumb\":{\"@id\":\"https:\\\/\\\/www.organisator.ch\\\/sustainability\\\/2023-01-10\\\/apgsga-stellt-neuen-leiter-nachhaltigkeit-ein\\\/#breadcrumb\"},\"inLanguage\":\"de\",\"potentialAction\":[{\"@type\":\"ReadAction\",\"target\":[\"https:\\\/\\\/www.organisator.ch\\\/sustainability\\\/2023-01-10\\\/apgsga-stellt-neuen-leiter-nachhaltigkeit-ein\\\/\"]}]},{\"@type\":\"ImageObject\",\"inLanguage\":\"de\",\"@id\":\"https:\\\/\\\/www.organisator.ch\\\/sustainability\\\/2023-01-10\\\/apgsga-stellt-neuen-leiter-nachhaltigkeit-ein\\\/#primaryimage\",\"url\":\"https:\\\/\\\/www.organisator.ch\\\/wp-content\\\/uploads\\\/2023\\\/01\\\/APG-SGA-stellt-neuen-Leiter-Nachhaltigkeit-ein_Organisator.jpg\",\"contentUrl\":\"https:\\\/\\\/www.organisator.ch\\\/wp-content\\\/uploads\\\/2023\\\/01\\\/APG-SGA-stellt-neuen-Leiter-Nachhaltigkeit-ein_Organisator.jpg\",\"width\":680,\"height\":465,\"caption\":\"Andres Trautmann, neuer Leiter Nachhaltigkeit bei APG|SGA. (Bild: zVg)\"},{\"@type\":\"BreadcrumbList\",\"@id\":\"https:\\\/\\\/www.organisator.ch\\\/sustainability\\\/2023-01-10\\\/apgsga-stellt-neuen-leiter-nachhaltigkeit-ein\\\/#breadcrumb\",\"itemListElement\":[{\"@type\":\"ListItem\",\"position\":1,\"name\":\"Home\",\"item\":\"https:\\\/\\\/www.organisator.ch\\\/\"},{\"@type\":\"ListItem\",\"position\":2,\"name\":\"APG|SGA stellt neuen Leiter Nachhaltigkeit ein\"}]},{\"@type\":\"WebSite\",\"@id\":\"https:\\\/\\\/www.organisator.ch\\\/#website\",\"url\":\"https:\\\/\\\/www.organisator.ch\\\/\",\"name\":\"Organisator\",\"description\":\"Kompetent. Praxisnah. Der ORGANISATOR bereitet in 10 Ausgaben pro Jahr die wesentlichen Themen f\u00fcr F\u00fchrungskr\u00e4fte von KMU auf.\",\"publisher\":{\"@id\":\"https:\\\/\\\/www.organisator.ch\\\/#organization\"},\"potentialAction\":[{\"@type\":\"SearchAction\",\"target\":{\"@type\":\"EntryPoint\",\"urlTemplate\":\"https:\\\/\\\/www.organisator.ch\\\/?s={search_term_string}\"},\"query-input\":{\"@type\":\"PropertyValueSpecification\",\"valueRequired\":true,\"valueName\":\"search_term_string\"}}],\"inLanguage\":\"de\"},{\"@type\":\"Organization\",\"@id\":\"https:\\\/\\\/www.organisator.ch\\\/#organization\",\"name\":\"Organisator\",\"url\":\"https:\\\/\\\/www.organisator.ch\\\/\",\"logo\":{\"@type\":\"ImageObject\",\"inLanguage\":\"de\",\"@id\":\"https:\\\/\\\/www.organisator.ch\\\/#\\\/schema\\\/logo\\\/image\\\/\",\"url\":\"https:\\\/\\\/www.organisator.ch\\\/wp-content\\\/uploads\\\/2022\\\/01\\\/Logo_Organisator_Website.png\",\"contentUrl\":\"https:\\\/\\\/www.organisator.ch\\\/wp-content\\\/uploads\\\/2022\\\/01\\\/Logo_Organisator_Website.png\",\"width\":800,\"height\":77,\"caption\":\"Organisator\"},\"image\":{\"@id\":\"https:\\\/\\\/www.organisator.ch\\\/#\\\/schema\\\/logo\\\/image\\\/\"},\"sameAs\":[\"https:\\\/\\\/www.facebook.com\\\/OrganisatorFachmagazin\",\"https:\\\/\\\/www.linkedin.com\\\/showcase\\\/organisator-das-magazin-fr-kmu\",\"https:\\\/\\\/www.xing.com\\\/news\\\/pages\\\/organisator-ch-695\",\"https:\\\/\\\/www.youtube.com\\\/channel\\\/UCGP2Sq0iWaZwT3BdIAQFYpw\"]},{\"@type\":\"Person\",\"@id\":\"https:\\\/\\\/www.organisator.ch\\\/#\\\/schema\\\/person\\\/6f650f90b2842cd4c0cc334b4e36f67e\",\"name\":\"thomas.berner\",\"image\":{\"@type\":\"ImageObject\",\"inLanguage\":\"de\",\"@id\":\"https:\\\/\\\/secure.gravatar.com\\\/avatar\\\/ac5001d2a36cb6c6cd3e50789007ffca834b477b74a2144564522e944eabff61?s=96&d=mm&r=g\",\"url\":\"https:\\\/\\\/secure.gravatar.com\\\/avatar\\\/ac5001d2a36cb6c6cd3e50789007ffca834b477b74a2144564522e944eabff61?s=96&d=mm&r=g\",\"contentUrl\":\"https:\\\/\\\/secure.gravatar.com\\\/avatar\\\/ac5001d2a36cb6c6cd3e50789007ffca834b477b74a2144564522e944eabff61?s=96&d=mm&r=g\",\"caption\":\"thomas.berner\"},\"url\":\"https:\\\/\\\/www.organisator.ch\\\/de\\\/author\\\/thomas-berner\\\/\"}]}<\/script>\n<!-- \/ Yoast SEO plugin. -->","yoast_head_json":{"title":"APG|SGA stellt neuen Leiter Nachhaltigkeit ein - Organisator","description":"Die APG|SGA r\u00fcckt unternehmerische Verantwortung noch st\u00e4rker in den Fokus und hat Andres Trautmann als Leiter Nachhaltigkeit eingestellt.","robots":{"index":"index","follow":"follow","max-snippet":"max-snippet:-1","max-image-preview":"max-image-preview:large","max-video-preview":"max-video-preview:-1"},"canonical":"https:\/\/www.organisator.ch\/de\/sustainability\/2023-01-10\/apgsga-stellt-neuen-leiter-nachhaltigkeit-ein\/","og_locale":"de_DE","og_type":"article","og_title":"APG|SGA stellt neuen Leiter Nachhaltigkeit ein","og_description":"Die APG|SGA r\u00fcckt unternehmerische Verantwortung noch st\u00e4rker in den Fokus und hat Andres Trautmann als Leiter Nachhaltigkeit eingestellt.","og_url":"https:\/\/www.organisator.ch\/de\/sustainability\/2023-01-10\/apgsga-stellt-neuen-leiter-nachhaltigkeit-ein\/","og_site_name":"Organisator","article_publisher":"https:\/\/www.facebook.com\/OrganisatorFachmagazin","article_published_time":"2023-01-10T10:44:47+00:00","og_image":[{"width":680,"height":465,"url":"https:\/\/www.organisator.ch\/wp-content\/uploads\/2023\/01\/APG-SGA-stellt-neuen-Leiter-Nachhaltigkeit-ein_Organisator.jpg","type":"image\/jpeg"}],"author":"thomas.berner","twitter_card":"summary_large_image","twitter_title":"#APG|SGA stellt neuen Leiter #Nachhaltigkeit ein","twitter_description":"Die #APG|SGA r\u00fcckt unternehmerische #Verantwortung noch st\u00e4rker in den Fokus und hat Andres #Trautmann als Leiter #Nachhaltigkeit eingestellt.","twitter_image":"https:\/\/www.organisator.ch\/wp-content\/uploads\/2023\/01\/APG-SGA-stellt-neuen-Leiter-Nachhaltigkeit-ein_Organisator.jpg","schema":{"@context":"https:\/\/schema.org","@graph":[{"@type":"Article","@id":"https:\/\/www.organisator.ch\/sustainability\/2023-01-10\/apgsga-stellt-neuen-leiter-nachhaltigkeit-ein\/#article","isPartOf":{"@id":"https:\/\/www.organisator.ch\/sustainability\/2023-01-10\/apgsga-stellt-neuen-leiter-nachhaltigkeit-ein\/"},"author":{"name":"thomas.berner","@id":"https:\/\/www.organisator.ch\/#\/schema\/person\/6f650f90b2842cd4c0cc334b4e36f67e"},"headline":"APG|SGA stellt neuen Leiter Nachhaltigkeit ein","datePublished":"2023-01-10T10:44:47+00:00","mainEntityOfPage":{"@id":"https:\/\/www.organisator.ch\/sustainability\/2023-01-10\/apgsga-stellt-neuen-leiter-nachhaltigkeit-ein\/"},"wordCount":237,"publisher":{"@id":"https:\/\/www.organisator.ch\/#organization"},"image":{"@id":"https:\/\/www.organisator.ch\/sustainability\/2023-01-10\/apgsga-stellt-neuen-leiter-nachhaltigkeit-ein\/#primaryimage"},"thumbnailUrl":"https:\/\/www.organisator.ch\/wp-content\/uploads\/2023\/01\/APG-SGA-stellt-neuen-Leiter-Nachhaltigkeit-ein_Organisator.jpg","keywords":["Management und Unternehmensf\u00fchrung","Nachhaltige Wirtschaft","Personalia"],"articleSection":["SUSTAINABILITY"],"inLanguage":"de"},{"@type":"WebPage","@id":"https:\/\/www.organisator.ch\/sustainability\/2023-01-10\/apgsga-stellt-neuen-leiter-nachhaltigkeit-ein\/","url":"https:\/\/www.organisator.ch\/sustainability\/2023-01-10\/apgsga-stellt-neuen-leiter-nachhaltigkeit-ein\/","name":"APG|SGA stellt neuen Leiter Nachhaltigkeit ein - Organisator","isPartOf":{"@id":"https:\/\/www.organisator.ch\/#website"},"primaryImageOfPage":{"@id":"https:\/\/www.organisator.ch\/sustainability\/2023-01-10\/apgsga-stellt-neuen-leiter-nachhaltigkeit-ein\/#primaryimage"},"image":{"@id":"https:\/\/www.organisator.ch\/sustainability\/2023-01-10\/apgsga-stellt-neuen-leiter-nachhaltigkeit-ein\/#primaryimage"},"thumbnailUrl":"https:\/\/www.organisator.ch\/wp-content\/uploads\/2023\/01\/APG-SGA-stellt-neuen-Leiter-Nachhaltigkeit-ein_Organisator.jpg","datePublished":"2023-01-10T10:44:47+00:00","description":"Die APG|SGA r\u00fcckt unternehmerische Verantwortung noch st\u00e4rker in den Fokus und hat Andres Trautmann als Leiter Nachhaltigkeit eingestellt.","breadcrumb":{"@id":"https:\/\/www.organisator.ch\/sustainability\/2023-01-10\/apgsga-stellt-neuen-leiter-nachhaltigkeit-ein\/#breadcrumb"},"inLanguage":"de","potentialAction":[{"@type":"ReadAction","target":["https:\/\/www.organisator.ch\/sustainability\/2023-01-10\/apgsga-stellt-neuen-leiter-nachhaltigkeit-ein\/"]}]},{"@type":"ImageObject","inLanguage":"de","@id":"https:\/\/www.organisator.ch\/sustainability\/2023-01-10\/apgsga-stellt-neuen-leiter-nachhaltigkeit-ein\/#primaryimage","url":"https:\/\/www.organisator.ch\/wp-content\/uploads\/2023\/01\/APG-SGA-stellt-neuen-Leiter-Nachhaltigkeit-ein_Organisator.jpg","contentUrl":"https:\/\/www.organisator.ch\/wp-content\/uploads\/2023\/01\/APG-SGA-stellt-neuen-Leiter-Nachhaltigkeit-ein_Organisator.jpg","width":680,"height":465,"caption":"Andres Trautmann, neuer Leiter Nachhaltigkeit bei APG|SGA. (Bild: zVg)"},{"@type":"BreadcrumbList","@id":"https:\/\/www.organisator.ch\/sustainability\/2023-01-10\/apgsga-stellt-neuen-leiter-nachhaltigkeit-ein\/#breadcrumb","itemListElement":[{"@type":"ListItem","position":1,"name":"Home","item":"https:\/\/www.organisator.ch\/"},{"@type":"ListItem","position":2,"name":"APG|SGA stellt neuen Leiter Nachhaltigkeit ein"}]},{"@type":"WebSite","@id":"https:\/\/www.organisator.ch\/#website","url":"https:\/\/www.organisator.ch\/","name":"Organisator","description":"Kompetent. Praxisnah. Der ORGANISATOR bereitet in 10 Ausgaben pro Jahr die wesentlichen Themen f\u00fcr F\u00fchrungskr\u00e4fte von KMU auf.","publisher":{"@id":"https:\/\/www.organisator.ch\/#organization"},"potentialAction":[{"@type":"SearchAction","target":{"@type":"EntryPoint","urlTemplate":"https:\/\/www.organisator.ch\/?s={search_term_string}"},"query-input":{"@type":"PropertyValueSpecification","valueRequired":true,"valueName":"search_term_string"}}],"inLanguage":"de"},{"@type":"Organization","@id":"https:\/\/www.organisator.ch\/#organization","name":"Organisator","url":"https:\/\/www.organisator.ch\/","logo":{"@type":"ImageObject","inLanguage":"de","@id":"https:\/\/www.organisator.ch\/#\/schema\/logo\/image\/","url":"https:\/\/www.organisator.ch\/wp-content\/uploads\/2022\/01\/Logo_Organisator_Website.png","contentUrl":"https:\/\/www.organisator.ch\/wp-content\/uploads\/2022\/01\/Logo_Organisator_Website.png","width":800,"height":77,"caption":"Organisator"},"image":{"@id":"https:\/\/www.organisator.ch\/#\/schema\/logo\/image\/"},"sameAs":["https:\/\/www.facebook.com\/OrganisatorFachmagazin","https:\/\/www.linkedin.com\/showcase\/organisator-das-magazin-fr-kmu","https:\/\/www.xing.com\/news\/pages\/organisator-ch-695","https:\/\/www.youtube.com\/channel\/UCGP2Sq0iWaZwT3BdIAQFYpw"]},{"@type":"Person","@id":"https:\/\/www.organisator.ch\/#\/schema\/person\/6f650f90b2842cd4c0cc334b4e36f67e","name":"thomas.berner","image":{"@type":"ImageObject","inLanguage":"de","@id":"https:\/\/secure.gravatar.com\/avatar\/ac5001d2a36cb6c6cd3e50789007ffca834b477b74a2144564522e944eabff61?s=96&d=mm&r=g","url":"https:\/\/secure.gravatar.com\/avatar\/ac5001d2a36cb6c6cd3e50789007ffca834b477b74a2144564522e944eabff61?s=96&d=mm&r=g","contentUrl":"https:\/\/secure.gravatar.com\/avatar\/ac5001d2a36cb6c6cd3e50789007ffca834b477b74a2144564522e944eabff61?s=96&d=mm&r=g","caption":"thomas.berner"},"url":"https:\/\/www.organisator.ch\/de\/author\/thomas-berner\/"}]}},"_links":{"self":[{"href":"https:\/\/www.organisator.ch\/de\/wp-json\/wp\/v2\/posts\/18444","targetHints":{"allow":["GET"]}}],"collection":[{"href":"https:\/\/www.organisator.ch\/de\/wp-json\/wp\/v2\/posts"}],"about":[{"href":"https:\/\/www.organisator.ch\/de\/wp-json\/wp\/v2\/types\/post"}],"author":[{"embeddable":true,"href":"https:\/\/www.organisator.ch\/de\/wp-json\/wp\/v2\/users\/4"}],"replies":[{"embeddable":true,"href":"https:\/\/www.organisator.ch\/de\/wp-json\/wp\/v2\/comments?post=18444"}],"version-history":[{"count":4,"href":"https:\/\/www.organisator.ch\/de\/wp-json\/wp\/v2\/posts\/18444\/revisions"}],"predecessor-version":[{"id":18503,"href":"https:\/\/www.organisator.ch\/de\/wp-json\/wp\/v2\/posts\/18444\/revisions\/18503"}],"wp:featuredmedia":[{"embeddable":true,"href":"https:\/\/www.organisator.ch\/de\/wp-json\/wp\/v2\/media\/18445"}],"wp:attachment":[{"href":"https:\/\/www.organisator.ch\/de\/wp-json\/wp\/v2\/media?parent=18444"}],"wp:term":[{"taxonomy":"category","embeddable":true,"href":"https:\/\/www.organisator.ch\/de\/wp-json\/wp\/v2\/categories?post=18444"},{"taxonomy":"post_tag","embeddable":true,"href":"https:\/\/www.organisator.ch\/de\/wp-json\/wp\/v2\/tags?post=18444"}],"curies":[{"name":"wp","href":"https:\/\/api.w.org\/{rel}","templated":true}]}}