{"id":18458,"date":"2023-01-11T08:40:30","date_gmt":"2023-01-11T07:40:30","guid":{"rendered":"https:\/\/www.organisator.ch\/?p=18458"},"modified":"2023-01-11T08:40:30","modified_gmt":"2023-01-11T07:40:30","slug":"nachfolgeregelung-neuer-verwaltungsratspraesident-bei-continuum-ag","status":"publish","type":"post","link":"https:\/\/www.organisator.ch\/de\/management\/2023-01-11\/nachfolgeregelung-neuer-verwaltungsratspraesident-bei-continuum-ag\/","title":{"rendered":"Nachfolgeregelung: Neuer Verwaltungsratspr\u00e4sident bei Continuum AG"},"content":{"rendered":"<figure id=\"attachment_18459\" aria-describedby=\"caption-attachment-18459\" style=\"width: 680px\" class=\"wp-caption alignnone\"><img loading=\"lazy\" decoding=\"async\" class=\"size-full wp-image-18459\" src=\"https:\/\/www.organisator.ch\/wp-content\/uploads\/2023\/01\/Nachfolgeregelung-Neuer-Verwaltungsratspraesident-bei-Continuum-AG_Organisator.jpg\" alt=\"\" width=\"680\" height=\"538\" srcset=\"https:\/\/www.organisator.ch\/wp-content\/uploads\/2023\/01\/Nachfolgeregelung-Neuer-Verwaltungsratspraesident-bei-Continuum-AG_Organisator.jpg 680w, https:\/\/www.organisator.ch\/wp-content\/uploads\/2023\/01\/Nachfolgeregelung-Neuer-Verwaltungsratspraesident-bei-Continuum-AG_Organisator-15x12.jpg 15w, https:\/\/www.organisator.ch\/wp-content\/uploads\/2023\/01\/Nachfolgeregelung-Neuer-Verwaltungsratspraesident-bei-Continuum-AG_Organisator-375x297.jpg 375w, https:\/\/www.organisator.ch\/wp-content\/uploads\/2023\/01\/Nachfolgeregelung-Neuer-Verwaltungsratspraesident-bei-Continuum-AG_Organisator-442x350.jpg 442w\" sizes=\"auto, (max-width: 680px) 100vw, 680px\" \/><figcaption id=\"caption-attachment-18459\" class=\"wp-caption-text\">Neuer Verwaltungsratspr\u00e4sident bei Continuum AG: Hanspeter Th\u00fcr. (Bild: zVg \/ Continuum AG)<\/figcaption><\/figure>\n<p>Die Continuum AG feiert just in diesem Jahr ihr 20-Jahr-Jubil\u00e4um. Urspr\u00fcnglich in Z\u00fcrich gegr\u00fcndet, erfolgte mit dem Eintritt von Rolf Brunner als gesch\u00e4ftsf\u00fchrendem Partner die Expansion nach St.Gallen. Inzwischen ist St.Gallen Hauptstandort, und es geh\u00f6ren neun Partner\/-innen und Mitarbeitende zum Unternehmen. Mit dem Wechsel im VR-Pr\u00e4sidium leitet das Unternehmen die Regelung der Nachfolge ein, indem Rolf Brunner eine seiner Funktionen abgibt. Er bleibt \u2013 neben Dr. Stefan Schneider und Yannick Brunner \u2013 Mitglied des Verwaltungsrates und Partner am Standort St.Gallen.<\/p>\n<p>Rolf Brunner freut sich u\u0308ber die Verst\u00e4rkung im Verwaltungsrat: \u00abMit der Wahl von Hanspeter Th\u00fcr zum neuen VR-Pr\u00e4sidenten des Verwaltungsrates erfolgt ein erster Schritt in der gezielten Nachfolgeregelung innerhalb des Unternehmens. Ausserdem erg\u00e4nzt er das strategische Denken in der Continuum in idealer Weise.\u00bb Hanspeter Th\u00fcr seinerseits betont: \u00abZukunft sichern, das machen wir nicht nur f\u00fcr unsere Kunden im Rahmen von Nachfolgeregelungen, sondern auch bei der Continuum selbst. Ich freue mich, als neuer Verwaltungsratspr\u00e4sident dazu einen Beitrag zu leisten.\u00bb<\/p>\n<p>Hanspeter Th\u00fcr war von 2015 bis 2021 Leiter Privatkunden bei der UBS Region Ostschweiz und seit 2017 als Regionaldirektor zust\u00e4ndig f\u00fcr den Marktauftritt der UBS in der Ostschweiz (450 Mitarbeitende), die segments\u00fcbergreifende Gesch\u00e4fts- und Kundenentwicklung, das Risikomanagement und die Personalentwicklung. Seit 2015 ist er auch Mitglied des Hochschulrates der OST \u2013 Ostschweizer Fachhochschule, seit 2022 Verwaltungsrat der dhp technology AG in Zizers.<\/p>\n<p><em>Quelle: <a href=\"http:\/\/www.continuum.ch\">Continuum AG<\/a><\/em><\/p>\n","protected":false},"excerpt":{"rendered":"<p>Die Continuum AG feiert just in diesem Jahr ihr 20-Jahr-Jubil\u00e4um. Urspr\u00fcnglich in Z\u00fcrich gegr\u00fcndet, erfolgte mit dem Eintritt von Rolf Brunner als gesch\u00e4ftsf\u00fchrendem Partner die Expansion nach St.Gallen. Inzwischen ist St.Gallen Hauptstandort, und es geh\u00f6ren neun Partner\/-innen und Mitarbeitende zum Unternehmen. Mit dem Wechsel im VR-Pr\u00e4sidium leitet das Unternehmen die Regelung der Nachfolge ein, indem [&hellip;]<\/p>\n","protected":false},"author":4,"featured_media":18459,"comment_status":"closed","ping_status":"closed","sticky":false,"template":"","format":"standard","meta":{"_acf_changed":false,"_yoast_wpseo_focuskw":"Verwaltungsratspr\u00e4sident","_yoast_wpseo_metadesc":"Hanspeter Th\u00fcr, ehemaliger Regionaldirektor der UBS Ostschweiz, ist neuer Verwaltungsratspr\u00e4sident der Continuum AG. Er l\u00f6st Rolf Brunner ab.","articlekey":"","footnotes":""},"categories":[28],"tags":[335,357,2471],"class_list":["post-18458","post","type-post","status-publish","format-standard","has-post-thumbnail","hentry","category-management","tag-management-und-unternehmensfuehrung","tag-nachfolgeregelung","tag-verwaltungsrat"],"acf":[],"yoast_head":"<!-- This site is optimized with the Yoast SEO plugin v27.5 - https:\/\/yoast.com\/product\/yoast-seo-wordpress\/ -->\n<title>Nachfolgeregelung: Neuer Verwaltungsratspr\u00e4sident bei Continuum AG - Organisator<\/title>\n<meta name=\"description\" content=\"Hanspeter Th\u00fcr, ehemaliger Regionaldirektor der UBS Ostschweiz, ist neuer Verwaltungsratspr\u00e4sident der Continuum AG. Er l\u00f6st Rolf Brunner ab.\" \/>\n<meta name=\"robots\" content=\"index, follow, max-snippet:-1, max-image-preview:large, max-video-preview:-1\" \/>\n<link rel=\"canonical\" href=\"https:\/\/www.organisator.ch\/de\/management\/2023-01-11\/nachfolgeregelung-neuer-verwaltungsratspraesident-bei-continuum-ag\/\" \/>\n<meta property=\"og:locale\" content=\"de_DE\" \/>\n<meta property=\"og:type\" content=\"article\" \/>\n<meta property=\"og:title\" content=\"Nachfolgeregelung: Neuer Verwaltungsratspr\u00e4sident bei Continuum AG\" \/>\n<meta property=\"og:description\" content=\"Hanspeter Th\u00fcr, ehemaliger Regionaldirektor der UBS Ostschweiz, ist neuer Verwaltungsratspr\u00e4sident der Continuum AG. Er l\u00f6st Rolf Brunner ab.\" \/>\n<meta property=\"og:url\" content=\"https:\/\/www.organisator.ch\/de\/management\/2023-01-11\/nachfolgeregelung-neuer-verwaltungsratspraesident-bei-continuum-ag\/\" \/>\n<meta property=\"og:site_name\" content=\"Organisator\" \/>\n<meta property=\"article:publisher\" content=\"https:\/\/www.facebook.com\/OrganisatorFachmagazin\" \/>\n<meta property=\"article:published_time\" content=\"2023-01-11T07:40:30+00:00\" \/>\n<meta property=\"og:image\" content=\"https:\/\/www.organisator.ch\/wp-content\/uploads\/2023\/01\/Nachfolgeregelung-Neuer-Verwaltungsratspraesident-bei-Continuum-AG_Organisator.jpg\" \/>\n\t<meta property=\"og:image:width\" content=\"680\" \/>\n\t<meta property=\"og:image:height\" content=\"538\" \/>\n\t<meta property=\"og:image:type\" content=\"image\/jpeg\" \/>\n<meta name=\"author\" content=\"thomas.berner\" \/>\n<meta name=\"twitter:card\" content=\"summary_large_image\" \/>\n<meta name=\"twitter:title\" content=\"#Nachfolgeregelung: Neuer #Verwaltungsratspr\u00e4sident bei #Continuum AG\" \/>\n<meta name=\"twitter:description\" content=\"Hanspeter Th\u00fcr, ehemaliger #Regionaldirektor der UBS Ostschweiz, ist neuer #Verwaltungsratspr\u00e4sident der #Continuum AG. Er l\u00f6st Rolf Brunner ab.\" \/>\n<meta name=\"twitter:image\" content=\"https:\/\/www.organisator.ch\/wp-content\/uploads\/2023\/01\/Nachfolgeregelung-Neuer-Verwaltungsratspraesident-bei-Continuum-AG_Organisator.jpg\" \/>\n<script type=\"application\/ld+json\" class=\"yoast-schema-graph\">{\"@context\":\"https:\\\/\\\/schema.org\",\"@graph\":[{\"@type\":\"Article\",\"@id\":\"https:\\\/\\\/www.organisator.ch\\\/management\\\/2023-01-11\\\/nachfolgeregelung-neuer-verwaltungsratspraesident-bei-continuum-ag\\\/#article\",\"isPartOf\":{\"@id\":\"https:\\\/\\\/www.organisator.ch\\\/management\\\/2023-01-11\\\/nachfolgeregelung-neuer-verwaltungsratspraesident-bei-continuum-ag\\\/\"},\"author\":{\"name\":\"thomas.berner\",\"@id\":\"https:\\\/\\\/www.organisator.ch\\\/#\\\/schema\\\/person\\\/6f650f90b2842cd4c0cc334b4e36f67e\"},\"headline\":\"Nachfolgeregelung: Neuer Verwaltungsratspr\u00e4sident bei Continuum AG\",\"datePublished\":\"2023-01-11T07:40:30+00:00\",\"mainEntityOfPage\":{\"@id\":\"https:\\\/\\\/www.organisator.ch\\\/management\\\/2023-01-11\\\/nachfolgeregelung-neuer-verwaltungsratspraesident-bei-continuum-ag\\\/\"},\"wordCount\":266,\"publisher\":{\"@id\":\"https:\\\/\\\/www.organisator.ch\\\/#organization\"},\"image\":{\"@id\":\"https:\\\/\\\/www.organisator.ch\\\/management\\\/2023-01-11\\\/nachfolgeregelung-neuer-verwaltungsratspraesident-bei-continuum-ag\\\/#primaryimage\"},\"thumbnailUrl\":\"https:\\\/\\\/www.organisator.ch\\\/wp-content\\\/uploads\\\/2023\\\/01\\\/Nachfolgeregelung-Neuer-Verwaltungsratspraesident-bei-Continuum-AG_Organisator.jpg\",\"keywords\":[\"Management und Unternehmensf\u00fchrung\",\"Nachfolgeregelung\",\"Verwaltungsrat\"],\"articleSection\":[\"MANAGEMENT\"],\"inLanguage\":\"de\"},{\"@type\":\"WebPage\",\"@id\":\"https:\\\/\\\/www.organisator.ch\\\/management\\\/2023-01-11\\\/nachfolgeregelung-neuer-verwaltungsratspraesident-bei-continuum-ag\\\/\",\"url\":\"https:\\\/\\\/www.organisator.ch\\\/management\\\/2023-01-11\\\/nachfolgeregelung-neuer-verwaltungsratspraesident-bei-continuum-ag\\\/\",\"name\":\"Nachfolgeregelung: Neuer Verwaltungsratspr\u00e4sident bei Continuum AG - Organisator\",\"isPartOf\":{\"@id\":\"https:\\\/\\\/www.organisator.ch\\\/#website\"},\"primaryImageOfPage\":{\"@id\":\"https:\\\/\\\/www.organisator.ch\\\/management\\\/2023-01-11\\\/nachfolgeregelung-neuer-verwaltungsratspraesident-bei-continuum-ag\\\/#primaryimage\"},\"image\":{\"@id\":\"https:\\\/\\\/www.organisator.ch\\\/management\\\/2023-01-11\\\/nachfolgeregelung-neuer-verwaltungsratspraesident-bei-continuum-ag\\\/#primaryimage\"},\"thumbnailUrl\":\"https:\\\/\\\/www.organisator.ch\\\/wp-content\\\/uploads\\\/2023\\\/01\\\/Nachfolgeregelung-Neuer-Verwaltungsratspraesident-bei-Continuum-AG_Organisator.jpg\",\"datePublished\":\"2023-01-11T07:40:30+00:00\",\"description\":\"Hanspeter Th\u00fcr, ehemaliger Regionaldirektor der UBS Ostschweiz, ist neuer Verwaltungsratspr\u00e4sident der Continuum AG. Er l\u00f6st Rolf Brunner ab.\",\"breadcrumb\":{\"@id\":\"https:\\\/\\\/www.organisator.ch\\\/management\\\/2023-01-11\\\/nachfolgeregelung-neuer-verwaltungsratspraesident-bei-continuum-ag\\\/#breadcrumb\"},\"inLanguage\":\"de\",\"potentialAction\":[{\"@type\":\"ReadAction\",\"target\":[\"https:\\\/\\\/www.organisator.ch\\\/management\\\/2023-01-11\\\/nachfolgeregelung-neuer-verwaltungsratspraesident-bei-continuum-ag\\\/\"]}]},{\"@type\":\"ImageObject\",\"inLanguage\":\"de\",\"@id\":\"https:\\\/\\\/www.organisator.ch\\\/management\\\/2023-01-11\\\/nachfolgeregelung-neuer-verwaltungsratspraesident-bei-continuum-ag\\\/#primaryimage\",\"url\":\"https:\\\/\\\/www.organisator.ch\\\/wp-content\\\/uploads\\\/2023\\\/01\\\/Nachfolgeregelung-Neuer-Verwaltungsratspraesident-bei-Continuum-AG_Organisator.jpg\",\"contentUrl\":\"https:\\\/\\\/www.organisator.ch\\\/wp-content\\\/uploads\\\/2023\\\/01\\\/Nachfolgeregelung-Neuer-Verwaltungsratspraesident-bei-Continuum-AG_Organisator.jpg\",\"width\":680,\"height\":538,\"caption\":\"Neuer Verwaltungsratspr\u00e4sident bei Continuum AG: Hanspeter Th\u00fcr. (Bild: zVg \\\/ Continuum AG)\"},{\"@type\":\"BreadcrumbList\",\"@id\":\"https:\\\/\\\/www.organisator.ch\\\/management\\\/2023-01-11\\\/nachfolgeregelung-neuer-verwaltungsratspraesident-bei-continuum-ag\\\/#breadcrumb\",\"itemListElement\":[{\"@type\":\"ListItem\",\"position\":1,\"name\":\"Home\",\"item\":\"https:\\\/\\\/www.organisator.ch\\\/\"},{\"@type\":\"ListItem\",\"position\":2,\"name\":\"Nachfolgeregelung: Neuer Verwaltungsratspr\u00e4sident bei Continuum AG\"}]},{\"@type\":\"WebSite\",\"@id\":\"https:\\\/\\\/www.organisator.ch\\\/#website\",\"url\":\"https:\\\/\\\/www.organisator.ch\\\/\",\"name\":\"Organisator\",\"description\":\"Kompetent. Praxisnah. Der ORGANISATOR bereitet in 10 Ausgaben pro Jahr die wesentlichen Themen f\u00fcr F\u00fchrungskr\u00e4fte von KMU auf.\",\"publisher\":{\"@id\":\"https:\\\/\\\/www.organisator.ch\\\/#organization\"},\"potentialAction\":[{\"@type\":\"SearchAction\",\"target\":{\"@type\":\"EntryPoint\",\"urlTemplate\":\"https:\\\/\\\/www.organisator.ch\\\/?s={search_term_string}\"},\"query-input\":{\"@type\":\"PropertyValueSpecification\",\"valueRequired\":true,\"valueName\":\"search_term_string\"}}],\"inLanguage\":\"de\"},{\"@type\":\"Organization\",\"@id\":\"https:\\\/\\\/www.organisator.ch\\\/#organization\",\"name\":\"Organisator\",\"url\":\"https:\\\/\\\/www.organisator.ch\\\/\",\"logo\":{\"@type\":\"ImageObject\",\"inLanguage\":\"de\",\"@id\":\"https:\\\/\\\/www.organisator.ch\\\/#\\\/schema\\\/logo\\\/image\\\/\",\"url\":\"https:\\\/\\\/www.organisator.ch\\\/wp-content\\\/uploads\\\/2022\\\/01\\\/Logo_Organisator_Website.png\",\"contentUrl\":\"https:\\\/\\\/www.organisator.ch\\\/wp-content\\\/uploads\\\/2022\\\/01\\\/Logo_Organisator_Website.png\",\"width\":800,\"height\":77,\"caption\":\"Organisator\"},\"image\":{\"@id\":\"https:\\\/\\\/www.organisator.ch\\\/#\\\/schema\\\/logo\\\/image\\\/\"},\"sameAs\":[\"https:\\\/\\\/www.facebook.com\\\/OrganisatorFachmagazin\",\"https:\\\/\\\/www.linkedin.com\\\/showcase\\\/organisator-das-magazin-fr-kmu\",\"https:\\\/\\\/www.xing.com\\\/news\\\/pages\\\/organisator-ch-695\",\"https:\\\/\\\/www.youtube.com\\\/channel\\\/UCGP2Sq0iWaZwT3BdIAQFYpw\"]},{\"@type\":\"Person\",\"@id\":\"https:\\\/\\\/www.organisator.ch\\\/#\\\/schema\\\/person\\\/6f650f90b2842cd4c0cc334b4e36f67e\",\"name\":\"thomas.berner\",\"image\":{\"@type\":\"ImageObject\",\"inLanguage\":\"de\",\"@id\":\"https:\\\/\\\/secure.gravatar.com\\\/avatar\\\/ac5001d2a36cb6c6cd3e50789007ffca834b477b74a2144564522e944eabff61?s=96&d=mm&r=g\",\"url\":\"https:\\\/\\\/secure.gravatar.com\\\/avatar\\\/ac5001d2a36cb6c6cd3e50789007ffca834b477b74a2144564522e944eabff61?s=96&d=mm&r=g\",\"contentUrl\":\"https:\\\/\\\/secure.gravatar.com\\\/avatar\\\/ac5001d2a36cb6c6cd3e50789007ffca834b477b74a2144564522e944eabff61?s=96&d=mm&r=g\",\"caption\":\"thomas.berner\"},\"url\":\"https:\\\/\\\/www.organisator.ch\\\/de\\\/author\\\/thomas-berner\\\/\"}]}<\/script>\n<!-- \/ Yoast SEO plugin. -->","yoast_head_json":{"title":"Nachfolgeregelung: Neuer Verwaltungsratspr\u00e4sident bei Continuum AG - Organisator","description":"Hanspeter Th\u00fcr, ehemaliger Regionaldirektor der UBS Ostschweiz, ist neuer Verwaltungsratspr\u00e4sident der Continuum AG. Er l\u00f6st Rolf Brunner ab.","robots":{"index":"index","follow":"follow","max-snippet":"max-snippet:-1","max-image-preview":"max-image-preview:large","max-video-preview":"max-video-preview:-1"},"canonical":"https:\/\/www.organisator.ch\/de\/management\/2023-01-11\/nachfolgeregelung-neuer-verwaltungsratspraesident-bei-continuum-ag\/","og_locale":"de_DE","og_type":"article","og_title":"Nachfolgeregelung: Neuer Verwaltungsratspr\u00e4sident bei Continuum AG","og_description":"Hanspeter Th\u00fcr, ehemaliger Regionaldirektor der UBS Ostschweiz, ist neuer Verwaltungsratspr\u00e4sident der Continuum AG. Er l\u00f6st Rolf Brunner ab.","og_url":"https:\/\/www.organisator.ch\/de\/management\/2023-01-11\/nachfolgeregelung-neuer-verwaltungsratspraesident-bei-continuum-ag\/","og_site_name":"Organisator","article_publisher":"https:\/\/www.facebook.com\/OrganisatorFachmagazin","article_published_time":"2023-01-11T07:40:30+00:00","og_image":[{"width":680,"height":538,"url":"https:\/\/www.organisator.ch\/wp-content\/uploads\/2023\/01\/Nachfolgeregelung-Neuer-Verwaltungsratspraesident-bei-Continuum-AG_Organisator.jpg","type":"image\/jpeg"}],"author":"thomas.berner","twitter_card":"summary_large_image","twitter_title":"#Nachfolgeregelung: Neuer #Verwaltungsratspr\u00e4sident bei #Continuum AG","twitter_description":"Hanspeter Th\u00fcr, ehemaliger #Regionaldirektor der UBS Ostschweiz, ist neuer #Verwaltungsratspr\u00e4sident der #Continuum AG. Er l\u00f6st Rolf Brunner ab.","twitter_image":"https:\/\/www.organisator.ch\/wp-content\/uploads\/2023\/01\/Nachfolgeregelung-Neuer-Verwaltungsratspraesident-bei-Continuum-AG_Organisator.jpg","schema":{"@context":"https:\/\/schema.org","@graph":[{"@type":"Article","@id":"https:\/\/www.organisator.ch\/management\/2023-01-11\/nachfolgeregelung-neuer-verwaltungsratspraesident-bei-continuum-ag\/#article","isPartOf":{"@id":"https:\/\/www.organisator.ch\/management\/2023-01-11\/nachfolgeregelung-neuer-verwaltungsratspraesident-bei-continuum-ag\/"},"author":{"name":"thomas.berner","@id":"https:\/\/www.organisator.ch\/#\/schema\/person\/6f650f90b2842cd4c0cc334b4e36f67e"},"headline":"Nachfolgeregelung: Neuer Verwaltungsratspr\u00e4sident bei Continuum AG","datePublished":"2023-01-11T07:40:30+00:00","mainEntityOfPage":{"@id":"https:\/\/www.organisator.ch\/management\/2023-01-11\/nachfolgeregelung-neuer-verwaltungsratspraesident-bei-continuum-ag\/"},"wordCount":266,"publisher":{"@id":"https:\/\/www.organisator.ch\/#organization"},"image":{"@id":"https:\/\/www.organisator.ch\/management\/2023-01-11\/nachfolgeregelung-neuer-verwaltungsratspraesident-bei-continuum-ag\/#primaryimage"},"thumbnailUrl":"https:\/\/www.organisator.ch\/wp-content\/uploads\/2023\/01\/Nachfolgeregelung-Neuer-Verwaltungsratspraesident-bei-Continuum-AG_Organisator.jpg","keywords":["Management und Unternehmensf\u00fchrung","Nachfolgeregelung","Verwaltungsrat"],"articleSection":["MANAGEMENT"],"inLanguage":"de"},{"@type":"WebPage","@id":"https:\/\/www.organisator.ch\/management\/2023-01-11\/nachfolgeregelung-neuer-verwaltungsratspraesident-bei-continuum-ag\/","url":"https:\/\/www.organisator.ch\/management\/2023-01-11\/nachfolgeregelung-neuer-verwaltungsratspraesident-bei-continuum-ag\/","name":"Nachfolgeregelung: Neuer Verwaltungsratspr\u00e4sident bei Continuum AG - Organisator","isPartOf":{"@id":"https:\/\/www.organisator.ch\/#website"},"primaryImageOfPage":{"@id":"https:\/\/www.organisator.ch\/management\/2023-01-11\/nachfolgeregelung-neuer-verwaltungsratspraesident-bei-continuum-ag\/#primaryimage"},"image":{"@id":"https:\/\/www.organisator.ch\/management\/2023-01-11\/nachfolgeregelung-neuer-verwaltungsratspraesident-bei-continuum-ag\/#primaryimage"},"thumbnailUrl":"https:\/\/www.organisator.ch\/wp-content\/uploads\/2023\/01\/Nachfolgeregelung-Neuer-Verwaltungsratspraesident-bei-Continuum-AG_Organisator.jpg","datePublished":"2023-01-11T07:40:30+00:00","description":"Hanspeter Th\u00fcr, ehemaliger Regionaldirektor der UBS Ostschweiz, ist neuer Verwaltungsratspr\u00e4sident der Continuum AG. Er l\u00f6st Rolf Brunner ab.","breadcrumb":{"@id":"https:\/\/www.organisator.ch\/management\/2023-01-11\/nachfolgeregelung-neuer-verwaltungsratspraesident-bei-continuum-ag\/#breadcrumb"},"inLanguage":"de","potentialAction":[{"@type":"ReadAction","target":["https:\/\/www.organisator.ch\/management\/2023-01-11\/nachfolgeregelung-neuer-verwaltungsratspraesident-bei-continuum-ag\/"]}]},{"@type":"ImageObject","inLanguage":"de","@id":"https:\/\/www.organisator.ch\/management\/2023-01-11\/nachfolgeregelung-neuer-verwaltungsratspraesident-bei-continuum-ag\/#primaryimage","url":"https:\/\/www.organisator.ch\/wp-content\/uploads\/2023\/01\/Nachfolgeregelung-Neuer-Verwaltungsratspraesident-bei-Continuum-AG_Organisator.jpg","contentUrl":"https:\/\/www.organisator.ch\/wp-content\/uploads\/2023\/01\/Nachfolgeregelung-Neuer-Verwaltungsratspraesident-bei-Continuum-AG_Organisator.jpg","width":680,"height":538,"caption":"Neuer Verwaltungsratspr\u00e4sident bei Continuum AG: Hanspeter Th\u00fcr. (Bild: zVg \/ Continuum AG)"},{"@type":"BreadcrumbList","@id":"https:\/\/www.organisator.ch\/management\/2023-01-11\/nachfolgeregelung-neuer-verwaltungsratspraesident-bei-continuum-ag\/#breadcrumb","itemListElement":[{"@type":"ListItem","position":1,"name":"Home","item":"https:\/\/www.organisator.ch\/"},{"@type":"ListItem","position":2,"name":"Nachfolgeregelung: Neuer Verwaltungsratspr\u00e4sident bei Continuum AG"}]},{"@type":"WebSite","@id":"https:\/\/www.organisator.ch\/#website","url":"https:\/\/www.organisator.ch\/","name":"Organisator","description":"Kompetent. Praxisnah. Der ORGANISATOR bereitet in 10 Ausgaben pro Jahr die wesentlichen Themen f\u00fcr F\u00fchrungskr\u00e4fte von KMU auf.","publisher":{"@id":"https:\/\/www.organisator.ch\/#organization"},"potentialAction":[{"@type":"SearchAction","target":{"@type":"EntryPoint","urlTemplate":"https:\/\/www.organisator.ch\/?s={search_term_string}"},"query-input":{"@type":"PropertyValueSpecification","valueRequired":true,"valueName":"search_term_string"}}],"inLanguage":"de"},{"@type":"Organization","@id":"https:\/\/www.organisator.ch\/#organization","name":"Organisator","url":"https:\/\/www.organisator.ch\/","logo":{"@type":"ImageObject","inLanguage":"de","@id":"https:\/\/www.organisator.ch\/#\/schema\/logo\/image\/","url":"https:\/\/www.organisator.ch\/wp-content\/uploads\/2022\/01\/Logo_Organisator_Website.png","contentUrl":"https:\/\/www.organisator.ch\/wp-content\/uploads\/2022\/01\/Logo_Organisator_Website.png","width":800,"height":77,"caption":"Organisator"},"image":{"@id":"https:\/\/www.organisator.ch\/#\/schema\/logo\/image\/"},"sameAs":["https:\/\/www.facebook.com\/OrganisatorFachmagazin","https:\/\/www.linkedin.com\/showcase\/organisator-das-magazin-fr-kmu","https:\/\/www.xing.com\/news\/pages\/organisator-ch-695","https:\/\/www.youtube.com\/channel\/UCGP2Sq0iWaZwT3BdIAQFYpw"]},{"@type":"Person","@id":"https:\/\/www.organisator.ch\/#\/schema\/person\/6f650f90b2842cd4c0cc334b4e36f67e","name":"thomas.berner","image":{"@type":"ImageObject","inLanguage":"de","@id":"https:\/\/secure.gravatar.com\/avatar\/ac5001d2a36cb6c6cd3e50789007ffca834b477b74a2144564522e944eabff61?s=96&d=mm&r=g","url":"https:\/\/secure.gravatar.com\/avatar\/ac5001d2a36cb6c6cd3e50789007ffca834b477b74a2144564522e944eabff61?s=96&d=mm&r=g","contentUrl":"https:\/\/secure.gravatar.com\/avatar\/ac5001d2a36cb6c6cd3e50789007ffca834b477b74a2144564522e944eabff61?s=96&d=mm&r=g","caption":"thomas.berner"},"url":"https:\/\/www.organisator.ch\/de\/author\/thomas-berner\/"}]}},"_links":{"self":[{"href":"https:\/\/www.organisator.ch\/de\/wp-json\/wp\/v2\/posts\/18458","targetHints":{"allow":["GET"]}}],"collection":[{"href":"https:\/\/www.organisator.ch\/de\/wp-json\/wp\/v2\/posts"}],"about":[{"href":"https:\/\/www.organisator.ch\/de\/wp-json\/wp\/v2\/types\/post"}],"author":[{"embeddable":true,"href":"https:\/\/www.organisator.ch\/de\/wp-json\/wp\/v2\/users\/4"}],"replies":[{"embeddable":true,"href":"https:\/\/www.organisator.ch\/de\/wp-json\/wp\/v2\/comments?post=18458"}],"version-history":[{"count":1,"href":"https:\/\/www.organisator.ch\/de\/wp-json\/wp\/v2\/posts\/18458\/revisions"}],"predecessor-version":[{"id":18460,"href":"https:\/\/www.organisator.ch\/de\/wp-json\/wp\/v2\/posts\/18458\/revisions\/18460"}],"wp:featuredmedia":[{"embeddable":true,"href":"https:\/\/www.organisator.ch\/de\/wp-json\/wp\/v2\/media\/18459"}],"wp:attachment":[{"href":"https:\/\/www.organisator.ch\/de\/wp-json\/wp\/v2\/media?parent=18458"}],"wp:term":[{"taxonomy":"category","embeddable":true,"href":"https:\/\/www.organisator.ch\/de\/wp-json\/wp\/v2\/categories?post=18458"},{"taxonomy":"post_tag","embeddable":true,"href":"https:\/\/www.organisator.ch\/de\/wp-json\/wp\/v2\/tags?post=18458"}],"curies":[{"name":"wp","href":"https:\/\/api.w.org\/{rel}","templated":true}]}}