{"id":18509,"date":"2023-01-17T13:59:20","date_gmt":"2023-01-17T12:59:20","guid":{"rendered":"https:\/\/www.organisator.ch\/?p=18509"},"modified":"2023-01-17T13:59:20","modified_gmt":"2023-01-17T12:59:20","slug":"ostschweiz-diskussion-ueber-fachkraeftemangel-im-gewerbe","status":"publish","type":"post","link":"https:\/\/www.organisator.ch\/de\/human-resources\/2023-01-17\/ostschweiz-diskussion-ueber-fachkraeftemangel-im-gewerbe\/","title":{"rendered":"Ostschweiz: Diskussion \u00fcber Fachkr\u00e4ftemangel im Gewerbe"},"content":{"rendered":"<figure id=\"attachment_18510\" aria-describedby=\"caption-attachment-18510\" style=\"width: 680px\" class=\"wp-caption alignnone\"><img loading=\"lazy\" decoding=\"async\" class=\"size-full wp-image-18510\" src=\"https:\/\/www.organisator.ch\/wp-content\/uploads\/2023\/01\/Ostschweiz-Diskussion-ueber-Fachkraeftemangel-im-Gewerbe_Organisator.jpg\" alt=\"\" width=\"680\" height=\"450\" srcset=\"https:\/\/www.organisator.ch\/wp-content\/uploads\/2023\/01\/Ostschweiz-Diskussion-ueber-Fachkraeftemangel-im-Gewerbe_Organisator.jpg 680w, https:\/\/www.organisator.ch\/wp-content\/uploads\/2023\/01\/Ostschweiz-Diskussion-ueber-Fachkraeftemangel-im-Gewerbe_Organisator-18x12.jpg 18w, https:\/\/www.organisator.ch\/wp-content\/uploads\/2023\/01\/Ostschweiz-Diskussion-ueber-Fachkraeftemangel-im-Gewerbe_Organisator-375x248.jpg 375w, https:\/\/www.organisator.ch\/wp-content\/uploads\/2023\/01\/Ostschweiz-Diskussion-ueber-Fachkraeftemangel-im-Gewerbe_Organisator-529x350.jpg 529w\" sizes=\"auto, (max-width: 680px) 100vw, 680px\" \/><figcaption id=\"caption-attachment-18510\" class=\"wp-caption-text\">Ostschweizer Gewerbetag vom 20. April 2023 wird es um das Thema &#8222;Fachkr\u00e4ftemangel im Gewerbe&#8220; gehen. (Bild: Galledia Event AG)<\/figcaption><\/figure>\n<p>Nach der erfolgreichen und mit rund 250 Teilnehmenden ausverkauften Premiere im Rahmen der OFFA 2022 findet auch dieses Jahr ein OFFA-Gewerbetag statt. Der Event ist ein Treffpunkt f\u00fcr Gewerbevertreter, Gr\u00fcnderinnen, Inhaber sowie Gesch\u00e4ftsf\u00fchrerinnen aus dem Grossraum St.Gallen. Hier erhalten sie Raum f\u00fcr Austausch sowie Anregungen zu Herausforderungen im gewerblichen Umfeld.<\/p>\n<h3><strong>Fachkr\u00e4ftemangel im Gewerbe<\/strong><\/h3>\n<p>Der Fachkr\u00e4ftemangel im Gewerbe schreitet weiter voran. Mit welchen Strategien der Entwicklung begegnet werden kann, dazu referiert Eliane Frei, Inhaberin von Freiraum Personal- &amp; Organisationsentwicklung, in ihrem Vortrag \u00abErfolgsfaktor Mindset \u2013 Weg vom Mangel hin zur Ressource\u00bb. Im Anschluss folgt eine Diskussionsrunde zum Thema mit Markus Fust, Gesch\u00e4ftsf\u00fchrer der Schreinerei Fust, Luzi Thomann, CEO der Thomann Nutzfahrzeuge, und Fabian F\u00fcger, Inhaber und Gesch\u00e4ftsf\u00fchrer der B\u00e4ckerei F\u00fcger Handmade. Durch den Nachmittag f\u00fchrt Moderator Christoph Lanter.<\/p>\n<h3><strong>Vorzugspeis f\u00fcr Gewerbeverein-Mitglieder<\/strong><\/h3>\n<p>Die Anmeldung f\u00fcr den 2. OFFA-Gewerbetag am 20. April 2023 ist unter <a href=\"http:\/\/www.offa-gewerbetag.ch\">www.offa-gewerbetag.ch<\/a> m\u00f6glich. Der Tagungspreis betr\u00e4gt CHF 130.00 f\u00fcr Gewerbemitglieder Regio St.Gallen-Appenzell Ausserrhoden-Bodensee und CHF 160.00 f\u00fcr Nichtmitglieder. Ein OFFA-Tageseintritt ist im Tagungspreis inbegriffen.<\/p>\n","protected":false},"excerpt":{"rendered":"<p>Nach der erfolgreichen und mit rund 250 Teilnehmenden ausverkauften Premiere im Rahmen der OFFA 2022 findet auch dieses Jahr ein OFFA-Gewerbetag statt. Der Event ist ein Treffpunkt f\u00fcr Gewerbevertreter, Gr\u00fcnderinnen, Inhaber sowie Gesch\u00e4ftsf\u00fchrerinnen aus dem Grossraum St.Gallen. Hier erhalten sie Raum f\u00fcr Austausch sowie Anregungen zu Herausforderungen im gewerblichen Umfeld. Fachkr\u00e4ftemangel im Gewerbe Der Fachkr\u00e4ftemangel [&hellip;]<\/p>\n","protected":false},"author":4,"featured_media":18510,"comment_status":"closed","ping_status":"closed","sticky":false,"template":"","format":"standard","meta":{"_acf_changed":false,"_yoast_wpseo_focuskw":"Fachkr\u00e4ftemangel im Gewerbe","_yoast_wpseo_metadesc":"Im Rahmen der Fr\u00fchlingsmesse OFFA diskutieren Ostschweizer Gewerbevertreter\/-innen am 20. April 2023 \u00fcber den Fachkr\u00e4ftemangel im Gewerbe.","articlekey":"","footnotes":""},"categories":[579],"tags":[193,194,335],"class_list":["post-18509","post","type-post","status-publish","format-standard","has-post-thumbnail","hentry","category-human-resources","tag-fachkongressfachmesse","tag-fachkraeftemangel","tag-management-und-unternehmensfuehrung"],"acf":[],"yoast_head":"<!-- This site is optimized with the Yoast SEO plugin v27.5 - https:\/\/yoast.com\/product\/yoast-seo-wordpress\/ -->\n<title>Ostschweiz: Diskussion \u00fcber Fachkr\u00e4ftemangel im Gewerbe - Organisator<\/title>\n<meta name=\"description\" content=\"Im Rahmen der Fr\u00fchlingsmesse OFFA diskutieren Ostschweizer Gewerbevertreter\/-innen am 20. April 2023 \u00fcber den Fachkr\u00e4ftemangel im Gewerbe.\" \/>\n<meta name=\"robots\" content=\"index, follow, max-snippet:-1, max-image-preview:large, max-video-preview:-1\" \/>\n<link rel=\"canonical\" href=\"https:\/\/www.organisator.ch\/de\/human-resources\/2023-01-17\/ostschweiz-diskussion-ueber-fachkraeftemangel-im-gewerbe\/\" \/>\n<meta property=\"og:locale\" content=\"de_DE\" \/>\n<meta property=\"og:type\" content=\"article\" \/>\n<meta property=\"og:title\" content=\"Ostschweiz: Diskussion \u00fcber Fachkr\u00e4ftemangel im Gewerbe\" \/>\n<meta property=\"og:description\" content=\"Im Rahmen der Fr\u00fchlingsmesse OFFA diskutieren Ostschweizer Gewerbevertreter\/-innen am 20. April 2023 \u00fcber den Fachkr\u00e4ftemangel im Gewerbe.\" \/>\n<meta property=\"og:url\" content=\"https:\/\/www.organisator.ch\/de\/human-resources\/2023-01-17\/ostschweiz-diskussion-ueber-fachkraeftemangel-im-gewerbe\/\" \/>\n<meta property=\"og:site_name\" content=\"Organisator\" \/>\n<meta property=\"article:publisher\" content=\"https:\/\/www.facebook.com\/OrganisatorFachmagazin\" \/>\n<meta property=\"article:published_time\" content=\"2023-01-17T12:59:20+00:00\" \/>\n<meta property=\"og:image\" content=\"https:\/\/www.organisator.ch\/wp-content\/uploads\/2023\/01\/Ostschweiz-Diskussion-ueber-Fachkraeftemangel-im-Gewerbe_Organisator.jpg\" \/>\n\t<meta property=\"og:image:width\" content=\"680\" \/>\n\t<meta property=\"og:image:height\" content=\"450\" \/>\n\t<meta property=\"og:image:type\" content=\"image\/jpeg\" \/>\n<meta name=\"author\" content=\"thomas.berner\" \/>\n<meta name=\"twitter:card\" content=\"summary_large_image\" \/>\n<meta name=\"twitter:title\" content=\"#Ostschweiz: Diskussion \u00fcber #Fachkr\u00e4ftemangel im Gewerbe\" \/>\n<meta name=\"twitter:description\" content=\"Im Rahmen der #Fr\u00fchlingsmesse #OFFA diskutieren #Ostschweizer Gewerbevertreter\/-innen am 20. April 2023 \u00fcber den #Fachkr\u00e4ftemangel im #Gewerbe.\" \/>\n<meta name=\"twitter:image\" content=\"https:\/\/www.organisator.ch\/wp-content\/uploads\/2023\/01\/Ostschweiz-Diskussion-ueber-Fachkraeftemangel-im-Gewerbe_Organisator.jpg\" \/>\n<script type=\"application\/ld+json\" class=\"yoast-schema-graph\">{\"@context\":\"https:\\\/\\\/schema.org\",\"@graph\":[{\"@type\":\"Article\",\"@id\":\"https:\\\/\\\/www.organisator.ch\\\/human-resources\\\/2023-01-17\\\/ostschweiz-diskussion-ueber-fachkraeftemangel-im-gewerbe\\\/#article\",\"isPartOf\":{\"@id\":\"https:\\\/\\\/www.organisator.ch\\\/human-resources\\\/2023-01-17\\\/ostschweiz-diskussion-ueber-fachkraeftemangel-im-gewerbe\\\/\"},\"author\":{\"name\":\"thomas.berner\",\"@id\":\"https:\\\/\\\/www.organisator.ch\\\/#\\\/schema\\\/person\\\/6f650f90b2842cd4c0cc334b4e36f67e\"},\"headline\":\"Ostschweiz: Diskussion \u00fcber Fachkr\u00e4ftemangel im Gewerbe\",\"datePublished\":\"2023-01-17T12:59:20+00:00\",\"mainEntityOfPage\":{\"@id\":\"https:\\\/\\\/www.organisator.ch\\\/human-resources\\\/2023-01-17\\\/ostschweiz-diskussion-ueber-fachkraeftemangel-im-gewerbe\\\/\"},\"wordCount\":214,\"publisher\":{\"@id\":\"https:\\\/\\\/www.organisator.ch\\\/#organization\"},\"image\":{\"@id\":\"https:\\\/\\\/www.organisator.ch\\\/human-resources\\\/2023-01-17\\\/ostschweiz-diskussion-ueber-fachkraeftemangel-im-gewerbe\\\/#primaryimage\"},\"thumbnailUrl\":\"https:\\\/\\\/www.organisator.ch\\\/wp-content\\\/uploads\\\/2023\\\/01\\\/Ostschweiz-Diskussion-ueber-Fachkraeftemangel-im-Gewerbe_Organisator.jpg\",\"keywords\":[\"Fachkongress\\\/Fachmesse\",\"Fachkr\u00e4ftemangel\",\"Management und Unternehmensf\u00fchrung\"],\"articleSection\":[\"HUMAN RESOURCES\"],\"inLanguage\":\"de\"},{\"@type\":\"WebPage\",\"@id\":\"https:\\\/\\\/www.organisator.ch\\\/human-resources\\\/2023-01-17\\\/ostschweiz-diskussion-ueber-fachkraeftemangel-im-gewerbe\\\/\",\"url\":\"https:\\\/\\\/www.organisator.ch\\\/human-resources\\\/2023-01-17\\\/ostschweiz-diskussion-ueber-fachkraeftemangel-im-gewerbe\\\/\",\"name\":\"Ostschweiz: Diskussion \u00fcber Fachkr\u00e4ftemangel im Gewerbe - Organisator\",\"isPartOf\":{\"@id\":\"https:\\\/\\\/www.organisator.ch\\\/#website\"},\"primaryImageOfPage\":{\"@id\":\"https:\\\/\\\/www.organisator.ch\\\/human-resources\\\/2023-01-17\\\/ostschweiz-diskussion-ueber-fachkraeftemangel-im-gewerbe\\\/#primaryimage\"},\"image\":{\"@id\":\"https:\\\/\\\/www.organisator.ch\\\/human-resources\\\/2023-01-17\\\/ostschweiz-diskussion-ueber-fachkraeftemangel-im-gewerbe\\\/#primaryimage\"},\"thumbnailUrl\":\"https:\\\/\\\/www.organisator.ch\\\/wp-content\\\/uploads\\\/2023\\\/01\\\/Ostschweiz-Diskussion-ueber-Fachkraeftemangel-im-Gewerbe_Organisator.jpg\",\"datePublished\":\"2023-01-17T12:59:20+00:00\",\"description\":\"Im Rahmen der Fr\u00fchlingsmesse OFFA diskutieren Ostschweizer Gewerbevertreter\\\/-innen am 20. April 2023 \u00fcber den Fachkr\u00e4ftemangel im Gewerbe.\",\"breadcrumb\":{\"@id\":\"https:\\\/\\\/www.organisator.ch\\\/human-resources\\\/2023-01-17\\\/ostschweiz-diskussion-ueber-fachkraeftemangel-im-gewerbe\\\/#breadcrumb\"},\"inLanguage\":\"de\",\"potentialAction\":[{\"@type\":\"ReadAction\",\"target\":[\"https:\\\/\\\/www.organisator.ch\\\/human-resources\\\/2023-01-17\\\/ostschweiz-diskussion-ueber-fachkraeftemangel-im-gewerbe\\\/\"]}]},{\"@type\":\"ImageObject\",\"inLanguage\":\"de\",\"@id\":\"https:\\\/\\\/www.organisator.ch\\\/human-resources\\\/2023-01-17\\\/ostschweiz-diskussion-ueber-fachkraeftemangel-im-gewerbe\\\/#primaryimage\",\"url\":\"https:\\\/\\\/www.organisator.ch\\\/wp-content\\\/uploads\\\/2023\\\/01\\\/Ostschweiz-Diskussion-ueber-Fachkraeftemangel-im-Gewerbe_Organisator.jpg\",\"contentUrl\":\"https:\\\/\\\/www.organisator.ch\\\/wp-content\\\/uploads\\\/2023\\\/01\\\/Ostschweiz-Diskussion-ueber-Fachkraeftemangel-im-Gewerbe_Organisator.jpg\",\"width\":680,\"height\":450,\"caption\":\"Ostschweizer Gewerbetag vom 20. April 2023 wird es um das Thema \\\"Fachkr\u00e4ftemangel im Gewerbe\\\" gehen. (Bild: Galledia Event AG)\"},{\"@type\":\"BreadcrumbList\",\"@id\":\"https:\\\/\\\/www.organisator.ch\\\/human-resources\\\/2023-01-17\\\/ostschweiz-diskussion-ueber-fachkraeftemangel-im-gewerbe\\\/#breadcrumb\",\"itemListElement\":[{\"@type\":\"ListItem\",\"position\":1,\"name\":\"Home\",\"item\":\"https:\\\/\\\/www.organisator.ch\\\/\"},{\"@type\":\"ListItem\",\"position\":2,\"name\":\"Ostschweiz: Diskussion \u00fcber Fachkr\u00e4ftemangel im Gewerbe\"}]},{\"@type\":\"WebSite\",\"@id\":\"https:\\\/\\\/www.organisator.ch\\\/#website\",\"url\":\"https:\\\/\\\/www.organisator.ch\\\/\",\"name\":\"Organisator\",\"description\":\"Kompetent. Praxisnah. Der ORGANISATOR bereitet in 10 Ausgaben pro Jahr die wesentlichen Themen f\u00fcr F\u00fchrungskr\u00e4fte von KMU auf.\",\"publisher\":{\"@id\":\"https:\\\/\\\/www.organisator.ch\\\/#organization\"},\"potentialAction\":[{\"@type\":\"SearchAction\",\"target\":{\"@type\":\"EntryPoint\",\"urlTemplate\":\"https:\\\/\\\/www.organisator.ch\\\/?s={search_term_string}\"},\"query-input\":{\"@type\":\"PropertyValueSpecification\",\"valueRequired\":true,\"valueName\":\"search_term_string\"}}],\"inLanguage\":\"de\"},{\"@type\":\"Organization\",\"@id\":\"https:\\\/\\\/www.organisator.ch\\\/#organization\",\"name\":\"Organisator\",\"url\":\"https:\\\/\\\/www.organisator.ch\\\/\",\"logo\":{\"@type\":\"ImageObject\",\"inLanguage\":\"de\",\"@id\":\"https:\\\/\\\/www.organisator.ch\\\/#\\\/schema\\\/logo\\\/image\\\/\",\"url\":\"https:\\\/\\\/www.organisator.ch\\\/wp-content\\\/uploads\\\/2022\\\/01\\\/Logo_Organisator_Website.png\",\"contentUrl\":\"https:\\\/\\\/www.organisator.ch\\\/wp-content\\\/uploads\\\/2022\\\/01\\\/Logo_Organisator_Website.png\",\"width\":800,\"height\":77,\"caption\":\"Organisator\"},\"image\":{\"@id\":\"https:\\\/\\\/www.organisator.ch\\\/#\\\/schema\\\/logo\\\/image\\\/\"},\"sameAs\":[\"https:\\\/\\\/www.facebook.com\\\/OrganisatorFachmagazin\",\"https:\\\/\\\/www.linkedin.com\\\/showcase\\\/organisator-das-magazin-fr-kmu\",\"https:\\\/\\\/www.xing.com\\\/news\\\/pages\\\/organisator-ch-695\",\"https:\\\/\\\/www.youtube.com\\\/channel\\\/UCGP2Sq0iWaZwT3BdIAQFYpw\"]},{\"@type\":\"Person\",\"@id\":\"https:\\\/\\\/www.organisator.ch\\\/#\\\/schema\\\/person\\\/6f650f90b2842cd4c0cc334b4e36f67e\",\"name\":\"thomas.berner\",\"image\":{\"@type\":\"ImageObject\",\"inLanguage\":\"de\",\"@id\":\"https:\\\/\\\/secure.gravatar.com\\\/avatar\\\/ac5001d2a36cb6c6cd3e50789007ffca834b477b74a2144564522e944eabff61?s=96&d=mm&r=g\",\"url\":\"https:\\\/\\\/secure.gravatar.com\\\/avatar\\\/ac5001d2a36cb6c6cd3e50789007ffca834b477b74a2144564522e944eabff61?s=96&d=mm&r=g\",\"contentUrl\":\"https:\\\/\\\/secure.gravatar.com\\\/avatar\\\/ac5001d2a36cb6c6cd3e50789007ffca834b477b74a2144564522e944eabff61?s=96&d=mm&r=g\",\"caption\":\"thomas.berner\"},\"url\":\"https:\\\/\\\/www.organisator.ch\\\/de\\\/author\\\/thomas-berner\\\/\"}]}<\/script>\n<!-- \/ Yoast SEO plugin. -->","yoast_head_json":{"title":"Ostschweiz: Diskussion \u00fcber Fachkr\u00e4ftemangel im Gewerbe - Organisator","description":"Im Rahmen der Fr\u00fchlingsmesse OFFA diskutieren Ostschweizer Gewerbevertreter\/-innen am 20. April 2023 \u00fcber den Fachkr\u00e4ftemangel im Gewerbe.","robots":{"index":"index","follow":"follow","max-snippet":"max-snippet:-1","max-image-preview":"max-image-preview:large","max-video-preview":"max-video-preview:-1"},"canonical":"https:\/\/www.organisator.ch\/de\/human-resources\/2023-01-17\/ostschweiz-diskussion-ueber-fachkraeftemangel-im-gewerbe\/","og_locale":"de_DE","og_type":"article","og_title":"Ostschweiz: Diskussion \u00fcber Fachkr\u00e4ftemangel im Gewerbe","og_description":"Im Rahmen der Fr\u00fchlingsmesse OFFA diskutieren Ostschweizer Gewerbevertreter\/-innen am 20. April 2023 \u00fcber den Fachkr\u00e4ftemangel im Gewerbe.","og_url":"https:\/\/www.organisator.ch\/de\/human-resources\/2023-01-17\/ostschweiz-diskussion-ueber-fachkraeftemangel-im-gewerbe\/","og_site_name":"Organisator","article_publisher":"https:\/\/www.facebook.com\/OrganisatorFachmagazin","article_published_time":"2023-01-17T12:59:20+00:00","og_image":[{"width":680,"height":450,"url":"https:\/\/www.organisator.ch\/wp-content\/uploads\/2023\/01\/Ostschweiz-Diskussion-ueber-Fachkraeftemangel-im-Gewerbe_Organisator.jpg","type":"image\/jpeg"}],"author":"thomas.berner","twitter_card":"summary_large_image","twitter_title":"#Ostschweiz: Diskussion \u00fcber #Fachkr\u00e4ftemangel im Gewerbe","twitter_description":"Im Rahmen der #Fr\u00fchlingsmesse #OFFA diskutieren #Ostschweizer Gewerbevertreter\/-innen am 20. April 2023 \u00fcber den #Fachkr\u00e4ftemangel im #Gewerbe.","twitter_image":"https:\/\/www.organisator.ch\/wp-content\/uploads\/2023\/01\/Ostschweiz-Diskussion-ueber-Fachkraeftemangel-im-Gewerbe_Organisator.jpg","schema":{"@context":"https:\/\/schema.org","@graph":[{"@type":"Article","@id":"https:\/\/www.organisator.ch\/human-resources\/2023-01-17\/ostschweiz-diskussion-ueber-fachkraeftemangel-im-gewerbe\/#article","isPartOf":{"@id":"https:\/\/www.organisator.ch\/human-resources\/2023-01-17\/ostschweiz-diskussion-ueber-fachkraeftemangel-im-gewerbe\/"},"author":{"name":"thomas.berner","@id":"https:\/\/www.organisator.ch\/#\/schema\/person\/6f650f90b2842cd4c0cc334b4e36f67e"},"headline":"Ostschweiz: Diskussion \u00fcber Fachkr\u00e4ftemangel im Gewerbe","datePublished":"2023-01-17T12:59:20+00:00","mainEntityOfPage":{"@id":"https:\/\/www.organisator.ch\/human-resources\/2023-01-17\/ostschweiz-diskussion-ueber-fachkraeftemangel-im-gewerbe\/"},"wordCount":214,"publisher":{"@id":"https:\/\/www.organisator.ch\/#organization"},"image":{"@id":"https:\/\/www.organisator.ch\/human-resources\/2023-01-17\/ostschweiz-diskussion-ueber-fachkraeftemangel-im-gewerbe\/#primaryimage"},"thumbnailUrl":"https:\/\/www.organisator.ch\/wp-content\/uploads\/2023\/01\/Ostschweiz-Diskussion-ueber-Fachkraeftemangel-im-Gewerbe_Organisator.jpg","keywords":["Fachkongress\/Fachmesse","Fachkr\u00e4ftemangel","Management und Unternehmensf\u00fchrung"],"articleSection":["HUMAN RESOURCES"],"inLanguage":"de"},{"@type":"WebPage","@id":"https:\/\/www.organisator.ch\/human-resources\/2023-01-17\/ostschweiz-diskussion-ueber-fachkraeftemangel-im-gewerbe\/","url":"https:\/\/www.organisator.ch\/human-resources\/2023-01-17\/ostschweiz-diskussion-ueber-fachkraeftemangel-im-gewerbe\/","name":"Ostschweiz: Diskussion \u00fcber Fachkr\u00e4ftemangel im Gewerbe - Organisator","isPartOf":{"@id":"https:\/\/www.organisator.ch\/#website"},"primaryImageOfPage":{"@id":"https:\/\/www.organisator.ch\/human-resources\/2023-01-17\/ostschweiz-diskussion-ueber-fachkraeftemangel-im-gewerbe\/#primaryimage"},"image":{"@id":"https:\/\/www.organisator.ch\/human-resources\/2023-01-17\/ostschweiz-diskussion-ueber-fachkraeftemangel-im-gewerbe\/#primaryimage"},"thumbnailUrl":"https:\/\/www.organisator.ch\/wp-content\/uploads\/2023\/01\/Ostschweiz-Diskussion-ueber-Fachkraeftemangel-im-Gewerbe_Organisator.jpg","datePublished":"2023-01-17T12:59:20+00:00","description":"Im Rahmen der Fr\u00fchlingsmesse OFFA diskutieren Ostschweizer Gewerbevertreter\/-innen am 20. April 2023 \u00fcber den Fachkr\u00e4ftemangel im Gewerbe.","breadcrumb":{"@id":"https:\/\/www.organisator.ch\/human-resources\/2023-01-17\/ostschweiz-diskussion-ueber-fachkraeftemangel-im-gewerbe\/#breadcrumb"},"inLanguage":"de","potentialAction":[{"@type":"ReadAction","target":["https:\/\/www.organisator.ch\/human-resources\/2023-01-17\/ostschweiz-diskussion-ueber-fachkraeftemangel-im-gewerbe\/"]}]},{"@type":"ImageObject","inLanguage":"de","@id":"https:\/\/www.organisator.ch\/human-resources\/2023-01-17\/ostschweiz-diskussion-ueber-fachkraeftemangel-im-gewerbe\/#primaryimage","url":"https:\/\/www.organisator.ch\/wp-content\/uploads\/2023\/01\/Ostschweiz-Diskussion-ueber-Fachkraeftemangel-im-Gewerbe_Organisator.jpg","contentUrl":"https:\/\/www.organisator.ch\/wp-content\/uploads\/2023\/01\/Ostschweiz-Diskussion-ueber-Fachkraeftemangel-im-Gewerbe_Organisator.jpg","width":680,"height":450,"caption":"Ostschweizer Gewerbetag vom 20. April 2023 wird es um das Thema \"Fachkr\u00e4ftemangel im Gewerbe\" gehen. (Bild: Galledia Event AG)"},{"@type":"BreadcrumbList","@id":"https:\/\/www.organisator.ch\/human-resources\/2023-01-17\/ostschweiz-diskussion-ueber-fachkraeftemangel-im-gewerbe\/#breadcrumb","itemListElement":[{"@type":"ListItem","position":1,"name":"Home","item":"https:\/\/www.organisator.ch\/"},{"@type":"ListItem","position":2,"name":"Ostschweiz: Diskussion \u00fcber Fachkr\u00e4ftemangel im Gewerbe"}]},{"@type":"WebSite","@id":"https:\/\/www.organisator.ch\/#website","url":"https:\/\/www.organisator.ch\/","name":"Organisator","description":"Kompetent. Praxisnah. Der ORGANISATOR bereitet in 10 Ausgaben pro Jahr die wesentlichen Themen f\u00fcr F\u00fchrungskr\u00e4fte von KMU auf.","publisher":{"@id":"https:\/\/www.organisator.ch\/#organization"},"potentialAction":[{"@type":"SearchAction","target":{"@type":"EntryPoint","urlTemplate":"https:\/\/www.organisator.ch\/?s={search_term_string}"},"query-input":{"@type":"PropertyValueSpecification","valueRequired":true,"valueName":"search_term_string"}}],"inLanguage":"de"},{"@type":"Organization","@id":"https:\/\/www.organisator.ch\/#organization","name":"Organisator","url":"https:\/\/www.organisator.ch\/","logo":{"@type":"ImageObject","inLanguage":"de","@id":"https:\/\/www.organisator.ch\/#\/schema\/logo\/image\/","url":"https:\/\/www.organisator.ch\/wp-content\/uploads\/2022\/01\/Logo_Organisator_Website.png","contentUrl":"https:\/\/www.organisator.ch\/wp-content\/uploads\/2022\/01\/Logo_Organisator_Website.png","width":800,"height":77,"caption":"Organisator"},"image":{"@id":"https:\/\/www.organisator.ch\/#\/schema\/logo\/image\/"},"sameAs":["https:\/\/www.facebook.com\/OrganisatorFachmagazin","https:\/\/www.linkedin.com\/showcase\/organisator-das-magazin-fr-kmu","https:\/\/www.xing.com\/news\/pages\/organisator-ch-695","https:\/\/www.youtube.com\/channel\/UCGP2Sq0iWaZwT3BdIAQFYpw"]},{"@type":"Person","@id":"https:\/\/www.organisator.ch\/#\/schema\/person\/6f650f90b2842cd4c0cc334b4e36f67e","name":"thomas.berner","image":{"@type":"ImageObject","inLanguage":"de","@id":"https:\/\/secure.gravatar.com\/avatar\/ac5001d2a36cb6c6cd3e50789007ffca834b477b74a2144564522e944eabff61?s=96&d=mm&r=g","url":"https:\/\/secure.gravatar.com\/avatar\/ac5001d2a36cb6c6cd3e50789007ffca834b477b74a2144564522e944eabff61?s=96&d=mm&r=g","contentUrl":"https:\/\/secure.gravatar.com\/avatar\/ac5001d2a36cb6c6cd3e50789007ffca834b477b74a2144564522e944eabff61?s=96&d=mm&r=g","caption":"thomas.berner"},"url":"https:\/\/www.organisator.ch\/de\/author\/thomas-berner\/"}]}},"_links":{"self":[{"href":"https:\/\/www.organisator.ch\/de\/wp-json\/wp\/v2\/posts\/18509","targetHints":{"allow":["GET"]}}],"collection":[{"href":"https:\/\/www.organisator.ch\/de\/wp-json\/wp\/v2\/posts"}],"about":[{"href":"https:\/\/www.organisator.ch\/de\/wp-json\/wp\/v2\/types\/post"}],"author":[{"embeddable":true,"href":"https:\/\/www.organisator.ch\/de\/wp-json\/wp\/v2\/users\/4"}],"replies":[{"embeddable":true,"href":"https:\/\/www.organisator.ch\/de\/wp-json\/wp\/v2\/comments?post=18509"}],"version-history":[{"count":1,"href":"https:\/\/www.organisator.ch\/de\/wp-json\/wp\/v2\/posts\/18509\/revisions"}],"predecessor-version":[{"id":18514,"href":"https:\/\/www.organisator.ch\/de\/wp-json\/wp\/v2\/posts\/18509\/revisions\/18514"}],"wp:featuredmedia":[{"embeddable":true,"href":"https:\/\/www.organisator.ch\/de\/wp-json\/wp\/v2\/media\/18510"}],"wp:attachment":[{"href":"https:\/\/www.organisator.ch\/de\/wp-json\/wp\/v2\/media?parent=18509"}],"wp:term":[{"taxonomy":"category","embeddable":true,"href":"https:\/\/www.organisator.ch\/de\/wp-json\/wp\/v2\/categories?post=18509"},{"taxonomy":"post_tag","embeddable":true,"href":"https:\/\/www.organisator.ch\/de\/wp-json\/wp\/v2\/tags?post=18509"}],"curies":[{"name":"wp","href":"https:\/\/api.w.org\/{rel}","templated":true}]}}