{"id":18519,"date":"2023-01-18T06:09:32","date_gmt":"2023-01-18T05:09:32","guid":{"rendered":"https:\/\/www.organisator.ch\/?p=18519"},"modified":"2023-01-17T17:05:35","modified_gmt":"2023-01-17T16:05:35","slug":"finalisten-fuer-den-prix-svc-zentralschweiz-2023-bekanntgegeben","status":"publish","type":"post","link":"https:\/\/www.organisator.ch\/de\/management\/2023-01-18\/finalisten-fuer-den-prix-svc-zentralschweiz-2023-bekanntgegeben\/","title":{"rendered":"Finalisten f\u00fcr den Prix SVC Zentralschweiz 2023 bekanntgegeben"},"content":{"rendered":"<figure id=\"attachment_18521\" aria-describedby=\"caption-attachment-18521\" style=\"width: 680px\" class=\"wp-caption alignnone\"><img loading=\"lazy\" decoding=\"async\" class=\"size-full wp-image-18521\" src=\"https:\/\/www.organisator.ch\/wp-content\/uploads\/2023\/01\/Finalisten-fuer-den-Prix-SVC-Zentralschweiz-2023-bekanntgegeben-1_Organisator.jpg\" alt=\"\" width=\"680\" height=\"450\" srcset=\"https:\/\/www.organisator.ch\/wp-content\/uploads\/2023\/01\/Finalisten-fuer-den-Prix-SVC-Zentralschweiz-2023-bekanntgegeben-1_Organisator.jpg 680w, https:\/\/www.organisator.ch\/wp-content\/uploads\/2023\/01\/Finalisten-fuer-den-Prix-SVC-Zentralschweiz-2023-bekanntgegeben-1_Organisator-18x12.jpg 18w, https:\/\/www.organisator.ch\/wp-content\/uploads\/2023\/01\/Finalisten-fuer-den-Prix-SVC-Zentralschweiz-2023-bekanntgegeben-1_Organisator-375x248.jpg 375w, https:\/\/www.organisator.ch\/wp-content\/uploads\/2023\/01\/Finalisten-fuer-den-Prix-SVC-Zentralschweiz-2023-bekanntgegeben-1_Organisator-529x350.jpg 529w\" sizes=\"auto, (max-width: 680px) 100vw, 680px\" \/><figcaption id=\"caption-attachment-18521\" class=\"wp-caption-text\">Um diese Troph\u00e4e geht es dann am 2. Mai 2023 in Luzern: Wer von den sechs Finalisten gewinnt den Prix SVC Zentralschweiz 2023? (Bild: Thomas Berner)<\/figcaption><\/figure>\n<p>Tr\u00e4ger und Initiant der Prix SVC Verleihungen ist der Swiss Venture Club, ein unabh\u00e4ngiger Verein zur F\u00f6rderung und Unterst\u00fctzung von KMU in der Schweiz. Mit dem Prix SVC Zentralschweiz zeichnet er vorbildliche KMU aus, die durch ihre innovativen Produkte und Dienstleistungen, ihre Firmenkultur, die Qualit\u00e4t der Mitarbeitenden und des Managements sowie durch einen nachhaltigen Erfolgsausweis \u00fcberzeugen. Voraussetzung f\u00fcr die Nomination durch die Jury ist eine starke Verankerung in der Region.<\/p>\n<p>F\u00fcr die diesj\u00e4hrige Preisverleihung kann die Jury auf sechs eindr\u00fcckliche Erfolgsgeschichten aus der Wirtschaftsregion Zentralschweiz verweisen (die nachfolgenden Bilder zeigen Impressionen vom Firmenbesuchstag der Jury). Die Finalisten sind (in alphabetischer Reihenfolge):<\/p>\n<ul>\n<li><strong>Bachmann Forming AG: <\/strong>Die Mutterunternehmung Bachmann Group ist ein \u00fcber 50-j\u00e4hriger Schweizer Familienbetrieb mit Sitz in Hochdorf im Luzerner Seetal. Die Bachmann Forming AG entwickelt und produziert massgeschneiderte, intelligente Verpackungsl\u00f6sungen f\u00fcr den Food-Bereich. Ebenfalls stellen sie Kapsel-L\u00f6sungen her f\u00fcr Kaffee und weitere Multi-Beverage-Anwendungen und fertigen Verpackungen f\u00fcr die Pharma- und Medtech-Branche unter Reinraumbedingungen mit sterilisationsf\u00e4higen Materialien. Die Unternehmensgruppe wird bereits in zweiter Generation von Reto Bachmann gef\u00fchrt und besch\u00e4ftigt 280 engagierte Mitarbeitende.<br \/>\n<a href=\"https:\/\/www.bachmann.ch\">https:\/\/www.bachmann.ch<\/a><\/li>\n<\/ul>\n<figure id=\"attachment_18522\" aria-describedby=\"caption-attachment-18522\" style=\"width: 680px\" class=\"wp-caption alignnone\"><img loading=\"lazy\" decoding=\"async\" class=\"size-full wp-image-18522\" src=\"https:\/\/www.organisator.ch\/wp-content\/uploads\/2023\/01\/Finalisten-fuer-den-Prix-SVC-Zentralschweiz-2023-bekanntgegeben-2_Organisator.jpg\" alt=\"\" width=\"680\" height=\"453\" srcset=\"https:\/\/www.organisator.ch\/wp-content\/uploads\/2023\/01\/Finalisten-fuer-den-Prix-SVC-Zentralschweiz-2023-bekanntgegeben-2_Organisator.jpg 680w, https:\/\/www.organisator.ch\/wp-content\/uploads\/2023\/01\/Finalisten-fuer-den-Prix-SVC-Zentralschweiz-2023-bekanntgegeben-2_Organisator-18x12.jpg 18w, https:\/\/www.organisator.ch\/wp-content\/uploads\/2023\/01\/Finalisten-fuer-den-Prix-SVC-Zentralschweiz-2023-bekanntgegeben-2_Organisator-375x250.jpg 375w, https:\/\/www.organisator.ch\/wp-content\/uploads\/2023\/01\/Finalisten-fuer-den-Prix-SVC-Zentralschweiz-2023-bekanntgegeben-2_Organisator-525x350.jpg 525w\" sizes=\"auto, (max-width: 680px) 100vw, 680px\" \/><figcaption id=\"caption-attachment-18522\" class=\"wp-caption-text\">Blick in die Produktion bei Bachmann Forming AG. (Bild: Conciatori Roberto Photographer SBF\/SSM)<\/figcaption><\/figure>\n<ul>\n<li><strong>EVZ Holding AG: <\/strong>Der EVZ ist der gr\u00f6sste Eishockeyclub der Zentralschweiz und dar\u00fcber hinaus ein innovatives Sportunternehmen mit rund 110 Festangestellten und 500 Teilzeitmitarbeitenden in den Bereichen Sport, Management, Nachwuchs und Gastronomie. Mit 15 Nachwuchsmannschaften und dem hauseigenen Ausbildungskonzept \u00abThe Hockey Academy\u00bb setzt der EVZ auf nachhaltige und langfristige Jugendf\u00f6rderung. Der EVZ wird von CEO Patrick Lengwiler gef\u00fchrt und umfasst die EVZ Holding AG und deren Tochterunternehmen EVZ Nachwuchs AG, The Hockey Academy AG, EVZ Sport AG, EVZ Gastro AG und EVZ Management AG, sowie den Eissportverein Zug.<br \/>\n<a href=\"https:\/\/www.evz.ch\">https:\/\/www.evz.ch<\/a><\/li>\n<\/ul>\n<figure id=\"attachment_18523\" aria-describedby=\"caption-attachment-18523\" style=\"width: 680px\" class=\"wp-caption alignnone\"><img loading=\"lazy\" decoding=\"async\" class=\"size-full wp-image-18523\" src=\"https:\/\/www.organisator.ch\/wp-content\/uploads\/2023\/01\/Finalisten-fuer-den-Prix-SVC-Zentralschweiz-2023-bekanntgegeben-3_Organisator.jpg\" alt=\"\" width=\"680\" height=\"415\" srcset=\"https:\/\/www.organisator.ch\/wp-content\/uploads\/2023\/01\/Finalisten-fuer-den-Prix-SVC-Zentralschweiz-2023-bekanntgegeben-3_Organisator.jpg 680w, https:\/\/www.organisator.ch\/wp-content\/uploads\/2023\/01\/Finalisten-fuer-den-Prix-SVC-Zentralschweiz-2023-bekanntgegeben-3_Organisator-18x12.jpg 18w, https:\/\/www.organisator.ch\/wp-content\/uploads\/2023\/01\/Finalisten-fuer-den-Prix-SVC-Zentralschweiz-2023-bekanntgegeben-3_Organisator-375x229.jpg 375w, https:\/\/www.organisator.ch\/wp-content\/uploads\/2023\/01\/Finalisten-fuer-den-Prix-SVC-Zentralschweiz-2023-bekanntgegeben-3_Organisator-573x350.jpg 573w\" sizes=\"auto, (max-width: 680px) 100vw, 680px\" \/><figcaption id=\"caption-attachment-18523\" class=\"wp-caption-text\">F\u00fcr einmal durfte sich die Jury wie die Spieler des EVZ f\u00fchlen. (Bild: Conciatori Roberto Photographer SBF\/SSM)<\/figcaption><\/figure>\n<ul>\n<li><strong>InfoGuard AG: <\/strong>InfoGuard ist ein f\u00fchrendes und unabh\u00e4ngiges Schweizer Unternehmen f\u00fcr umfassende Cyber-Security. 200 Sicherheitsexpert\/-innen setzen sich tagt\u00e4glich f\u00fcr die Cyber-Sicherheit bei \u00fcber 400 Gesch\u00e4ftskunden in der Schweiz, Deutschland und \u00d6sterreich ein. Zu den Kunden z\u00e4hlen namhafte Banken, Versicherungen, Industrieunternehmen, Energiedienstleister, Spit\u00e4ler sowie Service Provider und Beh\u00f6rden. InfoGuard ist eine eigenst\u00e4ndige Gesellschaft, vollst\u00e4ndig im Besitz der Gesch\u00e4ftsleitung und des Verwaltungsrats mit Beteiligung des Kaders. CEO und Delegierter des Verwaltungsrates ist Thomas Meier.<br \/>\n<a href=\"https:\/\/www.infoguard.ch\">https:\/\/www.infoguard.ch<\/a><\/li>\n<\/ul>\n<figure id=\"attachment_18524\" aria-describedby=\"caption-attachment-18524\" style=\"width: 680px\" class=\"wp-caption alignnone\"><img loading=\"lazy\" decoding=\"async\" class=\"size-full wp-image-18524\" src=\"https:\/\/www.organisator.ch\/wp-content\/uploads\/2023\/01\/Finalisten-fuer-den-Prix-SVC-Zentralschweiz-2023-bekanntgegeben-4_Organisator.jpg\" alt=\"\" width=\"680\" height=\"453\" srcset=\"https:\/\/www.organisator.ch\/wp-content\/uploads\/2023\/01\/Finalisten-fuer-den-Prix-SVC-Zentralschweiz-2023-bekanntgegeben-4_Organisator.jpg 680w, https:\/\/www.organisator.ch\/wp-content\/uploads\/2023\/01\/Finalisten-fuer-den-Prix-SVC-Zentralschweiz-2023-bekanntgegeben-4_Organisator-18x12.jpg 18w, https:\/\/www.organisator.ch\/wp-content\/uploads\/2023\/01\/Finalisten-fuer-den-Prix-SVC-Zentralschweiz-2023-bekanntgegeben-4_Organisator-375x250.jpg 375w, https:\/\/www.organisator.ch\/wp-content\/uploads\/2023\/01\/Finalisten-fuer-den-Prix-SVC-Zentralschweiz-2023-bekanntgegeben-4_Organisator-525x350.jpg 525w\" sizes=\"auto, (max-width: 680px) 100vw, 680px\" \/><figcaption id=\"caption-attachment-18524\" class=\"wp-caption-text\">Pr\u00e4sentation der Firma InfoGuard. (Bild: Conciatori Roberto Photographer SBF\/SSM)<\/figcaption><\/figure>\n<ul>\n<li><strong>Pirmin Jung Schweiz AG: <\/strong>Der Grundstein des heutigen Erfolgs des Unternehmens wurde mit der Berufswahl des Firmeninhabers Pirmin Jung als gelernter Zimmermann gelegt. Seit 1996 entwickelt und f\u00f6rdert das Unternehmen das Bauen mit Holz \u2013 aus \u00dcberzeugung. \u00dcber 100 Ingenieur\/-innen und Planer\/-innen an mehreren Standorten in der Schweiz und in Deutschland begleiten Projekte in den Bereichen Tragwerksplanung, Bauphysik und Brandschutz. Mit ihrem neuen Firmensitz \u00abHaus des Holzes\u00bb in Sursee setzt Pirmin Jung ihre Firmenphilosophie \u00abVerantwortungsvoll bauen\u00bb tragend um. Das Entwicklungs- und Vorzeigeprojekt f\u00fcr digitales, klimagerechtes und kreislauff\u00e4higes Planen und Bauen wird den h\u00f6chsten gesellschaftlichen, \u00f6kologischen und \u00f6konomischen Anliegen gerecht.<br \/>\n<a href=\"https:\/\/www.pirminjung.ch\">https:\/\/www.pirminjung.ch<\/a><\/li>\n<\/ul>\n<figure id=\"attachment_18525\" aria-describedby=\"caption-attachment-18525\" style=\"width: 680px\" class=\"wp-caption alignnone\"><img loading=\"lazy\" decoding=\"async\" class=\"size-full wp-image-18525\" src=\"https:\/\/www.organisator.ch\/wp-content\/uploads\/2023\/01\/Finalisten-fuer-den-Prix-SVC-Zentralschweiz-2023-bekanntgegeben-5_Organisator.jpg\" alt=\"\" width=\"680\" height=\"453\" srcset=\"https:\/\/www.organisator.ch\/wp-content\/uploads\/2023\/01\/Finalisten-fuer-den-Prix-SVC-Zentralschweiz-2023-bekanntgegeben-5_Organisator.jpg 680w, https:\/\/www.organisator.ch\/wp-content\/uploads\/2023\/01\/Finalisten-fuer-den-Prix-SVC-Zentralschweiz-2023-bekanntgegeben-5_Organisator-18x12.jpg 18w, https:\/\/www.organisator.ch\/wp-content\/uploads\/2023\/01\/Finalisten-fuer-den-Prix-SVC-Zentralschweiz-2023-bekanntgegeben-5_Organisator-375x250.jpg 375w, https:\/\/www.organisator.ch\/wp-content\/uploads\/2023\/01\/Finalisten-fuer-den-Prix-SVC-Zentralschweiz-2023-bekanntgegeben-5_Organisator-525x350.jpg 525w\" sizes=\"auto, (max-width: 680px) 100vw, 680px\" \/><figcaption id=\"caption-attachment-18525\" class=\"wp-caption-text\">Holzbau in vielen Facetten, pr\u00e4sentiert von der Firma Pirmin Jung. (Bild: Conciatori Roberto Photographer SBF\/SSM)<\/figcaption><\/figure>\n<ul>\n<li><strong>St\u00f6ckli Swiss Sports AG: <\/strong>Die St\u00f6ckli Swiss Sports AG ist der erfolgreichste Skihersteller der Schweiz, sowohl im Verkauf von Ski als auch im aktiven Rennsport. Das Unternehmen betreibt in der Schweiz 10 Sportfachgesch\u00e4fte, 2 Testcenter und beliefert selektiv den Schweizer Sportfachhandel. \u00dcber 60 Prozent der j\u00e4hrlichen Skiproduktion wird in \u00fcber 40 L\u00e4nder exportiert. Das seit 1935 bestehende Traditionsunternehmen mit Sitz in Malters (LU) ist in Familienbesitz und wird von CEO Marc Gl\u00e4ser gef\u00fchrt.<br \/>\n<a href=\"https:\/\/www.stoeckli.ch\">https:\/\/www.stoeckli.ch<\/a><\/li>\n<\/ul>\n<figure id=\"attachment_18526\" aria-describedby=\"caption-attachment-18526\" style=\"width: 680px\" class=\"wp-caption alignnone\"><img loading=\"lazy\" decoding=\"async\" class=\"size-full wp-image-18526\" src=\"https:\/\/www.organisator.ch\/wp-content\/uploads\/2023\/01\/Finalisten-fuer-den-Prix-SVC-Zentralschweiz-2023-bekanntgegeben-6_Organisator.jpg\" alt=\"\" width=\"680\" height=\"453\" srcset=\"https:\/\/www.organisator.ch\/wp-content\/uploads\/2023\/01\/Finalisten-fuer-den-Prix-SVC-Zentralschweiz-2023-bekanntgegeben-6_Organisator.jpg 680w, https:\/\/www.organisator.ch\/wp-content\/uploads\/2023\/01\/Finalisten-fuer-den-Prix-SVC-Zentralschweiz-2023-bekanntgegeben-6_Organisator-18x12.jpg 18w, https:\/\/www.organisator.ch\/wp-content\/uploads\/2023\/01\/Finalisten-fuer-den-Prix-SVC-Zentralschweiz-2023-bekanntgegeben-6_Organisator-375x250.jpg 375w, https:\/\/www.organisator.ch\/wp-content\/uploads\/2023\/01\/Finalisten-fuer-den-Prix-SVC-Zentralschweiz-2023-bekanntgegeben-6_Organisator-525x350.jpg 525w\" sizes=\"auto, (max-width: 680px) 100vw, 680px\" \/><figcaption id=\"caption-attachment-18526\" class=\"wp-caption-text\">Skis, mit denen auch Schweizer Sportler auf den Pisten f\u00fcr Furore sorgen. (Bild: Conciatori Roberto Photographer SBF\/SSM)<\/figcaption><\/figure>\n<ul>\n<li><strong>Trihow AG: <\/strong>Die Geburtsstunde der Trihow AG begann bei einem k\u00fchlen Bier und einer angeregten Diskussion zwischen Beat Kn\u00fcsel (CEO &amp; Co-Founder) und Patrick Link (Innovation &amp; Co-Founder). Dabei wurde den beiden immer klarer, dass die Digitalisierung zwar voranschreitet, jedoch zu sehr technik- statt menschorientiert ist. Seither verbindet Trihow die analoge mit der digitalen Welt. Durch die Interaktion mit haptischen Elementen werden digitale Inhalte einfach zug\u00e4nglich und erlebbar. Die 15 Mitarbeitenden von Trihow entwickeln gemeinsam mit ihrer Kundschaft ganzheitliche und menschgerechte L\u00f6sungen im hybriden Raum: Ob im Retail, bei Beratungssituationen oder Konfigurationen &#8211; Trihow macht digital verf\u00fcgbare Inhalte \u00abbe-greifbar\u00bb und bringt dadurch das Kundenerlebnis auf ein verbl\u00fcffend neues Level.<br \/>\n<a href=\"https:\/\/trihow.com\">https:\/\/trihow.com<\/a><\/li>\n<\/ul>\n<figure id=\"attachment_18527\" aria-describedby=\"caption-attachment-18527\" style=\"width: 680px\" class=\"wp-caption alignnone\"><img loading=\"lazy\" decoding=\"async\" class=\"size-full wp-image-18527\" src=\"https:\/\/www.organisator.ch\/wp-content\/uploads\/2023\/01\/Finalisten-fuer-den-Prix-SVC-Zentralschweiz-2023-bekanntgegeben-7_Organisator.jpg\" alt=\"\" width=\"680\" height=\"453\" srcset=\"https:\/\/www.organisator.ch\/wp-content\/uploads\/2023\/01\/Finalisten-fuer-den-Prix-SVC-Zentralschweiz-2023-bekanntgegeben-7_Organisator.jpg 680w, https:\/\/www.organisator.ch\/wp-content\/uploads\/2023\/01\/Finalisten-fuer-den-Prix-SVC-Zentralschweiz-2023-bekanntgegeben-7_Organisator-18x12.jpg 18w, https:\/\/www.organisator.ch\/wp-content\/uploads\/2023\/01\/Finalisten-fuer-den-Prix-SVC-Zentralschweiz-2023-bekanntgegeben-7_Organisator-375x250.jpg 375w, https:\/\/www.organisator.ch\/wp-content\/uploads\/2023\/01\/Finalisten-fuer-den-Prix-SVC-Zentralschweiz-2023-bekanntgegeben-7_Organisator-525x350.jpg 525w\" sizes=\"auto, (max-width: 680px) 100vw, 680px\" \/><figcaption id=\"caption-attachment-18527\" class=\"wp-caption-text\">Ideenwerkstatt bei der Trihow AG. (Bild: Conciatori Roberto Photographer SBF\/SSM)<\/figcaption><\/figure>\n<p>Die Verleihung des Prix SVC Zentralschweiz 2023 findet am Dienstag, 2. Mai 2023, im Kultur- und Kongresszentrum Luzern (KKL) statt. Erwartet werden 1&#8217;000 G\u00e4ste aus Wirtschaft, Wissenschaft, Politik und Kultur. Durch die Verleihung f\u00fchrt Nik Hartmann.<\/p>\n<p><em>Weitere Informationen: <a href=\"http:\/\/www.svc.swiss\">www.svc.swiss<\/a><\/em><\/p>\n","protected":false},"excerpt":{"rendered":"<p>Tr\u00e4ger und Initiant der Prix SVC Verleihungen ist der Swiss Venture Club, ein unabh\u00e4ngiger Verein zur F\u00f6rderung und Unterst\u00fctzung von KMU in der Schweiz. Mit dem Prix SVC Zentralschweiz zeichnet er vorbildliche KMU aus, die durch ihre innovativen Produkte und Dienstleistungen, ihre Firmenkultur, die Qualit\u00e4t der Mitarbeitenden und des Managements sowie durch einen nachhaltigen Erfolgsausweis [&hellip;]<\/p>\n","protected":false},"author":4,"featured_media":18521,"comment_status":"closed","ping_status":"closed","sticky":false,"template":"","format":"standard","meta":{"_acf_changed":false,"_yoast_wpseo_focuskw":"Prix SVC Zentralschweiz 2023","_yoast_wpseo_metadesc":"Das Unternehmernetzwerk Swiss Venture Club (SVC) vergibt am 2. Mai 2023 den Prix SVC Zentralschweiz 2023. Sechs Unternehmen stehen im Final.","articlekey":"","footnotes":""},"categories":[28],"tags":[66,335,390],"class_list":["post-18519","post","type-post","status-publish","format-standard","has-post-thumbnail","hentry","category-management","tag-awards","tag-management-und-unternehmensfuehrung","tag-prix-svc"],"acf":[],"yoast_head":"<!-- This site is optimized with the Yoast SEO plugin v27.5 - https:\/\/yoast.com\/product\/yoast-seo-wordpress\/ -->\n<title>Finalisten f\u00fcr den Prix SVC Zentralschweiz 2023 bekanntgegeben - Organisator<\/title>\n<meta name=\"description\" content=\"Das Unternehmernetzwerk Swiss Venture Club (SVC) vergibt am 2. Mai 2023 den Prix SVC Zentralschweiz 2023. Sechs Unternehmen stehen im Final.\" \/>\n<meta name=\"robots\" content=\"index, follow, max-snippet:-1, max-image-preview:large, max-video-preview:-1\" \/>\n<link rel=\"canonical\" href=\"https:\/\/www.organisator.ch\/de\/management\/2023-01-18\/finalisten-fuer-den-prix-svc-zentralschweiz-2023-bekanntgegeben\/\" \/>\n<meta property=\"og:locale\" content=\"de_DE\" \/>\n<meta property=\"og:type\" content=\"article\" \/>\n<meta property=\"og:title\" content=\"Finalisten f\u00fcr den Prix SVC Zentralschweiz 2023 bekanntgegeben\" \/>\n<meta property=\"og:description\" content=\"Das Unternehmernetzwerk Swiss Venture Club (SVC) vergibt am 2. Mai 2023 den Prix SVC Zentralschweiz 2023. Sechs Unternehmen stehen im Final.\" \/>\n<meta property=\"og:url\" content=\"https:\/\/www.organisator.ch\/de\/management\/2023-01-18\/finalisten-fuer-den-prix-svc-zentralschweiz-2023-bekanntgegeben\/\" \/>\n<meta property=\"og:site_name\" content=\"Organisator\" \/>\n<meta property=\"article:publisher\" content=\"https:\/\/www.facebook.com\/OrganisatorFachmagazin\" \/>\n<meta property=\"article:published_time\" content=\"2023-01-18T05:09:32+00:00\" \/>\n<meta property=\"og:image\" content=\"https:\/\/www.organisator.ch\/wp-content\/uploads\/2023\/01\/Finalisten-fuer-den-Prix-SVC-Zentralschweiz-2023-bekanntgegeben-1_Organisator.jpg\" \/>\n\t<meta property=\"og:image:width\" content=\"680\" \/>\n\t<meta property=\"og:image:height\" content=\"450\" \/>\n\t<meta property=\"og:image:type\" content=\"image\/jpeg\" \/>\n<meta name=\"author\" content=\"thomas.berner\" \/>\n<meta name=\"twitter:card\" content=\"summary_large_image\" \/>\n<meta name=\"twitter:title\" content=\"#Finalisten f\u00fcr den Prix #SVC #Zentralschweiz 2023 bekanntgegeben\" \/>\n<meta name=\"twitter:description\" content=\"Das #Unternehmernetzwerk Swiss Venture Club (SVC) vergibt am 2. Mai 2023 den Prix SVC #Zentralschweiz 2023. Sechs Unternehmen stehen im Final.\" \/>\n<meta name=\"twitter:image\" content=\"https:\/\/www.organisator.ch\/wp-content\/uploads\/2023\/01\/Finalisten-fuer-den-Prix-SVC-Zentralschweiz-2023-bekanntgegeben-1_Organisator.jpg\" \/>\n<script type=\"application\/ld+json\" class=\"yoast-schema-graph\">{\"@context\":\"https:\\\/\\\/schema.org\",\"@graph\":[{\"@type\":\"Article\",\"@id\":\"https:\\\/\\\/www.organisator.ch\\\/management\\\/2023-01-18\\\/finalisten-fuer-den-prix-svc-zentralschweiz-2023-bekanntgegeben\\\/#article\",\"isPartOf\":{\"@id\":\"https:\\\/\\\/www.organisator.ch\\\/management\\\/2023-01-18\\\/finalisten-fuer-den-prix-svc-zentralschweiz-2023-bekanntgegeben\\\/\"},\"author\":{\"name\":\"thomas.berner\",\"@id\":\"https:\\\/\\\/www.organisator.ch\\\/#\\\/schema\\\/person\\\/6f650f90b2842cd4c0cc334b4e36f67e\"},\"headline\":\"Finalisten f\u00fcr den Prix SVC Zentralschweiz 2023 bekanntgegeben\",\"datePublished\":\"2023-01-18T05:09:32+00:00\",\"mainEntityOfPage\":{\"@id\":\"https:\\\/\\\/www.organisator.ch\\\/management\\\/2023-01-18\\\/finalisten-fuer-den-prix-svc-zentralschweiz-2023-bekanntgegeben\\\/\"},\"wordCount\":888,\"publisher\":{\"@id\":\"https:\\\/\\\/www.organisator.ch\\\/#organization\"},\"image\":{\"@id\":\"https:\\\/\\\/www.organisator.ch\\\/management\\\/2023-01-18\\\/finalisten-fuer-den-prix-svc-zentralschweiz-2023-bekanntgegeben\\\/#primaryimage\"},\"thumbnailUrl\":\"https:\\\/\\\/www.organisator.ch\\\/wp-content\\\/uploads\\\/2023\\\/01\\\/Finalisten-fuer-den-Prix-SVC-Zentralschweiz-2023-bekanntgegeben-1_Organisator.jpg\",\"keywords\":[\"Awards\",\"Management und Unternehmensf\u00fchrung\",\"Prix SVC\"],\"articleSection\":[\"MANAGEMENT\"],\"inLanguage\":\"de\"},{\"@type\":\"WebPage\",\"@id\":\"https:\\\/\\\/www.organisator.ch\\\/management\\\/2023-01-18\\\/finalisten-fuer-den-prix-svc-zentralschweiz-2023-bekanntgegeben\\\/\",\"url\":\"https:\\\/\\\/www.organisator.ch\\\/management\\\/2023-01-18\\\/finalisten-fuer-den-prix-svc-zentralschweiz-2023-bekanntgegeben\\\/\",\"name\":\"Finalisten f\u00fcr den Prix SVC Zentralschweiz 2023 bekanntgegeben - Organisator\",\"isPartOf\":{\"@id\":\"https:\\\/\\\/www.organisator.ch\\\/#website\"},\"primaryImageOfPage\":{\"@id\":\"https:\\\/\\\/www.organisator.ch\\\/management\\\/2023-01-18\\\/finalisten-fuer-den-prix-svc-zentralschweiz-2023-bekanntgegeben\\\/#primaryimage\"},\"image\":{\"@id\":\"https:\\\/\\\/www.organisator.ch\\\/management\\\/2023-01-18\\\/finalisten-fuer-den-prix-svc-zentralschweiz-2023-bekanntgegeben\\\/#primaryimage\"},\"thumbnailUrl\":\"https:\\\/\\\/www.organisator.ch\\\/wp-content\\\/uploads\\\/2023\\\/01\\\/Finalisten-fuer-den-Prix-SVC-Zentralschweiz-2023-bekanntgegeben-1_Organisator.jpg\",\"datePublished\":\"2023-01-18T05:09:32+00:00\",\"description\":\"Das Unternehmernetzwerk Swiss Venture Club (SVC) vergibt am 2. Mai 2023 den Prix SVC Zentralschweiz 2023. Sechs Unternehmen stehen im Final.\",\"breadcrumb\":{\"@id\":\"https:\\\/\\\/www.organisator.ch\\\/management\\\/2023-01-18\\\/finalisten-fuer-den-prix-svc-zentralschweiz-2023-bekanntgegeben\\\/#breadcrumb\"},\"inLanguage\":\"de\",\"potentialAction\":[{\"@type\":\"ReadAction\",\"target\":[\"https:\\\/\\\/www.organisator.ch\\\/management\\\/2023-01-18\\\/finalisten-fuer-den-prix-svc-zentralschweiz-2023-bekanntgegeben\\\/\"]}]},{\"@type\":\"ImageObject\",\"inLanguage\":\"de\",\"@id\":\"https:\\\/\\\/www.organisator.ch\\\/management\\\/2023-01-18\\\/finalisten-fuer-den-prix-svc-zentralschweiz-2023-bekanntgegeben\\\/#primaryimage\",\"url\":\"https:\\\/\\\/www.organisator.ch\\\/wp-content\\\/uploads\\\/2023\\\/01\\\/Finalisten-fuer-den-Prix-SVC-Zentralschweiz-2023-bekanntgegeben-1_Organisator.jpg\",\"contentUrl\":\"https:\\\/\\\/www.organisator.ch\\\/wp-content\\\/uploads\\\/2023\\\/01\\\/Finalisten-fuer-den-Prix-SVC-Zentralschweiz-2023-bekanntgegeben-1_Organisator.jpg\",\"width\":680,\"height\":450,\"caption\":\"Um diese Troph\u00e4e geht es dann am 2. Mai 2023 in Luzern: Wer von den sechs Finalisten gewinnt den Prix SVC Zentralschweiz 2023? (Bild: Thomas Berner)\"},{\"@type\":\"BreadcrumbList\",\"@id\":\"https:\\\/\\\/www.organisator.ch\\\/management\\\/2023-01-18\\\/finalisten-fuer-den-prix-svc-zentralschweiz-2023-bekanntgegeben\\\/#breadcrumb\",\"itemListElement\":[{\"@type\":\"ListItem\",\"position\":1,\"name\":\"Home\",\"item\":\"https:\\\/\\\/www.organisator.ch\\\/\"},{\"@type\":\"ListItem\",\"position\":2,\"name\":\"Finalisten f\u00fcr den Prix SVC Zentralschweiz 2023 bekanntgegeben\"}]},{\"@type\":\"WebSite\",\"@id\":\"https:\\\/\\\/www.organisator.ch\\\/#website\",\"url\":\"https:\\\/\\\/www.organisator.ch\\\/\",\"name\":\"Organisator\",\"description\":\"Kompetent. Praxisnah. Der ORGANISATOR bereitet in 10 Ausgaben pro Jahr die wesentlichen Themen f\u00fcr F\u00fchrungskr\u00e4fte von KMU auf.\",\"publisher\":{\"@id\":\"https:\\\/\\\/www.organisator.ch\\\/#organization\"},\"potentialAction\":[{\"@type\":\"SearchAction\",\"target\":{\"@type\":\"EntryPoint\",\"urlTemplate\":\"https:\\\/\\\/www.organisator.ch\\\/?s={search_term_string}\"},\"query-input\":{\"@type\":\"PropertyValueSpecification\",\"valueRequired\":true,\"valueName\":\"search_term_string\"}}],\"inLanguage\":\"de\"},{\"@type\":\"Organization\",\"@id\":\"https:\\\/\\\/www.organisator.ch\\\/#organization\",\"name\":\"Organisator\",\"url\":\"https:\\\/\\\/www.organisator.ch\\\/\",\"logo\":{\"@type\":\"ImageObject\",\"inLanguage\":\"de\",\"@id\":\"https:\\\/\\\/www.organisator.ch\\\/#\\\/schema\\\/logo\\\/image\\\/\",\"url\":\"https:\\\/\\\/www.organisator.ch\\\/wp-content\\\/uploads\\\/2022\\\/01\\\/Logo_Organisator_Website.png\",\"contentUrl\":\"https:\\\/\\\/www.organisator.ch\\\/wp-content\\\/uploads\\\/2022\\\/01\\\/Logo_Organisator_Website.png\",\"width\":800,\"height\":77,\"caption\":\"Organisator\"},\"image\":{\"@id\":\"https:\\\/\\\/www.organisator.ch\\\/#\\\/schema\\\/logo\\\/image\\\/\"},\"sameAs\":[\"https:\\\/\\\/www.facebook.com\\\/OrganisatorFachmagazin\",\"https:\\\/\\\/www.linkedin.com\\\/showcase\\\/organisator-das-magazin-fr-kmu\",\"https:\\\/\\\/www.xing.com\\\/news\\\/pages\\\/organisator-ch-695\",\"https:\\\/\\\/www.youtube.com\\\/channel\\\/UCGP2Sq0iWaZwT3BdIAQFYpw\"]},{\"@type\":\"Person\",\"@id\":\"https:\\\/\\\/www.organisator.ch\\\/#\\\/schema\\\/person\\\/6f650f90b2842cd4c0cc334b4e36f67e\",\"name\":\"thomas.berner\",\"image\":{\"@type\":\"ImageObject\",\"inLanguage\":\"de\",\"@id\":\"https:\\\/\\\/secure.gravatar.com\\\/avatar\\\/ac5001d2a36cb6c6cd3e50789007ffca834b477b74a2144564522e944eabff61?s=96&d=mm&r=g\",\"url\":\"https:\\\/\\\/secure.gravatar.com\\\/avatar\\\/ac5001d2a36cb6c6cd3e50789007ffca834b477b74a2144564522e944eabff61?s=96&d=mm&r=g\",\"contentUrl\":\"https:\\\/\\\/secure.gravatar.com\\\/avatar\\\/ac5001d2a36cb6c6cd3e50789007ffca834b477b74a2144564522e944eabff61?s=96&d=mm&r=g\",\"caption\":\"thomas.berner\"},\"url\":\"https:\\\/\\\/www.organisator.ch\\\/de\\\/author\\\/thomas-berner\\\/\"}]}<\/script>\n<!-- \/ Yoast SEO plugin. -->","yoast_head_json":{"title":"Finalisten f\u00fcr den Prix SVC Zentralschweiz 2023 bekanntgegeben - Organisator","description":"Das Unternehmernetzwerk Swiss Venture Club (SVC) vergibt am 2. Mai 2023 den Prix SVC Zentralschweiz 2023. Sechs Unternehmen stehen im Final.","robots":{"index":"index","follow":"follow","max-snippet":"max-snippet:-1","max-image-preview":"max-image-preview:large","max-video-preview":"max-video-preview:-1"},"canonical":"https:\/\/www.organisator.ch\/de\/management\/2023-01-18\/finalisten-fuer-den-prix-svc-zentralschweiz-2023-bekanntgegeben\/","og_locale":"de_DE","og_type":"article","og_title":"Finalisten f\u00fcr den Prix SVC Zentralschweiz 2023 bekanntgegeben","og_description":"Das Unternehmernetzwerk Swiss Venture Club (SVC) vergibt am 2. Mai 2023 den Prix SVC Zentralschweiz 2023. Sechs Unternehmen stehen im Final.","og_url":"https:\/\/www.organisator.ch\/de\/management\/2023-01-18\/finalisten-fuer-den-prix-svc-zentralschweiz-2023-bekanntgegeben\/","og_site_name":"Organisator","article_publisher":"https:\/\/www.facebook.com\/OrganisatorFachmagazin","article_published_time":"2023-01-18T05:09:32+00:00","og_image":[{"width":680,"height":450,"url":"https:\/\/www.organisator.ch\/wp-content\/uploads\/2023\/01\/Finalisten-fuer-den-Prix-SVC-Zentralschweiz-2023-bekanntgegeben-1_Organisator.jpg","type":"image\/jpeg"}],"author":"thomas.berner","twitter_card":"summary_large_image","twitter_title":"#Finalisten f\u00fcr den Prix #SVC #Zentralschweiz 2023 bekanntgegeben","twitter_description":"Das #Unternehmernetzwerk Swiss Venture Club (SVC) vergibt am 2. Mai 2023 den Prix SVC #Zentralschweiz 2023. Sechs Unternehmen stehen im Final.","twitter_image":"https:\/\/www.organisator.ch\/wp-content\/uploads\/2023\/01\/Finalisten-fuer-den-Prix-SVC-Zentralschweiz-2023-bekanntgegeben-1_Organisator.jpg","schema":{"@context":"https:\/\/schema.org","@graph":[{"@type":"Article","@id":"https:\/\/www.organisator.ch\/management\/2023-01-18\/finalisten-fuer-den-prix-svc-zentralschweiz-2023-bekanntgegeben\/#article","isPartOf":{"@id":"https:\/\/www.organisator.ch\/management\/2023-01-18\/finalisten-fuer-den-prix-svc-zentralschweiz-2023-bekanntgegeben\/"},"author":{"name":"thomas.berner","@id":"https:\/\/www.organisator.ch\/#\/schema\/person\/6f650f90b2842cd4c0cc334b4e36f67e"},"headline":"Finalisten f\u00fcr den Prix SVC Zentralschweiz 2023 bekanntgegeben","datePublished":"2023-01-18T05:09:32+00:00","mainEntityOfPage":{"@id":"https:\/\/www.organisator.ch\/management\/2023-01-18\/finalisten-fuer-den-prix-svc-zentralschweiz-2023-bekanntgegeben\/"},"wordCount":888,"publisher":{"@id":"https:\/\/www.organisator.ch\/#organization"},"image":{"@id":"https:\/\/www.organisator.ch\/management\/2023-01-18\/finalisten-fuer-den-prix-svc-zentralschweiz-2023-bekanntgegeben\/#primaryimage"},"thumbnailUrl":"https:\/\/www.organisator.ch\/wp-content\/uploads\/2023\/01\/Finalisten-fuer-den-Prix-SVC-Zentralschweiz-2023-bekanntgegeben-1_Organisator.jpg","keywords":["Awards","Management und Unternehmensf\u00fchrung","Prix SVC"],"articleSection":["MANAGEMENT"],"inLanguage":"de"},{"@type":"WebPage","@id":"https:\/\/www.organisator.ch\/management\/2023-01-18\/finalisten-fuer-den-prix-svc-zentralschweiz-2023-bekanntgegeben\/","url":"https:\/\/www.organisator.ch\/management\/2023-01-18\/finalisten-fuer-den-prix-svc-zentralschweiz-2023-bekanntgegeben\/","name":"Finalisten f\u00fcr den Prix SVC Zentralschweiz 2023 bekanntgegeben - Organisator","isPartOf":{"@id":"https:\/\/www.organisator.ch\/#website"},"primaryImageOfPage":{"@id":"https:\/\/www.organisator.ch\/management\/2023-01-18\/finalisten-fuer-den-prix-svc-zentralschweiz-2023-bekanntgegeben\/#primaryimage"},"image":{"@id":"https:\/\/www.organisator.ch\/management\/2023-01-18\/finalisten-fuer-den-prix-svc-zentralschweiz-2023-bekanntgegeben\/#primaryimage"},"thumbnailUrl":"https:\/\/www.organisator.ch\/wp-content\/uploads\/2023\/01\/Finalisten-fuer-den-Prix-SVC-Zentralschweiz-2023-bekanntgegeben-1_Organisator.jpg","datePublished":"2023-01-18T05:09:32+00:00","description":"Das Unternehmernetzwerk Swiss Venture Club (SVC) vergibt am 2. Mai 2023 den Prix SVC Zentralschweiz 2023. Sechs Unternehmen stehen im Final.","breadcrumb":{"@id":"https:\/\/www.organisator.ch\/management\/2023-01-18\/finalisten-fuer-den-prix-svc-zentralschweiz-2023-bekanntgegeben\/#breadcrumb"},"inLanguage":"de","potentialAction":[{"@type":"ReadAction","target":["https:\/\/www.organisator.ch\/management\/2023-01-18\/finalisten-fuer-den-prix-svc-zentralschweiz-2023-bekanntgegeben\/"]}]},{"@type":"ImageObject","inLanguage":"de","@id":"https:\/\/www.organisator.ch\/management\/2023-01-18\/finalisten-fuer-den-prix-svc-zentralschweiz-2023-bekanntgegeben\/#primaryimage","url":"https:\/\/www.organisator.ch\/wp-content\/uploads\/2023\/01\/Finalisten-fuer-den-Prix-SVC-Zentralschweiz-2023-bekanntgegeben-1_Organisator.jpg","contentUrl":"https:\/\/www.organisator.ch\/wp-content\/uploads\/2023\/01\/Finalisten-fuer-den-Prix-SVC-Zentralschweiz-2023-bekanntgegeben-1_Organisator.jpg","width":680,"height":450,"caption":"Um diese Troph\u00e4e geht es dann am 2. Mai 2023 in Luzern: Wer von den sechs Finalisten gewinnt den Prix SVC Zentralschweiz 2023? (Bild: Thomas Berner)"},{"@type":"BreadcrumbList","@id":"https:\/\/www.organisator.ch\/management\/2023-01-18\/finalisten-fuer-den-prix-svc-zentralschweiz-2023-bekanntgegeben\/#breadcrumb","itemListElement":[{"@type":"ListItem","position":1,"name":"Home","item":"https:\/\/www.organisator.ch\/"},{"@type":"ListItem","position":2,"name":"Finalisten f\u00fcr den Prix SVC Zentralschweiz 2023 bekanntgegeben"}]},{"@type":"WebSite","@id":"https:\/\/www.organisator.ch\/#website","url":"https:\/\/www.organisator.ch\/","name":"Organisator","description":"Kompetent. Praxisnah. Der ORGANISATOR bereitet in 10 Ausgaben pro Jahr die wesentlichen Themen f\u00fcr F\u00fchrungskr\u00e4fte von KMU auf.","publisher":{"@id":"https:\/\/www.organisator.ch\/#organization"},"potentialAction":[{"@type":"SearchAction","target":{"@type":"EntryPoint","urlTemplate":"https:\/\/www.organisator.ch\/?s={search_term_string}"},"query-input":{"@type":"PropertyValueSpecification","valueRequired":true,"valueName":"search_term_string"}}],"inLanguage":"de"},{"@type":"Organization","@id":"https:\/\/www.organisator.ch\/#organization","name":"Organisator","url":"https:\/\/www.organisator.ch\/","logo":{"@type":"ImageObject","inLanguage":"de","@id":"https:\/\/www.organisator.ch\/#\/schema\/logo\/image\/","url":"https:\/\/www.organisator.ch\/wp-content\/uploads\/2022\/01\/Logo_Organisator_Website.png","contentUrl":"https:\/\/www.organisator.ch\/wp-content\/uploads\/2022\/01\/Logo_Organisator_Website.png","width":800,"height":77,"caption":"Organisator"},"image":{"@id":"https:\/\/www.organisator.ch\/#\/schema\/logo\/image\/"},"sameAs":["https:\/\/www.facebook.com\/OrganisatorFachmagazin","https:\/\/www.linkedin.com\/showcase\/organisator-das-magazin-fr-kmu","https:\/\/www.xing.com\/news\/pages\/organisator-ch-695","https:\/\/www.youtube.com\/channel\/UCGP2Sq0iWaZwT3BdIAQFYpw"]},{"@type":"Person","@id":"https:\/\/www.organisator.ch\/#\/schema\/person\/6f650f90b2842cd4c0cc334b4e36f67e","name":"thomas.berner","image":{"@type":"ImageObject","inLanguage":"de","@id":"https:\/\/secure.gravatar.com\/avatar\/ac5001d2a36cb6c6cd3e50789007ffca834b477b74a2144564522e944eabff61?s=96&d=mm&r=g","url":"https:\/\/secure.gravatar.com\/avatar\/ac5001d2a36cb6c6cd3e50789007ffca834b477b74a2144564522e944eabff61?s=96&d=mm&r=g","contentUrl":"https:\/\/secure.gravatar.com\/avatar\/ac5001d2a36cb6c6cd3e50789007ffca834b477b74a2144564522e944eabff61?s=96&d=mm&r=g","caption":"thomas.berner"},"url":"https:\/\/www.organisator.ch\/de\/author\/thomas-berner\/"}]}},"_links":{"self":[{"href":"https:\/\/www.organisator.ch\/de\/wp-json\/wp\/v2\/posts\/18519","targetHints":{"allow":["GET"]}}],"collection":[{"href":"https:\/\/www.organisator.ch\/de\/wp-json\/wp\/v2\/posts"}],"about":[{"href":"https:\/\/www.organisator.ch\/de\/wp-json\/wp\/v2\/types\/post"}],"author":[{"embeddable":true,"href":"https:\/\/www.organisator.ch\/de\/wp-json\/wp\/v2\/users\/4"}],"replies":[{"embeddable":true,"href":"https:\/\/www.organisator.ch\/de\/wp-json\/wp\/v2\/comments?post=18519"}],"version-history":[{"count":1,"href":"https:\/\/www.organisator.ch\/de\/wp-json\/wp\/v2\/posts\/18519\/revisions"}],"predecessor-version":[{"id":18528,"href":"https:\/\/www.organisator.ch\/de\/wp-json\/wp\/v2\/posts\/18519\/revisions\/18528"}],"wp:featuredmedia":[{"embeddable":true,"href":"https:\/\/www.organisator.ch\/de\/wp-json\/wp\/v2\/media\/18521"}],"wp:attachment":[{"href":"https:\/\/www.organisator.ch\/de\/wp-json\/wp\/v2\/media?parent=18519"}],"wp:term":[{"taxonomy":"category","embeddable":true,"href":"https:\/\/www.organisator.ch\/de\/wp-json\/wp\/v2\/categories?post=18519"},{"taxonomy":"post_tag","embeddable":true,"href":"https:\/\/www.organisator.ch\/de\/wp-json\/wp\/v2\/tags?post=18519"}],"curies":[{"name":"wp","href":"https:\/\/api.w.org\/{rel}","templated":true}]}}