{"id":18541,"date":"2023-01-19T10:16:51","date_gmt":"2023-01-19T09:16:51","guid":{"rendered":"https:\/\/www.organisator.ch\/?p=18541"},"modified":"2023-01-19T10:16:51","modified_gmt":"2023-01-19T09:16:51","slug":"normalisierung-des-arbeitsmarkts-schonfrist-fuer-ue50-vorbei","status":"publish","type":"post","link":"https:\/\/www.organisator.ch\/de\/human-resources\/2023-01-19\/normalisierung-des-arbeitsmarkts-schonfrist-fuer-ue50-vorbei\/","title":{"rendered":"Normalisierung des Arbeitsmarkts &#8211; Schonfrist f\u00fcr \u00dc50 vorbei?"},"content":{"rendered":"<figure id=\"attachment_18542\" aria-describedby=\"caption-attachment-18542\" style=\"width: 680px\" class=\"wp-caption alignnone\"><img loading=\"lazy\" decoding=\"async\" class=\"size-full wp-image-18542\" src=\"https:\/\/www.organisator.ch\/wp-content\/uploads\/2023\/01\/Normalisierung-des-Arbeitsmarkts-Schonfrist-fuer-Ue50-vorbei-1_Organisator.jpg\" alt=\"\" width=\"680\" height=\"454\" srcset=\"https:\/\/www.organisator.ch\/wp-content\/uploads\/2023\/01\/Normalisierung-des-Arbeitsmarkts-Schonfrist-fuer-Ue50-vorbei-1_Organisator.jpg 680w, https:\/\/www.organisator.ch\/wp-content\/uploads\/2023\/01\/Normalisierung-des-Arbeitsmarkts-Schonfrist-fuer-Ue50-vorbei-1_Organisator-18x12.jpg 18w, https:\/\/www.organisator.ch\/wp-content\/uploads\/2023\/01\/Normalisierung-des-Arbeitsmarkts-Schonfrist-fuer-Ue50-vorbei-1_Organisator-375x250.jpg 375w, https:\/\/www.organisator.ch\/wp-content\/uploads\/2023\/01\/Normalisierung-des-Arbeitsmarkts-Schonfrist-fuer-Ue50-vorbei-1_Organisator-524x350.jpg 524w\" sizes=\"auto, (max-width: 680px) 100vw, 680px\" \/><figcaption id=\"caption-attachment-18542\" class=\"wp-caption-text\">Der Arbeitsmarkt scheint sich zu normalisieren &#8211; \u00fcber 50-J\u00e4hrige geniessen bei K\u00fcndigungswellen keinen moralischen Schutz mehr. (Bild: lisafx \/ Depositphotos.com)<\/figcaption><\/figure>\n<p>Der Arbeitsmarkt-Barometer 2023 von Von Rundstedt bezieht sich auf die gesamte Schweiz und basiert auf den Informationen von 1\u2019866 von einer K\u00fcndigung betroffenen Mitarbeitern und von 192 Unternehmen aus verschiedenen Branchen, welche 2022 in der Schweiz K\u00fcndigungen aussprechen mussten. Er ergibt somit ein repr\u00e4sentatives Abbild des gesamtschweizerischen Arbeitsmarktes 2022. Daraus ableiten lassen sich einige interessante Erkenntnisse.<\/p>\n<h3>Abk\u00fchlung von Konjunktur und Arbeitsmarkt steht bevor<\/h3>\n<p>\u00abSeit Mitte 2022 sind wieder vermehrt K\u00fcndigungen ausgesprochen und erste Abbauprojekte und Restrukturierungen angek\u00fcndigt worden. Es kommt in naher Zukunft wieder zu mehr K\u00fcndigungen\u00bb, so Pascal Scheiwiller, CEO von Von Rundstedt. Nachdem 2021 und im ersten Halbjahr 2022 signifikant weniger K\u00fcndigungen ausgesprochen wurden, sei seit Mitte 2022 wieder ein Anstieg an K\u00fcndigungen erkennbar. Bei der Vielzahl an offenen Stellen falle dies nicht so sehr ins Gewicht. Daf\u00fcr gebe es wieder mehr Fluktuation und die Verh\u00e4ltnisse auf dem Arbeitsmarkt scheinen sich langsam zu normalisieren, so die Feststellung des Outplacement-Spezialisten. Verwiesen wird auch auf die Feststellung, dass Ende 2022 auch wieder vermehrt Abbau- und Restrukturierungsprojekte angek\u00fcndigt worden seien. Insgesamt h\u00e4tten 76% der K\u00fcndigungen 2022 vor dem Hintergrund eines Abbaus oder einer Restrukturierungsmassnahme stattgefunden. Im Vorjahr waren dies nur 67%. Das weist darauf hin, dass die Unternehmen strukturell wieder vermehrt Anpassungen vornehmen und nicht nur neues Personal suchen, sondern gleichzeitig auch Personal freistellen und die Organisation anpassen. Das deutet noch nicht auf eine Rezession, aber auf eine Art Normalisierung des Arbeitsmarktes hin.<\/p>\n<figure id=\"attachment_18543\" aria-describedby=\"caption-attachment-18543\" style=\"width: 680px\" class=\"wp-caption alignnone\"><img loading=\"lazy\" decoding=\"async\" class=\"size-full wp-image-18543\" src=\"https:\/\/www.organisator.ch\/wp-content\/uploads\/2023\/01\/Normalisierung-des-Arbeitsmarkts-Schonfrist-fuer-Ue50-vorbei-2_Organisator.jpg\" alt=\"\" width=\"680\" height=\"290\" srcset=\"https:\/\/www.organisator.ch\/wp-content\/uploads\/2023\/01\/Normalisierung-des-Arbeitsmarkts-Schonfrist-fuer-Ue50-vorbei-2_Organisator.jpg 680w, https:\/\/www.organisator.ch\/wp-content\/uploads\/2023\/01\/Normalisierung-des-Arbeitsmarkts-Schonfrist-fuer-Ue50-vorbei-2_Organisator-18x8.jpg 18w, https:\/\/www.organisator.ch\/wp-content\/uploads\/2023\/01\/Normalisierung-des-Arbeitsmarkts-Schonfrist-fuer-Ue50-vorbei-2_Organisator-375x160.jpg 375w\" sizes=\"auto, (max-width: 680px) 100vw, 680px\" \/><figcaption id=\"caption-attachment-18543\" class=\"wp-caption-text\">Informationen zu den k\u00fcndigenden Unternehmen. (Grafik: Von Rundstedt)<\/figcaption><\/figure>\n<h3>Kein moralischer Schutz mehr f\u00fcr \u00dc50<\/h3>\n<p>Es scheint, dass vor der aktuellen Arbeitsmarktsituation die \u00abSchonfrist\u00bb f\u00fcr \u00e4ltere Mitarbeitende abgelaufen ist. Pascal Schweiller: \u00abAktuell liegt die K\u00fcndigungsquote bei den \u00dc50 signifikant h\u00f6her als bei den anderen Altersgruppen. Die vielen offenen Stellen legitimieren offenbar Unternehmen, \u00e4ltere Mitarbeitende vermehrt zu entlassen, ohne spezielle Schutzmassnahmen zu aktivieren.\u00bb Die Zahlen belegen: 2022 haben 39% der K\u00fcndigungen die Altersklasse der \u00dc50 betroffen. Diese Quote liegt signifikant \u00fcber dem Vorjahr (31%) und der \u00dc50 Besch\u00e4ftigungsquote von 32%. In den letzten Jahren hat sich dieser Wert meistens in der N\u00e4he der Besch\u00e4ftigungsquote (30-32%) bewegt. 2022 sind relativ gesehen also viel mehr \u00dc50 gek\u00fcndigt worden. Offenbar f\u00fchrt das gute Marktumfeld f\u00fcr Stellensuchende und die vielen offenen Stellen dazu, dass Arbeitgeber sich keine grossen Sorgen mehr um Betroffene machen und sich auch nicht mehr vor negativer Presse und Reputationssch\u00e4den bei K\u00fcndigungen von \u00dc50 f\u00fcrchten.<\/p>\n<h3>Auch schwierigere Profile finden wieder rascher eine neue Stelle<\/h3>\n<p>Aber dennoch ist die Situation f\u00fcr Arbeitssuchende nicht als dramatisch zu bezeichnen. \u00abDie Dauer der Stellensuche ist nochmals zur\u00fcckgegangen. Vor allem bei \u00dc50 und bei schwierigen Profilen hat sich die Suchdauer signifikant verk\u00fcrzt\u00bb, weiss Pascal Scheiwiller. So liege die durchschnittliche Suchdauer bei der Stellensuche \u00fcber alle Kategorien nach 2021 (5.3 Monate) auch 2022 mit 5.2 Monaten auf einem tiefen Niveau. Dabei habe sich die Situation aber vor allem bei der Kategorie \u00dc50 signifikant verbessert. Sie hat sich innert zwei Jahren von 8.3 Monaten (2020) auf 6.9 Monate (2021) und mittlerweile 6.1 Monate (2022) reduziert &#8211; eine positive Entwicklung also. Generell ist die Bandbreite zwischen vermeintlich leichten und schwierigen Profilen kleiner geworden. 2020 hat die durchschnittliche Suchdauer bei schwierigen Profilen noch 11.8 Monate betragen. 2021 hat sich die Suchdauer dieser Kategorie bereits auf 9.2 Monate und 2022 gar auf 7.3 Monate reduziert. Somit profitieren gem\u00e4ss von Rundstedt aktuell alle Kategorien vom Fachkr\u00e4ftemangel und finden viel schneller wieder eine neue Stelle.<\/p>\n<h3>Gute Chancen bei \u00f6ffentlich ausgeschriebenen Stellen<\/h3>\n<p>Der verdeckte Arbeitsmarkt und das pers\u00f6nliche Netzwerk waren in den letzten Jahren lange das geheime Erfolgsrezept, um an die richtig spannenden Stellen zu gelangen. Dies habe sich im letzten Jahr etwas relativiert, so eine weitere Erkenntnis von Von Rundstedt. 2022 haben nur noch 27% der Stellensuchenden ihre Stelle \u00fcber das pers\u00f6nliche Netzwerk gefunden (2021: 37%). Die meisten neuen Stellen wurden 2022 \u00fcber \u00f6ffentliche Stellenausschreibungen gefunden (48%). Diese Erfolgsquote liegt signifikant \u00fcber dem Vorjahr (34%). Dies liegt daran, dass auch immer mehr Stellen \u00f6ffentlich ausgeschrieben werden. Die Auswahl an ausgeschriebenen Stellen ist aktuell sehr gross. Dabei verlieren Personalvermittler und Headhunter relativ an Bedeutung. Sie k\u00f6nnen zwar aufgrund der Rekrutierungswelle der letzten beiden Jahre auf zwei gute Gesch\u00e4ftsjahre zur\u00fcckblicken. Trotzdem nimmt ihre Bedeutung relativ ab. 2022 haben nur noch 3% der Stellensuchenden ihre neue Stelle \u00fcber einen Personalvermittler gefunden. Dies ist im Vergleich zu den Vorjahren ein grosser R\u00fcckgang (2021: 9%).<\/p>\n<h3>Weiterhin hohe Branchenmobilit\u00e4t<\/h3>\n<p>Eine weitere Erkenntnis: Obwohl in der Rekrutierung viele Unternehmen noch an der Branchenerfahrung festhalten, ist die Bereitschaft in den letzten zwei Jahren stark gestiegen, branchenfremde Bewerber anzustellen. 2022 haben 48% der Stellensuchenden einen erfolgreichen Branchenwechsel machen k\u00f6nnen. Das zeugt von einer steigenden Flexibilit\u00e4t der Arbeitgeber und verdeutlicht einmal mehr den Druck des Fachkr\u00e4ftemangels. Viel weniger Mobilit\u00e4t ist bei der Funktion eines Stellensuchenden zu beobachten. 2022 haben nur 24% der Kandidaten einen Funktionswechsel vornehmen k\u00f6nnen. Gerade hinsichtlich der Digitalen Transformation und der anstehenden Strukturwandel w\u00e4re eine h\u00f6here funktionale Mobilit\u00e4t w\u00fcnschenswert. Unternehmen stellen wenn irgendwie m\u00f6glich nur Bewerber an, welche bereits Erfahrung in der gleichen Funktion haben.<\/p>\n<h3>Sal\u00e4rentwicklung stabil und positiv<\/h3>\n<p>\u00abDank Fachkr\u00e4ftemangel und Inflation ziehen die Sal\u00e4re tendenziell an. Trotzdem scheint die Entwicklung im Vergleich zum Ausland recht stabil\u00bb, so Pascal Scheiwiller zur Entwicklung der L\u00f6hne. 2022 h\u00e4tten 40% der Stellensuchenden nach einer K\u00fcndigung in der neuen Position ein h\u00f6heres Sal\u00e4r erzielen k\u00f6nnen, geht aus der Analyse der Daten hervor. Nur 21% mussten ein tieferes Sal\u00e4r in Kauf nehmen. Indexiert ergibt dies einen durchschnittlichen Sal\u00e4ranstieg dieser Kategorie von 2%. Somit bewegt sich die Entwicklung im Rahmen der Inflation und kann als stabil betrachtet werden. Festzustellen sei, dass die Unternehmen bei kritischen Profilen und direkten Abwerbungen gerne mit einem guten Sal\u00e4r winken. Die Sal\u00e4rentwicklung bewege sich bei dieser Kategorie bei 13%. Dies best\u00e4tige die These, dass der Fachkr\u00e4ftemangel in spezifischen Bereichen die Lohnentwicklung deutlich ankurbele.<\/p>\n<p><em>Quelle: <a href=\"http:\/\/www.rundstedt.ch\">Von Rundstedt<\/a><\/em><\/p>\n","protected":false},"excerpt":{"rendered":"<p>Der Arbeitsmarkt-Barometer 2023 von Von Rundstedt bezieht sich auf die gesamte Schweiz und basiert auf den Informationen von 1\u2019866 von einer K\u00fcndigung betroffenen Mitarbeitern und von 192 Unternehmen aus verschiedenen Branchen, welche 2022 in der Schweiz K\u00fcndigungen aussprechen mussten. Er ergibt somit ein repr\u00e4sentatives Abbild des gesamtschweizerischen Arbeitsmarktes 2022. Daraus ableiten lassen sich einige interessante [&hellip;]<\/p>\n","protected":false},"author":4,"featured_media":18542,"comment_status":"closed","ping_status":"closed","sticky":false,"template":"","format":"standard","meta":{"_acf_changed":false,"_yoast_wpseo_focuskw":"Normalisierung","_yoast_wpseo_metadesc":"Das Outplacement-Unternehmen von Rundstedt hat Arbeitsmarktdaten von 2022 ausgewertet: Eine Normalisierung des Arbeitsmarkts ist in Sicht.","articlekey":"","footnotes":""},"categories":[579],"tags":[47,310,3591],"class_list":["post-18541","post","type-post","status-publish","format-standard","has-post-thumbnail","hentry","category-human-resources","tag-arbeitsmarkt","tag-konjunktur","tag-ue50"],"acf":[],"yoast_head":"<!-- This site is optimized with the Yoast SEO plugin v27.4 - https:\/\/yoast.com\/product\/yoast-seo-wordpress\/ -->\n<title>Normalisierung des Arbeitsmarkts - Schonfrist f\u00fcr \u00dc50 vorbei? - Organisator<\/title>\n<meta name=\"description\" content=\"Das Outplacement-Unternehmen von Rundstedt hat Arbeitsmarktdaten von 2022 ausgewertet: Eine Normalisierung des Arbeitsmarkts ist in Sicht.\" \/>\n<meta name=\"robots\" content=\"index, follow, max-snippet:-1, max-image-preview:large, max-video-preview:-1\" \/>\n<link rel=\"canonical\" href=\"https:\/\/www.organisator.ch\/de\/human-resources\/2023-01-19\/normalisierung-des-arbeitsmarkts-schonfrist-fuer-ue50-vorbei\/\" \/>\n<meta property=\"og:locale\" content=\"de_DE\" \/>\n<meta property=\"og:type\" content=\"article\" \/>\n<meta property=\"og:title\" content=\"Normalisierung des Arbeitsmarkts - Schonfrist f\u00fcr \u00dc50 vorbei?\" \/>\n<meta property=\"og:description\" content=\"Das Outplacement-Unternehmen von Rundstedt hat Arbeitsmarktdaten von 2022 ausgewertet: Eine Normalisierung des Arbeitsmarkts ist in Sicht.\" \/>\n<meta property=\"og:url\" content=\"https:\/\/www.organisator.ch\/de\/human-resources\/2023-01-19\/normalisierung-des-arbeitsmarkts-schonfrist-fuer-ue50-vorbei\/\" \/>\n<meta property=\"og:site_name\" content=\"Organisator\" \/>\n<meta property=\"article:publisher\" content=\"https:\/\/www.facebook.com\/OrganisatorFachmagazin\" \/>\n<meta property=\"article:published_time\" content=\"2023-01-19T09:16:51+00:00\" \/>\n<meta property=\"og:image\" content=\"https:\/\/www.organisator.ch\/wp-content\/uploads\/2023\/01\/Normalisierung-des-Arbeitsmarkts-Schonfrist-fuer-Ue50-vorbei-1_Organisator.jpg\" \/>\n\t<meta property=\"og:image:width\" content=\"680\" \/>\n\t<meta property=\"og:image:height\" content=\"454\" \/>\n\t<meta property=\"og:image:type\" content=\"image\/jpeg\" \/>\n<meta name=\"author\" content=\"thomas.berner\" \/>\n<meta name=\"twitter:card\" content=\"summary_large_image\" \/>\n<meta name=\"twitter:title\" content=\"#Normalisierung des #Arbeitsmarkts - Schonfrist f\u00fcr #\u00dc50 vorbei?\" \/>\n<meta name=\"twitter:description\" content=\"Das #Outplacement-Unternehmen von Rundstedt hat #Arbeitsmarktdaten von 2022 ausgewertet: Eine #Normalisierung des Arbeitsmarkts ist in Sicht.\" \/>\n<meta name=\"twitter:image\" content=\"https:\/\/www.organisator.ch\/wp-content\/uploads\/2023\/01\/Normalisierung-des-Arbeitsmarkts-Schonfrist-fuer-Ue50-vorbei-1_Organisator.jpg\" \/>\n<script type=\"application\/ld+json\" class=\"yoast-schema-graph\">{\"@context\":\"https:\\\/\\\/schema.org\",\"@graph\":[{\"@type\":\"Article\",\"@id\":\"https:\\\/\\\/www.organisator.ch\\\/human-resources\\\/2023-01-19\\\/normalisierung-des-arbeitsmarkts-schonfrist-fuer-ue50-vorbei\\\/#article\",\"isPartOf\":{\"@id\":\"https:\\\/\\\/www.organisator.ch\\\/human-resources\\\/2023-01-19\\\/normalisierung-des-arbeitsmarkts-schonfrist-fuer-ue50-vorbei\\\/\"},\"author\":{\"name\":\"thomas.berner\",\"@id\":\"https:\\\/\\\/www.organisator.ch\\\/#\\\/schema\\\/person\\\/6f650f90b2842cd4c0cc334b4e36f67e\"},\"headline\":\"Normalisierung des Arbeitsmarkts &#8211; Schonfrist f\u00fcr \u00dc50 vorbei?\",\"datePublished\":\"2023-01-19T09:16:51+00:00\",\"mainEntityOfPage\":{\"@id\":\"https:\\\/\\\/www.organisator.ch\\\/human-resources\\\/2023-01-19\\\/normalisierung-des-arbeitsmarkts-schonfrist-fuer-ue50-vorbei\\\/\"},\"wordCount\":994,\"publisher\":{\"@id\":\"https:\\\/\\\/www.organisator.ch\\\/#organization\"},\"image\":{\"@id\":\"https:\\\/\\\/www.organisator.ch\\\/human-resources\\\/2023-01-19\\\/normalisierung-des-arbeitsmarkts-schonfrist-fuer-ue50-vorbei\\\/#primaryimage\"},\"thumbnailUrl\":\"https:\\\/\\\/www.organisator.ch\\\/wp-content\\\/uploads\\\/2023\\\/01\\\/Normalisierung-des-Arbeitsmarkts-Schonfrist-fuer-Ue50-vorbei-1_Organisator.jpg\",\"keywords\":[\"Arbeitsmarkt\",\"Konjunktur\",\"\u00dc50\"],\"articleSection\":[\"HUMAN RESOURCES\"],\"inLanguage\":\"de\"},{\"@type\":\"WebPage\",\"@id\":\"https:\\\/\\\/www.organisator.ch\\\/human-resources\\\/2023-01-19\\\/normalisierung-des-arbeitsmarkts-schonfrist-fuer-ue50-vorbei\\\/\",\"url\":\"https:\\\/\\\/www.organisator.ch\\\/human-resources\\\/2023-01-19\\\/normalisierung-des-arbeitsmarkts-schonfrist-fuer-ue50-vorbei\\\/\",\"name\":\"Normalisierung des Arbeitsmarkts - Schonfrist f\u00fcr \u00dc50 vorbei? - Organisator\",\"isPartOf\":{\"@id\":\"https:\\\/\\\/www.organisator.ch\\\/#website\"},\"primaryImageOfPage\":{\"@id\":\"https:\\\/\\\/www.organisator.ch\\\/human-resources\\\/2023-01-19\\\/normalisierung-des-arbeitsmarkts-schonfrist-fuer-ue50-vorbei\\\/#primaryimage\"},\"image\":{\"@id\":\"https:\\\/\\\/www.organisator.ch\\\/human-resources\\\/2023-01-19\\\/normalisierung-des-arbeitsmarkts-schonfrist-fuer-ue50-vorbei\\\/#primaryimage\"},\"thumbnailUrl\":\"https:\\\/\\\/www.organisator.ch\\\/wp-content\\\/uploads\\\/2023\\\/01\\\/Normalisierung-des-Arbeitsmarkts-Schonfrist-fuer-Ue50-vorbei-1_Organisator.jpg\",\"datePublished\":\"2023-01-19T09:16:51+00:00\",\"description\":\"Das Outplacement-Unternehmen von Rundstedt hat Arbeitsmarktdaten von 2022 ausgewertet: Eine Normalisierung des Arbeitsmarkts ist in Sicht.\",\"breadcrumb\":{\"@id\":\"https:\\\/\\\/www.organisator.ch\\\/human-resources\\\/2023-01-19\\\/normalisierung-des-arbeitsmarkts-schonfrist-fuer-ue50-vorbei\\\/#breadcrumb\"},\"inLanguage\":\"de\",\"potentialAction\":[{\"@type\":\"ReadAction\",\"target\":[\"https:\\\/\\\/www.organisator.ch\\\/human-resources\\\/2023-01-19\\\/normalisierung-des-arbeitsmarkts-schonfrist-fuer-ue50-vorbei\\\/\"]}]},{\"@type\":\"ImageObject\",\"inLanguage\":\"de\",\"@id\":\"https:\\\/\\\/www.organisator.ch\\\/human-resources\\\/2023-01-19\\\/normalisierung-des-arbeitsmarkts-schonfrist-fuer-ue50-vorbei\\\/#primaryimage\",\"url\":\"https:\\\/\\\/www.organisator.ch\\\/wp-content\\\/uploads\\\/2023\\\/01\\\/Normalisierung-des-Arbeitsmarkts-Schonfrist-fuer-Ue50-vorbei-1_Organisator.jpg\",\"contentUrl\":\"https:\\\/\\\/www.organisator.ch\\\/wp-content\\\/uploads\\\/2023\\\/01\\\/Normalisierung-des-Arbeitsmarkts-Schonfrist-fuer-Ue50-vorbei-1_Organisator.jpg\",\"width\":680,\"height\":454,\"caption\":\"Der Arbeitsmarkt scheint sich zu normalisieren - \u00fcber 50-J\u00e4hrige m\u00fcssen wohl wieder mit l\u00e4ngeren Arbeitssuchen rechnen. (Bild: lisafx \\\/ Depositphotos.com)\"},{\"@type\":\"BreadcrumbList\",\"@id\":\"https:\\\/\\\/www.organisator.ch\\\/human-resources\\\/2023-01-19\\\/normalisierung-des-arbeitsmarkts-schonfrist-fuer-ue50-vorbei\\\/#breadcrumb\",\"itemListElement\":[{\"@type\":\"ListItem\",\"position\":1,\"name\":\"Home\",\"item\":\"https:\\\/\\\/www.organisator.ch\\\/\"},{\"@type\":\"ListItem\",\"position\":2,\"name\":\"Normalisierung des Arbeitsmarkts &#8211; Schonfrist f\u00fcr \u00dc50 vorbei?\"}]},{\"@type\":\"WebSite\",\"@id\":\"https:\\\/\\\/www.organisator.ch\\\/#website\",\"url\":\"https:\\\/\\\/www.organisator.ch\\\/\",\"name\":\"Organisator\",\"description\":\"Kompetent. Praxisnah. Der ORGANISATOR bereitet in 10 Ausgaben pro Jahr die wesentlichen Themen f\u00fcr F\u00fchrungskr\u00e4fte von KMU auf.\",\"publisher\":{\"@id\":\"https:\\\/\\\/www.organisator.ch\\\/#organization\"},\"potentialAction\":[{\"@type\":\"SearchAction\",\"target\":{\"@type\":\"EntryPoint\",\"urlTemplate\":\"https:\\\/\\\/www.organisator.ch\\\/?s={search_term_string}\"},\"query-input\":{\"@type\":\"PropertyValueSpecification\",\"valueRequired\":true,\"valueName\":\"search_term_string\"}}],\"inLanguage\":\"de\"},{\"@type\":\"Organization\",\"@id\":\"https:\\\/\\\/www.organisator.ch\\\/#organization\",\"name\":\"Organisator\",\"url\":\"https:\\\/\\\/www.organisator.ch\\\/\",\"logo\":{\"@type\":\"ImageObject\",\"inLanguage\":\"de\",\"@id\":\"https:\\\/\\\/www.organisator.ch\\\/#\\\/schema\\\/logo\\\/image\\\/\",\"url\":\"https:\\\/\\\/www.organisator.ch\\\/wp-content\\\/uploads\\\/2022\\\/01\\\/Logo_Organisator_Website.png\",\"contentUrl\":\"https:\\\/\\\/www.organisator.ch\\\/wp-content\\\/uploads\\\/2022\\\/01\\\/Logo_Organisator_Website.png\",\"width\":800,\"height\":77,\"caption\":\"Organisator\"},\"image\":{\"@id\":\"https:\\\/\\\/www.organisator.ch\\\/#\\\/schema\\\/logo\\\/image\\\/\"},\"sameAs\":[\"https:\\\/\\\/www.facebook.com\\\/OrganisatorFachmagazin\",\"https:\\\/\\\/www.linkedin.com\\\/showcase\\\/organisator-das-magazin-fr-kmu\",\"https:\\\/\\\/www.xing.com\\\/news\\\/pages\\\/organisator-ch-695\",\"https:\\\/\\\/www.youtube.com\\\/channel\\\/UCGP2Sq0iWaZwT3BdIAQFYpw\"]},{\"@type\":\"Person\",\"@id\":\"https:\\\/\\\/www.organisator.ch\\\/#\\\/schema\\\/person\\\/6f650f90b2842cd4c0cc334b4e36f67e\",\"name\":\"thomas.berner\",\"image\":{\"@type\":\"ImageObject\",\"inLanguage\":\"de\",\"@id\":\"https:\\\/\\\/secure.gravatar.com\\\/avatar\\\/ac5001d2a36cb6c6cd3e50789007ffca834b477b74a2144564522e944eabff61?s=96&d=mm&r=g\",\"url\":\"https:\\\/\\\/secure.gravatar.com\\\/avatar\\\/ac5001d2a36cb6c6cd3e50789007ffca834b477b74a2144564522e944eabff61?s=96&d=mm&r=g\",\"contentUrl\":\"https:\\\/\\\/secure.gravatar.com\\\/avatar\\\/ac5001d2a36cb6c6cd3e50789007ffca834b477b74a2144564522e944eabff61?s=96&d=mm&r=g\",\"caption\":\"thomas.berner\"},\"url\":\"https:\\\/\\\/www.organisator.ch\\\/de\\\/author\\\/thomas-berner\\\/\"}]}<\/script>\n<!-- \/ Yoast SEO plugin. -->","yoast_head_json":{"title":"Normalisierung des Arbeitsmarkts - Schonfrist f\u00fcr \u00dc50 vorbei? - Organisator","description":"Das Outplacement-Unternehmen von Rundstedt hat Arbeitsmarktdaten von 2022 ausgewertet: Eine Normalisierung des Arbeitsmarkts ist in Sicht.","robots":{"index":"index","follow":"follow","max-snippet":"max-snippet:-1","max-image-preview":"max-image-preview:large","max-video-preview":"max-video-preview:-1"},"canonical":"https:\/\/www.organisator.ch\/de\/human-resources\/2023-01-19\/normalisierung-des-arbeitsmarkts-schonfrist-fuer-ue50-vorbei\/","og_locale":"de_DE","og_type":"article","og_title":"Normalisierung des Arbeitsmarkts - Schonfrist f\u00fcr \u00dc50 vorbei?","og_description":"Das Outplacement-Unternehmen von Rundstedt hat Arbeitsmarktdaten von 2022 ausgewertet: Eine Normalisierung des Arbeitsmarkts ist in Sicht.","og_url":"https:\/\/www.organisator.ch\/de\/human-resources\/2023-01-19\/normalisierung-des-arbeitsmarkts-schonfrist-fuer-ue50-vorbei\/","og_site_name":"Organisator","article_publisher":"https:\/\/www.facebook.com\/OrganisatorFachmagazin","article_published_time":"2023-01-19T09:16:51+00:00","og_image":[{"width":680,"height":454,"url":"https:\/\/www.organisator.ch\/wp-content\/uploads\/2023\/01\/Normalisierung-des-Arbeitsmarkts-Schonfrist-fuer-Ue50-vorbei-1_Organisator.jpg","type":"image\/jpeg"}],"author":"thomas.berner","twitter_card":"summary_large_image","twitter_title":"#Normalisierung des #Arbeitsmarkts - Schonfrist f\u00fcr #\u00dc50 vorbei?","twitter_description":"Das #Outplacement-Unternehmen von Rundstedt hat #Arbeitsmarktdaten von 2022 ausgewertet: Eine #Normalisierung des Arbeitsmarkts ist in Sicht.","twitter_image":"https:\/\/www.organisator.ch\/wp-content\/uploads\/2023\/01\/Normalisierung-des-Arbeitsmarkts-Schonfrist-fuer-Ue50-vorbei-1_Organisator.jpg","schema":{"@context":"https:\/\/schema.org","@graph":[{"@type":"Article","@id":"https:\/\/www.organisator.ch\/human-resources\/2023-01-19\/normalisierung-des-arbeitsmarkts-schonfrist-fuer-ue50-vorbei\/#article","isPartOf":{"@id":"https:\/\/www.organisator.ch\/human-resources\/2023-01-19\/normalisierung-des-arbeitsmarkts-schonfrist-fuer-ue50-vorbei\/"},"author":{"name":"thomas.berner","@id":"https:\/\/www.organisator.ch\/#\/schema\/person\/6f650f90b2842cd4c0cc334b4e36f67e"},"headline":"Normalisierung des Arbeitsmarkts &#8211; Schonfrist f\u00fcr \u00dc50 vorbei?","datePublished":"2023-01-19T09:16:51+00:00","mainEntityOfPage":{"@id":"https:\/\/www.organisator.ch\/human-resources\/2023-01-19\/normalisierung-des-arbeitsmarkts-schonfrist-fuer-ue50-vorbei\/"},"wordCount":994,"publisher":{"@id":"https:\/\/www.organisator.ch\/#organization"},"image":{"@id":"https:\/\/www.organisator.ch\/human-resources\/2023-01-19\/normalisierung-des-arbeitsmarkts-schonfrist-fuer-ue50-vorbei\/#primaryimage"},"thumbnailUrl":"https:\/\/www.organisator.ch\/wp-content\/uploads\/2023\/01\/Normalisierung-des-Arbeitsmarkts-Schonfrist-fuer-Ue50-vorbei-1_Organisator.jpg","keywords":["Arbeitsmarkt","Konjunktur","\u00dc50"],"articleSection":["HUMAN RESOURCES"],"inLanguage":"de"},{"@type":"WebPage","@id":"https:\/\/www.organisator.ch\/human-resources\/2023-01-19\/normalisierung-des-arbeitsmarkts-schonfrist-fuer-ue50-vorbei\/","url":"https:\/\/www.organisator.ch\/human-resources\/2023-01-19\/normalisierung-des-arbeitsmarkts-schonfrist-fuer-ue50-vorbei\/","name":"Normalisierung des Arbeitsmarkts - Schonfrist f\u00fcr \u00dc50 vorbei? - Organisator","isPartOf":{"@id":"https:\/\/www.organisator.ch\/#website"},"primaryImageOfPage":{"@id":"https:\/\/www.organisator.ch\/human-resources\/2023-01-19\/normalisierung-des-arbeitsmarkts-schonfrist-fuer-ue50-vorbei\/#primaryimage"},"image":{"@id":"https:\/\/www.organisator.ch\/human-resources\/2023-01-19\/normalisierung-des-arbeitsmarkts-schonfrist-fuer-ue50-vorbei\/#primaryimage"},"thumbnailUrl":"https:\/\/www.organisator.ch\/wp-content\/uploads\/2023\/01\/Normalisierung-des-Arbeitsmarkts-Schonfrist-fuer-Ue50-vorbei-1_Organisator.jpg","datePublished":"2023-01-19T09:16:51+00:00","description":"Das Outplacement-Unternehmen von Rundstedt hat Arbeitsmarktdaten von 2022 ausgewertet: Eine Normalisierung des Arbeitsmarkts ist in Sicht.","breadcrumb":{"@id":"https:\/\/www.organisator.ch\/human-resources\/2023-01-19\/normalisierung-des-arbeitsmarkts-schonfrist-fuer-ue50-vorbei\/#breadcrumb"},"inLanguage":"de","potentialAction":[{"@type":"ReadAction","target":["https:\/\/www.organisator.ch\/human-resources\/2023-01-19\/normalisierung-des-arbeitsmarkts-schonfrist-fuer-ue50-vorbei\/"]}]},{"@type":"ImageObject","inLanguage":"de","@id":"https:\/\/www.organisator.ch\/human-resources\/2023-01-19\/normalisierung-des-arbeitsmarkts-schonfrist-fuer-ue50-vorbei\/#primaryimage","url":"https:\/\/www.organisator.ch\/wp-content\/uploads\/2023\/01\/Normalisierung-des-Arbeitsmarkts-Schonfrist-fuer-Ue50-vorbei-1_Organisator.jpg","contentUrl":"https:\/\/www.organisator.ch\/wp-content\/uploads\/2023\/01\/Normalisierung-des-Arbeitsmarkts-Schonfrist-fuer-Ue50-vorbei-1_Organisator.jpg","width":680,"height":454,"caption":"Der Arbeitsmarkt scheint sich zu normalisieren - \u00fcber 50-J\u00e4hrige m\u00fcssen wohl wieder mit l\u00e4ngeren Arbeitssuchen rechnen. (Bild: lisafx \/ Depositphotos.com)"},{"@type":"BreadcrumbList","@id":"https:\/\/www.organisator.ch\/human-resources\/2023-01-19\/normalisierung-des-arbeitsmarkts-schonfrist-fuer-ue50-vorbei\/#breadcrumb","itemListElement":[{"@type":"ListItem","position":1,"name":"Home","item":"https:\/\/www.organisator.ch\/"},{"@type":"ListItem","position":2,"name":"Normalisierung des Arbeitsmarkts &#8211; Schonfrist f\u00fcr \u00dc50 vorbei?"}]},{"@type":"WebSite","@id":"https:\/\/www.organisator.ch\/#website","url":"https:\/\/www.organisator.ch\/","name":"Organisator","description":"Kompetent. Praxisnah. Der ORGANISATOR bereitet in 10 Ausgaben pro Jahr die wesentlichen Themen f\u00fcr F\u00fchrungskr\u00e4fte von KMU auf.","publisher":{"@id":"https:\/\/www.organisator.ch\/#organization"},"potentialAction":[{"@type":"SearchAction","target":{"@type":"EntryPoint","urlTemplate":"https:\/\/www.organisator.ch\/?s={search_term_string}"},"query-input":{"@type":"PropertyValueSpecification","valueRequired":true,"valueName":"search_term_string"}}],"inLanguage":"de"},{"@type":"Organization","@id":"https:\/\/www.organisator.ch\/#organization","name":"Organisator","url":"https:\/\/www.organisator.ch\/","logo":{"@type":"ImageObject","inLanguage":"de","@id":"https:\/\/www.organisator.ch\/#\/schema\/logo\/image\/","url":"https:\/\/www.organisator.ch\/wp-content\/uploads\/2022\/01\/Logo_Organisator_Website.png","contentUrl":"https:\/\/www.organisator.ch\/wp-content\/uploads\/2022\/01\/Logo_Organisator_Website.png","width":800,"height":77,"caption":"Organisator"},"image":{"@id":"https:\/\/www.organisator.ch\/#\/schema\/logo\/image\/"},"sameAs":["https:\/\/www.facebook.com\/OrganisatorFachmagazin","https:\/\/www.linkedin.com\/showcase\/organisator-das-magazin-fr-kmu","https:\/\/www.xing.com\/news\/pages\/organisator-ch-695","https:\/\/www.youtube.com\/channel\/UCGP2Sq0iWaZwT3BdIAQFYpw"]},{"@type":"Person","@id":"https:\/\/www.organisator.ch\/#\/schema\/person\/6f650f90b2842cd4c0cc334b4e36f67e","name":"thomas.berner","image":{"@type":"ImageObject","inLanguage":"de","@id":"https:\/\/secure.gravatar.com\/avatar\/ac5001d2a36cb6c6cd3e50789007ffca834b477b74a2144564522e944eabff61?s=96&d=mm&r=g","url":"https:\/\/secure.gravatar.com\/avatar\/ac5001d2a36cb6c6cd3e50789007ffca834b477b74a2144564522e944eabff61?s=96&d=mm&r=g","contentUrl":"https:\/\/secure.gravatar.com\/avatar\/ac5001d2a36cb6c6cd3e50789007ffca834b477b74a2144564522e944eabff61?s=96&d=mm&r=g","caption":"thomas.berner"},"url":"https:\/\/www.organisator.ch\/de\/author\/thomas-berner\/"}]}},"_links":{"self":[{"href":"https:\/\/www.organisator.ch\/de\/wp-json\/wp\/v2\/posts\/18541","targetHints":{"allow":["GET"]}}],"collection":[{"href":"https:\/\/www.organisator.ch\/de\/wp-json\/wp\/v2\/posts"}],"about":[{"href":"https:\/\/www.organisator.ch\/de\/wp-json\/wp\/v2\/types\/post"}],"author":[{"embeddable":true,"href":"https:\/\/www.organisator.ch\/de\/wp-json\/wp\/v2\/users\/4"}],"replies":[{"embeddable":true,"href":"https:\/\/www.organisator.ch\/de\/wp-json\/wp\/v2\/comments?post=18541"}],"version-history":[{"count":1,"href":"https:\/\/www.organisator.ch\/de\/wp-json\/wp\/v2\/posts\/18541\/revisions"}],"predecessor-version":[{"id":18544,"href":"https:\/\/www.organisator.ch\/de\/wp-json\/wp\/v2\/posts\/18541\/revisions\/18544"}],"wp:featuredmedia":[{"embeddable":true,"href":"https:\/\/www.organisator.ch\/de\/wp-json\/wp\/v2\/media\/18542"}],"wp:attachment":[{"href":"https:\/\/www.organisator.ch\/de\/wp-json\/wp\/v2\/media?parent=18541"}],"wp:term":[{"taxonomy":"category","embeddable":true,"href":"https:\/\/www.organisator.ch\/de\/wp-json\/wp\/v2\/categories?post=18541"},{"taxonomy":"post_tag","embeddable":true,"href":"https:\/\/www.organisator.ch\/de\/wp-json\/wp\/v2\/tags?post=18541"}],"curies":[{"name":"wp","href":"https:\/\/api.w.org\/{rel}","templated":true}]}}