{"id":18582,"date":"2023-01-24T11:33:00","date_gmt":"2023-01-24T10:33:00","guid":{"rendered":"https:\/\/www.werbewoche.ch\/?p=192616"},"modified":"2024-11-19T07:37:35","modified_gmt":"2024-11-19T06:37:35","slug":"radio-32-neuer-look-zum-32-geburtstag","status":"publish","type":"post","link":"https:\/\/www.organisator.ch\/de\/marketing\/2023-01-24\/radio-32-neuer-look-zum-32-geburtstag\/","title":{"rendered":"Radio 32: neuer Look zum 32. Geburtstag"},"content":{"rendered":"<p><img class=\"aligncenter wp-image-192618 size-full\" src=\"https:\/\/www.werbewoche.ch\/wp-content\/uploads\/2023\/01\/Radio-32-Logo_neu.jpg\" alt=\"Radio 32\" width=\"1200\" height=\"674\" \/>Am 24. Februar 1991 ging Radio 32 mit Sitz in Solothurn zum ersten Mal auf Sendung und feiert nun das 32-Jahr-Jubil\u00e4um. Was mit acht Mitarbeitenden im Wirtschaftsgebiet 32 begann, entwickelte sich eigenen Angaben zufolge zum meistgeh\u00f6rten Privatradio zwischen Biel, Bern und Aarau.<\/p>\r\n<h3><strong>Im neuen Kleid ins Jubil\u00e4umsjahr <\/strong><\/h3>\r\n<p>Zum Geburtstag g\u00f6nnt sich das Radio einen neuen Look. Das neue Logo nimmt vertraute Grundelemente des bisherigen Markenauftritts mit auf: Gewisse Bestandteile der 32-j\u00e4hrigen Markenidentit\u00e4t wie der Kreis mit der Zahl 32 und der Balken mit dem Radio-Schriftzug wurden in modernisierter Form beibehalten. Die neu gesetzte Prim\u00e4rfarbe Gr\u00fcn soll sowohl das l\u00e4ndliche Sendegebiet sowie die Bodenst\u00e4ndigkeit, Zuverl\u00e4ssigkeit und Lebensfreude der H\u00f6rerinnen und H\u00f6rer repr\u00e4sentieren. Dass sich auf der Tonspur nichts \u00e4ndert und die Radio-32-Crew ihrer H\u00f6rerschaft inhaltlich treu bleibt, soll der Kampagnenclaim \u00abDasselbe in Gr\u00fcn\u00bb mit einem Augenzwinkern unterstreichen. F\u00fcr die Konzeption ist der Mediengestalter und Art Director Oliver Fennel verantwortlich.<img class=\"aligncenter size-full wp-image-192617\" src=\"https:\/\/www.werbewoche.ch\/wp-content\/uploads\/2023\/01\/Radio-32-Kampagne-3.jpg\" alt=\"\" width=\"1200\" height=\"675\" \/><\/p>","protected":false},"excerpt":{"rendered":"<p>Am 24. Februar 1991 ging Radio 32 mit Sitz in Solothurn zum ersten Mal auf Sendung und feiert nun das 32-Jahr-Jubil\u00e4um. Was mit acht Mitarbeitenden im Wirtschaftsgebiet 32 begann, entwickelte sich eigenen Angaben zufolge zum meistgeh\u00f6rten Privatradio zwischen Biel, Bern und Aarau. Im neuen Kleid ins Jubil\u00e4umsjahr Zum Geburtstag g\u00f6nnt sich das Radio einen neuen [\u2026]<\/p>\n","protected":false},"author":8,"featured_media":0,"comment_status":"closed","ping_status":"closed","sticky":false,"template":"","format":"standard","meta":{"_acf_changed":false,"_yoast_wpseo_focuskw":"Radio 32","_yoast_wpseo_metadesc":"Radio 32 feiert 32 Jahre mit neuem Logo und modernisiertem Look. Neue Prim\u00e4rfarbe Gr\u00fcn f\u00fcr Bodenst\u00e4ndigkeit und Lebensfreude.","articlekey":"","footnotes":""},"categories":[29],"tags":[3594,3595],"class_list":["post-18582","post","type-post","status-publish","format-standard","hentry","category-marketing","tag-ch-media","tag-radio-32"],"acf":[],"yoast_head":"<!-- This site is optimized with the Yoast SEO plugin v27.5 - https:\/\/yoast.com\/product\/yoast-seo-wordpress\/ -->\n<title>Radio 32: neuer Look zum 32. Geburtstag - Organisator<\/title>\n<meta name=\"description\" content=\"Radio 32 feiert 32 Jahre mit neuem Logo und modernisiertem Look. Neue Prim\u00e4rfarbe Gr\u00fcn f\u00fcr Bodenst\u00e4ndigkeit und Lebensfreude.\" \/>\n<meta name=\"robots\" content=\"index, follow, max-snippet:-1, max-image-preview:large, max-video-preview:-1\" \/>\n<link rel=\"canonical\" href=\"https:\/\/www.organisator.ch\/de\/marketing\/2023-01-24\/radio-32-neuer-look-zum-32-geburtstag\/\" \/>\n<meta property=\"og:locale\" content=\"de_DE\" \/>\n<meta property=\"og:type\" content=\"article\" \/>\n<meta property=\"og:title\" content=\"Radio 32: neuer Look zum 32. Geburtstag - Organisator\" \/>\n<meta property=\"og:description\" content=\"Radio 32 feiert 32 Jahre mit neuem Logo und modernisiertem Look. Neue Prim\u00e4rfarbe Gr\u00fcn f\u00fcr Bodenst\u00e4ndigkeit und Lebensfreude.\" \/>\n<meta property=\"og:url\" content=\"https:\/\/www.organisator.ch\/de\/marketing\/2023-01-24\/radio-32-neuer-look-zum-32-geburtstag\/\" \/>\n<meta property=\"og:site_name\" content=\"Organisator\" \/>\n<meta property=\"article:publisher\" content=\"https:\/\/www.facebook.com\/OrganisatorFachmagazin\" \/>\n<meta property=\"article:published_time\" content=\"2023-01-24T10:33:00+00:00\" \/>\n<meta property=\"article:modified_time\" content=\"2024-11-19T06:37:35+00:00\" \/>\n<meta name=\"author\" content=\"galledia\" \/>\n<meta name=\"twitter:card\" content=\"summary_large_image\" \/>\n<meta name=\"twitter:creator\" content=\"@admin\" \/>\n<script type=\"application\/ld+json\" class=\"yoast-schema-graph\">{\"@context\":\"https:\\\/\\\/schema.org\",\"@graph\":[{\"@type\":\"Article\",\"@id\":\"https:\\\/\\\/www.organisator.ch\\\/marketing\\\/2023-01-24\\\/radio-32-neuer-look-zum-32-geburtstag\\\/#article\",\"isPartOf\":{\"@id\":\"https:\\\/\\\/www.organisator.ch\\\/marketing\\\/2023-01-24\\\/radio-32-neuer-look-zum-32-geburtstag\\\/\"},\"author\":{\"name\":\"galledia\",\"@id\":\"https:\\\/\\\/www.organisator.ch\\\/#\\\/schema\\\/person\\\/4e51799071cd2dd1232ac003643ef5f0\"},\"headline\":\"Radio 32: neuer Look zum 32. Geburtstag\",\"datePublished\":\"2023-01-24T10:33:00+00:00\",\"dateModified\":\"2024-11-19T06:37:35+00:00\",\"mainEntityOfPage\":{\"@id\":\"https:\\\/\\\/www.organisator.ch\\\/marketing\\\/2023-01-24\\\/radio-32-neuer-look-zum-32-geburtstag\\\/\"},\"wordCount\":166,\"publisher\":{\"@id\":\"https:\\\/\\\/www.organisator.ch\\\/#organization\"},\"image\":{\"@id\":\"https:\\\/\\\/www.organisator.ch\\\/marketing\\\/2023-01-24\\\/radio-32-neuer-look-zum-32-geburtstag\\\/#primaryimage\"},\"thumbnailUrl\":\"https:\\\/\\\/www.werbewoche.ch\\\/wp-content\\\/uploads\\\/2023\\\/01\\\/Radio-32-Logo_neu.jpg\",\"keywords\":[\"CH Media\",\"Radio 32\"],\"articleSection\":[\"MARKETING\"],\"inLanguage\":\"de\"},{\"@type\":\"WebPage\",\"@id\":\"https:\\\/\\\/www.organisator.ch\\\/marketing\\\/2023-01-24\\\/radio-32-neuer-look-zum-32-geburtstag\\\/\",\"url\":\"https:\\\/\\\/www.organisator.ch\\\/marketing\\\/2023-01-24\\\/radio-32-neuer-look-zum-32-geburtstag\\\/\",\"name\":\"Radio 32: neuer Look zum 32. Geburtstag - Organisator\",\"isPartOf\":{\"@id\":\"https:\\\/\\\/www.organisator.ch\\\/#website\"},\"primaryImageOfPage\":{\"@id\":\"https:\\\/\\\/www.organisator.ch\\\/marketing\\\/2023-01-24\\\/radio-32-neuer-look-zum-32-geburtstag\\\/#primaryimage\"},\"image\":{\"@id\":\"https:\\\/\\\/www.organisator.ch\\\/marketing\\\/2023-01-24\\\/radio-32-neuer-look-zum-32-geburtstag\\\/#primaryimage\"},\"thumbnailUrl\":\"https:\\\/\\\/www.werbewoche.ch\\\/wp-content\\\/uploads\\\/2023\\\/01\\\/Radio-32-Logo_neu.jpg\",\"datePublished\":\"2023-01-24T10:33:00+00:00\",\"dateModified\":\"2024-11-19T06:37:35+00:00\",\"description\":\"Radio 32 feiert 32 Jahre mit neuem Logo und modernisiertem Look. Neue Prim\u00e4rfarbe Gr\u00fcn f\u00fcr Bodenst\u00e4ndigkeit und Lebensfreude.\",\"breadcrumb\":{\"@id\":\"https:\\\/\\\/www.organisator.ch\\\/marketing\\\/2023-01-24\\\/radio-32-neuer-look-zum-32-geburtstag\\\/#breadcrumb\"},\"inLanguage\":\"de\",\"potentialAction\":[{\"@type\":\"ReadAction\",\"target\":[\"https:\\\/\\\/www.organisator.ch\\\/marketing\\\/2023-01-24\\\/radio-32-neuer-look-zum-32-geburtstag\\\/\"]}]},{\"@type\":\"ImageObject\",\"inLanguage\":\"de\",\"@id\":\"https:\\\/\\\/www.organisator.ch\\\/marketing\\\/2023-01-24\\\/radio-32-neuer-look-zum-32-geburtstag\\\/#primaryimage\",\"url\":\"https:\\\/\\\/www.werbewoche.ch\\\/wp-content\\\/uploads\\\/2023\\\/01\\\/Radio-32-Logo_neu.jpg\",\"contentUrl\":\"https:\\\/\\\/www.werbewoche.ch\\\/wp-content\\\/uploads\\\/2023\\\/01\\\/Radio-32-Logo_neu.jpg\"},{\"@type\":\"BreadcrumbList\",\"@id\":\"https:\\\/\\\/www.organisator.ch\\\/marketing\\\/2023-01-24\\\/radio-32-neuer-look-zum-32-geburtstag\\\/#breadcrumb\",\"itemListElement\":[{\"@type\":\"ListItem\",\"position\":1,\"name\":\"Home\",\"item\":\"https:\\\/\\\/www.organisator.ch\\\/\"},{\"@type\":\"ListItem\",\"position\":2,\"name\":\"Radio 32: neuer Look zum 32. Geburtstag\"}]},{\"@type\":\"WebSite\",\"@id\":\"https:\\\/\\\/www.organisator.ch\\\/#website\",\"url\":\"https:\\\/\\\/www.organisator.ch\\\/\",\"name\":\"Organisator\",\"description\":\"Kompetent. Praxisnah. Der ORGANISATOR bereitet in 10 Ausgaben pro Jahr die wesentlichen Themen f\u00fcr F\u00fchrungskr\u00e4fte von KMU auf.\",\"publisher\":{\"@id\":\"https:\\\/\\\/www.organisator.ch\\\/#organization\"},\"potentialAction\":[{\"@type\":\"SearchAction\",\"target\":{\"@type\":\"EntryPoint\",\"urlTemplate\":\"https:\\\/\\\/www.organisator.ch\\\/?s={search_term_string}\"},\"query-input\":{\"@type\":\"PropertyValueSpecification\",\"valueRequired\":true,\"valueName\":\"search_term_string\"}}],\"inLanguage\":\"de\"},{\"@type\":\"Organization\",\"@id\":\"https:\\\/\\\/www.organisator.ch\\\/#organization\",\"name\":\"Organisator\",\"url\":\"https:\\\/\\\/www.organisator.ch\\\/\",\"logo\":{\"@type\":\"ImageObject\",\"inLanguage\":\"de\",\"@id\":\"https:\\\/\\\/www.organisator.ch\\\/#\\\/schema\\\/logo\\\/image\\\/\",\"url\":\"https:\\\/\\\/www.organisator.ch\\\/wp-content\\\/uploads\\\/2022\\\/01\\\/Logo_Organisator_Website.png\",\"contentUrl\":\"https:\\\/\\\/www.organisator.ch\\\/wp-content\\\/uploads\\\/2022\\\/01\\\/Logo_Organisator_Website.png\",\"width\":800,\"height\":77,\"caption\":\"Organisator\"},\"image\":{\"@id\":\"https:\\\/\\\/www.organisator.ch\\\/#\\\/schema\\\/logo\\\/image\\\/\"},\"sameAs\":[\"https:\\\/\\\/www.facebook.com\\\/OrganisatorFachmagazin\",\"https:\\\/\\\/www.linkedin.com\\\/showcase\\\/organisator-das-magazin-fr-kmu\",\"https:\\\/\\\/www.xing.com\\\/news\\\/pages\\\/organisator-ch-695\",\"https:\\\/\\\/www.youtube.com\\\/channel\\\/UCGP2Sq0iWaZwT3BdIAQFYpw\"]},{\"@type\":\"Person\",\"@id\":\"https:\\\/\\\/www.organisator.ch\\\/#\\\/schema\\\/person\\\/4e51799071cd2dd1232ac003643ef5f0\",\"name\":\"galledia\",\"image\":{\"@type\":\"ImageObject\",\"inLanguage\":\"de\",\"@id\":\"https:\\\/\\\/secure.gravatar.com\\\/avatar\\\/78a7f90c01fc2bfc875782a0d4922b37cde2cf184ce347b91316d23cd7f69a36?s=96&d=mm&r=g\",\"url\":\"https:\\\/\\\/secure.gravatar.com\\\/avatar\\\/78a7f90c01fc2bfc875782a0d4922b37cde2cf184ce347b91316d23cd7f69a36?s=96&d=mm&r=g\",\"contentUrl\":\"https:\\\/\\\/secure.gravatar.com\\\/avatar\\\/78a7f90c01fc2bfc875782a0d4922b37cde2cf184ce347b91316d23cd7f69a36?s=96&d=mm&r=g\",\"caption\":\"galledia\"},\"sameAs\":[\"https:\\\/\\\/x.com\\\/admin\"],\"url\":\"https:\\\/\\\/www.organisator.ch\\\/de\\\/author\\\/galledia\\\/\"}]}<\/script>\n<!-- \/ Yoast SEO plugin. -->","yoast_head_json":{"title":"Radio 32: neuer Look zum 32. Geburtstag - Organisator","description":"Radio 32 feiert 32 Jahre mit neuem Logo und modernisiertem Look. Neue Prim\u00e4rfarbe Gr\u00fcn f\u00fcr Bodenst\u00e4ndigkeit und Lebensfreude.","robots":{"index":"index","follow":"follow","max-snippet":"max-snippet:-1","max-image-preview":"max-image-preview:large","max-video-preview":"max-video-preview:-1"},"canonical":"https:\/\/www.organisator.ch\/de\/marketing\/2023-01-24\/radio-32-neuer-look-zum-32-geburtstag\/","og_locale":"de_DE","og_type":"article","og_title":"Radio 32: neuer Look zum 32. Geburtstag - Organisator","og_description":"Radio 32 feiert 32 Jahre mit neuem Logo und modernisiertem Look. Neue Prim\u00e4rfarbe Gr\u00fcn f\u00fcr Bodenst\u00e4ndigkeit und Lebensfreude.","og_url":"https:\/\/www.organisator.ch\/de\/marketing\/2023-01-24\/radio-32-neuer-look-zum-32-geburtstag\/","og_site_name":"Organisator","article_publisher":"https:\/\/www.facebook.com\/OrganisatorFachmagazin","article_published_time":"2023-01-24T10:33:00+00:00","article_modified_time":"2024-11-19T06:37:35+00:00","author":"galledia","twitter_card":"summary_large_image","twitter_creator":"@admin","schema":{"@context":"https:\/\/schema.org","@graph":[{"@type":"Article","@id":"https:\/\/www.organisator.ch\/marketing\/2023-01-24\/radio-32-neuer-look-zum-32-geburtstag\/#article","isPartOf":{"@id":"https:\/\/www.organisator.ch\/marketing\/2023-01-24\/radio-32-neuer-look-zum-32-geburtstag\/"},"author":{"name":"galledia","@id":"https:\/\/www.organisator.ch\/#\/schema\/person\/4e51799071cd2dd1232ac003643ef5f0"},"headline":"Radio 32: neuer Look zum 32. Geburtstag","datePublished":"2023-01-24T10:33:00+00:00","dateModified":"2024-11-19T06:37:35+00:00","mainEntityOfPage":{"@id":"https:\/\/www.organisator.ch\/marketing\/2023-01-24\/radio-32-neuer-look-zum-32-geburtstag\/"},"wordCount":166,"publisher":{"@id":"https:\/\/www.organisator.ch\/#organization"},"image":{"@id":"https:\/\/www.organisator.ch\/marketing\/2023-01-24\/radio-32-neuer-look-zum-32-geburtstag\/#primaryimage"},"thumbnailUrl":"https:\/\/www.werbewoche.ch\/wp-content\/uploads\/2023\/01\/Radio-32-Logo_neu.jpg","keywords":["CH Media","Radio 32"],"articleSection":["MARKETING"],"inLanguage":"de"},{"@type":"WebPage","@id":"https:\/\/www.organisator.ch\/marketing\/2023-01-24\/radio-32-neuer-look-zum-32-geburtstag\/","url":"https:\/\/www.organisator.ch\/marketing\/2023-01-24\/radio-32-neuer-look-zum-32-geburtstag\/","name":"Radio 32: neuer Look zum 32. Geburtstag - Organisator","isPartOf":{"@id":"https:\/\/www.organisator.ch\/#website"},"primaryImageOfPage":{"@id":"https:\/\/www.organisator.ch\/marketing\/2023-01-24\/radio-32-neuer-look-zum-32-geburtstag\/#primaryimage"},"image":{"@id":"https:\/\/www.organisator.ch\/marketing\/2023-01-24\/radio-32-neuer-look-zum-32-geburtstag\/#primaryimage"},"thumbnailUrl":"https:\/\/www.werbewoche.ch\/wp-content\/uploads\/2023\/01\/Radio-32-Logo_neu.jpg","datePublished":"2023-01-24T10:33:00+00:00","dateModified":"2024-11-19T06:37:35+00:00","description":"Radio 32 feiert 32 Jahre mit neuem Logo und modernisiertem Look. Neue Prim\u00e4rfarbe Gr\u00fcn f\u00fcr Bodenst\u00e4ndigkeit und Lebensfreude.","breadcrumb":{"@id":"https:\/\/www.organisator.ch\/marketing\/2023-01-24\/radio-32-neuer-look-zum-32-geburtstag\/#breadcrumb"},"inLanguage":"de","potentialAction":[{"@type":"ReadAction","target":["https:\/\/www.organisator.ch\/marketing\/2023-01-24\/radio-32-neuer-look-zum-32-geburtstag\/"]}]},{"@type":"ImageObject","inLanguage":"de","@id":"https:\/\/www.organisator.ch\/marketing\/2023-01-24\/radio-32-neuer-look-zum-32-geburtstag\/#primaryimage","url":"https:\/\/www.werbewoche.ch\/wp-content\/uploads\/2023\/01\/Radio-32-Logo_neu.jpg","contentUrl":"https:\/\/www.werbewoche.ch\/wp-content\/uploads\/2023\/01\/Radio-32-Logo_neu.jpg"},{"@type":"BreadcrumbList","@id":"https:\/\/www.organisator.ch\/marketing\/2023-01-24\/radio-32-neuer-look-zum-32-geburtstag\/#breadcrumb","itemListElement":[{"@type":"ListItem","position":1,"name":"Home","item":"https:\/\/www.organisator.ch\/"},{"@type":"ListItem","position":2,"name":"Radio 32: neuer Look zum 32. Geburtstag"}]},{"@type":"WebSite","@id":"https:\/\/www.organisator.ch\/#website","url":"https:\/\/www.organisator.ch\/","name":"Organisator","description":"Kompetent. Praxisnah. Der ORGANISATOR bereitet in 10 Ausgaben pro Jahr die wesentlichen Themen f\u00fcr F\u00fchrungskr\u00e4fte von KMU auf.","publisher":{"@id":"https:\/\/www.organisator.ch\/#organization"},"potentialAction":[{"@type":"SearchAction","target":{"@type":"EntryPoint","urlTemplate":"https:\/\/www.organisator.ch\/?s={search_term_string}"},"query-input":{"@type":"PropertyValueSpecification","valueRequired":true,"valueName":"search_term_string"}}],"inLanguage":"de"},{"@type":"Organization","@id":"https:\/\/www.organisator.ch\/#organization","name":"Organisator","url":"https:\/\/www.organisator.ch\/","logo":{"@type":"ImageObject","inLanguage":"de","@id":"https:\/\/www.organisator.ch\/#\/schema\/logo\/image\/","url":"https:\/\/www.organisator.ch\/wp-content\/uploads\/2022\/01\/Logo_Organisator_Website.png","contentUrl":"https:\/\/www.organisator.ch\/wp-content\/uploads\/2022\/01\/Logo_Organisator_Website.png","width":800,"height":77,"caption":"Organisator"},"image":{"@id":"https:\/\/www.organisator.ch\/#\/schema\/logo\/image\/"},"sameAs":["https:\/\/www.facebook.com\/OrganisatorFachmagazin","https:\/\/www.linkedin.com\/showcase\/organisator-das-magazin-fr-kmu","https:\/\/www.xing.com\/news\/pages\/organisator-ch-695","https:\/\/www.youtube.com\/channel\/UCGP2Sq0iWaZwT3BdIAQFYpw"]},{"@type":"Person","@id":"https:\/\/www.organisator.ch\/#\/schema\/person\/4e51799071cd2dd1232ac003643ef5f0","name":"galledia","image":{"@type":"ImageObject","inLanguage":"de","@id":"https:\/\/secure.gravatar.com\/avatar\/78a7f90c01fc2bfc875782a0d4922b37cde2cf184ce347b91316d23cd7f69a36?s=96&d=mm&r=g","url":"https:\/\/secure.gravatar.com\/avatar\/78a7f90c01fc2bfc875782a0d4922b37cde2cf184ce347b91316d23cd7f69a36?s=96&d=mm&r=g","contentUrl":"https:\/\/secure.gravatar.com\/avatar\/78a7f90c01fc2bfc875782a0d4922b37cde2cf184ce347b91316d23cd7f69a36?s=96&d=mm&r=g","caption":"galledia"},"sameAs":["https:\/\/x.com\/admin"],"url":"https:\/\/www.organisator.ch\/de\/author\/galledia\/"}]}},"_links":{"self":[{"href":"https:\/\/www.organisator.ch\/de\/wp-json\/wp\/v2\/posts\/18582","targetHints":{"allow":["GET"]}}],"collection":[{"href":"https:\/\/www.organisator.ch\/de\/wp-json\/wp\/v2\/posts"}],"about":[{"href":"https:\/\/www.organisator.ch\/de\/wp-json\/wp\/v2\/types\/post"}],"author":[{"embeddable":true,"href":"https:\/\/www.organisator.ch\/de\/wp-json\/wp\/v2\/users\/8"}],"replies":[{"embeddable":true,"href":"https:\/\/www.organisator.ch\/de\/wp-json\/wp\/v2\/comments?post=18582"}],"version-history":[{"count":3,"href":"https:\/\/www.organisator.ch\/de\/wp-json\/wp\/v2\/posts\/18582\/revisions"}],"predecessor-version":[{"id":33441,"href":"https:\/\/www.organisator.ch\/de\/wp-json\/wp\/v2\/posts\/18582\/revisions\/33441"}],"wp:attachment":[{"href":"https:\/\/www.organisator.ch\/de\/wp-json\/wp\/v2\/media?parent=18582"}],"wp:term":[{"taxonomy":"category","embeddable":true,"href":"https:\/\/www.organisator.ch\/de\/wp-json\/wp\/v2\/categories?post=18582"},{"taxonomy":"post_tag","embeddable":true,"href":"https:\/\/www.organisator.ch\/de\/wp-json\/wp\/v2\/tags?post=18582"}],"curies":[{"name":"wp","href":"https:\/\/api.w.org\/{rel}","templated":true}]}}