{"id":1860,"date":"2018-10-11T15:57:28","date_gmt":"2018-10-11T13:57:28","guid":{"rendered":"https:\/\/www.umweltperspektiven.ch\/?p=1860"},"modified":"2022-02-09T11:10:08","modified_gmt":"2022-02-09T10:10:08","slug":"zermatt-summit-2018-menschen-veraendern-die-welt-nicht-das-geld","status":"publish","type":"post","link":"https:\/\/www.organisator.ch\/de\/sustainability\/2018-10-11\/zermatt-summit-2018-menschen-veraendern-die-welt-nicht-das-geld\/","title":{"rendered":"Zermatt Summit 2018: Menschen ver\u00e4ndern die Welt \u2013 nicht das Geld"},"content":{"rendered":"<figure id=\"attachment_1861\" aria-describedby=\"caption-attachment-1861\" style=\"width: 680px\" class=\"wp-caption alignnone\"><img loading=\"lazy\" decoding=\"async\" class=\"size-medium wp-image-1861\" src=\"\/\/www.umweltperspektiven.ch\/wp-content\/uploads\/2018\/10\/Zermatt-Summit-2018-Menschen-ver\u00e4ndern-die-Welt-\u2013-nicht-das-Geld-up-umweltperspektiven.jpg\" alt=\"\" width=\"680\" height=\"447\" \/><figcaption id=\"caption-attachment-1861\" class=\"wp-caption-text\">Menschen, nicht Geld entscheidet \u00fcber unser Schicksal &#8211; hiess das diesj\u00e4hrige Credo am Zermatt Summit. (Bild: zVg)<\/figcaption><\/figure>\n<p>Christopher Wasserman, Gr\u00fcnder und Pr\u00e4sident der Zermatt Summit Foundation, die sich als ein Inkubator f\u00fcr neue Gesch\u00e4ftsmodelle mit sozialem und \u00f6kologischem Hintergrund versteht, fasste es in seinem Er\u00f6ffnungsvortrag zusammen: \u00abUnsere Vision ist es, einen Ort zu schaffen, an dem sich Menschen treffen, um inspiriert zu werden, Innovationen auszutauschen, sich zu vernetzen und zusammenzuarbeiten, damit neue Gesch\u00e4ftsmodelle f\u00fcr eine bessere Welt entstehen.\u00bb<\/p>\n<p>Der Zermatt Summit ist ein Ort der Reflexion f\u00fcr F\u00fchrungskr\u00e4fte, die verstehen, dass Unternehmen eine Kraft f\u00fcr das Gute sein k\u00f6nnen und dass Wirtschaftsmodelle notwendige soziale, \u00f6kologische und soziale Auswirkungen haben k\u00f6nnen. Der Zermatt Summit will die Referenz f\u00fcr ethisches Wirtschaften in einer globalisierten Welt sein, neben dem Weltwirtschaftsforum (WEF) in Davos, wo sich f\u00fchrende Unternehmen und Politiker treffen, um haupts\u00e4chlich \u00fcber \u201ebusiness as usual\u201c zu diskutieren, und dem Weltsozialforum in Porto Alegre in Brasilien, wo sich Aktivisten ohne eine konkrete Agenda f\u00fcr Ver\u00e4nderungen treffen.<\/p>\n<p>Zwischen Davos und Porto Allegre besteht eine L\u00fccke, die der Zermatt Summit schliessen will.<\/p>\n<p><strong>Die Wirtschaft im Dienste des Menschen und des Gemeinwohls<\/strong><\/p>\n<p>Die Auswahl an hochkar\u00e4tigen internationalen Referenten war beeindruckend. G\u00e4ste aus Europa, Afrika, Asien, den USA und der Schweiz trafen sich, um bahnbrechende neue Gesch\u00e4ftsmodelle zu pr\u00e4sentieren und zu diskutieren. Der belgische Unternehmer, Autor und Aktivist Prof. Dr. Gunter Pauli pr\u00e4sentierte seine Vision der \u201eBlue Economy\u201c f\u00fcr eine nachhaltigere Weltwirtschaft.<\/p>\n<p>Die Blue Economy konzentriert sich auf die Grundversorgung der Menschen -Nahrung, Wasser, Energie und Gesundheit -bei gleichzeitiger Regeneration der Natur, Schaffung von Arbeitspl\u00e4tzen, Aufbau von Gemeinschaften und Vermeidung von Abfall. \u00abNiemand sagt mir, dass es nachhaltig ist, wenn man einen Bio-Apfel aus Chile hier in Zermatt kauft. Das ist einfach nicht wahr. Es ist nicht so und es wird nie so sein.\u00bb, sagte Pauli. Die Blue Economy stimuliert eine lokale Wirtschaft mit einem direkten Verh\u00e4ltnis zwischen Produzenten und Konsumenten.<\/p>\n<p>Kaffee, nach \u00d6l der am meisten gehandelte Rohstoff der Welt, spielte eine wichtige Rolle bei einer am Zermatt Summit diskutierten Innovation. Der deutsche Unternehmer Hans Stier stellte die Firma Bonaverde vor, die eine Maschine zum R\u00f6sten und Mahlen von Rohkaffee anbietet und eine direkte Beziehung zwischen kleinen Kaffeeproduzenten und ihren Kunden herstellt. Das Bonaverde-Konzept verbessert das Leben in den Kaffee produzierenden L\u00e4ndern erheblich.<\/p>\n<p>Bertil Akesson, der eine Familienplantage in Madagaskar leitet, pr\u00e4sentierte 51 Arten von nat\u00fcrlichem, koffeinfreiem Kaffee. Er versicherte dem Publikum, dass diese Kaffeespezialit\u00e4t bald in den Detailhandel gelangen w\u00fcrde.<\/p>\n<p><strong>Bahnbrechende Erfindungen und Projekte vorgestellt <\/strong><\/p>\n<p>Der Physiker und Unternehmer Prof. Dr. Suat Topsu aus Frankreich brachte eine bahnbrechende Kommunikationstechnologie nach Zermatt. Topsu ist der Erfinder von Li-Fi: Datenkommunikation, Internet, \u00fcber Lichtwellen. Science Fiction? Auf keinen Fall. Topsu gab konkrete Beispiele f\u00fcr Anwendungen in Superm\u00e4rkten, Museen und Krankenh\u00e4usern. Li-Fi wird derzeit in die neuen 5G-Kommunikationsnetzstandards integriert.<\/p>\n<p>Der niederl\u00e4ndische Unternehmer Joost Wouters stellte am Zermatt Summit das enorme Potenzial des Algenanbaus f\u00fcr Energie, Lebensmittel und vieles mehr vor. \u00abSeetang ist die am schnellsten wachsende Biomasse auf dem Planeten.\u00bb, sagte Wouters. Seit Jahrhunderten werden Meeresalgen haupts\u00e4chlich in Asien angebaut, wo heute 99 Prozent der Weltproduktion produziert und haupts\u00e4chlich zu Lebensmitteln verarbeitet werden. Die Produktion ist einfach. Es ben\u00f6tigt nur Salzwasser, Sonnenlicht und N\u00e4hrstoffe. Der Prozess ist sehr effizient und Wouters hat gezeigt, dass Biogas aus Meeresalgen bei weitem besser abschneidet als Erdgas aus Fracking. Die Algenproduktion regeneriert die Meeresumwelt, w\u00e4hrend Fracking die nat\u00fcrliche Umwelt f\u00fcr Jahrhunderte zerst\u00f6rt.<\/p>\n<p>Die Leistungen des Schweizer Unternehmers Marco Simeoni am Zermatt Summit waren faszinierend und beeindruckend. Simeoni gilt als das bestgeh\u00fctete Geheimnis der Schweiz. Seine Stiftung \u201eRace for Water\u201c wurde 2010 mit dem Ziel gegr\u00fcndet, die plastische Verschmutzung der Ozeane zu beseitigen. Race for Water hat ein Verfahren entwickelt, das Kunststoffabf\u00e4lle in Gas und Strom umwandelt. Diese kleine innovative Fabrik kann in Containern auf der ganzen Welt vertrieben werden, was eine grosse Chance bietet, Kunststoffabf\u00e4lle auf wirtschaftliche Weise zu reduzieren.<\/p>\n<p><strong>Die Humanisierung der Globalisierung wird zu einer Priorit\u00e4t<\/strong><\/p>\n<p>Unternehmen haben einen grossen Einfluss auf die Gesellschaft. Sie schaffen Arbeitspl\u00e4tze und Innovationen, produzieren Waren und Dienstleistungen und schaffen Einkommen. Mit dieser Wirtschaftsmacht kommt jedoch eine soziale Verantwortung f\u00fcr das Gemeinwohl, die vielen Unternehmern noch nicht so bewusst ist.<\/p>\n<p>Es besteht ein grosser Bedarf an \u00dcberpr\u00fcfung, Umdenken und Erweiterung des Unternehmenszwecks. Christopher Wasserman sagte: \u00abVer\u00e4nderungen werden nicht nur durch neue innovative Gesch\u00e4ftsmodelle, sondern auch durch pers\u00f6nliche Verbindungen und Beziehungen entstehen. Der Zermatt Summit bietet die ideale Plattform f\u00fcr Austausch und Beziehungspflege.\u00bb (Zermatt Summit\/mm)<\/p>\n<p><em>\u00dcber Zermatt Summit<\/em><\/p>\n<p><em>Der Zermatt Summit wurde 2010 als internationale Referenzplattform zur F\u00f6rderung eines konstruktiven, handlungsorientierten Dialogs zwischen den verschiedensten gesellschaftlichen Akteuren ins Leben gerufen. Die Konferenzen werden von der Zermatt Summit Foundation organisiert, einer unabh\u00e4ngigen NGO, die vom Schweizer Staat als gemeinn\u00fctzig anerkannt ist. Die Stiftung will Stakeholder aus der Zivilgesellschaft, aus Wirtschaft und Politik sowie aus Religion und Kunst zusammenbringen, um mehr Menschlichkeit in den Prozess der Globalisierung einzubringen und F\u00fchrungskr\u00e4ften praktische Empfehlungen f\u00fcr eine Wirtschaft zu geben, die dem Menschen und dem Gemeinwohl dienen. Initiator, F\u00f6rderer und Pr\u00e4sident der Zermatt Summit Foundation ist Christopher Wasserman, Gr\u00fcnder eines Schweizer Familienunternehmens.<\/em><\/p>\n<p><a href=\"\/\/www.zermattsummit.org\">http:\/\/www.zermattsummit.org<\/a><\/p>\n<p>&nbsp;<\/p>\n","protected":false},"excerpt":{"rendered":"<p>Christopher Wasserman, Gr\u00fcnder und Pr\u00e4sident der Zermatt Summit Foundation, die sich als ein Inkubator f\u00fcr neue Gesch\u00e4ftsmodelle mit sozialem und \u00f6kologischem Hintergrund versteht, fasste es in seinem Er\u00f6ffnungsvortrag zusammen: \u00abUnsere Vision ist es, einen Ort zu schaffen, an dem sich Menschen treffen, um inspiriert zu werden, Innovationen auszutauschen, sich zu vernetzen und zusammenzuarbeiten, damit neue [&hellip;]<\/p>\n","protected":false},"author":5,"featured_media":9567,"comment_status":"open","ping_status":"open","sticky":false,"template":"","format":"standard","meta":{"_acf_changed":false,"_yoast_wpseo_focuskw":"Zermatt Summit","_yoast_wpseo_metadesc":"Die siebte Ausgabe des Zermatt Summit lockte 120 Unternehmer und Manager in die Walliser Berge, unter anderem ging es um humane Themen.","articlekey":"","footnotes":""},"categories":[580],"tags":[1114,1414,1954,2239,2355,2597],"class_list":["post-1860","post","type-post","status-publish","format-standard","has-post-thumbnail","hentry","category-sustainability","tag-erfindungen","tag-innovationen","tag-projekte","tag-summit","tag-umwelt-technologien","tag-zermatt"],"acf":[],"yoast_head":"<!-- This site is optimized with the Yoast SEO plugin v27.5 - https:\/\/yoast.com\/product\/yoast-seo-wordpress\/ -->\n<title>Zermatt Summit 2018: Menschen ver\u00e4ndern die Welt \u2013 nicht das Geld - Organisator<\/title>\n<meta name=\"description\" content=\"Die siebte Ausgabe des Zermatt Summit lockte 120 Unternehmer und Manager in die Walliser Berge, unter anderem ging es um humane Themen.\" \/>\n<meta name=\"robots\" content=\"index, follow, max-snippet:-1, max-image-preview:large, max-video-preview:-1\" \/>\n<link rel=\"canonical\" href=\"https:\/\/www.organisator.ch\/de\/sustainability\/2018-10-11\/zermatt-summit-2018-menschen-veraendern-die-welt-nicht-das-geld\/\" \/>\n<meta property=\"og:locale\" content=\"de_DE\" \/>\n<meta property=\"og:type\" content=\"article\" \/>\n<meta property=\"og:title\" content=\"Zermatt Summit 2018: Menschen ver\u00e4ndern die Welt \u2013 nicht das Geld - Organisator\" \/>\n<meta property=\"og:description\" content=\"Die siebte Ausgabe des Zermatt Summit lockte 120 Unternehmer und Manager in die Walliser Berge, unter anderem ging es um humane Themen.\" \/>\n<meta property=\"og:url\" content=\"https:\/\/www.organisator.ch\/de\/sustainability\/2018-10-11\/zermatt-summit-2018-menschen-veraendern-die-welt-nicht-das-geld\/\" \/>\n<meta property=\"og:site_name\" content=\"Organisator\" \/>\n<meta property=\"article:publisher\" content=\"https:\/\/www.facebook.com\/OrganisatorFachmagazin\" \/>\n<meta property=\"article:published_time\" content=\"2018-10-11T13:57:28+00:00\" \/>\n<meta property=\"article:modified_time\" content=\"2022-02-09T10:10:08+00:00\" \/>\n<meta property=\"og:image\" content=\"https:\/\/www.organisator.ch\/wp-content\/uploads\/2018\/10\/Zermatt-Summit-2018-Menschen-veraendern-die-Welt-\u2013-nicht-das-Geld-up-umweltperspektiven.jpg\" \/>\n\t<meta property=\"og:image:width\" content=\"1095\" \/>\n\t<meta property=\"og:image:height\" content=\"720\" \/>\n\t<meta property=\"og:image:type\" content=\"image\/jpeg\" \/>\n<meta name=\"author\" content=\"michael.merz\" \/>\n<meta name=\"twitter:card\" content=\"summary_large_image\" \/>\n<script type=\"application\/ld+json\" class=\"yoast-schema-graph\">{\"@context\":\"https:\\\/\\\/schema.org\",\"@graph\":[{\"@type\":\"Article\",\"@id\":\"https:\\\/\\\/www.organisator.ch\\\/sustainability\\\/2018-10-11\\\/zermatt-summit-2018-menschen-veraendern-die-welt-nicht-das-geld\\\/#article\",\"isPartOf\":{\"@id\":\"https:\\\/\\\/www.organisator.ch\\\/sustainability\\\/2018-10-11\\\/zermatt-summit-2018-menschen-veraendern-die-welt-nicht-das-geld\\\/\"},\"author\":{\"name\":\"michael.merz\",\"@id\":\"https:\\\/\\\/www.organisator.ch\\\/#\\\/schema\\\/person\\\/134708ca9321c57b0362cceb7948ffbd\"},\"headline\":\"Zermatt Summit 2018: Menschen ver\u00e4ndern die Welt \u2013 nicht das Geld\",\"datePublished\":\"2018-10-11T13:57:28+00:00\",\"dateModified\":\"2022-02-09T10:10:08+00:00\",\"mainEntityOfPage\":{\"@id\":\"https:\\\/\\\/www.organisator.ch\\\/sustainability\\\/2018-10-11\\\/zermatt-summit-2018-menschen-veraendern-die-welt-nicht-das-geld\\\/\"},\"wordCount\":917,\"commentCount\":0,\"publisher\":{\"@id\":\"https:\\\/\\\/www.organisator.ch\\\/#organization\"},\"image\":{\"@id\":\"https:\\\/\\\/www.organisator.ch\\\/sustainability\\\/2018-10-11\\\/zermatt-summit-2018-menschen-veraendern-die-welt-nicht-das-geld\\\/#primaryimage\"},\"thumbnailUrl\":\"https:\\\/\\\/www.organisator.ch\\\/wp-content\\\/uploads\\\/2018\\\/10\\\/Zermatt-Summit-2018-Menschen-veraendern-die-Welt-\u2013-nicht-das-Geld-up-umweltperspektiven.jpg\",\"keywords\":[\"Erfindungen\",\"Innovationen\",\"Projekte\",\"Summit\",\"Umwelt Technologien\",\"Zermatt\"],\"articleSection\":[\"SUSTAINABILITY\"],\"inLanguage\":\"de\"},{\"@type\":\"WebPage\",\"@id\":\"https:\\\/\\\/www.organisator.ch\\\/sustainability\\\/2018-10-11\\\/zermatt-summit-2018-menschen-veraendern-die-welt-nicht-das-geld\\\/\",\"url\":\"https:\\\/\\\/www.organisator.ch\\\/sustainability\\\/2018-10-11\\\/zermatt-summit-2018-menschen-veraendern-die-welt-nicht-das-geld\\\/\",\"name\":\"Zermatt Summit 2018: Menschen ver\u00e4ndern die Welt \u2013 nicht das Geld - Organisator\",\"isPartOf\":{\"@id\":\"https:\\\/\\\/www.organisator.ch\\\/#website\"},\"primaryImageOfPage\":{\"@id\":\"https:\\\/\\\/www.organisator.ch\\\/sustainability\\\/2018-10-11\\\/zermatt-summit-2018-menschen-veraendern-die-welt-nicht-das-geld\\\/#primaryimage\"},\"image\":{\"@id\":\"https:\\\/\\\/www.organisator.ch\\\/sustainability\\\/2018-10-11\\\/zermatt-summit-2018-menschen-veraendern-die-welt-nicht-das-geld\\\/#primaryimage\"},\"thumbnailUrl\":\"https:\\\/\\\/www.organisator.ch\\\/wp-content\\\/uploads\\\/2018\\\/10\\\/Zermatt-Summit-2018-Menschen-veraendern-die-Welt-\u2013-nicht-das-Geld-up-umweltperspektiven.jpg\",\"datePublished\":\"2018-10-11T13:57:28+00:00\",\"dateModified\":\"2022-02-09T10:10:08+00:00\",\"description\":\"Die siebte Ausgabe des Zermatt Summit lockte 120 Unternehmer und Manager in die Walliser Berge, unter anderem ging es um humane Themen.\",\"breadcrumb\":{\"@id\":\"https:\\\/\\\/www.organisator.ch\\\/sustainability\\\/2018-10-11\\\/zermatt-summit-2018-menschen-veraendern-die-welt-nicht-das-geld\\\/#breadcrumb\"},\"inLanguage\":\"de\",\"potentialAction\":[{\"@type\":\"ReadAction\",\"target\":[\"https:\\\/\\\/www.organisator.ch\\\/sustainability\\\/2018-10-11\\\/zermatt-summit-2018-menschen-veraendern-die-welt-nicht-das-geld\\\/\"]}]},{\"@type\":\"ImageObject\",\"inLanguage\":\"de\",\"@id\":\"https:\\\/\\\/www.organisator.ch\\\/sustainability\\\/2018-10-11\\\/zermatt-summit-2018-menschen-veraendern-die-welt-nicht-das-geld\\\/#primaryimage\",\"url\":\"https:\\\/\\\/www.organisator.ch\\\/wp-content\\\/uploads\\\/2018\\\/10\\\/Zermatt-Summit-2018-Menschen-veraendern-die-Welt-\u2013-nicht-das-Geld-up-umweltperspektiven.jpg\",\"contentUrl\":\"https:\\\/\\\/www.organisator.ch\\\/wp-content\\\/uploads\\\/2018\\\/10\\\/Zermatt-Summit-2018-Menschen-veraendern-die-Welt-\u2013-nicht-das-Geld-up-umweltperspektiven.jpg\",\"width\":1095,\"height\":720,\"caption\":\"Menschen, nicht Geld entscheidet \u00fcber unser Schicksal - hiess das diesj\u00e4hrige Credo am Zermatt Summit. (Bild: zVg)\"},{\"@type\":\"BreadcrumbList\",\"@id\":\"https:\\\/\\\/www.organisator.ch\\\/sustainability\\\/2018-10-11\\\/zermatt-summit-2018-menschen-veraendern-die-welt-nicht-das-geld\\\/#breadcrumb\",\"itemListElement\":[{\"@type\":\"ListItem\",\"position\":1,\"name\":\"Home\",\"item\":\"https:\\\/\\\/www.organisator.ch\\\/\"},{\"@type\":\"ListItem\",\"position\":2,\"name\":\"Zermatt Summit 2018: Menschen ver\u00e4ndern die Welt \u2013 nicht das Geld\"}]},{\"@type\":\"WebSite\",\"@id\":\"https:\\\/\\\/www.organisator.ch\\\/#website\",\"url\":\"https:\\\/\\\/www.organisator.ch\\\/\",\"name\":\"Organisator\",\"description\":\"Kompetent. Praxisnah. Der ORGANISATOR bereitet in 10 Ausgaben pro Jahr die wesentlichen Themen f\u00fcr F\u00fchrungskr\u00e4fte von KMU auf.\",\"publisher\":{\"@id\":\"https:\\\/\\\/www.organisator.ch\\\/#organization\"},\"potentialAction\":[{\"@type\":\"SearchAction\",\"target\":{\"@type\":\"EntryPoint\",\"urlTemplate\":\"https:\\\/\\\/www.organisator.ch\\\/?s={search_term_string}\"},\"query-input\":{\"@type\":\"PropertyValueSpecification\",\"valueRequired\":true,\"valueName\":\"search_term_string\"}}],\"inLanguage\":\"de\"},{\"@type\":\"Organization\",\"@id\":\"https:\\\/\\\/www.organisator.ch\\\/#organization\",\"name\":\"Organisator\",\"url\":\"https:\\\/\\\/www.organisator.ch\\\/\",\"logo\":{\"@type\":\"ImageObject\",\"inLanguage\":\"de\",\"@id\":\"https:\\\/\\\/www.organisator.ch\\\/#\\\/schema\\\/logo\\\/image\\\/\",\"url\":\"https:\\\/\\\/www.organisator.ch\\\/wp-content\\\/uploads\\\/2022\\\/01\\\/Logo_Organisator_Website.png\",\"contentUrl\":\"https:\\\/\\\/www.organisator.ch\\\/wp-content\\\/uploads\\\/2022\\\/01\\\/Logo_Organisator_Website.png\",\"width\":800,\"height\":77,\"caption\":\"Organisator\"},\"image\":{\"@id\":\"https:\\\/\\\/www.organisator.ch\\\/#\\\/schema\\\/logo\\\/image\\\/\"},\"sameAs\":[\"https:\\\/\\\/www.facebook.com\\\/OrganisatorFachmagazin\",\"https:\\\/\\\/www.linkedin.com\\\/showcase\\\/organisator-das-magazin-fr-kmu\",\"https:\\\/\\\/www.xing.com\\\/news\\\/pages\\\/organisator-ch-695\",\"https:\\\/\\\/www.youtube.com\\\/channel\\\/UCGP2Sq0iWaZwT3BdIAQFYpw\"]},{\"@type\":\"Person\",\"@id\":\"https:\\\/\\\/www.organisator.ch\\\/#\\\/schema\\\/person\\\/134708ca9321c57b0362cceb7948ffbd\",\"name\":\"michael.merz\",\"image\":{\"@type\":\"ImageObject\",\"inLanguage\":\"de\",\"@id\":\"https:\\\/\\\/secure.gravatar.com\\\/avatar\\\/?s=96&d=mm&r=g\",\"url\":\"https:\\\/\\\/secure.gravatar.com\\\/avatar\\\/?s=96&d=mm&r=g\",\"contentUrl\":\"https:\\\/\\\/secure.gravatar.com\\\/avatar\\\/?s=96&d=mm&r=g\",\"caption\":\"michael.merz\"},\"url\":\"https:\\\/\\\/www.organisator.ch\\\/de\\\/author\\\/michael-merz\\\/\"}]}<\/script>\n<!-- \/ Yoast SEO plugin. -->","yoast_head_json":{"title":"Zermatt Summit 2018: Menschen ver\u00e4ndern die Welt \u2013 nicht das Geld - Organisator","description":"Die siebte Ausgabe des Zermatt Summit lockte 120 Unternehmer und Manager in die Walliser Berge, unter anderem ging es um humane Themen.","robots":{"index":"index","follow":"follow","max-snippet":"max-snippet:-1","max-image-preview":"max-image-preview:large","max-video-preview":"max-video-preview:-1"},"canonical":"https:\/\/www.organisator.ch\/de\/sustainability\/2018-10-11\/zermatt-summit-2018-menschen-veraendern-die-welt-nicht-das-geld\/","og_locale":"de_DE","og_type":"article","og_title":"Zermatt Summit 2018: Menschen ver\u00e4ndern die Welt \u2013 nicht das Geld - Organisator","og_description":"Die siebte Ausgabe des Zermatt Summit lockte 120 Unternehmer und Manager in die Walliser Berge, unter anderem ging es um humane Themen.","og_url":"https:\/\/www.organisator.ch\/de\/sustainability\/2018-10-11\/zermatt-summit-2018-menschen-veraendern-die-welt-nicht-das-geld\/","og_site_name":"Organisator","article_publisher":"https:\/\/www.facebook.com\/OrganisatorFachmagazin","article_published_time":"2018-10-11T13:57:28+00:00","article_modified_time":"2022-02-09T10:10:08+00:00","og_image":[{"width":1095,"height":720,"url":"https:\/\/www.organisator.ch\/wp-content\/uploads\/2018\/10\/Zermatt-Summit-2018-Menschen-veraendern-die-Welt-\u2013-nicht-das-Geld-up-umweltperspektiven.jpg","type":"image\/jpeg"}],"author":"michael.merz","twitter_card":"summary_large_image","schema":{"@context":"https:\/\/schema.org","@graph":[{"@type":"Article","@id":"https:\/\/www.organisator.ch\/sustainability\/2018-10-11\/zermatt-summit-2018-menschen-veraendern-die-welt-nicht-das-geld\/#article","isPartOf":{"@id":"https:\/\/www.organisator.ch\/sustainability\/2018-10-11\/zermatt-summit-2018-menschen-veraendern-die-welt-nicht-das-geld\/"},"author":{"name":"michael.merz","@id":"https:\/\/www.organisator.ch\/#\/schema\/person\/134708ca9321c57b0362cceb7948ffbd"},"headline":"Zermatt Summit 2018: Menschen ver\u00e4ndern die Welt \u2013 nicht das Geld","datePublished":"2018-10-11T13:57:28+00:00","dateModified":"2022-02-09T10:10:08+00:00","mainEntityOfPage":{"@id":"https:\/\/www.organisator.ch\/sustainability\/2018-10-11\/zermatt-summit-2018-menschen-veraendern-die-welt-nicht-das-geld\/"},"wordCount":917,"commentCount":0,"publisher":{"@id":"https:\/\/www.organisator.ch\/#organization"},"image":{"@id":"https:\/\/www.organisator.ch\/sustainability\/2018-10-11\/zermatt-summit-2018-menschen-veraendern-die-welt-nicht-das-geld\/#primaryimage"},"thumbnailUrl":"https:\/\/www.organisator.ch\/wp-content\/uploads\/2018\/10\/Zermatt-Summit-2018-Menschen-veraendern-die-Welt-\u2013-nicht-das-Geld-up-umweltperspektiven.jpg","keywords":["Erfindungen","Innovationen","Projekte","Summit","Umwelt Technologien","Zermatt"],"articleSection":["SUSTAINABILITY"],"inLanguage":"de"},{"@type":"WebPage","@id":"https:\/\/www.organisator.ch\/sustainability\/2018-10-11\/zermatt-summit-2018-menschen-veraendern-die-welt-nicht-das-geld\/","url":"https:\/\/www.organisator.ch\/sustainability\/2018-10-11\/zermatt-summit-2018-menschen-veraendern-die-welt-nicht-das-geld\/","name":"Zermatt Summit 2018: Menschen ver\u00e4ndern die Welt \u2013 nicht das Geld - Organisator","isPartOf":{"@id":"https:\/\/www.organisator.ch\/#website"},"primaryImageOfPage":{"@id":"https:\/\/www.organisator.ch\/sustainability\/2018-10-11\/zermatt-summit-2018-menschen-veraendern-die-welt-nicht-das-geld\/#primaryimage"},"image":{"@id":"https:\/\/www.organisator.ch\/sustainability\/2018-10-11\/zermatt-summit-2018-menschen-veraendern-die-welt-nicht-das-geld\/#primaryimage"},"thumbnailUrl":"https:\/\/www.organisator.ch\/wp-content\/uploads\/2018\/10\/Zermatt-Summit-2018-Menschen-veraendern-die-Welt-\u2013-nicht-das-Geld-up-umweltperspektiven.jpg","datePublished":"2018-10-11T13:57:28+00:00","dateModified":"2022-02-09T10:10:08+00:00","description":"Die siebte Ausgabe des Zermatt Summit lockte 120 Unternehmer und Manager in die Walliser Berge, unter anderem ging es um humane Themen.","breadcrumb":{"@id":"https:\/\/www.organisator.ch\/sustainability\/2018-10-11\/zermatt-summit-2018-menschen-veraendern-die-welt-nicht-das-geld\/#breadcrumb"},"inLanguage":"de","potentialAction":[{"@type":"ReadAction","target":["https:\/\/www.organisator.ch\/sustainability\/2018-10-11\/zermatt-summit-2018-menschen-veraendern-die-welt-nicht-das-geld\/"]}]},{"@type":"ImageObject","inLanguage":"de","@id":"https:\/\/www.organisator.ch\/sustainability\/2018-10-11\/zermatt-summit-2018-menschen-veraendern-die-welt-nicht-das-geld\/#primaryimage","url":"https:\/\/www.organisator.ch\/wp-content\/uploads\/2018\/10\/Zermatt-Summit-2018-Menschen-veraendern-die-Welt-\u2013-nicht-das-Geld-up-umweltperspektiven.jpg","contentUrl":"https:\/\/www.organisator.ch\/wp-content\/uploads\/2018\/10\/Zermatt-Summit-2018-Menschen-veraendern-die-Welt-\u2013-nicht-das-Geld-up-umweltperspektiven.jpg","width":1095,"height":720,"caption":"Menschen, nicht Geld entscheidet \u00fcber unser Schicksal - hiess das diesj\u00e4hrige Credo am Zermatt Summit. (Bild: zVg)"},{"@type":"BreadcrumbList","@id":"https:\/\/www.organisator.ch\/sustainability\/2018-10-11\/zermatt-summit-2018-menschen-veraendern-die-welt-nicht-das-geld\/#breadcrumb","itemListElement":[{"@type":"ListItem","position":1,"name":"Home","item":"https:\/\/www.organisator.ch\/"},{"@type":"ListItem","position":2,"name":"Zermatt Summit 2018: Menschen ver\u00e4ndern die Welt \u2013 nicht das Geld"}]},{"@type":"WebSite","@id":"https:\/\/www.organisator.ch\/#website","url":"https:\/\/www.organisator.ch\/","name":"Organisator","description":"Kompetent. Praxisnah. Der ORGANISATOR bereitet in 10 Ausgaben pro Jahr die wesentlichen Themen f\u00fcr F\u00fchrungskr\u00e4fte von KMU auf.","publisher":{"@id":"https:\/\/www.organisator.ch\/#organization"},"potentialAction":[{"@type":"SearchAction","target":{"@type":"EntryPoint","urlTemplate":"https:\/\/www.organisator.ch\/?s={search_term_string}"},"query-input":{"@type":"PropertyValueSpecification","valueRequired":true,"valueName":"search_term_string"}}],"inLanguage":"de"},{"@type":"Organization","@id":"https:\/\/www.organisator.ch\/#organization","name":"Organisator","url":"https:\/\/www.organisator.ch\/","logo":{"@type":"ImageObject","inLanguage":"de","@id":"https:\/\/www.organisator.ch\/#\/schema\/logo\/image\/","url":"https:\/\/www.organisator.ch\/wp-content\/uploads\/2022\/01\/Logo_Organisator_Website.png","contentUrl":"https:\/\/www.organisator.ch\/wp-content\/uploads\/2022\/01\/Logo_Organisator_Website.png","width":800,"height":77,"caption":"Organisator"},"image":{"@id":"https:\/\/www.organisator.ch\/#\/schema\/logo\/image\/"},"sameAs":["https:\/\/www.facebook.com\/OrganisatorFachmagazin","https:\/\/www.linkedin.com\/showcase\/organisator-das-magazin-fr-kmu","https:\/\/www.xing.com\/news\/pages\/organisator-ch-695","https:\/\/www.youtube.com\/channel\/UCGP2Sq0iWaZwT3BdIAQFYpw"]},{"@type":"Person","@id":"https:\/\/www.organisator.ch\/#\/schema\/person\/134708ca9321c57b0362cceb7948ffbd","name":"michael.merz","image":{"@type":"ImageObject","inLanguage":"de","@id":"https:\/\/secure.gravatar.com\/avatar\/?s=96&d=mm&r=g","url":"https:\/\/secure.gravatar.com\/avatar\/?s=96&d=mm&r=g","contentUrl":"https:\/\/secure.gravatar.com\/avatar\/?s=96&d=mm&r=g","caption":"michael.merz"},"url":"https:\/\/www.organisator.ch\/de\/author\/michael-merz\/"}]}},"_links":{"self":[{"href":"https:\/\/www.organisator.ch\/de\/wp-json\/wp\/v2\/posts\/1860","targetHints":{"allow":["GET"]}}],"collection":[{"href":"https:\/\/www.organisator.ch\/de\/wp-json\/wp\/v2\/posts"}],"about":[{"href":"https:\/\/www.organisator.ch\/de\/wp-json\/wp\/v2\/types\/post"}],"author":[{"embeddable":true,"href":"https:\/\/www.organisator.ch\/de\/wp-json\/wp\/v2\/users\/5"}],"replies":[{"embeddable":true,"href":"https:\/\/www.organisator.ch\/de\/wp-json\/wp\/v2\/comments?post=1860"}],"version-history":[{"count":1,"href":"https:\/\/www.organisator.ch\/de\/wp-json\/wp\/v2\/posts\/1860\/revisions"}],"predecessor-version":[{"id":10918,"href":"https:\/\/www.organisator.ch\/de\/wp-json\/wp\/v2\/posts\/1860\/revisions\/10918"}],"wp:featuredmedia":[{"embeddable":true,"href":"https:\/\/www.organisator.ch\/de\/wp-json\/wp\/v2\/media\/9567"}],"wp:attachment":[{"href":"https:\/\/www.organisator.ch\/de\/wp-json\/wp\/v2\/media?parent=1860"}],"wp:term":[{"taxonomy":"category","embeddable":true,"href":"https:\/\/www.organisator.ch\/de\/wp-json\/wp\/v2\/categories?post=1860"},{"taxonomy":"post_tag","embeddable":true,"href":"https:\/\/www.organisator.ch\/de\/wp-json\/wp\/v2\/tags?post=1860"}],"curies":[{"name":"wp","href":"https:\/\/api.w.org\/{rel}","templated":true}]}}