{"id":18605,"date":"2023-01-25T13:37:58","date_gmt":"2023-01-25T12:37:58","guid":{"rendered":"https:\/\/www.werbewoche.ch\/?p=192679"},"modified":"2024-11-19T07:21:52","modified_gmt":"2024-11-19T06:21:52","slug":"martina-hollenstein-stadler-wird-nachhaltigkeitsbeauftragte-bei-grf","status":"publish","type":"post","link":"https:\/\/www.organisator.ch\/de\/sustainability\/2023-01-25\/martina-hollenstein-stadler-wird-nachhaltigkeitsbeauftragte-bei-grf\/","title":{"rendered":"Martina Hollenstein Stadler wird Nachhaltigkeitsbeauftragte bei GRF"},"content":{"rendered":"<figure id=\"attachment_192680\" class=\"wp-caption aligncenter\" style=\"width: 1200px\" aria-describedby=\"caption-attachment-192680\"><img class=\"aligncenter wp-image-192680 size-full\" src=\"https:\/\/www.werbewoche.ch\/wp-content\/uploads\/2023\/01\/Martina-Hollenstein-_Dominik-Taeuber.jpg\" alt=\"Nachhaltigkeit\" width=\"1200\" height=\"900\" \/>\r\n<figcaption id=\"caption-attachment-192680\" class=\"wp-caption-text\">(Bild: Dominik T\u00e4uber)<\/figcaption>\r\n<\/figure>\r\n<p>Graub\u00fcnden Ferien will erg\u00e4nzend zu den Bestrebungen der Destinationen und Leistungstr\u00e4ger eine f\u00fchrende Rolle in der nachhaltigeren touristischen Entwicklung einnehmen. Die touristische Marketingorganisation des Kantons sieht sich dabei als Koordinator, Vermittler und Kommunikator f\u00fcr den B\u00fcndner Tourismus. Mit der per 2023 neu geschaffenen Projektstelle Nachhaltigkeit bei GRF sollen die bestehenden Bem\u00fchungen im Tourismus gest\u00e4rkt und die Leistungen gemeinsam weiterentwickelt werden. In Kooperation mit Partnern werden nachhaltige Projekte umgesetzt.<\/p>\r\n<p>F\u00fcr die Besetzung der Stabsstelle, die direkt beim CEO angesiedelt ist, konnte GRF Martina Hollenstein Stadler gewinnen. Die fr\u00fchere Direktorin von Tourismus Engadin Scuol Samnaun Val M\u00fcstair hat in der j\u00fcngeren Vergangenheit die Nachhaltigkeitsbestrebungen im B\u00fcndner Tourismus stark mitgetragen, unter anderem mit der TourCert-Zertifizierung von Engadin Samnaun Val M\u00fcstair als nachhaltige Destination. Auch fiel in ihre Amtszeit als Tourismusdirektorin die Herausgabe des Handbuchs \u00abNachhaltigkeit in Schweizer Tourismusdestinationen\u00bb in Zusammenarbeit mit der ZHAW.<\/p>\r\n<p>Die 35-J\u00e4hrige mit einem Bachelor of Science in Tourism wird im Juli 2023 ihre Arbeit in der GRF-Gesch\u00e4ftsstelle in Chur aufnehmen. \u00abIch bin Touristikerin mit Herzblut und begeistert von der vielseitigen Natur- und Kulturlandschaft der Berggebiete\u00bb, so Martina Hollenstein Stadler. In ihrer neuen Aufgabe k\u00f6nne sie dazu beitragen, die Ressourcen und die touristische Wertsch\u00f6pfung f\u00fcr ganz Graub\u00fcnden langfristig zu sichern helfen.<\/p>\r\n<p>Als Senior Managerin Nachhaltigkeit bei GRF wird sie die Nachhaltigkeitsbestrebungen der touristischen Stakeholder im Kanton unterst\u00fctzen und koordinieren. Auch gilt es, die aktuellen Bem\u00fchungen auf nationaler Ebene f\u00fcr den B\u00fcndner Tourismus zu nutzen. Neue nachhaltige Erlebnisse in Graub\u00fcnden sollen entwickelt und bestehende Angebote f\u00fcr den Gast noch sichtbarer gemacht werden. Bis zum Stellenantritt von Martina Hollenstein Stadler wird eine GRF-interne Arbeitsgruppe unter der Leitung des CEO den Aufbau fortsetzen.<\/p>","protected":false},"excerpt":{"rendered":"<p>Graub\u00fcnden Ferien will erg\u00e4nzend zu den Bestrebungen der Destinationen und Leistungstr\u00e4ger eine f\u00fchrende Rolle in der nachhaltigeren touristischen Entwicklung einnehmen. Die touristische Marketingorganisation des Kantons sieht sich dabei als Koordinator, Vermittler und Kommunikator f\u00fcr den B\u00fcndner Tourismus. Mit der per 2023 neu geschaffenen Projektstelle Nachhaltigkeit bei GRF sollen die bestehenden Bem\u00fchungen im Tourismus gest\u00e4rkt und [\u2026]<\/p>\n","protected":false},"author":8,"featured_media":0,"comment_status":"closed","ping_status":"closed","sticky":false,"template":"","format":"standard","meta":{"_acf_changed":false,"_yoast_wpseo_focuskw":"Nachhaltigkeit","_yoast_wpseo_metadesc":"GRF f\u00f6rdert nachhaltigen Tourismus in Graub\u00fcnden. Martina Hollenstein Stadler unterst\u00fctzt als Senior Managerin Nachhaltigkeit.","articlekey":"","footnotes":""},"categories":[580],"tags":[339,358,381],"class_list":["post-18605","post","type-post","status-publish","format-standard","hentry","category-sustainability","tag-marketing","tag-nachhaltige-wirtschaft","tag-personalia"],"acf":[],"yoast_head":"<!-- This site is optimized with the Yoast SEO plugin v27.5 - https:\/\/yoast.com\/product\/yoast-seo-wordpress\/ -->\n<title>Martina Hollenstein Stadler wird Nachhaltigkeitsbeauftragte bei GRF - Organisator<\/title>\n<meta name=\"description\" content=\"GRF f\u00f6rdert nachhaltigen Tourismus in Graub\u00fcnden. Martina Hollenstein Stadler unterst\u00fctzt als Senior Managerin Nachhaltigkeit.\" \/>\n<meta name=\"robots\" content=\"index, follow, max-snippet:-1, max-image-preview:large, max-video-preview:-1\" \/>\n<link rel=\"canonical\" href=\"https:\/\/www.organisator.ch\/de\/sustainability\/2023-01-25\/martina-hollenstein-stadler-wird-nachhaltigkeitsbeauftragte-bei-grf\/\" \/>\n<meta property=\"og:locale\" content=\"de_DE\" \/>\n<meta property=\"og:type\" content=\"article\" \/>\n<meta property=\"og:title\" content=\"Martina Hollenstein Stadler wird Nachhaltigkeitsbeauftragte bei GRF - Organisator\" \/>\n<meta property=\"og:description\" content=\"GRF f\u00f6rdert nachhaltigen Tourismus in Graub\u00fcnden. Martina Hollenstein Stadler unterst\u00fctzt als Senior Managerin Nachhaltigkeit.\" \/>\n<meta property=\"og:url\" content=\"https:\/\/www.organisator.ch\/de\/sustainability\/2023-01-25\/martina-hollenstein-stadler-wird-nachhaltigkeitsbeauftragte-bei-grf\/\" \/>\n<meta property=\"og:site_name\" content=\"Organisator\" \/>\n<meta property=\"article:publisher\" content=\"https:\/\/www.facebook.com\/OrganisatorFachmagazin\" \/>\n<meta property=\"article:published_time\" content=\"2023-01-25T12:37:58+00:00\" \/>\n<meta property=\"article:modified_time\" content=\"2024-11-19T06:21:52+00:00\" \/>\n<meta name=\"author\" content=\"galledia\" \/>\n<meta name=\"twitter:card\" content=\"summary_large_image\" \/>\n<meta name=\"twitter:creator\" content=\"@admin\" \/>\n<script type=\"application\/ld+json\" class=\"yoast-schema-graph\">{\"@context\":\"https:\\\/\\\/schema.org\",\"@graph\":[{\"@type\":\"Article\",\"@id\":\"https:\\\/\\\/www.organisator.ch\\\/sustainability\\\/2023-01-25\\\/martina-hollenstein-stadler-wird-nachhaltigkeitsbeauftragte-bei-grf\\\/#article\",\"isPartOf\":{\"@id\":\"https:\\\/\\\/www.organisator.ch\\\/sustainability\\\/2023-01-25\\\/martina-hollenstein-stadler-wird-nachhaltigkeitsbeauftragte-bei-grf\\\/\"},\"author\":{\"name\":\"galledia\",\"@id\":\"https:\\\/\\\/www.organisator.ch\\\/#\\\/schema\\\/person\\\/4e51799071cd2dd1232ac003643ef5f0\"},\"headline\":\"Martina Hollenstein Stadler wird Nachhaltigkeitsbeauftragte bei GRF\",\"datePublished\":\"2023-01-25T12:37:58+00:00\",\"dateModified\":\"2024-11-19T06:21:52+00:00\",\"mainEntityOfPage\":{\"@id\":\"https:\\\/\\\/www.organisator.ch\\\/sustainability\\\/2023-01-25\\\/martina-hollenstein-stadler-wird-nachhaltigkeitsbeauftragte-bei-grf\\\/\"},\"wordCount\":305,\"publisher\":{\"@id\":\"https:\\\/\\\/www.organisator.ch\\\/#organization\"},\"image\":{\"@id\":\"https:\\\/\\\/www.organisator.ch\\\/sustainability\\\/2023-01-25\\\/martina-hollenstein-stadler-wird-nachhaltigkeitsbeauftragte-bei-grf\\\/#primaryimage\"},\"thumbnailUrl\":\"https:\\\/\\\/www.werbewoche.ch\\\/wp-content\\\/uploads\\\/2023\\\/01\\\/Martina-Hollenstein-_Dominik-Taeuber.jpg\",\"keywords\":[\"Marketing\",\"Nachhaltige Wirtschaft\",\"Personalia\"],\"articleSection\":[\"SUSTAINABILITY\"],\"inLanguage\":\"de\"},{\"@type\":\"WebPage\",\"@id\":\"https:\\\/\\\/www.organisator.ch\\\/sustainability\\\/2023-01-25\\\/martina-hollenstein-stadler-wird-nachhaltigkeitsbeauftragte-bei-grf\\\/\",\"url\":\"https:\\\/\\\/www.organisator.ch\\\/sustainability\\\/2023-01-25\\\/martina-hollenstein-stadler-wird-nachhaltigkeitsbeauftragte-bei-grf\\\/\",\"name\":\"Martina Hollenstein Stadler wird Nachhaltigkeitsbeauftragte bei GRF - Organisator\",\"isPartOf\":{\"@id\":\"https:\\\/\\\/www.organisator.ch\\\/#website\"},\"primaryImageOfPage\":{\"@id\":\"https:\\\/\\\/www.organisator.ch\\\/sustainability\\\/2023-01-25\\\/martina-hollenstein-stadler-wird-nachhaltigkeitsbeauftragte-bei-grf\\\/#primaryimage\"},\"image\":{\"@id\":\"https:\\\/\\\/www.organisator.ch\\\/sustainability\\\/2023-01-25\\\/martina-hollenstein-stadler-wird-nachhaltigkeitsbeauftragte-bei-grf\\\/#primaryimage\"},\"thumbnailUrl\":\"https:\\\/\\\/www.werbewoche.ch\\\/wp-content\\\/uploads\\\/2023\\\/01\\\/Martina-Hollenstein-_Dominik-Taeuber.jpg\",\"datePublished\":\"2023-01-25T12:37:58+00:00\",\"dateModified\":\"2024-11-19T06:21:52+00:00\",\"description\":\"GRF f\u00f6rdert nachhaltigen Tourismus in Graub\u00fcnden. Martina Hollenstein Stadler unterst\u00fctzt als Senior Managerin Nachhaltigkeit.\",\"breadcrumb\":{\"@id\":\"https:\\\/\\\/www.organisator.ch\\\/sustainability\\\/2023-01-25\\\/martina-hollenstein-stadler-wird-nachhaltigkeitsbeauftragte-bei-grf\\\/#breadcrumb\"},\"inLanguage\":\"de\",\"potentialAction\":[{\"@type\":\"ReadAction\",\"target\":[\"https:\\\/\\\/www.organisator.ch\\\/sustainability\\\/2023-01-25\\\/martina-hollenstein-stadler-wird-nachhaltigkeitsbeauftragte-bei-grf\\\/\"]}]},{\"@type\":\"ImageObject\",\"inLanguage\":\"de\",\"@id\":\"https:\\\/\\\/www.organisator.ch\\\/sustainability\\\/2023-01-25\\\/martina-hollenstein-stadler-wird-nachhaltigkeitsbeauftragte-bei-grf\\\/#primaryimage\",\"url\":\"https:\\\/\\\/www.werbewoche.ch\\\/wp-content\\\/uploads\\\/2023\\\/01\\\/Martina-Hollenstein-_Dominik-Taeuber.jpg\",\"contentUrl\":\"https:\\\/\\\/www.werbewoche.ch\\\/wp-content\\\/uploads\\\/2023\\\/01\\\/Martina-Hollenstein-_Dominik-Taeuber.jpg\"},{\"@type\":\"BreadcrumbList\",\"@id\":\"https:\\\/\\\/www.organisator.ch\\\/sustainability\\\/2023-01-25\\\/martina-hollenstein-stadler-wird-nachhaltigkeitsbeauftragte-bei-grf\\\/#breadcrumb\",\"itemListElement\":[{\"@type\":\"ListItem\",\"position\":1,\"name\":\"Home\",\"item\":\"https:\\\/\\\/www.organisator.ch\\\/\"},{\"@type\":\"ListItem\",\"position\":2,\"name\":\"Martina Hollenstein Stadler wird Nachhaltigkeitsbeauftragte bei GRF\"}]},{\"@type\":\"WebSite\",\"@id\":\"https:\\\/\\\/www.organisator.ch\\\/#website\",\"url\":\"https:\\\/\\\/www.organisator.ch\\\/\",\"name\":\"Organisator\",\"description\":\"Kompetent. Praxisnah. Der ORGANISATOR bereitet in 10 Ausgaben pro Jahr die wesentlichen Themen f\u00fcr F\u00fchrungskr\u00e4fte von KMU auf.\",\"publisher\":{\"@id\":\"https:\\\/\\\/www.organisator.ch\\\/#organization\"},\"potentialAction\":[{\"@type\":\"SearchAction\",\"target\":{\"@type\":\"EntryPoint\",\"urlTemplate\":\"https:\\\/\\\/www.organisator.ch\\\/?s={search_term_string}\"},\"query-input\":{\"@type\":\"PropertyValueSpecification\",\"valueRequired\":true,\"valueName\":\"search_term_string\"}}],\"inLanguage\":\"de\"},{\"@type\":\"Organization\",\"@id\":\"https:\\\/\\\/www.organisator.ch\\\/#organization\",\"name\":\"Organisator\",\"url\":\"https:\\\/\\\/www.organisator.ch\\\/\",\"logo\":{\"@type\":\"ImageObject\",\"inLanguage\":\"de\",\"@id\":\"https:\\\/\\\/www.organisator.ch\\\/#\\\/schema\\\/logo\\\/image\\\/\",\"url\":\"https:\\\/\\\/www.organisator.ch\\\/wp-content\\\/uploads\\\/2022\\\/01\\\/Logo_Organisator_Website.png\",\"contentUrl\":\"https:\\\/\\\/www.organisator.ch\\\/wp-content\\\/uploads\\\/2022\\\/01\\\/Logo_Organisator_Website.png\",\"width\":800,\"height\":77,\"caption\":\"Organisator\"},\"image\":{\"@id\":\"https:\\\/\\\/www.organisator.ch\\\/#\\\/schema\\\/logo\\\/image\\\/\"},\"sameAs\":[\"https:\\\/\\\/www.facebook.com\\\/OrganisatorFachmagazin\",\"https:\\\/\\\/www.linkedin.com\\\/showcase\\\/organisator-das-magazin-fr-kmu\",\"https:\\\/\\\/www.xing.com\\\/news\\\/pages\\\/organisator-ch-695\",\"https:\\\/\\\/www.youtube.com\\\/channel\\\/UCGP2Sq0iWaZwT3BdIAQFYpw\"]},{\"@type\":\"Person\",\"@id\":\"https:\\\/\\\/www.organisator.ch\\\/#\\\/schema\\\/person\\\/4e51799071cd2dd1232ac003643ef5f0\",\"name\":\"galledia\",\"image\":{\"@type\":\"ImageObject\",\"inLanguage\":\"de\",\"@id\":\"https:\\\/\\\/secure.gravatar.com\\\/avatar\\\/78a7f90c01fc2bfc875782a0d4922b37cde2cf184ce347b91316d23cd7f69a36?s=96&d=mm&r=g\",\"url\":\"https:\\\/\\\/secure.gravatar.com\\\/avatar\\\/78a7f90c01fc2bfc875782a0d4922b37cde2cf184ce347b91316d23cd7f69a36?s=96&d=mm&r=g\",\"contentUrl\":\"https:\\\/\\\/secure.gravatar.com\\\/avatar\\\/78a7f90c01fc2bfc875782a0d4922b37cde2cf184ce347b91316d23cd7f69a36?s=96&d=mm&r=g\",\"caption\":\"galledia\"},\"sameAs\":[\"https:\\\/\\\/x.com\\\/admin\"],\"url\":\"https:\\\/\\\/www.organisator.ch\\\/de\\\/author\\\/galledia\\\/\"}]}<\/script>\n<!-- \/ Yoast SEO plugin. -->","yoast_head_json":{"title":"Martina Hollenstein Stadler wird Nachhaltigkeitsbeauftragte bei GRF - Organisator","description":"GRF f\u00f6rdert nachhaltigen Tourismus in Graub\u00fcnden. Martina Hollenstein Stadler unterst\u00fctzt als Senior Managerin Nachhaltigkeit.","robots":{"index":"index","follow":"follow","max-snippet":"max-snippet:-1","max-image-preview":"max-image-preview:large","max-video-preview":"max-video-preview:-1"},"canonical":"https:\/\/www.organisator.ch\/de\/sustainability\/2023-01-25\/martina-hollenstein-stadler-wird-nachhaltigkeitsbeauftragte-bei-grf\/","og_locale":"de_DE","og_type":"article","og_title":"Martina Hollenstein Stadler wird Nachhaltigkeitsbeauftragte bei GRF - Organisator","og_description":"GRF f\u00f6rdert nachhaltigen Tourismus in Graub\u00fcnden. Martina Hollenstein Stadler unterst\u00fctzt als Senior Managerin Nachhaltigkeit.","og_url":"https:\/\/www.organisator.ch\/de\/sustainability\/2023-01-25\/martina-hollenstein-stadler-wird-nachhaltigkeitsbeauftragte-bei-grf\/","og_site_name":"Organisator","article_publisher":"https:\/\/www.facebook.com\/OrganisatorFachmagazin","article_published_time":"2023-01-25T12:37:58+00:00","article_modified_time":"2024-11-19T06:21:52+00:00","author":"galledia","twitter_card":"summary_large_image","twitter_creator":"@admin","schema":{"@context":"https:\/\/schema.org","@graph":[{"@type":"Article","@id":"https:\/\/www.organisator.ch\/sustainability\/2023-01-25\/martina-hollenstein-stadler-wird-nachhaltigkeitsbeauftragte-bei-grf\/#article","isPartOf":{"@id":"https:\/\/www.organisator.ch\/sustainability\/2023-01-25\/martina-hollenstein-stadler-wird-nachhaltigkeitsbeauftragte-bei-grf\/"},"author":{"name":"galledia","@id":"https:\/\/www.organisator.ch\/#\/schema\/person\/4e51799071cd2dd1232ac003643ef5f0"},"headline":"Martina Hollenstein Stadler wird Nachhaltigkeitsbeauftragte bei GRF","datePublished":"2023-01-25T12:37:58+00:00","dateModified":"2024-11-19T06:21:52+00:00","mainEntityOfPage":{"@id":"https:\/\/www.organisator.ch\/sustainability\/2023-01-25\/martina-hollenstein-stadler-wird-nachhaltigkeitsbeauftragte-bei-grf\/"},"wordCount":305,"publisher":{"@id":"https:\/\/www.organisator.ch\/#organization"},"image":{"@id":"https:\/\/www.organisator.ch\/sustainability\/2023-01-25\/martina-hollenstein-stadler-wird-nachhaltigkeitsbeauftragte-bei-grf\/#primaryimage"},"thumbnailUrl":"https:\/\/www.werbewoche.ch\/wp-content\/uploads\/2023\/01\/Martina-Hollenstein-_Dominik-Taeuber.jpg","keywords":["Marketing","Nachhaltige Wirtschaft","Personalia"],"articleSection":["SUSTAINABILITY"],"inLanguage":"de"},{"@type":"WebPage","@id":"https:\/\/www.organisator.ch\/sustainability\/2023-01-25\/martina-hollenstein-stadler-wird-nachhaltigkeitsbeauftragte-bei-grf\/","url":"https:\/\/www.organisator.ch\/sustainability\/2023-01-25\/martina-hollenstein-stadler-wird-nachhaltigkeitsbeauftragte-bei-grf\/","name":"Martina Hollenstein Stadler wird Nachhaltigkeitsbeauftragte bei GRF - Organisator","isPartOf":{"@id":"https:\/\/www.organisator.ch\/#website"},"primaryImageOfPage":{"@id":"https:\/\/www.organisator.ch\/sustainability\/2023-01-25\/martina-hollenstein-stadler-wird-nachhaltigkeitsbeauftragte-bei-grf\/#primaryimage"},"image":{"@id":"https:\/\/www.organisator.ch\/sustainability\/2023-01-25\/martina-hollenstein-stadler-wird-nachhaltigkeitsbeauftragte-bei-grf\/#primaryimage"},"thumbnailUrl":"https:\/\/www.werbewoche.ch\/wp-content\/uploads\/2023\/01\/Martina-Hollenstein-_Dominik-Taeuber.jpg","datePublished":"2023-01-25T12:37:58+00:00","dateModified":"2024-11-19T06:21:52+00:00","description":"GRF f\u00f6rdert nachhaltigen Tourismus in Graub\u00fcnden. Martina Hollenstein Stadler unterst\u00fctzt als Senior Managerin Nachhaltigkeit.","breadcrumb":{"@id":"https:\/\/www.organisator.ch\/sustainability\/2023-01-25\/martina-hollenstein-stadler-wird-nachhaltigkeitsbeauftragte-bei-grf\/#breadcrumb"},"inLanguage":"de","potentialAction":[{"@type":"ReadAction","target":["https:\/\/www.organisator.ch\/sustainability\/2023-01-25\/martina-hollenstein-stadler-wird-nachhaltigkeitsbeauftragte-bei-grf\/"]}]},{"@type":"ImageObject","inLanguage":"de","@id":"https:\/\/www.organisator.ch\/sustainability\/2023-01-25\/martina-hollenstein-stadler-wird-nachhaltigkeitsbeauftragte-bei-grf\/#primaryimage","url":"https:\/\/www.werbewoche.ch\/wp-content\/uploads\/2023\/01\/Martina-Hollenstein-_Dominik-Taeuber.jpg","contentUrl":"https:\/\/www.werbewoche.ch\/wp-content\/uploads\/2023\/01\/Martina-Hollenstein-_Dominik-Taeuber.jpg"},{"@type":"BreadcrumbList","@id":"https:\/\/www.organisator.ch\/sustainability\/2023-01-25\/martina-hollenstein-stadler-wird-nachhaltigkeitsbeauftragte-bei-grf\/#breadcrumb","itemListElement":[{"@type":"ListItem","position":1,"name":"Home","item":"https:\/\/www.organisator.ch\/"},{"@type":"ListItem","position":2,"name":"Martina Hollenstein Stadler wird Nachhaltigkeitsbeauftragte bei GRF"}]},{"@type":"WebSite","@id":"https:\/\/www.organisator.ch\/#website","url":"https:\/\/www.organisator.ch\/","name":"Organisator","description":"Kompetent. Praxisnah. Der ORGANISATOR bereitet in 10 Ausgaben pro Jahr die wesentlichen Themen f\u00fcr F\u00fchrungskr\u00e4fte von KMU auf.","publisher":{"@id":"https:\/\/www.organisator.ch\/#organization"},"potentialAction":[{"@type":"SearchAction","target":{"@type":"EntryPoint","urlTemplate":"https:\/\/www.organisator.ch\/?s={search_term_string}"},"query-input":{"@type":"PropertyValueSpecification","valueRequired":true,"valueName":"search_term_string"}}],"inLanguage":"de"},{"@type":"Organization","@id":"https:\/\/www.organisator.ch\/#organization","name":"Organisator","url":"https:\/\/www.organisator.ch\/","logo":{"@type":"ImageObject","inLanguage":"de","@id":"https:\/\/www.organisator.ch\/#\/schema\/logo\/image\/","url":"https:\/\/www.organisator.ch\/wp-content\/uploads\/2022\/01\/Logo_Organisator_Website.png","contentUrl":"https:\/\/www.organisator.ch\/wp-content\/uploads\/2022\/01\/Logo_Organisator_Website.png","width":800,"height":77,"caption":"Organisator"},"image":{"@id":"https:\/\/www.organisator.ch\/#\/schema\/logo\/image\/"},"sameAs":["https:\/\/www.facebook.com\/OrganisatorFachmagazin","https:\/\/www.linkedin.com\/showcase\/organisator-das-magazin-fr-kmu","https:\/\/www.xing.com\/news\/pages\/organisator-ch-695","https:\/\/www.youtube.com\/channel\/UCGP2Sq0iWaZwT3BdIAQFYpw"]},{"@type":"Person","@id":"https:\/\/www.organisator.ch\/#\/schema\/person\/4e51799071cd2dd1232ac003643ef5f0","name":"galledia","image":{"@type":"ImageObject","inLanguage":"de","@id":"https:\/\/secure.gravatar.com\/avatar\/78a7f90c01fc2bfc875782a0d4922b37cde2cf184ce347b91316d23cd7f69a36?s=96&d=mm&r=g","url":"https:\/\/secure.gravatar.com\/avatar\/78a7f90c01fc2bfc875782a0d4922b37cde2cf184ce347b91316d23cd7f69a36?s=96&d=mm&r=g","contentUrl":"https:\/\/secure.gravatar.com\/avatar\/78a7f90c01fc2bfc875782a0d4922b37cde2cf184ce347b91316d23cd7f69a36?s=96&d=mm&r=g","caption":"galledia"},"sameAs":["https:\/\/x.com\/admin"],"url":"https:\/\/www.organisator.ch\/de\/author\/galledia\/"}]}},"_links":{"self":[{"href":"https:\/\/www.organisator.ch\/de\/wp-json\/wp\/v2\/posts\/18605","targetHints":{"allow":["GET"]}}],"collection":[{"href":"https:\/\/www.organisator.ch\/de\/wp-json\/wp\/v2\/posts"}],"about":[{"href":"https:\/\/www.organisator.ch\/de\/wp-json\/wp\/v2\/types\/post"}],"author":[{"embeddable":true,"href":"https:\/\/www.organisator.ch\/de\/wp-json\/wp\/v2\/users\/8"}],"replies":[{"embeddable":true,"href":"https:\/\/www.organisator.ch\/de\/wp-json\/wp\/v2\/comments?post=18605"}],"version-history":[{"count":6,"href":"https:\/\/www.organisator.ch\/de\/wp-json\/wp\/v2\/posts\/18605\/revisions"}],"predecessor-version":[{"id":33434,"href":"https:\/\/www.organisator.ch\/de\/wp-json\/wp\/v2\/posts\/18605\/revisions\/33434"}],"wp:attachment":[{"href":"https:\/\/www.organisator.ch\/de\/wp-json\/wp\/v2\/media?parent=18605"}],"wp:term":[{"taxonomy":"category","embeddable":true,"href":"https:\/\/www.organisator.ch\/de\/wp-json\/wp\/v2\/categories?post=18605"},{"taxonomy":"post_tag","embeddable":true,"href":"https:\/\/www.organisator.ch\/de\/wp-json\/wp\/v2\/tags?post=18605"}],"curies":[{"name":"wp","href":"https:\/\/api.w.org\/{rel}","templated":true}]}}