{"id":1861,"date":"2017-05-03T15:39:31","date_gmt":"2017-05-03T13:39:31","guid":{"rendered":"https:\/\/www.organisator.ch\/?p=1861"},"modified":"2017-05-03T15:39:31","modified_gmt":"2017-05-03T13:39:31","slug":"digital-enterprise-forum-im-kkl-luzern","status":"publish","type":"post","link":"https:\/\/www.organisator.ch\/de\/allgemein\/2017-05-03\/digital-enterprise-forum-im-kkl-luzern\/","title":{"rendered":"Digital Enterprise Forum konkret"},"content":{"rendered":"<figure id=\"attachment_1862\" aria-describedby=\"caption-attachment-1862\" style=\"width: 680px\" class=\"wp-caption alignnone\"><img loading=\"lazy\" decoding=\"async\" class=\"size-medium wp-image-1862\" src=\"https:\/\/www.organisator.ch\/wp-content\/uploads\/2017\/05\/Digital-Enterprise-Forum-Lucerne-org-Organisator.jpg\" alt=\"\" width=\"680\" height=\"436\" \/><figcaption id=\"caption-attachment-1862\" class=\"wp-caption-text\">Gunter Dueck, ehemals IBM CTP, am Forum im KKL. (Bild: zVg)<\/figcaption><\/figure>\n<p>Das Digital Enterprise Forum hatte am 2. Mai 2017 gegen 25 Praxispartner und 300 Besucher mobilisiert. Die Hochschule f\u00fcr Wirtschaft Luzern unterstrich zum Beispiel die Notwenigkeit der Digitalisierung in ihrer Studie, die anl\u00e4sslich des Digital Enterprise Forum in einer Vorversion vorgestellt wurde.<\/p>\n<p>Der Morgen startete mit spannenden Referaten zu digitalem Marketing, \u00fcber Industrie 4.0 bis hin zum Internet of Things. Keynotes wie das des ehemaligen IBM CTO Gunter Dueck zeigten sehr pointiert auf, wie sich menschliche Kernkompetenzen mit der Digitalisierung verschieben.<\/p>\n<p>Am Nachmittag bot sich die Gelegenheit, sich wahlweise in diversen Praxisreferaten vertiefter zu informieren. Ein angeregtes Networking fand an den Partnerst\u00e4nden statt. Das Digital Enterprise Forum Luzern hat aufgezeigt: &#8222;Digitalisierung ist nicht einfach ein Schlagwort \u2013 im Gegenteil, wir stecken mittendrin!&#8220;<\/p>\n<p><em>Erg\u00e4nzende Informationen finden Sie unter<a href=\"http:\/\/www.defl.ch\"> www.defl.ch<\/a><\/em><\/p>\n","protected":false},"excerpt":{"rendered":"<p>Das Digital Enterprise Forum hatte am 2. Mai 2017 gegen 25 Praxispartner und 300 Besucher mobilisiert. Die Hochschule f\u00fcr Wirtschaft Luzern unterstrich zum Beispiel die Notwenigkeit der Digitalisierung in ihrer Studie, die anl\u00e4sslich des Digital Enterprise Forum in einer Vorversion vorgestellt wurde. Der Morgen startete mit spannenden Referaten zu digitalem Marketing, \u00fcber Industrie 4.0 bis [&hellip;]<\/p>\n","protected":false},"author":5,"featured_media":1862,"comment_status":"open","ping_status":"open","sticky":false,"template":"","format":"standard","meta":{"_acf_changed":false,"_yoast_wpseo_focuskw":"Digital Enterprise Forum","_yoast_wpseo_metadesc":"\"Digitalisierung im KMU \u2013 jetzt mal konkret\" - unter diesem Motto konnten die Veranstalter des Digital Enterprise Forum 25 Praxispartner und 300 Besucher mobilisieren.","articlekey":"","footnotes":""},"categories":[1],"tags":[156,221,301],"class_list":["post-1861","post","type-post","status-publish","format-standard","has-post-thumbnail","hentry","category-allgemein","tag-digitalisierung","tag-forum","tag-kmu"],"acf":[],"yoast_head":"<!-- This site is optimized with the Yoast SEO plugin v27.5 - https:\/\/yoast.com\/product\/yoast-seo-wordpress\/ -->\n<title>Digital Enterprise Forum konkret - Organisator<\/title>\n<meta name=\"description\" content=\"&quot;Digitalisierung im KMU \u2013 jetzt mal konkret&quot; - unter diesem Motto konnten die Veranstalter des Digital Enterprise Forum 25 Praxispartner und 300 Besucher mobilisieren.\" \/>\n<meta name=\"robots\" content=\"index, follow, max-snippet:-1, max-image-preview:large, max-video-preview:-1\" \/>\n<link rel=\"canonical\" href=\"https:\/\/www.organisator.ch\/de\/allgemein\/2017-05-03\/digital-enterprise-forum-im-kkl-luzern\/\" \/>\n<meta property=\"og:locale\" content=\"de_DE\" \/>\n<meta property=\"og:type\" content=\"article\" \/>\n<meta property=\"og:title\" content=\"Digital Enterprise Forum konkret - Organisator\" \/>\n<meta property=\"og:description\" content=\"&quot;Digitalisierung im KMU \u2013 jetzt mal konkret&quot; - unter diesem Motto konnten die Veranstalter des Digital Enterprise Forum 25 Praxispartner und 300 Besucher mobilisieren.\" \/>\n<meta property=\"og:url\" content=\"https:\/\/www.organisator.ch\/de\/allgemein\/2017-05-03\/digital-enterprise-forum-im-kkl-luzern\/\" \/>\n<meta property=\"og:site_name\" content=\"Organisator\" \/>\n<meta property=\"article:publisher\" content=\"https:\/\/www.facebook.com\/OrganisatorFachmagazin\" \/>\n<meta property=\"article:published_time\" content=\"2017-05-03T13:39:31+00:00\" \/>\n<meta property=\"og:image\" content=\"https:\/\/www.organisator.ch\/wp-content\/uploads\/2017\/05\/Digital-Enterprise-Forum-Lucerne-org-Organisator-scaled.jpg\" \/>\n\t<meta property=\"og:image:width\" content=\"2560\" \/>\n\t<meta property=\"og:image:height\" content=\"1642\" \/>\n\t<meta property=\"og:image:type\" content=\"image\/jpeg\" \/>\n<meta name=\"author\" content=\"michael.merz\" \/>\n<meta name=\"twitter:card\" content=\"summary_large_image\" \/>\n<script type=\"application\/ld+json\" class=\"yoast-schema-graph\">{\"@context\":\"https:\\\/\\\/schema.org\",\"@graph\":[{\"@type\":\"Article\",\"@id\":\"https:\\\/\\\/www.organisator.ch\\\/en\\\/general\\\/2017-05-03\\\/digital-enterprise-forum-im-kkl-luzern\\\/#article\",\"isPartOf\":{\"@id\":\"https:\\\/\\\/www.organisator.ch\\\/en\\\/general\\\/2017-05-03\\\/digital-enterprise-forum-im-kkl-luzern\\\/\"},\"author\":{\"name\":\"michael.merz\",\"@id\":\"https:\\\/\\\/www.organisator.ch\\\/#\\\/schema\\\/person\\\/134708ca9321c57b0362cceb7948ffbd\"},\"headline\":\"Digital Enterprise Forum konkret\",\"datePublished\":\"2017-05-03T13:39:31+00:00\",\"mainEntityOfPage\":{\"@id\":\"https:\\\/\\\/www.organisator.ch\\\/en\\\/general\\\/2017-05-03\\\/digital-enterprise-forum-im-kkl-luzern\\\/\"},\"wordCount\":150,\"commentCount\":0,\"publisher\":{\"@id\":\"https:\\\/\\\/www.organisator.ch\\\/#organization\"},\"image\":{\"@id\":\"https:\\\/\\\/www.organisator.ch\\\/en\\\/general\\\/2017-05-03\\\/digital-enterprise-forum-im-kkl-luzern\\\/#primaryimage\"},\"thumbnailUrl\":\"https:\\\/\\\/www.organisator.ch\\\/wp-content\\\/uploads\\\/2017\\\/05\\\/Digital-Enterprise-Forum-Lucerne-org-Organisator-scaled.jpg\",\"keywords\":[\"Digitalisierung\",\"Forum\",\"KMU\"],\"inLanguage\":\"de\"},{\"@type\":\"WebPage\",\"@id\":\"https:\\\/\\\/www.organisator.ch\\\/en\\\/general\\\/2017-05-03\\\/digital-enterprise-forum-im-kkl-luzern\\\/\",\"url\":\"https:\\\/\\\/www.organisator.ch\\\/en\\\/general\\\/2017-05-03\\\/digital-enterprise-forum-im-kkl-luzern\\\/\",\"name\":\"Digital Enterprise Forum konkret - Organisator\",\"isPartOf\":{\"@id\":\"https:\\\/\\\/www.organisator.ch\\\/#website\"},\"primaryImageOfPage\":{\"@id\":\"https:\\\/\\\/www.organisator.ch\\\/en\\\/general\\\/2017-05-03\\\/digital-enterprise-forum-im-kkl-luzern\\\/#primaryimage\"},\"image\":{\"@id\":\"https:\\\/\\\/www.organisator.ch\\\/en\\\/general\\\/2017-05-03\\\/digital-enterprise-forum-im-kkl-luzern\\\/#primaryimage\"},\"thumbnailUrl\":\"https:\\\/\\\/www.organisator.ch\\\/wp-content\\\/uploads\\\/2017\\\/05\\\/Digital-Enterprise-Forum-Lucerne-org-Organisator-scaled.jpg\",\"datePublished\":\"2017-05-03T13:39:31+00:00\",\"description\":\"\\\"Digitalisierung im KMU \u2013 jetzt mal konkret\\\" - unter diesem Motto konnten die Veranstalter des Digital Enterprise Forum 25 Praxispartner und 300 Besucher mobilisieren.\",\"breadcrumb\":{\"@id\":\"https:\\\/\\\/www.organisator.ch\\\/en\\\/general\\\/2017-05-03\\\/digital-enterprise-forum-im-kkl-luzern\\\/#breadcrumb\"},\"inLanguage\":\"de\",\"potentialAction\":[{\"@type\":\"ReadAction\",\"target\":[\"https:\\\/\\\/www.organisator.ch\\\/en\\\/general\\\/2017-05-03\\\/digital-enterprise-forum-im-kkl-luzern\\\/\"]}]},{\"@type\":\"ImageObject\",\"inLanguage\":\"de\",\"@id\":\"https:\\\/\\\/www.organisator.ch\\\/en\\\/general\\\/2017-05-03\\\/digital-enterprise-forum-im-kkl-luzern\\\/#primaryimage\",\"url\":\"https:\\\/\\\/www.organisator.ch\\\/wp-content\\\/uploads\\\/2017\\\/05\\\/Digital-Enterprise-Forum-Lucerne-org-Organisator-scaled.jpg\",\"contentUrl\":\"https:\\\/\\\/www.organisator.ch\\\/wp-content\\\/uploads\\\/2017\\\/05\\\/Digital-Enterprise-Forum-Lucerne-org-Organisator-scaled.jpg\",\"width\":2560,\"height\":1642,\"caption\":\"Gunter Dueck, ehemals IBM CTP, am Forum im KKL. (Bild: zVg)\"},{\"@type\":\"BreadcrumbList\",\"@id\":\"https:\\\/\\\/www.organisator.ch\\\/en\\\/general\\\/2017-05-03\\\/digital-enterprise-forum-im-kkl-luzern\\\/#breadcrumb\",\"itemListElement\":[{\"@type\":\"ListItem\",\"position\":1,\"name\":\"Home\",\"item\":\"https:\\\/\\\/www.organisator.ch\\\/\"},{\"@type\":\"ListItem\",\"position\":2,\"name\":\"Digital Enterprise Forum konkret\"}]},{\"@type\":\"WebSite\",\"@id\":\"https:\\\/\\\/www.organisator.ch\\\/#website\",\"url\":\"https:\\\/\\\/www.organisator.ch\\\/\",\"name\":\"Organisator\",\"description\":\"Kompetent. Praxisnah. Der ORGANISATOR bereitet in 10 Ausgaben pro Jahr die wesentlichen Themen f\u00fcr F\u00fchrungskr\u00e4fte von KMU auf.\",\"publisher\":{\"@id\":\"https:\\\/\\\/www.organisator.ch\\\/#organization\"},\"potentialAction\":[{\"@type\":\"SearchAction\",\"target\":{\"@type\":\"EntryPoint\",\"urlTemplate\":\"https:\\\/\\\/www.organisator.ch\\\/?s={search_term_string}\"},\"query-input\":{\"@type\":\"PropertyValueSpecification\",\"valueRequired\":true,\"valueName\":\"search_term_string\"}}],\"inLanguage\":\"de\"},{\"@type\":\"Organization\",\"@id\":\"https:\\\/\\\/www.organisator.ch\\\/#organization\",\"name\":\"Organisator\",\"url\":\"https:\\\/\\\/www.organisator.ch\\\/\",\"logo\":{\"@type\":\"ImageObject\",\"inLanguage\":\"de\",\"@id\":\"https:\\\/\\\/www.organisator.ch\\\/#\\\/schema\\\/logo\\\/image\\\/\",\"url\":\"https:\\\/\\\/www.organisator.ch\\\/wp-content\\\/uploads\\\/2022\\\/01\\\/Logo_Organisator_Website.png\",\"contentUrl\":\"https:\\\/\\\/www.organisator.ch\\\/wp-content\\\/uploads\\\/2022\\\/01\\\/Logo_Organisator_Website.png\",\"width\":800,\"height\":77,\"caption\":\"Organisator\"},\"image\":{\"@id\":\"https:\\\/\\\/www.organisator.ch\\\/#\\\/schema\\\/logo\\\/image\\\/\"},\"sameAs\":[\"https:\\\/\\\/www.facebook.com\\\/OrganisatorFachmagazin\",\"https:\\\/\\\/www.linkedin.com\\\/showcase\\\/organisator-das-magazin-fr-kmu\",\"https:\\\/\\\/www.xing.com\\\/news\\\/pages\\\/organisator-ch-695\",\"https:\\\/\\\/www.youtube.com\\\/channel\\\/UCGP2Sq0iWaZwT3BdIAQFYpw\"]},{\"@type\":\"Person\",\"@id\":\"https:\\\/\\\/www.organisator.ch\\\/#\\\/schema\\\/person\\\/134708ca9321c57b0362cceb7948ffbd\",\"name\":\"michael.merz\",\"image\":{\"@type\":\"ImageObject\",\"inLanguage\":\"de\",\"@id\":\"https:\\\/\\\/secure.gravatar.com\\\/avatar\\\/?s=96&d=mm&r=g\",\"url\":\"https:\\\/\\\/secure.gravatar.com\\\/avatar\\\/?s=96&d=mm&r=g\",\"contentUrl\":\"https:\\\/\\\/secure.gravatar.com\\\/avatar\\\/?s=96&d=mm&r=g\",\"caption\":\"michael.merz\"},\"url\":\"https:\\\/\\\/www.organisator.ch\\\/de\\\/author\\\/michael-merz\\\/\"}]}<\/script>\n<!-- \/ Yoast SEO plugin. -->","yoast_head_json":{"title":"Digital Enterprise Forum konkret - Organisator","description":"\"Digitalisierung im KMU \u2013 jetzt mal konkret\" - unter diesem Motto konnten die Veranstalter des Digital Enterprise Forum 25 Praxispartner und 300 Besucher mobilisieren.","robots":{"index":"index","follow":"follow","max-snippet":"max-snippet:-1","max-image-preview":"max-image-preview:large","max-video-preview":"max-video-preview:-1"},"canonical":"https:\/\/www.organisator.ch\/de\/allgemein\/2017-05-03\/digital-enterprise-forum-im-kkl-luzern\/","og_locale":"de_DE","og_type":"article","og_title":"Digital Enterprise Forum konkret - Organisator","og_description":"\"Digitalisierung im KMU \u2013 jetzt mal konkret\" - unter diesem Motto konnten die Veranstalter des Digital Enterprise Forum 25 Praxispartner und 300 Besucher mobilisieren.","og_url":"https:\/\/www.organisator.ch\/de\/allgemein\/2017-05-03\/digital-enterprise-forum-im-kkl-luzern\/","og_site_name":"Organisator","article_publisher":"https:\/\/www.facebook.com\/OrganisatorFachmagazin","article_published_time":"2017-05-03T13:39:31+00:00","og_image":[{"width":2560,"height":1642,"url":"https:\/\/www.organisator.ch\/wp-content\/uploads\/2017\/05\/Digital-Enterprise-Forum-Lucerne-org-Organisator-scaled.jpg","type":"image\/jpeg"}],"author":"michael.merz","twitter_card":"summary_large_image","schema":{"@context":"https:\/\/schema.org","@graph":[{"@type":"Article","@id":"https:\/\/www.organisator.ch\/en\/general\/2017-05-03\/digital-enterprise-forum-im-kkl-luzern\/#article","isPartOf":{"@id":"https:\/\/www.organisator.ch\/en\/general\/2017-05-03\/digital-enterprise-forum-im-kkl-luzern\/"},"author":{"name":"michael.merz","@id":"https:\/\/www.organisator.ch\/#\/schema\/person\/134708ca9321c57b0362cceb7948ffbd"},"headline":"Digital Enterprise Forum konkret","datePublished":"2017-05-03T13:39:31+00:00","mainEntityOfPage":{"@id":"https:\/\/www.organisator.ch\/en\/general\/2017-05-03\/digital-enterprise-forum-im-kkl-luzern\/"},"wordCount":150,"commentCount":0,"publisher":{"@id":"https:\/\/www.organisator.ch\/#organization"},"image":{"@id":"https:\/\/www.organisator.ch\/en\/general\/2017-05-03\/digital-enterprise-forum-im-kkl-luzern\/#primaryimage"},"thumbnailUrl":"https:\/\/www.organisator.ch\/wp-content\/uploads\/2017\/05\/Digital-Enterprise-Forum-Lucerne-org-Organisator-scaled.jpg","keywords":["Digitalisierung","Forum","KMU"],"inLanguage":"de"},{"@type":"WebPage","@id":"https:\/\/www.organisator.ch\/en\/general\/2017-05-03\/digital-enterprise-forum-im-kkl-luzern\/","url":"https:\/\/www.organisator.ch\/en\/general\/2017-05-03\/digital-enterprise-forum-im-kkl-luzern\/","name":"Digital Enterprise Forum konkret - Organisator","isPartOf":{"@id":"https:\/\/www.organisator.ch\/#website"},"primaryImageOfPage":{"@id":"https:\/\/www.organisator.ch\/en\/general\/2017-05-03\/digital-enterprise-forum-im-kkl-luzern\/#primaryimage"},"image":{"@id":"https:\/\/www.organisator.ch\/en\/general\/2017-05-03\/digital-enterprise-forum-im-kkl-luzern\/#primaryimage"},"thumbnailUrl":"https:\/\/www.organisator.ch\/wp-content\/uploads\/2017\/05\/Digital-Enterprise-Forum-Lucerne-org-Organisator-scaled.jpg","datePublished":"2017-05-03T13:39:31+00:00","description":"\"Digitalisierung im KMU \u2013 jetzt mal konkret\" - unter diesem Motto konnten die Veranstalter des Digital Enterprise Forum 25 Praxispartner und 300 Besucher mobilisieren.","breadcrumb":{"@id":"https:\/\/www.organisator.ch\/en\/general\/2017-05-03\/digital-enterprise-forum-im-kkl-luzern\/#breadcrumb"},"inLanguage":"de","potentialAction":[{"@type":"ReadAction","target":["https:\/\/www.organisator.ch\/en\/general\/2017-05-03\/digital-enterprise-forum-im-kkl-luzern\/"]}]},{"@type":"ImageObject","inLanguage":"de","@id":"https:\/\/www.organisator.ch\/en\/general\/2017-05-03\/digital-enterprise-forum-im-kkl-luzern\/#primaryimage","url":"https:\/\/www.organisator.ch\/wp-content\/uploads\/2017\/05\/Digital-Enterprise-Forum-Lucerne-org-Organisator-scaled.jpg","contentUrl":"https:\/\/www.organisator.ch\/wp-content\/uploads\/2017\/05\/Digital-Enterprise-Forum-Lucerne-org-Organisator-scaled.jpg","width":2560,"height":1642,"caption":"Gunter Dueck, ehemals IBM CTP, am Forum im KKL. (Bild: zVg)"},{"@type":"BreadcrumbList","@id":"https:\/\/www.organisator.ch\/en\/general\/2017-05-03\/digital-enterprise-forum-im-kkl-luzern\/#breadcrumb","itemListElement":[{"@type":"ListItem","position":1,"name":"Home","item":"https:\/\/www.organisator.ch\/"},{"@type":"ListItem","position":2,"name":"Digital Enterprise Forum konkret"}]},{"@type":"WebSite","@id":"https:\/\/www.organisator.ch\/#website","url":"https:\/\/www.organisator.ch\/","name":"Organisator","description":"Kompetent. Praxisnah. Der ORGANISATOR bereitet in 10 Ausgaben pro Jahr die wesentlichen Themen f\u00fcr F\u00fchrungskr\u00e4fte von KMU auf.","publisher":{"@id":"https:\/\/www.organisator.ch\/#organization"},"potentialAction":[{"@type":"SearchAction","target":{"@type":"EntryPoint","urlTemplate":"https:\/\/www.organisator.ch\/?s={search_term_string}"},"query-input":{"@type":"PropertyValueSpecification","valueRequired":true,"valueName":"search_term_string"}}],"inLanguage":"de"},{"@type":"Organization","@id":"https:\/\/www.organisator.ch\/#organization","name":"Organisator","url":"https:\/\/www.organisator.ch\/","logo":{"@type":"ImageObject","inLanguage":"de","@id":"https:\/\/www.organisator.ch\/#\/schema\/logo\/image\/","url":"https:\/\/www.organisator.ch\/wp-content\/uploads\/2022\/01\/Logo_Organisator_Website.png","contentUrl":"https:\/\/www.organisator.ch\/wp-content\/uploads\/2022\/01\/Logo_Organisator_Website.png","width":800,"height":77,"caption":"Organisator"},"image":{"@id":"https:\/\/www.organisator.ch\/#\/schema\/logo\/image\/"},"sameAs":["https:\/\/www.facebook.com\/OrganisatorFachmagazin","https:\/\/www.linkedin.com\/showcase\/organisator-das-magazin-fr-kmu","https:\/\/www.xing.com\/news\/pages\/organisator-ch-695","https:\/\/www.youtube.com\/channel\/UCGP2Sq0iWaZwT3BdIAQFYpw"]},{"@type":"Person","@id":"https:\/\/www.organisator.ch\/#\/schema\/person\/134708ca9321c57b0362cceb7948ffbd","name":"michael.merz","image":{"@type":"ImageObject","inLanguage":"de","@id":"https:\/\/secure.gravatar.com\/avatar\/?s=96&d=mm&r=g","url":"https:\/\/secure.gravatar.com\/avatar\/?s=96&d=mm&r=g","contentUrl":"https:\/\/secure.gravatar.com\/avatar\/?s=96&d=mm&r=g","caption":"michael.merz"},"url":"https:\/\/www.organisator.ch\/de\/author\/michael-merz\/"}]}},"_links":{"self":[{"href":"https:\/\/www.organisator.ch\/de\/wp-json\/wp\/v2\/posts\/1861","targetHints":{"allow":["GET"]}}],"collection":[{"href":"https:\/\/www.organisator.ch\/de\/wp-json\/wp\/v2\/posts"}],"about":[{"href":"https:\/\/www.organisator.ch\/de\/wp-json\/wp\/v2\/types\/post"}],"author":[{"embeddable":true,"href":"https:\/\/www.organisator.ch\/de\/wp-json\/wp\/v2\/users\/5"}],"replies":[{"embeddable":true,"href":"https:\/\/www.organisator.ch\/de\/wp-json\/wp\/v2\/comments?post=1861"}],"version-history":[{"count":0,"href":"https:\/\/www.organisator.ch\/de\/wp-json\/wp\/v2\/posts\/1861\/revisions"}],"wp:featuredmedia":[{"embeddable":true,"href":"https:\/\/www.organisator.ch\/de\/wp-json\/wp\/v2\/media\/1862"}],"wp:attachment":[{"href":"https:\/\/www.organisator.ch\/de\/wp-json\/wp\/v2\/media?parent=1861"}],"wp:term":[{"taxonomy":"category","embeddable":true,"href":"https:\/\/www.organisator.ch\/de\/wp-json\/wp\/v2\/categories?post=1861"},{"taxonomy":"post_tag","embeddable":true,"href":"https:\/\/www.organisator.ch\/de\/wp-json\/wp\/v2\/tags?post=1861"}],"curies":[{"name":"wp","href":"https:\/\/api.w.org\/{rel}","templated":true}]}}