{"id":18700,"date":"2023-02-02T08:19:28","date_gmt":"2023-02-02T07:19:28","guid":{"rendered":"https:\/\/www.organisator.ch\/?p=18700"},"modified":"2023-02-02T08:19:28","modified_gmt":"2023-02-02T07:19:28","slug":"steigende-lohnerwartungen-wegen-kandidatenmangel-und-inflation","status":"publish","type":"post","link":"https:\/\/www.organisator.ch\/de\/human-resources\/2023-02-02\/steigende-lohnerwartungen-wegen-kandidatenmangel-und-inflation\/","title":{"rendered":"Steigende Lohnerwartungen wegen Kandidatenmangel und Inflation"},"content":{"rendered":"<figure id=\"attachment_18702\" aria-describedby=\"caption-attachment-18702\" style=\"width: 680px\" class=\"wp-caption alignnone\"><img loading=\"lazy\" decoding=\"async\" class=\"size-full wp-image-18702\" src=\"https:\/\/www.organisator.ch\/wp-content\/uploads\/2023\/02\/Steigende-Lohnerwartungen-wegen-Kandidatenmangel-und-Inflation-1_Organisator.jpg\" alt=\"\" width=\"680\" height=\"429\" srcset=\"https:\/\/www.organisator.ch\/wp-content\/uploads\/2023\/02\/Steigende-Lohnerwartungen-wegen-Kandidatenmangel-und-Inflation-1_Organisator.jpg 680w, https:\/\/www.organisator.ch\/wp-content\/uploads\/2023\/02\/Steigende-Lohnerwartungen-wegen-Kandidatenmangel-und-Inflation-1_Organisator-18x12.jpg 18w, https:\/\/www.organisator.ch\/wp-content\/uploads\/2023\/02\/Steigende-Lohnerwartungen-wegen-Kandidatenmangel-und-Inflation-1_Organisator-375x237.jpg 375w, https:\/\/www.organisator.ch\/wp-content\/uploads\/2023\/02\/Steigende-Lohnerwartungen-wegen-Kandidatenmangel-und-Inflation-1_Organisator-555x350.jpg 555w\" sizes=\"auto, (max-width: 680px) 100vw, 680px\" \/><figcaption id=\"caption-attachment-18702\" class=\"wp-caption-text\">Lohnerwartungen und Kandidatenmangel: \u201cTalente zu gewinnen und zu halten, wird 2023 eine Herausforderung sein. Deshalb ist es wichtig, wichtig fokussiert zu rekrutieren. Diese Rekrutierung muss auf der F\u00f6rderung und Entwicklung neuer Talente basieren und muss sich weiterentwickeln k\u00f6nnen und anpassungsf\u00e4hig sein\u201d, sagt Yannick Coulange, Managing Director von PageGroup Schweiz. (Bild: Michael Page)<\/figcaption><\/figure>\n<p>Die historisch tiefe Arbeitslosigkeit, die Zur\u00fcckhaltung bei Stellenwechseln und die zunehmende Lokalisierung der Produktion verst\u00e4rken den Fachkr\u00e4ftemangel und die Suche nach qualifizierten Mitarbeitenden. Aus diesen Gr\u00fcnden m\u00fcssen Arbeitgebende bereit sein, hohe L\u00f6hne f\u00fcr die besten Kandidaten zu zahlen. Sie m\u00fcssen auch neue Mitarbeitende f\u00f6rdern und den bestehenden Mitarbeitenden, die am st\u00e4rksten von der Inflation betroffen sind, Lohnerh\u00f6hungen anbieten.<\/p>\n<h3>Inflation l\u00e4sst Lohnerwartungen steigen<\/h3>\n<p>Die Studie zeigt, dass F\u00fchrungskr\u00e4fte und leitende Manager im Banken- und Finanzdienstleistungssektor die h\u00f6chsten L\u00f6hne erhalten. Die f\u00fcnf Positionen mit den h\u00f6chsten L\u00f6hnen sind:<\/p>\n<p><img loading=\"lazy\" decoding=\"async\" class=\"alignnone size-full wp-image-18701\" src=\"https:\/\/www.organisator.ch\/wp-content\/uploads\/2023\/02\/Steigende-Lohnerwartungen-wegen-Kandidatenmangel-und-Inflation_Organisator.jpg\" alt=\"\" width=\"680\" height=\"310\" srcset=\"https:\/\/www.organisator.ch\/wp-content\/uploads\/2023\/02\/Steigende-Lohnerwartungen-wegen-Kandidatenmangel-und-Inflation_Organisator.jpg 680w, https:\/\/www.organisator.ch\/wp-content\/uploads\/2023\/02\/Steigende-Lohnerwartungen-wegen-Kandidatenmangel-und-Inflation_Organisator-18x8.jpg 18w, https:\/\/www.organisator.ch\/wp-content\/uploads\/2023\/02\/Steigende-Lohnerwartungen-wegen-Kandidatenmangel-und-Inflation_Organisator-375x171.jpg 375w\" sizes=\"auto, (max-width: 680px) 100vw, 680px\" \/><\/p>\n<p>Aus der Studie geht ferner hervor, dass die Lohnerwartungen von Kandidaten und Mitarbeitenden steigen. Diese gestiegenen Erwartungen sind vor allem auf die Inflation zur\u00fcckzuf\u00fchren. Dies zeigt die Notwendigkeit von Lohnerh\u00f6hungen f\u00fcr die unteren Lohnklassen, die am st\u00e4rksten von der Inflation betroffen sind. Yannick Coulange, Managing Director von PageGroup Schweiz, sagt: \u201cLohnerh\u00f6hungen am unteren Ende des Lohnbandes senden eine starke Botschaft \u00fcber die Werte eines Unternehmens.\u201d<\/p>\n<h3>Wo die L\u00f6hne am meisten steigen<\/h3>\n<p>Die Job-Kategorien mit den gr\u00f6ssten Gehaltserh\u00f6hungen sind Positionen in der IT (+5 bis +10 %), dem Ingenieurwesen (+5 %) und in der Finanzbuchhaltung (+3 bis +5 %). In der IT-Branche waren die Lohnerh\u00f6hungen vor allem bei Entwicklern \/ DevOps und in der Cybersicherheit zu verzeichnen. In anderen Berufen war die Zunahme auf der unteren und mittleren Managementebene am st\u00e4rksten, wo die Nachfrage am gr\u00f6ssten war.<\/p>\n<p>Die Studie prognostiziert f\u00fcr den Schweizer Arbeitsmarkt auch f\u00fcr das Jahr 2023 positive Aussichten trotz der Sorgen um eine europ\u00e4ische Rezession. In der Schweiz hat die Zahl der ausgeschriebenen Stellen zwischen Dezember 2021 und Dezember 2022 um 8.5 % zugenommen. Die Kategorien mit dem gr\u00f6ssten Wachstum zwischen Dezember 2022 und Januar 2023 sind Versicherungen (+5.0 %), Handwerk (+4.0 %) und Informatik (+3.7 %).<\/p>\n<h3>Weiterbildungs- und Entwicklungsm\u00f6glichkeiten sind von grosser Bedeutung<\/h3>\n<p>Die wichtigsten Vorteile f\u00fcr die Mitarbeitendengewinnung sind laut der Studie die Bindung und die Weiterbildungs- und Entwicklungsm\u00f6glichkeiten. 70 % der Kandidatinnen und Kandidaten gaben an, dass dies ein wichtiger Faktor f\u00fcr die Wahl ihres Arbeitsgebenden ist. Trotzdem gibt nur die H\u00e4lfte der Angestellten an, dass dieses Thema w\u00e4hrend des Rekrutierungsprozesses angesprochen wurde. Zudem ist der am h\u00e4ufigsten genannte K\u00fcndigungsgrund die fehlenden beruflichen Entwicklungsm\u00f6glichkeiten.<\/p>\n<p><em>Quelle: <a href=\"http:\/\/www.michaelpage.ch\">Michael Page<\/a><\/em><\/p>\n","protected":false},"excerpt":{"rendered":"<p>Die historisch tiefe Arbeitslosigkeit, die Zur\u00fcckhaltung bei Stellenwechseln und die zunehmende Lokalisierung der Produktion verst\u00e4rken den Fachkr\u00e4ftemangel und die Suche nach qualifizierten Mitarbeitenden. Aus diesen Gr\u00fcnden m\u00fcssen Arbeitgebende bereit sein, hohe L\u00f6hne f\u00fcr die besten Kandidaten zu zahlen. Sie m\u00fcssen auch neue Mitarbeitende f\u00f6rdern und den bestehenden Mitarbeitenden, die am st\u00e4rksten von der Inflation betroffen [&hellip;]<\/p>\n","protected":false},"author":4,"featured_media":18702,"comment_status":"closed","ping_status":"closed","sticky":false,"template":"","format":"standard","meta":{"_acf_changed":false,"_yoast_wpseo_focuskw":"Lohnerwartungen","_yoast_wpseo_metadesc":"Gem\u00e4ss Personaldienstleister Michael Page wird der Schweizer Arbeitsmarkt auch im Jahr 2023 wachsen. Gleichzeitig steigen die Lohnerwartungen.","articlekey":"","footnotes":""},"categories":[579],"tags":[47,329,407,459],"class_list":["post-18700","post","type-post","status-publish","format-standard","has-post-thumbnail","hentry","category-human-resources","tag-arbeitsmarkt","tag-loehne","tag-recruiting","tag-studie"],"acf":[],"yoast_head":"<!-- This site is optimized with the Yoast SEO plugin v27.4 - https:\/\/yoast.com\/product\/yoast-seo-wordpress\/ -->\n<title>Steigende Lohnerwartungen wegen Kandidatenmangel und Inflation - Organisator<\/title>\n<meta name=\"description\" content=\"Gem\u00e4ss Personaldienstleister Michael Page wird der Schweizer Arbeitsmarkt auch im Jahr 2023 wachsen. Gleichzeitig steigen die Lohnerwartungen.\" \/>\n<meta name=\"robots\" content=\"index, follow, max-snippet:-1, max-image-preview:large, max-video-preview:-1\" \/>\n<link rel=\"canonical\" href=\"https:\/\/www.organisator.ch\/de\/human-resources\/2023-02-02\/steigende-lohnerwartungen-wegen-kandidatenmangel-und-inflation\/\" \/>\n<meta property=\"og:locale\" content=\"de_DE\" \/>\n<meta property=\"og:type\" content=\"article\" \/>\n<meta property=\"og:title\" content=\"Steigende Lohnerwartungen wegen Kandidatenmangel und Inflation\" \/>\n<meta property=\"og:description\" content=\"Gem\u00e4ss Personaldienstleister Michael Page wird der Schweizer Arbeitsmarkt auch im Jahr 2023 wachsen. Gleichzeitig steigen die Lohnerwartungen.\" \/>\n<meta property=\"og:url\" content=\"https:\/\/www.organisator.ch\/de\/human-resources\/2023-02-02\/steigende-lohnerwartungen-wegen-kandidatenmangel-und-inflation\/\" \/>\n<meta property=\"og:site_name\" content=\"Organisator\" \/>\n<meta property=\"article:publisher\" content=\"https:\/\/www.facebook.com\/OrganisatorFachmagazin\" \/>\n<meta property=\"article:published_time\" content=\"2023-02-02T07:19:28+00:00\" \/>\n<meta property=\"og:image\" content=\"https:\/\/www.organisator.ch\/wp-content\/uploads\/2023\/02\/Steigende-Lohnerwartungen-wegen-Kandidatenmangel-und-Inflation-1_Organisator.jpg\" \/>\n\t<meta property=\"og:image:width\" content=\"680\" \/>\n\t<meta property=\"og:image:height\" content=\"429\" \/>\n\t<meta property=\"og:image:type\" content=\"image\/jpeg\" \/>\n<meta name=\"author\" content=\"thomas.berner\" \/>\n<meta name=\"twitter:card\" content=\"summary_large_image\" \/>\n<meta name=\"twitter:title\" content=\"Steigende #Lohnerwartungen wegen #Kandidatenmangel und #Inflation\" \/>\n<meta name=\"twitter:description\" content=\"Gem\u00e4ss #Personaldienstleister Michael Page wird der Schweizer #Arbeitsmarkt auch im Jahr 2023 wachsen. Gleichzeitig steigen die #Lohnerwartungen.\" \/>\n<meta name=\"twitter:image\" content=\"https:\/\/www.organisator.ch\/wp-content\/uploads\/2023\/02\/Steigende-Lohnerwartungen-wegen-Kandidatenmangel-und-Inflation-1_Organisator.jpg\" \/>\n<script type=\"application\/ld+json\" class=\"yoast-schema-graph\">{\"@context\":\"https:\\\/\\\/schema.org\",\"@graph\":[{\"@type\":\"Article\",\"@id\":\"https:\\\/\\\/www.organisator.ch\\\/human-resources\\\/2023-02-02\\\/steigende-lohnerwartungen-wegen-kandidatenmangel-und-inflation\\\/#article\",\"isPartOf\":{\"@id\":\"https:\\\/\\\/www.organisator.ch\\\/human-resources\\\/2023-02-02\\\/steigende-lohnerwartungen-wegen-kandidatenmangel-und-inflation\\\/\"},\"author\":{\"name\":\"thomas.berner\",\"@id\":\"https:\\\/\\\/www.organisator.ch\\\/#\\\/schema\\\/person\\\/6f650f90b2842cd4c0cc334b4e36f67e\"},\"headline\":\"Steigende Lohnerwartungen wegen Kandidatenmangel und Inflation\",\"datePublished\":\"2023-02-02T07:19:28+00:00\",\"mainEntityOfPage\":{\"@id\":\"https:\\\/\\\/www.organisator.ch\\\/human-resources\\\/2023-02-02\\\/steigende-lohnerwartungen-wegen-kandidatenmangel-und-inflation\\\/\"},\"wordCount\":445,\"publisher\":{\"@id\":\"https:\\\/\\\/www.organisator.ch\\\/#organization\"},\"image\":{\"@id\":\"https:\\\/\\\/www.organisator.ch\\\/human-resources\\\/2023-02-02\\\/steigende-lohnerwartungen-wegen-kandidatenmangel-und-inflation\\\/#primaryimage\"},\"thumbnailUrl\":\"https:\\\/\\\/www.organisator.ch\\\/wp-content\\\/uploads\\\/2023\\\/02\\\/Steigende-Lohnerwartungen-wegen-Kandidatenmangel-und-Inflation-1_Organisator.jpg\",\"keywords\":[\"Arbeitsmarkt\",\"L\u00f6hne\",\"Recruiting\",\"Studie\"],\"articleSection\":[\"HUMAN RESOURCES\"],\"inLanguage\":\"de\"},{\"@type\":\"WebPage\",\"@id\":\"https:\\\/\\\/www.organisator.ch\\\/human-resources\\\/2023-02-02\\\/steigende-lohnerwartungen-wegen-kandidatenmangel-und-inflation\\\/\",\"url\":\"https:\\\/\\\/www.organisator.ch\\\/human-resources\\\/2023-02-02\\\/steigende-lohnerwartungen-wegen-kandidatenmangel-und-inflation\\\/\",\"name\":\"Steigende Lohnerwartungen wegen Kandidatenmangel und Inflation - Organisator\",\"isPartOf\":{\"@id\":\"https:\\\/\\\/www.organisator.ch\\\/#website\"},\"primaryImageOfPage\":{\"@id\":\"https:\\\/\\\/www.organisator.ch\\\/human-resources\\\/2023-02-02\\\/steigende-lohnerwartungen-wegen-kandidatenmangel-und-inflation\\\/#primaryimage\"},\"image\":{\"@id\":\"https:\\\/\\\/www.organisator.ch\\\/human-resources\\\/2023-02-02\\\/steigende-lohnerwartungen-wegen-kandidatenmangel-und-inflation\\\/#primaryimage\"},\"thumbnailUrl\":\"https:\\\/\\\/www.organisator.ch\\\/wp-content\\\/uploads\\\/2023\\\/02\\\/Steigende-Lohnerwartungen-wegen-Kandidatenmangel-und-Inflation-1_Organisator.jpg\",\"datePublished\":\"2023-02-02T07:19:28+00:00\",\"description\":\"Gem\u00e4ss Personaldienstleister Michael Page wird der Schweizer Arbeitsmarkt auch im Jahr 2023 wachsen. Gleichzeitig steigen die Lohnerwartungen.\",\"breadcrumb\":{\"@id\":\"https:\\\/\\\/www.organisator.ch\\\/human-resources\\\/2023-02-02\\\/steigende-lohnerwartungen-wegen-kandidatenmangel-und-inflation\\\/#breadcrumb\"},\"inLanguage\":\"de\",\"potentialAction\":[{\"@type\":\"ReadAction\",\"target\":[\"https:\\\/\\\/www.organisator.ch\\\/human-resources\\\/2023-02-02\\\/steigende-lohnerwartungen-wegen-kandidatenmangel-und-inflation\\\/\"]}]},{\"@type\":\"ImageObject\",\"inLanguage\":\"de\",\"@id\":\"https:\\\/\\\/www.organisator.ch\\\/human-resources\\\/2023-02-02\\\/steigende-lohnerwartungen-wegen-kandidatenmangel-und-inflation\\\/#primaryimage\",\"url\":\"https:\\\/\\\/www.organisator.ch\\\/wp-content\\\/uploads\\\/2023\\\/02\\\/Steigende-Lohnerwartungen-wegen-Kandidatenmangel-und-Inflation-1_Organisator.jpg\",\"contentUrl\":\"https:\\\/\\\/www.organisator.ch\\\/wp-content\\\/uploads\\\/2023\\\/02\\\/Steigende-Lohnerwartungen-wegen-Kandidatenmangel-und-Inflation-1_Organisator.jpg\",\"width\":680,\"height\":429,\"caption\":\"L\u00f6hne und andere Anreize bei Kandidatenmangel: \u201cTalente zu gewinnen und zu halten, wird 2023 eine Herausforderung sein. Deshalb ist es wichtig, wichtig fokussiert zu rekrutieren. Diese Rekrutierung muss auf der F\u00f6rderung und Entwicklung neuer Talente basieren und muss sich weiterentwickeln k\u00f6nnen und anpassungsf\u00e4hig sein\u201d, sagt Yannick Coulange, Managing Director von PageGroup Schweiz. (Bild: Michael Page)\"},{\"@type\":\"BreadcrumbList\",\"@id\":\"https:\\\/\\\/www.organisator.ch\\\/human-resources\\\/2023-02-02\\\/steigende-lohnerwartungen-wegen-kandidatenmangel-und-inflation\\\/#breadcrumb\",\"itemListElement\":[{\"@type\":\"ListItem\",\"position\":1,\"name\":\"Home\",\"item\":\"https:\\\/\\\/www.organisator.ch\\\/\"},{\"@type\":\"ListItem\",\"position\":2,\"name\":\"Steigende Lohnerwartungen wegen Kandidatenmangel und Inflation\"}]},{\"@type\":\"WebSite\",\"@id\":\"https:\\\/\\\/www.organisator.ch\\\/#website\",\"url\":\"https:\\\/\\\/www.organisator.ch\\\/\",\"name\":\"Organisator\",\"description\":\"Kompetent. Praxisnah. Der ORGANISATOR bereitet in 10 Ausgaben pro Jahr die wesentlichen Themen f\u00fcr F\u00fchrungskr\u00e4fte von KMU auf.\",\"publisher\":{\"@id\":\"https:\\\/\\\/www.organisator.ch\\\/#organization\"},\"potentialAction\":[{\"@type\":\"SearchAction\",\"target\":{\"@type\":\"EntryPoint\",\"urlTemplate\":\"https:\\\/\\\/www.organisator.ch\\\/?s={search_term_string}\"},\"query-input\":{\"@type\":\"PropertyValueSpecification\",\"valueRequired\":true,\"valueName\":\"search_term_string\"}}],\"inLanguage\":\"de\"},{\"@type\":\"Organization\",\"@id\":\"https:\\\/\\\/www.organisator.ch\\\/#organization\",\"name\":\"Organisator\",\"url\":\"https:\\\/\\\/www.organisator.ch\\\/\",\"logo\":{\"@type\":\"ImageObject\",\"inLanguage\":\"de\",\"@id\":\"https:\\\/\\\/www.organisator.ch\\\/#\\\/schema\\\/logo\\\/image\\\/\",\"url\":\"https:\\\/\\\/www.organisator.ch\\\/wp-content\\\/uploads\\\/2022\\\/01\\\/Logo_Organisator_Website.png\",\"contentUrl\":\"https:\\\/\\\/www.organisator.ch\\\/wp-content\\\/uploads\\\/2022\\\/01\\\/Logo_Organisator_Website.png\",\"width\":800,\"height\":77,\"caption\":\"Organisator\"},\"image\":{\"@id\":\"https:\\\/\\\/www.organisator.ch\\\/#\\\/schema\\\/logo\\\/image\\\/\"},\"sameAs\":[\"https:\\\/\\\/www.facebook.com\\\/OrganisatorFachmagazin\",\"https:\\\/\\\/www.linkedin.com\\\/showcase\\\/organisator-das-magazin-fr-kmu\",\"https:\\\/\\\/www.xing.com\\\/news\\\/pages\\\/organisator-ch-695\",\"https:\\\/\\\/www.youtube.com\\\/channel\\\/UCGP2Sq0iWaZwT3BdIAQFYpw\"]},{\"@type\":\"Person\",\"@id\":\"https:\\\/\\\/www.organisator.ch\\\/#\\\/schema\\\/person\\\/6f650f90b2842cd4c0cc334b4e36f67e\",\"name\":\"thomas.berner\",\"image\":{\"@type\":\"ImageObject\",\"inLanguage\":\"de\",\"@id\":\"https:\\\/\\\/secure.gravatar.com\\\/avatar\\\/ac5001d2a36cb6c6cd3e50789007ffca834b477b74a2144564522e944eabff61?s=96&d=mm&r=g\",\"url\":\"https:\\\/\\\/secure.gravatar.com\\\/avatar\\\/ac5001d2a36cb6c6cd3e50789007ffca834b477b74a2144564522e944eabff61?s=96&d=mm&r=g\",\"contentUrl\":\"https:\\\/\\\/secure.gravatar.com\\\/avatar\\\/ac5001d2a36cb6c6cd3e50789007ffca834b477b74a2144564522e944eabff61?s=96&d=mm&r=g\",\"caption\":\"thomas.berner\"},\"url\":\"https:\\\/\\\/www.organisator.ch\\\/de\\\/author\\\/thomas-berner\\\/\"}]}<\/script>\n<!-- \/ Yoast SEO plugin. -->","yoast_head_json":{"title":"Steigende Lohnerwartungen wegen Kandidatenmangel und Inflation - Organisator","description":"Gem\u00e4ss Personaldienstleister Michael Page wird der Schweizer Arbeitsmarkt auch im Jahr 2023 wachsen. Gleichzeitig steigen die Lohnerwartungen.","robots":{"index":"index","follow":"follow","max-snippet":"max-snippet:-1","max-image-preview":"max-image-preview:large","max-video-preview":"max-video-preview:-1"},"canonical":"https:\/\/www.organisator.ch\/de\/human-resources\/2023-02-02\/steigende-lohnerwartungen-wegen-kandidatenmangel-und-inflation\/","og_locale":"de_DE","og_type":"article","og_title":"Steigende Lohnerwartungen wegen Kandidatenmangel und Inflation","og_description":"Gem\u00e4ss Personaldienstleister Michael Page wird der Schweizer Arbeitsmarkt auch im Jahr 2023 wachsen. Gleichzeitig steigen die Lohnerwartungen.","og_url":"https:\/\/www.organisator.ch\/de\/human-resources\/2023-02-02\/steigende-lohnerwartungen-wegen-kandidatenmangel-und-inflation\/","og_site_name":"Organisator","article_publisher":"https:\/\/www.facebook.com\/OrganisatorFachmagazin","article_published_time":"2023-02-02T07:19:28+00:00","og_image":[{"width":680,"height":429,"url":"https:\/\/www.organisator.ch\/wp-content\/uploads\/2023\/02\/Steigende-Lohnerwartungen-wegen-Kandidatenmangel-und-Inflation-1_Organisator.jpg","type":"image\/jpeg"}],"author":"thomas.berner","twitter_card":"summary_large_image","twitter_title":"Steigende #Lohnerwartungen wegen #Kandidatenmangel und #Inflation","twitter_description":"Gem\u00e4ss #Personaldienstleister Michael Page wird der Schweizer #Arbeitsmarkt auch im Jahr 2023 wachsen. Gleichzeitig steigen die #Lohnerwartungen.","twitter_image":"https:\/\/www.organisator.ch\/wp-content\/uploads\/2023\/02\/Steigende-Lohnerwartungen-wegen-Kandidatenmangel-und-Inflation-1_Organisator.jpg","schema":{"@context":"https:\/\/schema.org","@graph":[{"@type":"Article","@id":"https:\/\/www.organisator.ch\/human-resources\/2023-02-02\/steigende-lohnerwartungen-wegen-kandidatenmangel-und-inflation\/#article","isPartOf":{"@id":"https:\/\/www.organisator.ch\/human-resources\/2023-02-02\/steigende-lohnerwartungen-wegen-kandidatenmangel-und-inflation\/"},"author":{"name":"thomas.berner","@id":"https:\/\/www.organisator.ch\/#\/schema\/person\/6f650f90b2842cd4c0cc334b4e36f67e"},"headline":"Steigende Lohnerwartungen wegen Kandidatenmangel und Inflation","datePublished":"2023-02-02T07:19:28+00:00","mainEntityOfPage":{"@id":"https:\/\/www.organisator.ch\/human-resources\/2023-02-02\/steigende-lohnerwartungen-wegen-kandidatenmangel-und-inflation\/"},"wordCount":445,"publisher":{"@id":"https:\/\/www.organisator.ch\/#organization"},"image":{"@id":"https:\/\/www.organisator.ch\/human-resources\/2023-02-02\/steigende-lohnerwartungen-wegen-kandidatenmangel-und-inflation\/#primaryimage"},"thumbnailUrl":"https:\/\/www.organisator.ch\/wp-content\/uploads\/2023\/02\/Steigende-Lohnerwartungen-wegen-Kandidatenmangel-und-Inflation-1_Organisator.jpg","keywords":["Arbeitsmarkt","L\u00f6hne","Recruiting","Studie"],"articleSection":["HUMAN RESOURCES"],"inLanguage":"de"},{"@type":"WebPage","@id":"https:\/\/www.organisator.ch\/human-resources\/2023-02-02\/steigende-lohnerwartungen-wegen-kandidatenmangel-und-inflation\/","url":"https:\/\/www.organisator.ch\/human-resources\/2023-02-02\/steigende-lohnerwartungen-wegen-kandidatenmangel-und-inflation\/","name":"Steigende Lohnerwartungen wegen Kandidatenmangel und Inflation - Organisator","isPartOf":{"@id":"https:\/\/www.organisator.ch\/#website"},"primaryImageOfPage":{"@id":"https:\/\/www.organisator.ch\/human-resources\/2023-02-02\/steigende-lohnerwartungen-wegen-kandidatenmangel-und-inflation\/#primaryimage"},"image":{"@id":"https:\/\/www.organisator.ch\/human-resources\/2023-02-02\/steigende-lohnerwartungen-wegen-kandidatenmangel-und-inflation\/#primaryimage"},"thumbnailUrl":"https:\/\/www.organisator.ch\/wp-content\/uploads\/2023\/02\/Steigende-Lohnerwartungen-wegen-Kandidatenmangel-und-Inflation-1_Organisator.jpg","datePublished":"2023-02-02T07:19:28+00:00","description":"Gem\u00e4ss Personaldienstleister Michael Page wird der Schweizer Arbeitsmarkt auch im Jahr 2023 wachsen. Gleichzeitig steigen die Lohnerwartungen.","breadcrumb":{"@id":"https:\/\/www.organisator.ch\/human-resources\/2023-02-02\/steigende-lohnerwartungen-wegen-kandidatenmangel-und-inflation\/#breadcrumb"},"inLanguage":"de","potentialAction":[{"@type":"ReadAction","target":["https:\/\/www.organisator.ch\/human-resources\/2023-02-02\/steigende-lohnerwartungen-wegen-kandidatenmangel-und-inflation\/"]}]},{"@type":"ImageObject","inLanguage":"de","@id":"https:\/\/www.organisator.ch\/human-resources\/2023-02-02\/steigende-lohnerwartungen-wegen-kandidatenmangel-und-inflation\/#primaryimage","url":"https:\/\/www.organisator.ch\/wp-content\/uploads\/2023\/02\/Steigende-Lohnerwartungen-wegen-Kandidatenmangel-und-Inflation-1_Organisator.jpg","contentUrl":"https:\/\/www.organisator.ch\/wp-content\/uploads\/2023\/02\/Steigende-Lohnerwartungen-wegen-Kandidatenmangel-und-Inflation-1_Organisator.jpg","width":680,"height":429,"caption":"L\u00f6hne und andere Anreize bei Kandidatenmangel: \u201cTalente zu gewinnen und zu halten, wird 2023 eine Herausforderung sein. Deshalb ist es wichtig, wichtig fokussiert zu rekrutieren. Diese Rekrutierung muss auf der F\u00f6rderung und Entwicklung neuer Talente basieren und muss sich weiterentwickeln k\u00f6nnen und anpassungsf\u00e4hig sein\u201d, sagt Yannick Coulange, Managing Director von PageGroup Schweiz. (Bild: Michael Page)"},{"@type":"BreadcrumbList","@id":"https:\/\/www.organisator.ch\/human-resources\/2023-02-02\/steigende-lohnerwartungen-wegen-kandidatenmangel-und-inflation\/#breadcrumb","itemListElement":[{"@type":"ListItem","position":1,"name":"Home","item":"https:\/\/www.organisator.ch\/"},{"@type":"ListItem","position":2,"name":"Steigende Lohnerwartungen wegen Kandidatenmangel und Inflation"}]},{"@type":"WebSite","@id":"https:\/\/www.organisator.ch\/#website","url":"https:\/\/www.organisator.ch\/","name":"Organisator","description":"Kompetent. Praxisnah. Der ORGANISATOR bereitet in 10 Ausgaben pro Jahr die wesentlichen Themen f\u00fcr F\u00fchrungskr\u00e4fte von KMU auf.","publisher":{"@id":"https:\/\/www.organisator.ch\/#organization"},"potentialAction":[{"@type":"SearchAction","target":{"@type":"EntryPoint","urlTemplate":"https:\/\/www.organisator.ch\/?s={search_term_string}"},"query-input":{"@type":"PropertyValueSpecification","valueRequired":true,"valueName":"search_term_string"}}],"inLanguage":"de"},{"@type":"Organization","@id":"https:\/\/www.organisator.ch\/#organization","name":"Organisator","url":"https:\/\/www.organisator.ch\/","logo":{"@type":"ImageObject","inLanguage":"de","@id":"https:\/\/www.organisator.ch\/#\/schema\/logo\/image\/","url":"https:\/\/www.organisator.ch\/wp-content\/uploads\/2022\/01\/Logo_Organisator_Website.png","contentUrl":"https:\/\/www.organisator.ch\/wp-content\/uploads\/2022\/01\/Logo_Organisator_Website.png","width":800,"height":77,"caption":"Organisator"},"image":{"@id":"https:\/\/www.organisator.ch\/#\/schema\/logo\/image\/"},"sameAs":["https:\/\/www.facebook.com\/OrganisatorFachmagazin","https:\/\/www.linkedin.com\/showcase\/organisator-das-magazin-fr-kmu","https:\/\/www.xing.com\/news\/pages\/organisator-ch-695","https:\/\/www.youtube.com\/channel\/UCGP2Sq0iWaZwT3BdIAQFYpw"]},{"@type":"Person","@id":"https:\/\/www.organisator.ch\/#\/schema\/person\/6f650f90b2842cd4c0cc334b4e36f67e","name":"thomas.berner","image":{"@type":"ImageObject","inLanguage":"de","@id":"https:\/\/secure.gravatar.com\/avatar\/ac5001d2a36cb6c6cd3e50789007ffca834b477b74a2144564522e944eabff61?s=96&d=mm&r=g","url":"https:\/\/secure.gravatar.com\/avatar\/ac5001d2a36cb6c6cd3e50789007ffca834b477b74a2144564522e944eabff61?s=96&d=mm&r=g","contentUrl":"https:\/\/secure.gravatar.com\/avatar\/ac5001d2a36cb6c6cd3e50789007ffca834b477b74a2144564522e944eabff61?s=96&d=mm&r=g","caption":"thomas.berner"},"url":"https:\/\/www.organisator.ch\/de\/author\/thomas-berner\/"}]}},"_links":{"self":[{"href":"https:\/\/www.organisator.ch\/de\/wp-json\/wp\/v2\/posts\/18700","targetHints":{"allow":["GET"]}}],"collection":[{"href":"https:\/\/www.organisator.ch\/de\/wp-json\/wp\/v2\/posts"}],"about":[{"href":"https:\/\/www.organisator.ch\/de\/wp-json\/wp\/v2\/types\/post"}],"author":[{"embeddable":true,"href":"https:\/\/www.organisator.ch\/de\/wp-json\/wp\/v2\/users\/4"}],"replies":[{"embeddable":true,"href":"https:\/\/www.organisator.ch\/de\/wp-json\/wp\/v2\/comments?post=18700"}],"version-history":[{"count":1,"href":"https:\/\/www.organisator.ch\/de\/wp-json\/wp\/v2\/posts\/18700\/revisions"}],"predecessor-version":[{"id":18703,"href":"https:\/\/www.organisator.ch\/de\/wp-json\/wp\/v2\/posts\/18700\/revisions\/18703"}],"wp:featuredmedia":[{"embeddable":true,"href":"https:\/\/www.organisator.ch\/de\/wp-json\/wp\/v2\/media\/18702"}],"wp:attachment":[{"href":"https:\/\/www.organisator.ch\/de\/wp-json\/wp\/v2\/media?parent=18700"}],"wp:term":[{"taxonomy":"category","embeddable":true,"href":"https:\/\/www.organisator.ch\/de\/wp-json\/wp\/v2\/categories?post=18700"},{"taxonomy":"post_tag","embeddable":true,"href":"https:\/\/www.organisator.ch\/de\/wp-json\/wp\/v2\/tags?post=18700"}],"curies":[{"name":"wp","href":"https:\/\/api.w.org\/{rel}","templated":true}]}}