{"id":1871,"date":"2017-05-04T17:39:24","date_gmt":"2017-05-04T15:39:24","guid":{"rendered":"https:\/\/www.organisator.ch\/?p=1871"},"modified":"2017-05-04T17:39:24","modified_gmt":"2017-05-04T15:39:24","slug":"1871-2","status":"publish","type":"post","link":"https:\/\/www.organisator.ch\/de\/allgemein\/2017-05-04\/1871-2\/","title":{"rendered":"Forscher suchen den Job f\u00fcr Gl\u00fcckliche"},"content":{"rendered":"<figure id=\"attachment_1872\" aria-describedby=\"caption-attachment-1872\" style=\"width: 680px\" class=\"wp-caption alignnone\"><img loading=\"lazy\" decoding=\"async\" class=\"size-medium wp-image-1872\" src=\"https:\/\/www.organisator.ch\/wp-content\/uploads\/2017\/05\/Forscher-suchen-den-Job-fuer-Glueckliche-org-organisator.jpg\" alt=\"\" width=\"680\" height=\"510\" srcset=\"https:\/\/www.organisator.ch\/wp-content\/uploads\/2017\/05\/Forscher-suchen-den-Job-fuer-Glueckliche-org-organisator.jpg 1000w, https:\/\/www.organisator.ch\/wp-content\/uploads\/2017\/05\/Forscher-suchen-den-Job-fuer-Glueckliche-org-organisator-680x510.jpg 680w, https:\/\/www.organisator.ch\/wp-content\/uploads\/2017\/05\/Forscher-suchen-den-Job-fuer-Glueckliche-org-organisator-768x576.jpg 768w, https:\/\/www.organisator.ch\/wp-content\/uploads\/2017\/05\/Forscher-suchen-den-Job-fuer-Glueckliche-org-organisator-16x12.jpg 16w, https:\/\/www.organisator.ch\/wp-content\/uploads\/2017\/05\/Forscher-suchen-den-Job-fuer-Glueckliche-org-organisator-233x175.jpg 233w, https:\/\/www.organisator.ch\/wp-content\/uploads\/2017\/05\/Forscher-suchen-den-Job-fuer-Glueckliche-org-organisator-467x350.jpg 467w, https:\/\/www.organisator.ch\/wp-content\/uploads\/2017\/05\/Forscher-suchen-den-Job-fuer-Glueckliche-org-organisator-920x690.jpg 920w, https:\/\/www.organisator.ch\/wp-content\/uploads\/2017\/05\/Forscher-suchen-den-Job-fuer-Glueckliche-org-organisator-300x225.jpg 300w\" sizes=\"auto, (max-width: 680px) 100vw, 680px\" \/><figcaption id=\"caption-attachment-1872\" class=\"wp-caption-text\">In einer Zeit, in der Roboter Berufe ersetzen, wird das soziale Gl\u00fcck wieder gross geschrieben. (Bild: depositphotos)<\/figcaption><\/figure>\n<p>Die Forscher der &#8222;London School of Economics and Political Science&#8220; haben Menschen in 150 L\u00e4ndern f\u00fcr eine Studie zu&#8220; ihrem Gl\u00fcck&#8220; befragt. So betont beispielsweise die Studie, dass Arbeitslose auch noch lange nach der Erwerbslosigkeit ungl\u00fccklich bleiben w\u00fcrden, obgleich sie eine neue Stelle gefunden h\u00e4tten.<\/p>\n<p><strong>Kompensierende Lohn-Differenz<\/strong><\/p>\n<p>Die Forscher konnten die sogenannte &#8222;kompensierende Lohn-Differenz&#8220; nicht nachweisen. In der klassischen Wirtschaftstheorie geht man davon aus, dass Menschen ihren F\u00e4higkeiten entsprechend in unterschiedlichen Jobs gleich gl\u00fccklich sind. Muss eine Person einen Job annehmen, der nicht so befriedigend ist, soll sie daf\u00fcr entsprechend entl\u00f6hnt werden und so am Ende wieder gleich gl\u00fccklich sein. Offenbar gibt es laut den Forschern diesen Effekt nicht.<\/p>\n<p>Weitere entsprechenden Antworten, was Gl\u00fcck am Arbeitsplatz ausmacht, wurden k\u00fcrzlich analysiert. Hier die wichtigsten Erkenntnisse:<\/p>\n<p><strong>Arbeit haben<\/strong><\/p>\n<p>Dabei geht die Bedeutung einer Arbeitsstelle weit \u00fcber die Lohnt\u00fcte hinweg. Wichtiger seien die soziale Vernetzung, der Status, eine Tagesstruktur und Ziele im Leben.<\/p>\n<p>Eine hohe Arbeitslosenquote beeinflusst laut der Studie auch das Gl\u00fccksempfinden der arbeitenden Bev\u00f6lkerung. Man spricht hier von einem \u00abSpillover-Effekt\u00bb: Wenn viele Leute arbeitslos sind, f\u00fcrchten auch andere um ihren Job und sind entsprechend ungl\u00fccklich.<\/p>\n<p><strong>Guter Lohn<\/strong><\/p>\n<p>Ein guter Lohn stimmt Menschen gl\u00fccklich. Da Arbeiterinnen und Arbeiter in k\u00f6rperlich anstrengenden Berufen h\u00e4ufig weniger verdienen, sind sie auch weniger gl\u00fccklich. Als besonders zufrieden haben sich in der Studie hingegen Manager und Chefs bezeichnet.<\/p>\n<p><strong>Work-Life-Balance<\/strong><\/p>\n<p>Wenig \u00fcberraschend ist man gl\u00fccklicher, wenn man nebst dem Job auch noch Zeit f\u00fcr Familie und Hobby hat. Wer nach der Arbeit m\u00fcde nach Hause kommt, ist weniger gl\u00fccklich. Besonders schlimm ist, wenn man am Feierabend noch Arbeits-Probleme w\u00e4lzen muss.<\/p>\n<p><strong>Arbeitszeiten<\/strong><\/p>\n<p>Wie lange jemand arbeitet, ist gar nicht so wichtig. Auch \u00dcberstunden schaden nicht dem pers\u00f6nlichen Gl\u00fcck, sofern die Work-Life-Balance noch stimmt.<\/p>\n<p>\u00c4hnlich sieht es bei Teilzeit-Arbeitenden aus. Wer gerne mehr oder weniger arbeiten will, dies aber nicht kann, ist eher ungl\u00fccklich. Menschen, die nicht Vollzeit arbeiten, sind tendenziell gl\u00fccklicher.<\/p>\n<p>&nbsp;<\/p>\n<p>Ziemlich unterschiedlich wird die Selbst\u00e4ndigkeit eingeordnet. So sind selbst\u00e4ndig Arbeitende in Europa, Nordamerika, Australien, Neuseeland und Ostasien gl\u00fccklich, in den anderen Regionen jedoch nicht.<\/p>\n<p><strong>Die lieben Kollegen<\/strong><\/p>\n<p>Einen Einfluss auf das Gl\u00fcck im Job haben auch die Mitarbeiter. Sp\u00fcrt man deren Unterst\u00fctzung, steigt die Zufriedenheit. Auch der Chef kann dazu beitragen. So sind Arbeiter gl\u00fccklicher, wenn sie auch in Entscheidungsprozesse eingebunden werden, wenn sie Verantwortung \u00fcbernehmen k\u00f6nnen und wenn sie die M\u00f6glichkeit haben, sich weiterzubilden. Sehen die Mitarbeiter keine Chance auf einen Aufstieg, sinkt das Gl\u00fccksempfinden.<\/p>\n<p><strong>Achtung, Chefs<\/strong><\/p>\n<p>Die Forscher weisen darauf hin, dass es einen Unterschied zwischen der &#8222;Job-Zufriedenheit&#8220; und der &#8222;positiven Arbeitseinstellung&#8220; \u00a0gibt. Eine Person kann zwar gl\u00fccklich mit der Arbeit sein und trotzdem keine besonders grosse Motivation an den Tag legen.<\/p>\n<p>&#8222;Befriedigung im Job kann m\u00f6glicherweise auf eine gewisse Zufriedenheit zur\u00fcckgef\u00fchrt werden. Eine positive Arbeitseinstellung setzt jedoch eine aktive Beteiligung des Individuums am Wohlergehen der Firma voraus&#8220;, heisst es. Die Forscher verweisen auf eine andere Studie, bei der Arbeitnehmer zu verschiedenen Tageszeiten ihre aktuellen T\u00e4tigkeiten bewerten sollten:<\/p>\n<p>&#8222;Beunruhigenderweise rangierte bezahlte Arbeit ganz am Ende bei 40 verschiedenen Aktivit\u00e4ten. Nur krank im Bett liegen war noch unbeliebter.&#8220;<\/p>\n<p><strong>Hier finden sich gl\u00fcckliche Arbeiter<\/strong><\/p>\n<p>Die Forscher haben eine Rangliste mit 160 L\u00e4ndern zur Arbeitszufriedenheit erstellt. An erster Stelle ist hier \u00d6sterreich mit 95,1 Prozent gl\u00fccklichen Arbeitern. Danach folgen Norwegen (94,6 Prozent), Island (94,5 Prozent), die Niederlande (93,8 Prozent) und an f\u00fcnfter Stelle die Schweiz (93,7 Prozent). Deutschland kommt erst an 16. Stelle (90,4 Prozent), Frankreich auf Rang 35 (86 Prozent) und Italien auf Rang 40 (85,5 Prozent). An letzter Stelle liegt Lesotho mit lediglich 44,4 Prozent zufriedenen Arbeitern.<\/p>\n<p><em>Ausf\u00fchrliche Informationen \u00fcber Karriere und Gl\u00fcck gibt es in der erw\u00e4hnten<a href=\"http:\/\/cep.lse.ac.uk\/pubs\/download\/dp1474.pdf\"> Studie<\/a>, oder auch in dem weiterf\u00fchrenden Interview auf dieser <a href=\"http:\/\/www.karriere.de\/karriere\/glueck-ist-kein-zufall-166145\">Seite<\/a>.<\/em><\/p>\n<p>&nbsp;<\/p>\n<p>&nbsp;<\/p>\n","protected":false},"excerpt":{"rendered":"<p>Die Forscher der &#8222;London School of Economics and Political Science&#8220; haben Menschen in 150 L\u00e4ndern f\u00fcr eine Studie zu&#8220; ihrem Gl\u00fcck&#8220; befragt. So betont beispielsweise die Studie, dass Arbeitslose auch noch lange nach der Erwerbslosigkeit ungl\u00fccklich bleiben w\u00fcrden, obgleich sie eine neue Stelle gefunden h\u00e4tten. Kompensierende Lohn-Differenz Die Forscher konnten die sogenannte &#8222;kompensierende Lohn-Differenz&#8220; nicht [&hellip;]<\/p>\n","protected":false},"author":5,"featured_media":1872,"comment_status":"open","ping_status":"open","sticky":false,"template":"","format":"standard","meta":{"_acf_changed":false,"_yoast_wpseo_focuskw":"Gl\u00fcck","_yoast_wpseo_metadesc":"Arbeit und Gl\u00fcck stehen im Fokus der Forscher der \"London School of Economics and Political Science\". Sie haben nun eine umfassende Studie publiziert.","articlekey":"","footnotes":""},"categories":[1],"tags":[45,294],"class_list":["post-1871","post","type-post","status-publish","format-standard","has-post-thumbnail","hentry","category-allgemein","tag-arbeitsforschung","tag-karriere"],"acf":[],"yoast_head":"<!-- This site is optimized with the Yoast SEO plugin v27.4 - https:\/\/yoast.com\/product\/yoast-seo-wordpress\/ -->\n<title>Forscher suchen den Job f\u00fcr Gl\u00fcckliche - Organisator<\/title>\n<meta name=\"description\" content=\"Arbeit und Gl\u00fcck stehen im Fokus der Forscher der &quot;London School of Economics and Political Science&quot;. Sie haben nun eine umfassende Studie publiziert.\" \/>\n<meta name=\"robots\" content=\"index, follow, max-snippet:-1, max-image-preview:large, max-video-preview:-1\" \/>\n<link rel=\"canonical\" href=\"https:\/\/www.organisator.ch\/de\/allgemein\/2017-05-04\/1871-2\/\" \/>\n<meta property=\"og:locale\" content=\"de_DE\" \/>\n<meta property=\"og:type\" content=\"article\" \/>\n<meta property=\"og:title\" content=\"Forscher suchen den Job f\u00fcr Gl\u00fcckliche - Organisator\" \/>\n<meta property=\"og:description\" content=\"Arbeit und Gl\u00fcck stehen im Fokus der Forscher der &quot;London School of Economics and Political Science&quot;. Sie haben nun eine umfassende Studie publiziert.\" \/>\n<meta property=\"og:url\" content=\"https:\/\/www.organisator.ch\/de\/allgemein\/2017-05-04\/1871-2\/\" \/>\n<meta property=\"og:site_name\" content=\"Organisator\" \/>\n<meta property=\"article:publisher\" content=\"https:\/\/www.facebook.com\/OrganisatorFachmagazin\" \/>\n<meta property=\"article:published_time\" content=\"2017-05-04T15:39:24+00:00\" \/>\n<meta property=\"og:image\" content=\"https:\/\/www.organisator.ch\/wp-content\/uploads\/2017\/05\/Forscher-suchen-den-Job-fuer-Glueckliche-org-organisator.jpg\" \/>\n\t<meta property=\"og:image:width\" content=\"1000\" \/>\n\t<meta property=\"og:image:height\" content=\"750\" \/>\n\t<meta property=\"og:image:type\" content=\"image\/jpeg\" \/>\n<meta name=\"author\" content=\"michael.merz\" \/>\n<meta name=\"twitter:card\" content=\"summary_large_image\" \/>\n<script type=\"application\/ld+json\" class=\"yoast-schema-graph\">{\"@context\":\"https:\\\/\\\/schema.org\",\"@graph\":[{\"@type\":\"Article\",\"@id\":\"https:\\\/\\\/www.organisator.ch\\\/de\\\/allgemein\\\/2017-05-04\\\/1871-2\\\/#article\",\"isPartOf\":{\"@id\":\"https:\\\/\\\/www.organisator.ch\\\/de\\\/allgemein\\\/2017-05-04\\\/1871-2\\\/\"},\"author\":{\"name\":\"michael.merz\",\"@id\":\"https:\\\/\\\/www.organisator.ch\\\/#\\\/schema\\\/person\\\/134708ca9321c57b0362cceb7948ffbd\"},\"headline\":\"Forscher suchen den Job f\u00fcr Gl\u00fcckliche\",\"datePublished\":\"2017-05-04T15:39:24+00:00\",\"mainEntityOfPage\":{\"@id\":\"https:\\\/\\\/www.organisator.ch\\\/de\\\/allgemein\\\/2017-05-04\\\/1871-2\\\/\"},\"wordCount\":677,\"commentCount\":0,\"publisher\":{\"@id\":\"https:\\\/\\\/www.organisator.ch\\\/#organization\"},\"image\":{\"@id\":\"https:\\\/\\\/www.organisator.ch\\\/de\\\/allgemein\\\/2017-05-04\\\/1871-2\\\/#primaryimage\"},\"thumbnailUrl\":\"https:\\\/\\\/www.organisator.ch\\\/wp-content\\\/uploads\\\/2017\\\/05\\\/Forscher-suchen-den-Job-fuer-Glueckliche-org-organisator.jpg\",\"keywords\":[\"Arbeitsforschung\",\"Karriere\"],\"inLanguage\":\"de\"},{\"@type\":\"WebPage\",\"@id\":\"https:\\\/\\\/www.organisator.ch\\\/de\\\/allgemein\\\/2017-05-04\\\/1871-2\\\/\",\"url\":\"https:\\\/\\\/www.organisator.ch\\\/de\\\/allgemein\\\/2017-05-04\\\/1871-2\\\/\",\"name\":\"Forscher suchen den Job f\u00fcr Gl\u00fcckliche - Organisator\",\"isPartOf\":{\"@id\":\"https:\\\/\\\/www.organisator.ch\\\/#website\"},\"primaryImageOfPage\":{\"@id\":\"https:\\\/\\\/www.organisator.ch\\\/de\\\/allgemein\\\/2017-05-04\\\/1871-2\\\/#primaryimage\"},\"image\":{\"@id\":\"https:\\\/\\\/www.organisator.ch\\\/de\\\/allgemein\\\/2017-05-04\\\/1871-2\\\/#primaryimage\"},\"thumbnailUrl\":\"https:\\\/\\\/www.organisator.ch\\\/wp-content\\\/uploads\\\/2017\\\/05\\\/Forscher-suchen-den-Job-fuer-Glueckliche-org-organisator.jpg\",\"datePublished\":\"2017-05-04T15:39:24+00:00\",\"description\":\"Arbeit und Gl\u00fcck stehen im Fokus der Forscher der \\\"London School of Economics and Political Science\\\". Sie haben nun eine umfassende Studie publiziert.\",\"breadcrumb\":{\"@id\":\"https:\\\/\\\/www.organisator.ch\\\/de\\\/allgemein\\\/2017-05-04\\\/1871-2\\\/#breadcrumb\"},\"inLanguage\":\"de\",\"potentialAction\":[{\"@type\":\"ReadAction\",\"target\":[\"https:\\\/\\\/www.organisator.ch\\\/de\\\/allgemein\\\/2017-05-04\\\/1871-2\\\/\"]}]},{\"@type\":\"ImageObject\",\"inLanguage\":\"de\",\"@id\":\"https:\\\/\\\/www.organisator.ch\\\/de\\\/allgemein\\\/2017-05-04\\\/1871-2\\\/#primaryimage\",\"url\":\"https:\\\/\\\/www.organisator.ch\\\/wp-content\\\/uploads\\\/2017\\\/05\\\/Forscher-suchen-den-Job-fuer-Glueckliche-org-organisator.jpg\",\"contentUrl\":\"https:\\\/\\\/www.organisator.ch\\\/wp-content\\\/uploads\\\/2017\\\/05\\\/Forscher-suchen-den-Job-fuer-Glueckliche-org-organisator.jpg\",\"width\":1000,\"height\":750,\"caption\":\"In einer Zeit, in der Roboter Berufe ersetzen, wird das soziale Gl\u00fcck wieder gross geschrieben. (Bild: depositphotos)\"},{\"@type\":\"BreadcrumbList\",\"@id\":\"https:\\\/\\\/www.organisator.ch\\\/de\\\/allgemein\\\/2017-05-04\\\/1871-2\\\/#breadcrumb\",\"itemListElement\":[{\"@type\":\"ListItem\",\"position\":1,\"name\":\"Home\",\"item\":\"https:\\\/\\\/www.organisator.ch\\\/\"},{\"@type\":\"ListItem\",\"position\":2,\"name\":\"Forscher suchen den Job f\u00fcr Gl\u00fcckliche\"}]},{\"@type\":\"WebSite\",\"@id\":\"https:\\\/\\\/www.organisator.ch\\\/#website\",\"url\":\"https:\\\/\\\/www.organisator.ch\\\/\",\"name\":\"Organisator\",\"description\":\"Kompetent. Praxisnah. Der ORGANISATOR bereitet in 10 Ausgaben pro Jahr die wesentlichen Themen f\u00fcr F\u00fchrungskr\u00e4fte von KMU auf.\",\"publisher\":{\"@id\":\"https:\\\/\\\/www.organisator.ch\\\/#organization\"},\"potentialAction\":[{\"@type\":\"SearchAction\",\"target\":{\"@type\":\"EntryPoint\",\"urlTemplate\":\"https:\\\/\\\/www.organisator.ch\\\/?s={search_term_string}\"},\"query-input\":{\"@type\":\"PropertyValueSpecification\",\"valueRequired\":true,\"valueName\":\"search_term_string\"}}],\"inLanguage\":\"de\"},{\"@type\":\"Organization\",\"@id\":\"https:\\\/\\\/www.organisator.ch\\\/#organization\",\"name\":\"Organisator\",\"url\":\"https:\\\/\\\/www.organisator.ch\\\/\",\"logo\":{\"@type\":\"ImageObject\",\"inLanguage\":\"de\",\"@id\":\"https:\\\/\\\/www.organisator.ch\\\/#\\\/schema\\\/logo\\\/image\\\/\",\"url\":\"https:\\\/\\\/www.organisator.ch\\\/wp-content\\\/uploads\\\/2022\\\/01\\\/Logo_Organisator_Website.png\",\"contentUrl\":\"https:\\\/\\\/www.organisator.ch\\\/wp-content\\\/uploads\\\/2022\\\/01\\\/Logo_Organisator_Website.png\",\"width\":800,\"height\":77,\"caption\":\"Organisator\"},\"image\":{\"@id\":\"https:\\\/\\\/www.organisator.ch\\\/#\\\/schema\\\/logo\\\/image\\\/\"},\"sameAs\":[\"https:\\\/\\\/www.facebook.com\\\/OrganisatorFachmagazin\",\"https:\\\/\\\/www.linkedin.com\\\/showcase\\\/organisator-das-magazin-fr-kmu\",\"https:\\\/\\\/www.xing.com\\\/news\\\/pages\\\/organisator-ch-695\",\"https:\\\/\\\/www.youtube.com\\\/channel\\\/UCGP2Sq0iWaZwT3BdIAQFYpw\"]},{\"@type\":\"Person\",\"@id\":\"https:\\\/\\\/www.organisator.ch\\\/#\\\/schema\\\/person\\\/134708ca9321c57b0362cceb7948ffbd\",\"name\":\"michael.merz\",\"image\":{\"@type\":\"ImageObject\",\"inLanguage\":\"de\",\"@id\":\"https:\\\/\\\/secure.gravatar.com\\\/avatar\\\/?s=96&d=mm&r=g\",\"url\":\"https:\\\/\\\/secure.gravatar.com\\\/avatar\\\/?s=96&d=mm&r=g\",\"contentUrl\":\"https:\\\/\\\/secure.gravatar.com\\\/avatar\\\/?s=96&d=mm&r=g\",\"caption\":\"michael.merz\"},\"url\":\"https:\\\/\\\/www.organisator.ch\\\/de\\\/author\\\/michael-merz\\\/\"}]}<\/script>\n<!-- \/ Yoast SEO plugin. -->","yoast_head_json":{"title":"Forscher suchen den Job f\u00fcr Gl\u00fcckliche - Organisator","description":"Arbeit und Gl\u00fcck stehen im Fokus der Forscher der \"London School of Economics and Political Science\". Sie haben nun eine umfassende Studie publiziert.","robots":{"index":"index","follow":"follow","max-snippet":"max-snippet:-1","max-image-preview":"max-image-preview:large","max-video-preview":"max-video-preview:-1"},"canonical":"https:\/\/www.organisator.ch\/de\/allgemein\/2017-05-04\/1871-2\/","og_locale":"de_DE","og_type":"article","og_title":"Forscher suchen den Job f\u00fcr Gl\u00fcckliche - Organisator","og_description":"Arbeit und Gl\u00fcck stehen im Fokus der Forscher der \"London School of Economics and Political Science\". Sie haben nun eine umfassende Studie publiziert.","og_url":"https:\/\/www.organisator.ch\/de\/allgemein\/2017-05-04\/1871-2\/","og_site_name":"Organisator","article_publisher":"https:\/\/www.facebook.com\/OrganisatorFachmagazin","article_published_time":"2017-05-04T15:39:24+00:00","og_image":[{"width":1000,"height":750,"url":"https:\/\/www.organisator.ch\/wp-content\/uploads\/2017\/05\/Forscher-suchen-den-Job-fuer-Glueckliche-org-organisator.jpg","type":"image\/jpeg"}],"author":"michael.merz","twitter_card":"summary_large_image","schema":{"@context":"https:\/\/schema.org","@graph":[{"@type":"Article","@id":"https:\/\/www.organisator.ch\/de\/allgemein\/2017-05-04\/1871-2\/#article","isPartOf":{"@id":"https:\/\/www.organisator.ch\/de\/allgemein\/2017-05-04\/1871-2\/"},"author":{"name":"michael.merz","@id":"https:\/\/www.organisator.ch\/#\/schema\/person\/134708ca9321c57b0362cceb7948ffbd"},"headline":"Forscher suchen den Job f\u00fcr Gl\u00fcckliche","datePublished":"2017-05-04T15:39:24+00:00","mainEntityOfPage":{"@id":"https:\/\/www.organisator.ch\/de\/allgemein\/2017-05-04\/1871-2\/"},"wordCount":677,"commentCount":0,"publisher":{"@id":"https:\/\/www.organisator.ch\/#organization"},"image":{"@id":"https:\/\/www.organisator.ch\/de\/allgemein\/2017-05-04\/1871-2\/#primaryimage"},"thumbnailUrl":"https:\/\/www.organisator.ch\/wp-content\/uploads\/2017\/05\/Forscher-suchen-den-Job-fuer-Glueckliche-org-organisator.jpg","keywords":["Arbeitsforschung","Karriere"],"inLanguage":"de"},{"@type":"WebPage","@id":"https:\/\/www.organisator.ch\/de\/allgemein\/2017-05-04\/1871-2\/","url":"https:\/\/www.organisator.ch\/de\/allgemein\/2017-05-04\/1871-2\/","name":"Forscher suchen den Job f\u00fcr Gl\u00fcckliche - Organisator","isPartOf":{"@id":"https:\/\/www.organisator.ch\/#website"},"primaryImageOfPage":{"@id":"https:\/\/www.organisator.ch\/de\/allgemein\/2017-05-04\/1871-2\/#primaryimage"},"image":{"@id":"https:\/\/www.organisator.ch\/de\/allgemein\/2017-05-04\/1871-2\/#primaryimage"},"thumbnailUrl":"https:\/\/www.organisator.ch\/wp-content\/uploads\/2017\/05\/Forscher-suchen-den-Job-fuer-Glueckliche-org-organisator.jpg","datePublished":"2017-05-04T15:39:24+00:00","description":"Arbeit und Gl\u00fcck stehen im Fokus der Forscher der \"London School of Economics and Political Science\". Sie haben nun eine umfassende Studie publiziert.","breadcrumb":{"@id":"https:\/\/www.organisator.ch\/de\/allgemein\/2017-05-04\/1871-2\/#breadcrumb"},"inLanguage":"de","potentialAction":[{"@type":"ReadAction","target":["https:\/\/www.organisator.ch\/de\/allgemein\/2017-05-04\/1871-2\/"]}]},{"@type":"ImageObject","inLanguage":"de","@id":"https:\/\/www.organisator.ch\/de\/allgemein\/2017-05-04\/1871-2\/#primaryimage","url":"https:\/\/www.organisator.ch\/wp-content\/uploads\/2017\/05\/Forscher-suchen-den-Job-fuer-Glueckliche-org-organisator.jpg","contentUrl":"https:\/\/www.organisator.ch\/wp-content\/uploads\/2017\/05\/Forscher-suchen-den-Job-fuer-Glueckliche-org-organisator.jpg","width":1000,"height":750,"caption":"In einer Zeit, in der Roboter Berufe ersetzen, wird das soziale Gl\u00fcck wieder gross geschrieben. (Bild: depositphotos)"},{"@type":"BreadcrumbList","@id":"https:\/\/www.organisator.ch\/de\/allgemein\/2017-05-04\/1871-2\/#breadcrumb","itemListElement":[{"@type":"ListItem","position":1,"name":"Home","item":"https:\/\/www.organisator.ch\/"},{"@type":"ListItem","position":2,"name":"Forscher suchen den Job f\u00fcr Gl\u00fcckliche"}]},{"@type":"WebSite","@id":"https:\/\/www.organisator.ch\/#website","url":"https:\/\/www.organisator.ch\/","name":"Organisator","description":"Kompetent. Praxisnah. Der ORGANISATOR bereitet in 10 Ausgaben pro Jahr die wesentlichen Themen f\u00fcr F\u00fchrungskr\u00e4fte von KMU auf.","publisher":{"@id":"https:\/\/www.organisator.ch\/#organization"},"potentialAction":[{"@type":"SearchAction","target":{"@type":"EntryPoint","urlTemplate":"https:\/\/www.organisator.ch\/?s={search_term_string}"},"query-input":{"@type":"PropertyValueSpecification","valueRequired":true,"valueName":"search_term_string"}}],"inLanguage":"de"},{"@type":"Organization","@id":"https:\/\/www.organisator.ch\/#organization","name":"Organisator","url":"https:\/\/www.organisator.ch\/","logo":{"@type":"ImageObject","inLanguage":"de","@id":"https:\/\/www.organisator.ch\/#\/schema\/logo\/image\/","url":"https:\/\/www.organisator.ch\/wp-content\/uploads\/2022\/01\/Logo_Organisator_Website.png","contentUrl":"https:\/\/www.organisator.ch\/wp-content\/uploads\/2022\/01\/Logo_Organisator_Website.png","width":800,"height":77,"caption":"Organisator"},"image":{"@id":"https:\/\/www.organisator.ch\/#\/schema\/logo\/image\/"},"sameAs":["https:\/\/www.facebook.com\/OrganisatorFachmagazin","https:\/\/www.linkedin.com\/showcase\/organisator-das-magazin-fr-kmu","https:\/\/www.xing.com\/news\/pages\/organisator-ch-695","https:\/\/www.youtube.com\/channel\/UCGP2Sq0iWaZwT3BdIAQFYpw"]},{"@type":"Person","@id":"https:\/\/www.organisator.ch\/#\/schema\/person\/134708ca9321c57b0362cceb7948ffbd","name":"michael.merz","image":{"@type":"ImageObject","inLanguage":"de","@id":"https:\/\/secure.gravatar.com\/avatar\/?s=96&d=mm&r=g","url":"https:\/\/secure.gravatar.com\/avatar\/?s=96&d=mm&r=g","contentUrl":"https:\/\/secure.gravatar.com\/avatar\/?s=96&d=mm&r=g","caption":"michael.merz"},"url":"https:\/\/www.organisator.ch\/de\/author\/michael-merz\/"}]}},"_links":{"self":[{"href":"https:\/\/www.organisator.ch\/de\/wp-json\/wp\/v2\/posts\/1871","targetHints":{"allow":["GET"]}}],"collection":[{"href":"https:\/\/www.organisator.ch\/de\/wp-json\/wp\/v2\/posts"}],"about":[{"href":"https:\/\/www.organisator.ch\/de\/wp-json\/wp\/v2\/types\/post"}],"author":[{"embeddable":true,"href":"https:\/\/www.organisator.ch\/de\/wp-json\/wp\/v2\/users\/5"}],"replies":[{"embeddable":true,"href":"https:\/\/www.organisator.ch\/de\/wp-json\/wp\/v2\/comments?post=1871"}],"version-history":[{"count":0,"href":"https:\/\/www.organisator.ch\/de\/wp-json\/wp\/v2\/posts\/1871\/revisions"}],"wp:featuredmedia":[{"embeddable":true,"href":"https:\/\/www.organisator.ch\/de\/wp-json\/wp\/v2\/media\/1872"}],"wp:attachment":[{"href":"https:\/\/www.organisator.ch\/de\/wp-json\/wp\/v2\/media?parent=1871"}],"wp:term":[{"taxonomy":"category","embeddable":true,"href":"https:\/\/www.organisator.ch\/de\/wp-json\/wp\/v2\/categories?post=1871"},{"taxonomy":"post_tag","embeddable":true,"href":"https:\/\/www.organisator.ch\/de\/wp-json\/wp\/v2\/tags?post=1871"}],"curies":[{"name":"wp","href":"https:\/\/api.w.org\/{rel}","templated":true}]}}