{"id":1875,"date":"2017-05-05T09:29:57","date_gmt":"2017-05-05T07:29:57","guid":{"rendered":"https:\/\/www.organisator.ch\/?p=1875"},"modified":"2017-05-05T09:29:57","modified_gmt":"2017-05-05T07:29:57","slug":"handgepaeck-fuer-fuehrungskraefte","status":"publish","type":"post","link":"https:\/\/www.organisator.ch\/de\/management\/2017-05-05\/handgepaeck-fuer-fuehrungskraefte\/","title":{"rendered":"Handgep\u00e4ck f\u00fcr F\u00fchrungskr\u00e4fte"},"content":{"rendered":"<figure id=\"attachment_1877\" aria-describedby=\"caption-attachment-1877\" style=\"width: 640px\" class=\"wp-caption alignnone\"><img loading=\"lazy\" decoding=\"async\" class=\"size-full wp-image-1877\" src=\"https:\/\/www.organisator.ch\/wp-content\/uploads\/2017\/05\/Buchtipp-Handgepaeck-fuer-Fuehrungskraefte_Organisator.jpg\" alt=\"\" width=\"640\" height=\"445\" srcset=\"https:\/\/www.organisator.ch\/wp-content\/uploads\/2017\/05\/Buchtipp-Handgepaeck-fuer-Fuehrungskraefte_Organisator.jpg 640w, https:\/\/www.organisator.ch\/wp-content\/uploads\/2017\/05\/Buchtipp-Handgepaeck-fuer-Fuehrungskraefte_Organisator-16x12.jpg 16w, https:\/\/www.organisator.ch\/wp-content\/uploads\/2017\/05\/Buchtipp-Handgepaeck-fuer-Fuehrungskraefte_Organisator-252x175.jpg 252w, https:\/\/www.organisator.ch\/wp-content\/uploads\/2017\/05\/Buchtipp-Handgepaeck-fuer-Fuehrungskraefte_Organisator-503x350.jpg 503w, https:\/\/www.organisator.ch\/wp-content\/uploads\/2017\/05\/Buchtipp-Handgepaeck-fuer-Fuehrungskraefte_Organisator-300x209.jpg 300w\" sizes=\"auto, (max-width: 640px) 100vw, 640px\" \/><figcaption id=\"caption-attachment-1877\" class=\"wp-caption-text\">Handgep\u00e4ck f\u00fcr F\u00fchrungskr\u00e4fte. Band 1: Kommunizieren &amp; Konflikte l\u00f6sen. Von Hans Bleuer und Peter Stadler. KLV Verlag, ISBN 978-3-85612-443-4, 144 Seiten.<\/figcaption><\/figure>\n<p>Es ist etwas unkonventionell, das Buch &#8222;Handgep\u00e4ck f\u00fcr F\u00fchrungskr\u00e4fte. Kommunizieren &amp; Konflikte l\u00f6sen&#8220;, verfasst von Hans Bleuer und Peter Stadler: Es ist ein &#8222;Buch f\u00fcr Querleser&#8220; im w\u00f6rtlichen Sinn. Denn es liegt im Format A4 quer vor. Jede Doppelseite besteht aus knappen, aber klar strukturierten Texten und jeweils\u00a0einer Grafik, welche die Kernaussagen eines Kapitels\u00a0visualisiert. Auf diese Weise l\u00e4sst sich das Buch konsequent als Arbeitsbuch oder Nachschlagewerk nutzen. Die Autoren haben sich zu dieser Darstellung entschlossen, weil gem\u00e4ss ihrer Erfahrung auf diese Weise rasches Lernen und nachhaltiges Behalten von Wissen m\u00f6glich sei. &#8222;Zwei Voraussetzungen, um das Gelernte im Alltag sofort nutzen zu k\u00f6nnen&#8220;, schreiben sie im Geleitwort.<\/p>\n<p>Da F\u00fchrung ohne Kommunikation nicht m\u00f6glich ist, bildet denn auch gerade dieser Band den ersten Teil der Buchserie &#8222;Handgep\u00e4ck f\u00fcr F\u00fchrungskr\u00e4fte&#8220;. Die weiteren B\u00e4nde behandeln die Themen &#8222;Mitarbeiter &amp; Teams f\u00fchren&#8220;, &#8222;Abteilungen &amp; Teams leiten&#8220;, &#8222;Personal beschaffen &amp; entwickeln&#8220; und &#8222;Sich selbst f\u00fchren &amp; entwickeln&#8220;. Die B\u00fccher stellen in erster Linie\u00a0die Rolle von\u00a0Abteilungs- und Teamleitern ins Zentrum\u00a0und pflegen bewusst eine traditionelle und funktionsorientierte Sichtweise des Betriebsalltags. Es werden also keine &#8222;Rocket Science&#8220; und neue Theorien vermittelt, sondern bekanntes Wissen in den unternehmerischen Kontext gestellt.<\/p>\n<p>Im praktischen Nutzwert liegt denn auch gewiss die St\u00e4rke dieses Bandes. Der Themenbereich &#8222;Kommunizieren &amp; Konflikte l\u00f6sen&#8220; wird in vier Teilen behandelt: &#8222;Kommunikation verstehen &amp; verbessern&#8220;, &#8222;Gespr\u00e4che f\u00fchren &amp; strukturieren&#8220;, &#8222;f\u00fcr &amp; mit Gruppen kommunizieren&#8220; und &#8222;Konflikte erkennen &amp; bew\u00e4ltigen&#8220;. Innerhalb dieser Teile wird je ein Unterthema auf einer Doppelseite &#8211; wie oben erw\u00e4hnt &#8211; dargelegt. Die Visualisierungen sind dabei schlank gehalten, und der &#8222;handschriftliche&#8220; Charakter hebt sich angenehm von \u00fcblichen PowerPoint-Folienbatterien ab. Die Leser k\u00f6nnen sich anhand der Kapitel leicht orientieren und finden rasch zu den gew\u00fcnschten Informationen. Das Bl\u00e4ttern im Querformat ist anfangs vielleicht etwas gew\u00f6hnungsbed\u00fcrftig, doch das legt sich mit der regelm\u00e4ssigen Nutzung des Buchs.<\/p>\n<p>Als Lekt\u00fcre empfiehlt sich &#8222;Handgep\u00e4ck f\u00fcr F\u00fchrungskr\u00e4fte&#8220;\u00a0f\u00fcr alle, die z.B.\u00a0in der Pr\u00fcfungsvorbereitung im\u00a0Rahmen einer Weiterbildung stecken oder demn\u00e4chst mit einer F\u00fchrungsaufgabe betraut werden. Aber auch &#8222;gestandene F\u00fchrungskr\u00e4fte&#8220; finden darin n\u00fctzliches Wissen, um es bedarfsgerecht wieder in Erinnerung zu rufen.<\/p>\n<p><em>Handgep\u00e4ck f\u00fcr F\u00fchrungskr\u00e4fte. Band 1:\u00a0Kommunizieren &amp; Konflikte l\u00f6sen. <\/em><br \/>\n<em>Von Hans Bleuer und Peter Stadler <\/em><br \/>\n<em>KLV Verlag, ISBN 978-3-85612-443-4, 144 Seiten.<\/em><br \/>\n<em> <a href=\"http:\/\/www.klv.ch\">www.klv.ch<\/a><\/em><\/p>\n","protected":false},"excerpt":{"rendered":"<p>Es ist etwas unkonventionell, das Buch &#8222;Handgep\u00e4ck f\u00fcr F\u00fchrungskr\u00e4fte. Kommunizieren &amp; Konflikte l\u00f6sen&#8220;, verfasst von Hans Bleuer und Peter Stadler: Es ist ein &#8222;Buch f\u00fcr Querleser&#8220; im w\u00f6rtlichen Sinn. Denn es liegt im Format A4 quer vor. Jede Doppelseite besteht aus knappen, aber klar strukturierten Texten und jeweils\u00a0einer Grafik, welche die Kernaussagen eines Kapitels\u00a0visualisiert. Auf [&hellip;]<\/p>\n","protected":false},"author":4,"featured_media":1877,"comment_status":"open","ping_status":"open","sticky":false,"template":"","format":"standard","meta":{"_acf_changed":false,"_yoast_wpseo_focuskw":"Handgep\u00e4ck f\u00fcr F\u00fchrungskr\u00e4fte","_yoast_wpseo_metadesc":"Ein etwas anderes Buch richtet sich an F\u00fchrungspersonen und alle, die es werden wollen. Es bildet Band 1 der Serie \"Handgep\u00e4ck f\u00fcr F\u00fchrungskr\u00e4fte\".","articlekey":"","footnotes":""},"categories":[28],"tags":[92,95,294,335],"class_list":["post-1875","post","type-post","status-publish","format-standard","has-post-thumbnail","hentry","category-management","tag-buch","tag-buchtipps","tag-karriere","tag-management-und-unternehmensfuehrung"],"acf":[],"yoast_head":"<!-- This site is optimized with the Yoast SEO plugin v27.5 - https:\/\/yoast.com\/product\/yoast-seo-wordpress\/ -->\n<title>Handgep\u00e4ck f\u00fcr F\u00fchrungskr\u00e4fte - Organisator<\/title>\n<meta name=\"description\" content=\"Ein etwas anderes Buch richtet sich an F\u00fchrungspersonen und alle, die es werden wollen. Es bildet Band 1 der Serie &quot;Handgep\u00e4ck f\u00fcr F\u00fchrungskr\u00e4fte&quot;.\" \/>\n<meta name=\"robots\" content=\"index, follow, max-snippet:-1, max-image-preview:large, max-video-preview:-1\" \/>\n<link rel=\"canonical\" href=\"https:\/\/www.organisator.ch\/de\/management\/2017-05-05\/handgepaeck-fuer-fuehrungskraefte\/\" \/>\n<meta property=\"og:locale\" content=\"de_DE\" \/>\n<meta property=\"og:type\" content=\"article\" \/>\n<meta property=\"og:title\" content=\"Buchtipp: Handgep\u00e4ck f\u00fcr F\u00fchrungskr\u00e4fte\" \/>\n<meta property=\"og:description\" content=\"Ein etwas anderes Buch richtet sich an #F\u00fchrungspersonen und alle, die es werden wollen. Zum Thema &quot;Kommunizieren &amp; Konflikte l\u00f6sen&quot; bildet es den ersten Band einer f\u00fcnfteiligen Serie mit dem Titel &quot;Handgep\u00e4ck f\u00fcr F\u00fchrungskr\u00e4fte&quot;.\" \/>\n<meta property=\"og:url\" content=\"https:\/\/www.organisator.ch\/de\/management\/2017-05-05\/handgepaeck-fuer-fuehrungskraefte\/\" \/>\n<meta property=\"og:site_name\" content=\"Organisator\" \/>\n<meta property=\"article:publisher\" content=\"https:\/\/www.facebook.com\/OrganisatorFachmagazin\" \/>\n<meta property=\"article:published_time\" content=\"2017-05-05T07:29:57+00:00\" \/>\n<meta property=\"og:image\" content=\"https:\/\/www.organisator.ch\/wp-content\/uploads\/2017\/05\/Buchtipp-Handgepaeck-fuer-Fuehrungskraefte_Organisator.jpg\" \/>\n\t<meta property=\"og:image:width\" content=\"640\" \/>\n\t<meta property=\"og:image:height\" content=\"445\" \/>\n\t<meta property=\"og:image:type\" content=\"image\/jpeg\" \/>\n<meta name=\"author\" content=\"thomas.berner\" \/>\n<meta name=\"twitter:card\" content=\"summary_large_image\" \/>\n<meta name=\"twitter:title\" content=\"#Buchtipp: #Handgep\u00e4ck-f\u00fcr-F\u00fchrungskr\u00e4fte\" \/>\n<meta name=\"twitter:description\" content=\"Ein etwas anderes Buch richtet sich an #F\u00fchrungspersonen und alle, die es werden wollen. Zum Thema &quot;Kommunizieren &amp; Konflikte l\u00f6sen&quot; bildet es den ersten Band einer f\u00fcnfteiligen Serie mit dem Titel &quot;#Handgep\u00e4ck-f\u00fcr-F\u00fchrungskr\u00e4fte&quot;.\" \/>\n<meta name=\"twitter:image\" content=\"https:\/\/www.organisator.ch\/wp-content\/uploads\/2017\/05\/Buchtipp-Handgep\u00e4ck-f\u00fcr-F\u00fchrungskr\u00e4fte_Organisator.jpg\" \/>\n<script type=\"application\/ld+json\" class=\"yoast-schema-graph\">{\"@context\":\"https:\\\/\\\/schema.org\",\"@graph\":[{\"@type\":\"Article\",\"@id\":\"https:\\\/\\\/www.organisator.ch\\\/management\\\/2017-05-05\\\/handgepaeck-fuer-fuehrungskraefte\\\/#article\",\"isPartOf\":{\"@id\":\"https:\\\/\\\/www.organisator.ch\\\/management\\\/2017-05-05\\\/handgepaeck-fuer-fuehrungskraefte\\\/\"},\"author\":{\"name\":\"thomas.berner\",\"@id\":\"https:\\\/\\\/www.organisator.ch\\\/#\\\/schema\\\/person\\\/6f650f90b2842cd4c0cc334b4e36f67e\"},\"headline\":\"Handgep\u00e4ck f\u00fcr F\u00fchrungskr\u00e4fte\",\"datePublished\":\"2017-05-05T07:29:57+00:00\",\"mainEntityOfPage\":{\"@id\":\"https:\\\/\\\/www.organisator.ch\\\/management\\\/2017-05-05\\\/handgepaeck-fuer-fuehrungskraefte\\\/\"},\"wordCount\":463,\"commentCount\":0,\"publisher\":{\"@id\":\"https:\\\/\\\/www.organisator.ch\\\/#organization\"},\"image\":{\"@id\":\"https:\\\/\\\/www.organisator.ch\\\/management\\\/2017-05-05\\\/handgepaeck-fuer-fuehrungskraefte\\\/#primaryimage\"},\"thumbnailUrl\":\"https:\\\/\\\/www.organisator.ch\\\/wp-content\\\/uploads\\\/2017\\\/05\\\/Buchtipp-Handgepaeck-fuer-Fuehrungskraefte_Organisator.jpg\",\"keywords\":[\"Buch\",\"Buchtipps\",\"Karriere\",\"Management und Unternehmensf\u00fchrung\"],\"articleSection\":[\"MANAGEMENT\"],\"inLanguage\":\"de\"},{\"@type\":\"WebPage\",\"@id\":\"https:\\\/\\\/www.organisator.ch\\\/management\\\/2017-05-05\\\/handgepaeck-fuer-fuehrungskraefte\\\/\",\"url\":\"https:\\\/\\\/www.organisator.ch\\\/management\\\/2017-05-05\\\/handgepaeck-fuer-fuehrungskraefte\\\/\",\"name\":\"Handgep\u00e4ck f\u00fcr F\u00fchrungskr\u00e4fte - Organisator\",\"isPartOf\":{\"@id\":\"https:\\\/\\\/www.organisator.ch\\\/#website\"},\"primaryImageOfPage\":{\"@id\":\"https:\\\/\\\/www.organisator.ch\\\/management\\\/2017-05-05\\\/handgepaeck-fuer-fuehrungskraefte\\\/#primaryimage\"},\"image\":{\"@id\":\"https:\\\/\\\/www.organisator.ch\\\/management\\\/2017-05-05\\\/handgepaeck-fuer-fuehrungskraefte\\\/#primaryimage\"},\"thumbnailUrl\":\"https:\\\/\\\/www.organisator.ch\\\/wp-content\\\/uploads\\\/2017\\\/05\\\/Buchtipp-Handgepaeck-fuer-Fuehrungskraefte_Organisator.jpg\",\"datePublished\":\"2017-05-05T07:29:57+00:00\",\"description\":\"Ein etwas anderes Buch richtet sich an F\u00fchrungspersonen und alle, die es werden wollen. Es bildet Band 1 der Serie \\\"Handgep\u00e4ck f\u00fcr F\u00fchrungskr\u00e4fte\\\".\",\"breadcrumb\":{\"@id\":\"https:\\\/\\\/www.organisator.ch\\\/management\\\/2017-05-05\\\/handgepaeck-fuer-fuehrungskraefte\\\/#breadcrumb\"},\"inLanguage\":\"de\",\"potentialAction\":[{\"@type\":\"ReadAction\",\"target\":[\"https:\\\/\\\/www.organisator.ch\\\/management\\\/2017-05-05\\\/handgepaeck-fuer-fuehrungskraefte\\\/\"]}]},{\"@type\":\"ImageObject\",\"inLanguage\":\"de\",\"@id\":\"https:\\\/\\\/www.organisator.ch\\\/management\\\/2017-05-05\\\/handgepaeck-fuer-fuehrungskraefte\\\/#primaryimage\",\"url\":\"https:\\\/\\\/www.organisator.ch\\\/wp-content\\\/uploads\\\/2017\\\/05\\\/Buchtipp-Handgepaeck-fuer-Fuehrungskraefte_Organisator.jpg\",\"contentUrl\":\"https:\\\/\\\/www.organisator.ch\\\/wp-content\\\/uploads\\\/2017\\\/05\\\/Buchtipp-Handgepaeck-fuer-Fuehrungskraefte_Organisator.jpg\",\"width\":640,\"height\":445,\"caption\":\"Handgep\u00e4ck f\u00fcr F\u00fchrungskr\u00e4fte. Band 1: Kommunizieren & Konflikte l\u00f6sen. Von Hans Bleuer und Peter Stadler. KLV Verlag, ISBN 978-3-85612-443-4, 144 Seiten.\"},{\"@type\":\"BreadcrumbList\",\"@id\":\"https:\\\/\\\/www.organisator.ch\\\/management\\\/2017-05-05\\\/handgepaeck-fuer-fuehrungskraefte\\\/#breadcrumb\",\"itemListElement\":[{\"@type\":\"ListItem\",\"position\":1,\"name\":\"Home\",\"item\":\"https:\\\/\\\/www.organisator.ch\\\/\"},{\"@type\":\"ListItem\",\"position\":2,\"name\":\"Handgep\u00e4ck f\u00fcr F\u00fchrungskr\u00e4fte\"}]},{\"@type\":\"WebSite\",\"@id\":\"https:\\\/\\\/www.organisator.ch\\\/#website\",\"url\":\"https:\\\/\\\/www.organisator.ch\\\/\",\"name\":\"Organisator\",\"description\":\"Kompetent. Praxisnah. Der ORGANISATOR bereitet in 10 Ausgaben pro Jahr die wesentlichen Themen f\u00fcr F\u00fchrungskr\u00e4fte von KMU auf.\",\"publisher\":{\"@id\":\"https:\\\/\\\/www.organisator.ch\\\/#organization\"},\"potentialAction\":[{\"@type\":\"SearchAction\",\"target\":{\"@type\":\"EntryPoint\",\"urlTemplate\":\"https:\\\/\\\/www.organisator.ch\\\/?s={search_term_string}\"},\"query-input\":{\"@type\":\"PropertyValueSpecification\",\"valueRequired\":true,\"valueName\":\"search_term_string\"}}],\"inLanguage\":\"de\"},{\"@type\":\"Organization\",\"@id\":\"https:\\\/\\\/www.organisator.ch\\\/#organization\",\"name\":\"Organisator\",\"url\":\"https:\\\/\\\/www.organisator.ch\\\/\",\"logo\":{\"@type\":\"ImageObject\",\"inLanguage\":\"de\",\"@id\":\"https:\\\/\\\/www.organisator.ch\\\/#\\\/schema\\\/logo\\\/image\\\/\",\"url\":\"https:\\\/\\\/www.organisator.ch\\\/wp-content\\\/uploads\\\/2022\\\/01\\\/Logo_Organisator_Website.png\",\"contentUrl\":\"https:\\\/\\\/www.organisator.ch\\\/wp-content\\\/uploads\\\/2022\\\/01\\\/Logo_Organisator_Website.png\",\"width\":800,\"height\":77,\"caption\":\"Organisator\"},\"image\":{\"@id\":\"https:\\\/\\\/www.organisator.ch\\\/#\\\/schema\\\/logo\\\/image\\\/\"},\"sameAs\":[\"https:\\\/\\\/www.facebook.com\\\/OrganisatorFachmagazin\",\"https:\\\/\\\/www.linkedin.com\\\/showcase\\\/organisator-das-magazin-fr-kmu\",\"https:\\\/\\\/www.xing.com\\\/news\\\/pages\\\/organisator-ch-695\",\"https:\\\/\\\/www.youtube.com\\\/channel\\\/UCGP2Sq0iWaZwT3BdIAQFYpw\"]},{\"@type\":\"Person\",\"@id\":\"https:\\\/\\\/www.organisator.ch\\\/#\\\/schema\\\/person\\\/6f650f90b2842cd4c0cc334b4e36f67e\",\"name\":\"thomas.berner\",\"image\":{\"@type\":\"ImageObject\",\"inLanguage\":\"de\",\"@id\":\"https:\\\/\\\/secure.gravatar.com\\\/avatar\\\/ac5001d2a36cb6c6cd3e50789007ffca834b477b74a2144564522e944eabff61?s=96&d=mm&r=g\",\"url\":\"https:\\\/\\\/secure.gravatar.com\\\/avatar\\\/ac5001d2a36cb6c6cd3e50789007ffca834b477b74a2144564522e944eabff61?s=96&d=mm&r=g\",\"contentUrl\":\"https:\\\/\\\/secure.gravatar.com\\\/avatar\\\/ac5001d2a36cb6c6cd3e50789007ffca834b477b74a2144564522e944eabff61?s=96&d=mm&r=g\",\"caption\":\"thomas.berner\"},\"url\":\"https:\\\/\\\/www.organisator.ch\\\/de\\\/author\\\/thomas-berner\\\/\"}]}<\/script>\n<!-- \/ Yoast SEO plugin. -->","yoast_head_json":{"title":"Handgep\u00e4ck f\u00fcr F\u00fchrungskr\u00e4fte - Organisator","description":"Ein etwas anderes Buch richtet sich an F\u00fchrungspersonen und alle, die es werden wollen. Es bildet Band 1 der Serie \"Handgep\u00e4ck f\u00fcr F\u00fchrungskr\u00e4fte\".","robots":{"index":"index","follow":"follow","max-snippet":"max-snippet:-1","max-image-preview":"max-image-preview:large","max-video-preview":"max-video-preview:-1"},"canonical":"https:\/\/www.organisator.ch\/de\/management\/2017-05-05\/handgepaeck-fuer-fuehrungskraefte\/","og_locale":"de_DE","og_type":"article","og_title":"Buchtipp: Handgep\u00e4ck f\u00fcr F\u00fchrungskr\u00e4fte","og_description":"Ein etwas anderes Buch richtet sich an #F\u00fchrungspersonen und alle, die es werden wollen. Zum Thema \"Kommunizieren & Konflikte l\u00f6sen\" bildet es den ersten Band einer f\u00fcnfteiligen Serie mit dem Titel \"Handgep\u00e4ck f\u00fcr F\u00fchrungskr\u00e4fte\".","og_url":"https:\/\/www.organisator.ch\/de\/management\/2017-05-05\/handgepaeck-fuer-fuehrungskraefte\/","og_site_name":"Organisator","article_publisher":"https:\/\/www.facebook.com\/OrganisatorFachmagazin","article_published_time":"2017-05-05T07:29:57+00:00","og_image":[{"width":640,"height":445,"url":"https:\/\/www.organisator.ch\/wp-content\/uploads\/2017\/05\/Buchtipp-Handgepaeck-fuer-Fuehrungskraefte_Organisator.jpg","type":"image\/jpeg"}],"author":"thomas.berner","twitter_card":"summary_large_image","twitter_title":"#Buchtipp: #Handgep\u00e4ck-f\u00fcr-F\u00fchrungskr\u00e4fte","twitter_description":"Ein etwas anderes Buch richtet sich an #F\u00fchrungspersonen und alle, die es werden wollen. Zum Thema \"Kommunizieren & Konflikte l\u00f6sen\" bildet es den ersten Band einer f\u00fcnfteiligen Serie mit dem Titel \"#Handgep\u00e4ck-f\u00fcr-F\u00fchrungskr\u00e4fte\".","twitter_image":"https:\/\/www.organisator.ch\/wp-content\/uploads\/2017\/05\/Buchtipp-Handgep\u00e4ck-f\u00fcr-F\u00fchrungskr\u00e4fte_Organisator.jpg","schema":{"@context":"https:\/\/schema.org","@graph":[{"@type":"Article","@id":"https:\/\/www.organisator.ch\/management\/2017-05-05\/handgepaeck-fuer-fuehrungskraefte\/#article","isPartOf":{"@id":"https:\/\/www.organisator.ch\/management\/2017-05-05\/handgepaeck-fuer-fuehrungskraefte\/"},"author":{"name":"thomas.berner","@id":"https:\/\/www.organisator.ch\/#\/schema\/person\/6f650f90b2842cd4c0cc334b4e36f67e"},"headline":"Handgep\u00e4ck f\u00fcr F\u00fchrungskr\u00e4fte","datePublished":"2017-05-05T07:29:57+00:00","mainEntityOfPage":{"@id":"https:\/\/www.organisator.ch\/management\/2017-05-05\/handgepaeck-fuer-fuehrungskraefte\/"},"wordCount":463,"commentCount":0,"publisher":{"@id":"https:\/\/www.organisator.ch\/#organization"},"image":{"@id":"https:\/\/www.organisator.ch\/management\/2017-05-05\/handgepaeck-fuer-fuehrungskraefte\/#primaryimage"},"thumbnailUrl":"https:\/\/www.organisator.ch\/wp-content\/uploads\/2017\/05\/Buchtipp-Handgepaeck-fuer-Fuehrungskraefte_Organisator.jpg","keywords":["Buch","Buchtipps","Karriere","Management und Unternehmensf\u00fchrung"],"articleSection":["MANAGEMENT"],"inLanguage":"de"},{"@type":"WebPage","@id":"https:\/\/www.organisator.ch\/management\/2017-05-05\/handgepaeck-fuer-fuehrungskraefte\/","url":"https:\/\/www.organisator.ch\/management\/2017-05-05\/handgepaeck-fuer-fuehrungskraefte\/","name":"Handgep\u00e4ck f\u00fcr F\u00fchrungskr\u00e4fte - Organisator","isPartOf":{"@id":"https:\/\/www.organisator.ch\/#website"},"primaryImageOfPage":{"@id":"https:\/\/www.organisator.ch\/management\/2017-05-05\/handgepaeck-fuer-fuehrungskraefte\/#primaryimage"},"image":{"@id":"https:\/\/www.organisator.ch\/management\/2017-05-05\/handgepaeck-fuer-fuehrungskraefte\/#primaryimage"},"thumbnailUrl":"https:\/\/www.organisator.ch\/wp-content\/uploads\/2017\/05\/Buchtipp-Handgepaeck-fuer-Fuehrungskraefte_Organisator.jpg","datePublished":"2017-05-05T07:29:57+00:00","description":"Ein etwas anderes Buch richtet sich an F\u00fchrungspersonen und alle, die es werden wollen. Es bildet Band 1 der Serie \"Handgep\u00e4ck f\u00fcr F\u00fchrungskr\u00e4fte\".","breadcrumb":{"@id":"https:\/\/www.organisator.ch\/management\/2017-05-05\/handgepaeck-fuer-fuehrungskraefte\/#breadcrumb"},"inLanguage":"de","potentialAction":[{"@type":"ReadAction","target":["https:\/\/www.organisator.ch\/management\/2017-05-05\/handgepaeck-fuer-fuehrungskraefte\/"]}]},{"@type":"ImageObject","inLanguage":"de","@id":"https:\/\/www.organisator.ch\/management\/2017-05-05\/handgepaeck-fuer-fuehrungskraefte\/#primaryimage","url":"https:\/\/www.organisator.ch\/wp-content\/uploads\/2017\/05\/Buchtipp-Handgepaeck-fuer-Fuehrungskraefte_Organisator.jpg","contentUrl":"https:\/\/www.organisator.ch\/wp-content\/uploads\/2017\/05\/Buchtipp-Handgepaeck-fuer-Fuehrungskraefte_Organisator.jpg","width":640,"height":445,"caption":"Handgep\u00e4ck f\u00fcr F\u00fchrungskr\u00e4fte. Band 1: Kommunizieren & Konflikte l\u00f6sen. Von Hans Bleuer und Peter Stadler. KLV Verlag, ISBN 978-3-85612-443-4, 144 Seiten."},{"@type":"BreadcrumbList","@id":"https:\/\/www.organisator.ch\/management\/2017-05-05\/handgepaeck-fuer-fuehrungskraefte\/#breadcrumb","itemListElement":[{"@type":"ListItem","position":1,"name":"Home","item":"https:\/\/www.organisator.ch\/"},{"@type":"ListItem","position":2,"name":"Handgep\u00e4ck f\u00fcr F\u00fchrungskr\u00e4fte"}]},{"@type":"WebSite","@id":"https:\/\/www.organisator.ch\/#website","url":"https:\/\/www.organisator.ch\/","name":"Organisator","description":"Kompetent. Praxisnah. Der ORGANISATOR bereitet in 10 Ausgaben pro Jahr die wesentlichen Themen f\u00fcr F\u00fchrungskr\u00e4fte von KMU auf.","publisher":{"@id":"https:\/\/www.organisator.ch\/#organization"},"potentialAction":[{"@type":"SearchAction","target":{"@type":"EntryPoint","urlTemplate":"https:\/\/www.organisator.ch\/?s={search_term_string}"},"query-input":{"@type":"PropertyValueSpecification","valueRequired":true,"valueName":"search_term_string"}}],"inLanguage":"de"},{"@type":"Organization","@id":"https:\/\/www.organisator.ch\/#organization","name":"Organisator","url":"https:\/\/www.organisator.ch\/","logo":{"@type":"ImageObject","inLanguage":"de","@id":"https:\/\/www.organisator.ch\/#\/schema\/logo\/image\/","url":"https:\/\/www.organisator.ch\/wp-content\/uploads\/2022\/01\/Logo_Organisator_Website.png","contentUrl":"https:\/\/www.organisator.ch\/wp-content\/uploads\/2022\/01\/Logo_Organisator_Website.png","width":800,"height":77,"caption":"Organisator"},"image":{"@id":"https:\/\/www.organisator.ch\/#\/schema\/logo\/image\/"},"sameAs":["https:\/\/www.facebook.com\/OrganisatorFachmagazin","https:\/\/www.linkedin.com\/showcase\/organisator-das-magazin-fr-kmu","https:\/\/www.xing.com\/news\/pages\/organisator-ch-695","https:\/\/www.youtube.com\/channel\/UCGP2Sq0iWaZwT3BdIAQFYpw"]},{"@type":"Person","@id":"https:\/\/www.organisator.ch\/#\/schema\/person\/6f650f90b2842cd4c0cc334b4e36f67e","name":"thomas.berner","image":{"@type":"ImageObject","inLanguage":"de","@id":"https:\/\/secure.gravatar.com\/avatar\/ac5001d2a36cb6c6cd3e50789007ffca834b477b74a2144564522e944eabff61?s=96&d=mm&r=g","url":"https:\/\/secure.gravatar.com\/avatar\/ac5001d2a36cb6c6cd3e50789007ffca834b477b74a2144564522e944eabff61?s=96&d=mm&r=g","contentUrl":"https:\/\/secure.gravatar.com\/avatar\/ac5001d2a36cb6c6cd3e50789007ffca834b477b74a2144564522e944eabff61?s=96&d=mm&r=g","caption":"thomas.berner"},"url":"https:\/\/www.organisator.ch\/de\/author\/thomas-berner\/"}]}},"_links":{"self":[{"href":"https:\/\/www.organisator.ch\/de\/wp-json\/wp\/v2\/posts\/1875","targetHints":{"allow":["GET"]}}],"collection":[{"href":"https:\/\/www.organisator.ch\/de\/wp-json\/wp\/v2\/posts"}],"about":[{"href":"https:\/\/www.organisator.ch\/de\/wp-json\/wp\/v2\/types\/post"}],"author":[{"embeddable":true,"href":"https:\/\/www.organisator.ch\/de\/wp-json\/wp\/v2\/users\/4"}],"replies":[{"embeddable":true,"href":"https:\/\/www.organisator.ch\/de\/wp-json\/wp\/v2\/comments?post=1875"}],"version-history":[{"count":0,"href":"https:\/\/www.organisator.ch\/de\/wp-json\/wp\/v2\/posts\/1875\/revisions"}],"wp:featuredmedia":[{"embeddable":true,"href":"https:\/\/www.organisator.ch\/de\/wp-json\/wp\/v2\/media\/1877"}],"wp:attachment":[{"href":"https:\/\/www.organisator.ch\/de\/wp-json\/wp\/v2\/media?parent=1875"}],"wp:term":[{"taxonomy":"category","embeddable":true,"href":"https:\/\/www.organisator.ch\/de\/wp-json\/wp\/v2\/categories?post=1875"},{"taxonomy":"post_tag","embeddable":true,"href":"https:\/\/www.organisator.ch\/de\/wp-json\/wp\/v2\/tags?post=1875"}],"curies":[{"name":"wp","href":"https:\/\/api.w.org\/{rel}","templated":true}]}}