{"id":18820,"date":"2023-02-15T17:34:44","date_gmt":"2023-02-15T16:34:44","guid":{"rendered":"https:\/\/www.werbewoche.ch\/?p=193507"},"modified":"2023-02-17T07:57:51","modified_gmt":"2023-02-17T06:57:51","slug":"zweifel-ist-erneut-der-beste-arbeitgeber-der-schweiz","status":"publish","type":"post","link":"https:\/\/www.organisator.ch\/de\/management\/2023-02-15\/zweifel-ist-erneut-der-beste-arbeitgeber-der-schweiz\/","title":{"rendered":"Zweifel ist erneut der beste Arbeitgeber der Schweiz"},"content":{"rendered":"<figure id=\"attachment_193508\" class=\"wp-caption aligncenter\" style=\"width: 1200px;\" aria-describedby=\"caption-attachment-193508\"><img class=\"wp-image-193508 size-full\" src=\"https:\/\/www.werbewoche.ch\/wp-content\/uploads\/2023\/02\/zweifel-arbeitgeber-marke.jpg\" sizes=\"(max-width: 1200px) 100vw, 1200px\" srcset=\"https:\/\/www.werbewoche.ch\/wp-content\/uploads\/2023\/02\/zweifel-arbeitgeber-marke.jpg 1200w, https:\/\/www.werbewoche.ch\/wp-content\/uploads\/2023\/02\/zweifel-arbeitgeber-marke-600x336.jpg 600w, https:\/\/www.werbewoche.ch\/wp-content\/uploads\/2023\/02\/zweifel-arbeitgeber-marke-1024x573.jpg 1024w, https:\/\/www.werbewoche.ch\/wp-content\/uploads\/2023\/02\/zweifel-arbeitgeber-marke-768x430.jpg 768w, https:\/\/www.werbewoche.ch\/wp-content\/uploads\/2023\/02\/zweifel-arbeitgeber-marke-18x10.jpg 18w, https:\/\/www.werbewoche.ch\/wp-content\/uploads\/2023\/02\/zweifel-arbeitgeber-marke-313x175.jpg 313w, https:\/\/www.werbewoche.ch\/wp-content\/uploads\/2023\/02\/zweifel-arbeitgeber-marke-625x350.jpg 625w, https:\/\/www.werbewoche.ch\/wp-content\/uploads\/2023\/02\/zweifel-arbeitgeber-marke-1000x560.jpg 1000w\" alt=\"\" width=\"1200\" height=\"672\" \/><figcaption id=\"caption-attachment-193508\" class=\"wp-caption-text\">(Bilder: Handelszeitung.ch)<\/figcaption><\/figure>\r\n\u00abWir freuen uns ausserordentlich, zum zweiten Mal in Folge die Auszeichnung zum besten Arbeitgeber entgegennehmen zu d\u00fcrfen\u00bb, so der CEO Christoph Zweifel gegen\u00fcber der Handelszeitung. \u00abEs macht mich pers\u00f6nlich enorm stolz, dieses Unternehmen f\u00fchren zu d\u00fcrfen.\u00bb\r\n\r\nHinter <a href=\"https:\/\/www.organisator.ch\/de\/management\/2020-01-17\/kein-zweifel-zweifel-pomy-chips-ag-ist-bestes-unternehmen-des-wirtschaftsraums-zuerich\/\">Zweifel<\/a> rangiert die Liftfirma Schindler vor den beiden Uhrenmarken Rolex und Breitling. Sie alle sind bekannte Lieblinge als beste Arbeitgeber. Auf den nachfolgenden R\u00e4ngen fand jedoch eine Rochade statt: Neu vertreten in den Top Ten sind die Schweizerische S\u00fcdostbahn, die Eidgen\u00f6ssische Technische Hochschule Lausanne EPFL und die Sanit\u00e4rfirma Geberit.\r\n\r\n<img class=\"aligncenter size-full wp-image-193509\" src=\"https:\/\/www.werbewoche.ch\/wp-content\/uploads\/2023\/02\/arbeitgeber-ranking-hadelszeitung-2023.jpg\" sizes=\"(max-width: 1000px) 100vw, 1000px\" srcset=\"https:\/\/www.werbewoche.ch\/wp-content\/uploads\/2023\/02\/arbeitgeber-ranking-hadelszeitung-2023.jpg 1000w, https:\/\/www.werbewoche.ch\/wp-content\/uploads\/2023\/02\/arbeitgeber-ranking-hadelszeitung-2023-600x376.jpg 600w, https:\/\/www.werbewoche.ch\/wp-content\/uploads\/2023\/02\/arbeitgeber-ranking-hadelszeitung-2023-768x482.jpg 768w, https:\/\/www.werbewoche.ch\/wp-content\/uploads\/2023\/02\/arbeitgeber-ranking-hadelszeitung-2023-18x12.jpg 18w, https:\/\/www.werbewoche.ch\/wp-content\/uploads\/2023\/02\/arbeitgeber-ranking-hadelszeitung-2023-279x175.jpg 279w, https:\/\/www.werbewoche.ch\/wp-content\/uploads\/2023\/02\/arbeitgeber-ranking-hadelszeitung-2023-558x350.jpg 558w\" alt=\"\" width=\"1000\" height=\"627\" \/>\r\n\r\nDie <em>Handelszeitung<\/em> und Statista k\u00fcren jedes Jahr die 250 besten Arbeitgeber der Schweiz. Das Ranking basiert auf einer unabh\u00e4ngigen Befragung von Schweizer Angestellten \u00fcber Online-Access-Panels sowie \u00fcber die Website der <em>Handelszeitung<\/em>. F\u00fcr die Befragung wurden mehr als 1500 Arbeitgeber, die mindestens 200 Personen in der Schweiz besch\u00e4ftigen, identifiziert.","protected":false},"excerpt":{"rendered":"<p>\u00abWir freuen uns ausserordentlich, zum zweiten Mal in Folge die Auszeichnung zum besten Arbeitgeber entgegennehmen zu d\u00fcrfen\u00bb, so der CEO Christoph Zweifel gegen\u00fcber der Handelszeitung. \u00abEs macht mich pers\u00f6nlich enorm stolz, dieses Unternehmen f\u00fchren zu d\u00fcrfen.\u00bb Hinter Zweifel rangiert die Liftfirma Schindler vor den beiden Uhrenmarken Rolex und Breitling. Sie alle sind bekannte Lieblinge als [\u2026]<\/p>\n","protected":false},"author":8,"featured_media":0,"comment_status":"closed","ping_status":"closed","sticky":false,"template":"","format":"standard","meta":{"_acf_changed":false,"_yoast_wpseo_focuskw":"beste Arbeitgeber","_yoast_wpseo_metadesc":"","articlekey":"","footnotes":""},"categories":[28],"tags":[66,3620,3621],"class_list":["post-18820","post","type-post","status-publish","format-standard","hentry","category-management","tag-awards","tag-handelszeitung","tag-zweifel"],"acf":[],"yoast_head":"<!-- This site is optimized with the Yoast SEO plugin v27.5 - https:\/\/yoast.com\/product\/yoast-seo-wordpress\/ -->\n<title>Zweifel ist erneut der beste Arbeitgeber der Schweiz - Organisator<\/title>\n<meta name=\"robots\" content=\"index, follow, max-snippet:-1, max-image-preview:large, max-video-preview:-1\" \/>\n<link rel=\"canonical\" href=\"https:\/\/www.organisator.ch\/de\/management\/2023-02-15\/zweifel-ist-erneut-der-beste-arbeitgeber-der-schweiz\/\" \/>\n<meta property=\"og:locale\" content=\"de_DE\" \/>\n<meta property=\"og:type\" content=\"article\" \/>\n<meta property=\"og:title\" content=\"Zweifel ist erneut der beste Arbeitgeber der Schweiz - Organisator\" \/>\n<meta property=\"og:description\" content=\"\u00abWir freuen uns ausserordentlich, zum zweiten Mal in Folge die Auszeichnung zum besten Arbeitgeber entgegennehmen zu d\u00fcrfen\u00bb, so der CEO Christoph Zweifel gegen\u00fcber der Handelszeitung. \u00abEs macht mich pers\u00f6nlich enorm stolz, dieses Unternehmen f\u00fchren zu d\u00fcrfen.\u00bb Hinter Zweifel rangiert die Liftfirma Schindler vor den beiden Uhrenmarken Rolex und Breitling. Sie alle sind bekannte Lieblinge als [\u2026]\" \/>\n<meta property=\"og:url\" content=\"https:\/\/www.organisator.ch\/de\/management\/2023-02-15\/zweifel-ist-erneut-der-beste-arbeitgeber-der-schweiz\/\" \/>\n<meta property=\"og:site_name\" content=\"Organisator\" \/>\n<meta property=\"article:publisher\" content=\"https:\/\/www.facebook.com\/OrganisatorFachmagazin\" \/>\n<meta property=\"article:published_time\" content=\"2023-02-15T16:34:44+00:00\" \/>\n<meta property=\"article:modified_time\" content=\"2023-02-17T06:57:51+00:00\" \/>\n<meta property=\"og:image\" content=\"https:\/\/www.werbewoche.ch\/wp-content\/uploads\/2023\/02\/zweifel-arbeitgeber-marke.jpg\" \/>\n<meta name=\"author\" content=\"galledia\" \/>\n<meta name=\"twitter:card\" content=\"summary_large_image\" \/>\n<meta name=\"twitter:creator\" content=\"@admin\" \/>\n<script type=\"application\/ld+json\" class=\"yoast-schema-graph\">{\"@context\":\"https:\\\/\\\/schema.org\",\"@graph\":[{\"@type\":\"Article\",\"@id\":\"https:\\\/\\\/www.organisator.ch\\\/management\\\/2023-02-15\\\/zweifel-ist-erneut-der-beste-arbeitgeber-der-schweiz\\\/#article\",\"isPartOf\":{\"@id\":\"https:\\\/\\\/www.organisator.ch\\\/management\\\/2023-02-15\\\/zweifel-ist-erneut-der-beste-arbeitgeber-der-schweiz\\\/\"},\"author\":{\"name\":\"galledia\",\"@id\":\"https:\\\/\\\/www.organisator.ch\\\/#\\\/schema\\\/person\\\/4e51799071cd2dd1232ac003643ef5f0\"},\"headline\":\"Zweifel ist erneut der beste Arbeitgeber der Schweiz\",\"datePublished\":\"2023-02-15T16:34:44+00:00\",\"dateModified\":\"2023-02-17T06:57:51+00:00\",\"mainEntityOfPage\":{\"@id\":\"https:\\\/\\\/www.organisator.ch\\\/management\\\/2023-02-15\\\/zweifel-ist-erneut-der-beste-arbeitgeber-der-schweiz\\\/\"},\"wordCount\":155,\"publisher\":{\"@id\":\"https:\\\/\\\/www.organisator.ch\\\/#organization\"},\"image\":{\"@id\":\"https:\\\/\\\/www.organisator.ch\\\/management\\\/2023-02-15\\\/zweifel-ist-erneut-der-beste-arbeitgeber-der-schweiz\\\/#primaryimage\"},\"thumbnailUrl\":\"https:\\\/\\\/www.werbewoche.ch\\\/wp-content\\\/uploads\\\/2023\\\/02\\\/zweifel-arbeitgeber-marke.jpg\",\"keywords\":[\"Awards\",\"Handelszeitung\",\"Zweifel\"],\"articleSection\":[\"MANAGEMENT\"],\"inLanguage\":\"de\"},{\"@type\":\"WebPage\",\"@id\":\"https:\\\/\\\/www.organisator.ch\\\/management\\\/2023-02-15\\\/zweifel-ist-erneut-der-beste-arbeitgeber-der-schweiz\\\/\",\"url\":\"https:\\\/\\\/www.organisator.ch\\\/management\\\/2023-02-15\\\/zweifel-ist-erneut-der-beste-arbeitgeber-der-schweiz\\\/\",\"name\":\"Zweifel ist erneut der beste Arbeitgeber der Schweiz - Organisator\",\"isPartOf\":{\"@id\":\"https:\\\/\\\/www.organisator.ch\\\/#website\"},\"primaryImageOfPage\":{\"@id\":\"https:\\\/\\\/www.organisator.ch\\\/management\\\/2023-02-15\\\/zweifel-ist-erneut-der-beste-arbeitgeber-der-schweiz\\\/#primaryimage\"},\"image\":{\"@id\":\"https:\\\/\\\/www.organisator.ch\\\/management\\\/2023-02-15\\\/zweifel-ist-erneut-der-beste-arbeitgeber-der-schweiz\\\/#primaryimage\"},\"thumbnailUrl\":\"https:\\\/\\\/www.werbewoche.ch\\\/wp-content\\\/uploads\\\/2023\\\/02\\\/zweifel-arbeitgeber-marke.jpg\",\"datePublished\":\"2023-02-15T16:34:44+00:00\",\"dateModified\":\"2023-02-17T06:57:51+00:00\",\"breadcrumb\":{\"@id\":\"https:\\\/\\\/www.organisator.ch\\\/management\\\/2023-02-15\\\/zweifel-ist-erneut-der-beste-arbeitgeber-der-schweiz\\\/#breadcrumb\"},\"inLanguage\":\"de\",\"potentialAction\":[{\"@type\":\"ReadAction\",\"target\":[\"https:\\\/\\\/www.organisator.ch\\\/management\\\/2023-02-15\\\/zweifel-ist-erneut-der-beste-arbeitgeber-der-schweiz\\\/\"]}]},{\"@type\":\"ImageObject\",\"inLanguage\":\"de\",\"@id\":\"https:\\\/\\\/www.organisator.ch\\\/management\\\/2023-02-15\\\/zweifel-ist-erneut-der-beste-arbeitgeber-der-schweiz\\\/#primaryimage\",\"url\":\"https:\\\/\\\/www.werbewoche.ch\\\/wp-content\\\/uploads\\\/2023\\\/02\\\/zweifel-arbeitgeber-marke.jpg\",\"contentUrl\":\"https:\\\/\\\/www.werbewoche.ch\\\/wp-content\\\/uploads\\\/2023\\\/02\\\/zweifel-arbeitgeber-marke.jpg\"},{\"@type\":\"BreadcrumbList\",\"@id\":\"https:\\\/\\\/www.organisator.ch\\\/management\\\/2023-02-15\\\/zweifel-ist-erneut-der-beste-arbeitgeber-der-schweiz\\\/#breadcrumb\",\"itemListElement\":[{\"@type\":\"ListItem\",\"position\":1,\"name\":\"Home\",\"item\":\"https:\\\/\\\/www.organisator.ch\\\/\"},{\"@type\":\"ListItem\",\"position\":2,\"name\":\"Zweifel ist erneut der beste Arbeitgeber der Schweiz\"}]},{\"@type\":\"WebSite\",\"@id\":\"https:\\\/\\\/www.organisator.ch\\\/#website\",\"url\":\"https:\\\/\\\/www.organisator.ch\\\/\",\"name\":\"Organisator\",\"description\":\"Kompetent. Praxisnah. Der ORGANISATOR bereitet in 10 Ausgaben pro Jahr die wesentlichen Themen f\u00fcr F\u00fchrungskr\u00e4fte von KMU auf.\",\"publisher\":{\"@id\":\"https:\\\/\\\/www.organisator.ch\\\/#organization\"},\"potentialAction\":[{\"@type\":\"SearchAction\",\"target\":{\"@type\":\"EntryPoint\",\"urlTemplate\":\"https:\\\/\\\/www.organisator.ch\\\/?s={search_term_string}\"},\"query-input\":{\"@type\":\"PropertyValueSpecification\",\"valueRequired\":true,\"valueName\":\"search_term_string\"}}],\"inLanguage\":\"de\"},{\"@type\":\"Organization\",\"@id\":\"https:\\\/\\\/www.organisator.ch\\\/#organization\",\"name\":\"Organisator\",\"url\":\"https:\\\/\\\/www.organisator.ch\\\/\",\"logo\":{\"@type\":\"ImageObject\",\"inLanguage\":\"de\",\"@id\":\"https:\\\/\\\/www.organisator.ch\\\/#\\\/schema\\\/logo\\\/image\\\/\",\"url\":\"https:\\\/\\\/www.organisator.ch\\\/wp-content\\\/uploads\\\/2022\\\/01\\\/Logo_Organisator_Website.png\",\"contentUrl\":\"https:\\\/\\\/www.organisator.ch\\\/wp-content\\\/uploads\\\/2022\\\/01\\\/Logo_Organisator_Website.png\",\"width\":800,\"height\":77,\"caption\":\"Organisator\"},\"image\":{\"@id\":\"https:\\\/\\\/www.organisator.ch\\\/#\\\/schema\\\/logo\\\/image\\\/\"},\"sameAs\":[\"https:\\\/\\\/www.facebook.com\\\/OrganisatorFachmagazin\",\"https:\\\/\\\/www.linkedin.com\\\/showcase\\\/organisator-das-magazin-fr-kmu\",\"https:\\\/\\\/www.xing.com\\\/news\\\/pages\\\/organisator-ch-695\",\"https:\\\/\\\/www.youtube.com\\\/channel\\\/UCGP2Sq0iWaZwT3BdIAQFYpw\"]},{\"@type\":\"Person\",\"@id\":\"https:\\\/\\\/www.organisator.ch\\\/#\\\/schema\\\/person\\\/4e51799071cd2dd1232ac003643ef5f0\",\"name\":\"galledia\",\"image\":{\"@type\":\"ImageObject\",\"inLanguage\":\"de\",\"@id\":\"https:\\\/\\\/secure.gravatar.com\\\/avatar\\\/78a7f90c01fc2bfc875782a0d4922b37cde2cf184ce347b91316d23cd7f69a36?s=96&d=mm&r=g\",\"url\":\"https:\\\/\\\/secure.gravatar.com\\\/avatar\\\/78a7f90c01fc2bfc875782a0d4922b37cde2cf184ce347b91316d23cd7f69a36?s=96&d=mm&r=g\",\"contentUrl\":\"https:\\\/\\\/secure.gravatar.com\\\/avatar\\\/78a7f90c01fc2bfc875782a0d4922b37cde2cf184ce347b91316d23cd7f69a36?s=96&d=mm&r=g\",\"caption\":\"galledia\"},\"sameAs\":[\"https:\\\/\\\/x.com\\\/admin\"],\"url\":\"https:\\\/\\\/www.organisator.ch\\\/de\\\/author\\\/galledia\\\/\"}]}<\/script>\n<!-- \/ Yoast SEO plugin. -->","yoast_head_json":{"title":"Zweifel ist erneut der beste Arbeitgeber der Schweiz - Organisator","robots":{"index":"index","follow":"follow","max-snippet":"max-snippet:-1","max-image-preview":"max-image-preview:large","max-video-preview":"max-video-preview:-1"},"canonical":"https:\/\/www.organisator.ch\/de\/management\/2023-02-15\/zweifel-ist-erneut-der-beste-arbeitgeber-der-schweiz\/","og_locale":"de_DE","og_type":"article","og_title":"Zweifel ist erneut der beste Arbeitgeber der Schweiz - Organisator","og_description":"\u00abWir freuen uns ausserordentlich, zum zweiten Mal in Folge die Auszeichnung zum besten Arbeitgeber entgegennehmen zu d\u00fcrfen\u00bb, so der CEO Christoph Zweifel gegen\u00fcber der Handelszeitung. \u00abEs macht mich pers\u00f6nlich enorm stolz, dieses Unternehmen f\u00fchren zu d\u00fcrfen.\u00bb Hinter Zweifel rangiert die Liftfirma Schindler vor den beiden Uhrenmarken Rolex und Breitling. Sie alle sind bekannte Lieblinge als [\u2026]","og_url":"https:\/\/www.organisator.ch\/de\/management\/2023-02-15\/zweifel-ist-erneut-der-beste-arbeitgeber-der-schweiz\/","og_site_name":"Organisator","article_publisher":"https:\/\/www.facebook.com\/OrganisatorFachmagazin","article_published_time":"2023-02-15T16:34:44+00:00","article_modified_time":"2023-02-17T06:57:51+00:00","og_image":[{"url":"https:\/\/www.werbewoche.ch\/wp-content\/uploads\/2023\/02\/zweifel-arbeitgeber-marke.jpg","type":"","width":"","height":""}],"author":"galledia","twitter_card":"summary_large_image","twitter_creator":"@admin","schema":{"@context":"https:\/\/schema.org","@graph":[{"@type":"Article","@id":"https:\/\/www.organisator.ch\/management\/2023-02-15\/zweifel-ist-erneut-der-beste-arbeitgeber-der-schweiz\/#article","isPartOf":{"@id":"https:\/\/www.organisator.ch\/management\/2023-02-15\/zweifel-ist-erneut-der-beste-arbeitgeber-der-schweiz\/"},"author":{"name":"galledia","@id":"https:\/\/www.organisator.ch\/#\/schema\/person\/4e51799071cd2dd1232ac003643ef5f0"},"headline":"Zweifel ist erneut der beste Arbeitgeber der Schweiz","datePublished":"2023-02-15T16:34:44+00:00","dateModified":"2023-02-17T06:57:51+00:00","mainEntityOfPage":{"@id":"https:\/\/www.organisator.ch\/management\/2023-02-15\/zweifel-ist-erneut-der-beste-arbeitgeber-der-schweiz\/"},"wordCount":155,"publisher":{"@id":"https:\/\/www.organisator.ch\/#organization"},"image":{"@id":"https:\/\/www.organisator.ch\/management\/2023-02-15\/zweifel-ist-erneut-der-beste-arbeitgeber-der-schweiz\/#primaryimage"},"thumbnailUrl":"https:\/\/www.werbewoche.ch\/wp-content\/uploads\/2023\/02\/zweifel-arbeitgeber-marke.jpg","keywords":["Awards","Handelszeitung","Zweifel"],"articleSection":["MANAGEMENT"],"inLanguage":"de"},{"@type":"WebPage","@id":"https:\/\/www.organisator.ch\/management\/2023-02-15\/zweifel-ist-erneut-der-beste-arbeitgeber-der-schweiz\/","url":"https:\/\/www.organisator.ch\/management\/2023-02-15\/zweifel-ist-erneut-der-beste-arbeitgeber-der-schweiz\/","name":"Zweifel ist erneut der beste Arbeitgeber der Schweiz - Organisator","isPartOf":{"@id":"https:\/\/www.organisator.ch\/#website"},"primaryImageOfPage":{"@id":"https:\/\/www.organisator.ch\/management\/2023-02-15\/zweifel-ist-erneut-der-beste-arbeitgeber-der-schweiz\/#primaryimage"},"image":{"@id":"https:\/\/www.organisator.ch\/management\/2023-02-15\/zweifel-ist-erneut-der-beste-arbeitgeber-der-schweiz\/#primaryimage"},"thumbnailUrl":"https:\/\/www.werbewoche.ch\/wp-content\/uploads\/2023\/02\/zweifel-arbeitgeber-marke.jpg","datePublished":"2023-02-15T16:34:44+00:00","dateModified":"2023-02-17T06:57:51+00:00","breadcrumb":{"@id":"https:\/\/www.organisator.ch\/management\/2023-02-15\/zweifel-ist-erneut-der-beste-arbeitgeber-der-schweiz\/#breadcrumb"},"inLanguage":"de","potentialAction":[{"@type":"ReadAction","target":["https:\/\/www.organisator.ch\/management\/2023-02-15\/zweifel-ist-erneut-der-beste-arbeitgeber-der-schweiz\/"]}]},{"@type":"ImageObject","inLanguage":"de","@id":"https:\/\/www.organisator.ch\/management\/2023-02-15\/zweifel-ist-erneut-der-beste-arbeitgeber-der-schweiz\/#primaryimage","url":"https:\/\/www.werbewoche.ch\/wp-content\/uploads\/2023\/02\/zweifel-arbeitgeber-marke.jpg","contentUrl":"https:\/\/www.werbewoche.ch\/wp-content\/uploads\/2023\/02\/zweifel-arbeitgeber-marke.jpg"},{"@type":"BreadcrumbList","@id":"https:\/\/www.organisator.ch\/management\/2023-02-15\/zweifel-ist-erneut-der-beste-arbeitgeber-der-schweiz\/#breadcrumb","itemListElement":[{"@type":"ListItem","position":1,"name":"Home","item":"https:\/\/www.organisator.ch\/"},{"@type":"ListItem","position":2,"name":"Zweifel ist erneut der beste Arbeitgeber der Schweiz"}]},{"@type":"WebSite","@id":"https:\/\/www.organisator.ch\/#website","url":"https:\/\/www.organisator.ch\/","name":"Organisator","description":"Kompetent. Praxisnah. Der ORGANISATOR bereitet in 10 Ausgaben pro Jahr die wesentlichen Themen f\u00fcr F\u00fchrungskr\u00e4fte von KMU auf.","publisher":{"@id":"https:\/\/www.organisator.ch\/#organization"},"potentialAction":[{"@type":"SearchAction","target":{"@type":"EntryPoint","urlTemplate":"https:\/\/www.organisator.ch\/?s={search_term_string}"},"query-input":{"@type":"PropertyValueSpecification","valueRequired":true,"valueName":"search_term_string"}}],"inLanguage":"de"},{"@type":"Organization","@id":"https:\/\/www.organisator.ch\/#organization","name":"Organisator","url":"https:\/\/www.organisator.ch\/","logo":{"@type":"ImageObject","inLanguage":"de","@id":"https:\/\/www.organisator.ch\/#\/schema\/logo\/image\/","url":"https:\/\/www.organisator.ch\/wp-content\/uploads\/2022\/01\/Logo_Organisator_Website.png","contentUrl":"https:\/\/www.organisator.ch\/wp-content\/uploads\/2022\/01\/Logo_Organisator_Website.png","width":800,"height":77,"caption":"Organisator"},"image":{"@id":"https:\/\/www.organisator.ch\/#\/schema\/logo\/image\/"},"sameAs":["https:\/\/www.facebook.com\/OrganisatorFachmagazin","https:\/\/www.linkedin.com\/showcase\/organisator-das-magazin-fr-kmu","https:\/\/www.xing.com\/news\/pages\/organisator-ch-695","https:\/\/www.youtube.com\/channel\/UCGP2Sq0iWaZwT3BdIAQFYpw"]},{"@type":"Person","@id":"https:\/\/www.organisator.ch\/#\/schema\/person\/4e51799071cd2dd1232ac003643ef5f0","name":"galledia","image":{"@type":"ImageObject","inLanguage":"de","@id":"https:\/\/secure.gravatar.com\/avatar\/78a7f90c01fc2bfc875782a0d4922b37cde2cf184ce347b91316d23cd7f69a36?s=96&d=mm&r=g","url":"https:\/\/secure.gravatar.com\/avatar\/78a7f90c01fc2bfc875782a0d4922b37cde2cf184ce347b91316d23cd7f69a36?s=96&d=mm&r=g","contentUrl":"https:\/\/secure.gravatar.com\/avatar\/78a7f90c01fc2bfc875782a0d4922b37cde2cf184ce347b91316d23cd7f69a36?s=96&d=mm&r=g","caption":"galledia"},"sameAs":["https:\/\/x.com\/admin"],"url":"https:\/\/www.organisator.ch\/de\/author\/galledia\/"}]}},"_links":{"self":[{"href":"https:\/\/www.organisator.ch\/de\/wp-json\/wp\/v2\/posts\/18820","targetHints":{"allow":["GET"]}}],"collection":[{"href":"https:\/\/www.organisator.ch\/de\/wp-json\/wp\/v2\/posts"}],"about":[{"href":"https:\/\/www.organisator.ch\/de\/wp-json\/wp\/v2\/types\/post"}],"author":[{"embeddable":true,"href":"https:\/\/www.organisator.ch\/de\/wp-json\/wp\/v2\/users\/8"}],"replies":[{"embeddable":true,"href":"https:\/\/www.organisator.ch\/de\/wp-json\/wp\/v2\/comments?post=18820"}],"version-history":[{"count":4,"href":"https:\/\/www.organisator.ch\/de\/wp-json\/wp\/v2\/posts\/18820\/revisions"}],"predecessor-version":[{"id":18844,"href":"https:\/\/www.organisator.ch\/de\/wp-json\/wp\/v2\/posts\/18820\/revisions\/18844"}],"wp:attachment":[{"href":"https:\/\/www.organisator.ch\/de\/wp-json\/wp\/v2\/media?parent=18820"}],"wp:term":[{"taxonomy":"category","embeddable":true,"href":"https:\/\/www.organisator.ch\/de\/wp-json\/wp\/v2\/categories?post=18820"},{"taxonomy":"post_tag","embeddable":true,"href":"https:\/\/www.organisator.ch\/de\/wp-json\/wp\/v2\/tags?post=18820"}],"curies":[{"name":"wp","href":"https:\/\/api.w.org\/{rel}","templated":true}]}}