{"id":1884,"date":"2018-10-30T10:37:52","date_gmt":"2018-10-30T09:37:52","guid":{"rendered":"https:\/\/www.umweltperspektiven.ch\/?p=1884"},"modified":"2022-02-09T11:06:53","modified_gmt":"2022-02-09T10:06:53","slug":"warum-die-kleine-eiszeit-mitte-des-19-jahrhunderts-endete","status":"publish","type":"post","link":"https:\/\/www.organisator.ch\/de\/sustainability\/2018-10-30\/warum-die-kleine-eiszeit-mitte-des-19-jahrhunderts-endete\/","title":{"rendered":"Warum die Kleine Eiszeit Mitte des 19. Jahrhunderts endete"},"content":{"rendered":"<figure id=\"attachment_1886\" aria-describedby=\"caption-attachment-1886\" style=\"width: 680px\" class=\"wp-caption alignnone\"><img loading=\"lazy\" decoding=\"async\" class=\"size-medium wp-image-1886\" src=\"\/\/www.umweltperspektiven.ch\/wp-content\/uploads\/2018\/10\/eiszeit_russ-umweltperspektiven-up.jpg\" alt=\"\" width=\"680\" height=\"453\" srcset=\"https:\/\/www.organisator.ch\/wp-content\/uploads\/2018\/10\/eiszeit_russ-umweltperspektiven-up.jpg 2500w, https:\/\/www.organisator.ch\/wp-content\/uploads\/2018\/10\/eiszeit_russ-umweltperspektiven-up-680x453.jpg 680w, https:\/\/www.organisator.ch\/wp-content\/uploads\/2018\/10\/eiszeit_russ-umweltperspektiven-up-1024x683.jpg 1024w, https:\/\/www.organisator.ch\/wp-content\/uploads\/2018\/10\/eiszeit_russ-umweltperspektiven-up-768x512.jpg 768w, https:\/\/www.organisator.ch\/wp-content\/uploads\/2018\/10\/eiszeit_russ-umweltperspektiven-up-1536x1024.jpg 1536w, https:\/\/www.organisator.ch\/wp-content\/uploads\/2018\/10\/eiszeit_russ-umweltperspektiven-up-2048x1366.jpg 2048w, https:\/\/www.organisator.ch\/wp-content\/uploads\/2018\/10\/eiszeit_russ-umweltperspektiven-up-18x12.jpg 18w, https:\/\/www.organisator.ch\/wp-content\/uploads\/2018\/10\/eiszeit_russ-umweltperspektiven-up-262x175.jpg 262w, https:\/\/www.organisator.ch\/wp-content\/uploads\/2018\/10\/eiszeit_russ-umweltperspektiven-up-525x350.jpg 525w, https:\/\/www.organisator.ch\/wp-content\/uploads\/2018\/10\/eiszeit_russ-umweltperspektiven-up-1200x800.jpg 1200w, https:\/\/www.organisator.ch\/wp-content\/uploads\/2018\/10\/eiszeit_russ-umweltperspektiven-up-920x613.jpg 920w, https:\/\/www.organisator.ch\/wp-content\/uploads\/2018\/10\/eiszeit_russ-umweltperspektiven-up-1400x934.jpg 1400w, https:\/\/www.organisator.ch\/wp-content\/uploads\/2018\/10\/eiszeit_russ-umweltperspektiven-up-300x200.jpg 300w\" sizes=\"auto, (max-width: 680px) 100vw, 680px\" \/><figcaption id=\"caption-attachment-1886\" class=\"wp-caption-text\">Das Camp der Forschenden im Jahr 2015 auf dem s\u00fcd\u00f6stlich von Zermatt gelegenen Colle Gnifetti. (Bild: PSI\/ Michael Sigl)<\/figcaption><\/figure>\n<p>Die Gr\u00fcnde, wleche zur Kleinen Eiszeit, zur Abk\u00fchlung der Erde beitrugen sind nun bekannt. Die Ergebnisse wurden im Oktober 2018 in der wissenschaftlichen Fachzeitschrift The Cryosphere ver\u00f6ffentlicht. In der ersten H\u00e4lfte des 19. Jahrhunderts f\u00fchrte eine Serie grosser Vulkanausbr\u00fcche in den Tropen zu einer vor\u00fcbergehenden globalen Abk\u00fchlung des Erdklimas.<\/p>\n<p>In popul\u00e4rwissenschaftlichen Darstellungen werden oft Bilder der Alpengletscher aus den 1850er Jahren zum Vergleich herangezogen, um den menschengemachten Klimawandel zu visualisieren. Dies ist jedoch falsch, haben Forschende nun anhand von Daten aus Eisborkernen nachgewiesen. Die Wissenschaftler um Michael Sigl vom Paul Scherrer Insistut PSI analysierten die in den unterschiedlichen Eistiefen archivierte Luftzusammensetzung und darin vor allem die Menge an industriellem Russ.<\/p>\n<p>Sie erstellten so f\u00fcr Mitteleuropa die erste ununterbrochene Datenreihe zur Menge des industriellen Russes in der Atmosph\u00e4re f\u00fcr die Zeit von den 1740er Jahren bis heute.<\/p>\n<p><strong>Vulkanausbr\u00fcche in den Tropen<\/strong><\/p>\n<p>Diese Daten zeigen eindeutig, dass industrieller Russ kaum verantwortlich sein kann f\u00fcr die damalige Schmelze der Alpengletscher, die sich vor allem zwischen 1850 und 1875 vollzog. \u201eBis 1875 waren bereits rund 80 Prozent des damaligen Gletscherr\u00fcckgangs abgeschlossen\u201c, so Sigl. Doch erst ab 1875 \u00fcberstieg die Menge an industriellem Russ in Mitteleuropa die nat\u00fcrlich in der Atmosph\u00e4re vorhandene Menge. \u201eNur bei den letzten 20 Prozent des R\u00fcckgangs k\u00f6nnte der Russ eventuell einen Einfluss gehabt haben\u201c, stellt Sigl klar.<\/p>\n<p>&nbsp;<\/p>\n<figure id=\"attachment_1885\" aria-describedby=\"caption-attachment-1885\" style=\"width: 680px\" class=\"wp-caption alignnone\"><img loading=\"lazy\" decoding=\"async\" class=\"size-medium wp-image-1885\" src=\"\/\/www.umweltperspektiven.ch\/wp-content\/uploads\/2018\/10\/eisstange-up-umweltperspektiven.jpg\" alt=\"\" width=\"680\" height=\"907\" \/><figcaption id=\"caption-attachment-1885\" class=\"wp-caption-text\">Die Analyse von Gletschereis liefert l\u00fcckenlose Daten von 1740 bis heute zum industriellen Russ. <span class=\"imageCaption\">Die Chemikerin Margit Schwikowski mit einem Eisbohrkern am Colle Gnifetti.<\/span>(Bild: PSI\/Beat Gerber)<\/figcaption><\/figure>\n<p>Die erste H\u00e4lfte des 19. Jahrhunderts war gepr\u00e4gt von mehreren grossen Vulkanausbr\u00fcchen in den Tropen, deren ausgestossene Schwefelpartikel zu einer vor\u00fcbergehenden globalen Abk\u00fchlung f\u00fchrten. In dieser finalen Kaltphase der sogenannten Kleinen Eiszeit wuchsen bis Mitte des 19. Jahrhunderts die Alpengletscher noch einmal stark an. Bislang dachte man, dass ihr R\u00fcckgang ab den 1860er Jahren auch auf den Beginn der Industrialisierung zur\u00fcckzuf\u00fchren sei. Doch die PSI-Ergebnisse wiederlegen diese Theorie nun eindeutig:<\/p>\n<p>Es handelte sich (zun\u00e4chst) lediglich um einen R\u00fcckgang zur vorherigen, ungest\u00f6rten Gletscherausdehnung.<\/p>\n<p><strong>1850 eignet sich nicht als Referenzjahr f\u00fcr Klimamodelle<\/strong><\/p>\n<p>\u201eDie Frage, ab wann der menschliche Einfluss auf das Klima beginnt, ist weiterhin offen\u201c, sagt Sigl. Und dieser Beginn, so zeigt diese Studie, ist aufgrund weiterer Faktoren nicht unbedingt ein geeigneter Referenzwert f\u00fcr Klimamodelle. Sigl sch\u00e4tzt, dass sich die 1750er Jahre besser als vorindustrielle Referenzzeit eignen, also ein Zeitpunkt vor der Kleinen Eiszeit. Auch bisher wird schon \u2013 wann immer es die d\u00fcnne Datenlage vergangener Jahrhunderte erm\u00f6glicht \u2013 1750 als Referenzjahr angenommen, wenn es in Klimamodellen darum geht, Daten aus der vorindustriellen Zeit mit denen nach Beginn der Industrialisierung zu vergleichen. \u201eDas ist sinnvoll, denn dass das Klima in der Mitte des 19. Jahrhunderts nicht das urt\u00fcmliche war, sehen wir in unseren Daten nun deutlich.\u201c<\/p>\n<p><strong>Zuk\u00fcnftige Klimamodelle ber\u00fccksichtigen die Russdaten<br \/>\n<\/strong><\/p>\n<p><strong>\u00a0<\/strong>In Modellrechnungen zum Klimawandel geht auch der zeitliche Verlauf der Russmenge in der Atmosph\u00e4re als eine von vielen Variablen ein. \u201eBisher wird von den Modellierern jedoch ein Sch\u00e4tzwert der jeweiligen Russmenge eingesetzt\u201c, so Sigl. Vor allem f\u00fcr das 19. Jahrhundert liegen hierbei nur grobe Sch\u00e4tzungen der einzelnen Industrienationen auf Grundlage des damaligen Energieverbrauchs zugrunde. F\u00fcr die zweite H\u00e4lfte des 19. Jahrhunderts wurde bislang ein linearer Anstieg der Russmenge in der Atmosph\u00e4re angenommen, so Sigl. Dass dies nicht der Realit\u00e4t entspricht, l\u00e4sst sich dank der Eisbohrkernuntersuchungen von Sigl und seinen Mitforschenden nun belegen.<\/p>\n<p>Die Forschenden pl\u00e4dieren daher daf\u00fcr, dass in zuk\u00fcnftigen Modellrechnungen experimentelle Russdaten Einzug erhalten. Diese Modelle wiederum bilden einen wichtigen Teil des Berichts, den der als Weltklimarat bekannte IPCC, der Intergovernmental Panel on Climate Change, rund alle sieben Jahre herausgibt.<\/p>\n<p>\u201eIm IPCC-Bericht haben die Modellrechnungen, die das Klima seit 1850 mathematisch nachvollziehen, eine zentrale Rolle\u201c, unterstreicht Margit Schwikowski, Leiterin des Projekts, in dessen Rahmen die Untersuchungen durchgef\u00fchrt wurden. \u201eMit unserer Forschung haben wir nun dazu beigetragen, dass die Wissenschaftsgruppen, die solche Klimamodelle erstellen, im Bereich des industriellen Russes auf experimentelle Daten zur\u00fcckgreifen werden k\u00f6nnen.\u201c<\/p>\n<p><a href=\"\/\/www.psi.ch\">http:\/\/www.psi.ch<\/a><\/p>\n<p><em>\u00a0<\/em><\/p>\n","protected":false},"excerpt":{"rendered":"<p>Die Gr\u00fcnde, wleche zur Kleinen Eiszeit, zur Abk\u00fchlung der Erde beitrugen sind nun bekannt. Die Ergebnisse wurden im Oktober 2018 in der wissenschaftlichen Fachzeitschrift The Cryosphere ver\u00f6ffentlicht. In der ersten H\u00e4lfte des 19. Jahrhunderts f\u00fchrte eine Serie grosser Vulkanausbr\u00fcche in den Tropen zu einer vor\u00fcbergehenden globalen Abk\u00fchlung des Erdklimas. In popul\u00e4rwissenschaftlichen Darstellungen werden oft Bilder [&hellip;]<\/p>\n","protected":false},"author":5,"featured_media":1886,"comment_status":"open","ping_status":"open","sticky":false,"template":"","format":"standard","meta":{"_acf_changed":false,"_yoast_wpseo_focuskw":"Kleinen Eiszeit","_yoast_wpseo_metadesc":"Dass in dieser sogenannten Kleinen Eiszeit die Alpengletscher wuchsen und anschliessend wieder zur\u00fcckgingen, war ein nat\u00fcrlicher Prozess.","articlekey":"","footnotes":""},"categories":[580],"tags":[1026,1298,1511,1529,452],"class_list":["post-1884","post","type-post","status-publish","format-standard","has-post-thumbnail","hentry","category-sustainability","tag-eiszeit","tag-gletscherschmelze","tag-klimaforschung","tag-klimatebellen","tag-statistik"],"acf":[],"yoast_head":"<!-- This site is optimized with the Yoast SEO plugin v27.5 - https:\/\/yoast.com\/product\/yoast-seo-wordpress\/ -->\n<title>Warum die Kleine Eiszeit Mitte des 19. Jahrhunderts endete - Organisator<\/title>\n<meta name=\"description\" content=\"Dass in dieser sogenannten Kleinen Eiszeit die Alpengletscher wuchsen und anschliessend wieder zur\u00fcckgingen, war ein nat\u00fcrlicher Prozess.\" \/>\n<meta name=\"robots\" content=\"index, follow, max-snippet:-1, max-image-preview:large, max-video-preview:-1\" \/>\n<link rel=\"canonical\" href=\"https:\/\/www.organisator.ch\/de\/sustainability\/2018-10-30\/warum-die-kleine-eiszeit-mitte-des-19-jahrhunderts-endete\/\" \/>\n<meta property=\"og:locale\" content=\"de_DE\" \/>\n<meta property=\"og:type\" content=\"article\" \/>\n<meta property=\"og:title\" content=\"Warum die Kleine Eiszeit Mitte des 19. Jahrhunderts endete - Organisator\" \/>\n<meta property=\"og:description\" content=\"Dass in dieser sogenannten Kleinen Eiszeit die Alpengletscher wuchsen und anschliessend wieder zur\u00fcckgingen, war ein nat\u00fcrlicher Prozess.\" \/>\n<meta property=\"og:url\" content=\"https:\/\/www.organisator.ch\/de\/sustainability\/2018-10-30\/warum-die-kleine-eiszeit-mitte-des-19-jahrhunderts-endete\/\" \/>\n<meta property=\"og:site_name\" content=\"Organisator\" \/>\n<meta property=\"article:publisher\" content=\"https:\/\/www.facebook.com\/OrganisatorFachmagazin\" \/>\n<meta property=\"article:published_time\" content=\"2018-10-30T09:37:52+00:00\" \/>\n<meta property=\"article:modified_time\" content=\"2022-02-09T10:06:53+00:00\" \/>\n<meta property=\"og:image\" content=\"https:\/\/www.organisator.ch\/wp-content\/uploads\/2018\/10\/eiszeit_russ-umweltperspektiven-up.jpg\" \/>\n\t<meta property=\"og:image:width\" content=\"2500\" \/>\n\t<meta property=\"og:image:height\" content=\"1667\" \/>\n\t<meta property=\"og:image:type\" content=\"image\/jpeg\" \/>\n<meta name=\"author\" content=\"michael.merz\" \/>\n<meta name=\"twitter:card\" content=\"summary_large_image\" \/>\n<script type=\"application\/ld+json\" class=\"yoast-schema-graph\">{\"@context\":\"https:\\\/\\\/schema.org\",\"@graph\":[{\"@type\":\"Article\",\"@id\":\"https:\\\/\\\/www.organisator.ch\\\/sustainability\\\/2018-10-30\\\/warum-die-kleine-eiszeit-mitte-des-19-jahrhunderts-endete\\\/#article\",\"isPartOf\":{\"@id\":\"https:\\\/\\\/www.organisator.ch\\\/sustainability\\\/2018-10-30\\\/warum-die-kleine-eiszeit-mitte-des-19-jahrhunderts-endete\\\/\"},\"author\":{\"name\":\"michael.merz\",\"@id\":\"https:\\\/\\\/www.organisator.ch\\\/#\\\/schema\\\/person\\\/134708ca9321c57b0362cceb7948ffbd\"},\"headline\":\"Warum die Kleine Eiszeit Mitte des 19. Jahrhunderts endete\",\"datePublished\":\"2018-10-30T09:37:52+00:00\",\"dateModified\":\"2022-02-09T10:06:53+00:00\",\"mainEntityOfPage\":{\"@id\":\"https:\\\/\\\/www.organisator.ch\\\/sustainability\\\/2018-10-30\\\/warum-die-kleine-eiszeit-mitte-des-19-jahrhunderts-endete\\\/\"},\"wordCount\":723,\"commentCount\":0,\"publisher\":{\"@id\":\"https:\\\/\\\/www.organisator.ch\\\/#organization\"},\"image\":{\"@id\":\"https:\\\/\\\/www.organisator.ch\\\/sustainability\\\/2018-10-30\\\/warum-die-kleine-eiszeit-mitte-des-19-jahrhunderts-endete\\\/#primaryimage\"},\"thumbnailUrl\":\"https:\\\/\\\/www.organisator.ch\\\/wp-content\\\/uploads\\\/2018\\\/10\\\/eiszeit_russ-umweltperspektiven-up.jpg\",\"keywords\":[\"Eiszeit\",\"Gletscherschmelze\",\"Klimaforschung\",\"Klimatebellen\",\"Statistik\"],\"articleSection\":[\"SUSTAINABILITY\"],\"inLanguage\":\"de\"},{\"@type\":\"WebPage\",\"@id\":\"https:\\\/\\\/www.organisator.ch\\\/sustainability\\\/2018-10-30\\\/warum-die-kleine-eiszeit-mitte-des-19-jahrhunderts-endete\\\/\",\"url\":\"https:\\\/\\\/www.organisator.ch\\\/sustainability\\\/2018-10-30\\\/warum-die-kleine-eiszeit-mitte-des-19-jahrhunderts-endete\\\/\",\"name\":\"Warum die Kleine Eiszeit Mitte des 19. Jahrhunderts endete - Organisator\",\"isPartOf\":{\"@id\":\"https:\\\/\\\/www.organisator.ch\\\/#website\"},\"primaryImageOfPage\":{\"@id\":\"https:\\\/\\\/www.organisator.ch\\\/sustainability\\\/2018-10-30\\\/warum-die-kleine-eiszeit-mitte-des-19-jahrhunderts-endete\\\/#primaryimage\"},\"image\":{\"@id\":\"https:\\\/\\\/www.organisator.ch\\\/sustainability\\\/2018-10-30\\\/warum-die-kleine-eiszeit-mitte-des-19-jahrhunderts-endete\\\/#primaryimage\"},\"thumbnailUrl\":\"https:\\\/\\\/www.organisator.ch\\\/wp-content\\\/uploads\\\/2018\\\/10\\\/eiszeit_russ-umweltperspektiven-up.jpg\",\"datePublished\":\"2018-10-30T09:37:52+00:00\",\"dateModified\":\"2022-02-09T10:06:53+00:00\",\"description\":\"Dass in dieser sogenannten Kleinen Eiszeit die Alpengletscher wuchsen und anschliessend wieder zur\u00fcckgingen, war ein nat\u00fcrlicher Prozess.\",\"breadcrumb\":{\"@id\":\"https:\\\/\\\/www.organisator.ch\\\/sustainability\\\/2018-10-30\\\/warum-die-kleine-eiszeit-mitte-des-19-jahrhunderts-endete\\\/#breadcrumb\"},\"inLanguage\":\"de\",\"potentialAction\":[{\"@type\":\"ReadAction\",\"target\":[\"https:\\\/\\\/www.organisator.ch\\\/sustainability\\\/2018-10-30\\\/warum-die-kleine-eiszeit-mitte-des-19-jahrhunderts-endete\\\/\"]}]},{\"@type\":\"ImageObject\",\"inLanguage\":\"de\",\"@id\":\"https:\\\/\\\/www.organisator.ch\\\/sustainability\\\/2018-10-30\\\/warum-die-kleine-eiszeit-mitte-des-19-jahrhunderts-endete\\\/#primaryimage\",\"url\":\"https:\\\/\\\/www.organisator.ch\\\/wp-content\\\/uploads\\\/2018\\\/10\\\/eiszeit_russ-umweltperspektiven-up.jpg\",\"contentUrl\":\"https:\\\/\\\/www.organisator.ch\\\/wp-content\\\/uploads\\\/2018\\\/10\\\/eiszeit_russ-umweltperspektiven-up.jpg\",\"width\":2500,\"height\":1667,\"caption\":\"Das Camp der Forschenden im Jahr 2015 auf dem s\u00fcd\u00f6stlich von Zermatt gelegenen Colle Gnifetti. (Bild: PSI\\\/ Michael Sigl)\"},{\"@type\":\"BreadcrumbList\",\"@id\":\"https:\\\/\\\/www.organisator.ch\\\/sustainability\\\/2018-10-30\\\/warum-die-kleine-eiszeit-mitte-des-19-jahrhunderts-endete\\\/#breadcrumb\",\"itemListElement\":[{\"@type\":\"ListItem\",\"position\":1,\"name\":\"Home\",\"item\":\"https:\\\/\\\/www.organisator.ch\\\/\"},{\"@type\":\"ListItem\",\"position\":2,\"name\":\"Warum die Kleine Eiszeit Mitte des 19. Jahrhunderts endete\"}]},{\"@type\":\"WebSite\",\"@id\":\"https:\\\/\\\/www.organisator.ch\\\/#website\",\"url\":\"https:\\\/\\\/www.organisator.ch\\\/\",\"name\":\"Organisator\",\"description\":\"Kompetent. Praxisnah. Der ORGANISATOR bereitet in 10 Ausgaben pro Jahr die wesentlichen Themen f\u00fcr F\u00fchrungskr\u00e4fte von KMU auf.\",\"publisher\":{\"@id\":\"https:\\\/\\\/www.organisator.ch\\\/#organization\"},\"potentialAction\":[{\"@type\":\"SearchAction\",\"target\":{\"@type\":\"EntryPoint\",\"urlTemplate\":\"https:\\\/\\\/www.organisator.ch\\\/?s={search_term_string}\"},\"query-input\":{\"@type\":\"PropertyValueSpecification\",\"valueRequired\":true,\"valueName\":\"search_term_string\"}}],\"inLanguage\":\"de\"},{\"@type\":\"Organization\",\"@id\":\"https:\\\/\\\/www.organisator.ch\\\/#organization\",\"name\":\"Organisator\",\"url\":\"https:\\\/\\\/www.organisator.ch\\\/\",\"logo\":{\"@type\":\"ImageObject\",\"inLanguage\":\"de\",\"@id\":\"https:\\\/\\\/www.organisator.ch\\\/#\\\/schema\\\/logo\\\/image\\\/\",\"url\":\"https:\\\/\\\/www.organisator.ch\\\/wp-content\\\/uploads\\\/2022\\\/01\\\/Logo_Organisator_Website.png\",\"contentUrl\":\"https:\\\/\\\/www.organisator.ch\\\/wp-content\\\/uploads\\\/2022\\\/01\\\/Logo_Organisator_Website.png\",\"width\":800,\"height\":77,\"caption\":\"Organisator\"},\"image\":{\"@id\":\"https:\\\/\\\/www.organisator.ch\\\/#\\\/schema\\\/logo\\\/image\\\/\"},\"sameAs\":[\"https:\\\/\\\/www.facebook.com\\\/OrganisatorFachmagazin\",\"https:\\\/\\\/www.linkedin.com\\\/showcase\\\/organisator-das-magazin-fr-kmu\",\"https:\\\/\\\/www.xing.com\\\/news\\\/pages\\\/organisator-ch-695\",\"https:\\\/\\\/www.youtube.com\\\/channel\\\/UCGP2Sq0iWaZwT3BdIAQFYpw\"]},{\"@type\":\"Person\",\"@id\":\"https:\\\/\\\/www.organisator.ch\\\/#\\\/schema\\\/person\\\/134708ca9321c57b0362cceb7948ffbd\",\"name\":\"michael.merz\",\"image\":{\"@type\":\"ImageObject\",\"inLanguage\":\"de\",\"@id\":\"https:\\\/\\\/secure.gravatar.com\\\/avatar\\\/?s=96&d=mm&r=g\",\"url\":\"https:\\\/\\\/secure.gravatar.com\\\/avatar\\\/?s=96&d=mm&r=g\",\"contentUrl\":\"https:\\\/\\\/secure.gravatar.com\\\/avatar\\\/?s=96&d=mm&r=g\",\"caption\":\"michael.merz\"},\"url\":\"https:\\\/\\\/www.organisator.ch\\\/de\\\/author\\\/michael-merz\\\/\"}]}<\/script>\n<!-- \/ Yoast SEO plugin. -->","yoast_head_json":{"title":"Warum die Kleine Eiszeit Mitte des 19. Jahrhunderts endete - Organisator","description":"Dass in dieser sogenannten Kleinen Eiszeit die Alpengletscher wuchsen und anschliessend wieder zur\u00fcckgingen, war ein nat\u00fcrlicher Prozess.","robots":{"index":"index","follow":"follow","max-snippet":"max-snippet:-1","max-image-preview":"max-image-preview:large","max-video-preview":"max-video-preview:-1"},"canonical":"https:\/\/www.organisator.ch\/de\/sustainability\/2018-10-30\/warum-die-kleine-eiszeit-mitte-des-19-jahrhunderts-endete\/","og_locale":"de_DE","og_type":"article","og_title":"Warum die Kleine Eiszeit Mitte des 19. Jahrhunderts endete - Organisator","og_description":"Dass in dieser sogenannten Kleinen Eiszeit die Alpengletscher wuchsen und anschliessend wieder zur\u00fcckgingen, war ein nat\u00fcrlicher Prozess.","og_url":"https:\/\/www.organisator.ch\/de\/sustainability\/2018-10-30\/warum-die-kleine-eiszeit-mitte-des-19-jahrhunderts-endete\/","og_site_name":"Organisator","article_publisher":"https:\/\/www.facebook.com\/OrganisatorFachmagazin","article_published_time":"2018-10-30T09:37:52+00:00","article_modified_time":"2022-02-09T10:06:53+00:00","og_image":[{"width":2500,"height":1667,"url":"https:\/\/www.organisator.ch\/wp-content\/uploads\/2018\/10\/eiszeit_russ-umweltperspektiven-up.jpg","type":"image\/jpeg"}],"author":"michael.merz","twitter_card":"summary_large_image","schema":{"@context":"https:\/\/schema.org","@graph":[{"@type":"Article","@id":"https:\/\/www.organisator.ch\/sustainability\/2018-10-30\/warum-die-kleine-eiszeit-mitte-des-19-jahrhunderts-endete\/#article","isPartOf":{"@id":"https:\/\/www.organisator.ch\/sustainability\/2018-10-30\/warum-die-kleine-eiszeit-mitte-des-19-jahrhunderts-endete\/"},"author":{"name":"michael.merz","@id":"https:\/\/www.organisator.ch\/#\/schema\/person\/134708ca9321c57b0362cceb7948ffbd"},"headline":"Warum die Kleine Eiszeit Mitte des 19. Jahrhunderts endete","datePublished":"2018-10-30T09:37:52+00:00","dateModified":"2022-02-09T10:06:53+00:00","mainEntityOfPage":{"@id":"https:\/\/www.organisator.ch\/sustainability\/2018-10-30\/warum-die-kleine-eiszeit-mitte-des-19-jahrhunderts-endete\/"},"wordCount":723,"commentCount":0,"publisher":{"@id":"https:\/\/www.organisator.ch\/#organization"},"image":{"@id":"https:\/\/www.organisator.ch\/sustainability\/2018-10-30\/warum-die-kleine-eiszeit-mitte-des-19-jahrhunderts-endete\/#primaryimage"},"thumbnailUrl":"https:\/\/www.organisator.ch\/wp-content\/uploads\/2018\/10\/eiszeit_russ-umweltperspektiven-up.jpg","keywords":["Eiszeit","Gletscherschmelze","Klimaforschung","Klimatebellen","Statistik"],"articleSection":["SUSTAINABILITY"],"inLanguage":"de"},{"@type":"WebPage","@id":"https:\/\/www.organisator.ch\/sustainability\/2018-10-30\/warum-die-kleine-eiszeit-mitte-des-19-jahrhunderts-endete\/","url":"https:\/\/www.organisator.ch\/sustainability\/2018-10-30\/warum-die-kleine-eiszeit-mitte-des-19-jahrhunderts-endete\/","name":"Warum die Kleine Eiszeit Mitte des 19. Jahrhunderts endete - Organisator","isPartOf":{"@id":"https:\/\/www.organisator.ch\/#website"},"primaryImageOfPage":{"@id":"https:\/\/www.organisator.ch\/sustainability\/2018-10-30\/warum-die-kleine-eiszeit-mitte-des-19-jahrhunderts-endete\/#primaryimage"},"image":{"@id":"https:\/\/www.organisator.ch\/sustainability\/2018-10-30\/warum-die-kleine-eiszeit-mitte-des-19-jahrhunderts-endete\/#primaryimage"},"thumbnailUrl":"https:\/\/www.organisator.ch\/wp-content\/uploads\/2018\/10\/eiszeit_russ-umweltperspektiven-up.jpg","datePublished":"2018-10-30T09:37:52+00:00","dateModified":"2022-02-09T10:06:53+00:00","description":"Dass in dieser sogenannten Kleinen Eiszeit die Alpengletscher wuchsen und anschliessend wieder zur\u00fcckgingen, war ein nat\u00fcrlicher Prozess.","breadcrumb":{"@id":"https:\/\/www.organisator.ch\/sustainability\/2018-10-30\/warum-die-kleine-eiszeit-mitte-des-19-jahrhunderts-endete\/#breadcrumb"},"inLanguage":"de","potentialAction":[{"@type":"ReadAction","target":["https:\/\/www.organisator.ch\/sustainability\/2018-10-30\/warum-die-kleine-eiszeit-mitte-des-19-jahrhunderts-endete\/"]}]},{"@type":"ImageObject","inLanguage":"de","@id":"https:\/\/www.organisator.ch\/sustainability\/2018-10-30\/warum-die-kleine-eiszeit-mitte-des-19-jahrhunderts-endete\/#primaryimage","url":"https:\/\/www.organisator.ch\/wp-content\/uploads\/2018\/10\/eiszeit_russ-umweltperspektiven-up.jpg","contentUrl":"https:\/\/www.organisator.ch\/wp-content\/uploads\/2018\/10\/eiszeit_russ-umweltperspektiven-up.jpg","width":2500,"height":1667,"caption":"Das Camp der Forschenden im Jahr 2015 auf dem s\u00fcd\u00f6stlich von Zermatt gelegenen Colle Gnifetti. (Bild: PSI\/ Michael Sigl)"},{"@type":"BreadcrumbList","@id":"https:\/\/www.organisator.ch\/sustainability\/2018-10-30\/warum-die-kleine-eiszeit-mitte-des-19-jahrhunderts-endete\/#breadcrumb","itemListElement":[{"@type":"ListItem","position":1,"name":"Home","item":"https:\/\/www.organisator.ch\/"},{"@type":"ListItem","position":2,"name":"Warum die Kleine Eiszeit Mitte des 19. Jahrhunderts endete"}]},{"@type":"WebSite","@id":"https:\/\/www.organisator.ch\/#website","url":"https:\/\/www.organisator.ch\/","name":"Organisator","description":"Kompetent. Praxisnah. Der ORGANISATOR bereitet in 10 Ausgaben pro Jahr die wesentlichen Themen f\u00fcr F\u00fchrungskr\u00e4fte von KMU auf.","publisher":{"@id":"https:\/\/www.organisator.ch\/#organization"},"potentialAction":[{"@type":"SearchAction","target":{"@type":"EntryPoint","urlTemplate":"https:\/\/www.organisator.ch\/?s={search_term_string}"},"query-input":{"@type":"PropertyValueSpecification","valueRequired":true,"valueName":"search_term_string"}}],"inLanguage":"de"},{"@type":"Organization","@id":"https:\/\/www.organisator.ch\/#organization","name":"Organisator","url":"https:\/\/www.organisator.ch\/","logo":{"@type":"ImageObject","inLanguage":"de","@id":"https:\/\/www.organisator.ch\/#\/schema\/logo\/image\/","url":"https:\/\/www.organisator.ch\/wp-content\/uploads\/2022\/01\/Logo_Organisator_Website.png","contentUrl":"https:\/\/www.organisator.ch\/wp-content\/uploads\/2022\/01\/Logo_Organisator_Website.png","width":800,"height":77,"caption":"Organisator"},"image":{"@id":"https:\/\/www.organisator.ch\/#\/schema\/logo\/image\/"},"sameAs":["https:\/\/www.facebook.com\/OrganisatorFachmagazin","https:\/\/www.linkedin.com\/showcase\/organisator-das-magazin-fr-kmu","https:\/\/www.xing.com\/news\/pages\/organisator-ch-695","https:\/\/www.youtube.com\/channel\/UCGP2Sq0iWaZwT3BdIAQFYpw"]},{"@type":"Person","@id":"https:\/\/www.organisator.ch\/#\/schema\/person\/134708ca9321c57b0362cceb7948ffbd","name":"michael.merz","image":{"@type":"ImageObject","inLanguage":"de","@id":"https:\/\/secure.gravatar.com\/avatar\/?s=96&d=mm&r=g","url":"https:\/\/secure.gravatar.com\/avatar\/?s=96&d=mm&r=g","contentUrl":"https:\/\/secure.gravatar.com\/avatar\/?s=96&d=mm&r=g","caption":"michael.merz"},"url":"https:\/\/www.organisator.ch\/de\/author\/michael-merz\/"}]}},"_links":{"self":[{"href":"https:\/\/www.organisator.ch\/de\/wp-json\/wp\/v2\/posts\/1884","targetHints":{"allow":["GET"]}}],"collection":[{"href":"https:\/\/www.organisator.ch\/de\/wp-json\/wp\/v2\/posts"}],"about":[{"href":"https:\/\/www.organisator.ch\/de\/wp-json\/wp\/v2\/types\/post"}],"author":[{"embeddable":true,"href":"https:\/\/www.organisator.ch\/de\/wp-json\/wp\/v2\/users\/5"}],"replies":[{"embeddable":true,"href":"https:\/\/www.organisator.ch\/de\/wp-json\/wp\/v2\/comments?post=1884"}],"version-history":[{"count":1,"href":"https:\/\/www.organisator.ch\/de\/wp-json\/wp\/v2\/posts\/1884\/revisions"}],"predecessor-version":[{"id":10707,"href":"https:\/\/www.organisator.ch\/de\/wp-json\/wp\/v2\/posts\/1884\/revisions\/10707"}],"wp:featuredmedia":[{"embeddable":true,"href":"https:\/\/www.organisator.ch\/de\/wp-json\/wp\/v2\/media\/1886"}],"wp:attachment":[{"href":"https:\/\/www.organisator.ch\/de\/wp-json\/wp\/v2\/media?parent=1884"}],"wp:term":[{"taxonomy":"category","embeddable":true,"href":"https:\/\/www.organisator.ch\/de\/wp-json\/wp\/v2\/categories?post=1884"},{"taxonomy":"post_tag","embeddable":true,"href":"https:\/\/www.organisator.ch\/de\/wp-json\/wp\/v2\/tags?post=1884"}],"curies":[{"name":"wp","href":"https:\/\/api.w.org\/{rel}","templated":true}]}}