{"id":18939,"date":"2023-02-21T14:50:54","date_gmt":"2023-02-21T13:50:54","guid":{"rendered":"https:\/\/www.organisator.ch\/?p=18939"},"modified":"2023-03-08T08:40:33","modified_gmt":"2023-03-08T07:40:33","slug":"die-selbstwirksamkeit-erhoehen","status":"publish","type":"post","link":"https:\/\/www.organisator.ch\/de\/human-resources\/2023-02-21\/die-selbstwirksamkeit-erhoehen\/","title":{"rendered":"Die Selbstwirksamkeit erh\u00f6hen"},"content":{"rendered":"<figure id=\"attachment_18940\" aria-describedby=\"caption-attachment-18940\" style=\"width: 680px\" class=\"wp-caption alignnone\"><img loading=\"lazy\" decoding=\"async\" class=\"size-full wp-image-18940\" src=\"https:\/\/www.organisator.ch\/wp-content\/uploads\/2023\/02\/Die-Selbstwirksamkeit-erhoehen_Organisator.jpg\" alt=\"\" width=\"680\" height=\"381\" srcset=\"https:\/\/www.organisator.ch\/wp-content\/uploads\/2023\/02\/Die-Selbstwirksamkeit-erhoehen_Organisator.jpg 680w, https:\/\/www.organisator.ch\/wp-content\/uploads\/2023\/02\/Die-Selbstwirksamkeit-erhoehen_Organisator-18x10.jpg 18w, https:\/\/www.organisator.ch\/wp-content\/uploads\/2023\/02\/Die-Selbstwirksamkeit-erhoehen_Organisator-375x210.jpg 375w, https:\/\/www.organisator.ch\/wp-content\/uploads\/2023\/02\/Die-Selbstwirksamkeit-erhoehen_Organisator-625x350.jpg 625w\" sizes=\"auto, (max-width: 680px) 100vw, 680px\" \/><figcaption id=\"caption-attachment-18940\" class=\"wp-caption-text\">Neue Herausforderungen beherzt anpacken. Das sollten wir lernen \u2013 um attraktive Arbeitskr\u00e4fte zu bleiben und unser Leben mit Erfolg zu meistern. (Bild: Pixabay.com)<\/figcaption><\/figure>\n<p>Menschen sind verschieden. Diese Erfahrung sammeln wir t\u00e4glich \u2013 beruflich und privat. So registrieren wir zum Beispiel, dass manche Frauen und M\u00e4nner bei neuen Herausforderungen sofort denken: Das kann ich nicht. Entsprechend unmotiviert gehen sie die Aufgabe an und entsprechend gering sind ihre Erfolgsaussichten. Andere hingegen denken bei derselben Herausforderung zwar zun\u00e4chst auch: Oh Schreck. Doch dann: Irgendwie schaffe ich das schon. Also gehen sie die Aufgabe voller Elan an. Meist mit Erfolg \u2013 auch weil sie nach dem ersten Fehlversuch die Flinte nicht sogleich ins Korn werfen.<\/p>\n<h3>Neue Schl\u00fcsselkompetenz: beruflich und privat<\/h3>\n<p>Eine solche Zuversicht wird immer wichtiger. Denn in unserer modernen Welt werden wir permanent mit neuen Herausforderungen konfrontiert. Also wird es zu einer Schl\u00fcsselkompetenz, mit ihnen ad\u00e4quat umzugehen. Das haben auch die Unternehmen erkannt. Sie erwarten von ihren Mitarbeitenden zunehmend, dass sie sich neuen Herausforderungen stellen und diese meistern; des Weiteren, dass sie sich eigeninitiativ die F\u00e4higkeiten aneignen, die sie im Beruf (k\u00fcnftig) brauchen. Oder anders formuliert: Ihre Mitarbeitenden sollen selbstwirksamer sein.<\/p>\n<p>Laut Untersuchungen des kanadischen Lerntheoretikers Albert Bandura, der leider 2021 verstarb, speist sich unsere Selbstwirksamkeit aus vier Quellen:<\/p>\n<ol>\n<li><em>Eigene Erfahrungen: <\/em>Sie sind sehr wichtig. Denn wer schon wiederholt die Erfahrung gesammelt hat \u201eIch kann schwierige Aufgaben l\u00f6sen\u201c, traut sich dies auch bei neuen zu.<\/li>\n<li><em> Vorbilder: <\/em>Beobachtet eine Person eine andere beim L\u00f6sen einer schwierigen Aufgabe, dann kann dies ebenfalls ihr Selbstvertrauen st\u00e4rken \u2013 getreu der Maxime: \u201eWenn der oder die das kann, dann kann ich das auch!\u201c<\/li>\n<li><em> Unterst\u00fctzung: <\/em>Auch das Wissen \u201eWenn es eng wird, habe ich Unterst\u00fctzer\u201c ermutigt.<\/li>\n<li><em> Reaktionen und Emotionen: <\/em>Menschen schlie\u00dfen aus ihren k\u00f6rperlichen Reaktionen auf ihre F\u00e4higkeiten. Versp\u00fcren sie zum Beispiel Herzrasen bei einer Aufgabe, dann denken sie oft unmittelbar: Ich kann das nicht. Also ist es wichtig, analysieren zu k\u00f6nnen: Ist meine Reaktion der Aufgabe angemessen?<\/li>\n<\/ol>\n<h3>Die Selbstwirksamkeit Schritt f\u00fcr Schritt erh\u00f6hen<\/h3>\n<p>Wer seine Selbstwirksamkeit steigern m\u00f6chte, sollte sich also regelm\u00e4ssig Herausforderungen stellen, bei denen er zun\u00e4chst vermutet: Diese Aufgabe k\u00f6nnte mich \u00fcberfordern. Denn hieran wachsen wir.<\/p>\n<p>Sinnvoll ist es, die Aufgabe als Projekt zu betrachten und zun\u00e4chst zu analysieren: Welche Teilaufgaben sind hiermit verbunden? Danach k\u00f6nnen wir ermitteln, warum wir vor bestimmten Teilaufgaben zur\u00fcckschrecken. Zum Beispiel, weil wir hiermit noch keine Erfahrung haben? Haben wir dies ermittelt, k\u00f6nnen wir die n\u00f6tige Unterst\u00fctzung organisieren. Ausserdem k\u00f6nnen wir aus den Teilaufgaben Teilziele ableiten, die es auf dem Weg zum grossen Ziel zu erreichen gilt.<\/p>\n<p>Das Definieren von Teilzielen ist f\u00fcr den Fall wichtig, dass wir das Projektziel nur teilweise erreichen. Dann k\u00f6nnen wir anhand der erreichten Teilziele ermitteln, welche Teilaufgaben wir mit Bravour gel\u00f6st haben und welche nicht. Wir k\u00f6nnen also unser \u201eScheitern\u201c relativieren. Au\u00dferdem k\u00f6nnen wir so analysieren, welche neuen F\u00e4higkeiten wir erworben haben und wo noch Lernbedarf besteht.<\/p>\n<p>Wenn wir beim Bew\u00e4ltigen von herausfordernden Aufgaben so vorgehen, begeben wir uns in eine Lernspirale, die zu einem stetigen Ausbau unserer Kompetenz und Selbstwirksamkeit f\u00fchrt.<\/p>\n<p><em><strong>Zum Autor:<br \/>\n<\/strong>Joachim Simon, Braunschweig, ist als F\u00fchrungskr\u00e4ftetrainer und Vortragsredner auf das Thema (Self-)Leadership spezialisiert (<a href=\"http:\/\/www.joachimsimon.info\">www.joachimsimon.info<\/a>). Er ist u.a. Autor des Buchs \u201eSelbstverantwortung im Unternehmen\u201c und Co-Founder der (Self-)Leadership-Coaching-App Mindshine (www.mindshine.app). Von ihm erschien auch schon<a href=\"https:\/\/www.organisator.ch\/de\/management\/2022-07-21\/hochqualifizierte-selbstbewusste-mitarbeiter-fuehren\/\"> dieser Artikel<\/a>.<\/em><\/p>\n","protected":false},"excerpt":{"rendered":"<p>Menschen sind verschieden. Diese Erfahrung sammeln wir t\u00e4glich \u2013 beruflich und privat. So registrieren wir zum Beispiel, dass manche Frauen und M\u00e4nner bei neuen Herausforderungen sofort denken: Das kann ich nicht. Entsprechend unmotiviert gehen sie die Aufgabe an und entsprechend gering sind ihre Erfolgsaussichten. Andere hingegen denken bei derselben Herausforderung zwar zun\u00e4chst auch: Oh Schreck. [&hellip;]<\/p>\n","protected":false},"author":4,"featured_media":18940,"comment_status":"closed","ping_status":"closed","sticky":false,"template":"","format":"standard","meta":{"_acf_changed":false,"_yoast_wpseo_focuskw":"Selbstwirksamkeit","_yoast_wpseo_metadesc":"Neue Herausforderungen beherzt anpacken: Mit mehr Selbstwirksamkeit k\u00f6nnen wir lernen, unser Leben mit Erfolg zu meistern.","articlekey":"","footnotes":""},"categories":[579],"tags":[208,254,429],"class_list":["post-18939","post","type-post","status-publish","format-standard","has-post-thumbnail","hentry","category-human-resources","tag-fit-im-job","tag-hrm","tag-selbstmanagement"],"acf":[],"yoast_head":"<!-- This site is optimized with the Yoast SEO plugin v27.5 - https:\/\/yoast.com\/product\/yoast-seo-wordpress\/ -->\n<title>Die Selbstwirksamkeit erh\u00f6hen - Organisator<\/title>\n<meta name=\"description\" content=\"Neue Herausforderungen beherzt anpacken: Mit mehr Selbstwirksamkeit k\u00f6nnen wir lernen, unser Leben mit Erfolg zu meistern.\" \/>\n<meta name=\"robots\" content=\"index, follow, max-snippet:-1, max-image-preview:large, max-video-preview:-1\" \/>\n<link rel=\"canonical\" href=\"https:\/\/www.organisator.ch\/de\/human-resources\/2023-02-21\/die-selbstwirksamkeit-erhoehen\/\" \/>\n<meta property=\"og:locale\" content=\"de_DE\" \/>\n<meta property=\"og:type\" content=\"article\" \/>\n<meta property=\"og:title\" content=\"Die Selbstwirksamkeit erh\u00f6hen\" \/>\n<meta property=\"og:description\" content=\"Neue Herausforderungen beherzt anpacken: Mit mehr Selbstwirksamkeit k\u00f6nnen wir lernen, unser Leben mit Erfolg zu meistern.\" \/>\n<meta property=\"og:url\" content=\"https:\/\/www.organisator.ch\/de\/human-resources\/2023-02-21\/die-selbstwirksamkeit-erhoehen\/\" \/>\n<meta property=\"og:site_name\" content=\"Organisator\" \/>\n<meta property=\"article:publisher\" content=\"https:\/\/www.facebook.com\/OrganisatorFachmagazin\" \/>\n<meta property=\"article:published_time\" content=\"2023-02-21T13:50:54+00:00\" \/>\n<meta property=\"article:modified_time\" content=\"2023-03-08T07:40:33+00:00\" \/>\n<meta property=\"og:image\" content=\"https:\/\/www.organisator.ch\/wp-content\/uploads\/2023\/02\/Die-Selbstwirksamkeit-erhoehen_Organisator.jpg\" \/>\n\t<meta property=\"og:image:width\" content=\"680\" \/>\n\t<meta property=\"og:image:height\" content=\"381\" \/>\n\t<meta property=\"og:image:type\" content=\"image\/jpeg\" \/>\n<meta name=\"author\" content=\"thomas.berner\" \/>\n<meta name=\"twitter:card\" content=\"summary_large_image\" \/>\n<meta name=\"twitter:title\" content=\"Die #Selbstwirksamkeit erh\u00f6hen\" \/>\n<meta name=\"twitter:description\" content=\"Neue #Herausforderungen beherzt anpacken: Mit mehr #Selbstwirksamkeit k\u00f6nnen wir lernen, unser Leben mit Erfolg zu meistern.\" \/>\n<meta name=\"twitter:image\" content=\"https:\/\/www.organisator.ch\/wp-content\/uploads\/2023\/02\/Die-Selbstwirksamkeit-erhoehen_Organisator.jpg\" \/>\n<script type=\"application\/ld+json\" class=\"yoast-schema-graph\">{\"@context\":\"https:\\\/\\\/schema.org\",\"@graph\":[{\"@type\":\"Article\",\"@id\":\"https:\\\/\\\/www.organisator.ch\\\/human-resources\\\/2023-02-21\\\/die-selbstwirksamkeit-erhoehen\\\/#article\",\"isPartOf\":{\"@id\":\"https:\\\/\\\/www.organisator.ch\\\/human-resources\\\/2023-02-21\\\/die-selbstwirksamkeit-erhoehen\\\/\"},\"author\":{\"name\":\"thomas.berner\",\"@id\":\"https:\\\/\\\/www.organisator.ch\\\/#\\\/schema\\\/person\\\/6f650f90b2842cd4c0cc334b4e36f67e\"},\"headline\":\"Die Selbstwirksamkeit erh\u00f6hen\",\"datePublished\":\"2023-02-21T13:50:54+00:00\",\"dateModified\":\"2023-03-08T07:40:33+00:00\",\"mainEntityOfPage\":{\"@id\":\"https:\\\/\\\/www.organisator.ch\\\/human-resources\\\/2023-02-21\\\/die-selbstwirksamkeit-erhoehen\\\/\"},\"wordCount\":592,\"publisher\":{\"@id\":\"https:\\\/\\\/www.organisator.ch\\\/#organization\"},\"image\":{\"@id\":\"https:\\\/\\\/www.organisator.ch\\\/human-resources\\\/2023-02-21\\\/die-selbstwirksamkeit-erhoehen\\\/#primaryimage\"},\"thumbnailUrl\":\"https:\\\/\\\/www.organisator.ch\\\/wp-content\\\/uploads\\\/2023\\\/02\\\/Die-Selbstwirksamkeit-erhoehen_Organisator.jpg\",\"keywords\":[\"Fit im Job\",\"HRM\",\"Selbstmanagement\"],\"articleSection\":[\"HUMAN RESOURCES\"],\"inLanguage\":\"de\"},{\"@type\":\"WebPage\",\"@id\":\"https:\\\/\\\/www.organisator.ch\\\/human-resources\\\/2023-02-21\\\/die-selbstwirksamkeit-erhoehen\\\/\",\"url\":\"https:\\\/\\\/www.organisator.ch\\\/human-resources\\\/2023-02-21\\\/die-selbstwirksamkeit-erhoehen\\\/\",\"name\":\"Die Selbstwirksamkeit erh\u00f6hen - Organisator\",\"isPartOf\":{\"@id\":\"https:\\\/\\\/www.organisator.ch\\\/#website\"},\"primaryImageOfPage\":{\"@id\":\"https:\\\/\\\/www.organisator.ch\\\/human-resources\\\/2023-02-21\\\/die-selbstwirksamkeit-erhoehen\\\/#primaryimage\"},\"image\":{\"@id\":\"https:\\\/\\\/www.organisator.ch\\\/human-resources\\\/2023-02-21\\\/die-selbstwirksamkeit-erhoehen\\\/#primaryimage\"},\"thumbnailUrl\":\"https:\\\/\\\/www.organisator.ch\\\/wp-content\\\/uploads\\\/2023\\\/02\\\/Die-Selbstwirksamkeit-erhoehen_Organisator.jpg\",\"datePublished\":\"2023-02-21T13:50:54+00:00\",\"dateModified\":\"2023-03-08T07:40:33+00:00\",\"description\":\"Neue Herausforderungen beherzt anpacken: Mit mehr Selbstwirksamkeit k\u00f6nnen wir lernen, unser Leben mit Erfolg zu meistern.\",\"breadcrumb\":{\"@id\":\"https:\\\/\\\/www.organisator.ch\\\/human-resources\\\/2023-02-21\\\/die-selbstwirksamkeit-erhoehen\\\/#breadcrumb\"},\"inLanguage\":\"de\",\"potentialAction\":[{\"@type\":\"ReadAction\",\"target\":[\"https:\\\/\\\/www.organisator.ch\\\/human-resources\\\/2023-02-21\\\/die-selbstwirksamkeit-erhoehen\\\/\"]}]},{\"@type\":\"ImageObject\",\"inLanguage\":\"de\",\"@id\":\"https:\\\/\\\/www.organisator.ch\\\/human-resources\\\/2023-02-21\\\/die-selbstwirksamkeit-erhoehen\\\/#primaryimage\",\"url\":\"https:\\\/\\\/www.organisator.ch\\\/wp-content\\\/uploads\\\/2023\\\/02\\\/Die-Selbstwirksamkeit-erhoehen_Organisator.jpg\",\"contentUrl\":\"https:\\\/\\\/www.organisator.ch\\\/wp-content\\\/uploads\\\/2023\\\/02\\\/Die-Selbstwirksamkeit-erhoehen_Organisator.jpg\",\"width\":680,\"height\":381,\"caption\":\"Neue Herausforderungen beherzt anpacken. Das sollten wir lernen \u2013 um attraktive Arbeitskr\u00e4fte zu bleiben und unser Leben mit Erfolg zu meistern. (Bild: Pixabay.com)\"},{\"@type\":\"BreadcrumbList\",\"@id\":\"https:\\\/\\\/www.organisator.ch\\\/human-resources\\\/2023-02-21\\\/die-selbstwirksamkeit-erhoehen\\\/#breadcrumb\",\"itemListElement\":[{\"@type\":\"ListItem\",\"position\":1,\"name\":\"Home\",\"item\":\"https:\\\/\\\/www.organisator.ch\\\/\"},{\"@type\":\"ListItem\",\"position\":2,\"name\":\"Die Selbstwirksamkeit erh\u00f6hen\"}]},{\"@type\":\"WebSite\",\"@id\":\"https:\\\/\\\/www.organisator.ch\\\/#website\",\"url\":\"https:\\\/\\\/www.organisator.ch\\\/\",\"name\":\"Organisator\",\"description\":\"Kompetent. Praxisnah. Der ORGANISATOR bereitet in 10 Ausgaben pro Jahr die wesentlichen Themen f\u00fcr F\u00fchrungskr\u00e4fte von KMU auf.\",\"publisher\":{\"@id\":\"https:\\\/\\\/www.organisator.ch\\\/#organization\"},\"potentialAction\":[{\"@type\":\"SearchAction\",\"target\":{\"@type\":\"EntryPoint\",\"urlTemplate\":\"https:\\\/\\\/www.organisator.ch\\\/?s={search_term_string}\"},\"query-input\":{\"@type\":\"PropertyValueSpecification\",\"valueRequired\":true,\"valueName\":\"search_term_string\"}}],\"inLanguage\":\"de\"},{\"@type\":\"Organization\",\"@id\":\"https:\\\/\\\/www.organisator.ch\\\/#organization\",\"name\":\"Organisator\",\"url\":\"https:\\\/\\\/www.organisator.ch\\\/\",\"logo\":{\"@type\":\"ImageObject\",\"inLanguage\":\"de\",\"@id\":\"https:\\\/\\\/www.organisator.ch\\\/#\\\/schema\\\/logo\\\/image\\\/\",\"url\":\"https:\\\/\\\/www.organisator.ch\\\/wp-content\\\/uploads\\\/2022\\\/01\\\/Logo_Organisator_Website.png\",\"contentUrl\":\"https:\\\/\\\/www.organisator.ch\\\/wp-content\\\/uploads\\\/2022\\\/01\\\/Logo_Organisator_Website.png\",\"width\":800,\"height\":77,\"caption\":\"Organisator\"},\"image\":{\"@id\":\"https:\\\/\\\/www.organisator.ch\\\/#\\\/schema\\\/logo\\\/image\\\/\"},\"sameAs\":[\"https:\\\/\\\/www.facebook.com\\\/OrganisatorFachmagazin\",\"https:\\\/\\\/www.linkedin.com\\\/showcase\\\/organisator-das-magazin-fr-kmu\",\"https:\\\/\\\/www.xing.com\\\/news\\\/pages\\\/organisator-ch-695\",\"https:\\\/\\\/www.youtube.com\\\/channel\\\/UCGP2Sq0iWaZwT3BdIAQFYpw\"]},{\"@type\":\"Person\",\"@id\":\"https:\\\/\\\/www.organisator.ch\\\/#\\\/schema\\\/person\\\/6f650f90b2842cd4c0cc334b4e36f67e\",\"name\":\"thomas.berner\",\"image\":{\"@type\":\"ImageObject\",\"inLanguage\":\"de\",\"@id\":\"https:\\\/\\\/secure.gravatar.com\\\/avatar\\\/ac5001d2a36cb6c6cd3e50789007ffca834b477b74a2144564522e944eabff61?s=96&d=mm&r=g\",\"url\":\"https:\\\/\\\/secure.gravatar.com\\\/avatar\\\/ac5001d2a36cb6c6cd3e50789007ffca834b477b74a2144564522e944eabff61?s=96&d=mm&r=g\",\"contentUrl\":\"https:\\\/\\\/secure.gravatar.com\\\/avatar\\\/ac5001d2a36cb6c6cd3e50789007ffca834b477b74a2144564522e944eabff61?s=96&d=mm&r=g\",\"caption\":\"thomas.berner\"},\"url\":\"https:\\\/\\\/www.organisator.ch\\\/de\\\/author\\\/thomas-berner\\\/\"}]}<\/script>\n<!-- \/ Yoast SEO plugin. -->","yoast_head_json":{"title":"Die Selbstwirksamkeit erh\u00f6hen - Organisator","description":"Neue Herausforderungen beherzt anpacken: Mit mehr Selbstwirksamkeit k\u00f6nnen wir lernen, unser Leben mit Erfolg zu meistern.","robots":{"index":"index","follow":"follow","max-snippet":"max-snippet:-1","max-image-preview":"max-image-preview:large","max-video-preview":"max-video-preview:-1"},"canonical":"https:\/\/www.organisator.ch\/de\/human-resources\/2023-02-21\/die-selbstwirksamkeit-erhoehen\/","og_locale":"de_DE","og_type":"article","og_title":"Die Selbstwirksamkeit erh\u00f6hen","og_description":"Neue Herausforderungen beherzt anpacken: Mit mehr Selbstwirksamkeit k\u00f6nnen wir lernen, unser Leben mit Erfolg zu meistern.","og_url":"https:\/\/www.organisator.ch\/de\/human-resources\/2023-02-21\/die-selbstwirksamkeit-erhoehen\/","og_site_name":"Organisator","article_publisher":"https:\/\/www.facebook.com\/OrganisatorFachmagazin","article_published_time":"2023-02-21T13:50:54+00:00","article_modified_time":"2023-03-08T07:40:33+00:00","og_image":[{"width":680,"height":381,"url":"https:\/\/www.organisator.ch\/wp-content\/uploads\/2023\/02\/Die-Selbstwirksamkeit-erhoehen_Organisator.jpg","type":"image\/jpeg"}],"author":"thomas.berner","twitter_card":"summary_large_image","twitter_title":"Die #Selbstwirksamkeit erh\u00f6hen","twitter_description":"Neue #Herausforderungen beherzt anpacken: Mit mehr #Selbstwirksamkeit k\u00f6nnen wir lernen, unser Leben mit Erfolg zu meistern.","twitter_image":"https:\/\/www.organisator.ch\/wp-content\/uploads\/2023\/02\/Die-Selbstwirksamkeit-erhoehen_Organisator.jpg","schema":{"@context":"https:\/\/schema.org","@graph":[{"@type":"Article","@id":"https:\/\/www.organisator.ch\/human-resources\/2023-02-21\/die-selbstwirksamkeit-erhoehen\/#article","isPartOf":{"@id":"https:\/\/www.organisator.ch\/human-resources\/2023-02-21\/die-selbstwirksamkeit-erhoehen\/"},"author":{"name":"thomas.berner","@id":"https:\/\/www.organisator.ch\/#\/schema\/person\/6f650f90b2842cd4c0cc334b4e36f67e"},"headline":"Die Selbstwirksamkeit erh\u00f6hen","datePublished":"2023-02-21T13:50:54+00:00","dateModified":"2023-03-08T07:40:33+00:00","mainEntityOfPage":{"@id":"https:\/\/www.organisator.ch\/human-resources\/2023-02-21\/die-selbstwirksamkeit-erhoehen\/"},"wordCount":592,"publisher":{"@id":"https:\/\/www.organisator.ch\/#organization"},"image":{"@id":"https:\/\/www.organisator.ch\/human-resources\/2023-02-21\/die-selbstwirksamkeit-erhoehen\/#primaryimage"},"thumbnailUrl":"https:\/\/www.organisator.ch\/wp-content\/uploads\/2023\/02\/Die-Selbstwirksamkeit-erhoehen_Organisator.jpg","keywords":["Fit im Job","HRM","Selbstmanagement"],"articleSection":["HUMAN RESOURCES"],"inLanguage":"de"},{"@type":"WebPage","@id":"https:\/\/www.organisator.ch\/human-resources\/2023-02-21\/die-selbstwirksamkeit-erhoehen\/","url":"https:\/\/www.organisator.ch\/human-resources\/2023-02-21\/die-selbstwirksamkeit-erhoehen\/","name":"Die Selbstwirksamkeit erh\u00f6hen - Organisator","isPartOf":{"@id":"https:\/\/www.organisator.ch\/#website"},"primaryImageOfPage":{"@id":"https:\/\/www.organisator.ch\/human-resources\/2023-02-21\/die-selbstwirksamkeit-erhoehen\/#primaryimage"},"image":{"@id":"https:\/\/www.organisator.ch\/human-resources\/2023-02-21\/die-selbstwirksamkeit-erhoehen\/#primaryimage"},"thumbnailUrl":"https:\/\/www.organisator.ch\/wp-content\/uploads\/2023\/02\/Die-Selbstwirksamkeit-erhoehen_Organisator.jpg","datePublished":"2023-02-21T13:50:54+00:00","dateModified":"2023-03-08T07:40:33+00:00","description":"Neue Herausforderungen beherzt anpacken: Mit mehr Selbstwirksamkeit k\u00f6nnen wir lernen, unser Leben mit Erfolg zu meistern.","breadcrumb":{"@id":"https:\/\/www.organisator.ch\/human-resources\/2023-02-21\/die-selbstwirksamkeit-erhoehen\/#breadcrumb"},"inLanguage":"de","potentialAction":[{"@type":"ReadAction","target":["https:\/\/www.organisator.ch\/human-resources\/2023-02-21\/die-selbstwirksamkeit-erhoehen\/"]}]},{"@type":"ImageObject","inLanguage":"de","@id":"https:\/\/www.organisator.ch\/human-resources\/2023-02-21\/die-selbstwirksamkeit-erhoehen\/#primaryimage","url":"https:\/\/www.organisator.ch\/wp-content\/uploads\/2023\/02\/Die-Selbstwirksamkeit-erhoehen_Organisator.jpg","contentUrl":"https:\/\/www.organisator.ch\/wp-content\/uploads\/2023\/02\/Die-Selbstwirksamkeit-erhoehen_Organisator.jpg","width":680,"height":381,"caption":"Neue Herausforderungen beherzt anpacken. Das sollten wir lernen \u2013 um attraktive Arbeitskr\u00e4fte zu bleiben und unser Leben mit Erfolg zu meistern. (Bild: Pixabay.com)"},{"@type":"BreadcrumbList","@id":"https:\/\/www.organisator.ch\/human-resources\/2023-02-21\/die-selbstwirksamkeit-erhoehen\/#breadcrumb","itemListElement":[{"@type":"ListItem","position":1,"name":"Home","item":"https:\/\/www.organisator.ch\/"},{"@type":"ListItem","position":2,"name":"Die Selbstwirksamkeit erh\u00f6hen"}]},{"@type":"WebSite","@id":"https:\/\/www.organisator.ch\/#website","url":"https:\/\/www.organisator.ch\/","name":"Organisator","description":"Kompetent. Praxisnah. Der ORGANISATOR bereitet in 10 Ausgaben pro Jahr die wesentlichen Themen f\u00fcr F\u00fchrungskr\u00e4fte von KMU auf.","publisher":{"@id":"https:\/\/www.organisator.ch\/#organization"},"potentialAction":[{"@type":"SearchAction","target":{"@type":"EntryPoint","urlTemplate":"https:\/\/www.organisator.ch\/?s={search_term_string}"},"query-input":{"@type":"PropertyValueSpecification","valueRequired":true,"valueName":"search_term_string"}}],"inLanguage":"de"},{"@type":"Organization","@id":"https:\/\/www.organisator.ch\/#organization","name":"Organisator","url":"https:\/\/www.organisator.ch\/","logo":{"@type":"ImageObject","inLanguage":"de","@id":"https:\/\/www.organisator.ch\/#\/schema\/logo\/image\/","url":"https:\/\/www.organisator.ch\/wp-content\/uploads\/2022\/01\/Logo_Organisator_Website.png","contentUrl":"https:\/\/www.organisator.ch\/wp-content\/uploads\/2022\/01\/Logo_Organisator_Website.png","width":800,"height":77,"caption":"Organisator"},"image":{"@id":"https:\/\/www.organisator.ch\/#\/schema\/logo\/image\/"},"sameAs":["https:\/\/www.facebook.com\/OrganisatorFachmagazin","https:\/\/www.linkedin.com\/showcase\/organisator-das-magazin-fr-kmu","https:\/\/www.xing.com\/news\/pages\/organisator-ch-695","https:\/\/www.youtube.com\/channel\/UCGP2Sq0iWaZwT3BdIAQFYpw"]},{"@type":"Person","@id":"https:\/\/www.organisator.ch\/#\/schema\/person\/6f650f90b2842cd4c0cc334b4e36f67e","name":"thomas.berner","image":{"@type":"ImageObject","inLanguage":"de","@id":"https:\/\/secure.gravatar.com\/avatar\/ac5001d2a36cb6c6cd3e50789007ffca834b477b74a2144564522e944eabff61?s=96&d=mm&r=g","url":"https:\/\/secure.gravatar.com\/avatar\/ac5001d2a36cb6c6cd3e50789007ffca834b477b74a2144564522e944eabff61?s=96&d=mm&r=g","contentUrl":"https:\/\/secure.gravatar.com\/avatar\/ac5001d2a36cb6c6cd3e50789007ffca834b477b74a2144564522e944eabff61?s=96&d=mm&r=g","caption":"thomas.berner"},"url":"https:\/\/www.organisator.ch\/de\/author\/thomas-berner\/"}]}},"_links":{"self":[{"href":"https:\/\/www.organisator.ch\/de\/wp-json\/wp\/v2\/posts\/18939","targetHints":{"allow":["GET"]}}],"collection":[{"href":"https:\/\/www.organisator.ch\/de\/wp-json\/wp\/v2\/posts"}],"about":[{"href":"https:\/\/www.organisator.ch\/de\/wp-json\/wp\/v2\/types\/post"}],"author":[{"embeddable":true,"href":"https:\/\/www.organisator.ch\/de\/wp-json\/wp\/v2\/users\/4"}],"replies":[{"embeddable":true,"href":"https:\/\/www.organisator.ch\/de\/wp-json\/wp\/v2\/comments?post=18939"}],"version-history":[{"count":1,"href":"https:\/\/www.organisator.ch\/de\/wp-json\/wp\/v2\/posts\/18939\/revisions"}],"predecessor-version":[{"id":18941,"href":"https:\/\/www.organisator.ch\/de\/wp-json\/wp\/v2\/posts\/18939\/revisions\/18941"}],"wp:featuredmedia":[{"embeddable":true,"href":"https:\/\/www.organisator.ch\/de\/wp-json\/wp\/v2\/media\/18940"}],"wp:attachment":[{"href":"https:\/\/www.organisator.ch\/de\/wp-json\/wp\/v2\/media?parent=18939"}],"wp:term":[{"taxonomy":"category","embeddable":true,"href":"https:\/\/www.organisator.ch\/de\/wp-json\/wp\/v2\/categories?post=18939"},{"taxonomy":"post_tag","embeddable":true,"href":"https:\/\/www.organisator.ch\/de\/wp-json\/wp\/v2\/tags?post=18939"}],"curies":[{"name":"wp","href":"https:\/\/api.w.org\/{rel}","templated":true}]}}