{"id":1895,"date":"2017-05-08T12:08:30","date_gmt":"2017-05-08T10:08:30","guid":{"rendered":"https:\/\/www.organisator.ch\/?p=1895"},"modified":"2017-05-08T12:08:30","modified_gmt":"2017-05-08T10:08:30","slug":"1895-2","status":"publish","type":"post","link":"https:\/\/www.organisator.ch\/de\/allgemein\/2017-05-08\/1895-2\/","title":{"rendered":"Frauen werden selbstsicherer im Job"},"content":{"rendered":"<figure id=\"attachment_1896\" aria-describedby=\"caption-attachment-1896\" style=\"width: 640px\" class=\"wp-caption alignnone\"><img loading=\"lazy\" decoding=\"async\" class=\"size-full wp-image-1896\" src=\"https:\/\/www.organisator.ch\/wp-content\/uploads\/2017\/05\/Frauen-werden-selbstsicherer-im-Job-org-organisator.jpg\" alt=\"\" width=\"640\" height=\"440\" srcset=\"https:\/\/www.organisator.ch\/wp-content\/uploads\/2017\/05\/Frauen-werden-selbstsicherer-im-Job-org-organisator.jpg 640w, https:\/\/www.organisator.ch\/wp-content\/uploads\/2017\/05\/Frauen-werden-selbstsicherer-im-Job-org-organisator-16x12.jpg 16w, https:\/\/www.organisator.ch\/wp-content\/uploads\/2017\/05\/Frauen-werden-selbstsicherer-im-Job-org-organisator-255x175.jpg 255w, https:\/\/www.organisator.ch\/wp-content\/uploads\/2017\/05\/Frauen-werden-selbstsicherer-im-Job-org-organisator-509x350.jpg 509w, https:\/\/www.organisator.ch\/wp-content\/uploads\/2017\/05\/Frauen-werden-selbstsicherer-im-Job-org-organisator-300x206.jpg 300w\" sizes=\"auto, (max-width: 640px) 100vw, 640px\" \/><figcaption id=\"caption-attachment-1896\" class=\"wp-caption-text\">Auch bei den Frauen werden Faktoren in den Bereichen &#8222;Karriere in M\u00e4nnerberufen&#8220; und \u201eAufstiegsm\u00f6glichkeiten und Gehalt \u201c zunehmend wichtiger. (Bild Depositphotos).<\/figcaption><\/figure>\n<p>Frauen werden selbstsicherer, heisst es im &#8222;Universum Talent Research&#8220;. Junge IT-lerinnen zum Beispiel pr\u00e4ferieren vertikale Ausbildungsm\u00f6glichkeiten: Training, Kreativit\u00e4t, Innovation, Flexibilit\u00e4t, ein attraktives Grundgehalt und &#8222;neuerdings&#8220; ein hohes Einkommen. Die Untersuchung bringe eine These zu Tage: Die sogenannten \u201eSoftfactors\u201c sind auch bei Frauen immer weniger relevant, harte Faktoren nehmen zu an Wichtigkeit<\/p>\n<p><strong>Ver\u00e4nderung der &#8222;Softfaktoren&#8220;<\/strong><\/p>\n<p>Frauen seien im Vergleich zu letztem Jahr weniger an den &#8222;Softfactors&#8220; interessiert. So ist das Attribut \u201eRespekt f\u00fcr seine Mitarbeiter\u201c aus den Top 10 Pr\u00e4ferenzen der Untersuchung gefallen (letztes Jahr #5). Auch die Wichtigkeit von \u201eeinem kreativen und dynamischem Arbeitsumfeld\u201c ist gesunken. Auch interessant: \u201eUnterst\u00fctzung f\u00fcr Gleichberechtigung der Geschlechter\u201c wird gar nicht gew\u00e4hlt, bereits letztes Jahr nicht.<\/p>\n<p>Deutlich wichtiger sind Studentinnen &#8222;Gehalt &amp; Aufstiegsm\u00f6glichkeiten&#8220;. So legen Frauen Wert darauf, dass ein Arbeitgeber \u201eihre zuk\u00fcnftige Ausbildung bezahlt\u201c (bei M\u00e4nnern gar nicht in Top 10) und auch ein \u201eattraktives Grundgehalt\u201c ist ihnen wichtig. Frauen haben also genug vom Gender Gap und fordern mehr.<\/p>\n<p>Weniger interessant ist f\u00fcr sie die Aussicht auf \u201eein hohes Einkommen in der Zukunft\u201c, was den M\u00e4nnern durchaus wichtig ist (#4). M\u00e4nnern und Frauen ist eine \u201egute Referenz f\u00fcr die zuk\u00fcnftige Karriere\u201c sehr wichtig, Frauen sind jedoch \u201evielf\u00e4ltige Arbeitsaufgaben\u201c im Job noch wichtiger.<\/p>\n<p><strong>\u00a0Unterschiedliche Pr\u00e4ferenzen <\/strong><\/p>\n<p>\u201eFrauen konzentrieren sich mehr auf den ersten Job und gewichten aktuelle Pr\u00e4ferenzen etwas h\u00f6her als zuk\u00fcnftige. Dies k\u00f6nnte damit in Zusammenhang stehen, dass Frauen keine Geduld mehr haben und vor der Gr\u00fcndung einer Familie Karriere machen m\u00f6chten und somit weniger Geduld haben.\u201c, so Marty.<\/p>\n<p>\u201eProfessionelles Training und Weiterentwicklung\u201c ist studierenden Frauen wichtiger (#5) als studierenden M\u00e4nnern (#9). Auch die \u201evielf\u00e4ltige Arbeitsaufgaben\u201c ist Studentinnen wichtiger (#1) als Studenten (#7).<\/p>\n<p>\u201eFrauen haben wohl erkannt, dass sie mehr fordern k\u00f6nnen und auch selber zum Thema Gleichberechtigung beitragen m\u00fcssen. So fokussieren sie sich vermehrt auf die harten Faktoren rund um die Themen Gehalt, Aufstiegsm\u00f6glichkeiten, Weiterbildung und weniger auf softe Faktoren wie Respekt unter Kollegen oder ein kreatives und dynamisches Arbeitsumfeld bei der Wahl der Arbeitgeber\u201c, sagt Leo Marty, Managing Director Schweiz &amp; \u00d6sterreich bei Universum.<\/p>\n<p><strong><em>\u00a0Bei genauerem Blick auf die Top 10 Pr\u00e4ferenzen, beobachtet man, dass bei M\u00e4nnern &#8222;Gehalt &amp; Aufstiegsm\u00f6glichkeiten&#8220; immer noch etwas wichtiger sind und prim\u00e4r die R\u00e4nge 1-4 belegen und bei Frauen die R\u00e4nge 6-8. <\/em><\/strong><\/p>\n<p><strong>Frauen sind Idealisten und Harmonizer \u2026 <\/strong><\/p>\n<p>Bei Schweizer Studentinnen ist das Karriereprofil der Idealisten mit 18% (M\u00e4nner 9%) und jenes der Harmonizer mit 17% (M\u00e4nner 11%) besonders ausgepr\u00e4gt.<\/p>\n<p>Sogenannte Harmonizer legen viel Wert auf Loyalit\u00e4t, Verantwortungsbewusstsein und Teamgeist. Idealisten m\u00f6chten realisierbare L\u00f6sungen liefern, welche einem guten Zweck dienen. Gleichzeitig m\u00f6chten sie wertgesch\u00e4tzt und respektiert werden.<\/p>\n<p>Idealisten und Harmonizer nehmen im Laufe der Karriere zu. Bei Schweizer Berufst\u00e4tige mit akademischem Hintergrund sind 12% der berufst\u00e4tigen M\u00e4nner und 23% der Frauen Idealisten. Harmonizer machen 13% der arbeitenden M\u00e4nner und 21% der arbeitenden Frauen in der Schweiz aus.<\/p>\n<p>IT-ler fordern nun in erster Linie (#1) \u201eprofessionelles Training &amp; Weiterbildung\u201c (letztes Jahr #5). \u201eFlexible Arbeitsbedingungen\u201c, ein \u201ehohes Einkommen in der Zukunft\u201c und \u201eBezahlung von zuk\u00fcnftiger Ausbildung\u201c sind alle drei neu in den Top 10 Pr\u00e4ferenzen der IT-ler. IT-Studenten sind auch \u201eInnovation\u201c und \u201eAttraktive &amp; interessante Produkte &amp; Dienstleistungen\u201c wichtig. \u201eInnovation\u201c ist sogar wichtiger als ein attraktives Grundgehalt. Bzw. ist Innovation nicht selbstverst\u00e4ndlich f\u00fcr Schweizer IT-ler, ein gutes Sal\u00e4r jedoch schon. Dies ist ein gutes Zeichen f\u00fcr die boomende Start-up Szene, welche auch verzweifelt nach IT-lern sucht, aber nicht zahlungskr\u00e4ftig ist.<\/p>\n<p><em>Mehr \u00fcber die &#8222;Universum Talent Research&#8220; Studie finden Sie auf der Site von <a href=\"http:\/\/universumglobal.com\">universumglobal.com<\/a><\/em><\/p>\n","protected":false},"excerpt":{"rendered":"<p>Frauen werden selbstsicherer, heisst es im &#8222;Universum Talent Research&#8220;. Junge IT-lerinnen zum Beispiel pr\u00e4ferieren vertikale Ausbildungsm\u00f6glichkeiten: Training, Kreativit\u00e4t, Innovation, Flexibilit\u00e4t, ein attraktives Grundgehalt und &#8222;neuerdings&#8220; ein hohes Einkommen. Die Untersuchung bringe eine These zu Tage: Die sogenannten \u201eSoftfactors\u201c sind auch bei Frauen immer weniger relevant, harte Faktoren nehmen zu an Wichtigkeit Ver\u00e4nderung der &#8222;Softfaktoren&#8220; Frauen [&hellip;]<\/p>\n","protected":false},"author":5,"featured_media":1896,"comment_status":"open","ping_status":"open","sticky":false,"template":"","format":"standard","meta":{"_acf_changed":false,"_yoast_wpseo_focuskw":"Frauen selbstsicherer","_yoast_wpseo_metadesc":"Frauen werden selbstsicherer. Sie fordern mehr \u201eharte Faktoren\u201c wie h\u00f6hrere Einkommen vom Arbeitgeber, heisst es im \"Universum Talent Research\".","articlekey":"","footnotes":""},"categories":[1,26],"tags":[170,223,249,415,439],"class_list":["post-1895","post","type-post","status-publish","format-standard","has-post-thumbnail","hentry","category-allgemein","category-hrm","tag-einkommen","tag-frauen","tag-hardfactors","tag-research","tag-softfactors"],"acf":[],"yoast_head":"<!-- This site is optimized with the Yoast SEO plugin v27.4 - https:\/\/yoast.com\/product\/yoast-seo-wordpress\/ -->\n<title>Frauen werden selbstsicherer im Job - Organisator<\/title>\n<meta name=\"description\" content=\"Frauen werden selbstsicherer. Sie fordern mehr \u201eharte Faktoren\u201c wie h\u00f6hrere Einkommen vom Arbeitgeber, heisst es im &quot;Universum Talent Research&quot;.\" \/>\n<meta name=\"robots\" content=\"index, follow, max-snippet:-1, max-image-preview:large, max-video-preview:-1\" \/>\n<link rel=\"canonical\" href=\"https:\/\/www.organisator.ch\/de\/allgemein\/2017-05-08\/1895-2\/\" \/>\n<meta property=\"og:locale\" content=\"de_DE\" \/>\n<meta property=\"og:type\" content=\"article\" \/>\n<meta property=\"og:title\" content=\"Frauen werden selbstsicherer im Job - Organisator\" \/>\n<meta property=\"og:description\" content=\"Frauen werden selbstsicherer. Sie fordern mehr \u201eharte Faktoren\u201c wie h\u00f6hrere Einkommen vom Arbeitgeber, heisst es im &quot;Universum Talent Research&quot;.\" \/>\n<meta property=\"og:url\" content=\"https:\/\/www.organisator.ch\/de\/allgemein\/2017-05-08\/1895-2\/\" \/>\n<meta property=\"og:site_name\" content=\"Organisator\" \/>\n<meta property=\"article:publisher\" content=\"https:\/\/www.facebook.com\/OrganisatorFachmagazin\" \/>\n<meta property=\"article:published_time\" content=\"2017-05-08T10:08:30+00:00\" \/>\n<meta property=\"og:image\" content=\"https:\/\/www.organisator.ch\/wp-content\/uploads\/2017\/05\/Frauen-werden-selbstsicherer-im-Job-org-organisator.jpg\" \/>\n\t<meta property=\"og:image:width\" content=\"640\" \/>\n\t<meta property=\"og:image:height\" content=\"440\" \/>\n\t<meta property=\"og:image:type\" content=\"image\/jpeg\" \/>\n<meta name=\"author\" content=\"michael.merz\" \/>\n<meta name=\"twitter:card\" content=\"summary_large_image\" \/>\n<script type=\"application\/ld+json\" class=\"yoast-schema-graph\">{\"@context\":\"https:\\\/\\\/schema.org\",\"@graph\":[{\"@type\":\"Article\",\"@id\":\"https:\\\/\\\/www.organisator.ch\\\/allgemein\\\/2017-05-08\\\/1895-2\\\/#article\",\"isPartOf\":{\"@id\":\"https:\\\/\\\/www.organisator.ch\\\/allgemein\\\/2017-05-08\\\/1895-2\\\/\"},\"author\":{\"name\":\"michael.merz\",\"@id\":\"https:\\\/\\\/www.organisator.ch\\\/#\\\/schema\\\/person\\\/134708ca9321c57b0362cceb7948ffbd\"},\"headline\":\"Frauen werden selbstsicherer im Job\",\"datePublished\":\"2017-05-08T10:08:30+00:00\",\"mainEntityOfPage\":{\"@id\":\"https:\\\/\\\/www.organisator.ch\\\/allgemein\\\/2017-05-08\\\/1895-2\\\/\"},\"wordCount\":634,\"commentCount\":0,\"publisher\":{\"@id\":\"https:\\\/\\\/www.organisator.ch\\\/#organization\"},\"image\":{\"@id\":\"https:\\\/\\\/www.organisator.ch\\\/allgemein\\\/2017-05-08\\\/1895-2\\\/#primaryimage\"},\"thumbnailUrl\":\"https:\\\/\\\/www.organisator.ch\\\/wp-content\\\/uploads\\\/2017\\\/05\\\/Frauen-werden-selbstsicherer-im-Job-org-organisator.jpg\",\"keywords\":[\"Einkommen\",\"Frauen\",\"Hardfactors\",\"Research\",\"Softfactors\"],\"articleSection\":{\"1\":\"HRM\"},\"inLanguage\":\"de\"},{\"@type\":\"WebPage\",\"@id\":\"https:\\\/\\\/www.organisator.ch\\\/allgemein\\\/2017-05-08\\\/1895-2\\\/\",\"url\":\"https:\\\/\\\/www.organisator.ch\\\/allgemein\\\/2017-05-08\\\/1895-2\\\/\",\"name\":\"Frauen werden selbstsicherer im Job - Organisator\",\"isPartOf\":{\"@id\":\"https:\\\/\\\/www.organisator.ch\\\/#website\"},\"primaryImageOfPage\":{\"@id\":\"https:\\\/\\\/www.organisator.ch\\\/allgemein\\\/2017-05-08\\\/1895-2\\\/#primaryimage\"},\"image\":{\"@id\":\"https:\\\/\\\/www.organisator.ch\\\/allgemein\\\/2017-05-08\\\/1895-2\\\/#primaryimage\"},\"thumbnailUrl\":\"https:\\\/\\\/www.organisator.ch\\\/wp-content\\\/uploads\\\/2017\\\/05\\\/Frauen-werden-selbstsicherer-im-Job-org-organisator.jpg\",\"datePublished\":\"2017-05-08T10:08:30+00:00\",\"description\":\"Frauen werden selbstsicherer. Sie fordern mehr \u201eharte Faktoren\u201c wie h\u00f6hrere Einkommen vom Arbeitgeber, heisst es im \\\"Universum Talent Research\\\".\",\"breadcrumb\":{\"@id\":\"https:\\\/\\\/www.organisator.ch\\\/allgemein\\\/2017-05-08\\\/1895-2\\\/#breadcrumb\"},\"inLanguage\":\"de\",\"potentialAction\":[{\"@type\":\"ReadAction\",\"target\":[\"https:\\\/\\\/www.organisator.ch\\\/allgemein\\\/2017-05-08\\\/1895-2\\\/\"]}]},{\"@type\":\"ImageObject\",\"inLanguage\":\"de\",\"@id\":\"https:\\\/\\\/www.organisator.ch\\\/allgemein\\\/2017-05-08\\\/1895-2\\\/#primaryimage\",\"url\":\"https:\\\/\\\/www.organisator.ch\\\/wp-content\\\/uploads\\\/2017\\\/05\\\/Frauen-werden-selbstsicherer-im-Job-org-organisator.jpg\",\"contentUrl\":\"https:\\\/\\\/www.organisator.ch\\\/wp-content\\\/uploads\\\/2017\\\/05\\\/Frauen-werden-selbstsicherer-im-Job-org-organisator.jpg\",\"width\":640,\"height\":440,\"caption\":\"Auch bei den Frauen werden Faktoren in den Bereichen \\\"Karriere in M\u00e4nnerberufen\\\" und \u201eAufstiegsm\u00f6glichkeiten und Gehalt \u201c zunehmend wichtiger. (Bild Depositphotos).\"},{\"@type\":\"BreadcrumbList\",\"@id\":\"https:\\\/\\\/www.organisator.ch\\\/allgemein\\\/2017-05-08\\\/1895-2\\\/#breadcrumb\",\"itemListElement\":[{\"@type\":\"ListItem\",\"position\":1,\"name\":\"Home\",\"item\":\"https:\\\/\\\/www.organisator.ch\\\/\"},{\"@type\":\"ListItem\",\"position\":2,\"name\":\"Frauen werden selbstsicherer im Job\"}]},{\"@type\":\"WebSite\",\"@id\":\"https:\\\/\\\/www.organisator.ch\\\/#website\",\"url\":\"https:\\\/\\\/www.organisator.ch\\\/\",\"name\":\"Organisator\",\"description\":\"Kompetent. Praxisnah. Der ORGANISATOR bereitet in 10 Ausgaben pro Jahr die wesentlichen Themen f\u00fcr F\u00fchrungskr\u00e4fte von KMU auf.\",\"publisher\":{\"@id\":\"https:\\\/\\\/www.organisator.ch\\\/#organization\"},\"potentialAction\":[{\"@type\":\"SearchAction\",\"target\":{\"@type\":\"EntryPoint\",\"urlTemplate\":\"https:\\\/\\\/www.organisator.ch\\\/?s={search_term_string}\"},\"query-input\":{\"@type\":\"PropertyValueSpecification\",\"valueRequired\":true,\"valueName\":\"search_term_string\"}}],\"inLanguage\":\"de\"},{\"@type\":\"Organization\",\"@id\":\"https:\\\/\\\/www.organisator.ch\\\/#organization\",\"name\":\"Organisator\",\"url\":\"https:\\\/\\\/www.organisator.ch\\\/\",\"logo\":{\"@type\":\"ImageObject\",\"inLanguage\":\"de\",\"@id\":\"https:\\\/\\\/www.organisator.ch\\\/#\\\/schema\\\/logo\\\/image\\\/\",\"url\":\"https:\\\/\\\/www.organisator.ch\\\/wp-content\\\/uploads\\\/2022\\\/01\\\/Logo_Organisator_Website.png\",\"contentUrl\":\"https:\\\/\\\/www.organisator.ch\\\/wp-content\\\/uploads\\\/2022\\\/01\\\/Logo_Organisator_Website.png\",\"width\":800,\"height\":77,\"caption\":\"Organisator\"},\"image\":{\"@id\":\"https:\\\/\\\/www.organisator.ch\\\/#\\\/schema\\\/logo\\\/image\\\/\"},\"sameAs\":[\"https:\\\/\\\/www.facebook.com\\\/OrganisatorFachmagazin\",\"https:\\\/\\\/www.linkedin.com\\\/showcase\\\/organisator-das-magazin-fr-kmu\",\"https:\\\/\\\/www.xing.com\\\/news\\\/pages\\\/organisator-ch-695\",\"https:\\\/\\\/www.youtube.com\\\/channel\\\/UCGP2Sq0iWaZwT3BdIAQFYpw\"]},{\"@type\":\"Person\",\"@id\":\"https:\\\/\\\/www.organisator.ch\\\/#\\\/schema\\\/person\\\/134708ca9321c57b0362cceb7948ffbd\",\"name\":\"michael.merz\",\"image\":{\"@type\":\"ImageObject\",\"inLanguage\":\"de\",\"@id\":\"https:\\\/\\\/secure.gravatar.com\\\/avatar\\\/?s=96&d=mm&r=g\",\"url\":\"https:\\\/\\\/secure.gravatar.com\\\/avatar\\\/?s=96&d=mm&r=g\",\"contentUrl\":\"https:\\\/\\\/secure.gravatar.com\\\/avatar\\\/?s=96&d=mm&r=g\",\"caption\":\"michael.merz\"},\"url\":\"https:\\\/\\\/www.organisator.ch\\\/de\\\/author\\\/michael-merz\\\/\"}]}<\/script>\n<!-- \/ Yoast SEO plugin. -->","yoast_head_json":{"title":"Frauen werden selbstsicherer im Job - Organisator","description":"Frauen werden selbstsicherer. Sie fordern mehr \u201eharte Faktoren\u201c wie h\u00f6hrere Einkommen vom Arbeitgeber, heisst es im \"Universum Talent Research\".","robots":{"index":"index","follow":"follow","max-snippet":"max-snippet:-1","max-image-preview":"max-image-preview:large","max-video-preview":"max-video-preview:-1"},"canonical":"https:\/\/www.organisator.ch\/de\/allgemein\/2017-05-08\/1895-2\/","og_locale":"de_DE","og_type":"article","og_title":"Frauen werden selbstsicherer im Job - Organisator","og_description":"Frauen werden selbstsicherer. Sie fordern mehr \u201eharte Faktoren\u201c wie h\u00f6hrere Einkommen vom Arbeitgeber, heisst es im \"Universum Talent Research\".","og_url":"https:\/\/www.organisator.ch\/de\/allgemein\/2017-05-08\/1895-2\/","og_site_name":"Organisator","article_publisher":"https:\/\/www.facebook.com\/OrganisatorFachmagazin","article_published_time":"2017-05-08T10:08:30+00:00","og_image":[{"width":640,"height":440,"url":"https:\/\/www.organisator.ch\/wp-content\/uploads\/2017\/05\/Frauen-werden-selbstsicherer-im-Job-org-organisator.jpg","type":"image\/jpeg"}],"author":"michael.merz","twitter_card":"summary_large_image","schema":{"@context":"https:\/\/schema.org","@graph":[{"@type":"Article","@id":"https:\/\/www.organisator.ch\/allgemein\/2017-05-08\/1895-2\/#article","isPartOf":{"@id":"https:\/\/www.organisator.ch\/allgemein\/2017-05-08\/1895-2\/"},"author":{"name":"michael.merz","@id":"https:\/\/www.organisator.ch\/#\/schema\/person\/134708ca9321c57b0362cceb7948ffbd"},"headline":"Frauen werden selbstsicherer im Job","datePublished":"2017-05-08T10:08:30+00:00","mainEntityOfPage":{"@id":"https:\/\/www.organisator.ch\/allgemein\/2017-05-08\/1895-2\/"},"wordCount":634,"commentCount":0,"publisher":{"@id":"https:\/\/www.organisator.ch\/#organization"},"image":{"@id":"https:\/\/www.organisator.ch\/allgemein\/2017-05-08\/1895-2\/#primaryimage"},"thumbnailUrl":"https:\/\/www.organisator.ch\/wp-content\/uploads\/2017\/05\/Frauen-werden-selbstsicherer-im-Job-org-organisator.jpg","keywords":["Einkommen","Frauen","Hardfactors","Research","Softfactors"],"articleSection":{"1":"HRM"},"inLanguage":"de"},{"@type":"WebPage","@id":"https:\/\/www.organisator.ch\/allgemein\/2017-05-08\/1895-2\/","url":"https:\/\/www.organisator.ch\/allgemein\/2017-05-08\/1895-2\/","name":"Frauen werden selbstsicherer im Job - Organisator","isPartOf":{"@id":"https:\/\/www.organisator.ch\/#website"},"primaryImageOfPage":{"@id":"https:\/\/www.organisator.ch\/allgemein\/2017-05-08\/1895-2\/#primaryimage"},"image":{"@id":"https:\/\/www.organisator.ch\/allgemein\/2017-05-08\/1895-2\/#primaryimage"},"thumbnailUrl":"https:\/\/www.organisator.ch\/wp-content\/uploads\/2017\/05\/Frauen-werden-selbstsicherer-im-Job-org-organisator.jpg","datePublished":"2017-05-08T10:08:30+00:00","description":"Frauen werden selbstsicherer. Sie fordern mehr \u201eharte Faktoren\u201c wie h\u00f6hrere Einkommen vom Arbeitgeber, heisst es im \"Universum Talent Research\".","breadcrumb":{"@id":"https:\/\/www.organisator.ch\/allgemein\/2017-05-08\/1895-2\/#breadcrumb"},"inLanguage":"de","potentialAction":[{"@type":"ReadAction","target":["https:\/\/www.organisator.ch\/allgemein\/2017-05-08\/1895-2\/"]}]},{"@type":"ImageObject","inLanguage":"de","@id":"https:\/\/www.organisator.ch\/allgemein\/2017-05-08\/1895-2\/#primaryimage","url":"https:\/\/www.organisator.ch\/wp-content\/uploads\/2017\/05\/Frauen-werden-selbstsicherer-im-Job-org-organisator.jpg","contentUrl":"https:\/\/www.organisator.ch\/wp-content\/uploads\/2017\/05\/Frauen-werden-selbstsicherer-im-Job-org-organisator.jpg","width":640,"height":440,"caption":"Auch bei den Frauen werden Faktoren in den Bereichen \"Karriere in M\u00e4nnerberufen\" und \u201eAufstiegsm\u00f6glichkeiten und Gehalt \u201c zunehmend wichtiger. (Bild Depositphotos)."},{"@type":"BreadcrumbList","@id":"https:\/\/www.organisator.ch\/allgemein\/2017-05-08\/1895-2\/#breadcrumb","itemListElement":[{"@type":"ListItem","position":1,"name":"Home","item":"https:\/\/www.organisator.ch\/"},{"@type":"ListItem","position":2,"name":"Frauen werden selbstsicherer im Job"}]},{"@type":"WebSite","@id":"https:\/\/www.organisator.ch\/#website","url":"https:\/\/www.organisator.ch\/","name":"Organisator","description":"Kompetent. Praxisnah. Der ORGANISATOR bereitet in 10 Ausgaben pro Jahr die wesentlichen Themen f\u00fcr F\u00fchrungskr\u00e4fte von KMU auf.","publisher":{"@id":"https:\/\/www.organisator.ch\/#organization"},"potentialAction":[{"@type":"SearchAction","target":{"@type":"EntryPoint","urlTemplate":"https:\/\/www.organisator.ch\/?s={search_term_string}"},"query-input":{"@type":"PropertyValueSpecification","valueRequired":true,"valueName":"search_term_string"}}],"inLanguage":"de"},{"@type":"Organization","@id":"https:\/\/www.organisator.ch\/#organization","name":"Organisator","url":"https:\/\/www.organisator.ch\/","logo":{"@type":"ImageObject","inLanguage":"de","@id":"https:\/\/www.organisator.ch\/#\/schema\/logo\/image\/","url":"https:\/\/www.organisator.ch\/wp-content\/uploads\/2022\/01\/Logo_Organisator_Website.png","contentUrl":"https:\/\/www.organisator.ch\/wp-content\/uploads\/2022\/01\/Logo_Organisator_Website.png","width":800,"height":77,"caption":"Organisator"},"image":{"@id":"https:\/\/www.organisator.ch\/#\/schema\/logo\/image\/"},"sameAs":["https:\/\/www.facebook.com\/OrganisatorFachmagazin","https:\/\/www.linkedin.com\/showcase\/organisator-das-magazin-fr-kmu","https:\/\/www.xing.com\/news\/pages\/organisator-ch-695","https:\/\/www.youtube.com\/channel\/UCGP2Sq0iWaZwT3BdIAQFYpw"]},{"@type":"Person","@id":"https:\/\/www.organisator.ch\/#\/schema\/person\/134708ca9321c57b0362cceb7948ffbd","name":"michael.merz","image":{"@type":"ImageObject","inLanguage":"de","@id":"https:\/\/secure.gravatar.com\/avatar\/?s=96&d=mm&r=g","url":"https:\/\/secure.gravatar.com\/avatar\/?s=96&d=mm&r=g","contentUrl":"https:\/\/secure.gravatar.com\/avatar\/?s=96&d=mm&r=g","caption":"michael.merz"},"url":"https:\/\/www.organisator.ch\/de\/author\/michael-merz\/"}]}},"_links":{"self":[{"href":"https:\/\/www.organisator.ch\/de\/wp-json\/wp\/v2\/posts\/1895","targetHints":{"allow":["GET"]}}],"collection":[{"href":"https:\/\/www.organisator.ch\/de\/wp-json\/wp\/v2\/posts"}],"about":[{"href":"https:\/\/www.organisator.ch\/de\/wp-json\/wp\/v2\/types\/post"}],"author":[{"embeddable":true,"href":"https:\/\/www.organisator.ch\/de\/wp-json\/wp\/v2\/users\/5"}],"replies":[{"embeddable":true,"href":"https:\/\/www.organisator.ch\/de\/wp-json\/wp\/v2\/comments?post=1895"}],"version-history":[{"count":0,"href":"https:\/\/www.organisator.ch\/de\/wp-json\/wp\/v2\/posts\/1895\/revisions"}],"wp:featuredmedia":[{"embeddable":true,"href":"https:\/\/www.organisator.ch\/de\/wp-json\/wp\/v2\/media\/1896"}],"wp:attachment":[{"href":"https:\/\/www.organisator.ch\/de\/wp-json\/wp\/v2\/media?parent=1895"}],"wp:term":[{"taxonomy":"category","embeddable":true,"href":"https:\/\/www.organisator.ch\/de\/wp-json\/wp\/v2\/categories?post=1895"},{"taxonomy":"post_tag","embeddable":true,"href":"https:\/\/www.organisator.ch\/de\/wp-json\/wp\/v2\/tags?post=1895"}],"curies":[{"name":"wp","href":"https:\/\/api.w.org\/{rel}","templated":true}]}}