{"id":19022,"date":"2023-02-23T11:06:56","date_gmt":"2023-02-23T10:06:56","guid":{"rendered":"https:\/\/www.organisator.ch\/?p=19022"},"modified":"2023-02-23T11:06:56","modified_gmt":"2023-02-23T10:06:56","slug":"smarte-events-live-aber-digital-begleitet","status":"publish","type":"post","link":"https:\/\/www.organisator.ch\/de\/marketing\/2023-02-23\/smarte-events-live-aber-digital-begleitet\/","title":{"rendered":"\u00abSmarte Events: Live, aber digital begleitet!\u00bb"},"content":{"rendered":"<figure id=\"attachment_19026\" aria-describedby=\"caption-attachment-19026\" style=\"width: 680px\" class=\"wp-caption alignnone\"><img loading=\"lazy\" decoding=\"async\" class=\"size-full wp-image-19026\" src=\"https:\/\/www.organisator.ch\/wp-content\/uploads\/2023\/02\/Smarte-Events-Live-aber-digital-begleitet_Organisator.jpg\" alt=\"\" width=\"680\" height=\"452\" srcset=\"https:\/\/www.organisator.ch\/wp-content\/uploads\/2023\/02\/Smarte-Events-Live-aber-digital-begleitet_Organisator.jpg 680w, https:\/\/www.organisator.ch\/wp-content\/uploads\/2023\/02\/Smarte-Events-Live-aber-digital-begleitet_Organisator-18x12.jpg 18w, https:\/\/www.organisator.ch\/wp-content\/uploads\/2023\/02\/Smarte-Events-Live-aber-digital-begleitet_Organisator-375x249.jpg 375w, https:\/\/www.organisator.ch\/wp-content\/uploads\/2023\/02\/Smarte-Events-Live-aber-digital-begleitet_Organisator-527x350.jpg 527w\" sizes=\"auto, (max-width: 680px) 100vw, 680px\" \/><figcaption id=\"caption-attachment-19026\" class=\"wp-caption-text\">Roland Brand von Easyfairs zum Thema &#8222;Smarte Events&#8220;: &#8222;Digitale Technologien helfen Ausstellenden vor allem, ihre Reichweiten zu steigern und das Lead-Management zu optimieren.&#8220; (Bild: Easyfairs)<\/figcaption><\/figure>\n<p>Anfang M\u00e4rz geht\u2019s weiter mit einem Messe-Doppelpack der Easyfairs-Messen all about automation in der Messe Friedrichshafen und der KPA in der Ulm-Messe mit einem freien Eintritt f\u00fcr BesucherInnen. Das sind Termine, f\u00fcr die sich die Fahrt aus der Schweiz respektive \u00d6sterreich und Liechtenstein ins nahe Deutschland lohnt. Roland Brand, Easyfairs CEO f\u00fcr die D,A,CH-L\u00e4nder spricht im folgenden Interview \u00fcber die Zukunft der Messe.<\/p>\n<p><em>Roland Brand, wir stehen kurz vor der Automatisierungsmesse all about automation und der Kunststofftechnologiemesse <a href=\"https:\/\/register.visitcloud.com\/survey\/1id2vcdj3jzkz?actioncode=1910\">KPA Kunststoff Produkte Aktuell<\/a>. Was besch\u00e4ftigt Sie dazu zur Zeit am meisten und l\u00e4sst Sie nicht schlafen?<br \/>\n<\/em>So kurz vor der Messe schl\u00e4ft man immer etwas unruhiger. Wir wollen unseren Ausstellenden und Partnern eine durchwegs positive Erfahrung bieten und sie auf dem Weg zur Fachmesse bestm\u00f6glich unterst\u00fctzen. Da darf nichts vergessen gehen und man muss auf jedes Detail achten. Die ausstellenden Firmen sind unsere Stars und wir wollen sie vor der Messe wie auch auf der Messe bestm\u00f6glich in Szene setzen. In Friedrichshafen sind erstmals \u00fcber 300 Aussteller am Start, alle unsere bisherigen Messen im 2023 sind in den Pluszahlen. Auf der <a href=\"http:\/\/www.kuteno.de\/\">Kuteno vom Mai 2023<\/a> in Rheda-Wiedenbr\u00fcck sind die Messehallen, ebenfalls mit 300 Ausstellern, praktisch ausgebucht. Das sind unmissverst\u00e4ndliche Voten der Aussteller f\u00fcr das Medium Messe. Da will man alles richtig machen, damit alle Teilnehmenden die zwei Messetage voller Business, Know-How und Networking in vollen Z\u00fcgen genie\u00dfen und ihre Messeziele erreichen k\u00f6nnen.<\/p>\n<p><em>Dominierende Themen der Industrie f\u00fcr Fertigung und Robotik sind Kostensteigerungen, Lieferschwierigkeiten, Materialknappheit und der Anspruch an k\u00fcnftige Klimaneutralit\u00e4t in der Fertigung: Was ist davon auf den kommenden Messen zu sehen?<br \/>\n<\/em>Davon gibt es sehr viel zu sehen. Einerseits zeigen unsere Aussteller, mit welchen innovativen Ans\u00e4tzen und L\u00f6sungen sie diese Herausforderungen angehen. Auf der anderen Seite nehmen diese Themen im Rahmenprogramm einen zentralen Platz ein.<\/p>\n<p><em>Ein weiteres grosses Thema der Wirtschaft ist der Mangel an Fachkr\u00e4ften. Wohin sind die eigentlich w\u00e4hrend Covid verschwunden? Wie findet ein Unternehmen auf dem der Werkplatz Schweiz die so wichtigen Fachkr\u00e4fte? Im Ausland?<br \/>\n<\/em>Die abschliessende Antwort auf diese Frage habe auch ich nicht. Gerne erw\u00e4hne ich aber, dass Messen zur L\u00f6sung dieser Herausforderung der Wirtschaft eine wichtige Rolle spielen. Auf Expertenpodium werden sie an alle Easyfairs-Messen zum Thema. Denn unter den Besuchenden einer Messe finden sich nat\u00fcrlich auch immer wieder interessante und interessierte Kandidat\/-innen f\u00fcr offene Positionen.<\/p>\n<p><em>Der erfahrene Messeprofi Bj\u00f6rn Kempe sagt: \u00abF\u00fcr mich hat online in der Messewirtschaft ganz klar nicht funktioniert und auch hybrid nur bedingt. Ich sehe eher einen Trend zur\u00fcck zu den Basics im Marketing, zu Medien, sozialen Netzwerken und zu Themenmarketing.\u00bb Anderseits hat die Pandemie auch in der Messewirtschaft zu anhaltenden Transformationen gef\u00fchrt. Zu welchen?<br \/>\n<\/em>Auch wir von Easyfairs f\u00fchrten w\u00e4hrend und nach der Pandemie Dutzende Online- und Hybrid-Veranstaltungen in den unterschiedlichsten Formen durch. Unsere Erfahrungen aus dem Feedback der Teilnehmenden zeigte aber klar, dass das Live-Format, die \u00abechte\u00bb Messe, das bei weitem bevorzugte Medium der Unternehmen ist. Wir glauben auch nicht an hybride Veranstaltungen, bei denen parallel zur Live-Messe, eine Online-Version \u00fcbertragen wird. Wir glauben aber klar an das Hybride im Sinne einer ganzj\u00e4hrigen, digitalen Bedienung der Aussteller- und Besucher-Communities mit Informationen rund um das entsprechende Messethema. Diese Transformation vom Messemacher zum Community-Plattformbetreiber ist eine der offensichtlichsten, die man beobachten konnte. Die Benchmark f\u00fcr die Bewertung des Messe-Erfolgs nach der post-Covid Euphorie, weil Live Events wieder m\u00f6glich waren, sind unter anderem die Besucher\/-innenzahlen. Sie weisen sich bisher auf allen Easyfairs-Messen im 2023 in Zunahme an G\u00e4sten und absoluten Zahlen auf Rekordh\u00f6he!<\/p>\n<p><em>Braucht die Wirtschaft im Zeitalter der digitalen Transformation eigentlich noch Messen? Welche Messen braucht die Wirtschaft wirklich?<br \/>\n<\/em>Nat\u00fcrlich braucht es Messen! Gerade jetzt, nach der Pandemie, sind wir sehr gl\u00fccklich \u00fcber die vielen Feedbacks von Ausstellerfirmen und Besuchenden, die froh sind, dass es endlich wieder m\u00f6glich ist, sich live und pers\u00f6nlich zu treffen, Neuigkeiten zu finden und auszuprobieren, die potentiellen Kundendateien wieder zu f\u00fcllen usw. \u00dcbrigens wurde mir bei Firmenbesuchen im Silicon Valley von High Techunternehmen best\u00e4tigt, dass auch diese an das Format Live-Messe glauben und auch f\u00fcr n\u00f6tig halten. Welche Messen braucht die Wirtschaft? Eigentlich jede, welche der entsprechenden Industrie auch etwas bringt. Also jene Messen, die f\u00fcr gen\u00fcgend Aufmerksamkeit sorgen, interessanten Content aufweisen und Innovationen zeigen und welche f\u00fcr die richtige Atmosph\u00e4re und Gelegenheit zum Kn\u00fcpfen von neuen Kontakte sorgen. Messen also, welche den Ausstellenden einen guten ROI (Return On Investment und den BesucherInnen einen hohen ROT (Return On Time Invested) bescheren.<\/p>\n<p><em>Vor der all about automation in Friedrichshafen und der Kunststoff Produkte Aktuell KPA in Ulm beide am 7. und 8. M\u00e4rz 2023 respektive der Kunststofftechnik Nord, der Kuteno vom 9 \u2013 11. Mai in Rheda-Wiedenbr\u00fcck: Wie sind hier die Anmeldest\u00e4nde? Und vor allem: was sagen die Aussteller zu den bevorstehenden Messen?<br \/>\n<\/em>Die Anmeldest\u00e4nde sind wirklich hoch erfreulich. An der all about automation in Friedrichshafen wird mit gegen 300 teilnehmenden Unternehmen ein neuer H\u00f6chststand erreicht werden, die Kuteno ist schon jetzt praktisch ausverkauft und die KPA wird mit weit \u00fcber 100 Ausstellenden zum Neustart unter unserer F\u00fchrung st\u00e4rker sein als bei der letzten Austragung vor 4 Jahren. Ich denke, diese Zahlen und Fakten alleine widerspiegeln den Tenor aus der Wirtschaft: es braucht Messen!<\/p>\n<p><em>Was ist in bezug auf die digitale Flankierung der Easyfairsmessen im 2023 zu erwarten? Wie geht es weiter mit dem Fokus auf Communities?<br \/>\n<\/em>Die bereits bestehende, umfassende digitalen Flankierung unserer Messen geht mit hohem Tempo weiter. Einerseits sollen die bestehenden Angebote verbessert, andererseits mit neuen Features ausgebaut werden. Vor allem in Richtung Community-Matchmaking wollen wir weiter ausbauen.<\/p>\n<p><em>Wenn man Sie fragt, was den Mindset von Easyfairs ausmacht, was sagen Sie?<br \/>\n<\/em>Unsere Denkweise zielt prim\u00e4r darauf, den Communities, also Gemeinschaften zu helfen, ihr Kunden- und Beziehungsnetz zu erweitern. Daf\u00fcr schaffen wir die jeweils sinnvollsten und nicht gr\u00f6sstm\u00f6glichen Formate und veranstalten diese dort, wo es f\u00fcr die entsprechenden Branchen am erfolgversprechendsten ist, und nicht dort, wo unsere eigene Infrastruktur steht. Zusammen mit den wenig aufw\u00e4ndigen und finanziell \u00fcberschaubaren all-in-Standangeboten streben wir immer danach, den AusstellerInnen und BesucherInnen im Gesamtpaket den gr\u00f6sstm\u00f6glichen ROI respektive ROT zu garantieren und ihnen und ihren Industriezweigen damit bestm\u00f6glich zu helfen.<\/p>\n<p><em>Das Interview f\u00fchrte Urs Seiler von der <a href=\"http:\/\/www.smartville.digital\">Smartville Agentur AG<\/a>.<\/em><\/p>\n<blockquote>\n<h3>Die n\u00e4chsten Messen von Easyfairs:<\/h3>\n<ul>\n<li>8. \u2013 9.3.2023: all about automation, D &#8211; Messe Friedrichshafen<\/li>\n<li>8. \u2013 9.3.2023: KPA Kunststoff Aktuell, D &#8211; Ulm Messe<\/li>\n<li>9. \u2013 11.5.2023: <a href=\"https:\/\/www.kuteno.de\/\">D-Kuteno Kunststofftechnik Nord, Rheda Wiedenbr\u00fcck<\/a><\/li>\n<li>25. \u2013 26.10.2023: <a href=\"https:\/\/www.maintenance-schweiz.ch\/de\/\">Maintenance, Messe Z\u00fcrich<\/a><\/li>\n<li>25. \u2013 26.10.2023: <a href=\"https:\/\/www.aqua-suisse-zuerich.ch\/de\/\">Aqua Suisse\/Flow, Messe Z\u00fcrch<\/a><\/li>\n<li>25. \u2013 26.10.2023: <a href=\"https:\/\/www.pumps-valves.ch\/de\/\">Pumps + Valves, Messe Z\u00fcrich<\/a><\/li>\n<\/ul>\n<\/blockquote>\n","protected":false},"excerpt":{"rendered":"<p>Anfang M\u00e4rz geht\u2019s weiter mit einem Messe-Doppelpack der Easyfairs-Messen all about automation in der Messe Friedrichshafen und der KPA in der Ulm-Messe mit einem freien Eintritt f\u00fcr BesucherInnen. Das sind Termine, f\u00fcr die sich die Fahrt aus der Schweiz respektive \u00d6sterreich und Liechtenstein ins nahe Deutschland lohnt. Roland Brand, Easyfairs CEO f\u00fcr die D,A,CH-L\u00e4nder spricht [&hellip;]<\/p>\n","protected":false},"author":4,"featured_media":19026,"comment_status":"closed","ping_status":"closed","sticky":false,"template":"","format":"standard","meta":{"_acf_changed":false,"_yoast_wpseo_focuskw":"Smarte Events","_yoast_wpseo_metadesc":"Beim Thema \"Smarte Events\" denkt Easyfairs-CEO Roland Brand nicht an hybride Veranstaltungen mit paralleler Online-Version.","articlekey":"","footnotes":""},"categories":[29],"tags":[1149,339],"class_list":["post-19022","post","type-post","status-publish","format-standard","has-post-thumbnail","hentry","category-marketing","tag-fachmesse","tag-marketing"],"acf":[],"yoast_head":"<!-- This site is optimized with the Yoast SEO plugin v27.4 - https:\/\/yoast.com\/product\/yoast-seo-wordpress\/ -->\n<title>\u00abSmarte Events: Live, aber digital begleitet!\u00bb - Organisator<\/title>\n<meta name=\"description\" content=\"Beim Thema &quot;Smarte Events&quot; denkt Easyfairs-CEO Roland Brand nicht an hybride Veranstaltungen mit paralleler Online-Version.\" \/>\n<meta name=\"robots\" content=\"index, follow, max-snippet:-1, max-image-preview:large, max-video-preview:-1\" \/>\n<link rel=\"canonical\" href=\"https:\/\/www.organisator.ch\/de\/marketing\/2023-02-23\/smarte-events-live-aber-digital-begleitet\/\" \/>\n<meta property=\"og:locale\" content=\"de_DE\" \/>\n<meta property=\"og:type\" content=\"article\" \/>\n<meta property=\"og:title\" content=\"\u00abSmarte Events: Live, aber digital begleitet!\u00bb\" \/>\n<meta property=\"og:description\" content=\"Beim Thema &quot;Smarte Events&quot; denkt Easyfairs-CEO Roland Brand nicht an hybride Veranstaltungen mit paralleler Online-Version.\" \/>\n<meta property=\"og:url\" content=\"https:\/\/www.organisator.ch\/de\/marketing\/2023-02-23\/smarte-events-live-aber-digital-begleitet\/\" \/>\n<meta property=\"og:site_name\" content=\"Organisator\" \/>\n<meta property=\"article:publisher\" content=\"https:\/\/www.facebook.com\/OrganisatorFachmagazin\" \/>\n<meta property=\"article:published_time\" content=\"2023-02-23T10:06:56+00:00\" \/>\n<meta property=\"og:image\" content=\"https:\/\/www.organisator.ch\/wp-content\/uploads\/2023\/02\/Smarte-Events-Live-aber-digital-begleitet_Organisator.jpg\" \/>\n\t<meta property=\"og:image:width\" content=\"680\" \/>\n\t<meta property=\"og:image:height\" content=\"452\" \/>\n\t<meta property=\"og:image:type\" content=\"image\/jpeg\" \/>\n<meta name=\"author\" content=\"thomas.berner\" \/>\n<meta name=\"twitter:card\" content=\"summary_large_image\" \/>\n<meta name=\"twitter:title\" content=\"\u00abSmarte #Events: Live, aber digital begleitet!\u00bb\" \/>\n<meta name=\"twitter:description\" content=\"Beim Thema &quot;Smarte Events&quot; denkt #Easyfairs-CEO Roland #Brand nicht an hybride Veranstaltungen mit paralleler #Online-Version.\" \/>\n<meta name=\"twitter:image\" content=\"https:\/\/www.organisator.ch\/wp-content\/uploads\/2023\/02\/Smarte-Events-Live-aber-digital-begleitet_Organisator.jpg\" \/>\n<script type=\"application\/ld+json\" class=\"yoast-schema-graph\">{\"@context\":\"https:\\\/\\\/schema.org\",\"@graph\":[{\"@type\":\"Article\",\"@id\":\"https:\\\/\\\/www.organisator.ch\\\/marketing\\\/2023-02-23\\\/smarte-events-live-aber-digital-begleitet\\\/#article\",\"isPartOf\":{\"@id\":\"https:\\\/\\\/www.organisator.ch\\\/marketing\\\/2023-02-23\\\/smarte-events-live-aber-digital-begleitet\\\/\"},\"author\":{\"name\":\"thomas.berner\",\"@id\":\"https:\\\/\\\/www.organisator.ch\\\/#\\\/schema\\\/person\\\/6f650f90b2842cd4c0cc334b4e36f67e\"},\"headline\":\"\u00abSmarte Events: Live, aber digital begleitet!\u00bb\",\"datePublished\":\"2023-02-23T10:06:56+00:00\",\"mainEntityOfPage\":{\"@id\":\"https:\\\/\\\/www.organisator.ch\\\/marketing\\\/2023-02-23\\\/smarte-events-live-aber-digital-begleitet\\\/\"},\"wordCount\":1150,\"publisher\":{\"@id\":\"https:\\\/\\\/www.organisator.ch\\\/#organization\"},\"image\":{\"@id\":\"https:\\\/\\\/www.organisator.ch\\\/marketing\\\/2023-02-23\\\/smarte-events-live-aber-digital-begleitet\\\/#primaryimage\"},\"thumbnailUrl\":\"https:\\\/\\\/www.organisator.ch\\\/wp-content\\\/uploads\\\/2023\\\/02\\\/Smarte-Events-Live-aber-digital-begleitet_Organisator.jpg\",\"keywords\":[\"Fachmesse\",\"Marketing\"],\"articleSection\":[\"MARKETING\"],\"inLanguage\":\"de\"},{\"@type\":\"WebPage\",\"@id\":\"https:\\\/\\\/www.organisator.ch\\\/marketing\\\/2023-02-23\\\/smarte-events-live-aber-digital-begleitet\\\/\",\"url\":\"https:\\\/\\\/www.organisator.ch\\\/marketing\\\/2023-02-23\\\/smarte-events-live-aber-digital-begleitet\\\/\",\"name\":\"\u00abSmarte Events: Live, aber digital begleitet!\u00bb - Organisator\",\"isPartOf\":{\"@id\":\"https:\\\/\\\/www.organisator.ch\\\/#website\"},\"primaryImageOfPage\":{\"@id\":\"https:\\\/\\\/www.organisator.ch\\\/marketing\\\/2023-02-23\\\/smarte-events-live-aber-digital-begleitet\\\/#primaryimage\"},\"image\":{\"@id\":\"https:\\\/\\\/www.organisator.ch\\\/marketing\\\/2023-02-23\\\/smarte-events-live-aber-digital-begleitet\\\/#primaryimage\"},\"thumbnailUrl\":\"https:\\\/\\\/www.organisator.ch\\\/wp-content\\\/uploads\\\/2023\\\/02\\\/Smarte-Events-Live-aber-digital-begleitet_Organisator.jpg\",\"datePublished\":\"2023-02-23T10:06:56+00:00\",\"description\":\"Beim Thema \\\"Smarte Events\\\" denkt Easyfairs-CEO Roland Brand nicht an hybride Veranstaltungen mit paralleler Online-Version.\",\"breadcrumb\":{\"@id\":\"https:\\\/\\\/www.organisator.ch\\\/marketing\\\/2023-02-23\\\/smarte-events-live-aber-digital-begleitet\\\/#breadcrumb\"},\"inLanguage\":\"de\",\"potentialAction\":[{\"@type\":\"ReadAction\",\"target\":[\"https:\\\/\\\/www.organisator.ch\\\/marketing\\\/2023-02-23\\\/smarte-events-live-aber-digital-begleitet\\\/\"]}]},{\"@type\":\"ImageObject\",\"inLanguage\":\"de\",\"@id\":\"https:\\\/\\\/www.organisator.ch\\\/marketing\\\/2023-02-23\\\/smarte-events-live-aber-digital-begleitet\\\/#primaryimage\",\"url\":\"https:\\\/\\\/www.organisator.ch\\\/wp-content\\\/uploads\\\/2023\\\/02\\\/Smarte-Events-Live-aber-digital-begleitet_Organisator.jpg\",\"contentUrl\":\"https:\\\/\\\/www.organisator.ch\\\/wp-content\\\/uploads\\\/2023\\\/02\\\/Smarte-Events-Live-aber-digital-begleitet_Organisator.jpg\",\"width\":680,\"height\":452,\"caption\":\"Roland Brand von Easyfairs zum Thema \\\"Smarte Events\\\": \\\"Wir glauben nicht an hybride Veranstaltungen, bei denen parallel zur Live-Messe eine Online-Version \u00fcbertragen wird.\\\" (Bild: Easyfairs)\"},{\"@type\":\"BreadcrumbList\",\"@id\":\"https:\\\/\\\/www.organisator.ch\\\/marketing\\\/2023-02-23\\\/smarte-events-live-aber-digital-begleitet\\\/#breadcrumb\",\"itemListElement\":[{\"@type\":\"ListItem\",\"position\":1,\"name\":\"Home\",\"item\":\"https:\\\/\\\/www.organisator.ch\\\/\"},{\"@type\":\"ListItem\",\"position\":2,\"name\":\"\u00abSmarte Events: Live, aber digital begleitet!\u00bb\"}]},{\"@type\":\"WebSite\",\"@id\":\"https:\\\/\\\/www.organisator.ch\\\/#website\",\"url\":\"https:\\\/\\\/www.organisator.ch\\\/\",\"name\":\"Organisator\",\"description\":\"Kompetent. Praxisnah. Der ORGANISATOR bereitet in 10 Ausgaben pro Jahr die wesentlichen Themen f\u00fcr F\u00fchrungskr\u00e4fte von KMU auf.\",\"publisher\":{\"@id\":\"https:\\\/\\\/www.organisator.ch\\\/#organization\"},\"potentialAction\":[{\"@type\":\"SearchAction\",\"target\":{\"@type\":\"EntryPoint\",\"urlTemplate\":\"https:\\\/\\\/www.organisator.ch\\\/?s={search_term_string}\"},\"query-input\":{\"@type\":\"PropertyValueSpecification\",\"valueRequired\":true,\"valueName\":\"search_term_string\"}}],\"inLanguage\":\"de\"},{\"@type\":\"Organization\",\"@id\":\"https:\\\/\\\/www.organisator.ch\\\/#organization\",\"name\":\"Organisator\",\"url\":\"https:\\\/\\\/www.organisator.ch\\\/\",\"logo\":{\"@type\":\"ImageObject\",\"inLanguage\":\"de\",\"@id\":\"https:\\\/\\\/www.organisator.ch\\\/#\\\/schema\\\/logo\\\/image\\\/\",\"url\":\"https:\\\/\\\/www.organisator.ch\\\/wp-content\\\/uploads\\\/2022\\\/01\\\/Logo_Organisator_Website.png\",\"contentUrl\":\"https:\\\/\\\/www.organisator.ch\\\/wp-content\\\/uploads\\\/2022\\\/01\\\/Logo_Organisator_Website.png\",\"width\":800,\"height\":77,\"caption\":\"Organisator\"},\"image\":{\"@id\":\"https:\\\/\\\/www.organisator.ch\\\/#\\\/schema\\\/logo\\\/image\\\/\"},\"sameAs\":[\"https:\\\/\\\/www.facebook.com\\\/OrganisatorFachmagazin\",\"https:\\\/\\\/www.linkedin.com\\\/showcase\\\/organisator-das-magazin-fr-kmu\",\"https:\\\/\\\/www.xing.com\\\/news\\\/pages\\\/organisator-ch-695\",\"https:\\\/\\\/www.youtube.com\\\/channel\\\/UCGP2Sq0iWaZwT3BdIAQFYpw\"]},{\"@type\":\"Person\",\"@id\":\"https:\\\/\\\/www.organisator.ch\\\/#\\\/schema\\\/person\\\/6f650f90b2842cd4c0cc334b4e36f67e\",\"name\":\"thomas.berner\",\"image\":{\"@type\":\"ImageObject\",\"inLanguage\":\"de\",\"@id\":\"https:\\\/\\\/secure.gravatar.com\\\/avatar\\\/ac5001d2a36cb6c6cd3e50789007ffca834b477b74a2144564522e944eabff61?s=96&d=mm&r=g\",\"url\":\"https:\\\/\\\/secure.gravatar.com\\\/avatar\\\/ac5001d2a36cb6c6cd3e50789007ffca834b477b74a2144564522e944eabff61?s=96&d=mm&r=g\",\"contentUrl\":\"https:\\\/\\\/secure.gravatar.com\\\/avatar\\\/ac5001d2a36cb6c6cd3e50789007ffca834b477b74a2144564522e944eabff61?s=96&d=mm&r=g\",\"caption\":\"thomas.berner\"},\"url\":\"https:\\\/\\\/www.organisator.ch\\\/de\\\/author\\\/thomas-berner\\\/\"}]}<\/script>\n<!-- \/ Yoast SEO plugin. -->","yoast_head_json":{"title":"\u00abSmarte Events: Live, aber digital begleitet!\u00bb - Organisator","description":"Beim Thema \"Smarte Events\" denkt Easyfairs-CEO Roland Brand nicht an hybride Veranstaltungen mit paralleler Online-Version.","robots":{"index":"index","follow":"follow","max-snippet":"max-snippet:-1","max-image-preview":"max-image-preview:large","max-video-preview":"max-video-preview:-1"},"canonical":"https:\/\/www.organisator.ch\/de\/marketing\/2023-02-23\/smarte-events-live-aber-digital-begleitet\/","og_locale":"de_DE","og_type":"article","og_title":"\u00abSmarte Events: Live, aber digital begleitet!\u00bb","og_description":"Beim Thema \"Smarte Events\" denkt Easyfairs-CEO Roland Brand nicht an hybride Veranstaltungen mit paralleler Online-Version.","og_url":"https:\/\/www.organisator.ch\/de\/marketing\/2023-02-23\/smarte-events-live-aber-digital-begleitet\/","og_site_name":"Organisator","article_publisher":"https:\/\/www.facebook.com\/OrganisatorFachmagazin","article_published_time":"2023-02-23T10:06:56+00:00","og_image":[{"width":680,"height":452,"url":"https:\/\/www.organisator.ch\/wp-content\/uploads\/2023\/02\/Smarte-Events-Live-aber-digital-begleitet_Organisator.jpg","type":"image\/jpeg"}],"author":"thomas.berner","twitter_card":"summary_large_image","twitter_title":"\u00abSmarte #Events: Live, aber digital begleitet!\u00bb","twitter_description":"Beim Thema \"Smarte Events\" denkt #Easyfairs-CEO Roland #Brand nicht an hybride Veranstaltungen mit paralleler #Online-Version.","twitter_image":"https:\/\/www.organisator.ch\/wp-content\/uploads\/2023\/02\/Smarte-Events-Live-aber-digital-begleitet_Organisator.jpg","schema":{"@context":"https:\/\/schema.org","@graph":[{"@type":"Article","@id":"https:\/\/www.organisator.ch\/marketing\/2023-02-23\/smarte-events-live-aber-digital-begleitet\/#article","isPartOf":{"@id":"https:\/\/www.organisator.ch\/marketing\/2023-02-23\/smarte-events-live-aber-digital-begleitet\/"},"author":{"name":"thomas.berner","@id":"https:\/\/www.organisator.ch\/#\/schema\/person\/6f650f90b2842cd4c0cc334b4e36f67e"},"headline":"\u00abSmarte Events: Live, aber digital begleitet!\u00bb","datePublished":"2023-02-23T10:06:56+00:00","mainEntityOfPage":{"@id":"https:\/\/www.organisator.ch\/marketing\/2023-02-23\/smarte-events-live-aber-digital-begleitet\/"},"wordCount":1150,"publisher":{"@id":"https:\/\/www.organisator.ch\/#organization"},"image":{"@id":"https:\/\/www.organisator.ch\/marketing\/2023-02-23\/smarte-events-live-aber-digital-begleitet\/#primaryimage"},"thumbnailUrl":"https:\/\/www.organisator.ch\/wp-content\/uploads\/2023\/02\/Smarte-Events-Live-aber-digital-begleitet_Organisator.jpg","keywords":["Fachmesse","Marketing"],"articleSection":["MARKETING"],"inLanguage":"de"},{"@type":"WebPage","@id":"https:\/\/www.organisator.ch\/marketing\/2023-02-23\/smarte-events-live-aber-digital-begleitet\/","url":"https:\/\/www.organisator.ch\/marketing\/2023-02-23\/smarte-events-live-aber-digital-begleitet\/","name":"\u00abSmarte Events: Live, aber digital begleitet!\u00bb - Organisator","isPartOf":{"@id":"https:\/\/www.organisator.ch\/#website"},"primaryImageOfPage":{"@id":"https:\/\/www.organisator.ch\/marketing\/2023-02-23\/smarte-events-live-aber-digital-begleitet\/#primaryimage"},"image":{"@id":"https:\/\/www.organisator.ch\/marketing\/2023-02-23\/smarte-events-live-aber-digital-begleitet\/#primaryimage"},"thumbnailUrl":"https:\/\/www.organisator.ch\/wp-content\/uploads\/2023\/02\/Smarte-Events-Live-aber-digital-begleitet_Organisator.jpg","datePublished":"2023-02-23T10:06:56+00:00","description":"Beim Thema \"Smarte Events\" denkt Easyfairs-CEO Roland Brand nicht an hybride Veranstaltungen mit paralleler Online-Version.","breadcrumb":{"@id":"https:\/\/www.organisator.ch\/marketing\/2023-02-23\/smarte-events-live-aber-digital-begleitet\/#breadcrumb"},"inLanguage":"de","potentialAction":[{"@type":"ReadAction","target":["https:\/\/www.organisator.ch\/marketing\/2023-02-23\/smarte-events-live-aber-digital-begleitet\/"]}]},{"@type":"ImageObject","inLanguage":"de","@id":"https:\/\/www.organisator.ch\/marketing\/2023-02-23\/smarte-events-live-aber-digital-begleitet\/#primaryimage","url":"https:\/\/www.organisator.ch\/wp-content\/uploads\/2023\/02\/Smarte-Events-Live-aber-digital-begleitet_Organisator.jpg","contentUrl":"https:\/\/www.organisator.ch\/wp-content\/uploads\/2023\/02\/Smarte-Events-Live-aber-digital-begleitet_Organisator.jpg","width":680,"height":452,"caption":"Roland Brand von Easyfairs zum Thema \"Smarte Events\": \"Wir glauben nicht an hybride Veranstaltungen, bei denen parallel zur Live-Messe eine Online-Version \u00fcbertragen wird.\" (Bild: Easyfairs)"},{"@type":"BreadcrumbList","@id":"https:\/\/www.organisator.ch\/marketing\/2023-02-23\/smarte-events-live-aber-digital-begleitet\/#breadcrumb","itemListElement":[{"@type":"ListItem","position":1,"name":"Home","item":"https:\/\/www.organisator.ch\/"},{"@type":"ListItem","position":2,"name":"\u00abSmarte Events: Live, aber digital begleitet!\u00bb"}]},{"@type":"WebSite","@id":"https:\/\/www.organisator.ch\/#website","url":"https:\/\/www.organisator.ch\/","name":"Organisator","description":"Kompetent. Praxisnah. Der ORGANISATOR bereitet in 10 Ausgaben pro Jahr die wesentlichen Themen f\u00fcr F\u00fchrungskr\u00e4fte von KMU auf.","publisher":{"@id":"https:\/\/www.organisator.ch\/#organization"},"potentialAction":[{"@type":"SearchAction","target":{"@type":"EntryPoint","urlTemplate":"https:\/\/www.organisator.ch\/?s={search_term_string}"},"query-input":{"@type":"PropertyValueSpecification","valueRequired":true,"valueName":"search_term_string"}}],"inLanguage":"de"},{"@type":"Organization","@id":"https:\/\/www.organisator.ch\/#organization","name":"Organisator","url":"https:\/\/www.organisator.ch\/","logo":{"@type":"ImageObject","inLanguage":"de","@id":"https:\/\/www.organisator.ch\/#\/schema\/logo\/image\/","url":"https:\/\/www.organisator.ch\/wp-content\/uploads\/2022\/01\/Logo_Organisator_Website.png","contentUrl":"https:\/\/www.organisator.ch\/wp-content\/uploads\/2022\/01\/Logo_Organisator_Website.png","width":800,"height":77,"caption":"Organisator"},"image":{"@id":"https:\/\/www.organisator.ch\/#\/schema\/logo\/image\/"},"sameAs":["https:\/\/www.facebook.com\/OrganisatorFachmagazin","https:\/\/www.linkedin.com\/showcase\/organisator-das-magazin-fr-kmu","https:\/\/www.xing.com\/news\/pages\/organisator-ch-695","https:\/\/www.youtube.com\/channel\/UCGP2Sq0iWaZwT3BdIAQFYpw"]},{"@type":"Person","@id":"https:\/\/www.organisator.ch\/#\/schema\/person\/6f650f90b2842cd4c0cc334b4e36f67e","name":"thomas.berner","image":{"@type":"ImageObject","inLanguage":"de","@id":"https:\/\/secure.gravatar.com\/avatar\/ac5001d2a36cb6c6cd3e50789007ffca834b477b74a2144564522e944eabff61?s=96&d=mm&r=g","url":"https:\/\/secure.gravatar.com\/avatar\/ac5001d2a36cb6c6cd3e50789007ffca834b477b74a2144564522e944eabff61?s=96&d=mm&r=g","contentUrl":"https:\/\/secure.gravatar.com\/avatar\/ac5001d2a36cb6c6cd3e50789007ffca834b477b74a2144564522e944eabff61?s=96&d=mm&r=g","caption":"thomas.berner"},"url":"https:\/\/www.organisator.ch\/de\/author\/thomas-berner\/"}]}},"_links":{"self":[{"href":"https:\/\/www.organisator.ch\/de\/wp-json\/wp\/v2\/posts\/19022","targetHints":{"allow":["GET"]}}],"collection":[{"href":"https:\/\/www.organisator.ch\/de\/wp-json\/wp\/v2\/posts"}],"about":[{"href":"https:\/\/www.organisator.ch\/de\/wp-json\/wp\/v2\/types\/post"}],"author":[{"embeddable":true,"href":"https:\/\/www.organisator.ch\/de\/wp-json\/wp\/v2\/users\/4"}],"replies":[{"embeddable":true,"href":"https:\/\/www.organisator.ch\/de\/wp-json\/wp\/v2\/comments?post=19022"}],"version-history":[{"count":4,"href":"https:\/\/www.organisator.ch\/de\/wp-json\/wp\/v2\/posts\/19022\/revisions"}],"predecessor-version":[{"id":19030,"href":"https:\/\/www.organisator.ch\/de\/wp-json\/wp\/v2\/posts\/19022\/revisions\/19030"}],"wp:featuredmedia":[{"embeddable":true,"href":"https:\/\/www.organisator.ch\/de\/wp-json\/wp\/v2\/media\/19026"}],"wp:attachment":[{"href":"https:\/\/www.organisator.ch\/de\/wp-json\/wp\/v2\/media?parent=19022"}],"wp:term":[{"taxonomy":"category","embeddable":true,"href":"https:\/\/www.organisator.ch\/de\/wp-json\/wp\/v2\/categories?post=19022"},{"taxonomy":"post_tag","embeddable":true,"href":"https:\/\/www.organisator.ch\/de\/wp-json\/wp\/v2\/tags?post=19022"}],"curies":[{"name":"wp","href":"https:\/\/api.w.org\/{rel}","templated":true}]}}