{"id":19063,"date":"2023-02-24T08:50:01","date_gmt":"2023-02-24T07:50:01","guid":{"rendered":"https:\/\/www.organisator.ch\/?p=19063"},"modified":"2023-02-24T08:50:01","modified_gmt":"2023-02-24T07:50:01","slug":"huawei-oeffnet-seine-jungunternehmerplattform-fuer-schweizer-studierende","status":"publish","type":"post","link":"https:\/\/www.organisator.ch\/de\/weiterbildung\/2023-02-24\/huawei-oeffnet-seine-jungunternehmerplattform-fuer-schweizer-studierende\/","title":{"rendered":"Huawei \u00f6ffnet seine Jungunternehmerplattform f\u00fcr Schweizer Studierende"},"content":{"rendered":"<figure id=\"attachment_19064\" aria-describedby=\"caption-attachment-19064\" style=\"width: 680px\" class=\"wp-caption alignnone\"><img loading=\"lazy\" decoding=\"async\" class=\"size-full wp-image-19064\" src=\"https:\/\/www.organisator.ch\/wp-content\/uploads\/2023\/02\/Huawei-oeffnet-seine-Jungunternehmerplattform-fuer-Schweizer-Studierende_Organisator.jpg\" alt=\"\" width=\"680\" height=\"591\" srcset=\"https:\/\/www.organisator.ch\/wp-content\/uploads\/2023\/02\/Huawei-oeffnet-seine-Jungunternehmerplattform-fuer-Schweizer-Studierende_Organisator.jpg 680w, https:\/\/www.organisator.ch\/wp-content\/uploads\/2023\/02\/Huawei-oeffnet-seine-Jungunternehmerplattform-fuer-Schweizer-Studierende_Organisator-14x12.jpg 14w, https:\/\/www.organisator.ch\/wp-content\/uploads\/2023\/02\/Huawei-oeffnet-seine-Jungunternehmerplattform-fuer-Schweizer-Studierende_Organisator-345x300.jpg 345w, https:\/\/www.organisator.ch\/wp-content\/uploads\/2023\/02\/Huawei-oeffnet-seine-Jungunternehmerplattform-fuer-Schweizer-Studierende_Organisator-403x350.jpg 403w\" sizes=\"auto, (max-width: 680px) 100vw, 680px\" \/><figcaption id=\"caption-attachment-19064\" class=\"wp-caption-text\">Nun auch offen f\u00fcr Schweizer Studierende: Die Jungunternehmerplattform &#8222;Digital Seeds&#8220; von Huawei. (Bild: zVg)<\/figcaption><\/figure>\n<p>Zuk\u00fcnftige F\u00fchrungskr\u00e4fte der digitalen Wirtschaft brauchen mehr als einen erstklassigen Universit\u00e4tsabschluss. Der Samen f\u00fcr digitales Unternehmertum muss fr\u00fchzeitig ges\u00e4t werden. Von daher stammt der Name eines globalen Programms von Huawei f\u00fcr angehende Unternehmerinnen und Unternehmer: \u00abSeeds for the Future\u00bb. Unter diesem Dach findet im deutschsprachigen Raum die Initiative \u00abDigital Seeds\u00bb statt. Ziel ist es, 100 Studierende mit L\u00f6sungskompetenzen auszustatten sowie ihr analytisches Denken und ihre digitale Kreativit\u00e4t zu sch\u00e4rfen. Erstmals d\u00fcrfen auch Studierende von Schweizer Hoch- und Fachschulen an der Jungunternehmerplattform teilnehmen.<\/p>\n<h3>Ein modulares Programm mit attraktivem Endziel<\/h3>\n<p>In dem hier vorgestellten Programm lernen die Student\/-innen unternehmerisches Denken, tauschen sich aus und erhalten die Hard- und Softskills f\u00fcr die Entwicklung eigener technologiegetriebener Businessideen. Formate wie Roundtables, EXEC-Briefings, Ideathons oder Pitch-Runden werden kombiniert, um die Besten der Besten zu eruieren. Es wird ein exklusives Netzwerk von Young Leaders und Changemakern geschaffen. In mehreren Stufen selektioniert eine Jury die besten Teams und schickt schlussendlich die drei besten nach China. Dort kommen diese in Kontakt mit chinesischen Studierenden, tauchen in die Innovationskultur der dieses Landes ein und kultivieren gemeinsam den Unternehmergeist der kommenden, sich grenz\u00fcberschreitend messenden Tech-Generation.<\/p>\n<h3>Von der Mensa ins Management in 4 Monaten<\/h3>\n<p>Interessierte Studierende k\u00f6nnen sich bis Ende M\u00e4rz f\u00fcr eine Teilnahme unter <a href=\"http:\/\/www.digitalseeds.de\">www.digitalseeds.de<\/a> bewerben. Auf der Website der Jungunternehmerplattform sind alle Kriterien f\u00fcr die Bewerbungsunterlagen \u2013 wie etwa ein Formular oder die Vorgaben f\u00fcr das Bewerbungsvideo \u2013 ersichtlich. Huawei tr\u00e4gt alle Kosten f\u00fcr die An- und Abreise vom Studienort zu den Veranstaltungen innerhalb der DACH-Region sowie die Kosten f\u00fcr allf\u00e4llige \u00dcbernachtungen.<\/p>\n<p><em>Quelle: <a href=\"http:\/\/www.huawei.com\/ch-en\/\">Huawei<\/a><\/em><\/p>\n","protected":false},"excerpt":{"rendered":"<p>Zuk\u00fcnftige F\u00fchrungskr\u00e4fte der digitalen Wirtschaft brauchen mehr als einen erstklassigen Universit\u00e4tsabschluss. Der Samen f\u00fcr digitales Unternehmertum muss fr\u00fchzeitig ges\u00e4t werden. Von daher stammt der Name eines globalen Programms von Huawei f\u00fcr angehende Unternehmerinnen und Unternehmer: \u00abSeeds for the Future\u00bb. Unter diesem Dach findet im deutschsprachigen Raum die Initiative \u00abDigital Seeds\u00bb statt. Ziel ist es, 100 [&hellip;]<\/p>\n","protected":false},"author":4,"featured_media":19064,"comment_status":"closed","ping_status":"closed","sticky":false,"template":"","format":"standard","meta":{"_acf_changed":false,"_yoast_wpseo_focuskw":"Jungunternehmerplattform","_yoast_wpseo_metadesc":"\u00abUmdenken ist gut, umsetzen ist besser\u00bb. Das ist das diesj\u00e4hrige Motto von Digital Seeds, einer Jungunternehmerplattform von Huawei.","articlekey":"","footnotes":""},"categories":[30],"tags":[62,3634,451],"class_list":["post-19063","post","type-post","status-publish","format-standard","has-post-thumbnail","hentry","category-weiterbildung","tag-aus-weiterbildung","tag-jungunternehmen","tag-startups"],"acf":[],"yoast_head":"<!-- This site is optimized with the Yoast SEO plugin v27.5 - https:\/\/yoast.com\/product\/yoast-seo-wordpress\/ -->\n<title>Huawei \u00f6ffnet seine Jungunternehmerplattform f\u00fcr Schweizer Studierende - Organisator<\/title>\n<meta name=\"description\" content=\"\u00abUmdenken ist gut, umsetzen ist besser\u00bb. Das ist das diesj\u00e4hrige Motto von Digital Seeds, einer Jungunternehmerplattform von Huawei.\" \/>\n<meta name=\"robots\" content=\"index, follow, max-snippet:-1, max-image-preview:large, max-video-preview:-1\" \/>\n<link rel=\"canonical\" href=\"https:\/\/www.organisator.ch\/de\/weiterbildung\/2023-02-24\/huawei-oeffnet-seine-jungunternehmerplattform-fuer-schweizer-studierende\/\" \/>\n<meta property=\"og:locale\" content=\"de_DE\" \/>\n<meta property=\"og:type\" content=\"article\" \/>\n<meta property=\"og:title\" content=\"Huawei \u00f6ffnet seine Jungunternehmerplattform f\u00fcr Schweizer Studierende\" \/>\n<meta property=\"og:description\" content=\"\u00abUmdenken ist gut, umsetzen ist besser\u00bb. Das ist das diesj\u00e4hrige Motto von Digital Seeds, einer Jungunternehmerplattform von Huawei.\" \/>\n<meta property=\"og:url\" content=\"https:\/\/www.organisator.ch\/de\/weiterbildung\/2023-02-24\/huawei-oeffnet-seine-jungunternehmerplattform-fuer-schweizer-studierende\/\" \/>\n<meta property=\"og:site_name\" content=\"Organisator\" \/>\n<meta property=\"article:publisher\" content=\"https:\/\/www.facebook.com\/OrganisatorFachmagazin\" \/>\n<meta property=\"article:published_time\" content=\"2023-02-24T07:50:01+00:00\" \/>\n<meta property=\"og:image\" content=\"https:\/\/www.organisator.ch\/wp-content\/uploads\/2023\/02\/Huawei-oeffnet-seine-Jungunternehmerplattform-fuer-Schweizer-Studierende_Organisator.jpg\" \/>\n\t<meta property=\"og:image:width\" content=\"680\" \/>\n\t<meta property=\"og:image:height\" content=\"591\" \/>\n\t<meta property=\"og:image:type\" content=\"image\/jpeg\" \/>\n<meta name=\"author\" content=\"thomas.berner\" \/>\n<meta name=\"twitter:card\" content=\"summary_large_image\" \/>\n<meta name=\"twitter:title\" content=\"#Huawei \u00f6ffnet seine #Jungunternehmerplattform f\u00fcr Schweizer #Studierende\" \/>\n<meta name=\"twitter:description\" content=\"\u00abUmdenken ist gut, umsetzen ist besser\u00bb. Das ist das diesj\u00e4hrige #Motto von Digital Seeds, einer #Jungunternehmerplattform von Huawei.\" \/>\n<meta name=\"twitter:image\" content=\"https:\/\/www.organisator.ch\/wp-content\/uploads\/2023\/02\/Huawei-oeffnet-seine-Jungunternehmerplattform-fuer-Schweizer-Studierende_Organisator.jpg\" \/>\n<script type=\"application\/ld+json\" class=\"yoast-schema-graph\">{\"@context\":\"https:\\\/\\\/schema.org\",\"@graph\":[{\"@type\":\"Article\",\"@id\":\"https:\\\/\\\/www.organisator.ch\\\/weiterbildung\\\/2023-02-24\\\/huawei-oeffnet-seine-jungunternehmerplattform-fuer-schweizer-studierende\\\/#article\",\"isPartOf\":{\"@id\":\"https:\\\/\\\/www.organisator.ch\\\/weiterbildung\\\/2023-02-24\\\/huawei-oeffnet-seine-jungunternehmerplattform-fuer-schweizer-studierende\\\/\"},\"author\":{\"name\":\"thomas.berner\",\"@id\":\"https:\\\/\\\/www.organisator.ch\\\/#\\\/schema\\\/person\\\/6f650f90b2842cd4c0cc334b4e36f67e\"},\"headline\":\"Huawei \u00f6ffnet seine Jungunternehmerplattform f\u00fcr Schweizer Studierende\",\"datePublished\":\"2023-02-24T07:50:01+00:00\",\"mainEntityOfPage\":{\"@id\":\"https:\\\/\\\/www.organisator.ch\\\/weiterbildung\\\/2023-02-24\\\/huawei-oeffnet-seine-jungunternehmerplattform-fuer-schweizer-studierende\\\/\"},\"wordCount\":306,\"publisher\":{\"@id\":\"https:\\\/\\\/www.organisator.ch\\\/#organization\"},\"image\":{\"@id\":\"https:\\\/\\\/www.organisator.ch\\\/weiterbildung\\\/2023-02-24\\\/huawei-oeffnet-seine-jungunternehmerplattform-fuer-schweizer-studierende\\\/#primaryimage\"},\"thumbnailUrl\":\"https:\\\/\\\/www.organisator.ch\\\/wp-content\\\/uploads\\\/2023\\\/02\\\/Huawei-oeffnet-seine-Jungunternehmerplattform-fuer-Schweizer-Studierende_Organisator.jpg\",\"keywords\":[\"Aus-\\\/Weiterbildung\",\"Jungunternehmen\",\"Startups\"],\"articleSection\":[\"WEITERBILDUNG\"],\"inLanguage\":\"de\"},{\"@type\":\"WebPage\",\"@id\":\"https:\\\/\\\/www.organisator.ch\\\/weiterbildung\\\/2023-02-24\\\/huawei-oeffnet-seine-jungunternehmerplattform-fuer-schweizer-studierende\\\/\",\"url\":\"https:\\\/\\\/www.organisator.ch\\\/weiterbildung\\\/2023-02-24\\\/huawei-oeffnet-seine-jungunternehmerplattform-fuer-schweizer-studierende\\\/\",\"name\":\"Huawei \u00f6ffnet seine Jungunternehmerplattform f\u00fcr Schweizer Studierende - Organisator\",\"isPartOf\":{\"@id\":\"https:\\\/\\\/www.organisator.ch\\\/#website\"},\"primaryImageOfPage\":{\"@id\":\"https:\\\/\\\/www.organisator.ch\\\/weiterbildung\\\/2023-02-24\\\/huawei-oeffnet-seine-jungunternehmerplattform-fuer-schweizer-studierende\\\/#primaryimage\"},\"image\":{\"@id\":\"https:\\\/\\\/www.organisator.ch\\\/weiterbildung\\\/2023-02-24\\\/huawei-oeffnet-seine-jungunternehmerplattform-fuer-schweizer-studierende\\\/#primaryimage\"},\"thumbnailUrl\":\"https:\\\/\\\/www.organisator.ch\\\/wp-content\\\/uploads\\\/2023\\\/02\\\/Huawei-oeffnet-seine-Jungunternehmerplattform-fuer-Schweizer-Studierende_Organisator.jpg\",\"datePublished\":\"2023-02-24T07:50:01+00:00\",\"description\":\"\u00abUmdenken ist gut, umsetzen ist besser\u00bb. Das ist das diesj\u00e4hrige Motto von Digital Seeds, einer Jungunternehmerplattform von Huawei.\",\"breadcrumb\":{\"@id\":\"https:\\\/\\\/www.organisator.ch\\\/weiterbildung\\\/2023-02-24\\\/huawei-oeffnet-seine-jungunternehmerplattform-fuer-schweizer-studierende\\\/#breadcrumb\"},\"inLanguage\":\"de\",\"potentialAction\":[{\"@type\":\"ReadAction\",\"target\":[\"https:\\\/\\\/www.organisator.ch\\\/weiterbildung\\\/2023-02-24\\\/huawei-oeffnet-seine-jungunternehmerplattform-fuer-schweizer-studierende\\\/\"]}]},{\"@type\":\"ImageObject\",\"inLanguage\":\"de\",\"@id\":\"https:\\\/\\\/www.organisator.ch\\\/weiterbildung\\\/2023-02-24\\\/huawei-oeffnet-seine-jungunternehmerplattform-fuer-schweizer-studierende\\\/#primaryimage\",\"url\":\"https:\\\/\\\/www.organisator.ch\\\/wp-content\\\/uploads\\\/2023\\\/02\\\/Huawei-oeffnet-seine-Jungunternehmerplattform-fuer-Schweizer-Studierende_Organisator.jpg\",\"contentUrl\":\"https:\\\/\\\/www.organisator.ch\\\/wp-content\\\/uploads\\\/2023\\\/02\\\/Huawei-oeffnet-seine-Jungunternehmerplattform-fuer-Schweizer-Studierende_Organisator.jpg\",\"width\":680,\"height\":591,\"caption\":\"Nun auch offen f\u00fcr Schweizer Studierende: Die Jungunternehmerplattform \\\"Digital Seeds\\\" von Huawei. (Bild: zVg)\"},{\"@type\":\"BreadcrumbList\",\"@id\":\"https:\\\/\\\/www.organisator.ch\\\/weiterbildung\\\/2023-02-24\\\/huawei-oeffnet-seine-jungunternehmerplattform-fuer-schweizer-studierende\\\/#breadcrumb\",\"itemListElement\":[{\"@type\":\"ListItem\",\"position\":1,\"name\":\"Home\",\"item\":\"https:\\\/\\\/www.organisator.ch\\\/\"},{\"@type\":\"ListItem\",\"position\":2,\"name\":\"Huawei \u00f6ffnet seine Jungunternehmerplattform f\u00fcr Schweizer Studierende\"}]},{\"@type\":\"WebSite\",\"@id\":\"https:\\\/\\\/www.organisator.ch\\\/#website\",\"url\":\"https:\\\/\\\/www.organisator.ch\\\/\",\"name\":\"Organisator\",\"description\":\"Kompetent. Praxisnah. Der ORGANISATOR bereitet in 10 Ausgaben pro Jahr die wesentlichen Themen f\u00fcr F\u00fchrungskr\u00e4fte von KMU auf.\",\"publisher\":{\"@id\":\"https:\\\/\\\/www.organisator.ch\\\/#organization\"},\"potentialAction\":[{\"@type\":\"SearchAction\",\"target\":{\"@type\":\"EntryPoint\",\"urlTemplate\":\"https:\\\/\\\/www.organisator.ch\\\/?s={search_term_string}\"},\"query-input\":{\"@type\":\"PropertyValueSpecification\",\"valueRequired\":true,\"valueName\":\"search_term_string\"}}],\"inLanguage\":\"de\"},{\"@type\":\"Organization\",\"@id\":\"https:\\\/\\\/www.organisator.ch\\\/#organization\",\"name\":\"Organisator\",\"url\":\"https:\\\/\\\/www.organisator.ch\\\/\",\"logo\":{\"@type\":\"ImageObject\",\"inLanguage\":\"de\",\"@id\":\"https:\\\/\\\/www.organisator.ch\\\/#\\\/schema\\\/logo\\\/image\\\/\",\"url\":\"https:\\\/\\\/www.organisator.ch\\\/wp-content\\\/uploads\\\/2022\\\/01\\\/Logo_Organisator_Website.png\",\"contentUrl\":\"https:\\\/\\\/www.organisator.ch\\\/wp-content\\\/uploads\\\/2022\\\/01\\\/Logo_Organisator_Website.png\",\"width\":800,\"height\":77,\"caption\":\"Organisator\"},\"image\":{\"@id\":\"https:\\\/\\\/www.organisator.ch\\\/#\\\/schema\\\/logo\\\/image\\\/\"},\"sameAs\":[\"https:\\\/\\\/www.facebook.com\\\/OrganisatorFachmagazin\",\"https:\\\/\\\/www.linkedin.com\\\/showcase\\\/organisator-das-magazin-fr-kmu\",\"https:\\\/\\\/www.xing.com\\\/news\\\/pages\\\/organisator-ch-695\",\"https:\\\/\\\/www.youtube.com\\\/channel\\\/UCGP2Sq0iWaZwT3BdIAQFYpw\"]},{\"@type\":\"Person\",\"@id\":\"https:\\\/\\\/www.organisator.ch\\\/#\\\/schema\\\/person\\\/6f650f90b2842cd4c0cc334b4e36f67e\",\"name\":\"thomas.berner\",\"image\":{\"@type\":\"ImageObject\",\"inLanguage\":\"de\",\"@id\":\"https:\\\/\\\/secure.gravatar.com\\\/avatar\\\/ac5001d2a36cb6c6cd3e50789007ffca834b477b74a2144564522e944eabff61?s=96&d=mm&r=g\",\"url\":\"https:\\\/\\\/secure.gravatar.com\\\/avatar\\\/ac5001d2a36cb6c6cd3e50789007ffca834b477b74a2144564522e944eabff61?s=96&d=mm&r=g\",\"contentUrl\":\"https:\\\/\\\/secure.gravatar.com\\\/avatar\\\/ac5001d2a36cb6c6cd3e50789007ffca834b477b74a2144564522e944eabff61?s=96&d=mm&r=g\",\"caption\":\"thomas.berner\"},\"url\":\"https:\\\/\\\/www.organisator.ch\\\/de\\\/author\\\/thomas-berner\\\/\"}]}<\/script>\n<!-- \/ Yoast SEO plugin. -->","yoast_head_json":{"title":"Huawei \u00f6ffnet seine Jungunternehmerplattform f\u00fcr Schweizer Studierende - Organisator","description":"\u00abUmdenken ist gut, umsetzen ist besser\u00bb. Das ist das diesj\u00e4hrige Motto von Digital Seeds, einer Jungunternehmerplattform von Huawei.","robots":{"index":"index","follow":"follow","max-snippet":"max-snippet:-1","max-image-preview":"max-image-preview:large","max-video-preview":"max-video-preview:-1"},"canonical":"https:\/\/www.organisator.ch\/de\/weiterbildung\/2023-02-24\/huawei-oeffnet-seine-jungunternehmerplattform-fuer-schweizer-studierende\/","og_locale":"de_DE","og_type":"article","og_title":"Huawei \u00f6ffnet seine Jungunternehmerplattform f\u00fcr Schweizer Studierende","og_description":"\u00abUmdenken ist gut, umsetzen ist besser\u00bb. Das ist das diesj\u00e4hrige Motto von Digital Seeds, einer Jungunternehmerplattform von Huawei.","og_url":"https:\/\/www.organisator.ch\/de\/weiterbildung\/2023-02-24\/huawei-oeffnet-seine-jungunternehmerplattform-fuer-schweizer-studierende\/","og_site_name":"Organisator","article_publisher":"https:\/\/www.facebook.com\/OrganisatorFachmagazin","article_published_time":"2023-02-24T07:50:01+00:00","og_image":[{"width":680,"height":591,"url":"https:\/\/www.organisator.ch\/wp-content\/uploads\/2023\/02\/Huawei-oeffnet-seine-Jungunternehmerplattform-fuer-Schweizer-Studierende_Organisator.jpg","type":"image\/jpeg"}],"author":"thomas.berner","twitter_card":"summary_large_image","twitter_title":"#Huawei \u00f6ffnet seine #Jungunternehmerplattform f\u00fcr Schweizer #Studierende","twitter_description":"\u00abUmdenken ist gut, umsetzen ist besser\u00bb. Das ist das diesj\u00e4hrige #Motto von Digital Seeds, einer #Jungunternehmerplattform von Huawei.","twitter_image":"https:\/\/www.organisator.ch\/wp-content\/uploads\/2023\/02\/Huawei-oeffnet-seine-Jungunternehmerplattform-fuer-Schweizer-Studierende_Organisator.jpg","schema":{"@context":"https:\/\/schema.org","@graph":[{"@type":"Article","@id":"https:\/\/www.organisator.ch\/weiterbildung\/2023-02-24\/huawei-oeffnet-seine-jungunternehmerplattform-fuer-schweizer-studierende\/#article","isPartOf":{"@id":"https:\/\/www.organisator.ch\/weiterbildung\/2023-02-24\/huawei-oeffnet-seine-jungunternehmerplattform-fuer-schweizer-studierende\/"},"author":{"name":"thomas.berner","@id":"https:\/\/www.organisator.ch\/#\/schema\/person\/6f650f90b2842cd4c0cc334b4e36f67e"},"headline":"Huawei \u00f6ffnet seine Jungunternehmerplattform f\u00fcr Schweizer Studierende","datePublished":"2023-02-24T07:50:01+00:00","mainEntityOfPage":{"@id":"https:\/\/www.organisator.ch\/weiterbildung\/2023-02-24\/huawei-oeffnet-seine-jungunternehmerplattform-fuer-schweizer-studierende\/"},"wordCount":306,"publisher":{"@id":"https:\/\/www.organisator.ch\/#organization"},"image":{"@id":"https:\/\/www.organisator.ch\/weiterbildung\/2023-02-24\/huawei-oeffnet-seine-jungunternehmerplattform-fuer-schweizer-studierende\/#primaryimage"},"thumbnailUrl":"https:\/\/www.organisator.ch\/wp-content\/uploads\/2023\/02\/Huawei-oeffnet-seine-Jungunternehmerplattform-fuer-Schweizer-Studierende_Organisator.jpg","keywords":["Aus-\/Weiterbildung","Jungunternehmen","Startups"],"articleSection":["WEITERBILDUNG"],"inLanguage":"de"},{"@type":"WebPage","@id":"https:\/\/www.organisator.ch\/weiterbildung\/2023-02-24\/huawei-oeffnet-seine-jungunternehmerplattform-fuer-schweizer-studierende\/","url":"https:\/\/www.organisator.ch\/weiterbildung\/2023-02-24\/huawei-oeffnet-seine-jungunternehmerplattform-fuer-schweizer-studierende\/","name":"Huawei \u00f6ffnet seine Jungunternehmerplattform f\u00fcr Schweizer Studierende - Organisator","isPartOf":{"@id":"https:\/\/www.organisator.ch\/#website"},"primaryImageOfPage":{"@id":"https:\/\/www.organisator.ch\/weiterbildung\/2023-02-24\/huawei-oeffnet-seine-jungunternehmerplattform-fuer-schweizer-studierende\/#primaryimage"},"image":{"@id":"https:\/\/www.organisator.ch\/weiterbildung\/2023-02-24\/huawei-oeffnet-seine-jungunternehmerplattform-fuer-schweizer-studierende\/#primaryimage"},"thumbnailUrl":"https:\/\/www.organisator.ch\/wp-content\/uploads\/2023\/02\/Huawei-oeffnet-seine-Jungunternehmerplattform-fuer-Schweizer-Studierende_Organisator.jpg","datePublished":"2023-02-24T07:50:01+00:00","description":"\u00abUmdenken ist gut, umsetzen ist besser\u00bb. Das ist das diesj\u00e4hrige Motto von Digital Seeds, einer Jungunternehmerplattform von Huawei.","breadcrumb":{"@id":"https:\/\/www.organisator.ch\/weiterbildung\/2023-02-24\/huawei-oeffnet-seine-jungunternehmerplattform-fuer-schweizer-studierende\/#breadcrumb"},"inLanguage":"de","potentialAction":[{"@type":"ReadAction","target":["https:\/\/www.organisator.ch\/weiterbildung\/2023-02-24\/huawei-oeffnet-seine-jungunternehmerplattform-fuer-schweizer-studierende\/"]}]},{"@type":"ImageObject","inLanguage":"de","@id":"https:\/\/www.organisator.ch\/weiterbildung\/2023-02-24\/huawei-oeffnet-seine-jungunternehmerplattform-fuer-schweizer-studierende\/#primaryimage","url":"https:\/\/www.organisator.ch\/wp-content\/uploads\/2023\/02\/Huawei-oeffnet-seine-Jungunternehmerplattform-fuer-Schweizer-Studierende_Organisator.jpg","contentUrl":"https:\/\/www.organisator.ch\/wp-content\/uploads\/2023\/02\/Huawei-oeffnet-seine-Jungunternehmerplattform-fuer-Schweizer-Studierende_Organisator.jpg","width":680,"height":591,"caption":"Nun auch offen f\u00fcr Schweizer Studierende: Die Jungunternehmerplattform \"Digital Seeds\" von Huawei. (Bild: zVg)"},{"@type":"BreadcrumbList","@id":"https:\/\/www.organisator.ch\/weiterbildung\/2023-02-24\/huawei-oeffnet-seine-jungunternehmerplattform-fuer-schweizer-studierende\/#breadcrumb","itemListElement":[{"@type":"ListItem","position":1,"name":"Home","item":"https:\/\/www.organisator.ch\/"},{"@type":"ListItem","position":2,"name":"Huawei \u00f6ffnet seine Jungunternehmerplattform f\u00fcr Schweizer Studierende"}]},{"@type":"WebSite","@id":"https:\/\/www.organisator.ch\/#website","url":"https:\/\/www.organisator.ch\/","name":"Organisator","description":"Kompetent. Praxisnah. Der ORGANISATOR bereitet in 10 Ausgaben pro Jahr die wesentlichen Themen f\u00fcr F\u00fchrungskr\u00e4fte von KMU auf.","publisher":{"@id":"https:\/\/www.organisator.ch\/#organization"},"potentialAction":[{"@type":"SearchAction","target":{"@type":"EntryPoint","urlTemplate":"https:\/\/www.organisator.ch\/?s={search_term_string}"},"query-input":{"@type":"PropertyValueSpecification","valueRequired":true,"valueName":"search_term_string"}}],"inLanguage":"de"},{"@type":"Organization","@id":"https:\/\/www.organisator.ch\/#organization","name":"Organisator","url":"https:\/\/www.organisator.ch\/","logo":{"@type":"ImageObject","inLanguage":"de","@id":"https:\/\/www.organisator.ch\/#\/schema\/logo\/image\/","url":"https:\/\/www.organisator.ch\/wp-content\/uploads\/2022\/01\/Logo_Organisator_Website.png","contentUrl":"https:\/\/www.organisator.ch\/wp-content\/uploads\/2022\/01\/Logo_Organisator_Website.png","width":800,"height":77,"caption":"Organisator"},"image":{"@id":"https:\/\/www.organisator.ch\/#\/schema\/logo\/image\/"},"sameAs":["https:\/\/www.facebook.com\/OrganisatorFachmagazin","https:\/\/www.linkedin.com\/showcase\/organisator-das-magazin-fr-kmu","https:\/\/www.xing.com\/news\/pages\/organisator-ch-695","https:\/\/www.youtube.com\/channel\/UCGP2Sq0iWaZwT3BdIAQFYpw"]},{"@type":"Person","@id":"https:\/\/www.organisator.ch\/#\/schema\/person\/6f650f90b2842cd4c0cc334b4e36f67e","name":"thomas.berner","image":{"@type":"ImageObject","inLanguage":"de","@id":"https:\/\/secure.gravatar.com\/avatar\/ac5001d2a36cb6c6cd3e50789007ffca834b477b74a2144564522e944eabff61?s=96&d=mm&r=g","url":"https:\/\/secure.gravatar.com\/avatar\/ac5001d2a36cb6c6cd3e50789007ffca834b477b74a2144564522e944eabff61?s=96&d=mm&r=g","contentUrl":"https:\/\/secure.gravatar.com\/avatar\/ac5001d2a36cb6c6cd3e50789007ffca834b477b74a2144564522e944eabff61?s=96&d=mm&r=g","caption":"thomas.berner"},"url":"https:\/\/www.organisator.ch\/de\/author\/thomas-berner\/"}]}},"_links":{"self":[{"href":"https:\/\/www.organisator.ch\/de\/wp-json\/wp\/v2\/posts\/19063","targetHints":{"allow":["GET"]}}],"collection":[{"href":"https:\/\/www.organisator.ch\/de\/wp-json\/wp\/v2\/posts"}],"about":[{"href":"https:\/\/www.organisator.ch\/de\/wp-json\/wp\/v2\/types\/post"}],"author":[{"embeddable":true,"href":"https:\/\/www.organisator.ch\/de\/wp-json\/wp\/v2\/users\/4"}],"replies":[{"embeddable":true,"href":"https:\/\/www.organisator.ch\/de\/wp-json\/wp\/v2\/comments?post=19063"}],"version-history":[{"count":1,"href":"https:\/\/www.organisator.ch\/de\/wp-json\/wp\/v2\/posts\/19063\/revisions"}],"predecessor-version":[{"id":19065,"href":"https:\/\/www.organisator.ch\/de\/wp-json\/wp\/v2\/posts\/19063\/revisions\/19065"}],"wp:featuredmedia":[{"embeddable":true,"href":"https:\/\/www.organisator.ch\/de\/wp-json\/wp\/v2\/media\/19064"}],"wp:attachment":[{"href":"https:\/\/www.organisator.ch\/de\/wp-json\/wp\/v2\/media?parent=19063"}],"wp:term":[{"taxonomy":"category","embeddable":true,"href":"https:\/\/www.organisator.ch\/de\/wp-json\/wp\/v2\/categories?post=19063"},{"taxonomy":"post_tag","embeddable":true,"href":"https:\/\/www.organisator.ch\/de\/wp-json\/wp\/v2\/tags?post=19063"}],"curies":[{"name":"wp","href":"https:\/\/api.w.org\/{rel}","templated":true}]}}