{"id":19107,"date":"2023-02-27T14:03:33","date_gmt":"2023-02-27T13:03:33","guid":{"rendered":"https:\/\/www.m-q.ch\/?p=17606"},"modified":"2024-11-18T11:42:38","modified_gmt":"2024-11-18T10:42:38","slug":"der-digitale-imperativ-ersetzt-die-digitale-transformation","status":"publish","type":"post","link":"https:\/\/www.organisator.ch\/de\/operational-excellence\/2023-02-27\/der-digitale-imperativ-ersetzt-die-digitale-transformation\/","title":{"rendered":"Der digitale Imperativ ersetzt die digitale Transformation"},"content":{"rendered":"<figure id=\"attachment_17608\" class=\"wp-caption alignnone\" style=\"width: 680px\" aria-describedby=\"caption-attachment-17608\"><img class=\"alignnone wp-image-17608 size-full\" src=\"https:\/\/www.m-q.ch\/wp-content\/uploads\/2023\/02\/Der-digitale-Imperativ-ersetzt-die-digitale-Transformation_MQ.jpg\" alt=\"Digitaler Imperativ\" width=\"680\" height=\"483\" \/>\r\n<figcaption id=\"caption-attachment-17608\" class=\"wp-caption-text\">In den Augen von Cosima von Kries steht als Fortsetzung der digitalen Transformation der digitale Imperativ. (Bild: Nintex)<\/figcaption>\r\n<\/figure>\r\n<p>Dank dessen starker Stellung in der Technologiebranche ist Microsoft in einer guten Position, um neue Trends zu setzen. <a href=\"https:\/\/www.linkedin.com\/pulse\/digital-imperative-every-organization-satya-nadella\/?trackingId=3FHeuQsbQSSIXOtFbjepbg%3D%3D\">Wenn Satya Nadella also sagt<\/a>, dass Unternehmensleiter \u00fcber die digitale Transformation hinausgehen m\u00fcssen, dann ist das durchaus zutreffend. Der digitale Imperativ impliziert mehr als nur Dringlichkeit. Er impliziert eine Notwendigkeit. Digitalisierungsbem\u00fchungen sind nicht nur f\u00fcr anspruchsvolle Unternehmen mit gro\u00dfen Technologiebudgets reserviert. Sie sind f\u00fcr \u201ejede Organisation in jeder Branche\u201c notwendig.<\/p>\r\n<p>Die Umstellung auf die Digitalisierung als Notwendigkeit signalisiert die neue Hauptrolle, die die Technologie in unserer Welt spielt. Technologie existiert nicht mehr nur am Rande des Gesch\u00e4ftslebens. Sie ist mit so vielen Prozessen, Funktionen und Menschen verschmolzen, dass sie im Mittelpunkt der t\u00e4glichen Arbeit steht. Dies ist die echte Bedeutung des digitalen Imperativs. Sie ist ein integraler Bestandteil der Gesch\u00e4ftsfunktionen und von zentraler Bedeutung f\u00fcr das Unternehmenswachstum.<\/p>\r\n<h3><strong>Was ist mit der digitalen Transformation?<\/strong><\/h3>\r\n<p><strong>\u00a0<\/strong>Die digitale Transformation hat in den letzten zehn Jahren dazu gef\u00fchrt, dass Unternehmen, die an der Spitze stehen, einen technologiebasierten Ansatz verfolgen. Sie hat ein Umdenken in modernen Unternehmen eingeleitet und den technologischen Wandel massgeblich vorangetrieben.<\/p>\r\n<p>Was sich ge\u00e4ndert hat, ist nicht der Bedarf an Technologie. Es ist die immerw\u00e4hrende Idee des Wandels. Laut Nadella m\u00fcssen F\u00fchrungskr\u00e4fte ihre Unternehmen nicht neu \u00fcberdenken, neu entdecken oder st\u00e4ndig umgestalten. Der Ver\u00e4nderungsbedarf ist erkannt \u2013 und die ersten digitalen R\u00e4dchen sollten bereits im Einsatz sein. Die digitale Transformation sollte auf Unternehmensebene bereits in vollem Gange sein.\u00a0\u00a0<\/p>\r\n<h3><strong>Warum unbedingt jetzt der digitale Imperativ?<\/strong><\/h3>\r\n<p>Die Frage, die sich viele stellen, lautet: Warum gerade jetzt? Warum ist die Digitalisierung jetzt so wichtig geworden (und nicht etwa vor zehn Jahren)?<\/p>\r\n<p>Der Wandel hin zu einem digitalen Imperativ ist eigentlich ein Erbe der digitalen Transformationsbewegung. Unternehmensleiter haben digitale Investitionen get\u00e4tigt. CIOs und IT-Mitarbeiter haben neue L\u00f6sungen implementiert und Mitarbeiter geschult. Und die gesch\u00e4ftlichen Vorteile sind schnell und deutlich sichtbar geworden. F\u00fcr die Unternehmen, die vor zehn Jahren auf den Digitalisierungszug aufgesprungen sind, hat sich die \u201eTransformation\u201c gelohnt.\u00a0<a href=\"https:\/\/www.forbes.com\/sites\/forbestechcouncil\/2021\/04\/07\/digital-transformation-is-coming-of-age\/?sh=5db842274eee\">Untersuchungen zeigen<\/a>, dass Unternehmen, die sich fr\u00fch f\u00fcr die digitale Transformation entschieden haben, besser in der Lage waren, ihre Digitalisierungsbem\u00fchungen zu beschleunigen, sich schnell umzustellen und weiterhin erfolgreich zu sein. Sp\u00e4tz\u00fcnder mussten feststellen, dass ihre Fortschritte hinter denen zur\u00fcckblieben, die besser vorbereitet waren.<\/p>\r\n<p>\u201eW\u00e4hrend die digitale Transformation fr\u00fcher eine Strategie war, mit der sich Unternehmen von ihren Konkurrenten abheben und ihnen voraus sein konnten, ist sie heute eine Frage des \u00dcberlebens. Die Digitalisierung ist dringend und notwendig geworden. Sie ist jetzt ein Muss,\u201c h\u00e4lt Cosima von Kries fest.\u00a0<\/p>\r\n<h3><strong>In welchen Bereichen ist die Digitalisierung unumg\u00e4nglich?<\/strong><\/h3>\r\n<p>Der digitale Imperativ deckt, wie die digitale Transformation, Schl\u00fcsselbereiche des Gesch\u00e4fts ab. Nicht jedes Unternehmen ist auf dem gleichen Weg, aber typischerweise ist die Digitalisierung entscheidend f\u00fcr:<\/p>\r\n<ul>\r\n\t<li><strong>Datenspeicherung\/-management:<\/strong> In j\u00fcngster Zeit hat sich die Cloud als Schl\u00fcssel zur Datenspeicherung und -verwaltung etabliert und ersetzt damit alte, vor Ort installierte Systeme. Die Speicherung in der Cloud bietet ihren Nutzern mehr Sicherheit und Flexibilit\u00e4t, da sie schnell skaliert werden kann und f\u00fcr Sicherheitsupdates und Patches gesorgt ist.<\/li>\r\n\t<li><strong>Systeme f\u00fcr die Zusammenarbeit:<\/strong> Der Verkauf von Kollaborations-Apps boomte w\u00e4hrend der Pandemie, als Remote-Mitarbeiter neue Tools ben\u00f6tigten, um effektiv zusammenzuarbeiten. Kollaborationstools erleichtern ein Fern-\/Hybrid-Arbeitsmodell und erm\u00f6glichen gleichzeitig eine strukturiertere Kommunikation im B\u00fcro.<\/li>\r\n\t<li><strong>Produktivit\u00e4ts-Tools:\u00a0<\/strong>Technologien, die die Produktivit\u00e4t f\u00f6rdern, stehen derzeit ganz oben auf der Tagesordnung der Unternehmen. Dazu geh\u00f6ren Automatisierungstools, Workflow-Tools und Anwendungen, die die Produktivit\u00e4t \u00fcber den gesamten Lebenszyklus eines Projekts hinweg verfolgen k\u00f6nnen. Diese Tools sorgen nicht nur f\u00fcr eine Steigerung der Mitarbeiterproduktivit\u00e4t, sondern enthalten in der Regel auch Datenprofile, die eine bessere Entscheidungsfindung erm\u00f6glichen.<\/li>\r\n<\/ul>\r\n<h3><strong>Der digitale Imperativ: eine Aufforderung zum Handeln<\/strong><\/h3>\r\n<p>Bislang war die Digitalisierung eine Entscheidung der Unternehmensleitung. Das Wort \u201eTransformation\u201c wurde verwendet, um den F\u00fchrungskr\u00e4ften den Einstieg in den Digitalisierungsprozess zu erleichtern. Es beschreibt die Metamorphose von veralteten Methoden hin zu neuen Technologien. Jetzt, wo viele digitale Systeme bereits eingef\u00fchrt sind, beginnt eine neue \u00c4ra der Digitalisierung. Ein Unternehmen, das Automatisierungstools, Kollaborations-Apps, KI-gest\u00fctzte Technologien und Cloud-basierte Systeme erfolgreich einsetzt, wird sich \u2013 auf zahlreiche und vielf\u00e4ltige Weise \u2013 auf dem Markt behaupten.\u00a0<\/p>\r\n<p>Die digitale Transformation ist nicht l\u00e4nger eine Option f\u00fcr Unternehmensleiter. Die Digitalisierung ist auch nicht etwas Radikales, Ausgekl\u00fcgeltes oder leicht \u00fcber Nacht zu Implementierendes. Der digitale Imperativ ist vor allem eine Aufforderung zum Handeln. Er l\u00e4utet eine neue \u00c4ra ein. Und fordert die Nachz\u00fcgler der Digitalisierung auf, sich anzupassen \u2013 und zwar schnell.<\/p>\r\n<p>Quellennachweis:\u00a0<\/p>\r\n<ul>\r\n\t<li><a href=\"https:\/\/www.linkedin.com\/pulse\/digital-imperative-every-organization-satya-nadella\/?trackingId=3FHeuQsbQSSIXOtFbjepbg%3D%3D\">https:\/\/www.linkedin.com\/pulse\/digital-imperative-every-organization-satya-nadella\/?trackingId=3FHeuQsbQSSIXOtFbjepbg%3D%3D<\/a><\/li>\r\n\t<li><a href=\"https:\/\/www.forbes.com\/sites\/forbestechcouncil\/2021\/04\/07\/digital-transformation-is-coming-of-age\/?sh=6c77e35a74ee\">https:\/\/www.forbes.com\/sites\/forbestechcouncil\/2021\/04\/07\/digital-transformation-is-coming-of-age\/?sh=6c77e35a74ee<\/a><\/li>\r\n<\/ul>\r\n<p><em>Quelle: <a href=\"https:\/\/www.nintex.de\/\">Nintex<\/a><\/em><\/p>\n<p class=\"syndicated-attribution\">Dieser Beitrag erschien urspr\u00fcnglich auf m-q.ch - <a href=\"https:\/\/www.m-q.ch\/de\/der-digitale-imperativ-ersetzt-die-digitale-transformation\/\" target=\"_blank\">https:\/\/www.m-q.ch\/de\/der-digitale-imperativ-ersetzt-die-digitale-transformation\/<\/a><\/p>","protected":false},"excerpt":{"rendered":"<p>Dank dessen starker Stellung in der Technologiebranche ist Microsoft in einer guten Position, um neue Trends zu setzen. Wenn Satya Nadella also sagt, dass Unternehmensleiter \u00fcber die digitale Transformation hinausgehen m\u00fcssen, dann ist das durchaus zutreffend. Der digitale Imperativ impliziert mehr als nur Dringlichkeit. Er impliziert eine Notwendigkeit. Digitalisierungsbem\u00fchungen sind nicht nur f\u00fcr anspruchsvolle Unternehmen [\u2026]<\/p>\n","protected":false},"author":8,"featured_media":0,"comment_status":"closed","ping_status":"closed","sticky":false,"template":"","format":"standard","meta":{"_acf_changed":false,"_yoast_wpseo_focuskw":"Digitaler Imperativ","_yoast_wpseo_metadesc":"Digitaler Imperativ: Microsofts Satya Nadella fordert Unternehmen auf, \u00fcber digitale Transformation hinauszugehen. Jetzt handeln.","articlekey":"","footnotes":""},"categories":[582],"tags":[],"class_list":["post-19107","post","type-post","status-publish","format-standard","hentry","category-operational-excellence"],"acf":[],"yoast_head":"<!-- This site is optimized with the Yoast SEO plugin v27.5 - https:\/\/yoast.com\/product\/yoast-seo-wordpress\/ -->\n<title>Der digitale Imperativ ersetzt die digitale Transformation - Organisator<\/title>\n<meta name=\"description\" content=\"Digitaler Imperativ: Microsofts Satya Nadella fordert Unternehmen auf, \u00fcber digitale Transformation hinauszugehen. Jetzt handeln.\" \/>\n<meta name=\"robots\" content=\"index, follow, max-snippet:-1, max-image-preview:large, max-video-preview:-1\" \/>\n<link rel=\"canonical\" href=\"https:\/\/www.organisator.ch\/de\/operational-excellence\/2023-02-27\/der-digitale-imperativ-ersetzt-die-digitale-transformation\/\" \/>\n<meta property=\"og:locale\" content=\"de_DE\" \/>\n<meta property=\"og:type\" content=\"article\" \/>\n<meta property=\"og:title\" content=\"Der digitale Imperativ ersetzt die digitale Transformation - Organisator\" \/>\n<meta property=\"og:description\" content=\"Digitaler Imperativ: Microsofts Satya Nadella fordert Unternehmen auf, \u00fcber digitale Transformation hinauszugehen. Jetzt handeln.\" \/>\n<meta property=\"og:url\" content=\"https:\/\/www.organisator.ch\/de\/operational-excellence\/2023-02-27\/der-digitale-imperativ-ersetzt-die-digitale-transformation\/\" \/>\n<meta property=\"og:site_name\" content=\"Organisator\" \/>\n<meta property=\"article:publisher\" content=\"https:\/\/www.facebook.com\/OrganisatorFachmagazin\" \/>\n<meta property=\"article:published_time\" content=\"2023-02-27T13:03:33+00:00\" \/>\n<meta property=\"article:modified_time\" content=\"2024-11-18T10:42:38+00:00\" \/>\n<meta name=\"author\" content=\"galledia\" \/>\n<meta name=\"twitter:card\" content=\"summary_large_image\" \/>\n<meta name=\"twitter:creator\" content=\"@admin\" \/>\n<script type=\"application\/ld+json\" class=\"yoast-schema-graph\">{\"@context\":\"https:\\\/\\\/schema.org\",\"@graph\":[{\"@type\":\"Article\",\"@id\":\"https:\\\/\\\/www.organisator.ch\\\/operational-excellence\\\/2023-02-27\\\/der-digitale-imperativ-ersetzt-die-digitale-transformation\\\/#article\",\"isPartOf\":{\"@id\":\"https:\\\/\\\/www.organisator.ch\\\/operational-excellence\\\/2023-02-27\\\/der-digitale-imperativ-ersetzt-die-digitale-transformation\\\/\"},\"author\":{\"name\":\"galledia\",\"@id\":\"https:\\\/\\\/www.organisator.ch\\\/#\\\/schema\\\/person\\\/4e51799071cd2dd1232ac003643ef5f0\"},\"headline\":\"Der digitale Imperativ ersetzt die digitale Transformation\",\"datePublished\":\"2023-02-27T13:03:33+00:00\",\"dateModified\":\"2024-11-18T10:42:38+00:00\",\"mainEntityOfPage\":{\"@id\":\"https:\\\/\\\/www.organisator.ch\\\/operational-excellence\\\/2023-02-27\\\/der-digitale-imperativ-ersetzt-die-digitale-transformation\\\/\"},\"wordCount\":821,\"publisher\":{\"@id\":\"https:\\\/\\\/www.organisator.ch\\\/#organization\"},\"image\":{\"@id\":\"https:\\\/\\\/www.organisator.ch\\\/operational-excellence\\\/2023-02-27\\\/der-digitale-imperativ-ersetzt-die-digitale-transformation\\\/#primaryimage\"},\"thumbnailUrl\":\"https:\\\/\\\/www.m-q.ch\\\/wp-content\\\/uploads\\\/2023\\\/02\\\/Der-digitale-Imperativ-ersetzt-die-digitale-Transformation_MQ.jpg\",\"articleSection\":[\"OPERATIONAL EXCELLENCE\"],\"inLanguage\":\"de\"},{\"@type\":\"WebPage\",\"@id\":\"https:\\\/\\\/www.organisator.ch\\\/operational-excellence\\\/2023-02-27\\\/der-digitale-imperativ-ersetzt-die-digitale-transformation\\\/\",\"url\":\"https:\\\/\\\/www.organisator.ch\\\/operational-excellence\\\/2023-02-27\\\/der-digitale-imperativ-ersetzt-die-digitale-transformation\\\/\",\"name\":\"Der digitale Imperativ ersetzt die digitale Transformation - Organisator\",\"isPartOf\":{\"@id\":\"https:\\\/\\\/www.organisator.ch\\\/#website\"},\"primaryImageOfPage\":{\"@id\":\"https:\\\/\\\/www.organisator.ch\\\/operational-excellence\\\/2023-02-27\\\/der-digitale-imperativ-ersetzt-die-digitale-transformation\\\/#primaryimage\"},\"image\":{\"@id\":\"https:\\\/\\\/www.organisator.ch\\\/operational-excellence\\\/2023-02-27\\\/der-digitale-imperativ-ersetzt-die-digitale-transformation\\\/#primaryimage\"},\"thumbnailUrl\":\"https:\\\/\\\/www.m-q.ch\\\/wp-content\\\/uploads\\\/2023\\\/02\\\/Der-digitale-Imperativ-ersetzt-die-digitale-Transformation_MQ.jpg\",\"datePublished\":\"2023-02-27T13:03:33+00:00\",\"dateModified\":\"2024-11-18T10:42:38+00:00\",\"description\":\"Digitaler Imperativ: Microsofts Satya Nadella fordert Unternehmen auf, \u00fcber digitale Transformation hinauszugehen. Jetzt handeln.\",\"breadcrumb\":{\"@id\":\"https:\\\/\\\/www.organisator.ch\\\/operational-excellence\\\/2023-02-27\\\/der-digitale-imperativ-ersetzt-die-digitale-transformation\\\/#breadcrumb\"},\"inLanguage\":\"de\",\"potentialAction\":[{\"@type\":\"ReadAction\",\"target\":[\"https:\\\/\\\/www.organisator.ch\\\/operational-excellence\\\/2023-02-27\\\/der-digitale-imperativ-ersetzt-die-digitale-transformation\\\/\"]}]},{\"@type\":\"ImageObject\",\"inLanguage\":\"de\",\"@id\":\"https:\\\/\\\/www.organisator.ch\\\/operational-excellence\\\/2023-02-27\\\/der-digitale-imperativ-ersetzt-die-digitale-transformation\\\/#primaryimage\",\"url\":\"https:\\\/\\\/www.m-q.ch\\\/wp-content\\\/uploads\\\/2023\\\/02\\\/Der-digitale-Imperativ-ersetzt-die-digitale-Transformation_MQ.jpg\",\"contentUrl\":\"https:\\\/\\\/www.m-q.ch\\\/wp-content\\\/uploads\\\/2023\\\/02\\\/Der-digitale-Imperativ-ersetzt-die-digitale-Transformation_MQ.jpg\"},{\"@type\":\"BreadcrumbList\",\"@id\":\"https:\\\/\\\/www.organisator.ch\\\/operational-excellence\\\/2023-02-27\\\/der-digitale-imperativ-ersetzt-die-digitale-transformation\\\/#breadcrumb\",\"itemListElement\":[{\"@type\":\"ListItem\",\"position\":1,\"name\":\"Home\",\"item\":\"https:\\\/\\\/www.organisator.ch\\\/\"},{\"@type\":\"ListItem\",\"position\":2,\"name\":\"Der digitale Imperativ ersetzt die digitale Transformation\"}]},{\"@type\":\"WebSite\",\"@id\":\"https:\\\/\\\/www.organisator.ch\\\/#website\",\"url\":\"https:\\\/\\\/www.organisator.ch\\\/\",\"name\":\"Organisator\",\"description\":\"Kompetent. Praxisnah. Der ORGANISATOR bereitet in 10 Ausgaben pro Jahr die wesentlichen Themen f\u00fcr F\u00fchrungskr\u00e4fte von KMU auf.\",\"publisher\":{\"@id\":\"https:\\\/\\\/www.organisator.ch\\\/#organization\"},\"potentialAction\":[{\"@type\":\"SearchAction\",\"target\":{\"@type\":\"EntryPoint\",\"urlTemplate\":\"https:\\\/\\\/www.organisator.ch\\\/?s={search_term_string}\"},\"query-input\":{\"@type\":\"PropertyValueSpecification\",\"valueRequired\":true,\"valueName\":\"search_term_string\"}}],\"inLanguage\":\"de\"},{\"@type\":\"Organization\",\"@id\":\"https:\\\/\\\/www.organisator.ch\\\/#organization\",\"name\":\"Organisator\",\"url\":\"https:\\\/\\\/www.organisator.ch\\\/\",\"logo\":{\"@type\":\"ImageObject\",\"inLanguage\":\"de\",\"@id\":\"https:\\\/\\\/www.organisator.ch\\\/#\\\/schema\\\/logo\\\/image\\\/\",\"url\":\"https:\\\/\\\/www.organisator.ch\\\/wp-content\\\/uploads\\\/2022\\\/01\\\/Logo_Organisator_Website.png\",\"contentUrl\":\"https:\\\/\\\/www.organisator.ch\\\/wp-content\\\/uploads\\\/2022\\\/01\\\/Logo_Organisator_Website.png\",\"width\":800,\"height\":77,\"caption\":\"Organisator\"},\"image\":{\"@id\":\"https:\\\/\\\/www.organisator.ch\\\/#\\\/schema\\\/logo\\\/image\\\/\"},\"sameAs\":[\"https:\\\/\\\/www.facebook.com\\\/OrganisatorFachmagazin\",\"https:\\\/\\\/www.linkedin.com\\\/showcase\\\/organisator-das-magazin-fr-kmu\",\"https:\\\/\\\/www.xing.com\\\/news\\\/pages\\\/organisator-ch-695\",\"https:\\\/\\\/www.youtube.com\\\/channel\\\/UCGP2Sq0iWaZwT3BdIAQFYpw\"]},{\"@type\":\"Person\",\"@id\":\"https:\\\/\\\/www.organisator.ch\\\/#\\\/schema\\\/person\\\/4e51799071cd2dd1232ac003643ef5f0\",\"name\":\"galledia\",\"image\":{\"@type\":\"ImageObject\",\"inLanguage\":\"de\",\"@id\":\"https:\\\/\\\/secure.gravatar.com\\\/avatar\\\/78a7f90c01fc2bfc875782a0d4922b37cde2cf184ce347b91316d23cd7f69a36?s=96&d=mm&r=g\",\"url\":\"https:\\\/\\\/secure.gravatar.com\\\/avatar\\\/78a7f90c01fc2bfc875782a0d4922b37cde2cf184ce347b91316d23cd7f69a36?s=96&d=mm&r=g\",\"contentUrl\":\"https:\\\/\\\/secure.gravatar.com\\\/avatar\\\/78a7f90c01fc2bfc875782a0d4922b37cde2cf184ce347b91316d23cd7f69a36?s=96&d=mm&r=g\",\"caption\":\"galledia\"},\"sameAs\":[\"https:\\\/\\\/x.com\\\/admin\"],\"url\":\"https:\\\/\\\/www.organisator.ch\\\/de\\\/author\\\/galledia\\\/\"}]}<\/script>\n<!-- \/ Yoast SEO plugin. -->","yoast_head_json":{"title":"Der digitale Imperativ ersetzt die digitale Transformation - Organisator","description":"Digitaler Imperativ: Microsofts Satya Nadella fordert Unternehmen auf, \u00fcber digitale Transformation hinauszugehen. Jetzt handeln.","robots":{"index":"index","follow":"follow","max-snippet":"max-snippet:-1","max-image-preview":"max-image-preview:large","max-video-preview":"max-video-preview:-1"},"canonical":"https:\/\/www.organisator.ch\/de\/operational-excellence\/2023-02-27\/der-digitale-imperativ-ersetzt-die-digitale-transformation\/","og_locale":"de_DE","og_type":"article","og_title":"Der digitale Imperativ ersetzt die digitale Transformation - Organisator","og_description":"Digitaler Imperativ: Microsofts Satya Nadella fordert Unternehmen auf, \u00fcber digitale Transformation hinauszugehen. Jetzt handeln.","og_url":"https:\/\/www.organisator.ch\/de\/operational-excellence\/2023-02-27\/der-digitale-imperativ-ersetzt-die-digitale-transformation\/","og_site_name":"Organisator","article_publisher":"https:\/\/www.facebook.com\/OrganisatorFachmagazin","article_published_time":"2023-02-27T13:03:33+00:00","article_modified_time":"2024-11-18T10:42:38+00:00","author":"galledia","twitter_card":"summary_large_image","twitter_creator":"@admin","schema":{"@context":"https:\/\/schema.org","@graph":[{"@type":"Article","@id":"https:\/\/www.organisator.ch\/operational-excellence\/2023-02-27\/der-digitale-imperativ-ersetzt-die-digitale-transformation\/#article","isPartOf":{"@id":"https:\/\/www.organisator.ch\/operational-excellence\/2023-02-27\/der-digitale-imperativ-ersetzt-die-digitale-transformation\/"},"author":{"name":"galledia","@id":"https:\/\/www.organisator.ch\/#\/schema\/person\/4e51799071cd2dd1232ac003643ef5f0"},"headline":"Der digitale Imperativ ersetzt die digitale Transformation","datePublished":"2023-02-27T13:03:33+00:00","dateModified":"2024-11-18T10:42:38+00:00","mainEntityOfPage":{"@id":"https:\/\/www.organisator.ch\/operational-excellence\/2023-02-27\/der-digitale-imperativ-ersetzt-die-digitale-transformation\/"},"wordCount":821,"publisher":{"@id":"https:\/\/www.organisator.ch\/#organization"},"image":{"@id":"https:\/\/www.organisator.ch\/operational-excellence\/2023-02-27\/der-digitale-imperativ-ersetzt-die-digitale-transformation\/#primaryimage"},"thumbnailUrl":"https:\/\/www.m-q.ch\/wp-content\/uploads\/2023\/02\/Der-digitale-Imperativ-ersetzt-die-digitale-Transformation_MQ.jpg","articleSection":["OPERATIONAL EXCELLENCE"],"inLanguage":"de"},{"@type":"WebPage","@id":"https:\/\/www.organisator.ch\/operational-excellence\/2023-02-27\/der-digitale-imperativ-ersetzt-die-digitale-transformation\/","url":"https:\/\/www.organisator.ch\/operational-excellence\/2023-02-27\/der-digitale-imperativ-ersetzt-die-digitale-transformation\/","name":"Der digitale Imperativ ersetzt die digitale Transformation - Organisator","isPartOf":{"@id":"https:\/\/www.organisator.ch\/#website"},"primaryImageOfPage":{"@id":"https:\/\/www.organisator.ch\/operational-excellence\/2023-02-27\/der-digitale-imperativ-ersetzt-die-digitale-transformation\/#primaryimage"},"image":{"@id":"https:\/\/www.organisator.ch\/operational-excellence\/2023-02-27\/der-digitale-imperativ-ersetzt-die-digitale-transformation\/#primaryimage"},"thumbnailUrl":"https:\/\/www.m-q.ch\/wp-content\/uploads\/2023\/02\/Der-digitale-Imperativ-ersetzt-die-digitale-Transformation_MQ.jpg","datePublished":"2023-02-27T13:03:33+00:00","dateModified":"2024-11-18T10:42:38+00:00","description":"Digitaler Imperativ: Microsofts Satya Nadella fordert Unternehmen auf, \u00fcber digitale Transformation hinauszugehen. Jetzt handeln.","breadcrumb":{"@id":"https:\/\/www.organisator.ch\/operational-excellence\/2023-02-27\/der-digitale-imperativ-ersetzt-die-digitale-transformation\/#breadcrumb"},"inLanguage":"de","potentialAction":[{"@type":"ReadAction","target":["https:\/\/www.organisator.ch\/operational-excellence\/2023-02-27\/der-digitale-imperativ-ersetzt-die-digitale-transformation\/"]}]},{"@type":"ImageObject","inLanguage":"de","@id":"https:\/\/www.organisator.ch\/operational-excellence\/2023-02-27\/der-digitale-imperativ-ersetzt-die-digitale-transformation\/#primaryimage","url":"https:\/\/www.m-q.ch\/wp-content\/uploads\/2023\/02\/Der-digitale-Imperativ-ersetzt-die-digitale-Transformation_MQ.jpg","contentUrl":"https:\/\/www.m-q.ch\/wp-content\/uploads\/2023\/02\/Der-digitale-Imperativ-ersetzt-die-digitale-Transformation_MQ.jpg"},{"@type":"BreadcrumbList","@id":"https:\/\/www.organisator.ch\/operational-excellence\/2023-02-27\/der-digitale-imperativ-ersetzt-die-digitale-transformation\/#breadcrumb","itemListElement":[{"@type":"ListItem","position":1,"name":"Home","item":"https:\/\/www.organisator.ch\/"},{"@type":"ListItem","position":2,"name":"Der digitale Imperativ ersetzt die digitale Transformation"}]},{"@type":"WebSite","@id":"https:\/\/www.organisator.ch\/#website","url":"https:\/\/www.organisator.ch\/","name":"Organisator","description":"Kompetent. Praxisnah. Der ORGANISATOR bereitet in 10 Ausgaben pro Jahr die wesentlichen Themen f\u00fcr F\u00fchrungskr\u00e4fte von KMU auf.","publisher":{"@id":"https:\/\/www.organisator.ch\/#organization"},"potentialAction":[{"@type":"SearchAction","target":{"@type":"EntryPoint","urlTemplate":"https:\/\/www.organisator.ch\/?s={search_term_string}"},"query-input":{"@type":"PropertyValueSpecification","valueRequired":true,"valueName":"search_term_string"}}],"inLanguage":"de"},{"@type":"Organization","@id":"https:\/\/www.organisator.ch\/#organization","name":"Organisator","url":"https:\/\/www.organisator.ch\/","logo":{"@type":"ImageObject","inLanguage":"de","@id":"https:\/\/www.organisator.ch\/#\/schema\/logo\/image\/","url":"https:\/\/www.organisator.ch\/wp-content\/uploads\/2022\/01\/Logo_Organisator_Website.png","contentUrl":"https:\/\/www.organisator.ch\/wp-content\/uploads\/2022\/01\/Logo_Organisator_Website.png","width":800,"height":77,"caption":"Organisator"},"image":{"@id":"https:\/\/www.organisator.ch\/#\/schema\/logo\/image\/"},"sameAs":["https:\/\/www.facebook.com\/OrganisatorFachmagazin","https:\/\/www.linkedin.com\/showcase\/organisator-das-magazin-fr-kmu","https:\/\/www.xing.com\/news\/pages\/organisator-ch-695","https:\/\/www.youtube.com\/channel\/UCGP2Sq0iWaZwT3BdIAQFYpw"]},{"@type":"Person","@id":"https:\/\/www.organisator.ch\/#\/schema\/person\/4e51799071cd2dd1232ac003643ef5f0","name":"galledia","image":{"@type":"ImageObject","inLanguage":"de","@id":"https:\/\/secure.gravatar.com\/avatar\/78a7f90c01fc2bfc875782a0d4922b37cde2cf184ce347b91316d23cd7f69a36?s=96&d=mm&r=g","url":"https:\/\/secure.gravatar.com\/avatar\/78a7f90c01fc2bfc875782a0d4922b37cde2cf184ce347b91316d23cd7f69a36?s=96&d=mm&r=g","contentUrl":"https:\/\/secure.gravatar.com\/avatar\/78a7f90c01fc2bfc875782a0d4922b37cde2cf184ce347b91316d23cd7f69a36?s=96&d=mm&r=g","caption":"galledia"},"sameAs":["https:\/\/x.com\/admin"],"url":"https:\/\/www.organisator.ch\/de\/author\/galledia\/"}]}},"_links":{"self":[{"href":"https:\/\/www.organisator.ch\/de\/wp-json\/wp\/v2\/posts\/19107","targetHints":{"allow":["GET"]}}],"collection":[{"href":"https:\/\/www.organisator.ch\/de\/wp-json\/wp\/v2\/posts"}],"about":[{"href":"https:\/\/www.organisator.ch\/de\/wp-json\/wp\/v2\/types\/post"}],"author":[{"embeddable":true,"href":"https:\/\/www.organisator.ch\/de\/wp-json\/wp\/v2\/users\/8"}],"replies":[{"embeddable":true,"href":"https:\/\/www.organisator.ch\/de\/wp-json\/wp\/v2\/comments?post=19107"}],"version-history":[{"count":3,"href":"https:\/\/www.organisator.ch\/de\/wp-json\/wp\/v2\/posts\/19107\/revisions"}],"predecessor-version":[{"id":33366,"href":"https:\/\/www.organisator.ch\/de\/wp-json\/wp\/v2\/posts\/19107\/revisions\/33366"}],"wp:attachment":[{"href":"https:\/\/www.organisator.ch\/de\/wp-json\/wp\/v2\/media?parent=19107"}],"wp:term":[{"taxonomy":"category","embeddable":true,"href":"https:\/\/www.organisator.ch\/de\/wp-json\/wp\/v2\/categories?post=19107"},{"taxonomy":"post_tag","embeddable":true,"href":"https:\/\/www.organisator.ch\/de\/wp-json\/wp\/v2\/tags?post=19107"}],"curies":[{"name":"wp","href":"https:\/\/api.w.org\/{rel}","templated":true}]}}