{"id":1915,"date":"2017-05-11T15:58:38","date_gmt":"2017-05-11T13:58:38","guid":{"rendered":"https:\/\/www.organisator.ch\/?p=1915"},"modified":"2017-05-11T15:58:38","modified_gmt":"2017-05-11T13:58:38","slug":"digital-economic-forum-in-zuerich-mit-echter-innovation","status":"publish","type":"post","link":"https:\/\/www.organisator.ch\/de\/management\/it\/2017-05-11\/digital-economic-forum-in-zuerich-mit-echter-innovation\/","title":{"rendered":"Digital Economic Forum in Z\u00fcrich mit echter Innovation"},"content":{"rendered":"<figure id=\"attachment_1917\" aria-describedby=\"caption-attachment-1917\" style=\"width: 640px\" class=\"wp-caption alignnone\"><img loading=\"lazy\" decoding=\"async\" class=\"size-full wp-image-1917\" src=\"https:\/\/www.organisator.ch\/wp-content\/uploads\/2017\/05\/Digital-Economic-Forum-in-Zuerich-mit-echter-Innovation_Organisator.jpg\" alt=\"\" width=\"640\" height=\"427\" srcset=\"https:\/\/www.organisator.ch\/wp-content\/uploads\/2017\/05\/Digital-Economic-Forum-in-Zuerich-mit-echter-Innovation_Organisator.jpg 640w, https:\/\/www.organisator.ch\/wp-content\/uploads\/2017\/05\/Digital-Economic-Forum-in-Zuerich-mit-echter-Innovation_Organisator-16x12.jpg 16w, https:\/\/www.organisator.ch\/wp-content\/uploads\/2017\/05\/Digital-Economic-Forum-in-Zuerich-mit-echter-Innovation_Organisator-262x175.jpg 262w, https:\/\/www.organisator.ch\/wp-content\/uploads\/2017\/05\/Digital-Economic-Forum-in-Zuerich-mit-echter-Innovation_Organisator-525x350.jpg 525w, https:\/\/www.organisator.ch\/wp-content\/uploads\/2017\/05\/Digital-Economic-Forum-in-Zuerich-mit-echter-Innovation_Organisator-300x200.jpg 300w\" sizes=\"auto, (max-width: 640px) 100vw, 640px\" \/><figcaption id=\"caption-attachment-1917\" class=\"wp-caption-text\">Anonym und maskiert: Der Hacker FIL am Digital Economic Forum. (Bild: PD \/ zVg)<\/figcaption><\/figure>\n<p>Ein Jungspund, ein Kommunikationspunk, ein Hacker und etliche andere Referenten aus Wirtschaft, Politik und Gesellschaft: Sie waren verantwortlich f\u00fcr einen spannenden Themenmix am diesj\u00e4hrigen Digital Economic Forum. Die massiven Auswirkungen der unaufhaltsamen Digitalisierung auf die Gesellschaft und die Cyber Security standen im Zentrum der mit ca. 250 G\u00e4sten ausverkauften Tagung. Philipp Riederle &#8211; eben der &#8222;Jungspund&#8220; und Digital Native &#8211; pr\u00e4sentierte die Anspr\u00fcche der Millennials an Job und Leben. Autor, Blogger und Strategieberater Sascha Lobo sagte u.a., dass nicht die Technologie unsere Welt ver\u00e4ndere, sondern die Art, wie wir damit umgehen. Und alle Illusionen einer sicheren Cyber-Welt zerst\u00f6rte der &#8222;Gentlemenhacker&#8220; FIL vom Team Red: Er machte deutlich, dass Privatpersonen, Organisationen und Unternehmen, die Ziel einer Hackerattacke werden, keine Chance haben sich zu wehren. Wichtig sei das pers\u00f6nliche Verhalten und das Bewusstsein, dass diese Unsicherheit permanent bestehe. Als VBS-Verantwortlicher f\u00fcr die Risikoanalyse in allen Belangen der Informations- und Cybersicherheit wusste Ferdinand Kobelt um die massive Relevanz, die enormen Chancen, aber auch die beispiellosen Risiken des nicht mehr aufzuhaltenden Internet of Things. Den Abschluss bildete der Wirtschaftsphilosoph Anders Indset mit der eindringlichen Forderung, dass die Philosophie von gestern mit der Wissenschaft und Technologie von morgen gepaart werden m\u00fcsse. In verschiedenen Businesstracks pr\u00e4sentierte das Digital Economic Forum ausserdem erfolgreiche Visionen, Konzepte und Ideen zur Bew\u00e4ltigung der digitalen Herausforderungen.<\/p>\n<p>F\u00fcr Aufsehen sorgte am Digital Economic Forum\u00a0aber die Ank\u00fcndigung der Realisierung des digitalen Kantons Glarus. <span style=\"font-size: medium;\">Innert lediglich 12 Wochen hat die Glarner Kantonalbank zusammen mit den kantonalen Technischen Betrieben und der HIAG Data AG die Basis f\u00fcr die \u201e<\/span><span style=\"font-size: medium;\">schnellste und g\u00fcnstigste Datenautobahn der Alpen&#8220; geschaffen, wie es heisst. Dieses Projekt\u00a0soll\u00a0eine\u00a0neue Basis f\u00fcr das Wirtschaften\u00a0in einer\u00a0peripheren Region bilden, damit der &#8222;digitale Graben&#8220; \u00fcberwunden werden kann. <\/span>\u201eDas Zusammenspiel der verschiedenen Stakeholder, um gute Rahmenbedingungen f\u00fcr Investitionen zu schaffen, ist offenbar im l\u00e4ndlichen Raum einfacher als in urbaner Anonymit\u00e4t&#8220;, erkl\u00e4rte Landolt an einem Medienroundtable und einer Paneldiskussion am DEF. Die Politik m\u00fcsse dabei weder regional noch national regulieren, sondern solche Projekte zulassen und Freude haben. F\u00fcr Glarus sei diese digitale Infrastruktur von eminenter Bedeutung, auch um Pendlerstr\u00f6me in beide Richtungen zu durchbrechen und um eine optimale Basis f\u00fcr das Wirtschaften zu realisieren. Hanspeter Tinner, COO der HIAG Data AG, machte deutlich, dass das Unternehmen als technischer Enabler grunds\u00e4tzlich daran interessiert ist, Industriebranchen digital zu erschliessen und den Unternehmen, die f\u00fcr die neue Arbeitswelt n\u00f6tige Infrastruktur zu bieten. Entsprechend gross sei das Interesse gewesen, in Zusammenarbeit mit der Glarner Kantonalbank als Initiantin ein innovatives, schnelles und vor allem sicheres Netz f\u00fcr die gesamte Region zu realisieren, erkl\u00e4rte Tinner. \u201eWir stellen mit 9,6 Terrabit die gr\u00f6sste Bandbreite f\u00fcr ein unabh\u00e4ngiges, schnelles und g\u00fcnstiges Glasfasernetz zur Verf\u00fcgung, an das gesch\u00e4ftskritische Applikationen und Daten angeschlossen werden k\u00f6nnen. Digitalisierung und Wirtschaft werde nun zusammengebracht, f\u00fchrte Ralf Luchsinger, CIO der Glarner Kantonalbank und Vizepr\u00e4sident der ebenfalls neu gegr\u00fcndeten Initiative N\u00fcGlarus, weiter aus. Diese Initiative soll mithelfen, dass \u00fcber die schnellste und g\u00fcnstigste Datenautobahn der Alpen neue Startup-Dienstleistungen und Co-Working M\u00f6glichkeiten in allen gr\u00f6sseren Orten realisiert werden. Zudem will sie gemeinsame Innovationsstrukturen und die Verwaltung bei der Einf\u00fchrung von E-Government unterst\u00fctzen. Der digitale Kanton biete jetzt einen riesigen Werkzeugkasten und N\u00fcGlarus habe die Aufgabe, dieses Potential zu vermitteln, erg\u00e4nzte Hanspeter Tinner.<\/p>\n<p><em>Weitere Informationen auf der <a href=\"http:\/\/www.digitaleconomicforum.ch\/default.shtml\">Website der Tagung<\/a><\/em><\/p>\n<p>&nbsp;<\/p>\n","protected":false},"excerpt":{"rendered":"<p>Ein Jungspund, ein Kommunikationspunk, ein Hacker und etliche andere Referenten aus Wirtschaft, Politik und Gesellschaft: Sie waren verantwortlich f\u00fcr einen spannenden Themenmix am diesj\u00e4hrigen Digital Economic Forum. Die massiven Auswirkungen der unaufhaltsamen Digitalisierung auf die Gesellschaft und die Cyber Security standen im Zentrum der mit ca. 250 G\u00e4sten ausverkauften Tagung. Philipp Riederle &#8211; eben der [&hellip;]<\/p>\n","protected":false},"author":4,"featured_media":1919,"comment_status":"open","ping_status":"open","sticky":false,"template":"","format":"standard","meta":{"_acf_changed":false,"_yoast_wpseo_focuskw":"Digital Economic Forum","_yoast_wpseo_metadesc":"Spannende Referenten - aber auch die Pr\u00e4sentation eines kantonalen Digitalisierungsprojekts: Das dritte Digital Economic Forum zog alle Register.","articlekey":"","footnotes":""},"categories":[27],"tags":[142,156,286,502],"class_list":["post-1915","post","type-post","status-publish","format-standard","has-post-thumbnail","hentry","category-it","tag-cyber-crime","tag-digitalisierung","tag-it","tag-veranstaltungen"],"acf":[],"yoast_head":"<!-- This site is optimized with the Yoast SEO plugin v27.5 - https:\/\/yoast.com\/product\/yoast-seo-wordpress\/ -->\n<title>Digital Economic Forum in Z\u00fcrich mit echter Innovation - Organisator<\/title>\n<meta name=\"description\" content=\"Spannende Referenten - aber auch die Pr\u00e4sentation eines kantonalen Digitalisierungsprojekts: Das dritte Digital Economic Forum zog alle Register.\" \/>\n<meta name=\"robots\" content=\"index, follow, max-snippet:-1, max-image-preview:large, max-video-preview:-1\" \/>\n<link rel=\"canonical\" href=\"https:\/\/www.organisator.ch\/de\/management\/it\/2017-05-11\/digital-economic-forum-in-zuerich-mit-echter-innovation\/\" \/>\n<meta property=\"og:locale\" content=\"de_DE\" \/>\n<meta property=\"og:type\" content=\"article\" \/>\n<meta property=\"og:title\" content=\"Digital Economic Forum in Z\u00fcrich mit echter Innovation\" \/>\n<meta property=\"og:description\" content=\"Spannende Referenten - aber auch die Pr\u00e4sentation eines kantonalen #Digitalisierungsprojekts: Das dritte Digital Economic Forum vom 9. und 10. Mai in Z\u00fcrich zog alle Register.\" \/>\n<meta property=\"og:url\" content=\"https:\/\/www.organisator.ch\/de\/management\/it\/2017-05-11\/digital-economic-forum-in-zuerich-mit-echter-innovation\/\" \/>\n<meta property=\"og:site_name\" content=\"Organisator\" \/>\n<meta property=\"article:publisher\" content=\"https:\/\/www.facebook.com\/OrganisatorFachmagazin\" \/>\n<meta property=\"article:published_time\" content=\"2017-05-11T13:58:38+00:00\" \/>\n<meta property=\"og:image\" content=\"https:\/\/www.organisator.ch\/wp-content\/uploads\/2017\/05\/Digital-Economic-Forum-in-Zuerich-mit-echter-Innovation_Organisator.jpg\" \/>\n\t<meta property=\"og:image:width\" content=\"640\" \/>\n\t<meta property=\"og:image:height\" content=\"427\" \/>\n\t<meta property=\"og:image:type\" content=\"image\/jpeg\" \/>\n<meta name=\"author\" content=\"thomas.berner\" \/>\n<meta name=\"twitter:card\" content=\"summary_large_image\" \/>\n<script type=\"application\/ld+json\" class=\"yoast-schema-graph\">{\"@context\":\"https:\\\/\\\/schema.org\",\"@graph\":[{\"@type\":\"Article\",\"@id\":\"https:\\\/\\\/www.organisator.ch\\\/management\\\/it\\\/2017-05-11\\\/digital-economic-forum-in-zuerich-mit-echter-innovation\\\/#article\",\"isPartOf\":{\"@id\":\"https:\\\/\\\/www.organisator.ch\\\/management\\\/it\\\/2017-05-11\\\/digital-economic-forum-in-zuerich-mit-echter-innovation\\\/\"},\"author\":{\"name\":\"thomas.berner\",\"@id\":\"https:\\\/\\\/www.organisator.ch\\\/#\\\/schema\\\/person\\\/6f650f90b2842cd4c0cc334b4e36f67e\"},\"headline\":\"Digital Economic Forum in Z\u00fcrich mit echter Innovation\",\"datePublished\":\"2017-05-11T13:58:38+00:00\",\"mainEntityOfPage\":{\"@id\":\"https:\\\/\\\/www.organisator.ch\\\/management\\\/it\\\/2017-05-11\\\/digital-economic-forum-in-zuerich-mit-echter-innovation\\\/\"},\"wordCount\":615,\"commentCount\":0,\"publisher\":{\"@id\":\"https:\\\/\\\/www.organisator.ch\\\/#organization\"},\"image\":{\"@id\":\"https:\\\/\\\/www.organisator.ch\\\/management\\\/it\\\/2017-05-11\\\/digital-economic-forum-in-zuerich-mit-echter-innovation\\\/#primaryimage\"},\"thumbnailUrl\":\"https:\\\/\\\/www.organisator.ch\\\/wp-content\\\/uploads\\\/2017\\\/05\\\/Digital-Economic-Forum-in-Zuerich-mit-echter-Innovation-2_Organisator.jpg\",\"keywords\":[\"Cyber-Crime\",\"Digitalisierung\",\"IT\",\"Veranstaltungen\"],\"articleSection\":[\"IT\"],\"inLanguage\":\"de\"},{\"@type\":\"WebPage\",\"@id\":\"https:\\\/\\\/www.organisator.ch\\\/management\\\/it\\\/2017-05-11\\\/digital-economic-forum-in-zuerich-mit-echter-innovation\\\/\",\"url\":\"https:\\\/\\\/www.organisator.ch\\\/management\\\/it\\\/2017-05-11\\\/digital-economic-forum-in-zuerich-mit-echter-innovation\\\/\",\"name\":\"Digital Economic Forum in Z\u00fcrich mit echter Innovation - Organisator\",\"isPartOf\":{\"@id\":\"https:\\\/\\\/www.organisator.ch\\\/#website\"},\"primaryImageOfPage\":{\"@id\":\"https:\\\/\\\/www.organisator.ch\\\/management\\\/it\\\/2017-05-11\\\/digital-economic-forum-in-zuerich-mit-echter-innovation\\\/#primaryimage\"},\"image\":{\"@id\":\"https:\\\/\\\/www.organisator.ch\\\/management\\\/it\\\/2017-05-11\\\/digital-economic-forum-in-zuerich-mit-echter-innovation\\\/#primaryimage\"},\"thumbnailUrl\":\"https:\\\/\\\/www.organisator.ch\\\/wp-content\\\/uploads\\\/2017\\\/05\\\/Digital-Economic-Forum-in-Zuerich-mit-echter-Innovation-2_Organisator.jpg\",\"datePublished\":\"2017-05-11T13:58:38+00:00\",\"description\":\"Spannende Referenten - aber auch die Pr\u00e4sentation eines kantonalen Digitalisierungsprojekts: Das dritte Digital Economic Forum zog alle Register.\",\"breadcrumb\":{\"@id\":\"https:\\\/\\\/www.organisator.ch\\\/management\\\/it\\\/2017-05-11\\\/digital-economic-forum-in-zuerich-mit-echter-innovation\\\/#breadcrumb\"},\"inLanguage\":\"de\",\"potentialAction\":[{\"@type\":\"ReadAction\",\"target\":[\"https:\\\/\\\/www.organisator.ch\\\/management\\\/it\\\/2017-05-11\\\/digital-economic-forum-in-zuerich-mit-echter-innovation\\\/\"]}]},{\"@type\":\"ImageObject\",\"inLanguage\":\"de\",\"@id\":\"https:\\\/\\\/www.organisator.ch\\\/management\\\/it\\\/2017-05-11\\\/digital-economic-forum-in-zuerich-mit-echter-innovation\\\/#primaryimage\",\"url\":\"https:\\\/\\\/www.organisator.ch\\\/wp-content\\\/uploads\\\/2017\\\/05\\\/Digital-Economic-Forum-in-Zuerich-mit-echter-Innovation-2_Organisator.jpg\",\"contentUrl\":\"https:\\\/\\\/www.organisator.ch\\\/wp-content\\\/uploads\\\/2017\\\/05\\\/Digital-Economic-Forum-in-Zuerich-mit-echter-Innovation-2_Organisator.jpg\",\"width\":640,\"height\":425,\"caption\":\"????????????????????????????????????\"},{\"@type\":\"BreadcrumbList\",\"@id\":\"https:\\\/\\\/www.organisator.ch\\\/management\\\/it\\\/2017-05-11\\\/digital-economic-forum-in-zuerich-mit-echter-innovation\\\/#breadcrumb\",\"itemListElement\":[{\"@type\":\"ListItem\",\"position\":1,\"name\":\"Home\",\"item\":\"https:\\\/\\\/www.organisator.ch\\\/\"},{\"@type\":\"ListItem\",\"position\":2,\"name\":\"Digital Economic Forum in Z\u00fcrich mit echter Innovation\"}]},{\"@type\":\"WebSite\",\"@id\":\"https:\\\/\\\/www.organisator.ch\\\/#website\",\"url\":\"https:\\\/\\\/www.organisator.ch\\\/\",\"name\":\"Organisator\",\"description\":\"Kompetent. Praxisnah. Der ORGANISATOR bereitet in 10 Ausgaben pro Jahr die wesentlichen Themen f\u00fcr F\u00fchrungskr\u00e4fte von KMU auf.\",\"publisher\":{\"@id\":\"https:\\\/\\\/www.organisator.ch\\\/#organization\"},\"potentialAction\":[{\"@type\":\"SearchAction\",\"target\":{\"@type\":\"EntryPoint\",\"urlTemplate\":\"https:\\\/\\\/www.organisator.ch\\\/?s={search_term_string}\"},\"query-input\":{\"@type\":\"PropertyValueSpecification\",\"valueRequired\":true,\"valueName\":\"search_term_string\"}}],\"inLanguage\":\"de\"},{\"@type\":\"Organization\",\"@id\":\"https:\\\/\\\/www.organisator.ch\\\/#organization\",\"name\":\"Organisator\",\"url\":\"https:\\\/\\\/www.organisator.ch\\\/\",\"logo\":{\"@type\":\"ImageObject\",\"inLanguage\":\"de\",\"@id\":\"https:\\\/\\\/www.organisator.ch\\\/#\\\/schema\\\/logo\\\/image\\\/\",\"url\":\"https:\\\/\\\/www.organisator.ch\\\/wp-content\\\/uploads\\\/2022\\\/01\\\/Logo_Organisator_Website.png\",\"contentUrl\":\"https:\\\/\\\/www.organisator.ch\\\/wp-content\\\/uploads\\\/2022\\\/01\\\/Logo_Organisator_Website.png\",\"width\":800,\"height\":77,\"caption\":\"Organisator\"},\"image\":{\"@id\":\"https:\\\/\\\/www.organisator.ch\\\/#\\\/schema\\\/logo\\\/image\\\/\"},\"sameAs\":[\"https:\\\/\\\/www.facebook.com\\\/OrganisatorFachmagazin\",\"https:\\\/\\\/www.linkedin.com\\\/showcase\\\/organisator-das-magazin-fr-kmu\",\"https:\\\/\\\/www.xing.com\\\/news\\\/pages\\\/organisator-ch-695\",\"https:\\\/\\\/www.youtube.com\\\/channel\\\/UCGP2Sq0iWaZwT3BdIAQFYpw\"]},{\"@type\":\"Person\",\"@id\":\"https:\\\/\\\/www.organisator.ch\\\/#\\\/schema\\\/person\\\/6f650f90b2842cd4c0cc334b4e36f67e\",\"name\":\"thomas.berner\",\"image\":{\"@type\":\"ImageObject\",\"inLanguage\":\"de\",\"@id\":\"https:\\\/\\\/secure.gravatar.com\\\/avatar\\\/ac5001d2a36cb6c6cd3e50789007ffca834b477b74a2144564522e944eabff61?s=96&d=mm&r=g\",\"url\":\"https:\\\/\\\/secure.gravatar.com\\\/avatar\\\/ac5001d2a36cb6c6cd3e50789007ffca834b477b74a2144564522e944eabff61?s=96&d=mm&r=g\",\"contentUrl\":\"https:\\\/\\\/secure.gravatar.com\\\/avatar\\\/ac5001d2a36cb6c6cd3e50789007ffca834b477b74a2144564522e944eabff61?s=96&d=mm&r=g\",\"caption\":\"thomas.berner\"},\"url\":\"https:\\\/\\\/www.organisator.ch\\\/de\\\/author\\\/thomas-berner\\\/\"}]}<\/script>\n<!-- \/ Yoast SEO plugin. -->","yoast_head_json":{"title":"Digital Economic Forum in Z\u00fcrich mit echter Innovation - Organisator","description":"Spannende Referenten - aber auch die Pr\u00e4sentation eines kantonalen Digitalisierungsprojekts: Das dritte Digital Economic Forum zog alle Register.","robots":{"index":"index","follow":"follow","max-snippet":"max-snippet:-1","max-image-preview":"max-image-preview:large","max-video-preview":"max-video-preview:-1"},"canonical":"https:\/\/www.organisator.ch\/de\/management\/it\/2017-05-11\/digital-economic-forum-in-zuerich-mit-echter-innovation\/","og_locale":"de_DE","og_type":"article","og_title":"Digital Economic Forum in Z\u00fcrich mit echter Innovation","og_description":"Spannende Referenten - aber auch die Pr\u00e4sentation eines kantonalen #Digitalisierungsprojekts: Das dritte Digital Economic Forum vom 9. und 10. Mai in Z\u00fcrich zog alle Register.","og_url":"https:\/\/www.organisator.ch\/de\/management\/it\/2017-05-11\/digital-economic-forum-in-zuerich-mit-echter-innovation\/","og_site_name":"Organisator","article_publisher":"https:\/\/www.facebook.com\/OrganisatorFachmagazin","article_published_time":"2017-05-11T13:58:38+00:00","og_image":[{"width":640,"height":427,"url":"https:\/\/www.organisator.ch\/wp-content\/uploads\/2017\/05\/Digital-Economic-Forum-in-Zuerich-mit-echter-Innovation_Organisator.jpg","type":"image\/jpeg"}],"author":"thomas.berner","twitter_card":"summary_large_image","schema":{"@context":"https:\/\/schema.org","@graph":[{"@type":"Article","@id":"https:\/\/www.organisator.ch\/management\/it\/2017-05-11\/digital-economic-forum-in-zuerich-mit-echter-innovation\/#article","isPartOf":{"@id":"https:\/\/www.organisator.ch\/management\/it\/2017-05-11\/digital-economic-forum-in-zuerich-mit-echter-innovation\/"},"author":{"name":"thomas.berner","@id":"https:\/\/www.organisator.ch\/#\/schema\/person\/6f650f90b2842cd4c0cc334b4e36f67e"},"headline":"Digital Economic Forum in Z\u00fcrich mit echter Innovation","datePublished":"2017-05-11T13:58:38+00:00","mainEntityOfPage":{"@id":"https:\/\/www.organisator.ch\/management\/it\/2017-05-11\/digital-economic-forum-in-zuerich-mit-echter-innovation\/"},"wordCount":615,"commentCount":0,"publisher":{"@id":"https:\/\/www.organisator.ch\/#organization"},"image":{"@id":"https:\/\/www.organisator.ch\/management\/it\/2017-05-11\/digital-economic-forum-in-zuerich-mit-echter-innovation\/#primaryimage"},"thumbnailUrl":"https:\/\/www.organisator.ch\/wp-content\/uploads\/2017\/05\/Digital-Economic-Forum-in-Zuerich-mit-echter-Innovation-2_Organisator.jpg","keywords":["Cyber-Crime","Digitalisierung","IT","Veranstaltungen"],"articleSection":["IT"],"inLanguage":"de"},{"@type":"WebPage","@id":"https:\/\/www.organisator.ch\/management\/it\/2017-05-11\/digital-economic-forum-in-zuerich-mit-echter-innovation\/","url":"https:\/\/www.organisator.ch\/management\/it\/2017-05-11\/digital-economic-forum-in-zuerich-mit-echter-innovation\/","name":"Digital Economic Forum in Z\u00fcrich mit echter Innovation - Organisator","isPartOf":{"@id":"https:\/\/www.organisator.ch\/#website"},"primaryImageOfPage":{"@id":"https:\/\/www.organisator.ch\/management\/it\/2017-05-11\/digital-economic-forum-in-zuerich-mit-echter-innovation\/#primaryimage"},"image":{"@id":"https:\/\/www.organisator.ch\/management\/it\/2017-05-11\/digital-economic-forum-in-zuerich-mit-echter-innovation\/#primaryimage"},"thumbnailUrl":"https:\/\/www.organisator.ch\/wp-content\/uploads\/2017\/05\/Digital-Economic-Forum-in-Zuerich-mit-echter-Innovation-2_Organisator.jpg","datePublished":"2017-05-11T13:58:38+00:00","description":"Spannende Referenten - aber auch die Pr\u00e4sentation eines kantonalen Digitalisierungsprojekts: Das dritte Digital Economic Forum zog alle Register.","breadcrumb":{"@id":"https:\/\/www.organisator.ch\/management\/it\/2017-05-11\/digital-economic-forum-in-zuerich-mit-echter-innovation\/#breadcrumb"},"inLanguage":"de","potentialAction":[{"@type":"ReadAction","target":["https:\/\/www.organisator.ch\/management\/it\/2017-05-11\/digital-economic-forum-in-zuerich-mit-echter-innovation\/"]}]},{"@type":"ImageObject","inLanguage":"de","@id":"https:\/\/www.organisator.ch\/management\/it\/2017-05-11\/digital-economic-forum-in-zuerich-mit-echter-innovation\/#primaryimage","url":"https:\/\/www.organisator.ch\/wp-content\/uploads\/2017\/05\/Digital-Economic-Forum-in-Zuerich-mit-echter-Innovation-2_Organisator.jpg","contentUrl":"https:\/\/www.organisator.ch\/wp-content\/uploads\/2017\/05\/Digital-Economic-Forum-in-Zuerich-mit-echter-Innovation-2_Organisator.jpg","width":640,"height":425,"caption":"????????????????????????????????????"},{"@type":"BreadcrumbList","@id":"https:\/\/www.organisator.ch\/management\/it\/2017-05-11\/digital-economic-forum-in-zuerich-mit-echter-innovation\/#breadcrumb","itemListElement":[{"@type":"ListItem","position":1,"name":"Home","item":"https:\/\/www.organisator.ch\/"},{"@type":"ListItem","position":2,"name":"Digital Economic Forum in Z\u00fcrich mit echter Innovation"}]},{"@type":"WebSite","@id":"https:\/\/www.organisator.ch\/#website","url":"https:\/\/www.organisator.ch\/","name":"Organisator","description":"Kompetent. Praxisnah. Der ORGANISATOR bereitet in 10 Ausgaben pro Jahr die wesentlichen Themen f\u00fcr F\u00fchrungskr\u00e4fte von KMU auf.","publisher":{"@id":"https:\/\/www.organisator.ch\/#organization"},"potentialAction":[{"@type":"SearchAction","target":{"@type":"EntryPoint","urlTemplate":"https:\/\/www.organisator.ch\/?s={search_term_string}"},"query-input":{"@type":"PropertyValueSpecification","valueRequired":true,"valueName":"search_term_string"}}],"inLanguage":"de"},{"@type":"Organization","@id":"https:\/\/www.organisator.ch\/#organization","name":"Organisator","url":"https:\/\/www.organisator.ch\/","logo":{"@type":"ImageObject","inLanguage":"de","@id":"https:\/\/www.organisator.ch\/#\/schema\/logo\/image\/","url":"https:\/\/www.organisator.ch\/wp-content\/uploads\/2022\/01\/Logo_Organisator_Website.png","contentUrl":"https:\/\/www.organisator.ch\/wp-content\/uploads\/2022\/01\/Logo_Organisator_Website.png","width":800,"height":77,"caption":"Organisator"},"image":{"@id":"https:\/\/www.organisator.ch\/#\/schema\/logo\/image\/"},"sameAs":["https:\/\/www.facebook.com\/OrganisatorFachmagazin","https:\/\/www.linkedin.com\/showcase\/organisator-das-magazin-fr-kmu","https:\/\/www.xing.com\/news\/pages\/organisator-ch-695","https:\/\/www.youtube.com\/channel\/UCGP2Sq0iWaZwT3BdIAQFYpw"]},{"@type":"Person","@id":"https:\/\/www.organisator.ch\/#\/schema\/person\/6f650f90b2842cd4c0cc334b4e36f67e","name":"thomas.berner","image":{"@type":"ImageObject","inLanguage":"de","@id":"https:\/\/secure.gravatar.com\/avatar\/ac5001d2a36cb6c6cd3e50789007ffca834b477b74a2144564522e944eabff61?s=96&d=mm&r=g","url":"https:\/\/secure.gravatar.com\/avatar\/ac5001d2a36cb6c6cd3e50789007ffca834b477b74a2144564522e944eabff61?s=96&d=mm&r=g","contentUrl":"https:\/\/secure.gravatar.com\/avatar\/ac5001d2a36cb6c6cd3e50789007ffca834b477b74a2144564522e944eabff61?s=96&d=mm&r=g","caption":"thomas.berner"},"url":"https:\/\/www.organisator.ch\/de\/author\/thomas-berner\/"}]}},"_links":{"self":[{"href":"https:\/\/www.organisator.ch\/de\/wp-json\/wp\/v2\/posts\/1915","targetHints":{"allow":["GET"]}}],"collection":[{"href":"https:\/\/www.organisator.ch\/de\/wp-json\/wp\/v2\/posts"}],"about":[{"href":"https:\/\/www.organisator.ch\/de\/wp-json\/wp\/v2\/types\/post"}],"author":[{"embeddable":true,"href":"https:\/\/www.organisator.ch\/de\/wp-json\/wp\/v2\/users\/4"}],"replies":[{"embeddable":true,"href":"https:\/\/www.organisator.ch\/de\/wp-json\/wp\/v2\/comments?post=1915"}],"version-history":[{"count":0,"href":"https:\/\/www.organisator.ch\/de\/wp-json\/wp\/v2\/posts\/1915\/revisions"}],"wp:featuredmedia":[{"embeddable":true,"href":"https:\/\/www.organisator.ch\/de\/wp-json\/wp\/v2\/media\/1919"}],"wp:attachment":[{"href":"https:\/\/www.organisator.ch\/de\/wp-json\/wp\/v2\/media?parent=1915"}],"wp:term":[{"taxonomy":"category","embeddable":true,"href":"https:\/\/www.organisator.ch\/de\/wp-json\/wp\/v2\/categories?post=1915"},{"taxonomy":"post_tag","embeddable":true,"href":"https:\/\/www.organisator.ch\/de\/wp-json\/wp\/v2\/tags?post=1915"}],"curies":[{"name":"wp","href":"https:\/\/api.w.org\/{rel}","templated":true}]}}