{"id":19158,"date":"2023-03-02T14:03:19","date_gmt":"2023-03-02T13:03:19","guid":{"rendered":"https:\/\/www.organisator.ch\/?p=19158"},"modified":"2023-03-02T14:03:19","modified_gmt":"2023-03-02T13:03:19","slug":"mit-it-talenten-aus-nordafrika-gegen-den-it-fachkraeftemangel","status":"publish","type":"post","link":"https:\/\/www.organisator.ch\/de\/human-resources\/2023-03-02\/mit-it-talenten-aus-nordafrika-gegen-den-it-fachkraeftemangel\/","title":{"rendered":"Mit IT-Talenten aus Nordafrika gegen den IT-Fachkr\u00e4ftemangel"},"content":{"rendered":"<figure id=\"attachment_19159\" aria-describedby=\"caption-attachment-19159\" style=\"width: 680px\" class=\"wp-caption alignnone\"><img loading=\"lazy\" decoding=\"async\" class=\"size-full wp-image-19159\" src=\"https:\/\/www.organisator.ch\/wp-content\/uploads\/2023\/03\/Mit-IT-Talenten-aus-Nordafrika-gegen-den-IT-Fachkraeftemangel_Organisator.jpg\" alt=\"\" width=\"680\" height=\"454\" srcset=\"https:\/\/www.organisator.ch\/wp-content\/uploads\/2023\/03\/Mit-IT-Talenten-aus-Nordafrika-gegen-den-IT-Fachkraeftemangel_Organisator.jpg 680w, https:\/\/www.organisator.ch\/wp-content\/uploads\/2023\/03\/Mit-IT-Talenten-aus-Nordafrika-gegen-den-IT-Fachkraeftemangel_Organisator-18x12.jpg 18w, https:\/\/www.organisator.ch\/wp-content\/uploads\/2023\/03\/Mit-IT-Talenten-aus-Nordafrika-gegen-den-IT-Fachkraeftemangel_Organisator-375x250.jpg 375w, https:\/\/www.organisator.ch\/wp-content\/uploads\/2023\/03\/Mit-IT-Talenten-aus-Nordafrika-gegen-den-IT-Fachkraeftemangel_Organisator-524x350.jpg 524w\" sizes=\"auto, (max-width: 680px) 100vw, 680px\" \/><figcaption id=\"caption-attachment-19159\" class=\"wp-caption-text\">Gemeinsam gegen den IT-Fachkr\u00e4ftemangel: Die Gr\u00fcnder von Remotecoders: Hussam Allaham (links) und Christian Hirsig. (Bild: zVg \/ Remotecoders)<\/figcaption><\/figure>\n<p>\u00abRemotecoders\u00bb ist die j\u00fcngste Initiative von Christian Hirsig, der 2016 mit seiner Frau Bettina bereits den gemeinn\u00fctzigen Verein \u00abPowercoders\u00bb in der Schweiz ins Leben rief \u2013 eine Coding Schule f\u00fcr Gefl\u00fcchtete und Migrant:innen, die IT-Talenten in der Schweiz zu einer soliden Ausbildung in IT-Programmierung und so zu einem Einstieg in die IT-Welt und einem Start in ein unabh\u00e4ngiges Leben verhilft. Gemeinsam mit Hussam Allaham, der selbst als syrischer Fl\u00fcchtling \u00fcber ein Fl\u00fcchtlingslager im Libanon in die Schweiz kam, gr\u00fcndete Christian Hirsig nun die \u00abRemotecoders\u00bb w\u00e4hrend der Corona-Pandemie aus. Die DEZA unterst\u00fctzt das Projekt in der \u00dcberzeugung, dass diese Art von Entwicklungshilfe vor Ort und bei von Arbeitslosigkeit betroffenen Jugendlichen in der MENA-Region zielf\u00fchrend ist.<\/p>\n<p>Als Pilotland wurde \u00c4gypten ausgew\u00e4hlt. Gemeinsam mit der EPFL bereitet Remotecoders die Talente remote auf ihr IT-Praktikum vor. Das Startteam in Kairo umfasst zwei F\u00fchrungskr\u00e4fte, elf Teamleiter:innen und 29 Interns. Von Frontend-Entwicklung, \u00fcber Java Enterprise bis hin zu Data Engineering gibt es f\u00fcr alles Spezialisten im Remotecoders-Team. Bereits wurden elf Unternehmen, wie etwa der WWF, der Onlineh\u00e4ndler BRACK.CH oder die Schweizer Digitalagentur viu mit dem Team in \u00c4gypten f\u00fcr ein Pilotprojekt zusammengebracht.<\/p>\n<p>Schweizer Unternehmen nutzen die IT-Dienstleistungen der Remotecoders und schlagen zwei Fliegen mit einer Klappe: Sie setzen dem <a href=\"https:\/\/www.organisator.ch\/de\/human-resources\/2023-02-15\/it-fachkraeftemangel-wer-programmieren-kann-ist-klar-im-vorteil\/\">IT-Fachkr\u00e4ftemangel<\/a> in der Schweiz eine kreative L\u00f6sung entgegen und sie geben Menschen in Nordafrika eine berufliche Perspektive. Marcel Rassinger, CIO von BRACK.CH kann dies best\u00e4tigen: \u00abF\u00fcr uns ist Remotecoders eine ausgezeichnete M\u00f6glichkeit, dem Fachkr\u00e4ftemangel entgegenzuwirken und talentierte Menschen bei ihrem Berufseinstieg in die IT zu unterst\u00fctzen.\u00bb Initiator Christian Hirsig erg\u00e4nzt: \u00abWir beziehen derzeit 480 m2 B\u00fcrofl\u00e4che in Kairo und sind hochmotiviert, unser Projekt zu einer Win-Win-Situation f\u00fcr die beteiligten Schweizer Partner wie f\u00fcr unsere Mitarbeitenden hier in \u00c4gypten werden zu lassen. Mit Powercoders haben wir schon einmal bewiesen, dass Menschen mit unterschiedlichsten Hintergrund erfolgreich den Weg in die IT finden k\u00f6nnen.\u00bb<\/p>\n<p><em>Quelle: <a href=\"http:\/\/www.remotecoders.org\">Remotecoders<\/a><\/em><\/p>\n","protected":false},"excerpt":{"rendered":"<p>\u00abRemotecoders\u00bb ist die j\u00fcngste Initiative von Christian Hirsig, der 2016 mit seiner Frau Bettina bereits den gemeinn\u00fctzigen Verein \u00abPowercoders\u00bb in der Schweiz ins Leben rief \u2013 eine Coding Schule f\u00fcr Gefl\u00fcchtete und Migrant:innen, die IT-Talenten in der Schweiz zu einer soliden Ausbildung in IT-Programmierung und so zu einem Einstieg in die IT-Welt und einem Start [&hellip;]<\/p>\n","protected":false},"author":4,"featured_media":19159,"comment_status":"closed","ping_status":"closed","sticky":false,"template":"","format":"standard","meta":{"_acf_changed":false,"_yoast_wpseo_focuskw":"IT-Fachkr\u00e4ftemangel","_yoast_wpseo_metadesc":"Der gemeinn\u00fctzige Verein \"remotecoders\" bietet IT-Nearshoring mit IT-Talenten aus Nordafrika und bek\u00e4mpft so den IT-Fachkr\u00e4ftemangel.","articlekey":"","footnotes":""},"categories":[579],"tags":[194,286,3649],"class_list":["post-19158","post","type-post","status-publish","format-standard","has-post-thumbnail","hentry","category-human-resources","tag-fachkraeftemangel","tag-it","tag-nearshoring"],"acf":[],"yoast_head":"<!-- This site is optimized with the Yoast SEO plugin v27.4 - https:\/\/yoast.com\/product\/yoast-seo-wordpress\/ -->\n<title>Mit IT-Talenten aus Nordafrika gegen den IT-Fachkr\u00e4ftemangel - Organisator<\/title>\n<meta name=\"description\" content=\"Der gemeinn\u00fctzige Verein &quot;remotecoders&quot; bietet IT-Nearshoring mit IT-Talenten aus Nordafrika und bek\u00e4mpft so den IT-Fachkr\u00e4ftemangel.\" \/>\n<meta name=\"robots\" content=\"index, follow, max-snippet:-1, max-image-preview:large, max-video-preview:-1\" \/>\n<link rel=\"canonical\" href=\"https:\/\/www.organisator.ch\/de\/human-resources\/2023-03-02\/mit-it-talenten-aus-nordafrika-gegen-den-it-fachkraeftemangel\/\" \/>\n<meta property=\"og:locale\" content=\"de_DE\" \/>\n<meta property=\"og:type\" content=\"article\" \/>\n<meta property=\"og:title\" content=\"Mit IT-Talenten aus Nordafrika gegen den IT-Fachkr\u00e4ftemangel\" \/>\n<meta property=\"og:description\" content=\"Der gemeinn\u00fctzige Verein &quot;remotecoders&quot; bietet IT-Nearshoring mit IT-Talenten aus Nordafrika und bek\u00e4mpft so den IT-Fachkr\u00e4ftemangel.\" \/>\n<meta property=\"og:url\" content=\"https:\/\/www.organisator.ch\/de\/human-resources\/2023-03-02\/mit-it-talenten-aus-nordafrika-gegen-den-it-fachkraeftemangel\/\" \/>\n<meta property=\"og:site_name\" content=\"Organisator\" \/>\n<meta property=\"article:publisher\" content=\"https:\/\/www.facebook.com\/OrganisatorFachmagazin\" \/>\n<meta property=\"article:published_time\" content=\"2023-03-02T13:03:19+00:00\" \/>\n<meta property=\"og:image\" content=\"https:\/\/www.organisator.ch\/wp-content\/uploads\/2023\/03\/Mit-IT-Talenten-aus-Nordafrika-gegen-den-IT-Fachkraeftemangel_Organisator.jpg\" \/>\n\t<meta property=\"og:image:width\" content=\"680\" \/>\n\t<meta property=\"og:image:height\" content=\"454\" \/>\n\t<meta property=\"og:image:type\" content=\"image\/jpeg\" \/>\n<meta name=\"author\" content=\"thomas.berner\" \/>\n<meta name=\"twitter:card\" content=\"summary_large_image\" \/>\n<meta name=\"twitter:title\" content=\"Mit #IT-Talenten aus #Nordafrika gegen den #IT-Fachkr\u00e4ftemangel\" \/>\n<meta name=\"twitter:description\" content=\"Der gemeinn\u00fctzige Verein &quot;#remotecoders&quot; bietet #IT-Nearshoring mit #IT-Talenten aus #Nordafrika und bek\u00e4mpft so den #IT-Fachkr\u00e4ftemangel.\" \/>\n<meta name=\"twitter:image\" content=\"https:\/\/www.organisator.ch\/wp-content\/uploads\/2023\/03\/Mit-IT-Talenten-aus-Nordafrika-gegen-den-IT-Fachkraeftemangel_Organisator.jpg\" \/>\n<script type=\"application\/ld+json\" class=\"yoast-schema-graph\">{\"@context\":\"https:\\\/\\\/schema.org\",\"@graph\":[{\"@type\":\"Article\",\"@id\":\"https:\\\/\\\/www.organisator.ch\\\/human-resources\\\/2023-03-02\\\/mit-it-talenten-aus-nordafrika-gegen-den-it-fachkraeftemangel\\\/#article\",\"isPartOf\":{\"@id\":\"https:\\\/\\\/www.organisator.ch\\\/human-resources\\\/2023-03-02\\\/mit-it-talenten-aus-nordafrika-gegen-den-it-fachkraeftemangel\\\/\"},\"author\":{\"name\":\"thomas.berner\",\"@id\":\"https:\\\/\\\/www.organisator.ch\\\/#\\\/schema\\\/person\\\/6f650f90b2842cd4c0cc334b4e36f67e\"},\"headline\":\"Mit IT-Talenten aus Nordafrika gegen den IT-Fachkr\u00e4ftemangel\",\"datePublished\":\"2023-03-02T13:03:19+00:00\",\"mainEntityOfPage\":{\"@id\":\"https:\\\/\\\/www.organisator.ch\\\/human-resources\\\/2023-03-02\\\/mit-it-talenten-aus-nordafrika-gegen-den-it-fachkraeftemangel\\\/\"},\"wordCount\":370,\"publisher\":{\"@id\":\"https:\\\/\\\/www.organisator.ch\\\/#organization\"},\"image\":{\"@id\":\"https:\\\/\\\/www.organisator.ch\\\/human-resources\\\/2023-03-02\\\/mit-it-talenten-aus-nordafrika-gegen-den-it-fachkraeftemangel\\\/#primaryimage\"},\"thumbnailUrl\":\"https:\\\/\\\/www.organisator.ch\\\/wp-content\\\/uploads\\\/2023\\\/03\\\/Mit-IT-Talenten-aus-Nordafrika-gegen-den-IT-Fachkraeftemangel_Organisator.jpg\",\"keywords\":[\"Fachkr\u00e4ftemangel\",\"IT\",\"Nearshoring\"],\"articleSection\":[\"HUMAN RESOURCES\"],\"inLanguage\":\"de\"},{\"@type\":\"WebPage\",\"@id\":\"https:\\\/\\\/www.organisator.ch\\\/human-resources\\\/2023-03-02\\\/mit-it-talenten-aus-nordafrika-gegen-den-it-fachkraeftemangel\\\/\",\"url\":\"https:\\\/\\\/www.organisator.ch\\\/human-resources\\\/2023-03-02\\\/mit-it-talenten-aus-nordafrika-gegen-den-it-fachkraeftemangel\\\/\",\"name\":\"Mit IT-Talenten aus Nordafrika gegen den IT-Fachkr\u00e4ftemangel - Organisator\",\"isPartOf\":{\"@id\":\"https:\\\/\\\/www.organisator.ch\\\/#website\"},\"primaryImageOfPage\":{\"@id\":\"https:\\\/\\\/www.organisator.ch\\\/human-resources\\\/2023-03-02\\\/mit-it-talenten-aus-nordafrika-gegen-den-it-fachkraeftemangel\\\/#primaryimage\"},\"image\":{\"@id\":\"https:\\\/\\\/www.organisator.ch\\\/human-resources\\\/2023-03-02\\\/mit-it-talenten-aus-nordafrika-gegen-den-it-fachkraeftemangel\\\/#primaryimage\"},\"thumbnailUrl\":\"https:\\\/\\\/www.organisator.ch\\\/wp-content\\\/uploads\\\/2023\\\/03\\\/Mit-IT-Talenten-aus-Nordafrika-gegen-den-IT-Fachkraeftemangel_Organisator.jpg\",\"datePublished\":\"2023-03-02T13:03:19+00:00\",\"description\":\"Der gemeinn\u00fctzige Verein \\\"remotecoders\\\" bietet IT-Nearshoring mit IT-Talenten aus Nordafrika und bek\u00e4mpft so den IT-Fachkr\u00e4ftemangel.\",\"breadcrumb\":{\"@id\":\"https:\\\/\\\/www.organisator.ch\\\/human-resources\\\/2023-03-02\\\/mit-it-talenten-aus-nordafrika-gegen-den-it-fachkraeftemangel\\\/#breadcrumb\"},\"inLanguage\":\"de\",\"potentialAction\":[{\"@type\":\"ReadAction\",\"target\":[\"https:\\\/\\\/www.organisator.ch\\\/human-resources\\\/2023-03-02\\\/mit-it-talenten-aus-nordafrika-gegen-den-it-fachkraeftemangel\\\/\"]}]},{\"@type\":\"ImageObject\",\"inLanguage\":\"de\",\"@id\":\"https:\\\/\\\/www.organisator.ch\\\/human-resources\\\/2023-03-02\\\/mit-it-talenten-aus-nordafrika-gegen-den-it-fachkraeftemangel\\\/#primaryimage\",\"url\":\"https:\\\/\\\/www.organisator.ch\\\/wp-content\\\/uploads\\\/2023\\\/03\\\/Mit-IT-Talenten-aus-Nordafrika-gegen-den-IT-Fachkraeftemangel_Organisator.jpg\",\"contentUrl\":\"https:\\\/\\\/www.organisator.ch\\\/wp-content\\\/uploads\\\/2023\\\/03\\\/Mit-IT-Talenten-aus-Nordafrika-gegen-den-IT-Fachkraeftemangel_Organisator.jpg\",\"width\":680,\"height\":454,\"caption\":\"Die Gr\u00fcnder von Remotecoders: Hussam Allaham (links) und Christian Hirsig. (Bild: zVg \\\/ Remotecoders)\"},{\"@type\":\"BreadcrumbList\",\"@id\":\"https:\\\/\\\/www.organisator.ch\\\/human-resources\\\/2023-03-02\\\/mit-it-talenten-aus-nordafrika-gegen-den-it-fachkraeftemangel\\\/#breadcrumb\",\"itemListElement\":[{\"@type\":\"ListItem\",\"position\":1,\"name\":\"Home\",\"item\":\"https:\\\/\\\/www.organisator.ch\\\/\"},{\"@type\":\"ListItem\",\"position\":2,\"name\":\"Mit IT-Talenten aus Nordafrika gegen den IT-Fachkr\u00e4ftemangel\"}]},{\"@type\":\"WebSite\",\"@id\":\"https:\\\/\\\/www.organisator.ch\\\/#website\",\"url\":\"https:\\\/\\\/www.organisator.ch\\\/\",\"name\":\"Organisator\",\"description\":\"Kompetent. Praxisnah. Der ORGANISATOR bereitet in 10 Ausgaben pro Jahr die wesentlichen Themen f\u00fcr F\u00fchrungskr\u00e4fte von KMU auf.\",\"publisher\":{\"@id\":\"https:\\\/\\\/www.organisator.ch\\\/#organization\"},\"potentialAction\":[{\"@type\":\"SearchAction\",\"target\":{\"@type\":\"EntryPoint\",\"urlTemplate\":\"https:\\\/\\\/www.organisator.ch\\\/?s={search_term_string}\"},\"query-input\":{\"@type\":\"PropertyValueSpecification\",\"valueRequired\":true,\"valueName\":\"search_term_string\"}}],\"inLanguage\":\"de\"},{\"@type\":\"Organization\",\"@id\":\"https:\\\/\\\/www.organisator.ch\\\/#organization\",\"name\":\"Organisator\",\"url\":\"https:\\\/\\\/www.organisator.ch\\\/\",\"logo\":{\"@type\":\"ImageObject\",\"inLanguage\":\"de\",\"@id\":\"https:\\\/\\\/www.organisator.ch\\\/#\\\/schema\\\/logo\\\/image\\\/\",\"url\":\"https:\\\/\\\/www.organisator.ch\\\/wp-content\\\/uploads\\\/2022\\\/01\\\/Logo_Organisator_Website.png\",\"contentUrl\":\"https:\\\/\\\/www.organisator.ch\\\/wp-content\\\/uploads\\\/2022\\\/01\\\/Logo_Organisator_Website.png\",\"width\":800,\"height\":77,\"caption\":\"Organisator\"},\"image\":{\"@id\":\"https:\\\/\\\/www.organisator.ch\\\/#\\\/schema\\\/logo\\\/image\\\/\"},\"sameAs\":[\"https:\\\/\\\/www.facebook.com\\\/OrganisatorFachmagazin\",\"https:\\\/\\\/www.linkedin.com\\\/showcase\\\/organisator-das-magazin-fr-kmu\",\"https:\\\/\\\/www.xing.com\\\/news\\\/pages\\\/organisator-ch-695\",\"https:\\\/\\\/www.youtube.com\\\/channel\\\/UCGP2Sq0iWaZwT3BdIAQFYpw\"]},{\"@type\":\"Person\",\"@id\":\"https:\\\/\\\/www.organisator.ch\\\/#\\\/schema\\\/person\\\/6f650f90b2842cd4c0cc334b4e36f67e\",\"name\":\"thomas.berner\",\"image\":{\"@type\":\"ImageObject\",\"inLanguage\":\"de\",\"@id\":\"https:\\\/\\\/secure.gravatar.com\\\/avatar\\\/ac5001d2a36cb6c6cd3e50789007ffca834b477b74a2144564522e944eabff61?s=96&d=mm&r=g\",\"url\":\"https:\\\/\\\/secure.gravatar.com\\\/avatar\\\/ac5001d2a36cb6c6cd3e50789007ffca834b477b74a2144564522e944eabff61?s=96&d=mm&r=g\",\"contentUrl\":\"https:\\\/\\\/secure.gravatar.com\\\/avatar\\\/ac5001d2a36cb6c6cd3e50789007ffca834b477b74a2144564522e944eabff61?s=96&d=mm&r=g\",\"caption\":\"thomas.berner\"},\"url\":\"https:\\\/\\\/www.organisator.ch\\\/de\\\/author\\\/thomas-berner\\\/\"}]}<\/script>\n<!-- \/ Yoast SEO plugin. -->","yoast_head_json":{"title":"Mit IT-Talenten aus Nordafrika gegen den IT-Fachkr\u00e4ftemangel - Organisator","description":"Der gemeinn\u00fctzige Verein \"remotecoders\" bietet IT-Nearshoring mit IT-Talenten aus Nordafrika und bek\u00e4mpft so den IT-Fachkr\u00e4ftemangel.","robots":{"index":"index","follow":"follow","max-snippet":"max-snippet:-1","max-image-preview":"max-image-preview:large","max-video-preview":"max-video-preview:-1"},"canonical":"https:\/\/www.organisator.ch\/de\/human-resources\/2023-03-02\/mit-it-talenten-aus-nordafrika-gegen-den-it-fachkraeftemangel\/","og_locale":"de_DE","og_type":"article","og_title":"Mit IT-Talenten aus Nordafrika gegen den IT-Fachkr\u00e4ftemangel","og_description":"Der gemeinn\u00fctzige Verein \"remotecoders\" bietet IT-Nearshoring mit IT-Talenten aus Nordafrika und bek\u00e4mpft so den IT-Fachkr\u00e4ftemangel.","og_url":"https:\/\/www.organisator.ch\/de\/human-resources\/2023-03-02\/mit-it-talenten-aus-nordafrika-gegen-den-it-fachkraeftemangel\/","og_site_name":"Organisator","article_publisher":"https:\/\/www.facebook.com\/OrganisatorFachmagazin","article_published_time":"2023-03-02T13:03:19+00:00","og_image":[{"width":680,"height":454,"url":"https:\/\/www.organisator.ch\/wp-content\/uploads\/2023\/03\/Mit-IT-Talenten-aus-Nordafrika-gegen-den-IT-Fachkraeftemangel_Organisator.jpg","type":"image\/jpeg"}],"author":"thomas.berner","twitter_card":"summary_large_image","twitter_title":"Mit #IT-Talenten aus #Nordafrika gegen den #IT-Fachkr\u00e4ftemangel","twitter_description":"Der gemeinn\u00fctzige Verein \"#remotecoders\" bietet #IT-Nearshoring mit #IT-Talenten aus #Nordafrika und bek\u00e4mpft so den #IT-Fachkr\u00e4ftemangel.","twitter_image":"https:\/\/www.organisator.ch\/wp-content\/uploads\/2023\/03\/Mit-IT-Talenten-aus-Nordafrika-gegen-den-IT-Fachkraeftemangel_Organisator.jpg","schema":{"@context":"https:\/\/schema.org","@graph":[{"@type":"Article","@id":"https:\/\/www.organisator.ch\/human-resources\/2023-03-02\/mit-it-talenten-aus-nordafrika-gegen-den-it-fachkraeftemangel\/#article","isPartOf":{"@id":"https:\/\/www.organisator.ch\/human-resources\/2023-03-02\/mit-it-talenten-aus-nordafrika-gegen-den-it-fachkraeftemangel\/"},"author":{"name":"thomas.berner","@id":"https:\/\/www.organisator.ch\/#\/schema\/person\/6f650f90b2842cd4c0cc334b4e36f67e"},"headline":"Mit IT-Talenten aus Nordafrika gegen den IT-Fachkr\u00e4ftemangel","datePublished":"2023-03-02T13:03:19+00:00","mainEntityOfPage":{"@id":"https:\/\/www.organisator.ch\/human-resources\/2023-03-02\/mit-it-talenten-aus-nordafrika-gegen-den-it-fachkraeftemangel\/"},"wordCount":370,"publisher":{"@id":"https:\/\/www.organisator.ch\/#organization"},"image":{"@id":"https:\/\/www.organisator.ch\/human-resources\/2023-03-02\/mit-it-talenten-aus-nordafrika-gegen-den-it-fachkraeftemangel\/#primaryimage"},"thumbnailUrl":"https:\/\/www.organisator.ch\/wp-content\/uploads\/2023\/03\/Mit-IT-Talenten-aus-Nordafrika-gegen-den-IT-Fachkraeftemangel_Organisator.jpg","keywords":["Fachkr\u00e4ftemangel","IT","Nearshoring"],"articleSection":["HUMAN RESOURCES"],"inLanguage":"de"},{"@type":"WebPage","@id":"https:\/\/www.organisator.ch\/human-resources\/2023-03-02\/mit-it-talenten-aus-nordafrika-gegen-den-it-fachkraeftemangel\/","url":"https:\/\/www.organisator.ch\/human-resources\/2023-03-02\/mit-it-talenten-aus-nordafrika-gegen-den-it-fachkraeftemangel\/","name":"Mit IT-Talenten aus Nordafrika gegen den IT-Fachkr\u00e4ftemangel - Organisator","isPartOf":{"@id":"https:\/\/www.organisator.ch\/#website"},"primaryImageOfPage":{"@id":"https:\/\/www.organisator.ch\/human-resources\/2023-03-02\/mit-it-talenten-aus-nordafrika-gegen-den-it-fachkraeftemangel\/#primaryimage"},"image":{"@id":"https:\/\/www.organisator.ch\/human-resources\/2023-03-02\/mit-it-talenten-aus-nordafrika-gegen-den-it-fachkraeftemangel\/#primaryimage"},"thumbnailUrl":"https:\/\/www.organisator.ch\/wp-content\/uploads\/2023\/03\/Mit-IT-Talenten-aus-Nordafrika-gegen-den-IT-Fachkraeftemangel_Organisator.jpg","datePublished":"2023-03-02T13:03:19+00:00","description":"Der gemeinn\u00fctzige Verein \"remotecoders\" bietet IT-Nearshoring mit IT-Talenten aus Nordafrika und bek\u00e4mpft so den IT-Fachkr\u00e4ftemangel.","breadcrumb":{"@id":"https:\/\/www.organisator.ch\/human-resources\/2023-03-02\/mit-it-talenten-aus-nordafrika-gegen-den-it-fachkraeftemangel\/#breadcrumb"},"inLanguage":"de","potentialAction":[{"@type":"ReadAction","target":["https:\/\/www.organisator.ch\/human-resources\/2023-03-02\/mit-it-talenten-aus-nordafrika-gegen-den-it-fachkraeftemangel\/"]}]},{"@type":"ImageObject","inLanguage":"de","@id":"https:\/\/www.organisator.ch\/human-resources\/2023-03-02\/mit-it-talenten-aus-nordafrika-gegen-den-it-fachkraeftemangel\/#primaryimage","url":"https:\/\/www.organisator.ch\/wp-content\/uploads\/2023\/03\/Mit-IT-Talenten-aus-Nordafrika-gegen-den-IT-Fachkraeftemangel_Organisator.jpg","contentUrl":"https:\/\/www.organisator.ch\/wp-content\/uploads\/2023\/03\/Mit-IT-Talenten-aus-Nordafrika-gegen-den-IT-Fachkraeftemangel_Organisator.jpg","width":680,"height":454,"caption":"Die Gr\u00fcnder von Remotecoders: Hussam Allaham (links) und Christian Hirsig. (Bild: zVg \/ Remotecoders)"},{"@type":"BreadcrumbList","@id":"https:\/\/www.organisator.ch\/human-resources\/2023-03-02\/mit-it-talenten-aus-nordafrika-gegen-den-it-fachkraeftemangel\/#breadcrumb","itemListElement":[{"@type":"ListItem","position":1,"name":"Home","item":"https:\/\/www.organisator.ch\/"},{"@type":"ListItem","position":2,"name":"Mit IT-Talenten aus Nordafrika gegen den IT-Fachkr\u00e4ftemangel"}]},{"@type":"WebSite","@id":"https:\/\/www.organisator.ch\/#website","url":"https:\/\/www.organisator.ch\/","name":"Organisator","description":"Kompetent. Praxisnah. Der ORGANISATOR bereitet in 10 Ausgaben pro Jahr die wesentlichen Themen f\u00fcr F\u00fchrungskr\u00e4fte von KMU auf.","publisher":{"@id":"https:\/\/www.organisator.ch\/#organization"},"potentialAction":[{"@type":"SearchAction","target":{"@type":"EntryPoint","urlTemplate":"https:\/\/www.organisator.ch\/?s={search_term_string}"},"query-input":{"@type":"PropertyValueSpecification","valueRequired":true,"valueName":"search_term_string"}}],"inLanguage":"de"},{"@type":"Organization","@id":"https:\/\/www.organisator.ch\/#organization","name":"Organisator","url":"https:\/\/www.organisator.ch\/","logo":{"@type":"ImageObject","inLanguage":"de","@id":"https:\/\/www.organisator.ch\/#\/schema\/logo\/image\/","url":"https:\/\/www.organisator.ch\/wp-content\/uploads\/2022\/01\/Logo_Organisator_Website.png","contentUrl":"https:\/\/www.organisator.ch\/wp-content\/uploads\/2022\/01\/Logo_Organisator_Website.png","width":800,"height":77,"caption":"Organisator"},"image":{"@id":"https:\/\/www.organisator.ch\/#\/schema\/logo\/image\/"},"sameAs":["https:\/\/www.facebook.com\/OrganisatorFachmagazin","https:\/\/www.linkedin.com\/showcase\/organisator-das-magazin-fr-kmu","https:\/\/www.xing.com\/news\/pages\/organisator-ch-695","https:\/\/www.youtube.com\/channel\/UCGP2Sq0iWaZwT3BdIAQFYpw"]},{"@type":"Person","@id":"https:\/\/www.organisator.ch\/#\/schema\/person\/6f650f90b2842cd4c0cc334b4e36f67e","name":"thomas.berner","image":{"@type":"ImageObject","inLanguage":"de","@id":"https:\/\/secure.gravatar.com\/avatar\/ac5001d2a36cb6c6cd3e50789007ffca834b477b74a2144564522e944eabff61?s=96&d=mm&r=g","url":"https:\/\/secure.gravatar.com\/avatar\/ac5001d2a36cb6c6cd3e50789007ffca834b477b74a2144564522e944eabff61?s=96&d=mm&r=g","contentUrl":"https:\/\/secure.gravatar.com\/avatar\/ac5001d2a36cb6c6cd3e50789007ffca834b477b74a2144564522e944eabff61?s=96&d=mm&r=g","caption":"thomas.berner"},"url":"https:\/\/www.organisator.ch\/de\/author\/thomas-berner\/"}]}},"_links":{"self":[{"href":"https:\/\/www.organisator.ch\/de\/wp-json\/wp\/v2\/posts\/19158","targetHints":{"allow":["GET"]}}],"collection":[{"href":"https:\/\/www.organisator.ch\/de\/wp-json\/wp\/v2\/posts"}],"about":[{"href":"https:\/\/www.organisator.ch\/de\/wp-json\/wp\/v2\/types\/post"}],"author":[{"embeddable":true,"href":"https:\/\/www.organisator.ch\/de\/wp-json\/wp\/v2\/users\/4"}],"replies":[{"embeddable":true,"href":"https:\/\/www.organisator.ch\/de\/wp-json\/wp\/v2\/comments?post=19158"}],"version-history":[{"count":1,"href":"https:\/\/www.organisator.ch\/de\/wp-json\/wp\/v2\/posts\/19158\/revisions"}],"predecessor-version":[{"id":19160,"href":"https:\/\/www.organisator.ch\/de\/wp-json\/wp\/v2\/posts\/19158\/revisions\/19160"}],"wp:featuredmedia":[{"embeddable":true,"href":"https:\/\/www.organisator.ch\/de\/wp-json\/wp\/v2\/media\/19159"}],"wp:attachment":[{"href":"https:\/\/www.organisator.ch\/de\/wp-json\/wp\/v2\/media?parent=19158"}],"wp:term":[{"taxonomy":"category","embeddable":true,"href":"https:\/\/www.organisator.ch\/de\/wp-json\/wp\/v2\/categories?post=19158"},{"taxonomy":"post_tag","embeddable":true,"href":"https:\/\/www.organisator.ch\/de\/wp-json\/wp\/v2\/tags?post=19158"}],"curies":[{"name":"wp","href":"https:\/\/api.w.org\/{rel}","templated":true}]}}